{"id":6034,"date":"2025-04-27T09:20:58","date_gmt":"2025-04-27T06:20:58","guid":{"rendered":"https:\/\/memurunsesi.net\/?p=6034"},"modified":"2025-04-27T09:20:58","modified_gmt":"2025-04-27T06:20:58","slug":"kumlucada-yoruk-gocu-renkli-goruntulere-sahne-oldu","status":"publish","type":"post","link":"https:\/\/memurunsesi.net\/index.php\/2025\/04\/27\/kumlucada-yoruk-gocu-renkli-goruntulere-sahne-oldu\/","title":{"rendered":"Kumluca&#8217;da &#8220;Y\u00f6r\u00fck G\u00f6\u00e7\u00fc&#8221; renkli g\u00f6r\u00fcnt\u00fclere sahne oldu"},"content":{"rendered":"<p>  &#8211; Y\u00f6r\u00fck G\u00f6\u00e7\u00fc kortejinde 41 mahalle kendine has ya\u015fam bi\u00e7imlerini canland\u0131rd\u0131   <\/p>\n<p>26. Tar\u0131m ve Serac\u0131l\u0131k Festivali e\u011flenceli ve renkli g\u00f6r\u00fcnt\u00fclere sahne olan &#8220;Y\u00f6r\u00fck G\u00f6\u00e7\u00fc&#8221; etkinli\u011fi ile ba\u015flad\u0131.<br \/>\nAntalya&#8217;n\u0131n Kumluca il\u00e7esinde d\u00fczenlenen 26. Geleneksel Tar\u0131m ve Serac\u0131l\u0131k Festivali, Y\u00f6r\u00fck G\u00f6\u00e7\u00fc korteji ile ba\u015flad\u0131. Kumluca H\u00fckumet Kona\u011f\u0131 \u00f6n\u00fcnden hareket eden kortej, geleneksel Y\u00f6r\u00fck k\u0131yafetleri giymi\u015f kat\u0131l\u0131mc\u0131lar, atlar, develer ve y\u00f6resel m\u00fczikler e\u015fli\u011finde renkli g\u00f6r\u00fcnt\u00fcler olu\u015fturdu.<br \/>\n  Y\u00f6r\u00fck G\u00f6\u00e7\u00fc kortejinde 41 mahalle kendine has ya\u015fam bi\u00e7imlerini canland\u0131rd\u0131. Y\u00f6resel k\u0131yafet giyen mahalle sakinleri m\u00fczik e\u015fli\u011finde oyunlar oynad\u0131. Vatanda\u015flar, kortej g\u00fczergah\u0131 boyunca mahallelilerin e\u011flencelerini ve eski ya\u015fam malzemeleri ile tar\u0131m malzemelerini kald\u0131r\u0131mlardan izledi. Kortejde, o\u011flak, at yavrusu gibi hayvanlar izleyicilerin ilgi oda\u011f\u0131 oldu.  Yine kortejdeki k\u00fc\u00e7\u00fck \u00e7ocuklar da izleyenlerin ilgisini \u00e7ekti.<br \/>\n  Korteji izleyen vatanda\u015flar, \u00e7ok korteji g\u00fczel bulduklar\u0131n\u0131 her y\u0131l d\u00fczenlenmeye devam edilmesini istedi. Festival boyunca, Kumluca&#8217;n\u0131n \u00e7e\u015fitli noktalar\u0131nda d\u00fczenlenecek etkinliklerle Y\u00f6r\u00fck k\u00fclt\u00fcr\u00fc tan\u0131t\u0131lacak ve ya\u015fat\u0131lacak. Festival, 4 May\u0131s&#8217;a kadar konserler, halk oyunlar\u0131 \u015fenli\u011fi, ac\u0131 biber yeme yar\u0131\u015fmas\u0131 gibi \u00e7e\u015fitli etkinliklerle devam edecek. <\/p>\n<p>26.04.2025                         <\/p>\n","protected":false},"excerpt":{"rendered":"<p>&#8211; Y\u00f6r\u00fck G\u00f6\u00e7\u00fc kortejinde 41 mahalle kendine has ya\u015fam bi\u00e7imlerini canland\u0131rd\u0131 26. Tar\u0131m ve Serac\u0131l\u0131k Festivali e\u011flenceli ve renkli g\u00f6r\u00fcnt\u00fclere sahne olan &#8220;Y\u00f6r\u00fck G\u00f6\u00e7\u00fc&#8221; etkinli\u011fi ile ba\u015flad\u0131. Antalya&#8217;n\u0131n Kumluca il\u00e7esinde d\u00fczenlenen 26. Geleneksel Tar\u0131m ve Serac\u0131l\u0131k Festivali, Y\u00f6r\u00fck G\u00f6\u00e7\u00fc korteji ile ba\u015flad\u0131. Kumluca H\u00fckumet Kona\u011f\u0131 \u00f6n\u00fcnden hareket eden kortej, geleneksel Y\u00f6r\u00fck k\u0131yafetleri giymi\u015f kat\u0131l\u0131mc\u0131lar, atlar, [&hellip;]<\/p>\n","protected":false},"author":1,"featured_media":6035,"comment_status":"open","ping_status":"open","sticky":false,"template":"","format":"standard","meta":{"footnotes":""},"categories":[1],"tags":[],"class_list":["post-6034","post","type-post","status-publish","format-standard","has-post-thumbnail","hentry","category-genel"],"yoast_head":"<!-- This site is optimized with the Yoast SEO plugin v27.4 - https:\/\/yoast.com\/product\/yoast-seo-wordpress\/ -->\n<title>Kumluca&#039;da &quot;Y\u00f6r\u00fck G\u00f6\u00e7\u00fc&quot; renkli g\u00f6r\u00fcnt\u00fclere sahne oldu - Memurun Sesi<\/title>\n<meta name=\"robots\" content=\"index, follow, max-snippet:-1, max-image-preview:large, max-video-preview:-1\" \/>\n<link rel=\"canonical\" href=\"https:\/\/memurunsesi.net\/index.php\/2025\/04\/27\/kumlucada-yoruk-gocu-renkli-goruntulere-sahne-oldu\/\" \/>\n<meta property=\"og:locale\" content=\"tr_TR\" \/>\n<meta property=\"og:type\" content=\"article\" \/>\n<meta property=\"og:title\" content=\"Kumluca&#039;da &quot;Y\u00f6r\u00fck G\u00f6\u00e7\u00fc&quot; renkli g\u00f6r\u00fcnt\u00fclere sahne oldu - Memurun Sesi\" \/>\n<meta property=\"og:description\" content=\"&#8211; Y\u00f6r\u00fck G\u00f6\u00e7\u00fc kortejinde 41 mahalle kendine has ya\u015fam bi\u00e7imlerini canland\u0131rd\u0131 26. Tar\u0131m ve Serac\u0131l\u0131k Festivali e\u011flenceli ve renkli g\u00f6r\u00fcnt\u00fclere sahne olan &#8220;Y\u00f6r\u00fck G\u00f6\u00e7\u00fc&#8221; etkinli\u011fi ile ba\u015flad\u0131. Antalya&#8217;n\u0131n Kumluca il\u00e7esinde d\u00fczenlenen 26. Geleneksel Tar\u0131m ve Serac\u0131l\u0131k Festivali, Y\u00f6r\u00fck G\u00f6\u00e7\u00fc korteji ile ba\u015flad\u0131. Kumluca H\u00fckumet Kona\u011f\u0131 \u00f6n\u00fcnden hareket eden kortej, geleneksel Y\u00f6r\u00fck k\u0131yafetleri giymi\u015f kat\u0131l\u0131mc\u0131lar, atlar, [&hellip;]\" \/>\n<meta property=\"og:url\" content=\"https:\/\/memurunsesi.net\/index.php\/2025\/04\/27\/kumlucada-yoruk-gocu-renkli-goruntulere-sahne-oldu\/\" \/>\n<meta property=\"og:site_name\" content=\"Memurun Sesi\" \/>\n<meta property=\"article:publisher\" content=\"https:\/\/www.facebook.com\/unipersen\/?locale=tr_TR\" \/>\n<meta property=\"article:published_time\" content=\"2025-04-27T06:20:58+00:00\" \/>\n<meta property=\"og:image\" content=\"https:\/\/memurunsesi.net\/wp-content\/uploads\/2025\/04\/AW441759_02.jpg\" \/>\n\t<meta property=\"og:image:width\" content=\"1600\" \/>\n\t<meta property=\"og:image:height\" content=\"1200\" \/>\n\t<meta property=\"og:image:type\" content=\"image\/jpeg\" \/>\n<meta name=\"author\" content=\"Memurun Sesi Haber Merkezi\" \/>\n<meta name=\"twitter:card\" content=\"summary_large_image\" \/>\n<meta name=\"twitter:creator\" content=\"@unipersen\" \/>\n<meta name=\"twitter:site\" content=\"@unipersen\" \/>\n<meta name=\"twitter:label1\" content=\"Yazan:\" \/>\n\t<meta name=\"twitter:data1\" content=\"Memurun Sesi Haber Merkezi\" \/>\n\t<meta name=\"twitter:label2\" content=\"Tahmini okuma s\u00fcresi\" \/>\n\t<meta name=\"twitter:data2\" content=\"1 dakika\" \/>\n<script type=\"application\/ld+json\" class=\"yoast-schema-graph\">{\"@context\":\"https:\\\/\\\/schema.org\",\"@graph\":[{\"@type\":\"Article\",\"@id\":\"https:\\\/\\\/memurunsesi.net\\\/index.php\\\/2025\\\/04\\\/27\\\/kumlucada-yoruk-gocu-renkli-goruntulere-sahne-oldu\\\/#article\",\"isPartOf\":{\"@id\":\"https:\\\/\\\/memurunsesi.net\\\/index.php\\\/2025\\\/04\\\/27\\\/kumlucada-yoruk-gocu-renkli-goruntulere-sahne-oldu\\\/\"},\"author\":{\"name\":\"Memurun Sesi Haber Merkezi\",\"@id\":\"https:\\\/\\\/memurunsesi.net\\\/#\\\/schema\\\/person\\\/f21c2d73b89f6ee1d80b0a1803e38587\"},\"headline\":\"Kumluca&#8217;da &#8220;Y\u00f6r\u00fck G\u00f6\u00e7\u00fc&#8221; renkli g\u00f6r\u00fcnt\u00fclere sahne oldu\",\"datePublished\":\"2025-04-27T06:20:58+00:00\",\"mainEntityOfPage\":{\"@id\":\"https:\\\/\\\/memurunsesi.net\\\/index.php\\\/2025\\\/04\\\/27\\\/kumlucada-yoruk-gocu-renkli-goruntulere-sahne-oldu\\\/\"},\"wordCount\":249,\"commentCount\":0,\"publisher\":{\"@id\":\"https:\\\/\\\/memurunsesi.net\\\/#organization\"},\"image\":{\"@id\":\"https:\\\/\\\/memurunsesi.net\\\/index.php\\\/2025\\\/04\\\/27\\\/kumlucada-yoruk-gocu-renkli-goruntulere-sahne-oldu\\\/#primaryimage\"},\"thumbnailUrl\":\"https:\\\/\\\/memurunsesi.net\\\/wp-content\\\/uploads\\\/2025\\\/04\\\/AW441759_02.jpg\",\"inLanguage\":\"tr\",\"potentialAction\":[{\"@type\":\"CommentAction\",\"name\":\"Comment\",\"target\":[\"https:\\\/\\\/memurunsesi.net\\\/index.php\\\/2025\\\/04\\\/27\\\/kumlucada-yoruk-gocu-renkli-goruntulere-sahne-oldu\\\/#respond\"]}]},{\"@type\":\"WebPage\",\"@id\":\"https:\\\/\\\/memurunsesi.net\\\/index.php\\\/2025\\\/04\\\/27\\\/kumlucada-yoruk-gocu-renkli-goruntulere-sahne-oldu\\\/\",\"url\":\"https:\\\/\\\/memurunsesi.net\\\/index.php\\\/2025\\\/04\\\/27\\\/kumlucada-yoruk-gocu-renkli-goruntulere-sahne-oldu\\\/\",\"name\":\"Kumluca'da \\\"Y\u00f6r\u00fck G\u00f6\u00e7\u00fc\\\" renkli g\u00f6r\u00fcnt\u00fclere sahne oldu - Memurun Sesi\",\"isPartOf\":{\"@id\":\"https:\\\/\\\/memurunsesi.net\\\/#website\"},\"primaryImageOfPage\":{\"@id\":\"https:\\\/\\\/memurunsesi.net\\\/index.php\\\/2025\\\/04\\\/27\\\/kumlucada-yoruk-gocu-renkli-goruntulere-sahne-oldu\\\/#primaryimage\"},\"image\":{\"@id\":\"https:\\\/\\\/memurunsesi.net\\\/index.php\\\/2025\\\/04\\\/27\\\/kumlucada-yoruk-gocu-renkli-goruntulere-sahne-oldu\\\/#primaryimage\"},\"thumbnailUrl\":\"https:\\\/\\\/memurunsesi.net\\\/wp-content\\\/uploads\\\/2025\\\/04\\\/AW441759_02.jpg\",\"datePublished\":\"2025-04-27T06:20:58+00:00\",\"breadcrumb\":{\"@id\":\"https:\\\/\\\/memurunsesi.net\\\/index.php\\\/2025\\\/04\\\/27\\\/kumlucada-yoruk-gocu-renkli-goruntulere-sahne-oldu\\\/#breadcrumb\"},\"inLanguage\":\"tr\",\"potentialAction\":[{\"@type\":\"ReadAction\",\"target\":[\"https:\\\/\\\/memurunsesi.net\\\/index.php\\\/2025\\\/04\\\/27\\\/kumlucada-yoruk-gocu-renkli-goruntulere-sahne-oldu\\\/\"]}]},{\"@type\":\"ImageObject\",\"inLanguage\":\"tr\",\"@id\":\"https:\\\/\\\/memurunsesi.net\\\/index.php\\\/2025\\\/04\\\/27\\\/kumlucada-yoruk-gocu-renkli-goruntulere-sahne-oldu\\\/#primaryimage\",\"url\":\"https:\\\/\\\/memurunsesi.net\\\/wp-content\\\/uploads\\\/2025\\\/04\\\/AW441759_02.jpg\",\"contentUrl\":\"https:\\\/\\\/memurunsesi.net\\\/wp-content\\\/uploads\\\/2025\\\/04\\\/AW441759_02.jpg\",\"width\":1600,\"height\":1200,\"caption\":\"26. TARIM VE SERACILIK FEST\u0130VAL\u0130 E\u011eLENCEL\u0130 VE RENKL\u0130 G\u00d6R\u00dcNT\u00dcLERE SAHNE OLAN Y\u00d6R\u00dcK G\u00d6\u00c7\u00dc ETK\u0130NL\u0130\u011e\u0130 \u0130LE BA\u015eLADI. (RAMAZAN SARIKAYALI\\\/ANTALYA-\u0130HA) 26. Tar\u0131m ve Serac\u0131l\u0131k Festivali e\u011flenceli ve renkli g\u00f6r\u00fcnt\u00fclere sahne olan \\\"Y\u00f6r\u00fck G\u00f6\u00e7\u00fc\\\" etkinli\u011fi ile ba\u015flad\u0131.\"},{\"@type\":\"BreadcrumbList\",\"@id\":\"https:\\\/\\\/memurunsesi.net\\\/index.php\\\/2025\\\/04\\\/27\\\/kumlucada-yoruk-gocu-renkli-goruntulere-sahne-oldu\\\/#breadcrumb\",\"itemListElement\":[{\"@type\":\"ListItem\",\"position\":1,\"name\":\"Anasayfa\",\"item\":\"https:\\\/\\\/memurunsesi.net\\\/\"},{\"@type\":\"ListItem\",\"position\":2,\"name\":\"Kumluca&#8217;da &#8220;Y\u00f6r\u00fck G\u00f6\u00e7\u00fc&#8221; renkli g\u00f6r\u00fcnt\u00fclere sahne oldu\"}]},{\"@type\":\"WebSite\",\"@id\":\"https:\\\/\\\/memurunsesi.net\\\/#website\",\"url\":\"https:\\\/\\\/memurunsesi.net\\\/\",\"name\":\"Memurun Sesi\",\"description\":\"G\u00fcncel ve Do\u011fru Haber\",\"publisher\":{\"@id\":\"https:\\\/\\\/memurunsesi.net\\\/#organization\"},\"potentialAction\":[{\"@type\":\"SearchAction\",\"target\":{\"@type\":\"EntryPoint\",\"urlTemplate\":\"https:\\\/\\\/memurunsesi.net\\\/?s={search_term_string}\"},\"query-input\":{\"@type\":\"PropertyValueSpecification\",\"valueRequired\":true,\"valueName\":\"search_term_string\"}}],\"inLanguage\":\"tr\"},{\"@type\":\"Organization\",\"@id\":\"https:\\\/\\\/memurunsesi.net\\\/#organization\",\"name\":\"Memurun Sesi\",\"url\":\"https:\\\/\\\/memurunsesi.net\\\/\",\"logo\":{\"@type\":\"ImageObject\",\"inLanguage\":\"tr\",\"@id\":\"https:\\\/\\\/memurunsesi.net\\\/#\\\/schema\\\/logo\\\/image\\\/\",\"url\":\"https:\\\/\\\/memurunsesi.net\\\/wp-content\\\/uploads\\\/2025\\\/11\\\/cropped-MEMURUN-SESI.png\",\"contentUrl\":\"https:\\\/\\\/memurunsesi.net\\\/wp-content\\\/uploads\\\/2025\\\/11\\\/cropped-MEMURUN-SESI.png\",\"width\":238,\"height\":57,\"caption\":\"Memurun Sesi\"},\"image\":{\"@id\":\"https:\\\/\\\/memurunsesi.net\\\/#\\\/schema\\\/logo\\\/image\\\/\"},\"sameAs\":[\"https:\\\/\\\/www.facebook.com\\\/unipersen\\\/?locale=tr_TR\",\"https:\\\/\\\/x.com\\\/unipersen\"]},{\"@type\":\"Person\",\"@id\":\"https:\\\/\\\/memurunsesi.net\\\/#\\\/schema\\\/person\\\/f21c2d73b89f6ee1d80b0a1803e38587\",\"name\":\"Memurun Sesi Haber Merkezi\",\"image\":{\"@type\":\"ImageObject\",\"inLanguage\":\"tr\",\"@id\":\"https:\\\/\\\/secure.gravatar.com\\\/avatar\\\/6cf0505f452ee753f485014986fab09a434671d2b919ee76fc541025c5876a70?s=96&d=mm&r=g\",\"url\":\"https:\\\/\\\/secure.gravatar.com\\\/avatar\\\/6cf0505f452ee753f485014986fab09a434671d2b919ee76fc541025c5876a70?s=96&d=mm&r=g\",\"contentUrl\":\"https:\\\/\\\/secure.gravatar.com\\\/avatar\\\/6cf0505f452ee753f485014986fab09a434671d2b919ee76fc541025c5876a70?s=96&d=mm&r=g\",\"caption\":\"Memurun Sesi Haber Merkezi\"},\"sameAs\":[\"https:\\\/\\\/memurunsesi.net\"],\"url\":\"https:\\\/\\\/memurunsesi.net\\\/index.php\\\/author\\\/uniper\\\/\"}]}<\/script>\n<!-- \/ Yoast SEO plugin. -->","yoast_head_json":{"title":"Kumluca'da \"Y\u00f6r\u00fck G\u00f6\u00e7\u00fc\" renkli g\u00f6r\u00fcnt\u00fclere sahne oldu - Memurun Sesi","robots":{"index":"index","follow":"follow","max-snippet":"max-snippet:-1","max-image-preview":"max-image-preview:large","max-video-preview":"max-video-preview:-1"},"canonical":"https:\/\/memurunsesi.net\/index.php\/2025\/04\/27\/kumlucada-yoruk-gocu-renkli-goruntulere-sahne-oldu\/","og_locale":"tr_TR","og_type":"article","og_title":"Kumluca'da \"Y\u00f6r\u00fck G\u00f6\u00e7\u00fc\" renkli g\u00f6r\u00fcnt\u00fclere sahne oldu - Memurun Sesi","og_description":"&#8211; Y\u00f6r\u00fck G\u00f6\u00e7\u00fc kortejinde 41 mahalle kendine has ya\u015fam bi\u00e7imlerini canland\u0131rd\u0131 26. Tar\u0131m ve Serac\u0131l\u0131k Festivali e\u011flenceli ve renkli g\u00f6r\u00fcnt\u00fclere sahne olan &#8220;Y\u00f6r\u00fck G\u00f6\u00e7\u00fc&#8221; etkinli\u011fi ile ba\u015flad\u0131. Antalya&#8217;n\u0131n Kumluca il\u00e7esinde d\u00fczenlenen 26. Geleneksel Tar\u0131m ve Serac\u0131l\u0131k Festivali, Y\u00f6r\u00fck G\u00f6\u00e7\u00fc korteji ile ba\u015flad\u0131. Kumluca H\u00fckumet Kona\u011f\u0131 \u00f6n\u00fcnden hareket eden kortej, geleneksel Y\u00f6r\u00fck k\u0131yafetleri giymi\u015f kat\u0131l\u0131mc\u0131lar, atlar, [&hellip;]","og_url":"https:\/\/memurunsesi.net\/index.php\/2025\/04\/27\/kumlucada-yoruk-gocu-renkli-goruntulere-sahne-oldu\/","og_site_name":"Memurun Sesi","article_publisher":"https:\/\/www.facebook.com\/unipersen\/?locale=tr_TR","article_published_time":"2025-04-27T06:20:58+00:00","og_image":[{"width":1600,"height":1200,"url":"https:\/\/memurunsesi.net\/wp-content\/uploads\/2025\/04\/AW441759_02.jpg","type":"image\/jpeg"}],"author":"Memurun Sesi Haber Merkezi","twitter_card":"summary_large_image","twitter_creator":"@unipersen","twitter_site":"@unipersen","twitter_misc":{"Yazan:":"Memurun Sesi Haber Merkezi","Tahmini okuma s\u00fcresi":"1 dakika"},"schema":{"@context":"https:\/\/schema.org","@graph":[{"@type":"Article","@id":"https:\/\/memurunsesi.net\/index.php\/2025\/04\/27\/kumlucada-yoruk-gocu-renkli-goruntulere-sahne-oldu\/#article","isPartOf":{"@id":"https:\/\/memurunsesi.net\/index.php\/2025\/04\/27\/kumlucada-yoruk-gocu-renkli-goruntulere-sahne-oldu\/"},"author":{"name":"Memurun Sesi Haber Merkezi","@id":"https:\/\/memurunsesi.net\/#\/schema\/person\/f21c2d73b89f6ee1d80b0a1803e38587"},"headline":"Kumluca&#8217;da &#8220;Y\u00f6r\u00fck G\u00f6\u00e7\u00fc&#8221; renkli g\u00f6r\u00fcnt\u00fclere sahne oldu","datePublished":"2025-04-27T06:20:58+00:00","mainEntityOfPage":{"@id":"https:\/\/memurunsesi.net\/index.php\/2025\/04\/27\/kumlucada-yoruk-gocu-renkli-goruntulere-sahne-oldu\/"},"wordCount":249,"commentCount":0,"publisher":{"@id":"https:\/\/memurunsesi.net\/#organization"},"image":{"@id":"https:\/\/memurunsesi.net\/index.php\/2025\/04\/27\/kumlucada-yoruk-gocu-renkli-goruntulere-sahne-oldu\/#primaryimage"},"thumbnailUrl":"https:\/\/memurunsesi.net\/wp-content\/uploads\/2025\/04\/AW441759_02.jpg","inLanguage":"tr","potentialAction":[{"@type":"CommentAction","name":"Comment","target":["https:\/\/memurunsesi.net\/index.php\/2025\/04\/27\/kumlucada-yoruk-gocu-renkli-goruntulere-sahne-oldu\/#respond"]}]},{"@type":"WebPage","@id":"https:\/\/memurunsesi.net\/index.php\/2025\/04\/27\/kumlucada-yoruk-gocu-renkli-goruntulere-sahne-oldu\/","url":"https:\/\/memurunsesi.net\/index.php\/2025\/04\/27\/kumlucada-yoruk-gocu-renkli-goruntulere-sahne-oldu\/","name":"Kumluca'da \"Y\u00f6r\u00fck G\u00f6\u00e7\u00fc\" renkli g\u00f6r\u00fcnt\u00fclere sahne oldu - Memurun Sesi","isPartOf":{"@id":"https:\/\/memurunsesi.net\/#website"},"primaryImageOfPage":{"@id":"https:\/\/memurunsesi.net\/index.php\/2025\/04\/27\/kumlucada-yoruk-gocu-renkli-goruntulere-sahne-oldu\/#primaryimage"},"image":{"@id":"https:\/\/memurunsesi.net\/index.php\/2025\/04\/27\/kumlucada-yoruk-gocu-renkli-goruntulere-sahne-oldu\/#primaryimage"},"thumbnailUrl":"https:\/\/memurunsesi.net\/wp-content\/uploads\/2025\/04\/AW441759_02.jpg","datePublished":"2025-04-27T06:20:58+00:00","breadcrumb":{"@id":"https:\/\/memurunsesi.net\/index.php\/2025\/04\/27\/kumlucada-yoruk-gocu-renkli-goruntulere-sahne-oldu\/#breadcrumb"},"inLanguage":"tr","potentialAction":[{"@type":"ReadAction","target":["https:\/\/memurunsesi.net\/index.php\/2025\/04\/27\/kumlucada-yoruk-gocu-renkli-goruntulere-sahne-oldu\/"]}]},{"@type":"ImageObject","inLanguage":"tr","@id":"https:\/\/memurunsesi.net\/index.php\/2025\/04\/27\/kumlucada-yoruk-gocu-renkli-goruntulere-sahne-oldu\/#primaryimage","url":"https:\/\/memurunsesi.net\/wp-content\/uploads\/2025\/04\/AW441759_02.jpg","contentUrl":"https:\/\/memurunsesi.net\/wp-content\/uploads\/2025\/04\/AW441759_02.jpg","width":1600,"height":1200,"caption":"26. TARIM VE SERACILIK FEST\u0130VAL\u0130 E\u011eLENCEL\u0130 VE RENKL\u0130 G\u00d6R\u00dcNT\u00dcLERE SAHNE OLAN Y\u00d6R\u00dcK G\u00d6\u00c7\u00dc ETK\u0130NL\u0130\u011e\u0130 \u0130LE BA\u015eLADI. (RAMAZAN SARIKAYALI\/ANTALYA-\u0130HA) 26. Tar\u0131m ve Serac\u0131l\u0131k Festivali e\u011flenceli ve renkli g\u00f6r\u00fcnt\u00fclere sahne olan \"Y\u00f6r\u00fck G\u00f6\u00e7\u00fc\" etkinli\u011fi ile ba\u015flad\u0131."},{"@type":"BreadcrumbList","@id":"https:\/\/memurunsesi.net\/index.php\/2025\/04\/27\/kumlucada-yoruk-gocu-renkli-goruntulere-sahne-oldu\/#breadcrumb","itemListElement":[{"@type":"ListItem","position":1,"name":"Anasayfa","item":"https:\/\/memurunsesi.net\/"},{"@type":"ListItem","position":2,"name":"Kumluca&#8217;da &#8220;Y\u00f6r\u00fck G\u00f6\u00e7\u00fc&#8221; renkli g\u00f6r\u00fcnt\u00fclere sahne oldu"}]},{"@type":"WebSite","@id":"https:\/\/memurunsesi.net\/#website","url":"https:\/\/memurunsesi.net\/","name":"Memurun Sesi","description":"G\u00fcncel ve Do\u011fru Haber","publisher":{"@id":"https:\/\/memurunsesi.net\/#organization"},"potentialAction":[{"@type":"SearchAction","target":{"@type":"EntryPoint","urlTemplate":"https:\/\/memurunsesi.net\/?s={search_term_string}"},"query-input":{"@type":"PropertyValueSpecification","valueRequired":true,"valueName":"search_term_string"}}],"inLanguage":"tr"},{"@type":"Organization","@id":"https:\/\/memurunsesi.net\/#organization","name":"Memurun Sesi","url":"https:\/\/memurunsesi.net\/","logo":{"@type":"ImageObject","inLanguage":"tr","@id":"https:\/\/memurunsesi.net\/#\/schema\/logo\/image\/","url":"https:\/\/memurunsesi.net\/wp-content\/uploads\/2025\/11\/cropped-MEMURUN-SESI.png","contentUrl":"https:\/\/memurunsesi.net\/wp-content\/uploads\/2025\/11\/cropped-MEMURUN-SESI.png","width":238,"height":57,"caption":"Memurun Sesi"},"image":{"@id":"https:\/\/memurunsesi.net\/#\/schema\/logo\/image\/"},"sameAs":["https:\/\/www.facebook.com\/unipersen\/?locale=tr_TR","https:\/\/x.com\/unipersen"]},{"@type":"Person","@id":"https:\/\/memurunsesi.net\/#\/schema\/person\/f21c2d73b89f6ee1d80b0a1803e38587","name":"Memurun Sesi Haber Merkezi","image":{"@type":"ImageObject","inLanguage":"tr","@id":"https:\/\/secure.gravatar.com\/avatar\/6cf0505f452ee753f485014986fab09a434671d2b919ee76fc541025c5876a70?s=96&d=mm&r=g","url":"https:\/\/secure.gravatar.com\/avatar\/6cf0505f452ee753f485014986fab09a434671d2b919ee76fc541025c5876a70?s=96&d=mm&r=g","contentUrl":"https:\/\/secure.gravatar.com\/avatar\/6cf0505f452ee753f485014986fab09a434671d2b919ee76fc541025c5876a70?s=96&d=mm&r=g","caption":"Memurun Sesi Haber Merkezi"},"sameAs":["https:\/\/memurunsesi.net"],"url":"https:\/\/memurunsesi.net\/index.php\/author\/uniper\/"}]}},"_links":{"self":[{"href":"https:\/\/memurunsesi.net\/index.php\/wp-json\/wp\/v2\/posts\/6034","targetHints":{"allow":["GET"]}}],"collection":[{"href":"https:\/\/memurunsesi.net\/index.php\/wp-json\/wp\/v2\/posts"}],"about":[{"href":"https:\/\/memurunsesi.net\/index.php\/wp-json\/wp\/v2\/types\/post"}],"author":[{"embeddable":true,"href":"https:\/\/memurunsesi.net\/index.php\/wp-json\/wp\/v2\/users\/1"}],"replies":[{"embeddable":true,"href":"https:\/\/memurunsesi.net\/index.php\/wp-json\/wp\/v2\/comments?post=6034"}],"version-history":[{"count":1,"href":"https:\/\/memurunsesi.net\/index.php\/wp-json\/wp\/v2\/posts\/6034\/revisions"}],"predecessor-version":[{"id":6036,"href":"https:\/\/memurunsesi.net\/index.php\/wp-json\/wp\/v2\/posts\/6034\/revisions\/6036"}],"wp:featuredmedia":[{"embeddable":true,"href":"https:\/\/memurunsesi.net\/index.php\/wp-json\/wp\/v2\/media\/6035"}],"wp:attachment":[{"href":"https:\/\/memurunsesi.net\/index.php\/wp-json\/wp\/v2\/media?parent=6034"}],"wp:term":[{"taxonomy":"category","embeddable":true,"href":"https:\/\/memurunsesi.net\/index.php\/wp-json\/wp\/v2\/categories?post=6034"},{"taxonomy":"post_tag","embeddable":true,"href":"https:\/\/memurunsesi.net\/index.php\/wp-json\/wp\/v2\/tags?post=6034"}],"curies":[{"name":"wp","href":"https:\/\/api.w.org\/{rel}","templated":true}]}}