{"id":6037,"date":"2025-04-27T09:22:51","date_gmt":"2025-04-27T06:22:51","guid":{"rendered":"https:\/\/memurunsesi.net\/?p=6037"},"modified":"2025-04-27T09:22:51","modified_gmt":"2025-04-27T06:22:51","slug":"deprem-sonrasi-ruh-sagligina-dikkat","status":"publish","type":"post","link":"https:\/\/memurunsesi.net\/index.php\/2025\/04\/27\/deprem-sonrasi-ruh-sagligina-dikkat\/","title":{"rendered":"Deprem sonras\u0131 ruh sa\u011fl\u0131\u011f\u0131na dikkat"},"content":{"rendered":"<p>  &#8211; Deprem korkusuyla ba\u015fa \u00e7\u0131kmak i\u00e7in uzman\u0131ndan \u00f6neriler<br \/>\n  Marmara b\u00f6lgesinde meydana gelen depremin ard\u0131ndan, afetlere kar\u015f\u0131 psikolojik haz\u0131rl\u0131\u011f\u0131n \u00f6nemini vurgulayan Dr. \u00d6\u011fr. \u00dcyesi B\u00fclent Tansel, hem yeti\u015fkinler hem de \u00e7ocuklar i\u00e7in uygulanabilir \u00f6neriler payla\u015ft\u0131.<br \/>\n  23 Nisan&#8217;da \u0130stanbul&#8217;da meydana gelen deprem, fiziksel bir y\u0131k\u0131ma neden olmasa da toplumda yeniden deprem korkusunu g\u00fcndeme getirdi. \u00d6zellikle \u00e7ocuklar ve kayg\u0131 d\u00fczeyi y\u00fcksek bireyler i\u00e7in bu t\u00fcr afetlerin psikolojik etkilerinin g\u00f6z ard\u0131 edilmemesi gerekti\u011fini belirten \u0130stanbul Geli\u015fim \u00dcniversitesi Psikoloji B\u00f6l\u00fcm Ba\u015fkan\u0131 Dr. \u00d6\u011fr. \u00dcyesi B\u00fclent Tansel, psikolojik destek y\u00f6ntemlerini anlatt\u0131. <\/p>\n<p>  Deprem korkusuyla ba\u015fa \u00e7\u0131kmak i\u00e7in bilgi edinmek \u00f6nemli<br \/>\n  Dr. \u00d6\u011fr. \u00dcyesi B\u00fclent Tansel, bireylerin ya\u015fad\u0131\u011f\u0131 en temel duygunun belirsizlik ve kontrol kayb\u0131 oldu\u011funu belirterek \u015funlar\u0131 s\u00f6yledi:<br \/>\n  &#8220;Deprem nedir, nas\u0131l olu\u015fur, ne zaman tehlike arz eder gibi konularda do\u011fru kaynaklardan bilgi edinmek; ki\u015finin kayg\u0131s\u0131n\u0131 azalt\u0131r ve kriz an\u0131nda kontrol duygusunu peki\u015ftirir. Bilgi, \u00e7o\u011fu zaman belirsizli\u011fi ortadan kald\u0131r\u0131r ve \u2018ne yapaca\u011f\u0131m\u0131 biliyorum&#8217; d\u00fc\u015f\u00fcncesini g\u00fc\u00e7lendirir.&#8221; <\/p>\n<p>  &#8220;Psikolojik haz\u0131rl\u0131k, travmatik stres tepkilerinin kronikle\u015fmesini azalt\u0131r&#8221;<br \/>\n  Tansel, deprem \u00f6ncesinde yap\u0131lan haz\u0131rl\u0131klar\u0131n yaln\u0131zca fiziksel de\u011fil, ayn\u0131 zamanda zihinsel dayan\u0131kl\u0131l\u0131\u011f\u0131 da art\u0131rd\u0131\u011f\u0131n\u0131 belirterek, &#8220;Acil durum plan\u0131 haz\u0131rlamak, \u00e7\u0131k\u0131\u015f yollar\u0131n\u0131 belirlemek, deprem \u00e7antas\u0131 olu\u015fturmak ve d\u00fczenli tatbikatlar yapmak, bireyin kendini daha haz\u0131rl\u0131kl\u0131 ve g\u00fc\u00e7l\u00fc hissetmesini sa\u011flar&#8221; dedi.<br \/>\n  Y\u00fcksek stres anlar\u0131nda bireylerin &#8220;sava\u015f-ka\u00e7-donakal&#8221; tepkileri verebildi\u011fini belirten Tansel, nefes kontrol\u00fc ve i\u00e7sel telkinlerin bu s\u00fcre\u00e7te etkili oldu\u011funu ifade ederek, &#8220;Derin nefesler almak, beyne tehlikenin ge\u00e7ti\u011fi sinyalini verir ve kalp ritmini dengeler. Ki\u015fi kendine \u2018Haz\u0131rl\u0131kl\u0131y\u0131m, sakin kalmal\u0131y\u0131m&#8217; diyerek y\u00f6nlendirme yapabilir&#8221; diye konu\u015ftu. <\/p>\n<p>  \u00c7ocuklarda deprem korkusunu \u00f6nlemenin yollar\u0131<br \/>\n  \u00c7ocuklar\u0131n depremi anlamakta ve duygular\u0131n\u0131 ifade etmekte zorland\u0131\u011f\u0131n\u0131 belirten Tansel, bu nedenle onlara ya\u015flar\u0131na uygun ve ger\u00e7ek\u00e7i bir \u015fekilde yakla\u015f\u0131lmas\u0131 gerekti\u011fini vurgulayarak, &#8220;\u00c7ocuklara \u2018korkmak normaldir ama biz haz\u0131rl\u0131kl\u0131y\u0131z ve birlikteyiz&#8217; gibi mesajlar verilmelidir. Depremden kaynakl\u0131 korkuyu bast\u0131rmak yerine payla\u015fmak \u00e7ok \u00f6nemlidir. Bu t\u00fcr ifadeler hem g\u00fcven verir hem de duygular\u0131n\u0131 anlamland\u0131rmalar\u0131na yard\u0131mc\u0131 olur&#8221; a\u00e7\u0131klamas\u0131nda bulundu.<br \/>\n  \u00c7ocuklar\u0131n depremle ilgili korkular\u0131n\u0131 oyun ve sanat yoluyla d\u0131\u015fa vurabildi\u011fini belirten Tansel, \u015fu \u00f6nerilerde bulundu:<br \/>\n  &#8220;G\u00fcvenli alanlar olu\u015fturmay\u0131 \u00f6\u011fretin.<br \/>\n  Tatbikatlar\u0131 oyunla\u015ft\u0131rarak \u00f6\u011fretici h\u00e2le getirin.<br \/>\n  Duygular\u0131n\u0131 ifade etmeleri i\u00e7in resim ve hik\u00e2ye y\u00f6ntemlerini kullan\u0131n.<br \/>\n  Ya\u015fad\u0131klar\u0131 korkular\u0131n\u0131 hik\u00e2yele\u015ftirmeleri, resimler ve oyunlarla duygular\u0131n\u0131 ifade etmelerini sa\u011flamak, i\u00e7 g\u00f6r\u00fc geli\u015ftirmelerine ve fark\u0131ndal\u0131k olu\u015fturmalar\u0131na yard\u0131mc\u0131 olacakt\u0131r.<br \/>\n  Rutinlerin korunmas\u0131, g\u00fcvende olduklar\u0131n\u0131 hissettirecek al\u0131\u015fkanl\u0131klar,<br \/>\n  Ba\u011f kurma, aile i\u00e7i ileti\u015fim ve \u00f6\u011fretmen deste\u011fi,<br \/>\n  G\u00fc\u00e7l\u00fc hissettiren anlat\u0131lar, \u2018seninle gurur duyuyorum, nas\u0131l cesurca davrand\u0131n&#8217; gibi ifadeler kullan\u0131lmal\u0131.&#8221; <\/p>\n<p>  Ebeveyn ve \u00f6\u011fretmenlere \u00f6nemli uyar\u0131lar<br \/>\n  Tansel, ebeveynlerin kendi kayg\u0131lar\u0131n\u0131 \u00e7ocuklara do\u011frudan yans\u0131tmamalar\u0131 gerekti\u011fini vurgulayarak \u015fu ifadeleri kulland\u0131:<br \/>\n  &#8220;\u00c7ocuklar, \u00e7evrelerinden \u00e7ok etkilenir. Bu nedenle kriz an\u0131nda sakin kalan bir ebeveyn, \u00e7ocu\u011fun duygusal dengesini de korur. Bu s\u00fcrecin sa\u011fl\u0131kl\u0131 \u015fekilde atlat\u0131labilmesi i\u00e7in ilk ad\u0131m, duygular\u0131n bast\u0131r\u0131lmadan ifade edilmesidir. Bireyler ya\u015fad\u0131klar\u0131n\u0131 anlatma, payla\u015fma, yaz\u0131ya d\u00f6kme gibi yollarla duygular\u0131n\u0131 d\u0131\u015fa vurmal\u0131d\u0131r.&#8221; <\/p>\n<p>  &#8220;Deprem sonras\u0131 travma belirtilerini tan\u0131y\u0131n&#8221;<br \/>\n  \u0130stanbul Geli\u015fim \u00dcniversitesi Psikoloji B\u00f6l\u00fcm Ba\u015fkan\u0131 Dr. \u00d6\u011fr. \u00dcyesi B\u00fclent Tansel, yeti\u015fkinlerde s\u0131k g\u00f6r\u00fclen belirtilerin ba\u015f\u0131nda uykusuzluk, i\u015ftahs\u0131zl\u0131k, huzursuzluk, dikkat da\u011f\u0131n\u0131kl\u0131\u011f\u0131 ve su\u00e7luluk duygusunun geldi\u011fini s\u00f6yledi. \u00c7ocuklarda ise alt \u0131slatma, parmak emme, k\u00e2buslar, ayr\u0131l\u0131k kayg\u0131s\u0131 ve oyunlarda deprem temalar\u0131n\u0131n g\u00f6zlemlenebilece\u011fini belirterek, &#8220;Bu belirtiler do\u011fal bir s\u00fcrecin par\u00e7as\u0131 olabilir ancak uzun s\u00fcrerse mutlaka uzman deste\u011fi al\u0131nmal\u0131d\u0131r&#8221; dedi.<br \/>\n  \u00d6zellikle \u00e7ocuklara y\u00f6nelik d\u00fczenlenecek psiko-e\u011fitsel grup \u00e7al\u0131\u015fmalar\u0131n\u0131n, duygular\u0131n ifade edilmesi ve anlamland\u0131r\u0131lmas\u0131 a\u00e7\u0131s\u0131ndan b\u00fcy\u00fck fayda sa\u011flayaca\u011f\u0131n\u0131 belirten Tansel, bu t\u00fcr gruplarda \u00e7ocuklar\u0131n yaln\u0131z olmad\u0131klar\u0131n\u0131 fark ettiklerini ve duygusal olarak rahatlad\u0131klar\u0131n\u0131 s\u00f6yledi. <\/p>\n<p>27.04.2025                            <\/p>\n","protected":false},"excerpt":{"rendered":"<p>&#8211; Deprem korkusuyla ba\u015fa \u00e7\u0131kmak i\u00e7in uzman\u0131ndan \u00f6neriler Marmara b\u00f6lgesinde meydana gelen depremin ard\u0131ndan, afetlere kar\u015f\u0131 psikolojik haz\u0131rl\u0131\u011f\u0131n \u00f6nemini vurgulayan Dr. \u00d6\u011fr. \u00dcyesi B\u00fclent Tansel, hem yeti\u015fkinler hem de \u00e7ocuklar i\u00e7in uygulanabilir \u00f6neriler payla\u015ft\u0131. 23 Nisan&#8217;da \u0130stanbul&#8217;da meydana gelen deprem, fiziksel bir y\u0131k\u0131ma neden olmasa da toplumda yeniden deprem korkusunu g\u00fcndeme getirdi. \u00d6zellikle \u00e7ocuklar ve [&hellip;]<\/p>\n","protected":false},"author":1,"featured_media":6038,"comment_status":"open","ping_status":"open","sticky":false,"template":"","format":"standard","meta":{"footnotes":""},"categories":[1],"tags":[],"class_list":["post-6037","post","type-post","status-publish","format-standard","has-post-thumbnail","hentry","category-genel"],"yoast_head":"<!-- This site is optimized with the Yoast SEO plugin v27.4 - https:\/\/yoast.com\/product\/yoast-seo-wordpress\/ -->\n<title>Deprem sonras\u0131 ruh sa\u011fl\u0131\u011f\u0131na dikkat - Memurun Sesi<\/title>\n<meta name=\"robots\" content=\"index, follow, max-snippet:-1, max-image-preview:large, max-video-preview:-1\" \/>\n<link rel=\"canonical\" href=\"https:\/\/memurunsesi.net\/index.php\/2025\/04\/27\/deprem-sonrasi-ruh-sagligina-dikkat\/\" \/>\n<meta property=\"og:locale\" content=\"tr_TR\" \/>\n<meta property=\"og:type\" content=\"article\" \/>\n<meta property=\"og:title\" content=\"Deprem sonras\u0131 ruh sa\u011fl\u0131\u011f\u0131na dikkat - Memurun Sesi\" \/>\n<meta property=\"og:description\" content=\"&#8211; Deprem korkusuyla ba\u015fa \u00e7\u0131kmak i\u00e7in uzman\u0131ndan \u00f6neriler Marmara b\u00f6lgesinde meydana gelen depremin ard\u0131ndan, afetlere kar\u015f\u0131 psikolojik haz\u0131rl\u0131\u011f\u0131n \u00f6nemini vurgulayan Dr. \u00d6\u011fr. \u00dcyesi B\u00fclent Tansel, hem yeti\u015fkinler hem de \u00e7ocuklar i\u00e7in uygulanabilir \u00f6neriler payla\u015ft\u0131. 23 Nisan&#8217;da \u0130stanbul&#8217;da meydana gelen deprem, fiziksel bir y\u0131k\u0131ma neden olmasa da toplumda yeniden deprem korkusunu g\u00fcndeme getirdi. \u00d6zellikle \u00e7ocuklar ve [&hellip;]\" \/>\n<meta property=\"og:url\" content=\"https:\/\/memurunsesi.net\/index.php\/2025\/04\/27\/deprem-sonrasi-ruh-sagligina-dikkat\/\" \/>\n<meta property=\"og:site_name\" content=\"Memurun Sesi\" \/>\n<meta property=\"article:publisher\" content=\"https:\/\/www.facebook.com\/unipersen\/?locale=tr_TR\" \/>\n<meta property=\"article:published_time\" content=\"2025-04-27T06:22:51+00:00\" \/>\n<meta property=\"og:image\" content=\"https:\/\/memurunsesi.net\/wp-content\/uploads\/2025\/04\/AW441919_01-scaled.jpg\" \/>\n\t<meta property=\"og:image:width\" content=\"2560\" \/>\n\t<meta property=\"og:image:height\" content=\"1920\" \/>\n\t<meta property=\"og:image:type\" content=\"image\/jpeg\" \/>\n<meta name=\"author\" content=\"Memurun Sesi Haber Merkezi\" \/>\n<meta name=\"twitter:card\" content=\"summary_large_image\" \/>\n<meta name=\"twitter:creator\" content=\"@unipersen\" \/>\n<meta name=\"twitter:site\" content=\"@unipersen\" \/>\n<meta name=\"twitter:label1\" content=\"Yazan:\" \/>\n\t<meta name=\"twitter:data1\" content=\"Memurun Sesi Haber Merkezi\" \/>\n\t<meta name=\"twitter:label2\" content=\"Tahmini okuma s\u00fcresi\" \/>\n\t<meta name=\"twitter:data2\" content=\"1 dakika\" \/>\n<script type=\"application\/ld+json\" class=\"yoast-schema-graph\">{\"@context\":\"https:\\\/\\\/schema.org\",\"@graph\":[{\"@type\":\"Article\",\"@id\":\"https:\\\/\\\/memurunsesi.net\\\/index.php\\\/2025\\\/04\\\/27\\\/deprem-sonrasi-ruh-sagligina-dikkat\\\/#article\",\"isPartOf\":{\"@id\":\"https:\\\/\\\/memurunsesi.net\\\/index.php\\\/2025\\\/04\\\/27\\\/deprem-sonrasi-ruh-sagligina-dikkat\\\/\"},\"author\":{\"name\":\"Memurun Sesi Haber Merkezi\",\"@id\":\"https:\\\/\\\/memurunsesi.net\\\/#\\\/schema\\\/person\\\/f21c2d73b89f6ee1d80b0a1803e38587\"},\"headline\":\"Deprem sonras\u0131 ruh sa\u011fl\u0131\u011f\u0131na dikkat\",\"datePublished\":\"2025-04-27T06:22:51+00:00\",\"mainEntityOfPage\":{\"@id\":\"https:\\\/\\\/memurunsesi.net\\\/index.php\\\/2025\\\/04\\\/27\\\/deprem-sonrasi-ruh-sagligina-dikkat\\\/\"},\"wordCount\":768,\"commentCount\":0,\"publisher\":{\"@id\":\"https:\\\/\\\/memurunsesi.net\\\/#organization\"},\"image\":{\"@id\":\"https:\\\/\\\/memurunsesi.net\\\/index.php\\\/2025\\\/04\\\/27\\\/deprem-sonrasi-ruh-sagligina-dikkat\\\/#primaryimage\"},\"thumbnailUrl\":\"https:\\\/\\\/memurunsesi.net\\\/wp-content\\\/uploads\\\/2025\\\/04\\\/AW441919_01-scaled.jpg\",\"inLanguage\":\"tr\",\"potentialAction\":[{\"@type\":\"CommentAction\",\"name\":\"Comment\",\"target\":[\"https:\\\/\\\/memurunsesi.net\\\/index.php\\\/2025\\\/04\\\/27\\\/deprem-sonrasi-ruh-sagligina-dikkat\\\/#respond\"]}]},{\"@type\":\"WebPage\",\"@id\":\"https:\\\/\\\/memurunsesi.net\\\/index.php\\\/2025\\\/04\\\/27\\\/deprem-sonrasi-ruh-sagligina-dikkat\\\/\",\"url\":\"https:\\\/\\\/memurunsesi.net\\\/index.php\\\/2025\\\/04\\\/27\\\/deprem-sonrasi-ruh-sagligina-dikkat\\\/\",\"name\":\"Deprem sonras\u0131 ruh sa\u011fl\u0131\u011f\u0131na dikkat - Memurun Sesi\",\"isPartOf\":{\"@id\":\"https:\\\/\\\/memurunsesi.net\\\/#website\"},\"primaryImageOfPage\":{\"@id\":\"https:\\\/\\\/memurunsesi.net\\\/index.php\\\/2025\\\/04\\\/27\\\/deprem-sonrasi-ruh-sagligina-dikkat\\\/#primaryimage\"},\"image\":{\"@id\":\"https:\\\/\\\/memurunsesi.net\\\/index.php\\\/2025\\\/04\\\/27\\\/deprem-sonrasi-ruh-sagligina-dikkat\\\/#primaryimage\"},\"thumbnailUrl\":\"https:\\\/\\\/memurunsesi.net\\\/wp-content\\\/uploads\\\/2025\\\/04\\\/AW441919_01-scaled.jpg\",\"datePublished\":\"2025-04-27T06:22:51+00:00\",\"breadcrumb\":{\"@id\":\"https:\\\/\\\/memurunsesi.net\\\/index.php\\\/2025\\\/04\\\/27\\\/deprem-sonrasi-ruh-sagligina-dikkat\\\/#breadcrumb\"},\"inLanguage\":\"tr\",\"potentialAction\":[{\"@type\":\"ReadAction\",\"target\":[\"https:\\\/\\\/memurunsesi.net\\\/index.php\\\/2025\\\/04\\\/27\\\/deprem-sonrasi-ruh-sagligina-dikkat\\\/\"]}]},{\"@type\":\"ImageObject\",\"inLanguage\":\"tr\",\"@id\":\"https:\\\/\\\/memurunsesi.net\\\/index.php\\\/2025\\\/04\\\/27\\\/deprem-sonrasi-ruh-sagligina-dikkat\\\/#primaryimage\",\"url\":\"https:\\\/\\\/memurunsesi.net\\\/wp-content\\\/uploads\\\/2025\\\/04\\\/AW441919_01-scaled.jpg\",\"contentUrl\":\"https:\\\/\\\/memurunsesi.net\\\/wp-content\\\/uploads\\\/2025\\\/04\\\/AW441919_01-scaled.jpg\",\"width\":2560,\"height\":1920,\"caption\":\"DEPREM (AR\u015e\u0130V) (AHMET FARUK SARIKO\u00c7\\\/\u0130STANBUL-\u0130HA) Marmara b\u00f6lgesinde meydana gelen depremin ard\u0131ndan, afetlere kar\u015f\u0131 psikolojik haz\u0131rl\u0131\u011f\u0131n \u00f6nemini vurgulayan Dr. \u00d6\u011fr. \u00dcyesi B\u00fclent Tansel, hem yeti\u015fkinler hem de \u00e7ocuklar i\u00e7in uygulanabilir \u00f6neriler payla\u015ft\u0131.\"},{\"@type\":\"BreadcrumbList\",\"@id\":\"https:\\\/\\\/memurunsesi.net\\\/index.php\\\/2025\\\/04\\\/27\\\/deprem-sonrasi-ruh-sagligina-dikkat\\\/#breadcrumb\",\"itemListElement\":[{\"@type\":\"ListItem\",\"position\":1,\"name\":\"Anasayfa\",\"item\":\"https:\\\/\\\/memurunsesi.net\\\/\"},{\"@type\":\"ListItem\",\"position\":2,\"name\":\"Deprem sonras\u0131 ruh sa\u011fl\u0131\u011f\u0131na dikkat\"}]},{\"@type\":\"WebSite\",\"@id\":\"https:\\\/\\\/memurunsesi.net\\\/#website\",\"url\":\"https:\\\/\\\/memurunsesi.net\\\/\",\"name\":\"Memurun Sesi\",\"description\":\"G\u00fcncel ve Do\u011fru Haber\",\"publisher\":{\"@id\":\"https:\\\/\\\/memurunsesi.net\\\/#organization\"},\"potentialAction\":[{\"@type\":\"SearchAction\",\"target\":{\"@type\":\"EntryPoint\",\"urlTemplate\":\"https:\\\/\\\/memurunsesi.net\\\/?s={search_term_string}\"},\"query-input\":{\"@type\":\"PropertyValueSpecification\",\"valueRequired\":true,\"valueName\":\"search_term_string\"}}],\"inLanguage\":\"tr\"},{\"@type\":\"Organization\",\"@id\":\"https:\\\/\\\/memurunsesi.net\\\/#organization\",\"name\":\"Memurun Sesi\",\"url\":\"https:\\\/\\\/memurunsesi.net\\\/\",\"logo\":{\"@type\":\"ImageObject\",\"inLanguage\":\"tr\",\"@id\":\"https:\\\/\\\/memurunsesi.net\\\/#\\\/schema\\\/logo\\\/image\\\/\",\"url\":\"https:\\\/\\\/memurunsesi.net\\\/wp-content\\\/uploads\\\/2025\\\/11\\\/cropped-MEMURUN-SESI.png\",\"contentUrl\":\"https:\\\/\\\/memurunsesi.net\\\/wp-content\\\/uploads\\\/2025\\\/11\\\/cropped-MEMURUN-SESI.png\",\"width\":238,\"height\":57,\"caption\":\"Memurun Sesi\"},\"image\":{\"@id\":\"https:\\\/\\\/memurunsesi.net\\\/#\\\/schema\\\/logo\\\/image\\\/\"},\"sameAs\":[\"https:\\\/\\\/www.facebook.com\\\/unipersen\\\/?locale=tr_TR\",\"https:\\\/\\\/x.com\\\/unipersen\"]},{\"@type\":\"Person\",\"@id\":\"https:\\\/\\\/memurunsesi.net\\\/#\\\/schema\\\/person\\\/f21c2d73b89f6ee1d80b0a1803e38587\",\"name\":\"Memurun Sesi Haber Merkezi\",\"image\":{\"@type\":\"ImageObject\",\"inLanguage\":\"tr\",\"@id\":\"https:\\\/\\\/secure.gravatar.com\\\/avatar\\\/6cf0505f452ee753f485014986fab09a434671d2b919ee76fc541025c5876a70?s=96&d=mm&r=g\",\"url\":\"https:\\\/\\\/secure.gravatar.com\\\/avatar\\\/6cf0505f452ee753f485014986fab09a434671d2b919ee76fc541025c5876a70?s=96&d=mm&r=g\",\"contentUrl\":\"https:\\\/\\\/secure.gravatar.com\\\/avatar\\\/6cf0505f452ee753f485014986fab09a434671d2b919ee76fc541025c5876a70?s=96&d=mm&r=g\",\"caption\":\"Memurun Sesi Haber Merkezi\"},\"sameAs\":[\"https:\\\/\\\/memurunsesi.net\"],\"url\":\"https:\\\/\\\/memurunsesi.net\\\/index.php\\\/author\\\/uniper\\\/\"}]}<\/script>\n<!-- \/ Yoast SEO plugin. -->","yoast_head_json":{"title":"Deprem sonras\u0131 ruh sa\u011fl\u0131\u011f\u0131na dikkat - Memurun Sesi","robots":{"index":"index","follow":"follow","max-snippet":"max-snippet:-1","max-image-preview":"max-image-preview:large","max-video-preview":"max-video-preview:-1"},"canonical":"https:\/\/memurunsesi.net\/index.php\/2025\/04\/27\/deprem-sonrasi-ruh-sagligina-dikkat\/","og_locale":"tr_TR","og_type":"article","og_title":"Deprem sonras\u0131 ruh sa\u011fl\u0131\u011f\u0131na dikkat - Memurun Sesi","og_description":"&#8211; Deprem korkusuyla ba\u015fa \u00e7\u0131kmak i\u00e7in uzman\u0131ndan \u00f6neriler Marmara b\u00f6lgesinde meydana gelen depremin ard\u0131ndan, afetlere kar\u015f\u0131 psikolojik haz\u0131rl\u0131\u011f\u0131n \u00f6nemini vurgulayan Dr. \u00d6\u011fr. \u00dcyesi B\u00fclent Tansel, hem yeti\u015fkinler hem de \u00e7ocuklar i\u00e7in uygulanabilir \u00f6neriler payla\u015ft\u0131. 23 Nisan&#8217;da \u0130stanbul&#8217;da meydana gelen deprem, fiziksel bir y\u0131k\u0131ma neden olmasa da toplumda yeniden deprem korkusunu g\u00fcndeme getirdi. \u00d6zellikle \u00e7ocuklar ve [&hellip;]","og_url":"https:\/\/memurunsesi.net\/index.php\/2025\/04\/27\/deprem-sonrasi-ruh-sagligina-dikkat\/","og_site_name":"Memurun Sesi","article_publisher":"https:\/\/www.facebook.com\/unipersen\/?locale=tr_TR","article_published_time":"2025-04-27T06:22:51+00:00","og_image":[{"width":2560,"height":1920,"url":"https:\/\/memurunsesi.net\/wp-content\/uploads\/2025\/04\/AW441919_01-scaled.jpg","type":"image\/jpeg"}],"author":"Memurun Sesi Haber Merkezi","twitter_card":"summary_large_image","twitter_creator":"@unipersen","twitter_site":"@unipersen","twitter_misc":{"Yazan:":"Memurun Sesi Haber Merkezi","Tahmini okuma s\u00fcresi":"1 dakika"},"schema":{"@context":"https:\/\/schema.org","@graph":[{"@type":"Article","@id":"https:\/\/memurunsesi.net\/index.php\/2025\/04\/27\/deprem-sonrasi-ruh-sagligina-dikkat\/#article","isPartOf":{"@id":"https:\/\/memurunsesi.net\/index.php\/2025\/04\/27\/deprem-sonrasi-ruh-sagligina-dikkat\/"},"author":{"name":"Memurun Sesi Haber Merkezi","@id":"https:\/\/memurunsesi.net\/#\/schema\/person\/f21c2d73b89f6ee1d80b0a1803e38587"},"headline":"Deprem sonras\u0131 ruh sa\u011fl\u0131\u011f\u0131na dikkat","datePublished":"2025-04-27T06:22:51+00:00","mainEntityOfPage":{"@id":"https:\/\/memurunsesi.net\/index.php\/2025\/04\/27\/deprem-sonrasi-ruh-sagligina-dikkat\/"},"wordCount":768,"commentCount":0,"publisher":{"@id":"https:\/\/memurunsesi.net\/#organization"},"image":{"@id":"https:\/\/memurunsesi.net\/index.php\/2025\/04\/27\/deprem-sonrasi-ruh-sagligina-dikkat\/#primaryimage"},"thumbnailUrl":"https:\/\/memurunsesi.net\/wp-content\/uploads\/2025\/04\/AW441919_01-scaled.jpg","inLanguage":"tr","potentialAction":[{"@type":"CommentAction","name":"Comment","target":["https:\/\/memurunsesi.net\/index.php\/2025\/04\/27\/deprem-sonrasi-ruh-sagligina-dikkat\/#respond"]}]},{"@type":"WebPage","@id":"https:\/\/memurunsesi.net\/index.php\/2025\/04\/27\/deprem-sonrasi-ruh-sagligina-dikkat\/","url":"https:\/\/memurunsesi.net\/index.php\/2025\/04\/27\/deprem-sonrasi-ruh-sagligina-dikkat\/","name":"Deprem sonras\u0131 ruh sa\u011fl\u0131\u011f\u0131na dikkat - Memurun Sesi","isPartOf":{"@id":"https:\/\/memurunsesi.net\/#website"},"primaryImageOfPage":{"@id":"https:\/\/memurunsesi.net\/index.php\/2025\/04\/27\/deprem-sonrasi-ruh-sagligina-dikkat\/#primaryimage"},"image":{"@id":"https:\/\/memurunsesi.net\/index.php\/2025\/04\/27\/deprem-sonrasi-ruh-sagligina-dikkat\/#primaryimage"},"thumbnailUrl":"https:\/\/memurunsesi.net\/wp-content\/uploads\/2025\/04\/AW441919_01-scaled.jpg","datePublished":"2025-04-27T06:22:51+00:00","breadcrumb":{"@id":"https:\/\/memurunsesi.net\/index.php\/2025\/04\/27\/deprem-sonrasi-ruh-sagligina-dikkat\/#breadcrumb"},"inLanguage":"tr","potentialAction":[{"@type":"ReadAction","target":["https:\/\/memurunsesi.net\/index.php\/2025\/04\/27\/deprem-sonrasi-ruh-sagligina-dikkat\/"]}]},{"@type":"ImageObject","inLanguage":"tr","@id":"https:\/\/memurunsesi.net\/index.php\/2025\/04\/27\/deprem-sonrasi-ruh-sagligina-dikkat\/#primaryimage","url":"https:\/\/memurunsesi.net\/wp-content\/uploads\/2025\/04\/AW441919_01-scaled.jpg","contentUrl":"https:\/\/memurunsesi.net\/wp-content\/uploads\/2025\/04\/AW441919_01-scaled.jpg","width":2560,"height":1920,"caption":"DEPREM (AR\u015e\u0130V) (AHMET FARUK SARIKO\u00c7\/\u0130STANBUL-\u0130HA) Marmara b\u00f6lgesinde meydana gelen depremin ard\u0131ndan, afetlere kar\u015f\u0131 psikolojik haz\u0131rl\u0131\u011f\u0131n \u00f6nemini vurgulayan Dr. \u00d6\u011fr. \u00dcyesi B\u00fclent Tansel, hem yeti\u015fkinler hem de \u00e7ocuklar i\u00e7in uygulanabilir \u00f6neriler payla\u015ft\u0131."},{"@type":"BreadcrumbList","@id":"https:\/\/memurunsesi.net\/index.php\/2025\/04\/27\/deprem-sonrasi-ruh-sagligina-dikkat\/#breadcrumb","itemListElement":[{"@type":"ListItem","position":1,"name":"Anasayfa","item":"https:\/\/memurunsesi.net\/"},{"@type":"ListItem","position":2,"name":"Deprem sonras\u0131 ruh sa\u011fl\u0131\u011f\u0131na dikkat"}]},{"@type":"WebSite","@id":"https:\/\/memurunsesi.net\/#website","url":"https:\/\/memurunsesi.net\/","name":"Memurun Sesi","description":"G\u00fcncel ve Do\u011fru Haber","publisher":{"@id":"https:\/\/memurunsesi.net\/#organization"},"potentialAction":[{"@type":"SearchAction","target":{"@type":"EntryPoint","urlTemplate":"https:\/\/memurunsesi.net\/?s={search_term_string}"},"query-input":{"@type":"PropertyValueSpecification","valueRequired":true,"valueName":"search_term_string"}}],"inLanguage":"tr"},{"@type":"Organization","@id":"https:\/\/memurunsesi.net\/#organization","name":"Memurun Sesi","url":"https:\/\/memurunsesi.net\/","logo":{"@type":"ImageObject","inLanguage":"tr","@id":"https:\/\/memurunsesi.net\/#\/schema\/logo\/image\/","url":"https:\/\/memurunsesi.net\/wp-content\/uploads\/2025\/11\/cropped-MEMURUN-SESI.png","contentUrl":"https:\/\/memurunsesi.net\/wp-content\/uploads\/2025\/11\/cropped-MEMURUN-SESI.png","width":238,"height":57,"caption":"Memurun Sesi"},"image":{"@id":"https:\/\/memurunsesi.net\/#\/schema\/logo\/image\/"},"sameAs":["https:\/\/www.facebook.com\/unipersen\/?locale=tr_TR","https:\/\/x.com\/unipersen"]},{"@type":"Person","@id":"https:\/\/memurunsesi.net\/#\/schema\/person\/f21c2d73b89f6ee1d80b0a1803e38587","name":"Memurun Sesi Haber Merkezi","image":{"@type":"ImageObject","inLanguage":"tr","@id":"https:\/\/secure.gravatar.com\/avatar\/6cf0505f452ee753f485014986fab09a434671d2b919ee76fc541025c5876a70?s=96&d=mm&r=g","url":"https:\/\/secure.gravatar.com\/avatar\/6cf0505f452ee753f485014986fab09a434671d2b919ee76fc541025c5876a70?s=96&d=mm&r=g","contentUrl":"https:\/\/secure.gravatar.com\/avatar\/6cf0505f452ee753f485014986fab09a434671d2b919ee76fc541025c5876a70?s=96&d=mm&r=g","caption":"Memurun Sesi Haber Merkezi"},"sameAs":["https:\/\/memurunsesi.net"],"url":"https:\/\/memurunsesi.net\/index.php\/author\/uniper\/"}]}},"_links":{"self":[{"href":"https:\/\/memurunsesi.net\/index.php\/wp-json\/wp\/v2\/posts\/6037","targetHints":{"allow":["GET"]}}],"collection":[{"href":"https:\/\/memurunsesi.net\/index.php\/wp-json\/wp\/v2\/posts"}],"about":[{"href":"https:\/\/memurunsesi.net\/index.php\/wp-json\/wp\/v2\/types\/post"}],"author":[{"embeddable":true,"href":"https:\/\/memurunsesi.net\/index.php\/wp-json\/wp\/v2\/users\/1"}],"replies":[{"embeddable":true,"href":"https:\/\/memurunsesi.net\/index.php\/wp-json\/wp\/v2\/comments?post=6037"}],"version-history":[{"count":1,"href":"https:\/\/memurunsesi.net\/index.php\/wp-json\/wp\/v2\/posts\/6037\/revisions"}],"predecessor-version":[{"id":6039,"href":"https:\/\/memurunsesi.net\/index.php\/wp-json\/wp\/v2\/posts\/6037\/revisions\/6039"}],"wp:featuredmedia":[{"embeddable":true,"href":"https:\/\/memurunsesi.net\/index.php\/wp-json\/wp\/v2\/media\/6038"}],"wp:attachment":[{"href":"https:\/\/memurunsesi.net\/index.php\/wp-json\/wp\/v2\/media?parent=6037"}],"wp:term":[{"taxonomy":"category","embeddable":true,"href":"https:\/\/memurunsesi.net\/index.php\/wp-json\/wp\/v2\/categories?post=6037"},{"taxonomy":"post_tag","embeddable":true,"href":"https:\/\/memurunsesi.net\/index.php\/wp-json\/wp\/v2\/tags?post=6037"}],"curies":[{"name":"wp","href":"https:\/\/api.w.org\/{rel}","templated":true}]}}