{"id":6040,"date":"2025-04-27T09:24:21","date_gmt":"2025-04-27T06:24:21","guid":{"rendered":"https:\/\/memurunsesi.net\/?p=6040"},"modified":"2025-04-27T09:24:21","modified_gmt":"2025-04-27T06:24:21","slug":"saglikli-bir-nefes-icin-alerjilere-karsi-bilincli-olun","status":"publish","type":"post","link":"https:\/\/memurunsesi.net\/index.php\/2025\/04\/27\/saglikli-bir-nefes-icin-alerjilere-karsi-bilincli-olun\/","title":{"rendered":"Sa\u011fl\u0131kl\u0131 bir nefes i\u00e7in alerjilere kar\u015f\u0131 bilin\u00e7li olun"},"content":{"rendered":"<p> \u0130lkbahar ve sonbahar aylar\u0131nda s\u0131k\u00e7a g\u00f6r\u00fclen mevsimsel alerjik rinit, halk aras\u0131nda bilinen ad\u0131yla saman nezlesi, \u00e7evresel alerjenlere kar\u015f\u0131 burnun verdi\u011fi a\u015f\u0131r\u0131 tepki sonucu ortaya \u00e7\u0131k\u0131yor.<br \/>\n  \u00d6zellikle polen gibi alerjenlerin etkisiyle geli\u015fen bu durum, \u00e7ocuklar ba\u015fta olmak \u00fczere her ya\u015f grubunu etkileyebiliyor. Medicana Bursa Hastanesi \u00c7ocuk Sa\u011fl\u0131\u011f\u0131 ve Hastal\u0131klar\u0131 B\u00f6l\u00fcm\u00fc Uzm. Dr. Dilara Y\u0131lmaz, alerjik hastal\u0131klar\u0131n son y\u0131llarda art\u0131\u015f g\u00f6sterdi\u011fini belirterek, her 5 \u00e7ocuktan 2&#8217;sinin bu durumdan etkilendi\u011fini vurgulad\u0131. Uzm. Dr. Dilara Y\u0131lmaz, &#8220;Polenler, ev tozu akarlar\u0131, k\u00fcf sporlar\u0131 ve hayvan t\u00fcyleri gibi alerjenlere kar\u015f\u0131 ba\u011f\u0131\u015f\u0131kl\u0131k sisteminin gereksiz bir savunma ba\u015flatmas\u0131 sonucu alerjik reaksiyonlar meydana gelir&#8221; dedi.<br \/>\n  \u0130klim de\u011fi\u015fikli\u011fi alerjileri tetikliyor<br \/>\n  Alerjik hastal\u0131klar\u0131n art\u0131\u015f\u0131nda iklim de\u011fi\u015fikli\u011fi ve hava kirlili\u011finin de etkili oldu\u011funu belirten Uzm. Dr. Dilara Y\u0131lmaz, atmosferdeki karbondioksit seviyesindeki art\u0131\u015f\u0131n polen ve k\u00fcf oranlar\u0131n\u0131 art\u0131rd\u0131\u011f\u0131n\u0131 s\u00f6yleyerek, &#8220;Bu durum, \u00f6zellikle s\u0131cak, r\u00fczg\u00e2rl\u0131 ve g\u00fcne\u015fli g\u00fcnlerde alerjik bireylerde \u015fik\u00e2yetlerin artmas\u0131na neden olmaktad\u0131r&#8221; a\u00e7\u0131klamas\u0131n\u0131 yapt\u0131.<br \/>\n  Ate\u015f olmaz ama enfeksiyon riski artabilir<br \/>\n  Alerjik rinitin; burun ve g\u00f6zlerde ka\u015f\u0131nt\u0131, hap\u015f\u0131rma, burun t\u0131kan\u0131kl\u0131\u011f\u0131 ve ak\u0131nt\u0131s\u0131 gibi belirtilerle kendini g\u00f6sterdi\u011fini belirten Uzm. Dr. Dilara Y\u0131lmaz, baz\u0131 hastalarda bo\u011faz, kulak ve damak ka\u015f\u0131nt\u0131s\u0131, g\u00f6zlerde k\u0131zar\u0131kl\u0131k, koku ve tat kayb\u0131, horlama gibi \u015fik\u00e2yetlerin de g\u00f6r\u00fclebilece\u011fini s\u00f6ylerken, &#8220;Enfeksiy\u00f6z bir hastal\u0131k olmad\u0131\u011f\u0131 i\u00e7in genellikle ate\u015f beklenmez, ancak burun ve geniz ak\u0131nt\u0131s\u0131 enfeksiyon riskini art\u0131rabilir. Tan\u0131 s\u00fcrecinde semptomlar\u0131n g\u00f6r\u00fclme zaman\u0131, aile \u00f6yk\u00fcs\u00fc, deri testleri ve IgE d\u00fczeyleri de\u011ferlendirilir. Tedavideyse antihistaminikler, burun spreyleri, mast h\u00fccre stabilizat\u00f6rleri, immunoterapi ve gerekiyorsa inhaler tedaviler kullan\u0131labilir. Tedavi, \u00e7ocu\u011fun ya\u015f\u0131na, alerji tipine ve \u015fikayetlerin \u015fiddetine g\u00f6re planlanmal\u0131d\u0131r&#8221; dedi.<br \/>\n  Polen yo\u011funlu\u011fu olan saatlerde camlar\u0131 kapat\u0131n<br \/>\n  Alerjik reaksiyonlardan korunmak i\u00e7in baz\u0131 \u00f6nlemlerin al\u0131nmas\u0131n\u0131n \u00f6nemine de\u011finen Uzm. Dr. Dilara Y\u0131lmaz, \u015fu \u00f6nerilerde bulundu:<br \/>\n  &#8220;Polen yo\u011funlu\u011funun fazla oldu\u011fu g\u00fcnlerde kap\u0131 ve pencereleri kapal\u0131 tutun. Sabah erken saatlerde ve r\u00fczg\u00e2rl\u0131 havalarda d\u0131\u015far\u0131 \u00e7\u0131kmaktan ka\u00e7\u0131n\u0131n. D\u0131\u015far\u0131dan geldikten sonra k\u0131yafetleri de\u011fi\u015ftirin ve y\u00fcz\u00fcn\u00fcz\u00fc y\u0131kay\u0131n. G\u00fcne\u015f g\u00f6zl\u00fc\u011f\u00fc kullanarak g\u00f6zleri koruyun. Evde HEPA filtreli hava temizleyiciler ve \u00e7ama\u015f\u0131r kurutma makineleri kullan\u0131n. Alerji sezonu ba\u015flamadan 1-2 hafta \u00f6nce ila\u00e7 kullan\u0131m\u0131na ba\u015flay\u0131n.&#8221;<br \/>\n  Do\u011fru tedavi ile sa\u011fl\u0131kl\u0131 bir nefes m\u00fcmk\u00fcn<br \/>\n  Uzm. Dr. Dilara Y\u0131lmaz, alerjik rinitin ya\u015fam kalitesini olumsuz etkileyebilece\u011fini ancak do\u011fru tedavi ve \u00f6nlemlerle kontrol alt\u0131na al\u0131nabilece\u011fini belirterek, &#8220;Alerjik rinit hayat kalitesini bozabilir, ama bilin\u00e7li davranarak ve do\u011fru tedaviyle sa\u011fl\u0131kl\u0131 bir nefes almak m\u00fcmk\u00fcn&#8221; \u015feklinde g\u00f6r\u00fc\u015f verdi. <\/p>\n<p>26.04.2025                            <\/p>\n","protected":false},"excerpt":{"rendered":"<p>\u0130lkbahar ve sonbahar aylar\u0131nda s\u0131k\u00e7a g\u00f6r\u00fclen mevsimsel alerjik rinit, halk aras\u0131nda bilinen ad\u0131yla saman nezlesi, \u00e7evresel alerjenlere kar\u015f\u0131 burnun verdi\u011fi a\u015f\u0131r\u0131 tepki sonucu ortaya \u00e7\u0131k\u0131yor. \u00d6zellikle polen gibi alerjenlerin etkisiyle geli\u015fen bu durum, \u00e7ocuklar ba\u015fta olmak \u00fczere her ya\u015f grubunu etkileyebiliyor. Medicana Bursa Hastanesi \u00c7ocuk Sa\u011fl\u0131\u011f\u0131 ve Hastal\u0131klar\u0131 B\u00f6l\u00fcm\u00fc Uzm. Dr. Dilara Y\u0131lmaz, alerjik hastal\u0131klar\u0131n [&hellip;]<\/p>\n","protected":false},"author":1,"featured_media":6041,"comment_status":"open","ping_status":"open","sticky":false,"template":"","format":"standard","meta":{"footnotes":""},"categories":[50],"tags":[],"class_list":["post-6040","post","type-post","status-publish","format-standard","has-post-thumbnail","hentry","category-tum-haberler"],"yoast_head":"<!-- This site is optimized with the Yoast SEO plugin v27.4 - https:\/\/yoast.com\/product\/yoast-seo-wordpress\/ -->\n<title>Sa\u011fl\u0131kl\u0131 bir nefes i\u00e7in alerjilere kar\u015f\u0131 bilin\u00e7li olun - Memurun Sesi<\/title>\n<meta name=\"robots\" content=\"index, follow, max-snippet:-1, max-image-preview:large, max-video-preview:-1\" \/>\n<link rel=\"canonical\" href=\"https:\/\/memurunsesi.net\/index.php\/2025\/04\/27\/saglikli-bir-nefes-icin-alerjilere-karsi-bilincli-olun\/\" \/>\n<meta property=\"og:locale\" content=\"tr_TR\" \/>\n<meta property=\"og:type\" content=\"article\" \/>\n<meta property=\"og:title\" content=\"Sa\u011fl\u0131kl\u0131 bir nefes i\u00e7in alerjilere kar\u015f\u0131 bilin\u00e7li olun - Memurun Sesi\" \/>\n<meta property=\"og:description\" content=\"\u0130lkbahar ve sonbahar aylar\u0131nda s\u0131k\u00e7a g\u00f6r\u00fclen mevsimsel alerjik rinit, halk aras\u0131nda bilinen ad\u0131yla saman nezlesi, \u00e7evresel alerjenlere kar\u015f\u0131 burnun verdi\u011fi a\u015f\u0131r\u0131 tepki sonucu ortaya \u00e7\u0131k\u0131yor. \u00d6zellikle polen gibi alerjenlerin etkisiyle geli\u015fen bu durum, \u00e7ocuklar ba\u015fta olmak \u00fczere her ya\u015f grubunu etkileyebiliyor. Medicana Bursa Hastanesi \u00c7ocuk Sa\u011fl\u0131\u011f\u0131 ve Hastal\u0131klar\u0131 B\u00f6l\u00fcm\u00fc Uzm. Dr. Dilara Y\u0131lmaz, alerjik hastal\u0131klar\u0131n [&hellip;]\" \/>\n<meta property=\"og:url\" content=\"https:\/\/memurunsesi.net\/index.php\/2025\/04\/27\/saglikli-bir-nefes-icin-alerjilere-karsi-bilincli-olun\/\" \/>\n<meta property=\"og:site_name\" content=\"Memurun Sesi\" \/>\n<meta property=\"article:publisher\" content=\"https:\/\/www.facebook.com\/unipersen\/?locale=tr_TR\" \/>\n<meta property=\"article:published_time\" content=\"2025-04-27T06:24:21+00:00\" \/>\n<meta property=\"og:image\" content=\"https:\/\/memurunsesi.net\/wp-content\/uploads\/2025\/04\/AW441326_01.jpg\" \/>\n\t<meta property=\"og:image:width\" content=\"1600\" \/>\n\t<meta property=\"og:image:height\" content=\"938\" \/>\n\t<meta property=\"og:image:type\" content=\"image\/jpeg\" \/>\n<meta name=\"author\" content=\"Memurun Sesi Haber Merkezi\" \/>\n<meta name=\"twitter:card\" content=\"summary_large_image\" \/>\n<meta name=\"twitter:creator\" content=\"@unipersen\" \/>\n<meta name=\"twitter:site\" content=\"@unipersen\" \/>\n<meta name=\"twitter:label1\" content=\"Yazan:\" \/>\n\t<meta name=\"twitter:data1\" content=\"Memurun Sesi Haber Merkezi\" \/>\n\t<meta name=\"twitter:label2\" content=\"Tahmini okuma s\u00fcresi\" \/>\n\t<meta name=\"twitter:data2\" content=\"1 dakika\" \/>\n<script type=\"application\/ld+json\" class=\"yoast-schema-graph\">{\"@context\":\"https:\\\/\\\/schema.org\",\"@graph\":[{\"@type\":\"Article\",\"@id\":\"https:\\\/\\\/memurunsesi.net\\\/index.php\\\/2025\\\/04\\\/27\\\/saglikli-bir-nefes-icin-alerjilere-karsi-bilincli-olun\\\/#article\",\"isPartOf\":{\"@id\":\"https:\\\/\\\/memurunsesi.net\\\/index.php\\\/2025\\\/04\\\/27\\\/saglikli-bir-nefes-icin-alerjilere-karsi-bilincli-olun\\\/\"},\"author\":{\"name\":\"Memurun Sesi Haber Merkezi\",\"@id\":\"https:\\\/\\\/memurunsesi.net\\\/#\\\/schema\\\/person\\\/f21c2d73b89f6ee1d80b0a1803e38587\"},\"headline\":\"Sa\u011fl\u0131kl\u0131 bir nefes i\u00e7in alerjilere kar\u015f\u0131 bilin\u00e7li olun\",\"datePublished\":\"2025-04-27T06:24:21+00:00\",\"mainEntityOfPage\":{\"@id\":\"https:\\\/\\\/memurunsesi.net\\\/index.php\\\/2025\\\/04\\\/27\\\/saglikli-bir-nefes-icin-alerjilere-karsi-bilincli-olun\\\/\"},\"wordCount\":527,\"commentCount\":0,\"publisher\":{\"@id\":\"https:\\\/\\\/memurunsesi.net\\\/#organization\"},\"image\":{\"@id\":\"https:\\\/\\\/memurunsesi.net\\\/index.php\\\/2025\\\/04\\\/27\\\/saglikli-bir-nefes-icin-alerjilere-karsi-bilincli-olun\\\/#primaryimage\"},\"thumbnailUrl\":\"https:\\\/\\\/memurunsesi.net\\\/wp-content\\\/uploads\\\/2025\\\/04\\\/AW441326_01.jpg\",\"articleSection\":[\"T\u00fcm Haberler\"],\"inLanguage\":\"tr\",\"potentialAction\":[{\"@type\":\"CommentAction\",\"name\":\"Comment\",\"target\":[\"https:\\\/\\\/memurunsesi.net\\\/index.php\\\/2025\\\/04\\\/27\\\/saglikli-bir-nefes-icin-alerjilere-karsi-bilincli-olun\\\/#respond\"]}]},{\"@type\":\"WebPage\",\"@id\":\"https:\\\/\\\/memurunsesi.net\\\/index.php\\\/2025\\\/04\\\/27\\\/saglikli-bir-nefes-icin-alerjilere-karsi-bilincli-olun\\\/\",\"url\":\"https:\\\/\\\/memurunsesi.net\\\/index.php\\\/2025\\\/04\\\/27\\\/saglikli-bir-nefes-icin-alerjilere-karsi-bilincli-olun\\\/\",\"name\":\"Sa\u011fl\u0131kl\u0131 bir nefes i\u00e7in alerjilere kar\u015f\u0131 bilin\u00e7li olun - Memurun Sesi\",\"isPartOf\":{\"@id\":\"https:\\\/\\\/memurunsesi.net\\\/#website\"},\"primaryImageOfPage\":{\"@id\":\"https:\\\/\\\/memurunsesi.net\\\/index.php\\\/2025\\\/04\\\/27\\\/saglikli-bir-nefes-icin-alerjilere-karsi-bilincli-olun\\\/#primaryimage\"},\"image\":{\"@id\":\"https:\\\/\\\/memurunsesi.net\\\/index.php\\\/2025\\\/04\\\/27\\\/saglikli-bir-nefes-icin-alerjilere-karsi-bilincli-olun\\\/#primaryimage\"},\"thumbnailUrl\":\"https:\\\/\\\/memurunsesi.net\\\/wp-content\\\/uploads\\\/2025\\\/04\\\/AW441326_01.jpg\",\"datePublished\":\"2025-04-27T06:24:21+00:00\",\"breadcrumb\":{\"@id\":\"https:\\\/\\\/memurunsesi.net\\\/index.php\\\/2025\\\/04\\\/27\\\/saglikli-bir-nefes-icin-alerjilere-karsi-bilincli-olun\\\/#breadcrumb\"},\"inLanguage\":\"tr\",\"potentialAction\":[{\"@type\":\"ReadAction\",\"target\":[\"https:\\\/\\\/memurunsesi.net\\\/index.php\\\/2025\\\/04\\\/27\\\/saglikli-bir-nefes-icin-alerjilere-karsi-bilincli-olun\\\/\"]}]},{\"@type\":\"ImageObject\",\"inLanguage\":\"tr\",\"@id\":\"https:\\\/\\\/memurunsesi.net\\\/index.php\\\/2025\\\/04\\\/27\\\/saglikli-bir-nefes-icin-alerjilere-karsi-bilincli-olun\\\/#primaryimage\",\"url\":\"https:\\\/\\\/memurunsesi.net\\\/wp-content\\\/uploads\\\/2025\\\/04\\\/AW441326_01.jpg\",\"contentUrl\":\"https:\\\/\\\/memurunsesi.net\\\/wp-content\\\/uploads\\\/2025\\\/04\\\/AW441326_01.jpg\",\"width\":1600,\"height\":938,\"caption\":\"\u0130LKBAHAR VE SONBAHAR AYLARINDA SIK\u00c7A G\u00d6R\u00dcLEN MEVS\u0130MSEL ALERJ\u0130K R\u0130N\u0130T, HALK ARASINDA B\u0130L\u0130NEN ADIYLA SAMAN NEZLES\u0130, \u00c7EVRESEL ALERJENLERE KAR\u015eI BURNUN VERD\u0130\u011e\u0130 A\u015eIRI TEPK\u0130 SONUCU ORTAYA \u00c7IKIYOR. (\u0130HA\\\/BURSA-\u0130HA) \u0130lkbahar ve sonbahar aylar\u0131nda s\u0131k\u00e7a g\u00f6r\u00fclen mevsimsel alerjik rinit, halk aras\u0131nda bilinen ad\u0131yla saman nezlesi, \u00e7evresel alerjenlere kar\u015f\u0131 burnun verdi\u011fi a\u015f\u0131r\u0131 tepki sonucu ortaya \u00e7\u0131k\u0131yor.\"},{\"@type\":\"BreadcrumbList\",\"@id\":\"https:\\\/\\\/memurunsesi.net\\\/index.php\\\/2025\\\/04\\\/27\\\/saglikli-bir-nefes-icin-alerjilere-karsi-bilincli-olun\\\/#breadcrumb\",\"itemListElement\":[{\"@type\":\"ListItem\",\"position\":1,\"name\":\"Anasayfa\",\"item\":\"https:\\\/\\\/memurunsesi.net\\\/\"},{\"@type\":\"ListItem\",\"position\":2,\"name\":\"Sa\u011fl\u0131kl\u0131 bir nefes i\u00e7in alerjilere kar\u015f\u0131 bilin\u00e7li olun\"}]},{\"@type\":\"WebSite\",\"@id\":\"https:\\\/\\\/memurunsesi.net\\\/#website\",\"url\":\"https:\\\/\\\/memurunsesi.net\\\/\",\"name\":\"Memurun Sesi\",\"description\":\"G\u00fcncel ve Do\u011fru Haber\",\"publisher\":{\"@id\":\"https:\\\/\\\/memurunsesi.net\\\/#organization\"},\"potentialAction\":[{\"@type\":\"SearchAction\",\"target\":{\"@type\":\"EntryPoint\",\"urlTemplate\":\"https:\\\/\\\/memurunsesi.net\\\/?s={search_term_string}\"},\"query-input\":{\"@type\":\"PropertyValueSpecification\",\"valueRequired\":true,\"valueName\":\"search_term_string\"}}],\"inLanguage\":\"tr\"},{\"@type\":\"Organization\",\"@id\":\"https:\\\/\\\/memurunsesi.net\\\/#organization\",\"name\":\"Memurun Sesi\",\"url\":\"https:\\\/\\\/memurunsesi.net\\\/\",\"logo\":{\"@type\":\"ImageObject\",\"inLanguage\":\"tr\",\"@id\":\"https:\\\/\\\/memurunsesi.net\\\/#\\\/schema\\\/logo\\\/image\\\/\",\"url\":\"https:\\\/\\\/memurunsesi.net\\\/wp-content\\\/uploads\\\/2025\\\/11\\\/cropped-MEMURUN-SESI.png\",\"contentUrl\":\"https:\\\/\\\/memurunsesi.net\\\/wp-content\\\/uploads\\\/2025\\\/11\\\/cropped-MEMURUN-SESI.png\",\"width\":238,\"height\":57,\"caption\":\"Memurun Sesi\"},\"image\":{\"@id\":\"https:\\\/\\\/memurunsesi.net\\\/#\\\/schema\\\/logo\\\/image\\\/\"},\"sameAs\":[\"https:\\\/\\\/www.facebook.com\\\/unipersen\\\/?locale=tr_TR\",\"https:\\\/\\\/x.com\\\/unipersen\"]},{\"@type\":\"Person\",\"@id\":\"https:\\\/\\\/memurunsesi.net\\\/#\\\/schema\\\/person\\\/f21c2d73b89f6ee1d80b0a1803e38587\",\"name\":\"Memurun Sesi Haber Merkezi\",\"image\":{\"@type\":\"ImageObject\",\"inLanguage\":\"tr\",\"@id\":\"https:\\\/\\\/secure.gravatar.com\\\/avatar\\\/6cf0505f452ee753f485014986fab09a434671d2b919ee76fc541025c5876a70?s=96&d=mm&r=g\",\"url\":\"https:\\\/\\\/secure.gravatar.com\\\/avatar\\\/6cf0505f452ee753f485014986fab09a434671d2b919ee76fc541025c5876a70?s=96&d=mm&r=g\",\"contentUrl\":\"https:\\\/\\\/secure.gravatar.com\\\/avatar\\\/6cf0505f452ee753f485014986fab09a434671d2b919ee76fc541025c5876a70?s=96&d=mm&r=g\",\"caption\":\"Memurun Sesi Haber Merkezi\"},\"sameAs\":[\"https:\\\/\\\/memurunsesi.net\"],\"url\":\"https:\\\/\\\/memurunsesi.net\\\/index.php\\\/author\\\/uniper\\\/\"}]}<\/script>\n<!-- \/ Yoast SEO plugin. -->","yoast_head_json":{"title":"Sa\u011fl\u0131kl\u0131 bir nefes i\u00e7in alerjilere kar\u015f\u0131 bilin\u00e7li olun - Memurun Sesi","robots":{"index":"index","follow":"follow","max-snippet":"max-snippet:-1","max-image-preview":"max-image-preview:large","max-video-preview":"max-video-preview:-1"},"canonical":"https:\/\/memurunsesi.net\/index.php\/2025\/04\/27\/saglikli-bir-nefes-icin-alerjilere-karsi-bilincli-olun\/","og_locale":"tr_TR","og_type":"article","og_title":"Sa\u011fl\u0131kl\u0131 bir nefes i\u00e7in alerjilere kar\u015f\u0131 bilin\u00e7li olun - Memurun Sesi","og_description":"\u0130lkbahar ve sonbahar aylar\u0131nda s\u0131k\u00e7a g\u00f6r\u00fclen mevsimsel alerjik rinit, halk aras\u0131nda bilinen ad\u0131yla saman nezlesi, \u00e7evresel alerjenlere kar\u015f\u0131 burnun verdi\u011fi a\u015f\u0131r\u0131 tepki sonucu ortaya \u00e7\u0131k\u0131yor. \u00d6zellikle polen gibi alerjenlerin etkisiyle geli\u015fen bu durum, \u00e7ocuklar ba\u015fta olmak \u00fczere her ya\u015f grubunu etkileyebiliyor. Medicana Bursa Hastanesi \u00c7ocuk Sa\u011fl\u0131\u011f\u0131 ve Hastal\u0131klar\u0131 B\u00f6l\u00fcm\u00fc Uzm. Dr. Dilara Y\u0131lmaz, alerjik hastal\u0131klar\u0131n [&hellip;]","og_url":"https:\/\/memurunsesi.net\/index.php\/2025\/04\/27\/saglikli-bir-nefes-icin-alerjilere-karsi-bilincli-olun\/","og_site_name":"Memurun Sesi","article_publisher":"https:\/\/www.facebook.com\/unipersen\/?locale=tr_TR","article_published_time":"2025-04-27T06:24:21+00:00","og_image":[{"width":1600,"height":938,"url":"https:\/\/memurunsesi.net\/wp-content\/uploads\/2025\/04\/AW441326_01.jpg","type":"image\/jpeg"}],"author":"Memurun Sesi Haber Merkezi","twitter_card":"summary_large_image","twitter_creator":"@unipersen","twitter_site":"@unipersen","twitter_misc":{"Yazan:":"Memurun Sesi Haber Merkezi","Tahmini okuma s\u00fcresi":"1 dakika"},"schema":{"@context":"https:\/\/schema.org","@graph":[{"@type":"Article","@id":"https:\/\/memurunsesi.net\/index.php\/2025\/04\/27\/saglikli-bir-nefes-icin-alerjilere-karsi-bilincli-olun\/#article","isPartOf":{"@id":"https:\/\/memurunsesi.net\/index.php\/2025\/04\/27\/saglikli-bir-nefes-icin-alerjilere-karsi-bilincli-olun\/"},"author":{"name":"Memurun Sesi Haber Merkezi","@id":"https:\/\/memurunsesi.net\/#\/schema\/person\/f21c2d73b89f6ee1d80b0a1803e38587"},"headline":"Sa\u011fl\u0131kl\u0131 bir nefes i\u00e7in alerjilere kar\u015f\u0131 bilin\u00e7li olun","datePublished":"2025-04-27T06:24:21+00:00","mainEntityOfPage":{"@id":"https:\/\/memurunsesi.net\/index.php\/2025\/04\/27\/saglikli-bir-nefes-icin-alerjilere-karsi-bilincli-olun\/"},"wordCount":527,"commentCount":0,"publisher":{"@id":"https:\/\/memurunsesi.net\/#organization"},"image":{"@id":"https:\/\/memurunsesi.net\/index.php\/2025\/04\/27\/saglikli-bir-nefes-icin-alerjilere-karsi-bilincli-olun\/#primaryimage"},"thumbnailUrl":"https:\/\/memurunsesi.net\/wp-content\/uploads\/2025\/04\/AW441326_01.jpg","articleSection":["T\u00fcm Haberler"],"inLanguage":"tr","potentialAction":[{"@type":"CommentAction","name":"Comment","target":["https:\/\/memurunsesi.net\/index.php\/2025\/04\/27\/saglikli-bir-nefes-icin-alerjilere-karsi-bilincli-olun\/#respond"]}]},{"@type":"WebPage","@id":"https:\/\/memurunsesi.net\/index.php\/2025\/04\/27\/saglikli-bir-nefes-icin-alerjilere-karsi-bilincli-olun\/","url":"https:\/\/memurunsesi.net\/index.php\/2025\/04\/27\/saglikli-bir-nefes-icin-alerjilere-karsi-bilincli-olun\/","name":"Sa\u011fl\u0131kl\u0131 bir nefes i\u00e7in alerjilere kar\u015f\u0131 bilin\u00e7li olun - Memurun Sesi","isPartOf":{"@id":"https:\/\/memurunsesi.net\/#website"},"primaryImageOfPage":{"@id":"https:\/\/memurunsesi.net\/index.php\/2025\/04\/27\/saglikli-bir-nefes-icin-alerjilere-karsi-bilincli-olun\/#primaryimage"},"image":{"@id":"https:\/\/memurunsesi.net\/index.php\/2025\/04\/27\/saglikli-bir-nefes-icin-alerjilere-karsi-bilincli-olun\/#primaryimage"},"thumbnailUrl":"https:\/\/memurunsesi.net\/wp-content\/uploads\/2025\/04\/AW441326_01.jpg","datePublished":"2025-04-27T06:24:21+00:00","breadcrumb":{"@id":"https:\/\/memurunsesi.net\/index.php\/2025\/04\/27\/saglikli-bir-nefes-icin-alerjilere-karsi-bilincli-olun\/#breadcrumb"},"inLanguage":"tr","potentialAction":[{"@type":"ReadAction","target":["https:\/\/memurunsesi.net\/index.php\/2025\/04\/27\/saglikli-bir-nefes-icin-alerjilere-karsi-bilincli-olun\/"]}]},{"@type":"ImageObject","inLanguage":"tr","@id":"https:\/\/memurunsesi.net\/index.php\/2025\/04\/27\/saglikli-bir-nefes-icin-alerjilere-karsi-bilincli-olun\/#primaryimage","url":"https:\/\/memurunsesi.net\/wp-content\/uploads\/2025\/04\/AW441326_01.jpg","contentUrl":"https:\/\/memurunsesi.net\/wp-content\/uploads\/2025\/04\/AW441326_01.jpg","width":1600,"height":938,"caption":"\u0130LKBAHAR VE SONBAHAR AYLARINDA SIK\u00c7A G\u00d6R\u00dcLEN MEVS\u0130MSEL ALERJ\u0130K R\u0130N\u0130T, HALK ARASINDA B\u0130L\u0130NEN ADIYLA SAMAN NEZLES\u0130, \u00c7EVRESEL ALERJENLERE KAR\u015eI BURNUN VERD\u0130\u011e\u0130 A\u015eIRI TEPK\u0130 SONUCU ORTAYA \u00c7IKIYOR. (\u0130HA\/BURSA-\u0130HA) \u0130lkbahar ve sonbahar aylar\u0131nda s\u0131k\u00e7a g\u00f6r\u00fclen mevsimsel alerjik rinit, halk aras\u0131nda bilinen ad\u0131yla saman nezlesi, \u00e7evresel alerjenlere kar\u015f\u0131 burnun verdi\u011fi a\u015f\u0131r\u0131 tepki sonucu ortaya \u00e7\u0131k\u0131yor."},{"@type":"BreadcrumbList","@id":"https:\/\/memurunsesi.net\/index.php\/2025\/04\/27\/saglikli-bir-nefes-icin-alerjilere-karsi-bilincli-olun\/#breadcrumb","itemListElement":[{"@type":"ListItem","position":1,"name":"Anasayfa","item":"https:\/\/memurunsesi.net\/"},{"@type":"ListItem","position":2,"name":"Sa\u011fl\u0131kl\u0131 bir nefes i\u00e7in alerjilere kar\u015f\u0131 bilin\u00e7li olun"}]},{"@type":"WebSite","@id":"https:\/\/memurunsesi.net\/#website","url":"https:\/\/memurunsesi.net\/","name":"Memurun Sesi","description":"G\u00fcncel ve Do\u011fru Haber","publisher":{"@id":"https:\/\/memurunsesi.net\/#organization"},"potentialAction":[{"@type":"SearchAction","target":{"@type":"EntryPoint","urlTemplate":"https:\/\/memurunsesi.net\/?s={search_term_string}"},"query-input":{"@type":"PropertyValueSpecification","valueRequired":true,"valueName":"search_term_string"}}],"inLanguage":"tr"},{"@type":"Organization","@id":"https:\/\/memurunsesi.net\/#organization","name":"Memurun Sesi","url":"https:\/\/memurunsesi.net\/","logo":{"@type":"ImageObject","inLanguage":"tr","@id":"https:\/\/memurunsesi.net\/#\/schema\/logo\/image\/","url":"https:\/\/memurunsesi.net\/wp-content\/uploads\/2025\/11\/cropped-MEMURUN-SESI.png","contentUrl":"https:\/\/memurunsesi.net\/wp-content\/uploads\/2025\/11\/cropped-MEMURUN-SESI.png","width":238,"height":57,"caption":"Memurun Sesi"},"image":{"@id":"https:\/\/memurunsesi.net\/#\/schema\/logo\/image\/"},"sameAs":["https:\/\/www.facebook.com\/unipersen\/?locale=tr_TR","https:\/\/x.com\/unipersen"]},{"@type":"Person","@id":"https:\/\/memurunsesi.net\/#\/schema\/person\/f21c2d73b89f6ee1d80b0a1803e38587","name":"Memurun Sesi Haber Merkezi","image":{"@type":"ImageObject","inLanguage":"tr","@id":"https:\/\/secure.gravatar.com\/avatar\/6cf0505f452ee753f485014986fab09a434671d2b919ee76fc541025c5876a70?s=96&d=mm&r=g","url":"https:\/\/secure.gravatar.com\/avatar\/6cf0505f452ee753f485014986fab09a434671d2b919ee76fc541025c5876a70?s=96&d=mm&r=g","contentUrl":"https:\/\/secure.gravatar.com\/avatar\/6cf0505f452ee753f485014986fab09a434671d2b919ee76fc541025c5876a70?s=96&d=mm&r=g","caption":"Memurun Sesi Haber Merkezi"},"sameAs":["https:\/\/memurunsesi.net"],"url":"https:\/\/memurunsesi.net\/index.php\/author\/uniper\/"}]}},"_links":{"self":[{"href":"https:\/\/memurunsesi.net\/index.php\/wp-json\/wp\/v2\/posts\/6040","targetHints":{"allow":["GET"]}}],"collection":[{"href":"https:\/\/memurunsesi.net\/index.php\/wp-json\/wp\/v2\/posts"}],"about":[{"href":"https:\/\/memurunsesi.net\/index.php\/wp-json\/wp\/v2\/types\/post"}],"author":[{"embeddable":true,"href":"https:\/\/memurunsesi.net\/index.php\/wp-json\/wp\/v2\/users\/1"}],"replies":[{"embeddable":true,"href":"https:\/\/memurunsesi.net\/index.php\/wp-json\/wp\/v2\/comments?post=6040"}],"version-history":[{"count":1,"href":"https:\/\/memurunsesi.net\/index.php\/wp-json\/wp\/v2\/posts\/6040\/revisions"}],"predecessor-version":[{"id":6042,"href":"https:\/\/memurunsesi.net\/index.php\/wp-json\/wp\/v2\/posts\/6040\/revisions\/6042"}],"wp:featuredmedia":[{"embeddable":true,"href":"https:\/\/memurunsesi.net\/index.php\/wp-json\/wp\/v2\/media\/6041"}],"wp:attachment":[{"href":"https:\/\/memurunsesi.net\/index.php\/wp-json\/wp\/v2\/media?parent=6040"}],"wp:term":[{"taxonomy":"category","embeddable":true,"href":"https:\/\/memurunsesi.net\/index.php\/wp-json\/wp\/v2\/categories?post=6040"},{"taxonomy":"post_tag","embeddable":true,"href":"https:\/\/memurunsesi.net\/index.php\/wp-json\/wp\/v2\/tags?post=6040"}],"curies":[{"name":"wp","href":"https:\/\/api.w.org\/{rel}","templated":true}]}}