{"id":6061,"date":"2025-04-27T09:53:43","date_gmt":"2025-04-27T06:53:43","guid":{"rendered":"https:\/\/memurunsesi.net\/?p=6061"},"modified":"2025-04-27T09:55:00","modified_gmt":"2025-04-27T06:55:00","slug":"3-motosiklet-caldilar-4uncuyu-calarken-sucustu-yakalandilar","status":"publish","type":"post","link":"https:\/\/memurunsesi.net\/index.php\/2025\/04\/27\/3-motosiklet-caldilar-4uncuyu-calarken-sucustu-yakalandilar\/","title":{"rendered":"3 motosiklet \u00e7ald\u0131lar, 4&#8217;\u00fcnc\u00fcy\u00fc \u00e7alarken su\u00e7\u00fcst\u00fc yakaland\u0131lar"},"content":{"rendered":"<p>  Bursa&#8217;da 2 farkl\u0131 il\u00e7eden 3 motosiklet \u00e7alan 2 \u015f\u00fcpheli, ba\u015fka bir motosikleti \u00e7ald\u0131\u011f\u0131 s\u0131rada su\u00e7\u00fcst\u00fc yakaland\u0131. H\u0131rs\u0131zl\u0131k anlar\u0131 g\u00fcvenlik kameras\u0131na yans\u0131d\u0131.<br \/>\n  Bursa&#8217;da merkez Y\u0131ld\u0131r\u0131m ve Osmangazi il\u00e7elerinde ayn\u0131 g\u00fcn 2 motosiklet \u00e7al\u0131nmas\u0131 \u00fczerine m\u00fc\u015ftekiler durumu polis ekiplerine bildirdi. \u0130hbar \u00fczerine Asayi\u015f \u015eube M\u00fcd\u00fcrl\u00fc\u011f\u00fc Oto H\u0131rs\u0131zl\u0131k B\u00fcro Amirli\u011fi ekipleri harekete ge\u00e7ti. <\/p>\n<p>  Su\u00e7\u00fcst\u00fc yakaland\u0131lar<br \/>\n  \u0130hbar \u00fczerine harekete ge\u00e7en Asayi\u015f \u015eube M\u00fcd\u00fcrl\u00fc\u011f\u00fc&#8217;ne ba\u011fl\u0131 Oto H\u0131rs\u0131zl\u0131k B\u00fcro Amirli\u011fi ekipleri, b\u00f6lgede bulunan \u00e7ok say\u0131da g\u00fcvenlik kameras\u0131n\u0131 mercek alt\u0131na ald\u0131. Yap\u0131lan incelemeler sonucunda \u015f\u00fcphelilerin A.A. (24) ve H.U. (31) oldu\u011fu tespit edildi. G\u00fcvenlik kameralar\u0131 ile iz y\u00fcr\u00fcten ekipler, \u015f\u00fcphelileri ba\u015fka bir motosikleti \u00e7alarken su\u00e7\u00fcst\u00fc yakalad\u0131. A.A. ve H.U., Asayi\u015f \u015eube M\u00fcd\u00fcrl\u00fc\u011f\u00fc&#8217;nde al\u0131nan ifadelerinin ard\u0131ndan \u00e7\u0131kar\u0131ld\u0131\u011f\u0131 mahkemece tutuklanarak cezaevine g\u00f6nderildi. <\/p>\n<p>27.04.2025<div style=\"width: 512px;\" class=\"wp-video\"><video class=\"wp-video-shortcode\" id=\"video-6061-1\" width=\"512\" height=\"288\" preload=\"metadata\" controls=\"controls\"><source type=\"video\/mp4\" src=\"https:\/\/memurunsesi.net\/wp-content\/uploads\/2025\/04\/45C1BF18-E960-4DA8-B45D-DDACDB44D71D.mp4?_=1\" \/><a href=\"https:\/\/memurunsesi.net\/wp-content\/uploads\/2025\/04\/45C1BF18-E960-4DA8-B45D-DDACDB44D71D.mp4\">https:\/\/memurunsesi.net\/wp-content\/uploads\/2025\/04\/45C1BF18-E960-4DA8-B45D-DDACDB44D71D.mp4<\/a><\/video><\/div>                            <\/p>\n","protected":false},"excerpt":{"rendered":"<p>Bursa&#8217;da 2 farkl\u0131 il\u00e7eden 3 motosiklet \u00e7alan 2 \u015f\u00fcpheli, ba\u015fka bir motosikleti \u00e7ald\u0131\u011f\u0131 s\u0131rada su\u00e7\u00fcst\u00fc yakaland\u0131. H\u0131rs\u0131zl\u0131k anlar\u0131 g\u00fcvenlik kameras\u0131na yans\u0131d\u0131. Bursa&#8217;da merkez Y\u0131ld\u0131r\u0131m ve Osmangazi il\u00e7elerinde ayn\u0131 g\u00fcn 2 motosiklet \u00e7al\u0131nmas\u0131 \u00fczerine m\u00fc\u015ftekiler durumu polis ekiplerine bildirdi. \u0130hbar \u00fczerine Asayi\u015f \u015eube M\u00fcd\u00fcrl\u00fc\u011f\u00fc Oto H\u0131rs\u0131zl\u0131k B\u00fcro Amirli\u011fi ekipleri harekete ge\u00e7ti. Su\u00e7\u00fcst\u00fc yakaland\u0131lar \u0130hbar \u00fczerine harekete [&hellip;]<\/p>\n","protected":false},"author":1,"featured_media":6065,"comment_status":"open","ping_status":"open","sticky":false,"template":"","format":"standard","meta":{"footnotes":""},"categories":[45],"tags":[],"class_list":["post-6061","post","type-post","status-publish","format-standard","has-post-thumbnail","hentry","category-gundem"],"yoast_head":"<!-- This site is optimized with the Yoast SEO plugin v27.4 - https:\/\/yoast.com\/product\/yoast-seo-wordpress\/ -->\n<title>3 motosiklet \u00e7ald\u0131lar, 4&#039;\u00fcnc\u00fcy\u00fc \u00e7alarken su\u00e7\u00fcst\u00fc yakaland\u0131lar - Memurun Sesi<\/title>\n<meta name=\"robots\" content=\"index, follow, max-snippet:-1, max-image-preview:large, max-video-preview:-1\" \/>\n<link rel=\"canonical\" href=\"https:\/\/memurunsesi.net\/index.php\/2025\/04\/27\/3-motosiklet-caldilar-4uncuyu-calarken-sucustu-yakalandilar\/\" \/>\n<meta property=\"og:locale\" content=\"tr_TR\" \/>\n<meta property=\"og:type\" content=\"article\" \/>\n<meta property=\"og:title\" content=\"3 motosiklet \u00e7ald\u0131lar, 4&#039;\u00fcnc\u00fcy\u00fc \u00e7alarken su\u00e7\u00fcst\u00fc yakaland\u0131lar - Memurun Sesi\" \/>\n<meta property=\"og:description\" content=\"Bursa&#8217;da 2 farkl\u0131 il\u00e7eden 3 motosiklet \u00e7alan 2 \u015f\u00fcpheli, ba\u015fka bir motosikleti \u00e7ald\u0131\u011f\u0131 s\u0131rada su\u00e7\u00fcst\u00fc yakaland\u0131. H\u0131rs\u0131zl\u0131k anlar\u0131 g\u00fcvenlik kameras\u0131na yans\u0131d\u0131. Bursa&#8217;da merkez Y\u0131ld\u0131r\u0131m ve Osmangazi il\u00e7elerinde ayn\u0131 g\u00fcn 2 motosiklet \u00e7al\u0131nmas\u0131 \u00fczerine m\u00fc\u015ftekiler durumu polis ekiplerine bildirdi. \u0130hbar \u00fczerine Asayi\u015f \u015eube M\u00fcd\u00fcrl\u00fc\u011f\u00fc Oto H\u0131rs\u0131zl\u0131k B\u00fcro Amirli\u011fi ekipleri harekete ge\u00e7ti. Su\u00e7\u00fcst\u00fc yakaland\u0131lar \u0130hbar \u00fczerine harekete [&hellip;]\" \/>\n<meta property=\"og:url\" content=\"https:\/\/memurunsesi.net\/index.php\/2025\/04\/27\/3-motosiklet-caldilar-4uncuyu-calarken-sucustu-yakalandilar\/\" \/>\n<meta property=\"og:site_name\" content=\"Memurun Sesi\" \/>\n<meta property=\"article:publisher\" content=\"https:\/\/www.facebook.com\/unipersen\/?locale=tr_TR\" \/>\n<meta property=\"article:published_time\" content=\"2025-04-27T06:53:43+00:00\" \/>\n<meta property=\"article:modified_time\" content=\"2025-04-27T06:55:00+00:00\" \/>\n<meta property=\"og:image\" content=\"https:\/\/memurunsesi.net\/wp-content\/uploads\/2025\/04\/AW441935_03.jpg\" \/>\n\t<meta property=\"og:image:width\" content=\"1170\" \/>\n\t<meta property=\"og:image:height\" content=\"636\" \/>\n\t<meta property=\"og:image:type\" content=\"image\/jpeg\" \/>\n<meta name=\"author\" content=\"Memurun Sesi Haber Merkezi\" \/>\n<meta name=\"twitter:card\" content=\"summary_large_image\" \/>\n<meta name=\"twitter:creator\" content=\"@unipersen\" \/>\n<meta name=\"twitter:site\" content=\"@unipersen\" \/>\n<meta name=\"twitter:label1\" content=\"Yazan:\" \/>\n\t<meta name=\"twitter:data1\" content=\"Memurun Sesi Haber Merkezi\" \/>\n\t<meta name=\"twitter:label2\" content=\"Tahmini okuma s\u00fcresi\" \/>\n\t<meta name=\"twitter:data2\" content=\"1 dakika\" \/>\n<script type=\"application\/ld+json\" class=\"yoast-schema-graph\">{\"@context\":\"https:\\\/\\\/schema.org\",\"@graph\":[{\"@type\":\"Article\",\"@id\":\"https:\\\/\\\/memurunsesi.net\\\/index.php\\\/2025\\\/04\\\/27\\\/3-motosiklet-caldilar-4uncuyu-calarken-sucustu-yakalandilar\\\/#article\",\"isPartOf\":{\"@id\":\"https:\\\/\\\/memurunsesi.net\\\/index.php\\\/2025\\\/04\\\/27\\\/3-motosiklet-caldilar-4uncuyu-calarken-sucustu-yakalandilar\\\/\"},\"author\":{\"name\":\"Memurun Sesi Haber Merkezi\",\"@id\":\"https:\\\/\\\/memurunsesi.net\\\/#\\\/schema\\\/person\\\/f21c2d73b89f6ee1d80b0a1803e38587\"},\"headline\":\"3 motosiklet \u00e7ald\u0131lar, 4&#8217;\u00fcnc\u00fcy\u00fc \u00e7alarken su\u00e7\u00fcst\u00fc yakaland\u0131lar\",\"datePublished\":\"2025-04-27T06:53:43+00:00\",\"dateModified\":\"2025-04-27T06:55:00+00:00\",\"mainEntityOfPage\":{\"@id\":\"https:\\\/\\\/memurunsesi.net\\\/index.php\\\/2025\\\/04\\\/27\\\/3-motosiklet-caldilar-4uncuyu-calarken-sucustu-yakalandilar\\\/\"},\"wordCount\":199,\"commentCount\":0,\"publisher\":{\"@id\":\"https:\\\/\\\/memurunsesi.net\\\/#organization\"},\"image\":{\"@id\":\"https:\\\/\\\/memurunsesi.net\\\/index.php\\\/2025\\\/04\\\/27\\\/3-motosiklet-caldilar-4uncuyu-calarken-sucustu-yakalandilar\\\/#primaryimage\"},\"thumbnailUrl\":\"https:\\\/\\\/memurunsesi.net\\\/wp-content\\\/uploads\\\/2025\\\/04\\\/AW441935_03.jpg\",\"articleSection\":[\"G\u00fcndem\"],\"inLanguage\":\"tr\",\"potentialAction\":[{\"@type\":\"CommentAction\",\"name\":\"Comment\",\"target\":[\"https:\\\/\\\/memurunsesi.net\\\/index.php\\\/2025\\\/04\\\/27\\\/3-motosiklet-caldilar-4uncuyu-calarken-sucustu-yakalandilar\\\/#respond\"]}]},{\"@type\":\"WebPage\",\"@id\":\"https:\\\/\\\/memurunsesi.net\\\/index.php\\\/2025\\\/04\\\/27\\\/3-motosiklet-caldilar-4uncuyu-calarken-sucustu-yakalandilar\\\/\",\"url\":\"https:\\\/\\\/memurunsesi.net\\\/index.php\\\/2025\\\/04\\\/27\\\/3-motosiklet-caldilar-4uncuyu-calarken-sucustu-yakalandilar\\\/\",\"name\":\"3 motosiklet \u00e7ald\u0131lar, 4'\u00fcnc\u00fcy\u00fc \u00e7alarken su\u00e7\u00fcst\u00fc yakaland\u0131lar - Memurun Sesi\",\"isPartOf\":{\"@id\":\"https:\\\/\\\/memurunsesi.net\\\/#website\"},\"primaryImageOfPage\":{\"@id\":\"https:\\\/\\\/memurunsesi.net\\\/index.php\\\/2025\\\/04\\\/27\\\/3-motosiklet-caldilar-4uncuyu-calarken-sucustu-yakalandilar\\\/#primaryimage\"},\"image\":{\"@id\":\"https:\\\/\\\/memurunsesi.net\\\/index.php\\\/2025\\\/04\\\/27\\\/3-motosiklet-caldilar-4uncuyu-calarken-sucustu-yakalandilar\\\/#primaryimage\"},\"thumbnailUrl\":\"https:\\\/\\\/memurunsesi.net\\\/wp-content\\\/uploads\\\/2025\\\/04\\\/AW441935_03.jpg\",\"datePublished\":\"2025-04-27T06:53:43+00:00\",\"dateModified\":\"2025-04-27T06:55:00+00:00\",\"breadcrumb\":{\"@id\":\"https:\\\/\\\/memurunsesi.net\\\/index.php\\\/2025\\\/04\\\/27\\\/3-motosiklet-caldilar-4uncuyu-calarken-sucustu-yakalandilar\\\/#breadcrumb\"},\"inLanguage\":\"tr\",\"potentialAction\":[{\"@type\":\"ReadAction\",\"target\":[\"https:\\\/\\\/memurunsesi.net\\\/index.php\\\/2025\\\/04\\\/27\\\/3-motosiklet-caldilar-4uncuyu-calarken-sucustu-yakalandilar\\\/\"]}]},{\"@type\":\"ImageObject\",\"inLanguage\":\"tr\",\"@id\":\"https:\\\/\\\/memurunsesi.net\\\/index.php\\\/2025\\\/04\\\/27\\\/3-motosiklet-caldilar-4uncuyu-calarken-sucustu-yakalandilar\\\/#primaryimage\",\"url\":\"https:\\\/\\\/memurunsesi.net\\\/wp-content\\\/uploads\\\/2025\\\/04\\\/AW441935_03.jpg\",\"contentUrl\":\"https:\\\/\\\/memurunsesi.net\\\/wp-content\\\/uploads\\\/2025\\\/04\\\/AW441935_03.jpg\",\"width\":1170,\"height\":636,\"caption\":\"BURSA'DA 2 FARKLI \u0130L\u00c7EDEN 3 MOTOS\u0130KLET \u00c7ALAN 2 \u015e\u00dcPHEL\u0130, BA\u015eKA B\u0130R MOTOS\u0130KLET\u0130 \u00c7ALDI\u011eI SIRADA SU\u00c7\u00dcST\u00dc YAKALANDI. (\\\/BURSA-\u0130HA) Bursa'da 2 farkl\u0131 il\u00e7eden 3 motosiklet \u00e7alan 2 \u015f\u00fcpheli, ba\u015fka bir motosikleti \u00e7ald\u0131\u011f\u0131 s\u0131rada su\u00e7\u00fcst\u00fc yakaland\u0131. H\u0131rs\u0131zl\u0131k anlar\u0131 g\u00fcvenlik kameras\u0131na yans\u0131d\u0131.\"},{\"@type\":\"BreadcrumbList\",\"@id\":\"https:\\\/\\\/memurunsesi.net\\\/index.php\\\/2025\\\/04\\\/27\\\/3-motosiklet-caldilar-4uncuyu-calarken-sucustu-yakalandilar\\\/#breadcrumb\",\"itemListElement\":[{\"@type\":\"ListItem\",\"position\":1,\"name\":\"Anasayfa\",\"item\":\"https:\\\/\\\/memurunsesi.net\\\/\"},{\"@type\":\"ListItem\",\"position\":2,\"name\":\"3 motosiklet \u00e7ald\u0131lar, 4&#8217;\u00fcnc\u00fcy\u00fc \u00e7alarken su\u00e7\u00fcst\u00fc yakaland\u0131lar\"}]},{\"@type\":\"WebSite\",\"@id\":\"https:\\\/\\\/memurunsesi.net\\\/#website\",\"url\":\"https:\\\/\\\/memurunsesi.net\\\/\",\"name\":\"Memurun Sesi\",\"description\":\"G\u00fcncel ve Do\u011fru Haber\",\"publisher\":{\"@id\":\"https:\\\/\\\/memurunsesi.net\\\/#organization\"},\"potentialAction\":[{\"@type\":\"SearchAction\",\"target\":{\"@type\":\"EntryPoint\",\"urlTemplate\":\"https:\\\/\\\/memurunsesi.net\\\/?s={search_term_string}\"},\"query-input\":{\"@type\":\"PropertyValueSpecification\",\"valueRequired\":true,\"valueName\":\"search_term_string\"}}],\"inLanguage\":\"tr\"},{\"@type\":\"Organization\",\"@id\":\"https:\\\/\\\/memurunsesi.net\\\/#organization\",\"name\":\"Memurun Sesi\",\"url\":\"https:\\\/\\\/memurunsesi.net\\\/\",\"logo\":{\"@type\":\"ImageObject\",\"inLanguage\":\"tr\",\"@id\":\"https:\\\/\\\/memurunsesi.net\\\/#\\\/schema\\\/logo\\\/image\\\/\",\"url\":\"https:\\\/\\\/memurunsesi.net\\\/wp-content\\\/uploads\\\/2025\\\/11\\\/cropped-MEMURUN-SESI.png\",\"contentUrl\":\"https:\\\/\\\/memurunsesi.net\\\/wp-content\\\/uploads\\\/2025\\\/11\\\/cropped-MEMURUN-SESI.png\",\"width\":238,\"height\":57,\"caption\":\"Memurun Sesi\"},\"image\":{\"@id\":\"https:\\\/\\\/memurunsesi.net\\\/#\\\/schema\\\/logo\\\/image\\\/\"},\"sameAs\":[\"https:\\\/\\\/www.facebook.com\\\/unipersen\\\/?locale=tr_TR\",\"https:\\\/\\\/x.com\\\/unipersen\"]},{\"@type\":\"Person\",\"@id\":\"https:\\\/\\\/memurunsesi.net\\\/#\\\/schema\\\/person\\\/f21c2d73b89f6ee1d80b0a1803e38587\",\"name\":\"Memurun Sesi Haber Merkezi\",\"image\":{\"@type\":\"ImageObject\",\"inLanguage\":\"tr\",\"@id\":\"https:\\\/\\\/secure.gravatar.com\\\/avatar\\\/6cf0505f452ee753f485014986fab09a434671d2b919ee76fc541025c5876a70?s=96&d=mm&r=g\",\"url\":\"https:\\\/\\\/secure.gravatar.com\\\/avatar\\\/6cf0505f452ee753f485014986fab09a434671d2b919ee76fc541025c5876a70?s=96&d=mm&r=g\",\"contentUrl\":\"https:\\\/\\\/secure.gravatar.com\\\/avatar\\\/6cf0505f452ee753f485014986fab09a434671d2b919ee76fc541025c5876a70?s=96&d=mm&r=g\",\"caption\":\"Memurun Sesi Haber Merkezi\"},\"sameAs\":[\"https:\\\/\\\/memurunsesi.net\"],\"url\":\"https:\\\/\\\/memurunsesi.net\\\/index.php\\\/author\\\/uniper\\\/\"}]}<\/script>\n<!-- \/ Yoast SEO plugin. -->","yoast_head_json":{"title":"3 motosiklet \u00e7ald\u0131lar, 4'\u00fcnc\u00fcy\u00fc \u00e7alarken su\u00e7\u00fcst\u00fc yakaland\u0131lar - Memurun Sesi","robots":{"index":"index","follow":"follow","max-snippet":"max-snippet:-1","max-image-preview":"max-image-preview:large","max-video-preview":"max-video-preview:-1"},"canonical":"https:\/\/memurunsesi.net\/index.php\/2025\/04\/27\/3-motosiklet-caldilar-4uncuyu-calarken-sucustu-yakalandilar\/","og_locale":"tr_TR","og_type":"article","og_title":"3 motosiklet \u00e7ald\u0131lar, 4'\u00fcnc\u00fcy\u00fc \u00e7alarken su\u00e7\u00fcst\u00fc yakaland\u0131lar - Memurun Sesi","og_description":"Bursa&#8217;da 2 farkl\u0131 il\u00e7eden 3 motosiklet \u00e7alan 2 \u015f\u00fcpheli, ba\u015fka bir motosikleti \u00e7ald\u0131\u011f\u0131 s\u0131rada su\u00e7\u00fcst\u00fc yakaland\u0131. H\u0131rs\u0131zl\u0131k anlar\u0131 g\u00fcvenlik kameras\u0131na yans\u0131d\u0131. Bursa&#8217;da merkez Y\u0131ld\u0131r\u0131m ve Osmangazi il\u00e7elerinde ayn\u0131 g\u00fcn 2 motosiklet \u00e7al\u0131nmas\u0131 \u00fczerine m\u00fc\u015ftekiler durumu polis ekiplerine bildirdi. \u0130hbar \u00fczerine Asayi\u015f \u015eube M\u00fcd\u00fcrl\u00fc\u011f\u00fc Oto H\u0131rs\u0131zl\u0131k B\u00fcro Amirli\u011fi ekipleri harekete ge\u00e7ti. Su\u00e7\u00fcst\u00fc yakaland\u0131lar \u0130hbar \u00fczerine harekete [&hellip;]","og_url":"https:\/\/memurunsesi.net\/index.php\/2025\/04\/27\/3-motosiklet-caldilar-4uncuyu-calarken-sucustu-yakalandilar\/","og_site_name":"Memurun Sesi","article_publisher":"https:\/\/www.facebook.com\/unipersen\/?locale=tr_TR","article_published_time":"2025-04-27T06:53:43+00:00","article_modified_time":"2025-04-27T06:55:00+00:00","og_image":[{"width":1170,"height":636,"url":"https:\/\/memurunsesi.net\/wp-content\/uploads\/2025\/04\/AW441935_03.jpg","type":"image\/jpeg"}],"author":"Memurun Sesi Haber Merkezi","twitter_card":"summary_large_image","twitter_creator":"@unipersen","twitter_site":"@unipersen","twitter_misc":{"Yazan:":"Memurun Sesi Haber Merkezi","Tahmini okuma s\u00fcresi":"1 dakika"},"schema":{"@context":"https:\/\/schema.org","@graph":[{"@type":"Article","@id":"https:\/\/memurunsesi.net\/index.php\/2025\/04\/27\/3-motosiklet-caldilar-4uncuyu-calarken-sucustu-yakalandilar\/#article","isPartOf":{"@id":"https:\/\/memurunsesi.net\/index.php\/2025\/04\/27\/3-motosiklet-caldilar-4uncuyu-calarken-sucustu-yakalandilar\/"},"author":{"name":"Memurun Sesi Haber Merkezi","@id":"https:\/\/memurunsesi.net\/#\/schema\/person\/f21c2d73b89f6ee1d80b0a1803e38587"},"headline":"3 motosiklet \u00e7ald\u0131lar, 4&#8217;\u00fcnc\u00fcy\u00fc \u00e7alarken su\u00e7\u00fcst\u00fc yakaland\u0131lar","datePublished":"2025-04-27T06:53:43+00:00","dateModified":"2025-04-27T06:55:00+00:00","mainEntityOfPage":{"@id":"https:\/\/memurunsesi.net\/index.php\/2025\/04\/27\/3-motosiklet-caldilar-4uncuyu-calarken-sucustu-yakalandilar\/"},"wordCount":199,"commentCount":0,"publisher":{"@id":"https:\/\/memurunsesi.net\/#organization"},"image":{"@id":"https:\/\/memurunsesi.net\/index.php\/2025\/04\/27\/3-motosiklet-caldilar-4uncuyu-calarken-sucustu-yakalandilar\/#primaryimage"},"thumbnailUrl":"https:\/\/memurunsesi.net\/wp-content\/uploads\/2025\/04\/AW441935_03.jpg","articleSection":["G\u00fcndem"],"inLanguage":"tr","potentialAction":[{"@type":"CommentAction","name":"Comment","target":["https:\/\/memurunsesi.net\/index.php\/2025\/04\/27\/3-motosiklet-caldilar-4uncuyu-calarken-sucustu-yakalandilar\/#respond"]}]},{"@type":"WebPage","@id":"https:\/\/memurunsesi.net\/index.php\/2025\/04\/27\/3-motosiklet-caldilar-4uncuyu-calarken-sucustu-yakalandilar\/","url":"https:\/\/memurunsesi.net\/index.php\/2025\/04\/27\/3-motosiklet-caldilar-4uncuyu-calarken-sucustu-yakalandilar\/","name":"3 motosiklet \u00e7ald\u0131lar, 4'\u00fcnc\u00fcy\u00fc \u00e7alarken su\u00e7\u00fcst\u00fc yakaland\u0131lar - Memurun Sesi","isPartOf":{"@id":"https:\/\/memurunsesi.net\/#website"},"primaryImageOfPage":{"@id":"https:\/\/memurunsesi.net\/index.php\/2025\/04\/27\/3-motosiklet-caldilar-4uncuyu-calarken-sucustu-yakalandilar\/#primaryimage"},"image":{"@id":"https:\/\/memurunsesi.net\/index.php\/2025\/04\/27\/3-motosiklet-caldilar-4uncuyu-calarken-sucustu-yakalandilar\/#primaryimage"},"thumbnailUrl":"https:\/\/memurunsesi.net\/wp-content\/uploads\/2025\/04\/AW441935_03.jpg","datePublished":"2025-04-27T06:53:43+00:00","dateModified":"2025-04-27T06:55:00+00:00","breadcrumb":{"@id":"https:\/\/memurunsesi.net\/index.php\/2025\/04\/27\/3-motosiklet-caldilar-4uncuyu-calarken-sucustu-yakalandilar\/#breadcrumb"},"inLanguage":"tr","potentialAction":[{"@type":"ReadAction","target":["https:\/\/memurunsesi.net\/index.php\/2025\/04\/27\/3-motosiklet-caldilar-4uncuyu-calarken-sucustu-yakalandilar\/"]}]},{"@type":"ImageObject","inLanguage":"tr","@id":"https:\/\/memurunsesi.net\/index.php\/2025\/04\/27\/3-motosiklet-caldilar-4uncuyu-calarken-sucustu-yakalandilar\/#primaryimage","url":"https:\/\/memurunsesi.net\/wp-content\/uploads\/2025\/04\/AW441935_03.jpg","contentUrl":"https:\/\/memurunsesi.net\/wp-content\/uploads\/2025\/04\/AW441935_03.jpg","width":1170,"height":636,"caption":"BURSA'DA 2 FARKLI \u0130L\u00c7EDEN 3 MOTOS\u0130KLET \u00c7ALAN 2 \u015e\u00dcPHEL\u0130, BA\u015eKA B\u0130R MOTOS\u0130KLET\u0130 \u00c7ALDI\u011eI SIRADA SU\u00c7\u00dcST\u00dc YAKALANDI. (\/BURSA-\u0130HA) Bursa'da 2 farkl\u0131 il\u00e7eden 3 motosiklet \u00e7alan 2 \u015f\u00fcpheli, ba\u015fka bir motosikleti \u00e7ald\u0131\u011f\u0131 s\u0131rada su\u00e7\u00fcst\u00fc yakaland\u0131. H\u0131rs\u0131zl\u0131k anlar\u0131 g\u00fcvenlik kameras\u0131na yans\u0131d\u0131."},{"@type":"BreadcrumbList","@id":"https:\/\/memurunsesi.net\/index.php\/2025\/04\/27\/3-motosiklet-caldilar-4uncuyu-calarken-sucustu-yakalandilar\/#breadcrumb","itemListElement":[{"@type":"ListItem","position":1,"name":"Anasayfa","item":"https:\/\/memurunsesi.net\/"},{"@type":"ListItem","position":2,"name":"3 motosiklet \u00e7ald\u0131lar, 4&#8217;\u00fcnc\u00fcy\u00fc \u00e7alarken su\u00e7\u00fcst\u00fc yakaland\u0131lar"}]},{"@type":"WebSite","@id":"https:\/\/memurunsesi.net\/#website","url":"https:\/\/memurunsesi.net\/","name":"Memurun Sesi","description":"G\u00fcncel ve Do\u011fru Haber","publisher":{"@id":"https:\/\/memurunsesi.net\/#organization"},"potentialAction":[{"@type":"SearchAction","target":{"@type":"EntryPoint","urlTemplate":"https:\/\/memurunsesi.net\/?s={search_term_string}"},"query-input":{"@type":"PropertyValueSpecification","valueRequired":true,"valueName":"search_term_string"}}],"inLanguage":"tr"},{"@type":"Organization","@id":"https:\/\/memurunsesi.net\/#organization","name":"Memurun Sesi","url":"https:\/\/memurunsesi.net\/","logo":{"@type":"ImageObject","inLanguage":"tr","@id":"https:\/\/memurunsesi.net\/#\/schema\/logo\/image\/","url":"https:\/\/memurunsesi.net\/wp-content\/uploads\/2025\/11\/cropped-MEMURUN-SESI.png","contentUrl":"https:\/\/memurunsesi.net\/wp-content\/uploads\/2025\/11\/cropped-MEMURUN-SESI.png","width":238,"height":57,"caption":"Memurun Sesi"},"image":{"@id":"https:\/\/memurunsesi.net\/#\/schema\/logo\/image\/"},"sameAs":["https:\/\/www.facebook.com\/unipersen\/?locale=tr_TR","https:\/\/x.com\/unipersen"]},{"@type":"Person","@id":"https:\/\/memurunsesi.net\/#\/schema\/person\/f21c2d73b89f6ee1d80b0a1803e38587","name":"Memurun Sesi Haber Merkezi","image":{"@type":"ImageObject","inLanguage":"tr","@id":"https:\/\/secure.gravatar.com\/avatar\/6cf0505f452ee753f485014986fab09a434671d2b919ee76fc541025c5876a70?s=96&d=mm&r=g","url":"https:\/\/secure.gravatar.com\/avatar\/6cf0505f452ee753f485014986fab09a434671d2b919ee76fc541025c5876a70?s=96&d=mm&r=g","contentUrl":"https:\/\/secure.gravatar.com\/avatar\/6cf0505f452ee753f485014986fab09a434671d2b919ee76fc541025c5876a70?s=96&d=mm&r=g","caption":"Memurun Sesi Haber Merkezi"},"sameAs":["https:\/\/memurunsesi.net"],"url":"https:\/\/memurunsesi.net\/index.php\/author\/uniper\/"}]}},"_links":{"self":[{"href":"https:\/\/memurunsesi.net\/index.php\/wp-json\/wp\/v2\/posts\/6061","targetHints":{"allow":["GET"]}}],"collection":[{"href":"https:\/\/memurunsesi.net\/index.php\/wp-json\/wp\/v2\/posts"}],"about":[{"href":"https:\/\/memurunsesi.net\/index.php\/wp-json\/wp\/v2\/types\/post"}],"author":[{"embeddable":true,"href":"https:\/\/memurunsesi.net\/index.php\/wp-json\/wp\/v2\/users\/1"}],"replies":[{"embeddable":true,"href":"https:\/\/memurunsesi.net\/index.php\/wp-json\/wp\/v2\/comments?post=6061"}],"version-history":[{"count":1,"href":"https:\/\/memurunsesi.net\/index.php\/wp-json\/wp\/v2\/posts\/6061\/revisions"}],"predecessor-version":[{"id":6064,"href":"https:\/\/memurunsesi.net\/index.php\/wp-json\/wp\/v2\/posts\/6061\/revisions\/6064"}],"wp:featuredmedia":[{"embeddable":true,"href":"https:\/\/memurunsesi.net\/index.php\/wp-json\/wp\/v2\/media\/6065"}],"wp:attachment":[{"href":"https:\/\/memurunsesi.net\/index.php\/wp-json\/wp\/v2\/media?parent=6061"}],"wp:term":[{"taxonomy":"category","embeddable":true,"href":"https:\/\/memurunsesi.net\/index.php\/wp-json\/wp\/v2\/categories?post=6061"},{"taxonomy":"post_tag","embeddable":true,"href":"https:\/\/memurunsesi.net\/index.php\/wp-json\/wp\/v2\/tags?post=6061"}],"curies":[{"name":"wp","href":"https:\/\/api.w.org\/{rel}","templated":true}]}}