{"id":6073,"date":"2025-04-27T13:47:59","date_gmt":"2025-04-27T10:47:59","guid":{"rendered":"https:\/\/memurunsesi.net\/?p=6073"},"modified":"2025-04-27T13:47:59","modified_gmt":"2025-04-27T10:47:59","slug":"karsiyakada-hedef-2-lig","status":"publish","type":"post","link":"https:\/\/memurunsesi.net\/index.php\/2025\/04\/27\/karsiyakada-hedef-2-lig\/","title":{"rendered":"Kar\u015f\u0131yaka&#8217;da hedef 2. Lig"},"content":{"rendered":"<p> Normal sezonun son ma\u00e7\u0131nda haftalar \u00f6ncesinde \u015fampiyonlu\u011funu ilan eden Bursaspor&#8217;u taraftar\u0131n\u0131n deste\u011fiyle 2-0 ma\u011flup eden Kar\u015f\u0131yaka, ikinci s\u0131raya yerle\u015ferek play-off&#8217;ta grup finaline kalmay\u0131 ba\u015fard\u0131.<br \/>\n  TFF 3. Lig 1. Grup ekiplerinden Kar\u015f\u0131yaka&#8217;da Bursaspor galibiyetinin mutlulu\u011fu ya\u015fanmaya devam ediyor. \u0130zmir ekibi, normal sezonun son ma\u00e7\u0131nda haftalar \u00f6ncesinde \u015fampiyonlu\u011funu ilan eden Bursaspor&#8217;la Alsancak Stadyumu&#8217;nda kar\u015f\u0131 kar\u015f\u0131ya geldi. Ye\u015fil-k\u0131rm\u0131z\u0131l\u0131lar, ikinci yar\u0131da buldu\u011fu gollerle rakibini 2-0 ma\u011flup etti ve puan\u0131n\u0131 60&#8242; y\u00fckseltti. Ge\u00e7ti\u011fimiz hafta Kar\u015f\u0131yaka&#8217;y\u0131 3-2 yenerek hem puanlar\u0131 e\u015fitleyip hem ikili averaj \u00fcst\u00fcnl\u00fc\u011f\u00fcn\u00fc ele ge\u00e7iren Belediye K\u00fctahyaspor da ayn\u0131 saatte ba\u015flayan m\u00fcsabakada D\u00fczcespor&#8217;la 2-2 berabere kald\u0131. B\u00f6ylece ye\u015fil-k\u0131rm\u0131z\u0131l\u0131lar, 2 puan farkla ikincili\u011fe yerle\u015fti ve play-off&#8217;ta grup finaline kalmay\u0131 ba\u015fard\u0131. <\/p>\n<p>  2. Lig i\u00e7in son 3 ma\u00e7<br \/>\n  Kar\u015f\u0131yaka, play-off&#8217;lar\u0131n ilk iki turunda ma\u00e7 yapmay\u0131p direkt finale kalmaya hakk\u0131 kazand\u0131. Son olarak 2018 y\u0131l\u0131nda m\u00fccadele etti\u011fi 2. Lig&#8217;e d\u00f6nmek isteyen \u0130zmir ekibinin hedefine kavu\u015fmas\u0131 i\u00e7in sadece 3 ma\u00e7\u0131 kald\u0131. Grupta finale \u00e7\u0131kacak tak\u0131m\u0131 beklemeye ba\u015flayan ye\u015fil-k\u0131rm\u0131z\u0131l\u0131lar, e\u015fle\u015fece\u011fi rakibiyle d\u0131\u015f saha ve i\u00e7 sahada iki ma\u00e7 oynayacak. Kar\u015f\u0131yaka finale \u00e7\u0131kmas\u0131 halinde TFF 3. Lig 2. Grup&#8217;tan gelecek tak\u0131mla tarafs\u0131z sahada final kar\u015f\u0131la\u015fmas\u0131na \u00e7\u0131kacak. <\/p>\n<p>27.04.2025                            <\/p>\n","protected":false},"excerpt":{"rendered":"<p>Normal sezonun son ma\u00e7\u0131nda haftalar \u00f6ncesinde \u015fampiyonlu\u011funu ilan eden Bursaspor&#8217;u taraftar\u0131n\u0131n deste\u011fiyle 2-0 ma\u011flup eden Kar\u015f\u0131yaka, ikinci s\u0131raya yerle\u015ferek play-off&#8217;ta grup finaline kalmay\u0131 ba\u015fard\u0131. TFF 3. Lig 1. Grup ekiplerinden Kar\u015f\u0131yaka&#8217;da Bursaspor galibiyetinin mutlulu\u011fu ya\u015fanmaya devam ediyor. \u0130zmir ekibi, normal sezonun son ma\u00e7\u0131nda haftalar \u00f6ncesinde \u015fampiyonlu\u011funu ilan eden Bursaspor&#8217;la Alsancak Stadyumu&#8217;nda kar\u015f\u0131 kar\u015f\u0131ya geldi. Ye\u015fil-k\u0131rm\u0131z\u0131l\u0131lar, [&hellip;]<\/p>\n","protected":false},"author":1,"featured_media":6074,"comment_status":"open","ping_status":"open","sticky":false,"template":"","format":"standard","meta":{"footnotes":""},"categories":[57],"tags":[],"class_list":["post-6073","post","type-post","status-publish","format-standard","has-post-thumbnail","hentry","category-spor"],"yoast_head":"<!-- This site is optimized with the Yoast SEO plugin v27.4 - https:\/\/yoast.com\/product\/yoast-seo-wordpress\/ -->\n<title>Kar\u015f\u0131yaka&#039;da hedef 2. Lig - Memurun Sesi<\/title>\n<meta name=\"robots\" content=\"index, follow, max-snippet:-1, max-image-preview:large, max-video-preview:-1\" \/>\n<link rel=\"canonical\" href=\"https:\/\/memurunsesi.net\/index.php\/2025\/04\/27\/karsiyakada-hedef-2-lig\/\" \/>\n<meta property=\"og:locale\" content=\"tr_TR\" \/>\n<meta property=\"og:type\" content=\"article\" \/>\n<meta property=\"og:title\" content=\"Kar\u015f\u0131yaka&#039;da hedef 2. Lig - Memurun Sesi\" \/>\n<meta property=\"og:description\" content=\"Normal sezonun son ma\u00e7\u0131nda haftalar \u00f6ncesinde \u015fampiyonlu\u011funu ilan eden Bursaspor&#8217;u taraftar\u0131n\u0131n deste\u011fiyle 2-0 ma\u011flup eden Kar\u015f\u0131yaka, ikinci s\u0131raya yerle\u015ferek play-off&#8217;ta grup finaline kalmay\u0131 ba\u015fard\u0131. TFF 3. Lig 1. Grup ekiplerinden Kar\u015f\u0131yaka&#8217;da Bursaspor galibiyetinin mutlulu\u011fu ya\u015fanmaya devam ediyor. \u0130zmir ekibi, normal sezonun son ma\u00e7\u0131nda haftalar \u00f6ncesinde \u015fampiyonlu\u011funu ilan eden Bursaspor&#8217;la Alsancak Stadyumu&#8217;nda kar\u015f\u0131 kar\u015f\u0131ya geldi. Ye\u015fil-k\u0131rm\u0131z\u0131l\u0131lar, [&hellip;]\" \/>\n<meta property=\"og:url\" content=\"https:\/\/memurunsesi.net\/index.php\/2025\/04\/27\/karsiyakada-hedef-2-lig\/\" \/>\n<meta property=\"og:site_name\" content=\"Memurun Sesi\" \/>\n<meta property=\"article:publisher\" content=\"https:\/\/www.facebook.com\/unipersen\/?locale=tr_TR\" \/>\n<meta property=\"article:published_time\" content=\"2025-04-27T10:47:59+00:00\" \/>\n<meta property=\"og:image\" content=\"https:\/\/memurunsesi.net\/wp-content\/uploads\/2025\/04\/AW442102_01-scaled.jpg\" \/>\n\t<meta property=\"og:image:width\" content=\"2560\" \/>\n\t<meta property=\"og:image:height\" content=\"1564\" \/>\n\t<meta property=\"og:image:type\" content=\"image\/jpeg\" \/>\n<meta name=\"author\" content=\"Memurun Sesi Haber Merkezi\" \/>\n<meta name=\"twitter:card\" content=\"summary_large_image\" \/>\n<meta name=\"twitter:creator\" content=\"@unipersen\" \/>\n<meta name=\"twitter:site\" content=\"@unipersen\" \/>\n<meta name=\"twitter:label1\" content=\"Yazan:\" \/>\n\t<meta name=\"twitter:data1\" content=\"Memurun Sesi Haber Merkezi\" \/>\n\t<meta name=\"twitter:label2\" content=\"Tahmini okuma s\u00fcresi\" \/>\n\t<meta name=\"twitter:data2\" content=\"1 dakika\" \/>\n<script type=\"application\/ld+json\" class=\"yoast-schema-graph\">{\"@context\":\"https:\\\/\\\/schema.org\",\"@graph\":[{\"@type\":\"Article\",\"@id\":\"https:\\\/\\\/memurunsesi.net\\\/index.php\\\/2025\\\/04\\\/27\\\/karsiyakada-hedef-2-lig\\\/#article\",\"isPartOf\":{\"@id\":\"https:\\\/\\\/memurunsesi.net\\\/index.php\\\/2025\\\/04\\\/27\\\/karsiyakada-hedef-2-lig\\\/\"},\"author\":{\"name\":\"Memurun Sesi Haber Merkezi\",\"@id\":\"https:\\\/\\\/memurunsesi.net\\\/#\\\/schema\\\/person\\\/f21c2d73b89f6ee1d80b0a1803e38587\"},\"headline\":\"Kar\u015f\u0131yaka&#8217;da hedef 2. Lig\",\"datePublished\":\"2025-04-27T10:47:59+00:00\",\"mainEntityOfPage\":{\"@id\":\"https:\\\/\\\/memurunsesi.net\\\/index.php\\\/2025\\\/04\\\/27\\\/karsiyakada-hedef-2-lig\\\/\"},\"wordCount\":253,\"commentCount\":0,\"publisher\":{\"@id\":\"https:\\\/\\\/memurunsesi.net\\\/#organization\"},\"image\":{\"@id\":\"https:\\\/\\\/memurunsesi.net\\\/index.php\\\/2025\\\/04\\\/27\\\/karsiyakada-hedef-2-lig\\\/#primaryimage\"},\"thumbnailUrl\":\"https:\\\/\\\/memurunsesi.net\\\/wp-content\\\/uploads\\\/2025\\\/04\\\/AW442102_01-scaled.jpg\",\"articleSection\":[\"Spor\"],\"inLanguage\":\"tr\",\"potentialAction\":[{\"@type\":\"CommentAction\",\"name\":\"Comment\",\"target\":[\"https:\\\/\\\/memurunsesi.net\\\/index.php\\\/2025\\\/04\\\/27\\\/karsiyakada-hedef-2-lig\\\/#respond\"]}]},{\"@type\":\"WebPage\",\"@id\":\"https:\\\/\\\/memurunsesi.net\\\/index.php\\\/2025\\\/04\\\/27\\\/karsiyakada-hedef-2-lig\\\/\",\"url\":\"https:\\\/\\\/memurunsesi.net\\\/index.php\\\/2025\\\/04\\\/27\\\/karsiyakada-hedef-2-lig\\\/\",\"name\":\"Kar\u015f\u0131yaka'da hedef 2. Lig - Memurun Sesi\",\"isPartOf\":{\"@id\":\"https:\\\/\\\/memurunsesi.net\\\/#website\"},\"primaryImageOfPage\":{\"@id\":\"https:\\\/\\\/memurunsesi.net\\\/index.php\\\/2025\\\/04\\\/27\\\/karsiyakada-hedef-2-lig\\\/#primaryimage\"},\"image\":{\"@id\":\"https:\\\/\\\/memurunsesi.net\\\/index.php\\\/2025\\\/04\\\/27\\\/karsiyakada-hedef-2-lig\\\/#primaryimage\"},\"thumbnailUrl\":\"https:\\\/\\\/memurunsesi.net\\\/wp-content\\\/uploads\\\/2025\\\/04\\\/AW442102_01-scaled.jpg\",\"datePublished\":\"2025-04-27T10:47:59+00:00\",\"breadcrumb\":{\"@id\":\"https:\\\/\\\/memurunsesi.net\\\/index.php\\\/2025\\\/04\\\/27\\\/karsiyakada-hedef-2-lig\\\/#breadcrumb\"},\"inLanguage\":\"tr\",\"potentialAction\":[{\"@type\":\"ReadAction\",\"target\":[\"https:\\\/\\\/memurunsesi.net\\\/index.php\\\/2025\\\/04\\\/27\\\/karsiyakada-hedef-2-lig\\\/\"]}]},{\"@type\":\"ImageObject\",\"inLanguage\":\"tr\",\"@id\":\"https:\\\/\\\/memurunsesi.net\\\/index.php\\\/2025\\\/04\\\/27\\\/karsiyakada-hedef-2-lig\\\/#primaryimage\",\"url\":\"https:\\\/\\\/memurunsesi.net\\\/wp-content\\\/uploads\\\/2025\\\/04\\\/AW442102_01-scaled.jpg\",\"contentUrl\":\"https:\\\/\\\/memurunsesi.net\\\/wp-content\\\/uploads\\\/2025\\\/04\\\/AW442102_01-scaled.jpg\",\"width\":2560,\"height\":1564,\"caption\":\"BURSASPOR'U TARAFTARININ DESTE\u011e\u0130YLE 2-0 MA\u011eLUP EDEN KAR\u015eIYAKA, \u0130K\u0130NC\u0130 SIRAYA YERLE\u015eEREK PLAY-OFF'TA GRUP F\u0130NAL\u0130NE KALMAYI BA\u015eARDI. (\\\/\u0130ZM\u0130R-\u0130HA) Normal sezonun son ma\u00e7\u0131nda haftalar \u00f6ncesinde \u015fampiyonlu\u011funu ilan eden Bursaspor'u taraftar\u0131n\u0131n deste\u011fiyle 2-0 ma\u011flup eden Kar\u015f\u0131yaka, ikinci s\u0131raya yerle\u015ferek play-off'ta grup finaline kalmay\u0131 ba\u015fard\u0131.\"},{\"@type\":\"BreadcrumbList\",\"@id\":\"https:\\\/\\\/memurunsesi.net\\\/index.php\\\/2025\\\/04\\\/27\\\/karsiyakada-hedef-2-lig\\\/#breadcrumb\",\"itemListElement\":[{\"@type\":\"ListItem\",\"position\":1,\"name\":\"Anasayfa\",\"item\":\"https:\\\/\\\/memurunsesi.net\\\/\"},{\"@type\":\"ListItem\",\"position\":2,\"name\":\"Kar\u015f\u0131yaka&#8217;da hedef 2. Lig\"}]},{\"@type\":\"WebSite\",\"@id\":\"https:\\\/\\\/memurunsesi.net\\\/#website\",\"url\":\"https:\\\/\\\/memurunsesi.net\\\/\",\"name\":\"Memurun Sesi\",\"description\":\"G\u00fcncel ve Do\u011fru Haber\",\"publisher\":{\"@id\":\"https:\\\/\\\/memurunsesi.net\\\/#organization\"},\"potentialAction\":[{\"@type\":\"SearchAction\",\"target\":{\"@type\":\"EntryPoint\",\"urlTemplate\":\"https:\\\/\\\/memurunsesi.net\\\/?s={search_term_string}\"},\"query-input\":{\"@type\":\"PropertyValueSpecification\",\"valueRequired\":true,\"valueName\":\"search_term_string\"}}],\"inLanguage\":\"tr\"},{\"@type\":\"Organization\",\"@id\":\"https:\\\/\\\/memurunsesi.net\\\/#organization\",\"name\":\"Memurun Sesi\",\"url\":\"https:\\\/\\\/memurunsesi.net\\\/\",\"logo\":{\"@type\":\"ImageObject\",\"inLanguage\":\"tr\",\"@id\":\"https:\\\/\\\/memurunsesi.net\\\/#\\\/schema\\\/logo\\\/image\\\/\",\"url\":\"https:\\\/\\\/memurunsesi.net\\\/wp-content\\\/uploads\\\/2025\\\/11\\\/cropped-MEMURUN-SESI.png\",\"contentUrl\":\"https:\\\/\\\/memurunsesi.net\\\/wp-content\\\/uploads\\\/2025\\\/11\\\/cropped-MEMURUN-SESI.png\",\"width\":238,\"height\":57,\"caption\":\"Memurun Sesi\"},\"image\":{\"@id\":\"https:\\\/\\\/memurunsesi.net\\\/#\\\/schema\\\/logo\\\/image\\\/\"},\"sameAs\":[\"https:\\\/\\\/www.facebook.com\\\/unipersen\\\/?locale=tr_TR\",\"https:\\\/\\\/x.com\\\/unipersen\"]},{\"@type\":\"Person\",\"@id\":\"https:\\\/\\\/memurunsesi.net\\\/#\\\/schema\\\/person\\\/f21c2d73b89f6ee1d80b0a1803e38587\",\"name\":\"Memurun Sesi Haber Merkezi\",\"image\":{\"@type\":\"ImageObject\",\"inLanguage\":\"tr\",\"@id\":\"https:\\\/\\\/secure.gravatar.com\\\/avatar\\\/6cf0505f452ee753f485014986fab09a434671d2b919ee76fc541025c5876a70?s=96&d=mm&r=g\",\"url\":\"https:\\\/\\\/secure.gravatar.com\\\/avatar\\\/6cf0505f452ee753f485014986fab09a434671d2b919ee76fc541025c5876a70?s=96&d=mm&r=g\",\"contentUrl\":\"https:\\\/\\\/secure.gravatar.com\\\/avatar\\\/6cf0505f452ee753f485014986fab09a434671d2b919ee76fc541025c5876a70?s=96&d=mm&r=g\",\"caption\":\"Memurun Sesi Haber Merkezi\"},\"sameAs\":[\"https:\\\/\\\/memurunsesi.net\"],\"url\":\"https:\\\/\\\/memurunsesi.net\\\/index.php\\\/author\\\/uniper\\\/\"}]}<\/script>\n<!-- \/ Yoast SEO plugin. -->","yoast_head_json":{"title":"Kar\u015f\u0131yaka'da hedef 2. Lig - Memurun Sesi","robots":{"index":"index","follow":"follow","max-snippet":"max-snippet:-1","max-image-preview":"max-image-preview:large","max-video-preview":"max-video-preview:-1"},"canonical":"https:\/\/memurunsesi.net\/index.php\/2025\/04\/27\/karsiyakada-hedef-2-lig\/","og_locale":"tr_TR","og_type":"article","og_title":"Kar\u015f\u0131yaka'da hedef 2. Lig - Memurun Sesi","og_description":"Normal sezonun son ma\u00e7\u0131nda haftalar \u00f6ncesinde \u015fampiyonlu\u011funu ilan eden Bursaspor&#8217;u taraftar\u0131n\u0131n deste\u011fiyle 2-0 ma\u011flup eden Kar\u015f\u0131yaka, ikinci s\u0131raya yerle\u015ferek play-off&#8217;ta grup finaline kalmay\u0131 ba\u015fard\u0131. TFF 3. Lig 1. Grup ekiplerinden Kar\u015f\u0131yaka&#8217;da Bursaspor galibiyetinin mutlulu\u011fu ya\u015fanmaya devam ediyor. \u0130zmir ekibi, normal sezonun son ma\u00e7\u0131nda haftalar \u00f6ncesinde \u015fampiyonlu\u011funu ilan eden Bursaspor&#8217;la Alsancak Stadyumu&#8217;nda kar\u015f\u0131 kar\u015f\u0131ya geldi. Ye\u015fil-k\u0131rm\u0131z\u0131l\u0131lar, [&hellip;]","og_url":"https:\/\/memurunsesi.net\/index.php\/2025\/04\/27\/karsiyakada-hedef-2-lig\/","og_site_name":"Memurun Sesi","article_publisher":"https:\/\/www.facebook.com\/unipersen\/?locale=tr_TR","article_published_time":"2025-04-27T10:47:59+00:00","og_image":[{"width":2560,"height":1564,"url":"https:\/\/memurunsesi.net\/wp-content\/uploads\/2025\/04\/AW442102_01-scaled.jpg","type":"image\/jpeg"}],"author":"Memurun Sesi Haber Merkezi","twitter_card":"summary_large_image","twitter_creator":"@unipersen","twitter_site":"@unipersen","twitter_misc":{"Yazan:":"Memurun Sesi Haber Merkezi","Tahmini okuma s\u00fcresi":"1 dakika"},"schema":{"@context":"https:\/\/schema.org","@graph":[{"@type":"Article","@id":"https:\/\/memurunsesi.net\/index.php\/2025\/04\/27\/karsiyakada-hedef-2-lig\/#article","isPartOf":{"@id":"https:\/\/memurunsesi.net\/index.php\/2025\/04\/27\/karsiyakada-hedef-2-lig\/"},"author":{"name":"Memurun Sesi Haber Merkezi","@id":"https:\/\/memurunsesi.net\/#\/schema\/person\/f21c2d73b89f6ee1d80b0a1803e38587"},"headline":"Kar\u015f\u0131yaka&#8217;da hedef 2. Lig","datePublished":"2025-04-27T10:47:59+00:00","mainEntityOfPage":{"@id":"https:\/\/memurunsesi.net\/index.php\/2025\/04\/27\/karsiyakada-hedef-2-lig\/"},"wordCount":253,"commentCount":0,"publisher":{"@id":"https:\/\/memurunsesi.net\/#organization"},"image":{"@id":"https:\/\/memurunsesi.net\/index.php\/2025\/04\/27\/karsiyakada-hedef-2-lig\/#primaryimage"},"thumbnailUrl":"https:\/\/memurunsesi.net\/wp-content\/uploads\/2025\/04\/AW442102_01-scaled.jpg","articleSection":["Spor"],"inLanguage":"tr","potentialAction":[{"@type":"CommentAction","name":"Comment","target":["https:\/\/memurunsesi.net\/index.php\/2025\/04\/27\/karsiyakada-hedef-2-lig\/#respond"]}]},{"@type":"WebPage","@id":"https:\/\/memurunsesi.net\/index.php\/2025\/04\/27\/karsiyakada-hedef-2-lig\/","url":"https:\/\/memurunsesi.net\/index.php\/2025\/04\/27\/karsiyakada-hedef-2-lig\/","name":"Kar\u015f\u0131yaka'da hedef 2. Lig - Memurun Sesi","isPartOf":{"@id":"https:\/\/memurunsesi.net\/#website"},"primaryImageOfPage":{"@id":"https:\/\/memurunsesi.net\/index.php\/2025\/04\/27\/karsiyakada-hedef-2-lig\/#primaryimage"},"image":{"@id":"https:\/\/memurunsesi.net\/index.php\/2025\/04\/27\/karsiyakada-hedef-2-lig\/#primaryimage"},"thumbnailUrl":"https:\/\/memurunsesi.net\/wp-content\/uploads\/2025\/04\/AW442102_01-scaled.jpg","datePublished":"2025-04-27T10:47:59+00:00","breadcrumb":{"@id":"https:\/\/memurunsesi.net\/index.php\/2025\/04\/27\/karsiyakada-hedef-2-lig\/#breadcrumb"},"inLanguage":"tr","potentialAction":[{"@type":"ReadAction","target":["https:\/\/memurunsesi.net\/index.php\/2025\/04\/27\/karsiyakada-hedef-2-lig\/"]}]},{"@type":"ImageObject","inLanguage":"tr","@id":"https:\/\/memurunsesi.net\/index.php\/2025\/04\/27\/karsiyakada-hedef-2-lig\/#primaryimage","url":"https:\/\/memurunsesi.net\/wp-content\/uploads\/2025\/04\/AW442102_01-scaled.jpg","contentUrl":"https:\/\/memurunsesi.net\/wp-content\/uploads\/2025\/04\/AW442102_01-scaled.jpg","width":2560,"height":1564,"caption":"BURSASPOR'U TARAFTARININ DESTE\u011e\u0130YLE 2-0 MA\u011eLUP EDEN KAR\u015eIYAKA, \u0130K\u0130NC\u0130 SIRAYA YERLE\u015eEREK PLAY-OFF'TA GRUP F\u0130NAL\u0130NE KALMAYI BA\u015eARDI. (\/\u0130ZM\u0130R-\u0130HA) Normal sezonun son ma\u00e7\u0131nda haftalar \u00f6ncesinde \u015fampiyonlu\u011funu ilan eden Bursaspor'u taraftar\u0131n\u0131n deste\u011fiyle 2-0 ma\u011flup eden Kar\u015f\u0131yaka, ikinci s\u0131raya yerle\u015ferek play-off'ta grup finaline kalmay\u0131 ba\u015fard\u0131."},{"@type":"BreadcrumbList","@id":"https:\/\/memurunsesi.net\/index.php\/2025\/04\/27\/karsiyakada-hedef-2-lig\/#breadcrumb","itemListElement":[{"@type":"ListItem","position":1,"name":"Anasayfa","item":"https:\/\/memurunsesi.net\/"},{"@type":"ListItem","position":2,"name":"Kar\u015f\u0131yaka&#8217;da hedef 2. Lig"}]},{"@type":"WebSite","@id":"https:\/\/memurunsesi.net\/#website","url":"https:\/\/memurunsesi.net\/","name":"Memurun Sesi","description":"G\u00fcncel ve Do\u011fru Haber","publisher":{"@id":"https:\/\/memurunsesi.net\/#organization"},"potentialAction":[{"@type":"SearchAction","target":{"@type":"EntryPoint","urlTemplate":"https:\/\/memurunsesi.net\/?s={search_term_string}"},"query-input":{"@type":"PropertyValueSpecification","valueRequired":true,"valueName":"search_term_string"}}],"inLanguage":"tr"},{"@type":"Organization","@id":"https:\/\/memurunsesi.net\/#organization","name":"Memurun Sesi","url":"https:\/\/memurunsesi.net\/","logo":{"@type":"ImageObject","inLanguage":"tr","@id":"https:\/\/memurunsesi.net\/#\/schema\/logo\/image\/","url":"https:\/\/memurunsesi.net\/wp-content\/uploads\/2025\/11\/cropped-MEMURUN-SESI.png","contentUrl":"https:\/\/memurunsesi.net\/wp-content\/uploads\/2025\/11\/cropped-MEMURUN-SESI.png","width":238,"height":57,"caption":"Memurun Sesi"},"image":{"@id":"https:\/\/memurunsesi.net\/#\/schema\/logo\/image\/"},"sameAs":["https:\/\/www.facebook.com\/unipersen\/?locale=tr_TR","https:\/\/x.com\/unipersen"]},{"@type":"Person","@id":"https:\/\/memurunsesi.net\/#\/schema\/person\/f21c2d73b89f6ee1d80b0a1803e38587","name":"Memurun Sesi Haber Merkezi","image":{"@type":"ImageObject","inLanguage":"tr","@id":"https:\/\/secure.gravatar.com\/avatar\/6cf0505f452ee753f485014986fab09a434671d2b919ee76fc541025c5876a70?s=96&d=mm&r=g","url":"https:\/\/secure.gravatar.com\/avatar\/6cf0505f452ee753f485014986fab09a434671d2b919ee76fc541025c5876a70?s=96&d=mm&r=g","contentUrl":"https:\/\/secure.gravatar.com\/avatar\/6cf0505f452ee753f485014986fab09a434671d2b919ee76fc541025c5876a70?s=96&d=mm&r=g","caption":"Memurun Sesi Haber Merkezi"},"sameAs":["https:\/\/memurunsesi.net"],"url":"https:\/\/memurunsesi.net\/index.php\/author\/uniper\/"}]}},"_links":{"self":[{"href":"https:\/\/memurunsesi.net\/index.php\/wp-json\/wp\/v2\/posts\/6073","targetHints":{"allow":["GET"]}}],"collection":[{"href":"https:\/\/memurunsesi.net\/index.php\/wp-json\/wp\/v2\/posts"}],"about":[{"href":"https:\/\/memurunsesi.net\/index.php\/wp-json\/wp\/v2\/types\/post"}],"author":[{"embeddable":true,"href":"https:\/\/memurunsesi.net\/index.php\/wp-json\/wp\/v2\/users\/1"}],"replies":[{"embeddable":true,"href":"https:\/\/memurunsesi.net\/index.php\/wp-json\/wp\/v2\/comments?post=6073"}],"version-history":[{"count":1,"href":"https:\/\/memurunsesi.net\/index.php\/wp-json\/wp\/v2\/posts\/6073\/revisions"}],"predecessor-version":[{"id":6075,"href":"https:\/\/memurunsesi.net\/index.php\/wp-json\/wp\/v2\/posts\/6073\/revisions\/6075"}],"wp:featuredmedia":[{"embeddable":true,"href":"https:\/\/memurunsesi.net\/index.php\/wp-json\/wp\/v2\/media\/6074"}],"wp:attachment":[{"href":"https:\/\/memurunsesi.net\/index.php\/wp-json\/wp\/v2\/media?parent=6073"}],"wp:term":[{"taxonomy":"category","embeddable":true,"href":"https:\/\/memurunsesi.net\/index.php\/wp-json\/wp\/v2\/categories?post=6073"},{"taxonomy":"post_tag","embeddable":true,"href":"https:\/\/memurunsesi.net\/index.php\/wp-json\/wp\/v2\/tags?post=6073"}],"curies":[{"name":"wp","href":"https:\/\/api.w.org\/{rel}","templated":true}]}}