{"id":6076,"date":"2025-04-27T13:49:34","date_gmt":"2025-04-27T10:49:34","guid":{"rendered":"https:\/\/memurunsesi.net\/?p=6076"},"modified":"2025-04-27T13:49:34","modified_gmt":"2025-04-27T10:49:34","slug":"begonvili-goren-kadin-kendini-yeniden-dogmus-gibi-hissetti","status":"publish","type":"post","link":"https:\/\/memurunsesi.net\/index.php\/2025\/04\/27\/begonvili-goren-kadin-kendini-yeniden-dogmus-gibi-hissetti\/","title":{"rendered":"Begonvili g\u00f6ren kad\u0131n kendini yeniden do\u011fmu\u015f gibi hissetti"},"content":{"rendered":"<p> Adana&#8217;da bahar\u0131n gelmesiyle \u00e7i\u00e7ek a\u00e7an begonvil a\u011fac\u0131n\u0131 g\u00f6ren bir kad\u0131n kendini yeniden do\u011fmu\u015f gibi hissetti\u011fini s\u00f6yledi.<br \/>\n  Merkez Seyhan il\u00e7esi, Ziyapa\u015fa Bulvar\u0131&#8217;ndaki begonvil a\u011fa\u00e7lar\u0131 baharla birlikte \u00e7i\u00e7ek a\u00e7t\u0131. Bulvar\u0131 boydan boya saran ve kartpostall\u0131k g\u00f6r\u00fcnt\u00fc olu\u015fturan begonvili g\u00f6ren vatanda\u015flar mest oluyor. Atat\u00fcrk Park\u0131 ve \u00e7evresine y\u00fcr\u00fcy\u00fc\u015f yapmak i\u00e7in gelen vatanda\u015flar begonvil \u00e7i\u00e7ekleri e\u015fli\u011finde spor yapmaktan b\u00fcy\u00fck keyif al\u0131yor. Vatanda\u015flar di\u011fer bulvarlara da begonvil a\u011fa\u00e7lar\u0131n\u0131n dikilmesini istedi. \u015eehri rengarenk yapan begonvil \u00e7i\u00e7ekleri herkesi b\u00fcy\u00fcl\u00fcyor.<br \/>\n  Begonvil a\u011fa\u00e7lar\u0131na hayranl\u0131k duydu\u011funu belirten Adalet K\u0131z\u0131lyaprak, &#8220;A\u011fa\u00e7lar\u0131 burada g\u00f6r\u00fcnce kendimi yeniden do\u011fmu\u015f gibi hissediyorum, \u00e7ok mutlu oluyorum. \u00c7ok g\u00fczeller, \u00e7ok harika g\u00f6r\u00fcn\u00fcyorlar. Begonvil her \u015feyiyle \u015fehre \u00e7ok katk\u0131 sa\u011fl\u0131yor. Adana&#8217;m\u0131z \u00e7ok g\u00fczel&#8221; diye konu\u015ftu.<br \/>\n  \u015eehrin her bir noktas\u0131nda begonvillerin olmas\u0131 gerekti\u011fini aktaran Hac\u0131 Reis, &#8220;A\u011fa\u00e7lar \u00e7ok g\u00fczel ama \u015fehrin her taraf\u0131nda b\u00f6yle a\u011fa\u00e7lar\u0131n olmas\u0131 laz\u0131m. A\u011fa\u00e7lara bakt\u0131\u011f\u0131m zaman \u00e7ok g\u00fczel bir manzara beni kar\u015f\u0131l\u0131yor&#8221; dedi. <\/p>\n<p>27.04.2025                             <\/p>\n","protected":false},"excerpt":{"rendered":"<p>Adana&#8217;da bahar\u0131n gelmesiyle \u00e7i\u00e7ek a\u00e7an begonvil a\u011fac\u0131n\u0131 g\u00f6ren bir kad\u0131n kendini yeniden do\u011fmu\u015f gibi hissetti\u011fini s\u00f6yledi. Merkez Seyhan il\u00e7esi, Ziyapa\u015fa Bulvar\u0131&#8217;ndaki begonvil a\u011fa\u00e7lar\u0131 baharla birlikte \u00e7i\u00e7ek a\u00e7t\u0131. Bulvar\u0131 boydan boya saran ve kartpostall\u0131k g\u00f6r\u00fcnt\u00fc olu\u015fturan begonvili g\u00f6ren vatanda\u015flar mest oluyor. Atat\u00fcrk Park\u0131 ve \u00e7evresine y\u00fcr\u00fcy\u00fc\u015f yapmak i\u00e7in gelen vatanda\u015flar begonvil \u00e7i\u00e7ekleri e\u015fli\u011finde spor yapmaktan b\u00fcy\u00fck [&hellip;]<\/p>\n","protected":false},"author":1,"featured_media":6077,"comment_status":"open","ping_status":"open","sticky":false,"template":"","format":"standard","meta":{"footnotes":""},"categories":[1],"tags":[],"class_list":["post-6076","post","type-post","status-publish","format-standard","has-post-thumbnail","hentry","category-genel"],"yoast_head":"<!-- This site is optimized with the Yoast SEO plugin v27.4 - https:\/\/yoast.com\/product\/yoast-seo-wordpress\/ -->\n<title>Begonvili g\u00f6ren kad\u0131n kendini yeniden do\u011fmu\u015f gibi hissetti - Memurun Sesi<\/title>\n<meta name=\"robots\" content=\"index, follow, max-snippet:-1, max-image-preview:large, max-video-preview:-1\" \/>\n<link rel=\"canonical\" href=\"https:\/\/memurunsesi.net\/index.php\/2025\/04\/27\/begonvili-goren-kadin-kendini-yeniden-dogmus-gibi-hissetti\/\" \/>\n<meta property=\"og:locale\" content=\"tr_TR\" \/>\n<meta property=\"og:type\" content=\"article\" \/>\n<meta property=\"og:title\" content=\"Begonvili g\u00f6ren kad\u0131n kendini yeniden do\u011fmu\u015f gibi hissetti - Memurun Sesi\" \/>\n<meta property=\"og:description\" content=\"Adana&#8217;da bahar\u0131n gelmesiyle \u00e7i\u00e7ek a\u00e7an begonvil a\u011fac\u0131n\u0131 g\u00f6ren bir kad\u0131n kendini yeniden do\u011fmu\u015f gibi hissetti\u011fini s\u00f6yledi. Merkez Seyhan il\u00e7esi, Ziyapa\u015fa Bulvar\u0131&#8217;ndaki begonvil a\u011fa\u00e7lar\u0131 baharla birlikte \u00e7i\u00e7ek a\u00e7t\u0131. Bulvar\u0131 boydan boya saran ve kartpostall\u0131k g\u00f6r\u00fcnt\u00fc olu\u015fturan begonvili g\u00f6ren vatanda\u015flar mest oluyor. Atat\u00fcrk Park\u0131 ve \u00e7evresine y\u00fcr\u00fcy\u00fc\u015f yapmak i\u00e7in gelen vatanda\u015flar begonvil \u00e7i\u00e7ekleri e\u015fli\u011finde spor yapmaktan b\u00fcy\u00fck [&hellip;]\" \/>\n<meta property=\"og:url\" content=\"https:\/\/memurunsesi.net\/index.php\/2025\/04\/27\/begonvili-goren-kadin-kendini-yeniden-dogmus-gibi-hissetti\/\" \/>\n<meta property=\"og:site_name\" content=\"Memurun Sesi\" \/>\n<meta property=\"article:publisher\" content=\"https:\/\/www.facebook.com\/unipersen\/?locale=tr_TR\" \/>\n<meta property=\"article:published_time\" content=\"2025-04-27T10:49:34+00:00\" \/>\n<meta property=\"og:image\" content=\"https:\/\/memurunsesi.net\/wp-content\/uploads\/2025\/04\/AW442104_01-scaled.jpg\" \/>\n\t<meta property=\"og:image:width\" content=\"2560\" \/>\n\t<meta property=\"og:image:height\" content=\"1440\" \/>\n\t<meta property=\"og:image:type\" content=\"image\/jpeg\" \/>\n<meta name=\"author\" content=\"Memurun Sesi Haber Merkezi\" \/>\n<meta name=\"twitter:card\" content=\"summary_large_image\" \/>\n<meta name=\"twitter:creator\" content=\"@unipersen\" \/>\n<meta name=\"twitter:site\" content=\"@unipersen\" \/>\n<meta name=\"twitter:label1\" content=\"Yazan:\" \/>\n\t<meta name=\"twitter:data1\" content=\"Memurun Sesi Haber Merkezi\" \/>\n\t<meta name=\"twitter:label2\" content=\"Tahmini okuma s\u00fcresi\" \/>\n\t<meta name=\"twitter:data2\" content=\"1 dakika\" \/>\n<script type=\"application\/ld+json\" class=\"yoast-schema-graph\">{\"@context\":\"https:\\\/\\\/schema.org\",\"@graph\":[{\"@type\":\"Article\",\"@id\":\"https:\\\/\\\/memurunsesi.net\\\/index.php\\\/2025\\\/04\\\/27\\\/begonvili-goren-kadin-kendini-yeniden-dogmus-gibi-hissetti\\\/#article\",\"isPartOf\":{\"@id\":\"https:\\\/\\\/memurunsesi.net\\\/index.php\\\/2025\\\/04\\\/27\\\/begonvili-goren-kadin-kendini-yeniden-dogmus-gibi-hissetti\\\/\"},\"author\":{\"name\":\"Memurun Sesi Haber Merkezi\",\"@id\":\"https:\\\/\\\/memurunsesi.net\\\/#\\\/schema\\\/person\\\/f21c2d73b89f6ee1d80b0a1803e38587\"},\"headline\":\"Begonvili g\u00f6ren kad\u0131n kendini yeniden do\u011fmu\u015f gibi hissetti\",\"datePublished\":\"2025-04-27T10:49:34+00:00\",\"mainEntityOfPage\":{\"@id\":\"https:\\\/\\\/memurunsesi.net\\\/index.php\\\/2025\\\/04\\\/27\\\/begonvili-goren-kadin-kendini-yeniden-dogmus-gibi-hissetti\\\/\"},\"wordCount\":233,\"commentCount\":0,\"publisher\":{\"@id\":\"https:\\\/\\\/memurunsesi.net\\\/#organization\"},\"image\":{\"@id\":\"https:\\\/\\\/memurunsesi.net\\\/index.php\\\/2025\\\/04\\\/27\\\/begonvili-goren-kadin-kendini-yeniden-dogmus-gibi-hissetti\\\/#primaryimage\"},\"thumbnailUrl\":\"https:\\\/\\\/memurunsesi.net\\\/wp-content\\\/uploads\\\/2025\\\/04\\\/AW442104_01-scaled.jpg\",\"inLanguage\":\"tr\",\"potentialAction\":[{\"@type\":\"CommentAction\",\"name\":\"Comment\",\"target\":[\"https:\\\/\\\/memurunsesi.net\\\/index.php\\\/2025\\\/04\\\/27\\\/begonvili-goren-kadin-kendini-yeniden-dogmus-gibi-hissetti\\\/#respond\"]}]},{\"@type\":\"WebPage\",\"@id\":\"https:\\\/\\\/memurunsesi.net\\\/index.php\\\/2025\\\/04\\\/27\\\/begonvili-goren-kadin-kendini-yeniden-dogmus-gibi-hissetti\\\/\",\"url\":\"https:\\\/\\\/memurunsesi.net\\\/index.php\\\/2025\\\/04\\\/27\\\/begonvili-goren-kadin-kendini-yeniden-dogmus-gibi-hissetti\\\/\",\"name\":\"Begonvili g\u00f6ren kad\u0131n kendini yeniden do\u011fmu\u015f gibi hissetti - Memurun Sesi\",\"isPartOf\":{\"@id\":\"https:\\\/\\\/memurunsesi.net\\\/#website\"},\"primaryImageOfPage\":{\"@id\":\"https:\\\/\\\/memurunsesi.net\\\/index.php\\\/2025\\\/04\\\/27\\\/begonvili-goren-kadin-kendini-yeniden-dogmus-gibi-hissetti\\\/#primaryimage\"},\"image\":{\"@id\":\"https:\\\/\\\/memurunsesi.net\\\/index.php\\\/2025\\\/04\\\/27\\\/begonvili-goren-kadin-kendini-yeniden-dogmus-gibi-hissetti\\\/#primaryimage\"},\"thumbnailUrl\":\"https:\\\/\\\/memurunsesi.net\\\/wp-content\\\/uploads\\\/2025\\\/04\\\/AW442104_01-scaled.jpg\",\"datePublished\":\"2025-04-27T10:49:34+00:00\",\"breadcrumb\":{\"@id\":\"https:\\\/\\\/memurunsesi.net\\\/index.php\\\/2025\\\/04\\\/27\\\/begonvili-goren-kadin-kendini-yeniden-dogmus-gibi-hissetti\\\/#breadcrumb\"},\"inLanguage\":\"tr\",\"potentialAction\":[{\"@type\":\"ReadAction\",\"target\":[\"https:\\\/\\\/memurunsesi.net\\\/index.php\\\/2025\\\/04\\\/27\\\/begonvili-goren-kadin-kendini-yeniden-dogmus-gibi-hissetti\\\/\"]}]},{\"@type\":\"ImageObject\",\"inLanguage\":\"tr\",\"@id\":\"https:\\\/\\\/memurunsesi.net\\\/index.php\\\/2025\\\/04\\\/27\\\/begonvili-goren-kadin-kendini-yeniden-dogmus-gibi-hissetti\\\/#primaryimage\",\"url\":\"https:\\\/\\\/memurunsesi.net\\\/wp-content\\\/uploads\\\/2025\\\/04\\\/AW442104_01-scaled.jpg\",\"contentUrl\":\"https:\\\/\\\/memurunsesi.net\\\/wp-content\\\/uploads\\\/2025\\\/04\\\/AW442104_01-scaled.jpg\",\"width\":2560,\"height\":1440,\"caption\":\"Z\u0130YAPA\u015eA BULVARI'NDAK\u0130 BEGONV\u0130L A\u011eA\u00c7LARI BAHARLA B\u0130RL\u0130KTE \u00c7\u0130\u00c7EK A\u00c7TI. (UMUT DA\u011eLI\\\/ADANA-\u0130HA) Adana'da bahar\u0131n gelmesiyle \u00e7i\u00e7ek a\u00e7an begonvil a\u011fac\u0131n\u0131 g\u00f6ren bir kad\u0131n kendini yeniden do\u011fmu\u015f gibi hissetti\u011fini s\u00f6yledi.\"},{\"@type\":\"BreadcrumbList\",\"@id\":\"https:\\\/\\\/memurunsesi.net\\\/index.php\\\/2025\\\/04\\\/27\\\/begonvili-goren-kadin-kendini-yeniden-dogmus-gibi-hissetti\\\/#breadcrumb\",\"itemListElement\":[{\"@type\":\"ListItem\",\"position\":1,\"name\":\"Anasayfa\",\"item\":\"https:\\\/\\\/memurunsesi.net\\\/\"},{\"@type\":\"ListItem\",\"position\":2,\"name\":\"Begonvili g\u00f6ren kad\u0131n kendini yeniden do\u011fmu\u015f gibi hissetti\"}]},{\"@type\":\"WebSite\",\"@id\":\"https:\\\/\\\/memurunsesi.net\\\/#website\",\"url\":\"https:\\\/\\\/memurunsesi.net\\\/\",\"name\":\"Memurun Sesi\",\"description\":\"G\u00fcncel ve Do\u011fru Haber\",\"publisher\":{\"@id\":\"https:\\\/\\\/memurunsesi.net\\\/#organization\"},\"potentialAction\":[{\"@type\":\"SearchAction\",\"target\":{\"@type\":\"EntryPoint\",\"urlTemplate\":\"https:\\\/\\\/memurunsesi.net\\\/?s={search_term_string}\"},\"query-input\":{\"@type\":\"PropertyValueSpecification\",\"valueRequired\":true,\"valueName\":\"search_term_string\"}}],\"inLanguage\":\"tr\"},{\"@type\":\"Organization\",\"@id\":\"https:\\\/\\\/memurunsesi.net\\\/#organization\",\"name\":\"Memurun Sesi\",\"url\":\"https:\\\/\\\/memurunsesi.net\\\/\",\"logo\":{\"@type\":\"ImageObject\",\"inLanguage\":\"tr\",\"@id\":\"https:\\\/\\\/memurunsesi.net\\\/#\\\/schema\\\/logo\\\/image\\\/\",\"url\":\"https:\\\/\\\/memurunsesi.net\\\/wp-content\\\/uploads\\\/2025\\\/11\\\/cropped-MEMURUN-SESI.png\",\"contentUrl\":\"https:\\\/\\\/memurunsesi.net\\\/wp-content\\\/uploads\\\/2025\\\/11\\\/cropped-MEMURUN-SESI.png\",\"width\":238,\"height\":57,\"caption\":\"Memurun Sesi\"},\"image\":{\"@id\":\"https:\\\/\\\/memurunsesi.net\\\/#\\\/schema\\\/logo\\\/image\\\/\"},\"sameAs\":[\"https:\\\/\\\/www.facebook.com\\\/unipersen\\\/?locale=tr_TR\",\"https:\\\/\\\/x.com\\\/unipersen\"]},{\"@type\":\"Person\",\"@id\":\"https:\\\/\\\/memurunsesi.net\\\/#\\\/schema\\\/person\\\/f21c2d73b89f6ee1d80b0a1803e38587\",\"name\":\"Memurun Sesi Haber Merkezi\",\"image\":{\"@type\":\"ImageObject\",\"inLanguage\":\"tr\",\"@id\":\"https:\\\/\\\/secure.gravatar.com\\\/avatar\\\/6cf0505f452ee753f485014986fab09a434671d2b919ee76fc541025c5876a70?s=96&d=mm&r=g\",\"url\":\"https:\\\/\\\/secure.gravatar.com\\\/avatar\\\/6cf0505f452ee753f485014986fab09a434671d2b919ee76fc541025c5876a70?s=96&d=mm&r=g\",\"contentUrl\":\"https:\\\/\\\/secure.gravatar.com\\\/avatar\\\/6cf0505f452ee753f485014986fab09a434671d2b919ee76fc541025c5876a70?s=96&d=mm&r=g\",\"caption\":\"Memurun Sesi Haber Merkezi\"},\"sameAs\":[\"https:\\\/\\\/memurunsesi.net\"],\"url\":\"https:\\\/\\\/memurunsesi.net\\\/index.php\\\/author\\\/uniper\\\/\"}]}<\/script>\n<!-- \/ Yoast SEO plugin. -->","yoast_head_json":{"title":"Begonvili g\u00f6ren kad\u0131n kendini yeniden do\u011fmu\u015f gibi hissetti - Memurun Sesi","robots":{"index":"index","follow":"follow","max-snippet":"max-snippet:-1","max-image-preview":"max-image-preview:large","max-video-preview":"max-video-preview:-1"},"canonical":"https:\/\/memurunsesi.net\/index.php\/2025\/04\/27\/begonvili-goren-kadin-kendini-yeniden-dogmus-gibi-hissetti\/","og_locale":"tr_TR","og_type":"article","og_title":"Begonvili g\u00f6ren kad\u0131n kendini yeniden do\u011fmu\u015f gibi hissetti - Memurun Sesi","og_description":"Adana&#8217;da bahar\u0131n gelmesiyle \u00e7i\u00e7ek a\u00e7an begonvil a\u011fac\u0131n\u0131 g\u00f6ren bir kad\u0131n kendini yeniden do\u011fmu\u015f gibi hissetti\u011fini s\u00f6yledi. Merkez Seyhan il\u00e7esi, Ziyapa\u015fa Bulvar\u0131&#8217;ndaki begonvil a\u011fa\u00e7lar\u0131 baharla birlikte \u00e7i\u00e7ek a\u00e7t\u0131. Bulvar\u0131 boydan boya saran ve kartpostall\u0131k g\u00f6r\u00fcnt\u00fc olu\u015fturan begonvili g\u00f6ren vatanda\u015flar mest oluyor. Atat\u00fcrk Park\u0131 ve \u00e7evresine y\u00fcr\u00fcy\u00fc\u015f yapmak i\u00e7in gelen vatanda\u015flar begonvil \u00e7i\u00e7ekleri e\u015fli\u011finde spor yapmaktan b\u00fcy\u00fck [&hellip;]","og_url":"https:\/\/memurunsesi.net\/index.php\/2025\/04\/27\/begonvili-goren-kadin-kendini-yeniden-dogmus-gibi-hissetti\/","og_site_name":"Memurun Sesi","article_publisher":"https:\/\/www.facebook.com\/unipersen\/?locale=tr_TR","article_published_time":"2025-04-27T10:49:34+00:00","og_image":[{"width":2560,"height":1440,"url":"https:\/\/memurunsesi.net\/wp-content\/uploads\/2025\/04\/AW442104_01-scaled.jpg","type":"image\/jpeg"}],"author":"Memurun Sesi Haber Merkezi","twitter_card":"summary_large_image","twitter_creator":"@unipersen","twitter_site":"@unipersen","twitter_misc":{"Yazan:":"Memurun Sesi Haber Merkezi","Tahmini okuma s\u00fcresi":"1 dakika"},"schema":{"@context":"https:\/\/schema.org","@graph":[{"@type":"Article","@id":"https:\/\/memurunsesi.net\/index.php\/2025\/04\/27\/begonvili-goren-kadin-kendini-yeniden-dogmus-gibi-hissetti\/#article","isPartOf":{"@id":"https:\/\/memurunsesi.net\/index.php\/2025\/04\/27\/begonvili-goren-kadin-kendini-yeniden-dogmus-gibi-hissetti\/"},"author":{"name":"Memurun Sesi Haber Merkezi","@id":"https:\/\/memurunsesi.net\/#\/schema\/person\/f21c2d73b89f6ee1d80b0a1803e38587"},"headline":"Begonvili g\u00f6ren kad\u0131n kendini yeniden do\u011fmu\u015f gibi hissetti","datePublished":"2025-04-27T10:49:34+00:00","mainEntityOfPage":{"@id":"https:\/\/memurunsesi.net\/index.php\/2025\/04\/27\/begonvili-goren-kadin-kendini-yeniden-dogmus-gibi-hissetti\/"},"wordCount":233,"commentCount":0,"publisher":{"@id":"https:\/\/memurunsesi.net\/#organization"},"image":{"@id":"https:\/\/memurunsesi.net\/index.php\/2025\/04\/27\/begonvili-goren-kadin-kendini-yeniden-dogmus-gibi-hissetti\/#primaryimage"},"thumbnailUrl":"https:\/\/memurunsesi.net\/wp-content\/uploads\/2025\/04\/AW442104_01-scaled.jpg","inLanguage":"tr","potentialAction":[{"@type":"CommentAction","name":"Comment","target":["https:\/\/memurunsesi.net\/index.php\/2025\/04\/27\/begonvili-goren-kadin-kendini-yeniden-dogmus-gibi-hissetti\/#respond"]}]},{"@type":"WebPage","@id":"https:\/\/memurunsesi.net\/index.php\/2025\/04\/27\/begonvili-goren-kadin-kendini-yeniden-dogmus-gibi-hissetti\/","url":"https:\/\/memurunsesi.net\/index.php\/2025\/04\/27\/begonvili-goren-kadin-kendini-yeniden-dogmus-gibi-hissetti\/","name":"Begonvili g\u00f6ren kad\u0131n kendini yeniden do\u011fmu\u015f gibi hissetti - Memurun Sesi","isPartOf":{"@id":"https:\/\/memurunsesi.net\/#website"},"primaryImageOfPage":{"@id":"https:\/\/memurunsesi.net\/index.php\/2025\/04\/27\/begonvili-goren-kadin-kendini-yeniden-dogmus-gibi-hissetti\/#primaryimage"},"image":{"@id":"https:\/\/memurunsesi.net\/index.php\/2025\/04\/27\/begonvili-goren-kadin-kendini-yeniden-dogmus-gibi-hissetti\/#primaryimage"},"thumbnailUrl":"https:\/\/memurunsesi.net\/wp-content\/uploads\/2025\/04\/AW442104_01-scaled.jpg","datePublished":"2025-04-27T10:49:34+00:00","breadcrumb":{"@id":"https:\/\/memurunsesi.net\/index.php\/2025\/04\/27\/begonvili-goren-kadin-kendini-yeniden-dogmus-gibi-hissetti\/#breadcrumb"},"inLanguage":"tr","potentialAction":[{"@type":"ReadAction","target":["https:\/\/memurunsesi.net\/index.php\/2025\/04\/27\/begonvili-goren-kadin-kendini-yeniden-dogmus-gibi-hissetti\/"]}]},{"@type":"ImageObject","inLanguage":"tr","@id":"https:\/\/memurunsesi.net\/index.php\/2025\/04\/27\/begonvili-goren-kadin-kendini-yeniden-dogmus-gibi-hissetti\/#primaryimage","url":"https:\/\/memurunsesi.net\/wp-content\/uploads\/2025\/04\/AW442104_01-scaled.jpg","contentUrl":"https:\/\/memurunsesi.net\/wp-content\/uploads\/2025\/04\/AW442104_01-scaled.jpg","width":2560,"height":1440,"caption":"Z\u0130YAPA\u015eA BULVARI'NDAK\u0130 BEGONV\u0130L A\u011eA\u00c7LARI BAHARLA B\u0130RL\u0130KTE \u00c7\u0130\u00c7EK A\u00c7TI. (UMUT DA\u011eLI\/ADANA-\u0130HA) Adana'da bahar\u0131n gelmesiyle \u00e7i\u00e7ek a\u00e7an begonvil a\u011fac\u0131n\u0131 g\u00f6ren bir kad\u0131n kendini yeniden do\u011fmu\u015f gibi hissetti\u011fini s\u00f6yledi."},{"@type":"BreadcrumbList","@id":"https:\/\/memurunsesi.net\/index.php\/2025\/04\/27\/begonvili-goren-kadin-kendini-yeniden-dogmus-gibi-hissetti\/#breadcrumb","itemListElement":[{"@type":"ListItem","position":1,"name":"Anasayfa","item":"https:\/\/memurunsesi.net\/"},{"@type":"ListItem","position":2,"name":"Begonvili g\u00f6ren kad\u0131n kendini yeniden do\u011fmu\u015f gibi hissetti"}]},{"@type":"WebSite","@id":"https:\/\/memurunsesi.net\/#website","url":"https:\/\/memurunsesi.net\/","name":"Memurun Sesi","description":"G\u00fcncel ve Do\u011fru Haber","publisher":{"@id":"https:\/\/memurunsesi.net\/#organization"},"potentialAction":[{"@type":"SearchAction","target":{"@type":"EntryPoint","urlTemplate":"https:\/\/memurunsesi.net\/?s={search_term_string}"},"query-input":{"@type":"PropertyValueSpecification","valueRequired":true,"valueName":"search_term_string"}}],"inLanguage":"tr"},{"@type":"Organization","@id":"https:\/\/memurunsesi.net\/#organization","name":"Memurun Sesi","url":"https:\/\/memurunsesi.net\/","logo":{"@type":"ImageObject","inLanguage":"tr","@id":"https:\/\/memurunsesi.net\/#\/schema\/logo\/image\/","url":"https:\/\/memurunsesi.net\/wp-content\/uploads\/2025\/11\/cropped-MEMURUN-SESI.png","contentUrl":"https:\/\/memurunsesi.net\/wp-content\/uploads\/2025\/11\/cropped-MEMURUN-SESI.png","width":238,"height":57,"caption":"Memurun Sesi"},"image":{"@id":"https:\/\/memurunsesi.net\/#\/schema\/logo\/image\/"},"sameAs":["https:\/\/www.facebook.com\/unipersen\/?locale=tr_TR","https:\/\/x.com\/unipersen"]},{"@type":"Person","@id":"https:\/\/memurunsesi.net\/#\/schema\/person\/f21c2d73b89f6ee1d80b0a1803e38587","name":"Memurun Sesi Haber Merkezi","image":{"@type":"ImageObject","inLanguage":"tr","@id":"https:\/\/secure.gravatar.com\/avatar\/6cf0505f452ee753f485014986fab09a434671d2b919ee76fc541025c5876a70?s=96&d=mm&r=g","url":"https:\/\/secure.gravatar.com\/avatar\/6cf0505f452ee753f485014986fab09a434671d2b919ee76fc541025c5876a70?s=96&d=mm&r=g","contentUrl":"https:\/\/secure.gravatar.com\/avatar\/6cf0505f452ee753f485014986fab09a434671d2b919ee76fc541025c5876a70?s=96&d=mm&r=g","caption":"Memurun Sesi Haber Merkezi"},"sameAs":["https:\/\/memurunsesi.net"],"url":"https:\/\/memurunsesi.net\/index.php\/author\/uniper\/"}]}},"_links":{"self":[{"href":"https:\/\/memurunsesi.net\/index.php\/wp-json\/wp\/v2\/posts\/6076","targetHints":{"allow":["GET"]}}],"collection":[{"href":"https:\/\/memurunsesi.net\/index.php\/wp-json\/wp\/v2\/posts"}],"about":[{"href":"https:\/\/memurunsesi.net\/index.php\/wp-json\/wp\/v2\/types\/post"}],"author":[{"embeddable":true,"href":"https:\/\/memurunsesi.net\/index.php\/wp-json\/wp\/v2\/users\/1"}],"replies":[{"embeddable":true,"href":"https:\/\/memurunsesi.net\/index.php\/wp-json\/wp\/v2\/comments?post=6076"}],"version-history":[{"count":1,"href":"https:\/\/memurunsesi.net\/index.php\/wp-json\/wp\/v2\/posts\/6076\/revisions"}],"predecessor-version":[{"id":6078,"href":"https:\/\/memurunsesi.net\/index.php\/wp-json\/wp\/v2\/posts\/6076\/revisions\/6078"}],"wp:featuredmedia":[{"embeddable":true,"href":"https:\/\/memurunsesi.net\/index.php\/wp-json\/wp\/v2\/media\/6077"}],"wp:attachment":[{"href":"https:\/\/memurunsesi.net\/index.php\/wp-json\/wp\/v2\/media?parent=6076"}],"wp:term":[{"taxonomy":"category","embeddable":true,"href":"https:\/\/memurunsesi.net\/index.php\/wp-json\/wp\/v2\/categories?post=6076"},{"taxonomy":"post_tag","embeddable":true,"href":"https:\/\/memurunsesi.net\/index.php\/wp-json\/wp\/v2\/tags?post=6076"}],"curies":[{"name":"wp","href":"https:\/\/api.w.org\/{rel}","templated":true}]}}