{"id":6101,"date":"2025-04-28T21:25:03","date_gmt":"2025-04-28T18:25:03","guid":{"rendered":"https:\/\/memurunsesi.net\/?p=6101"},"modified":"2025-04-28T21:25:03","modified_gmt":"2025-04-28T18:25:03","slug":"cesmi-cihan-amasranin-aglayan-agaci-kesildi","status":"publish","type":"post","link":"https:\/\/memurunsesi.net\/index.php\/2025\/04\/28\/cesmi-cihan-amasranin-aglayan-agaci-kesildi\/","title":{"rendered":"\u00c7e\u015fmi cihan Amasra&#8217;n\u0131n a\u011flayan a\u011fac\u0131 kesildi"},"content":{"rendered":"<p>  &#8211; \u0130l\u00e7enin sembol\u00fc ve turistlerin ilgi oda\u011f\u0131 olan a\u011fac\u0131n kesilmesi il\u00e7eyi kar\u0131\u015ft\u0131rd\u0131 <\/p>\n<p> T\u00fcrkiye&#8217;nin turizmde y\u00fckselen de\u011feri Bart\u0131n&#8217;\u0131n Amasra il\u00e7esinin sembolleri aras\u0131nda yer alan a\u011flayan a\u011fa\u00e7 kesildi. Bart\u0131n Belediyesi ve b\u00f6lgede bulunan i\u015fletme yetkilileri, a\u011fac\u0131n \u015fikayet \u00fczerine onucu g\u00fcvenlik gerek\u00e7esiyle kesildi\u011fini duyurdu.<br \/>\n  Fatih Sultan Mehmet Han&#8217;\u0131n denizi ve muhte\u015fem do\u011fas\u0131 nedeniyle &#8220;\u00e7e\u015fmi cihan (d\u00fcnyan\u0131n g\u00f6zbebe\u011fi)&#8221; olarak nitilendirdi\u011fi Amasra&#8217;n\u0131n sembolleri aras\u0131nda yer alan a\u011flayan a\u011fa\u00e7 kesildi. Y\u0131llarca yerli ve yabanc\u0131 turistlerin ilgi g\u00f6sterdi\u011fi a\u011flayan a\u011fac\u0131n kesilmesi, il\u00e7ede ve sosyal medyada tepkilere neden oldu.<br \/>\n  Amasra Belediyesi taraf\u0131ndan Boztepe Mahallesi&#8217;ndeki bir \u00e7ay bah\u00e7esinde 3. derece arkeolojik sit alan\u0131 i\u00e7erisinde bulunan a\u011flayan a\u011fa\u00e7la ilgili yap\u0131lan a\u00e7\u0131klamada, a\u011fac\u0131n Karab\u00fck K\u00fclt\u00fcr Varl\u0131klar\u0131n\u0131 Koruma B\u00f6lge Kurulu&#8217;nun karar\u0131 ile kesildi\u011fi ifade edildi. A\u00e7\u0131klamada,  &#8220;\u015eikayetler \u00fczerine Valilik makam\u0131n\u0131n 26.11.2021 tarihli &#8216;olur&#8217;u ile te\u015fkil edilen An\u0131t A\u011fa\u00e7 Koruma ve Bak\u0131m Komisyonu, s\u00f6z konusu a\u011fa\u00e7la ilgili olarak 19.02.2025 tarihinde mahallinde bir inceleme ger\u00e7ekle\u015ftirmi\u015ftir. Yap\u0131lan detayl\u0131 incelemeler neticesinde Komisyon, a\u011fac\u0131n canl\u0131l\u0131\u011f\u0131n\u0131 tamamen yitirdi\u011fi, bulundu\u011fu konum itibar\u0131yla sert r\u00fczgarlara a\u00e7\u0131k oldu\u011fu ve \u00f6zellikle turizm sezonunda yo\u011fun insan hareketlili\u011finin ya\u015fand\u0131\u011f\u0131 bir b\u00f6lgede bulunmas\u0131 sebebiyle ileride ya\u015fanabilecek olumsuzluklar\u0131n \u00f6n\u00fcne ge\u00e7ilmesi amac\u0131yla a\u011fac\u0131n dipten kesilerek alandan uzakla\u015ft\u0131r\u0131lmas\u0131n\u0131n uygun olaca\u011f\u0131 kanaatine varm\u0131\u015ft\u0131r. Ayr\u0131ca a\u011fac\u0131n turistik de\u011ferinin korunmas\u0131 maksad\u0131yla kesilen kuru g\u00f6vdenin bir k\u0131sm\u0131n\u0131n tan\u0131t\u0131c\u0131 bir tabela e\u015fli\u011finde ayn\u0131 b\u00f6lgede sergilenmesi de uygun g\u00f6r\u00fclm\u00fc\u015ft\u00fcr. Bu tespitler do\u011frultusunda Karab\u00fck K\u00fclt\u00fcr Varl\u0131klar\u0131n\u0131 Koruma B\u00f6lge Kurulu&#8217;nun 26.03.2025 tarih ve 9856 say\u0131l\u0131 karar\u0131 ile de selvi a\u011fac\u0131n\u0131n tehlike arz etmesi nedeniyle kesilmesine karar verilmi\u015ftir. Al\u0131nan ilgili kurul kararlar\u0131 \u00e7er\u00e7evesinde s\u00f6z konusu selvi a\u011fac\u0131 Amasra M\u00fcze M\u00fcd\u00fcrl\u00fc\u011f\u00fc&#8217;n\u00fcn denetimi alt\u0131nda belediyemiz ekipleri taraf\u0131ndan kesilmi\u015ftir. Amasra Belediye Ba\u015fkanl\u0131\u011f\u0131 olarak kesilen bu k\u0131ymetli a\u011fac\u0131m\u0131z\u0131n yerine en k\u0131sa s\u00fcrede yeni bir fidan dikilerek do\u011faya ve iklim de\u011fi\u015fikli\u011fiyle olan m\u00fccadelemiz kararl\u0131l\u0131kla s\u00fcrd\u00fcr\u00fclecektir&#8221; denildi. <\/p>\n<p>  \u0130\u015fletmeden a\u011fac\u0131n kurutuldu\u011fu iddias\u0131<br \/>\n  A\u011flayan a\u011fac\u0131n ad\u0131n\u0131 ta\u015f\u0131yan \u00e7ay bah\u00e7esinin yetkilileri ise, yapt\u0131klar\u0131 a\u00e7\u0131klamada a\u011fac\u0131n d\u0131\u015far\u0131dan m\u00fcdahale ile kurutulmu\u015f olabilece\u011fini iddia etti. Yetkililer, &#8220;\u0130\u015fletmemizin bah\u00e7esinde y\u0131llard\u0131r sizlerle birlikte an\u0131 biriktiren, i\u015fletmemiz b\u00fcnyesinde y\u0131llard\u0131r varl\u0131\u011f\u0131n\u0131 s\u00fcrd\u00fcren, &#8216;a\u011flayan a\u011fa\u00e7&#8217; olarak bilinen k\u0131ymetli a\u011fac\u0131m\u0131z, bir\u00e7ok misafirimize hem do\u011fayla ba\u011f kurma hem de huzur bulma imk\u00e2n\u0131 sunmu\u015ftur. \u0130l\u00e7emizin simgesi haline gelen a\u011flayan a\u011fac\u0131m\u0131z, ne yaz\u0131k ki gelen \u015fikayetler ve artan bask\u0131lar sonucu bir aileye mensup birka\u00e7 ki\u015finin \u015fikayeti \u00fczerine &#8216;a\u011fac\u0131n kurumas\u0131&#8217; gerek\u00e7esiyle a\u011fa\u00e7 de\u011ferlendirme komisyon karar\u0131 do\u011frultusunda kesilmi\u015ftir. \u00dcz\u00fclerek belirtmek isteriz ki, a\u011fac\u0131m\u0131za d\u0131\u015far\u0131dan m\u00fcdahale edilmi\u015f olabilece\u011fi y\u00f6n\u00fcnde bizde ciddi bir \u015f\u00fcphe uyand\u0131rm\u0131\u015ft\u0131r. Ancak elimizde resmi bir analiz sonucu veya kesin bir kan\u0131t bulunmad\u0131\u011f\u0131ndan dolay\u0131 bu hususta kesin bir beyanda bulunam\u0131yoruz. Her \u015feye ra\u011fmen do\u011faya ve sizlere olan sevgimizden vazge\u00e7miyoruz. Belediyemiz taraf\u0131ndan ayn\u0131 t\u00fcrden yeni bir a\u011fac\u0131n en k\u0131sa s\u00fcrede yerine dikilece\u011fini duymak bizleri sevindirdi. Ya\u015famaya ve ya\u015fatmaya devam edece\u011fiz. \u0130\u015fletmemiz, t\u00fcm g\u00fczelli\u011fiyle ve siz de\u011ferli misafirlerimizin deste\u011fiyle hizmet vermeyi s\u00fcrd\u00fcrmektedir. Onu kaybetmek i\u00e7imizi burksa da her son yeni bir ba\u015flang\u0131\u00e7t\u0131r. Yerine dikece\u011fimiz yeni fidanlarla hayat\u0131 yeniden ye\u015fertece\u011fiz&#8221; ifadelerini kulland\u0131. <\/p>\n<p>28.04.2025                            <\/p>\n","protected":false},"excerpt":{"rendered":"<p>&#8211; \u0130l\u00e7enin sembol\u00fc ve turistlerin ilgi oda\u011f\u0131 olan a\u011fac\u0131n kesilmesi il\u00e7eyi kar\u0131\u015ft\u0131rd\u0131 T\u00fcrkiye&#8217;nin turizmde y\u00fckselen de\u011feri Bart\u0131n&#8217;\u0131n Amasra il\u00e7esinin sembolleri aras\u0131nda yer alan a\u011flayan a\u011fa\u00e7 kesildi. Bart\u0131n Belediyesi ve b\u00f6lgede bulunan i\u015fletme yetkilileri, a\u011fac\u0131n \u015fikayet \u00fczerine onucu g\u00fcvenlik gerek\u00e7esiyle kesildi\u011fini duyurdu. Fatih Sultan Mehmet Han&#8217;\u0131n denizi ve muhte\u015fem do\u011fas\u0131 nedeniyle &#8220;\u00e7e\u015fmi cihan (d\u00fcnyan\u0131n g\u00f6zbebe\u011fi)&#8221; olarak [&hellip;]<\/p>\n","protected":false},"author":1,"featured_media":6102,"comment_status":"open","ping_status":"open","sticky":false,"template":"","format":"standard","meta":{"footnotes":""},"categories":[1],"tags":[],"class_list":["post-6101","post","type-post","status-publish","format-standard","has-post-thumbnail","hentry","category-genel"],"yoast_head":"<!-- This site is optimized with the Yoast SEO plugin v27.4 - https:\/\/yoast.com\/product\/yoast-seo-wordpress\/ -->\n<title>\u00c7e\u015fmi cihan Amasra&#039;n\u0131n a\u011flayan a\u011fac\u0131 kesildi - Memurun Sesi<\/title>\n<meta name=\"robots\" content=\"index, follow, max-snippet:-1, max-image-preview:large, max-video-preview:-1\" \/>\n<link rel=\"canonical\" href=\"https:\/\/memurunsesi.net\/index.php\/2025\/04\/28\/cesmi-cihan-amasranin-aglayan-agaci-kesildi\/\" \/>\n<meta property=\"og:locale\" content=\"tr_TR\" \/>\n<meta property=\"og:type\" content=\"article\" \/>\n<meta property=\"og:title\" content=\"\u00c7e\u015fmi cihan Amasra&#039;n\u0131n a\u011flayan a\u011fac\u0131 kesildi - Memurun Sesi\" \/>\n<meta property=\"og:description\" content=\"&#8211; \u0130l\u00e7enin sembol\u00fc ve turistlerin ilgi oda\u011f\u0131 olan a\u011fac\u0131n kesilmesi il\u00e7eyi kar\u0131\u015ft\u0131rd\u0131 T\u00fcrkiye&#8217;nin turizmde y\u00fckselen de\u011feri Bart\u0131n&#8217;\u0131n Amasra il\u00e7esinin sembolleri aras\u0131nda yer alan a\u011flayan a\u011fa\u00e7 kesildi. Bart\u0131n Belediyesi ve b\u00f6lgede bulunan i\u015fletme yetkilileri, a\u011fac\u0131n \u015fikayet \u00fczerine onucu g\u00fcvenlik gerek\u00e7esiyle kesildi\u011fini duyurdu. Fatih Sultan Mehmet Han&#8217;\u0131n denizi ve muhte\u015fem do\u011fas\u0131 nedeniyle &#8220;\u00e7e\u015fmi cihan (d\u00fcnyan\u0131n g\u00f6zbebe\u011fi)&#8221; olarak [&hellip;]\" \/>\n<meta property=\"og:url\" content=\"https:\/\/memurunsesi.net\/index.php\/2025\/04\/28\/cesmi-cihan-amasranin-aglayan-agaci-kesildi\/\" \/>\n<meta property=\"og:site_name\" content=\"Memurun Sesi\" \/>\n<meta property=\"article:publisher\" content=\"https:\/\/www.facebook.com\/unipersen\/?locale=tr_TR\" \/>\n<meta property=\"article:published_time\" content=\"2025-04-28T18:25:03+00:00\" \/>\n<meta property=\"og:image\" content=\"https:\/\/memurunsesi.net\/wp-content\/uploads\/2025\/04\/AW443035_01.jpg\" \/>\n\t<meta property=\"og:image:width\" content=\"1080\" \/>\n\t<meta property=\"og:image:height\" content=\"796\" \/>\n\t<meta property=\"og:image:type\" content=\"image\/jpeg\" \/>\n<meta name=\"author\" content=\"Memurun Sesi Haber Merkezi\" \/>\n<meta name=\"twitter:card\" content=\"summary_large_image\" \/>\n<meta name=\"twitter:creator\" content=\"@unipersen\" \/>\n<meta name=\"twitter:site\" content=\"@unipersen\" \/>\n<meta name=\"twitter:label1\" content=\"Yazan:\" \/>\n\t<meta name=\"twitter:data1\" content=\"Memurun Sesi Haber Merkezi\" \/>\n\t<meta name=\"twitter:label2\" content=\"Tahmini okuma s\u00fcresi\" \/>\n\t<meta name=\"twitter:data2\" content=\"1 dakika\" \/>\n<script type=\"application\/ld+json\" class=\"yoast-schema-graph\">{\"@context\":\"https:\\\/\\\/schema.org\",\"@graph\":[{\"@type\":\"Article\",\"@id\":\"https:\\\/\\\/memurunsesi.net\\\/index.php\\\/2025\\\/04\\\/28\\\/cesmi-cihan-amasranin-aglayan-agaci-kesildi\\\/#article\",\"isPartOf\":{\"@id\":\"https:\\\/\\\/memurunsesi.net\\\/index.php\\\/2025\\\/04\\\/28\\\/cesmi-cihan-amasranin-aglayan-agaci-kesildi\\\/\"},\"author\":{\"name\":\"Memurun Sesi Haber Merkezi\",\"@id\":\"https:\\\/\\\/memurunsesi.net\\\/#\\\/schema\\\/person\\\/f21c2d73b89f6ee1d80b0a1803e38587\"},\"headline\":\"\u00c7e\u015fmi cihan Amasra&#8217;n\u0131n a\u011flayan a\u011fac\u0131 kesildi\",\"datePublished\":\"2025-04-28T18:25:03+00:00\",\"mainEntityOfPage\":{\"@id\":\"https:\\\/\\\/memurunsesi.net\\\/index.php\\\/2025\\\/04\\\/28\\\/cesmi-cihan-amasranin-aglayan-agaci-kesildi\\\/\"},\"wordCount\":719,\"commentCount\":0,\"publisher\":{\"@id\":\"https:\\\/\\\/memurunsesi.net\\\/#organization\"},\"image\":{\"@id\":\"https:\\\/\\\/memurunsesi.net\\\/index.php\\\/2025\\\/04\\\/28\\\/cesmi-cihan-amasranin-aglayan-agaci-kesildi\\\/#primaryimage\"},\"thumbnailUrl\":\"https:\\\/\\\/memurunsesi.net\\\/wp-content\\\/uploads\\\/2025\\\/04\\\/AW443035_01.jpg\",\"inLanguage\":\"tr\",\"potentialAction\":[{\"@type\":\"CommentAction\",\"name\":\"Comment\",\"target\":[\"https:\\\/\\\/memurunsesi.net\\\/index.php\\\/2025\\\/04\\\/28\\\/cesmi-cihan-amasranin-aglayan-agaci-kesildi\\\/#respond\"]}]},{\"@type\":\"WebPage\",\"@id\":\"https:\\\/\\\/memurunsesi.net\\\/index.php\\\/2025\\\/04\\\/28\\\/cesmi-cihan-amasranin-aglayan-agaci-kesildi\\\/\",\"url\":\"https:\\\/\\\/memurunsesi.net\\\/index.php\\\/2025\\\/04\\\/28\\\/cesmi-cihan-amasranin-aglayan-agaci-kesildi\\\/\",\"name\":\"\u00c7e\u015fmi cihan Amasra'n\u0131n a\u011flayan a\u011fac\u0131 kesildi - Memurun Sesi\",\"isPartOf\":{\"@id\":\"https:\\\/\\\/memurunsesi.net\\\/#website\"},\"primaryImageOfPage\":{\"@id\":\"https:\\\/\\\/memurunsesi.net\\\/index.php\\\/2025\\\/04\\\/28\\\/cesmi-cihan-amasranin-aglayan-agaci-kesildi\\\/#primaryimage\"},\"image\":{\"@id\":\"https:\\\/\\\/memurunsesi.net\\\/index.php\\\/2025\\\/04\\\/28\\\/cesmi-cihan-amasranin-aglayan-agaci-kesildi\\\/#primaryimage\"},\"thumbnailUrl\":\"https:\\\/\\\/memurunsesi.net\\\/wp-content\\\/uploads\\\/2025\\\/04\\\/AW443035_01.jpg\",\"datePublished\":\"2025-04-28T18:25:03+00:00\",\"breadcrumb\":{\"@id\":\"https:\\\/\\\/memurunsesi.net\\\/index.php\\\/2025\\\/04\\\/28\\\/cesmi-cihan-amasranin-aglayan-agaci-kesildi\\\/#breadcrumb\"},\"inLanguage\":\"tr\",\"potentialAction\":[{\"@type\":\"ReadAction\",\"target\":[\"https:\\\/\\\/memurunsesi.net\\\/index.php\\\/2025\\\/04\\\/28\\\/cesmi-cihan-amasranin-aglayan-agaci-kesildi\\\/\"]}]},{\"@type\":\"ImageObject\",\"inLanguage\":\"tr\",\"@id\":\"https:\\\/\\\/memurunsesi.net\\\/index.php\\\/2025\\\/04\\\/28\\\/cesmi-cihan-amasranin-aglayan-agaci-kesildi\\\/#primaryimage\",\"url\":\"https:\\\/\\\/memurunsesi.net\\\/wp-content\\\/uploads\\\/2025\\\/04\\\/AW443035_01.jpg\",\"contentUrl\":\"https:\\\/\\\/memurunsesi.net\\\/wp-content\\\/uploads\\\/2025\\\/04\\\/AW443035_01.jpg\",\"width\":1080,\"height\":796,\"caption\":\"T\u00dcRK\u0130YE'N\u0130N TUR\u0130ZMDE Y\u00dcKSELEN DE\u011eER\u0130 BARTIN'IN AMASRA UL\u00c7ES\u0130N\u0130N SEMBOLLER\u0130 ARASINDA YER ALAN A\u011eLALAN A\u011eA\u00c7 KES\u0130LD\u0130. (HAL\u0130L TEK\u0130N - SERHAT DEM\u0130R\\\/BARTIN-\u0130HA) T\u00fcrkiye'nin turizmde y\u00fckselen de\u011feri Bart\u0131n'\u0131n Amasra il\u00e7esinin sembolleri aras\u0131nda yer alan a\u011flayan a\u011fa\u00e7 kesildi. Bart\u0131n Belediyesi ve b\u00f6lgede bulunan i\u015fletme yetkilileri, a\u011fac\u0131n \u015fikayet \u00fczerine onucu g\u00fcvenlik gerek\u00e7esiyle kesildi\u011fini duyurdu.\"},{\"@type\":\"BreadcrumbList\",\"@id\":\"https:\\\/\\\/memurunsesi.net\\\/index.php\\\/2025\\\/04\\\/28\\\/cesmi-cihan-amasranin-aglayan-agaci-kesildi\\\/#breadcrumb\",\"itemListElement\":[{\"@type\":\"ListItem\",\"position\":1,\"name\":\"Anasayfa\",\"item\":\"https:\\\/\\\/memurunsesi.net\\\/\"},{\"@type\":\"ListItem\",\"position\":2,\"name\":\"\u00c7e\u015fmi cihan Amasra&#8217;n\u0131n a\u011flayan a\u011fac\u0131 kesildi\"}]},{\"@type\":\"WebSite\",\"@id\":\"https:\\\/\\\/memurunsesi.net\\\/#website\",\"url\":\"https:\\\/\\\/memurunsesi.net\\\/\",\"name\":\"Memurun Sesi\",\"description\":\"G\u00fcncel ve Do\u011fru Haber\",\"publisher\":{\"@id\":\"https:\\\/\\\/memurunsesi.net\\\/#organization\"},\"potentialAction\":[{\"@type\":\"SearchAction\",\"target\":{\"@type\":\"EntryPoint\",\"urlTemplate\":\"https:\\\/\\\/memurunsesi.net\\\/?s={search_term_string}\"},\"query-input\":{\"@type\":\"PropertyValueSpecification\",\"valueRequired\":true,\"valueName\":\"search_term_string\"}}],\"inLanguage\":\"tr\"},{\"@type\":\"Organization\",\"@id\":\"https:\\\/\\\/memurunsesi.net\\\/#organization\",\"name\":\"Memurun Sesi\",\"url\":\"https:\\\/\\\/memurunsesi.net\\\/\",\"logo\":{\"@type\":\"ImageObject\",\"inLanguage\":\"tr\",\"@id\":\"https:\\\/\\\/memurunsesi.net\\\/#\\\/schema\\\/logo\\\/image\\\/\",\"url\":\"https:\\\/\\\/memurunsesi.net\\\/wp-content\\\/uploads\\\/2025\\\/11\\\/cropped-MEMURUN-SESI.png\",\"contentUrl\":\"https:\\\/\\\/memurunsesi.net\\\/wp-content\\\/uploads\\\/2025\\\/11\\\/cropped-MEMURUN-SESI.png\",\"width\":238,\"height\":57,\"caption\":\"Memurun Sesi\"},\"image\":{\"@id\":\"https:\\\/\\\/memurunsesi.net\\\/#\\\/schema\\\/logo\\\/image\\\/\"},\"sameAs\":[\"https:\\\/\\\/www.facebook.com\\\/unipersen\\\/?locale=tr_TR\",\"https:\\\/\\\/x.com\\\/unipersen\"]},{\"@type\":\"Person\",\"@id\":\"https:\\\/\\\/memurunsesi.net\\\/#\\\/schema\\\/person\\\/f21c2d73b89f6ee1d80b0a1803e38587\",\"name\":\"Memurun Sesi Haber Merkezi\",\"image\":{\"@type\":\"ImageObject\",\"inLanguage\":\"tr\",\"@id\":\"https:\\\/\\\/secure.gravatar.com\\\/avatar\\\/6cf0505f452ee753f485014986fab09a434671d2b919ee76fc541025c5876a70?s=96&d=mm&r=g\",\"url\":\"https:\\\/\\\/secure.gravatar.com\\\/avatar\\\/6cf0505f452ee753f485014986fab09a434671d2b919ee76fc541025c5876a70?s=96&d=mm&r=g\",\"contentUrl\":\"https:\\\/\\\/secure.gravatar.com\\\/avatar\\\/6cf0505f452ee753f485014986fab09a434671d2b919ee76fc541025c5876a70?s=96&d=mm&r=g\",\"caption\":\"Memurun Sesi Haber Merkezi\"},\"sameAs\":[\"https:\\\/\\\/memurunsesi.net\"],\"url\":\"https:\\\/\\\/memurunsesi.net\\\/index.php\\\/author\\\/uniper\\\/\"}]}<\/script>\n<!-- \/ Yoast SEO plugin. -->","yoast_head_json":{"title":"\u00c7e\u015fmi cihan Amasra'n\u0131n a\u011flayan a\u011fac\u0131 kesildi - Memurun Sesi","robots":{"index":"index","follow":"follow","max-snippet":"max-snippet:-1","max-image-preview":"max-image-preview:large","max-video-preview":"max-video-preview:-1"},"canonical":"https:\/\/memurunsesi.net\/index.php\/2025\/04\/28\/cesmi-cihan-amasranin-aglayan-agaci-kesildi\/","og_locale":"tr_TR","og_type":"article","og_title":"\u00c7e\u015fmi cihan Amasra'n\u0131n a\u011flayan a\u011fac\u0131 kesildi - Memurun Sesi","og_description":"&#8211; \u0130l\u00e7enin sembol\u00fc ve turistlerin ilgi oda\u011f\u0131 olan a\u011fac\u0131n kesilmesi il\u00e7eyi kar\u0131\u015ft\u0131rd\u0131 T\u00fcrkiye&#8217;nin turizmde y\u00fckselen de\u011feri Bart\u0131n&#8217;\u0131n Amasra il\u00e7esinin sembolleri aras\u0131nda yer alan a\u011flayan a\u011fa\u00e7 kesildi. Bart\u0131n Belediyesi ve b\u00f6lgede bulunan i\u015fletme yetkilileri, a\u011fac\u0131n \u015fikayet \u00fczerine onucu g\u00fcvenlik gerek\u00e7esiyle kesildi\u011fini duyurdu. Fatih Sultan Mehmet Han&#8217;\u0131n denizi ve muhte\u015fem do\u011fas\u0131 nedeniyle &#8220;\u00e7e\u015fmi cihan (d\u00fcnyan\u0131n g\u00f6zbebe\u011fi)&#8221; olarak [&hellip;]","og_url":"https:\/\/memurunsesi.net\/index.php\/2025\/04\/28\/cesmi-cihan-amasranin-aglayan-agaci-kesildi\/","og_site_name":"Memurun Sesi","article_publisher":"https:\/\/www.facebook.com\/unipersen\/?locale=tr_TR","article_published_time":"2025-04-28T18:25:03+00:00","og_image":[{"width":1080,"height":796,"url":"https:\/\/memurunsesi.net\/wp-content\/uploads\/2025\/04\/AW443035_01.jpg","type":"image\/jpeg"}],"author":"Memurun Sesi Haber Merkezi","twitter_card":"summary_large_image","twitter_creator":"@unipersen","twitter_site":"@unipersen","twitter_misc":{"Yazan:":"Memurun Sesi Haber Merkezi","Tahmini okuma s\u00fcresi":"1 dakika"},"schema":{"@context":"https:\/\/schema.org","@graph":[{"@type":"Article","@id":"https:\/\/memurunsesi.net\/index.php\/2025\/04\/28\/cesmi-cihan-amasranin-aglayan-agaci-kesildi\/#article","isPartOf":{"@id":"https:\/\/memurunsesi.net\/index.php\/2025\/04\/28\/cesmi-cihan-amasranin-aglayan-agaci-kesildi\/"},"author":{"name":"Memurun Sesi Haber Merkezi","@id":"https:\/\/memurunsesi.net\/#\/schema\/person\/f21c2d73b89f6ee1d80b0a1803e38587"},"headline":"\u00c7e\u015fmi cihan Amasra&#8217;n\u0131n a\u011flayan a\u011fac\u0131 kesildi","datePublished":"2025-04-28T18:25:03+00:00","mainEntityOfPage":{"@id":"https:\/\/memurunsesi.net\/index.php\/2025\/04\/28\/cesmi-cihan-amasranin-aglayan-agaci-kesildi\/"},"wordCount":719,"commentCount":0,"publisher":{"@id":"https:\/\/memurunsesi.net\/#organization"},"image":{"@id":"https:\/\/memurunsesi.net\/index.php\/2025\/04\/28\/cesmi-cihan-amasranin-aglayan-agaci-kesildi\/#primaryimage"},"thumbnailUrl":"https:\/\/memurunsesi.net\/wp-content\/uploads\/2025\/04\/AW443035_01.jpg","inLanguage":"tr","potentialAction":[{"@type":"CommentAction","name":"Comment","target":["https:\/\/memurunsesi.net\/index.php\/2025\/04\/28\/cesmi-cihan-amasranin-aglayan-agaci-kesildi\/#respond"]}]},{"@type":"WebPage","@id":"https:\/\/memurunsesi.net\/index.php\/2025\/04\/28\/cesmi-cihan-amasranin-aglayan-agaci-kesildi\/","url":"https:\/\/memurunsesi.net\/index.php\/2025\/04\/28\/cesmi-cihan-amasranin-aglayan-agaci-kesildi\/","name":"\u00c7e\u015fmi cihan Amasra'n\u0131n a\u011flayan a\u011fac\u0131 kesildi - Memurun Sesi","isPartOf":{"@id":"https:\/\/memurunsesi.net\/#website"},"primaryImageOfPage":{"@id":"https:\/\/memurunsesi.net\/index.php\/2025\/04\/28\/cesmi-cihan-amasranin-aglayan-agaci-kesildi\/#primaryimage"},"image":{"@id":"https:\/\/memurunsesi.net\/index.php\/2025\/04\/28\/cesmi-cihan-amasranin-aglayan-agaci-kesildi\/#primaryimage"},"thumbnailUrl":"https:\/\/memurunsesi.net\/wp-content\/uploads\/2025\/04\/AW443035_01.jpg","datePublished":"2025-04-28T18:25:03+00:00","breadcrumb":{"@id":"https:\/\/memurunsesi.net\/index.php\/2025\/04\/28\/cesmi-cihan-amasranin-aglayan-agaci-kesildi\/#breadcrumb"},"inLanguage":"tr","potentialAction":[{"@type":"ReadAction","target":["https:\/\/memurunsesi.net\/index.php\/2025\/04\/28\/cesmi-cihan-amasranin-aglayan-agaci-kesildi\/"]}]},{"@type":"ImageObject","inLanguage":"tr","@id":"https:\/\/memurunsesi.net\/index.php\/2025\/04\/28\/cesmi-cihan-amasranin-aglayan-agaci-kesildi\/#primaryimage","url":"https:\/\/memurunsesi.net\/wp-content\/uploads\/2025\/04\/AW443035_01.jpg","contentUrl":"https:\/\/memurunsesi.net\/wp-content\/uploads\/2025\/04\/AW443035_01.jpg","width":1080,"height":796,"caption":"T\u00dcRK\u0130YE'N\u0130N TUR\u0130ZMDE Y\u00dcKSELEN DE\u011eER\u0130 BARTIN'IN AMASRA UL\u00c7ES\u0130N\u0130N SEMBOLLER\u0130 ARASINDA YER ALAN A\u011eLALAN A\u011eA\u00c7 KES\u0130LD\u0130. (HAL\u0130L TEK\u0130N - SERHAT DEM\u0130R\/BARTIN-\u0130HA) T\u00fcrkiye'nin turizmde y\u00fckselen de\u011feri Bart\u0131n'\u0131n Amasra il\u00e7esinin sembolleri aras\u0131nda yer alan a\u011flayan a\u011fa\u00e7 kesildi. Bart\u0131n Belediyesi ve b\u00f6lgede bulunan i\u015fletme yetkilileri, a\u011fac\u0131n \u015fikayet \u00fczerine onucu g\u00fcvenlik gerek\u00e7esiyle kesildi\u011fini duyurdu."},{"@type":"BreadcrumbList","@id":"https:\/\/memurunsesi.net\/index.php\/2025\/04\/28\/cesmi-cihan-amasranin-aglayan-agaci-kesildi\/#breadcrumb","itemListElement":[{"@type":"ListItem","position":1,"name":"Anasayfa","item":"https:\/\/memurunsesi.net\/"},{"@type":"ListItem","position":2,"name":"\u00c7e\u015fmi cihan Amasra&#8217;n\u0131n a\u011flayan a\u011fac\u0131 kesildi"}]},{"@type":"WebSite","@id":"https:\/\/memurunsesi.net\/#website","url":"https:\/\/memurunsesi.net\/","name":"Memurun Sesi","description":"G\u00fcncel ve Do\u011fru Haber","publisher":{"@id":"https:\/\/memurunsesi.net\/#organization"},"potentialAction":[{"@type":"SearchAction","target":{"@type":"EntryPoint","urlTemplate":"https:\/\/memurunsesi.net\/?s={search_term_string}"},"query-input":{"@type":"PropertyValueSpecification","valueRequired":true,"valueName":"search_term_string"}}],"inLanguage":"tr"},{"@type":"Organization","@id":"https:\/\/memurunsesi.net\/#organization","name":"Memurun Sesi","url":"https:\/\/memurunsesi.net\/","logo":{"@type":"ImageObject","inLanguage":"tr","@id":"https:\/\/memurunsesi.net\/#\/schema\/logo\/image\/","url":"https:\/\/memurunsesi.net\/wp-content\/uploads\/2025\/11\/cropped-MEMURUN-SESI.png","contentUrl":"https:\/\/memurunsesi.net\/wp-content\/uploads\/2025\/11\/cropped-MEMURUN-SESI.png","width":238,"height":57,"caption":"Memurun Sesi"},"image":{"@id":"https:\/\/memurunsesi.net\/#\/schema\/logo\/image\/"},"sameAs":["https:\/\/www.facebook.com\/unipersen\/?locale=tr_TR","https:\/\/x.com\/unipersen"]},{"@type":"Person","@id":"https:\/\/memurunsesi.net\/#\/schema\/person\/f21c2d73b89f6ee1d80b0a1803e38587","name":"Memurun Sesi Haber Merkezi","image":{"@type":"ImageObject","inLanguage":"tr","@id":"https:\/\/secure.gravatar.com\/avatar\/6cf0505f452ee753f485014986fab09a434671d2b919ee76fc541025c5876a70?s=96&d=mm&r=g","url":"https:\/\/secure.gravatar.com\/avatar\/6cf0505f452ee753f485014986fab09a434671d2b919ee76fc541025c5876a70?s=96&d=mm&r=g","contentUrl":"https:\/\/secure.gravatar.com\/avatar\/6cf0505f452ee753f485014986fab09a434671d2b919ee76fc541025c5876a70?s=96&d=mm&r=g","caption":"Memurun Sesi Haber Merkezi"},"sameAs":["https:\/\/memurunsesi.net"],"url":"https:\/\/memurunsesi.net\/index.php\/author\/uniper\/"}]}},"_links":{"self":[{"href":"https:\/\/memurunsesi.net\/index.php\/wp-json\/wp\/v2\/posts\/6101","targetHints":{"allow":["GET"]}}],"collection":[{"href":"https:\/\/memurunsesi.net\/index.php\/wp-json\/wp\/v2\/posts"}],"about":[{"href":"https:\/\/memurunsesi.net\/index.php\/wp-json\/wp\/v2\/types\/post"}],"author":[{"embeddable":true,"href":"https:\/\/memurunsesi.net\/index.php\/wp-json\/wp\/v2\/users\/1"}],"replies":[{"embeddable":true,"href":"https:\/\/memurunsesi.net\/index.php\/wp-json\/wp\/v2\/comments?post=6101"}],"version-history":[{"count":1,"href":"https:\/\/memurunsesi.net\/index.php\/wp-json\/wp\/v2\/posts\/6101\/revisions"}],"predecessor-version":[{"id":6103,"href":"https:\/\/memurunsesi.net\/index.php\/wp-json\/wp\/v2\/posts\/6101\/revisions\/6103"}],"wp:featuredmedia":[{"embeddable":true,"href":"https:\/\/memurunsesi.net\/index.php\/wp-json\/wp\/v2\/media\/6102"}],"wp:attachment":[{"href":"https:\/\/memurunsesi.net\/index.php\/wp-json\/wp\/v2\/media?parent=6101"}],"wp:term":[{"taxonomy":"category","embeddable":true,"href":"https:\/\/memurunsesi.net\/index.php\/wp-json\/wp\/v2\/categories?post=6101"},{"taxonomy":"post_tag","embeddable":true,"href":"https:\/\/memurunsesi.net\/index.php\/wp-json\/wp\/v2\/tags?post=6101"}],"curies":[{"name":"wp","href":"https:\/\/api.w.org\/{rel}","templated":true}]}}