{"id":6104,"date":"2025-04-28T21:27:02","date_gmt":"2025-04-28T18:27:02","guid":{"rendered":"https:\/\/memurunsesi.net\/?p=6104"},"modified":"2025-04-28T21:28:04","modified_gmt":"2025-04-28T18:28:04","slug":"trendyol-super-lig-goztepe-2-basaksehir-0-ilk-yari","status":"publish","type":"post","link":"https:\/\/memurunsesi.net\/index.php\/2025\/04\/28\/trendyol-super-lig-goztepe-2-basaksehir-0-ilk-yari\/","title":{"rendered":"Trendyol S\u00fcper Lig: G\u00f6ztepe: 2 &#8211; Ba\u015fak\u015fehir: 0 (\u0130lk yar\u0131)"},"content":{"rendered":"<p> Trendyol S\u00fcper Lig&#8217;in 33. haftas\u0131nda G\u00f6ztepe, Ba\u015fak\u015fehir&#8217;i konuk ediyor. M\u00fccadelenin ilk yar\u0131s\u0131 G\u00f6ztepe\u2019nin 2-0\u2019l\u0131k \u00fcst\u00fcnl\u00fc\u011f\u00fcyle tamamland\u0131. <\/p>\n<p>  Ma\u00e7tan dakikalar (\u0130lk yar\u0131)<br \/>\n  5. dakikada Miguel Crespo, sa\u011f kanattan ceza sahas\u0131na yerden ortalad\u0131, \u00f6n direkte topa topu\u011fuyla vuran Figueiredo\u2019nun \u015futunu kaleci Mateusz Lis kurtard\u0131.<br \/>\n  10. dakikada Yusuf Sar\u0131\u2019n\u0131n sol kanattan kulland\u0131\u011f\u0131 serbest vuru\u015fta Christopher Operi, ceza yay\u0131 \u00fczerinden sol aya\u011f\u0131yla vurdu, kaleci Mateusz Lis iki hamlede topu kontrol etti.<br \/>\n  25. dakikada Romulo\u2019nun ceza sahas\u0131 \u00f6n \u00e7izgisi sol \u00e7apraz\u0131ndan \u00e7evirdi\u011fi topu Koray G\u00fcnter, penalt\u0131 noktas\u0131 yak\u0131n\u0131nda kafayla indirdi. Savunmadan seken topu alan Furkan Bay\u0131r, ceza sahas\u0131 sa\u011f \u00e7apraz\u0131ndan yapt\u0131\u011f\u0131 yerden vuru\u015fla a\u011flarla bulu\u015fturdu. 1-0<br \/>\n  30. dakikada \u0130smail K\u00f6yba\u015f\u0131, ceza sahas\u0131 i\u00e7i sol \u00e7apraz\u0131ndan sol aya\u011f\u0131yla yak\u0131n k\u00f6\u015feye do\u011fru vuru\u015funu yaparken top yandan az farkla auta \u00e7\u0131kt\u0131.<br \/>\n  42. dakikada Romulo\u2019nun sol kanattan g\u00f6nderdi\u011fi pas\u0131n ard\u0131ndan topla bulu\u015fan Kubilay Kanats\u0131zku\u015f, sol \u00e7aprazdan ceza sahas\u0131na girip sol aya\u011f\u0131yla yapt\u0131\u011f\u0131 vuru\u015fta topu kaleci Muhammed\u2019in ayaklar\u0131n\u0131n aras\u0131ndan a\u011flara g\u00f6nderdi. 2-0 <\/p>\n<p>  Hakemler: Kadir Sa\u011flam, Murat Ergin G\u00f6z\u00fctok, Kemal Elmas<br \/>\n  G\u00f6ztepe: Mateusz Lis, Furkan Bay\u0131r, Heliton, Koray G\u00fcnter, Og\u00fcn Bayrak, Do\u011fan Erdo\u011fan (Ahmed Ild\u0131z dk. 4), Anthony Dennis, \u0130smail K\u00f6yba\u015f\u0131 (Lasse Nielsen dk. 38), David Tijanic, Kubilay Kanats\u0131zku\u015f, Romulo<br \/>\n  Yedekler: Arda \u00d6z\u00e7imen, Emircan Se\u00e7gin, Taha Alt\u0131karde\u015f, Naz\u0131m Sangare, Victor Hugo, Kuryu Matsuki,  Emersonn<br \/>\n  Teknik Direkt\u00f6r: Stanimir Stoilov<br \/>\n  Ba\u015fak\u015fehir: Muhammed \u015eengezer, \u00d6mer Ali \u015eahiner, Ousseynou Ba, Leo Duarte, Christopher Operi, Berat \u00d6zdemir, Yusuf Sar\u0131, Olivier Kemen, Miguel Crespo, Ivan Brnic, Joao Figueiredo<br \/>\n  Yedekler: Deniz Dilmen, Jerome Opoku, Hamza G\u00fcreler, Festy Ebosele, Serdar G\u00fcrler, \u00d6mer Faruk Beyaz, Umut G\u00fcne\u015f,  Matchoi Djalo, Deniz T\u00fcr\u00fc\u00e7, Philippe Keny<br \/>\n  Teknik Direkt\u00f6r: \u00c7a\u011fda\u015f Atan<br \/>\n  Goller: Furkan Bay\u0131r (dk. 25), Kubilay Kanats\u0131zku\u015f (dk. 42) (G\u00f6ztepe)<br \/>\n  Sar\u0131 kart: Og\u00fcn Bayrak (G\u00f6ztepe) <\/p>\n<p>28.04.2025                               <\/p>\n","protected":false},"excerpt":{"rendered":"<p>Trendyol S\u00fcper Lig&#8217;in 33. haftas\u0131nda G\u00f6ztepe, Ba\u015fak\u015fehir&#8217;i konuk ediyor. M\u00fccadelenin ilk yar\u0131s\u0131 G\u00f6ztepe\u2019nin 2-0\u2019l\u0131k \u00fcst\u00fcnl\u00fc\u011f\u00fcyle tamamland\u0131. Ma\u00e7tan dakikalar (\u0130lk yar\u0131) 5. dakikada Miguel Crespo, sa\u011f kanattan ceza sahas\u0131na yerden ortalad\u0131, \u00f6n direkte topa topu\u011fuyla vuran Figueiredo\u2019nun \u015futunu kaleci Mateusz Lis kurtard\u0131. 10. dakikada Yusuf Sar\u0131\u2019n\u0131n sol kanattan kulland\u0131\u011f\u0131 serbest vuru\u015fta Christopher Operi, ceza yay\u0131 \u00fczerinden [&hellip;]<\/p>\n","protected":false},"author":1,"featured_media":6105,"comment_status":"open","ping_status":"open","sticky":false,"template":"","format":"standard","meta":{"footnotes":""},"categories":[57],"tags":[],"class_list":["post-6104","post","type-post","status-publish","format-standard","has-post-thumbnail","hentry","category-spor"],"yoast_head":"<!-- This site is optimized with the Yoast SEO plugin v27.4 - https:\/\/yoast.com\/product\/yoast-seo-wordpress\/ -->\n<title>Trendyol S\u00fcper Lig: G\u00f6ztepe: 2 - Ba\u015fak\u015fehir: 0 (\u0130lk yar\u0131) - Memurun Sesi<\/title>\n<meta name=\"robots\" content=\"index, follow, max-snippet:-1, max-image-preview:large, max-video-preview:-1\" \/>\n<link rel=\"canonical\" href=\"https:\/\/memurunsesi.net\/index.php\/2025\/04\/28\/trendyol-super-lig-goztepe-2-basaksehir-0-ilk-yari\/\" \/>\n<meta property=\"og:locale\" content=\"tr_TR\" \/>\n<meta property=\"og:type\" content=\"article\" \/>\n<meta property=\"og:title\" content=\"Trendyol S\u00fcper Lig: G\u00f6ztepe: 2 - Ba\u015fak\u015fehir: 0 (\u0130lk yar\u0131) - Memurun Sesi\" \/>\n<meta property=\"og:description\" content=\"Trendyol S\u00fcper Lig&#8217;in 33. haftas\u0131nda G\u00f6ztepe, Ba\u015fak\u015fehir&#8217;i konuk ediyor. M\u00fccadelenin ilk yar\u0131s\u0131 G\u00f6ztepe\u2019nin 2-0\u2019l\u0131k \u00fcst\u00fcnl\u00fc\u011f\u00fcyle tamamland\u0131. Ma\u00e7tan dakikalar (\u0130lk yar\u0131) 5. dakikada Miguel Crespo, sa\u011f kanattan ceza sahas\u0131na yerden ortalad\u0131, \u00f6n direkte topa topu\u011fuyla vuran Figueiredo\u2019nun \u015futunu kaleci Mateusz Lis kurtard\u0131. 10. dakikada Yusuf Sar\u0131\u2019n\u0131n sol kanattan kulland\u0131\u011f\u0131 serbest vuru\u015fta Christopher Operi, ceza yay\u0131 \u00fczerinden [&hellip;]\" \/>\n<meta property=\"og:url\" content=\"https:\/\/memurunsesi.net\/index.php\/2025\/04\/28\/trendyol-super-lig-goztepe-2-basaksehir-0-ilk-yari\/\" \/>\n<meta property=\"og:site_name\" content=\"Memurun Sesi\" \/>\n<meta property=\"article:publisher\" content=\"https:\/\/www.facebook.com\/unipersen\/?locale=tr_TR\" \/>\n<meta property=\"article:published_time\" content=\"2025-04-28T18:27:02+00:00\" \/>\n<meta property=\"article:modified_time\" content=\"2025-04-28T18:28:04+00:00\" \/>\n<meta property=\"og:image\" content=\"https:\/\/memurunsesi.net\/wp-content\/uploads\/2025\/04\/AW443033_01-scaled.jpg\" \/>\n\t<meta property=\"og:image:width\" content=\"2560\" \/>\n\t<meta property=\"og:image:height\" content=\"1707\" \/>\n\t<meta property=\"og:image:type\" content=\"image\/jpeg\" \/>\n<meta name=\"author\" content=\"Memurun Sesi Haber Merkezi\" \/>\n<meta name=\"twitter:card\" content=\"summary_large_image\" \/>\n<meta name=\"twitter:creator\" content=\"@unipersen\" \/>\n<meta name=\"twitter:site\" content=\"@unipersen\" \/>\n<meta name=\"twitter:label1\" content=\"Yazan:\" \/>\n\t<meta name=\"twitter:data1\" content=\"Memurun Sesi Haber Merkezi\" \/>\n\t<meta name=\"twitter:label2\" content=\"Tahmini okuma s\u00fcresi\" \/>\n\t<meta name=\"twitter:data2\" content=\"2 dakika\" \/>\n<script type=\"application\/ld+json\" class=\"yoast-schema-graph\">{\"@context\":\"https:\\\/\\\/schema.org\",\"@graph\":[{\"@type\":\"Article\",\"@id\":\"https:\\\/\\\/memurunsesi.net\\\/index.php\\\/2025\\\/04\\\/28\\\/trendyol-super-lig-goztepe-2-basaksehir-0-ilk-yari\\\/#article\",\"isPartOf\":{\"@id\":\"https:\\\/\\\/memurunsesi.net\\\/index.php\\\/2025\\\/04\\\/28\\\/trendyol-super-lig-goztepe-2-basaksehir-0-ilk-yari\\\/\"},\"author\":{\"name\":\"Memurun Sesi Haber Merkezi\",\"@id\":\"https:\\\/\\\/memurunsesi.net\\\/#\\\/schema\\\/person\\\/f21c2d73b89f6ee1d80b0a1803e38587\"},\"headline\":\"Trendyol S\u00fcper Lig: G\u00f6ztepe: 2 &#8211; Ba\u015fak\u015fehir: 0 (\u0130lk yar\u0131)\",\"datePublished\":\"2025-04-28T18:27:02+00:00\",\"dateModified\":\"2025-04-28T18:28:04+00:00\",\"mainEntityOfPage\":{\"@id\":\"https:\\\/\\\/memurunsesi.net\\\/index.php\\\/2025\\\/04\\\/28\\\/trendyol-super-lig-goztepe-2-basaksehir-0-ilk-yari\\\/\"},\"wordCount\":361,\"commentCount\":0,\"publisher\":{\"@id\":\"https:\\\/\\\/memurunsesi.net\\\/#organization\"},\"image\":{\"@id\":\"https:\\\/\\\/memurunsesi.net\\\/index.php\\\/2025\\\/04\\\/28\\\/trendyol-super-lig-goztepe-2-basaksehir-0-ilk-yari\\\/#primaryimage\"},\"thumbnailUrl\":\"https:\\\/\\\/memurunsesi.net\\\/wp-content\\\/uploads\\\/2025\\\/04\\\/AW443033_01-scaled.jpg\",\"articleSection\":[\"Spor\"],\"inLanguage\":\"tr\",\"potentialAction\":[{\"@type\":\"CommentAction\",\"name\":\"Comment\",\"target\":[\"https:\\\/\\\/memurunsesi.net\\\/index.php\\\/2025\\\/04\\\/28\\\/trendyol-super-lig-goztepe-2-basaksehir-0-ilk-yari\\\/#respond\"]}]},{\"@type\":\"WebPage\",\"@id\":\"https:\\\/\\\/memurunsesi.net\\\/index.php\\\/2025\\\/04\\\/28\\\/trendyol-super-lig-goztepe-2-basaksehir-0-ilk-yari\\\/\",\"url\":\"https:\\\/\\\/memurunsesi.net\\\/index.php\\\/2025\\\/04\\\/28\\\/trendyol-super-lig-goztepe-2-basaksehir-0-ilk-yari\\\/\",\"name\":\"Trendyol S\u00fcper Lig: G\u00f6ztepe: 2 - Ba\u015fak\u015fehir: 0 (\u0130lk yar\u0131) - Memurun Sesi\",\"isPartOf\":{\"@id\":\"https:\\\/\\\/memurunsesi.net\\\/#website\"},\"primaryImageOfPage\":{\"@id\":\"https:\\\/\\\/memurunsesi.net\\\/index.php\\\/2025\\\/04\\\/28\\\/trendyol-super-lig-goztepe-2-basaksehir-0-ilk-yari\\\/#primaryimage\"},\"image\":{\"@id\":\"https:\\\/\\\/memurunsesi.net\\\/index.php\\\/2025\\\/04\\\/28\\\/trendyol-super-lig-goztepe-2-basaksehir-0-ilk-yari\\\/#primaryimage\"},\"thumbnailUrl\":\"https:\\\/\\\/memurunsesi.net\\\/wp-content\\\/uploads\\\/2025\\\/04\\\/AW443033_01-scaled.jpg\",\"datePublished\":\"2025-04-28T18:27:02+00:00\",\"dateModified\":\"2025-04-28T18:28:04+00:00\",\"breadcrumb\":{\"@id\":\"https:\\\/\\\/memurunsesi.net\\\/index.php\\\/2025\\\/04\\\/28\\\/trendyol-super-lig-goztepe-2-basaksehir-0-ilk-yari\\\/#breadcrumb\"},\"inLanguage\":\"tr\",\"potentialAction\":[{\"@type\":\"ReadAction\",\"target\":[\"https:\\\/\\\/memurunsesi.net\\\/index.php\\\/2025\\\/04\\\/28\\\/trendyol-super-lig-goztepe-2-basaksehir-0-ilk-yari\\\/\"]}]},{\"@type\":\"ImageObject\",\"inLanguage\":\"tr\",\"@id\":\"https:\\\/\\\/memurunsesi.net\\\/index.php\\\/2025\\\/04\\\/28\\\/trendyol-super-lig-goztepe-2-basaksehir-0-ilk-yari\\\/#primaryimage\",\"url\":\"https:\\\/\\\/memurunsesi.net\\\/wp-content\\\/uploads\\\/2025\\\/04\\\/AW443033_01-scaled.jpg\",\"contentUrl\":\"https:\\\/\\\/memurunsesi.net\\\/wp-content\\\/uploads\\\/2025\\\/04\\\/AW443033_01-scaled.jpg\",\"width\":2560,\"height\":1707,\"caption\":\"TRENDYOL S\u00dcPER L\u0130G'\u0130N 33. HAFTASINDA G\u00d6ZTEPE, BA\u015eAK\u015eEH\u0130R'\u0130 KONUK ED\u0130YOR. M\u00dcCADELEN\u0130N \u0130LK YARISI G\u00d6ZTEPE'N\u0130N 2-0'LIK \u00dcST\u00dcNL\u00dc\u011e\u00dcYLE TAMAMLANDI. (HASAN \u0130NCE\\\/\u0130ZM\u0130R-\u0130HA) Trendyol S\u00fcper Lig'in 33. haftas\u0131nda G\u00f6ztepe, Ba\u015fak\u015fehir'i konuk ediyor. M\u00fccadelenin ilk yar\u0131s\u0131 G\u00f6ztepe'nin 2-0'l\u0131k \u00fcst\u00fcnl\u00fc\u011f\u00fcyle tamamland\u0131.\"},{\"@type\":\"BreadcrumbList\",\"@id\":\"https:\\\/\\\/memurunsesi.net\\\/index.php\\\/2025\\\/04\\\/28\\\/trendyol-super-lig-goztepe-2-basaksehir-0-ilk-yari\\\/#breadcrumb\",\"itemListElement\":[{\"@type\":\"ListItem\",\"position\":1,\"name\":\"Anasayfa\",\"item\":\"https:\\\/\\\/memurunsesi.net\\\/\"},{\"@type\":\"ListItem\",\"position\":2,\"name\":\"Trendyol S\u00fcper Lig: G\u00f6ztepe: 2 &#8211; Ba\u015fak\u015fehir: 0 (\u0130lk yar\u0131)\"}]},{\"@type\":\"WebSite\",\"@id\":\"https:\\\/\\\/memurunsesi.net\\\/#website\",\"url\":\"https:\\\/\\\/memurunsesi.net\\\/\",\"name\":\"Memurun Sesi\",\"description\":\"G\u00fcncel ve Do\u011fru Haber\",\"publisher\":{\"@id\":\"https:\\\/\\\/memurunsesi.net\\\/#organization\"},\"potentialAction\":[{\"@type\":\"SearchAction\",\"target\":{\"@type\":\"EntryPoint\",\"urlTemplate\":\"https:\\\/\\\/memurunsesi.net\\\/?s={search_term_string}\"},\"query-input\":{\"@type\":\"PropertyValueSpecification\",\"valueRequired\":true,\"valueName\":\"search_term_string\"}}],\"inLanguage\":\"tr\"},{\"@type\":\"Organization\",\"@id\":\"https:\\\/\\\/memurunsesi.net\\\/#organization\",\"name\":\"Memurun Sesi\",\"url\":\"https:\\\/\\\/memurunsesi.net\\\/\",\"logo\":{\"@type\":\"ImageObject\",\"inLanguage\":\"tr\",\"@id\":\"https:\\\/\\\/memurunsesi.net\\\/#\\\/schema\\\/logo\\\/image\\\/\",\"url\":\"https:\\\/\\\/memurunsesi.net\\\/wp-content\\\/uploads\\\/2025\\\/11\\\/cropped-MEMURUN-SESI.png\",\"contentUrl\":\"https:\\\/\\\/memurunsesi.net\\\/wp-content\\\/uploads\\\/2025\\\/11\\\/cropped-MEMURUN-SESI.png\",\"width\":238,\"height\":57,\"caption\":\"Memurun Sesi\"},\"image\":{\"@id\":\"https:\\\/\\\/memurunsesi.net\\\/#\\\/schema\\\/logo\\\/image\\\/\"},\"sameAs\":[\"https:\\\/\\\/www.facebook.com\\\/unipersen\\\/?locale=tr_TR\",\"https:\\\/\\\/x.com\\\/unipersen\"]},{\"@type\":\"Person\",\"@id\":\"https:\\\/\\\/memurunsesi.net\\\/#\\\/schema\\\/person\\\/f21c2d73b89f6ee1d80b0a1803e38587\",\"name\":\"Memurun Sesi Haber Merkezi\",\"image\":{\"@type\":\"ImageObject\",\"inLanguage\":\"tr\",\"@id\":\"https:\\\/\\\/secure.gravatar.com\\\/avatar\\\/6cf0505f452ee753f485014986fab09a434671d2b919ee76fc541025c5876a70?s=96&d=mm&r=g\",\"url\":\"https:\\\/\\\/secure.gravatar.com\\\/avatar\\\/6cf0505f452ee753f485014986fab09a434671d2b919ee76fc541025c5876a70?s=96&d=mm&r=g\",\"contentUrl\":\"https:\\\/\\\/secure.gravatar.com\\\/avatar\\\/6cf0505f452ee753f485014986fab09a434671d2b919ee76fc541025c5876a70?s=96&d=mm&r=g\",\"caption\":\"Memurun Sesi Haber Merkezi\"},\"sameAs\":[\"https:\\\/\\\/memurunsesi.net\"],\"url\":\"https:\\\/\\\/memurunsesi.net\\\/index.php\\\/author\\\/uniper\\\/\"}]}<\/script>\n<!-- \/ Yoast SEO plugin. -->","yoast_head_json":{"title":"Trendyol S\u00fcper Lig: G\u00f6ztepe: 2 - Ba\u015fak\u015fehir: 0 (\u0130lk yar\u0131) - Memurun Sesi","robots":{"index":"index","follow":"follow","max-snippet":"max-snippet:-1","max-image-preview":"max-image-preview:large","max-video-preview":"max-video-preview:-1"},"canonical":"https:\/\/memurunsesi.net\/index.php\/2025\/04\/28\/trendyol-super-lig-goztepe-2-basaksehir-0-ilk-yari\/","og_locale":"tr_TR","og_type":"article","og_title":"Trendyol S\u00fcper Lig: G\u00f6ztepe: 2 - Ba\u015fak\u015fehir: 0 (\u0130lk yar\u0131) - Memurun Sesi","og_description":"Trendyol S\u00fcper Lig&#8217;in 33. haftas\u0131nda G\u00f6ztepe, Ba\u015fak\u015fehir&#8217;i konuk ediyor. M\u00fccadelenin ilk yar\u0131s\u0131 G\u00f6ztepe\u2019nin 2-0\u2019l\u0131k \u00fcst\u00fcnl\u00fc\u011f\u00fcyle tamamland\u0131. Ma\u00e7tan dakikalar (\u0130lk yar\u0131) 5. dakikada Miguel Crespo, sa\u011f kanattan ceza sahas\u0131na yerden ortalad\u0131, \u00f6n direkte topa topu\u011fuyla vuran Figueiredo\u2019nun \u015futunu kaleci Mateusz Lis kurtard\u0131. 10. dakikada Yusuf Sar\u0131\u2019n\u0131n sol kanattan kulland\u0131\u011f\u0131 serbest vuru\u015fta Christopher Operi, ceza yay\u0131 \u00fczerinden [&hellip;]","og_url":"https:\/\/memurunsesi.net\/index.php\/2025\/04\/28\/trendyol-super-lig-goztepe-2-basaksehir-0-ilk-yari\/","og_site_name":"Memurun Sesi","article_publisher":"https:\/\/www.facebook.com\/unipersen\/?locale=tr_TR","article_published_time":"2025-04-28T18:27:02+00:00","article_modified_time":"2025-04-28T18:28:04+00:00","og_image":[{"width":2560,"height":1707,"url":"https:\/\/memurunsesi.net\/wp-content\/uploads\/2025\/04\/AW443033_01-scaled.jpg","type":"image\/jpeg"}],"author":"Memurun Sesi Haber Merkezi","twitter_card":"summary_large_image","twitter_creator":"@unipersen","twitter_site":"@unipersen","twitter_misc":{"Yazan:":"Memurun Sesi Haber Merkezi","Tahmini okuma s\u00fcresi":"2 dakika"},"schema":{"@context":"https:\/\/schema.org","@graph":[{"@type":"Article","@id":"https:\/\/memurunsesi.net\/index.php\/2025\/04\/28\/trendyol-super-lig-goztepe-2-basaksehir-0-ilk-yari\/#article","isPartOf":{"@id":"https:\/\/memurunsesi.net\/index.php\/2025\/04\/28\/trendyol-super-lig-goztepe-2-basaksehir-0-ilk-yari\/"},"author":{"name":"Memurun Sesi Haber Merkezi","@id":"https:\/\/memurunsesi.net\/#\/schema\/person\/f21c2d73b89f6ee1d80b0a1803e38587"},"headline":"Trendyol S\u00fcper Lig: G\u00f6ztepe: 2 &#8211; Ba\u015fak\u015fehir: 0 (\u0130lk yar\u0131)","datePublished":"2025-04-28T18:27:02+00:00","dateModified":"2025-04-28T18:28:04+00:00","mainEntityOfPage":{"@id":"https:\/\/memurunsesi.net\/index.php\/2025\/04\/28\/trendyol-super-lig-goztepe-2-basaksehir-0-ilk-yari\/"},"wordCount":361,"commentCount":0,"publisher":{"@id":"https:\/\/memurunsesi.net\/#organization"},"image":{"@id":"https:\/\/memurunsesi.net\/index.php\/2025\/04\/28\/trendyol-super-lig-goztepe-2-basaksehir-0-ilk-yari\/#primaryimage"},"thumbnailUrl":"https:\/\/memurunsesi.net\/wp-content\/uploads\/2025\/04\/AW443033_01-scaled.jpg","articleSection":["Spor"],"inLanguage":"tr","potentialAction":[{"@type":"CommentAction","name":"Comment","target":["https:\/\/memurunsesi.net\/index.php\/2025\/04\/28\/trendyol-super-lig-goztepe-2-basaksehir-0-ilk-yari\/#respond"]}]},{"@type":"WebPage","@id":"https:\/\/memurunsesi.net\/index.php\/2025\/04\/28\/trendyol-super-lig-goztepe-2-basaksehir-0-ilk-yari\/","url":"https:\/\/memurunsesi.net\/index.php\/2025\/04\/28\/trendyol-super-lig-goztepe-2-basaksehir-0-ilk-yari\/","name":"Trendyol S\u00fcper Lig: G\u00f6ztepe: 2 - Ba\u015fak\u015fehir: 0 (\u0130lk yar\u0131) - Memurun Sesi","isPartOf":{"@id":"https:\/\/memurunsesi.net\/#website"},"primaryImageOfPage":{"@id":"https:\/\/memurunsesi.net\/index.php\/2025\/04\/28\/trendyol-super-lig-goztepe-2-basaksehir-0-ilk-yari\/#primaryimage"},"image":{"@id":"https:\/\/memurunsesi.net\/index.php\/2025\/04\/28\/trendyol-super-lig-goztepe-2-basaksehir-0-ilk-yari\/#primaryimage"},"thumbnailUrl":"https:\/\/memurunsesi.net\/wp-content\/uploads\/2025\/04\/AW443033_01-scaled.jpg","datePublished":"2025-04-28T18:27:02+00:00","dateModified":"2025-04-28T18:28:04+00:00","breadcrumb":{"@id":"https:\/\/memurunsesi.net\/index.php\/2025\/04\/28\/trendyol-super-lig-goztepe-2-basaksehir-0-ilk-yari\/#breadcrumb"},"inLanguage":"tr","potentialAction":[{"@type":"ReadAction","target":["https:\/\/memurunsesi.net\/index.php\/2025\/04\/28\/trendyol-super-lig-goztepe-2-basaksehir-0-ilk-yari\/"]}]},{"@type":"ImageObject","inLanguage":"tr","@id":"https:\/\/memurunsesi.net\/index.php\/2025\/04\/28\/trendyol-super-lig-goztepe-2-basaksehir-0-ilk-yari\/#primaryimage","url":"https:\/\/memurunsesi.net\/wp-content\/uploads\/2025\/04\/AW443033_01-scaled.jpg","contentUrl":"https:\/\/memurunsesi.net\/wp-content\/uploads\/2025\/04\/AW443033_01-scaled.jpg","width":2560,"height":1707,"caption":"TRENDYOL S\u00dcPER L\u0130G'\u0130N 33. HAFTASINDA G\u00d6ZTEPE, BA\u015eAK\u015eEH\u0130R'\u0130 KONUK ED\u0130YOR. M\u00dcCADELEN\u0130N \u0130LK YARISI G\u00d6ZTEPE'N\u0130N 2-0'LIK \u00dcST\u00dcNL\u00dc\u011e\u00dcYLE TAMAMLANDI. (HASAN \u0130NCE\/\u0130ZM\u0130R-\u0130HA) Trendyol S\u00fcper Lig'in 33. haftas\u0131nda G\u00f6ztepe, Ba\u015fak\u015fehir'i konuk ediyor. M\u00fccadelenin ilk yar\u0131s\u0131 G\u00f6ztepe'nin 2-0'l\u0131k \u00fcst\u00fcnl\u00fc\u011f\u00fcyle tamamland\u0131."},{"@type":"BreadcrumbList","@id":"https:\/\/memurunsesi.net\/index.php\/2025\/04\/28\/trendyol-super-lig-goztepe-2-basaksehir-0-ilk-yari\/#breadcrumb","itemListElement":[{"@type":"ListItem","position":1,"name":"Anasayfa","item":"https:\/\/memurunsesi.net\/"},{"@type":"ListItem","position":2,"name":"Trendyol S\u00fcper Lig: G\u00f6ztepe: 2 &#8211; Ba\u015fak\u015fehir: 0 (\u0130lk yar\u0131)"}]},{"@type":"WebSite","@id":"https:\/\/memurunsesi.net\/#website","url":"https:\/\/memurunsesi.net\/","name":"Memurun Sesi","description":"G\u00fcncel ve Do\u011fru Haber","publisher":{"@id":"https:\/\/memurunsesi.net\/#organization"},"potentialAction":[{"@type":"SearchAction","target":{"@type":"EntryPoint","urlTemplate":"https:\/\/memurunsesi.net\/?s={search_term_string}"},"query-input":{"@type":"PropertyValueSpecification","valueRequired":true,"valueName":"search_term_string"}}],"inLanguage":"tr"},{"@type":"Organization","@id":"https:\/\/memurunsesi.net\/#organization","name":"Memurun Sesi","url":"https:\/\/memurunsesi.net\/","logo":{"@type":"ImageObject","inLanguage":"tr","@id":"https:\/\/memurunsesi.net\/#\/schema\/logo\/image\/","url":"https:\/\/memurunsesi.net\/wp-content\/uploads\/2025\/11\/cropped-MEMURUN-SESI.png","contentUrl":"https:\/\/memurunsesi.net\/wp-content\/uploads\/2025\/11\/cropped-MEMURUN-SESI.png","width":238,"height":57,"caption":"Memurun Sesi"},"image":{"@id":"https:\/\/memurunsesi.net\/#\/schema\/logo\/image\/"},"sameAs":["https:\/\/www.facebook.com\/unipersen\/?locale=tr_TR","https:\/\/x.com\/unipersen"]},{"@type":"Person","@id":"https:\/\/memurunsesi.net\/#\/schema\/person\/f21c2d73b89f6ee1d80b0a1803e38587","name":"Memurun Sesi Haber Merkezi","image":{"@type":"ImageObject","inLanguage":"tr","@id":"https:\/\/secure.gravatar.com\/avatar\/6cf0505f452ee753f485014986fab09a434671d2b919ee76fc541025c5876a70?s=96&d=mm&r=g","url":"https:\/\/secure.gravatar.com\/avatar\/6cf0505f452ee753f485014986fab09a434671d2b919ee76fc541025c5876a70?s=96&d=mm&r=g","contentUrl":"https:\/\/secure.gravatar.com\/avatar\/6cf0505f452ee753f485014986fab09a434671d2b919ee76fc541025c5876a70?s=96&d=mm&r=g","caption":"Memurun Sesi Haber Merkezi"},"sameAs":["https:\/\/memurunsesi.net"],"url":"https:\/\/memurunsesi.net\/index.php\/author\/uniper\/"}]}},"_links":{"self":[{"href":"https:\/\/memurunsesi.net\/index.php\/wp-json\/wp\/v2\/posts\/6104","targetHints":{"allow":["GET"]}}],"collection":[{"href":"https:\/\/memurunsesi.net\/index.php\/wp-json\/wp\/v2\/posts"}],"about":[{"href":"https:\/\/memurunsesi.net\/index.php\/wp-json\/wp\/v2\/types\/post"}],"author":[{"embeddable":true,"href":"https:\/\/memurunsesi.net\/index.php\/wp-json\/wp\/v2\/users\/1"}],"replies":[{"embeddable":true,"href":"https:\/\/memurunsesi.net\/index.php\/wp-json\/wp\/v2\/comments?post=6104"}],"version-history":[{"count":1,"href":"https:\/\/memurunsesi.net\/index.php\/wp-json\/wp\/v2\/posts\/6104\/revisions"}],"predecessor-version":[{"id":6106,"href":"https:\/\/memurunsesi.net\/index.php\/wp-json\/wp\/v2\/posts\/6104\/revisions\/6106"}],"wp:featuredmedia":[{"embeddable":true,"href":"https:\/\/memurunsesi.net\/index.php\/wp-json\/wp\/v2\/media\/6105"}],"wp:attachment":[{"href":"https:\/\/memurunsesi.net\/index.php\/wp-json\/wp\/v2\/media?parent=6104"}],"wp:term":[{"taxonomy":"category","embeddable":true,"href":"https:\/\/memurunsesi.net\/index.php\/wp-json\/wp\/v2\/categories?post=6104"},{"taxonomy":"post_tag","embeddable":true,"href":"https:\/\/memurunsesi.net\/index.php\/wp-json\/wp\/v2\/tags?post=6104"}],"curies":[{"name":"wp","href":"https:\/\/api.w.org\/{rel}","templated":true}]}}