{"id":6108,"date":"2025-04-28T21:29:19","date_gmt":"2025-04-28T18:29:19","guid":{"rendered":"https:\/\/memurunsesi.net\/?p=6108"},"modified":"2025-04-28T21:29:19","modified_gmt":"2025-04-28T18:29:19","slug":"genclik-ligi-finali-duzcede-dev-ekranda-izlendi","status":"publish","type":"post","link":"https:\/\/memurunsesi.net\/index.php\/2025\/04\/28\/genclik-ligi-finali-duzcede-dev-ekranda-izlendi\/","title":{"rendered":"Gen\u00e7lik Ligi finali D\u00fczce&#8217;de dev ekranda izlendi"},"content":{"rendered":"<p>   UEFA Gen\u00e7lik Ligi\u2019nde final ma\u00e7\u0131na \u00e7\u0131kan Trabzonspor\u2019un bu kar\u015f\u0131la\u015fmas\u0131 D\u00fczce\u2019de dev ekrandan izlendi.<br \/>\nUEFA Gen\u00e7lik Ligi\u2019nde rakiplerini eleyerek finale kadar gelen Karadeniz f\u0131rt\u0131nas\u0131 Trabzonspor U19, finalde Barcelona ile kar\u015f\u0131 kar\u015f\u0131ya geldi. D\u00fczce\u2019de de final heyecan\u0131 belediye ekiplerince dev ekrandan yay\u0131nland\u0131. Binlerce Trabzonsporlunun dev ekranda takip etti\u011fi m\u00fccadelede Trabzonspor\u2019un ataklar\u0131nda kat\u0131l\u0131mc\u0131lar heyecanl\u0131 anlar ya\u015fad\u0131. 90 dakika boyunca an be an takip edilen m\u00fccadele Barcelona\u2019n\u0131n 4-1 \u00fcst\u00fcnl\u00fc\u011f\u00fc ile sona erdi. Trabzonspor ise UEFA Gen\u00e7lik Ligi\u2019nde b\u00fcy\u00fck ba\u015far\u0131 g\u00f6stererek turnuvay\u0131 2. tamamlad\u0131. <\/p>\n<p>28.04.2025                               <\/p>\n","protected":false},"excerpt":{"rendered":"<p>UEFA Gen\u00e7lik Ligi\u2019nde final ma\u00e7\u0131na \u00e7\u0131kan Trabzonspor\u2019un bu kar\u015f\u0131la\u015fmas\u0131 D\u00fczce\u2019de dev ekrandan izlendi. UEFA Gen\u00e7lik Ligi\u2019nde rakiplerini eleyerek finale kadar gelen Karadeniz f\u0131rt\u0131nas\u0131 Trabzonspor U19, finalde Barcelona ile kar\u015f\u0131 kar\u015f\u0131ya geldi. D\u00fczce\u2019de de final heyecan\u0131 belediye ekiplerince dev ekrandan yay\u0131nland\u0131. Binlerce Trabzonsporlunun dev ekranda takip etti\u011fi m\u00fccadelede Trabzonspor\u2019un ataklar\u0131nda kat\u0131l\u0131mc\u0131lar heyecanl\u0131 anlar ya\u015fad\u0131. 90 dakika [&hellip;]<\/p>\n","protected":false},"author":1,"featured_media":0,"comment_status":"open","ping_status":"open","sticky":false,"template":"","format":"standard","meta":{"footnotes":""},"categories":[57],"tags":[],"class_list":["post-6108","post","type-post","status-publish","format-standard","hentry","category-spor"],"yoast_head":"<!-- This site is optimized with the Yoast SEO plugin v27.4 - https:\/\/yoast.com\/product\/yoast-seo-wordpress\/ -->\n<title>Gen\u00e7lik Ligi finali D\u00fczce&#039;de dev ekranda izlendi - Memurun Sesi<\/title>\n<meta name=\"robots\" content=\"index, follow, max-snippet:-1, max-image-preview:large, max-video-preview:-1\" \/>\n<link rel=\"canonical\" href=\"https:\/\/memurunsesi.net\/index.php\/2025\/04\/28\/genclik-ligi-finali-duzcede-dev-ekranda-izlendi\/\" \/>\n<meta property=\"og:locale\" content=\"tr_TR\" \/>\n<meta property=\"og:type\" content=\"article\" \/>\n<meta property=\"og:title\" content=\"Gen\u00e7lik Ligi finali D\u00fczce&#039;de dev ekranda izlendi - Memurun Sesi\" \/>\n<meta property=\"og:description\" content=\"UEFA Gen\u00e7lik Ligi\u2019nde final ma\u00e7\u0131na \u00e7\u0131kan Trabzonspor\u2019un bu kar\u015f\u0131la\u015fmas\u0131 D\u00fczce\u2019de dev ekrandan izlendi. UEFA Gen\u00e7lik Ligi\u2019nde rakiplerini eleyerek finale kadar gelen Karadeniz f\u0131rt\u0131nas\u0131 Trabzonspor U19, finalde Barcelona ile kar\u015f\u0131 kar\u015f\u0131ya geldi. D\u00fczce\u2019de de final heyecan\u0131 belediye ekiplerince dev ekrandan yay\u0131nland\u0131. Binlerce Trabzonsporlunun dev ekranda takip etti\u011fi m\u00fccadelede Trabzonspor\u2019un ataklar\u0131nda kat\u0131l\u0131mc\u0131lar heyecanl\u0131 anlar ya\u015fad\u0131. 90 dakika [&hellip;]\" \/>\n<meta property=\"og:url\" content=\"https:\/\/memurunsesi.net\/index.php\/2025\/04\/28\/genclik-ligi-finali-duzcede-dev-ekranda-izlendi\/\" \/>\n<meta property=\"og:site_name\" content=\"Memurun Sesi\" \/>\n<meta property=\"article:publisher\" content=\"https:\/\/www.facebook.com\/unipersen\/?locale=tr_TR\" \/>\n<meta property=\"article:published_time\" content=\"2025-04-28T18:29:19+00:00\" \/>\n<meta name=\"author\" content=\"Memurun Sesi Haber Merkezi\" \/>\n<meta name=\"twitter:card\" content=\"summary_large_image\" \/>\n<meta name=\"twitter:creator\" content=\"@unipersen\" \/>\n<meta name=\"twitter:site\" content=\"@unipersen\" \/>\n<meta name=\"twitter:label1\" content=\"Yazan:\" \/>\n\t<meta name=\"twitter:data1\" content=\"Memurun Sesi Haber Merkezi\" \/>\n\t<meta name=\"twitter:label2\" content=\"Tahmini okuma s\u00fcresi\" \/>\n\t<meta name=\"twitter:data2\" content=\"1 dakika\" \/>\n<script type=\"application\/ld+json\" class=\"yoast-schema-graph\">{\"@context\":\"https:\\\/\\\/schema.org\",\"@graph\":[{\"@type\":\"Article\",\"@id\":\"https:\\\/\\\/memurunsesi.net\\\/index.php\\\/2025\\\/04\\\/28\\\/genclik-ligi-finali-duzcede-dev-ekranda-izlendi\\\/#article\",\"isPartOf\":{\"@id\":\"https:\\\/\\\/memurunsesi.net\\\/index.php\\\/2025\\\/04\\\/28\\\/genclik-ligi-finali-duzcede-dev-ekranda-izlendi\\\/\"},\"author\":{\"name\":\"Memurun Sesi Haber Merkezi\",\"@id\":\"https:\\\/\\\/memurunsesi.net\\\/#\\\/schema\\\/person\\\/f21c2d73b89f6ee1d80b0a1803e38587\"},\"headline\":\"Gen\u00e7lik Ligi finali D\u00fczce&#8217;de dev ekranda izlendi\",\"datePublished\":\"2025-04-28T18:29:19+00:00\",\"mainEntityOfPage\":{\"@id\":\"https:\\\/\\\/memurunsesi.net\\\/index.php\\\/2025\\\/04\\\/28\\\/genclik-ligi-finali-duzcede-dev-ekranda-izlendi\\\/\"},\"wordCount\":121,\"commentCount\":0,\"publisher\":{\"@id\":\"https:\\\/\\\/memurunsesi.net\\\/#organization\"},\"articleSection\":[\"Spor\"],\"inLanguage\":\"tr\",\"potentialAction\":[{\"@type\":\"CommentAction\",\"name\":\"Comment\",\"target\":[\"https:\\\/\\\/memurunsesi.net\\\/index.php\\\/2025\\\/04\\\/28\\\/genclik-ligi-finali-duzcede-dev-ekranda-izlendi\\\/#respond\"]}]},{\"@type\":\"WebPage\",\"@id\":\"https:\\\/\\\/memurunsesi.net\\\/index.php\\\/2025\\\/04\\\/28\\\/genclik-ligi-finali-duzcede-dev-ekranda-izlendi\\\/\",\"url\":\"https:\\\/\\\/memurunsesi.net\\\/index.php\\\/2025\\\/04\\\/28\\\/genclik-ligi-finali-duzcede-dev-ekranda-izlendi\\\/\",\"name\":\"Gen\u00e7lik Ligi finali D\u00fczce'de dev ekranda izlendi - Memurun Sesi\",\"isPartOf\":{\"@id\":\"https:\\\/\\\/memurunsesi.net\\\/#website\"},\"datePublished\":\"2025-04-28T18:29:19+00:00\",\"breadcrumb\":{\"@id\":\"https:\\\/\\\/memurunsesi.net\\\/index.php\\\/2025\\\/04\\\/28\\\/genclik-ligi-finali-duzcede-dev-ekranda-izlendi\\\/#breadcrumb\"},\"inLanguage\":\"tr\",\"potentialAction\":[{\"@type\":\"ReadAction\",\"target\":[\"https:\\\/\\\/memurunsesi.net\\\/index.php\\\/2025\\\/04\\\/28\\\/genclik-ligi-finali-duzcede-dev-ekranda-izlendi\\\/\"]}]},{\"@type\":\"BreadcrumbList\",\"@id\":\"https:\\\/\\\/memurunsesi.net\\\/index.php\\\/2025\\\/04\\\/28\\\/genclik-ligi-finali-duzcede-dev-ekranda-izlendi\\\/#breadcrumb\",\"itemListElement\":[{\"@type\":\"ListItem\",\"position\":1,\"name\":\"Anasayfa\",\"item\":\"https:\\\/\\\/memurunsesi.net\\\/\"},{\"@type\":\"ListItem\",\"position\":2,\"name\":\"Gen\u00e7lik Ligi finali D\u00fczce&#8217;de dev ekranda izlendi\"}]},{\"@type\":\"WebSite\",\"@id\":\"https:\\\/\\\/memurunsesi.net\\\/#website\",\"url\":\"https:\\\/\\\/memurunsesi.net\\\/\",\"name\":\"Memurun Sesi\",\"description\":\"G\u00fcncel ve Do\u011fru Haber\",\"publisher\":{\"@id\":\"https:\\\/\\\/memurunsesi.net\\\/#organization\"},\"potentialAction\":[{\"@type\":\"SearchAction\",\"target\":{\"@type\":\"EntryPoint\",\"urlTemplate\":\"https:\\\/\\\/memurunsesi.net\\\/?s={search_term_string}\"},\"query-input\":{\"@type\":\"PropertyValueSpecification\",\"valueRequired\":true,\"valueName\":\"search_term_string\"}}],\"inLanguage\":\"tr\"},{\"@type\":\"Organization\",\"@id\":\"https:\\\/\\\/memurunsesi.net\\\/#organization\",\"name\":\"Memurun Sesi\",\"url\":\"https:\\\/\\\/memurunsesi.net\\\/\",\"logo\":{\"@type\":\"ImageObject\",\"inLanguage\":\"tr\",\"@id\":\"https:\\\/\\\/memurunsesi.net\\\/#\\\/schema\\\/logo\\\/image\\\/\",\"url\":\"https:\\\/\\\/memurunsesi.net\\\/wp-content\\\/uploads\\\/2025\\\/11\\\/cropped-MEMURUN-SESI.png\",\"contentUrl\":\"https:\\\/\\\/memurunsesi.net\\\/wp-content\\\/uploads\\\/2025\\\/11\\\/cropped-MEMURUN-SESI.png\",\"width\":238,\"height\":57,\"caption\":\"Memurun Sesi\"},\"image\":{\"@id\":\"https:\\\/\\\/memurunsesi.net\\\/#\\\/schema\\\/logo\\\/image\\\/\"},\"sameAs\":[\"https:\\\/\\\/www.facebook.com\\\/unipersen\\\/?locale=tr_TR\",\"https:\\\/\\\/x.com\\\/unipersen\"]},{\"@type\":\"Person\",\"@id\":\"https:\\\/\\\/memurunsesi.net\\\/#\\\/schema\\\/person\\\/f21c2d73b89f6ee1d80b0a1803e38587\",\"name\":\"Memurun Sesi Haber Merkezi\",\"image\":{\"@type\":\"ImageObject\",\"inLanguage\":\"tr\",\"@id\":\"https:\\\/\\\/secure.gravatar.com\\\/avatar\\\/6cf0505f452ee753f485014986fab09a434671d2b919ee76fc541025c5876a70?s=96&d=mm&r=g\",\"url\":\"https:\\\/\\\/secure.gravatar.com\\\/avatar\\\/6cf0505f452ee753f485014986fab09a434671d2b919ee76fc541025c5876a70?s=96&d=mm&r=g\",\"contentUrl\":\"https:\\\/\\\/secure.gravatar.com\\\/avatar\\\/6cf0505f452ee753f485014986fab09a434671d2b919ee76fc541025c5876a70?s=96&d=mm&r=g\",\"caption\":\"Memurun Sesi Haber Merkezi\"},\"sameAs\":[\"https:\\\/\\\/memurunsesi.net\"],\"url\":\"https:\\\/\\\/memurunsesi.net\\\/index.php\\\/author\\\/uniper\\\/\"}]}<\/script>\n<!-- \/ Yoast SEO plugin. -->","yoast_head_json":{"title":"Gen\u00e7lik Ligi finali D\u00fczce'de dev ekranda izlendi - Memurun Sesi","robots":{"index":"index","follow":"follow","max-snippet":"max-snippet:-1","max-image-preview":"max-image-preview:large","max-video-preview":"max-video-preview:-1"},"canonical":"https:\/\/memurunsesi.net\/index.php\/2025\/04\/28\/genclik-ligi-finali-duzcede-dev-ekranda-izlendi\/","og_locale":"tr_TR","og_type":"article","og_title":"Gen\u00e7lik Ligi finali D\u00fczce'de dev ekranda izlendi - Memurun Sesi","og_description":"UEFA Gen\u00e7lik Ligi\u2019nde final ma\u00e7\u0131na \u00e7\u0131kan Trabzonspor\u2019un bu kar\u015f\u0131la\u015fmas\u0131 D\u00fczce\u2019de dev ekrandan izlendi. UEFA Gen\u00e7lik Ligi\u2019nde rakiplerini eleyerek finale kadar gelen Karadeniz f\u0131rt\u0131nas\u0131 Trabzonspor U19, finalde Barcelona ile kar\u015f\u0131 kar\u015f\u0131ya geldi. D\u00fczce\u2019de de final heyecan\u0131 belediye ekiplerince dev ekrandan yay\u0131nland\u0131. Binlerce Trabzonsporlunun dev ekranda takip etti\u011fi m\u00fccadelede Trabzonspor\u2019un ataklar\u0131nda kat\u0131l\u0131mc\u0131lar heyecanl\u0131 anlar ya\u015fad\u0131. 90 dakika [&hellip;]","og_url":"https:\/\/memurunsesi.net\/index.php\/2025\/04\/28\/genclik-ligi-finali-duzcede-dev-ekranda-izlendi\/","og_site_name":"Memurun Sesi","article_publisher":"https:\/\/www.facebook.com\/unipersen\/?locale=tr_TR","article_published_time":"2025-04-28T18:29:19+00:00","author":"Memurun Sesi Haber Merkezi","twitter_card":"summary_large_image","twitter_creator":"@unipersen","twitter_site":"@unipersen","twitter_misc":{"Yazan:":"Memurun Sesi Haber Merkezi","Tahmini okuma s\u00fcresi":"1 dakika"},"schema":{"@context":"https:\/\/schema.org","@graph":[{"@type":"Article","@id":"https:\/\/memurunsesi.net\/index.php\/2025\/04\/28\/genclik-ligi-finali-duzcede-dev-ekranda-izlendi\/#article","isPartOf":{"@id":"https:\/\/memurunsesi.net\/index.php\/2025\/04\/28\/genclik-ligi-finali-duzcede-dev-ekranda-izlendi\/"},"author":{"name":"Memurun Sesi Haber Merkezi","@id":"https:\/\/memurunsesi.net\/#\/schema\/person\/f21c2d73b89f6ee1d80b0a1803e38587"},"headline":"Gen\u00e7lik Ligi finali D\u00fczce&#8217;de dev ekranda izlendi","datePublished":"2025-04-28T18:29:19+00:00","mainEntityOfPage":{"@id":"https:\/\/memurunsesi.net\/index.php\/2025\/04\/28\/genclik-ligi-finali-duzcede-dev-ekranda-izlendi\/"},"wordCount":121,"commentCount":0,"publisher":{"@id":"https:\/\/memurunsesi.net\/#organization"},"articleSection":["Spor"],"inLanguage":"tr","potentialAction":[{"@type":"CommentAction","name":"Comment","target":["https:\/\/memurunsesi.net\/index.php\/2025\/04\/28\/genclik-ligi-finali-duzcede-dev-ekranda-izlendi\/#respond"]}]},{"@type":"WebPage","@id":"https:\/\/memurunsesi.net\/index.php\/2025\/04\/28\/genclik-ligi-finali-duzcede-dev-ekranda-izlendi\/","url":"https:\/\/memurunsesi.net\/index.php\/2025\/04\/28\/genclik-ligi-finali-duzcede-dev-ekranda-izlendi\/","name":"Gen\u00e7lik Ligi finali D\u00fczce'de dev ekranda izlendi - Memurun Sesi","isPartOf":{"@id":"https:\/\/memurunsesi.net\/#website"},"datePublished":"2025-04-28T18:29:19+00:00","breadcrumb":{"@id":"https:\/\/memurunsesi.net\/index.php\/2025\/04\/28\/genclik-ligi-finali-duzcede-dev-ekranda-izlendi\/#breadcrumb"},"inLanguage":"tr","potentialAction":[{"@type":"ReadAction","target":["https:\/\/memurunsesi.net\/index.php\/2025\/04\/28\/genclik-ligi-finali-duzcede-dev-ekranda-izlendi\/"]}]},{"@type":"BreadcrumbList","@id":"https:\/\/memurunsesi.net\/index.php\/2025\/04\/28\/genclik-ligi-finali-duzcede-dev-ekranda-izlendi\/#breadcrumb","itemListElement":[{"@type":"ListItem","position":1,"name":"Anasayfa","item":"https:\/\/memurunsesi.net\/"},{"@type":"ListItem","position":2,"name":"Gen\u00e7lik Ligi finali D\u00fczce&#8217;de dev ekranda izlendi"}]},{"@type":"WebSite","@id":"https:\/\/memurunsesi.net\/#website","url":"https:\/\/memurunsesi.net\/","name":"Memurun Sesi","description":"G\u00fcncel ve Do\u011fru Haber","publisher":{"@id":"https:\/\/memurunsesi.net\/#organization"},"potentialAction":[{"@type":"SearchAction","target":{"@type":"EntryPoint","urlTemplate":"https:\/\/memurunsesi.net\/?s={search_term_string}"},"query-input":{"@type":"PropertyValueSpecification","valueRequired":true,"valueName":"search_term_string"}}],"inLanguage":"tr"},{"@type":"Organization","@id":"https:\/\/memurunsesi.net\/#organization","name":"Memurun Sesi","url":"https:\/\/memurunsesi.net\/","logo":{"@type":"ImageObject","inLanguage":"tr","@id":"https:\/\/memurunsesi.net\/#\/schema\/logo\/image\/","url":"https:\/\/memurunsesi.net\/wp-content\/uploads\/2025\/11\/cropped-MEMURUN-SESI.png","contentUrl":"https:\/\/memurunsesi.net\/wp-content\/uploads\/2025\/11\/cropped-MEMURUN-SESI.png","width":238,"height":57,"caption":"Memurun Sesi"},"image":{"@id":"https:\/\/memurunsesi.net\/#\/schema\/logo\/image\/"},"sameAs":["https:\/\/www.facebook.com\/unipersen\/?locale=tr_TR","https:\/\/x.com\/unipersen"]},{"@type":"Person","@id":"https:\/\/memurunsesi.net\/#\/schema\/person\/f21c2d73b89f6ee1d80b0a1803e38587","name":"Memurun Sesi Haber Merkezi","image":{"@type":"ImageObject","inLanguage":"tr","@id":"https:\/\/secure.gravatar.com\/avatar\/6cf0505f452ee753f485014986fab09a434671d2b919ee76fc541025c5876a70?s=96&d=mm&r=g","url":"https:\/\/secure.gravatar.com\/avatar\/6cf0505f452ee753f485014986fab09a434671d2b919ee76fc541025c5876a70?s=96&d=mm&r=g","contentUrl":"https:\/\/secure.gravatar.com\/avatar\/6cf0505f452ee753f485014986fab09a434671d2b919ee76fc541025c5876a70?s=96&d=mm&r=g","caption":"Memurun Sesi Haber Merkezi"},"sameAs":["https:\/\/memurunsesi.net"],"url":"https:\/\/memurunsesi.net\/index.php\/author\/uniper\/"}]}},"_links":{"self":[{"href":"https:\/\/memurunsesi.net\/index.php\/wp-json\/wp\/v2\/posts\/6108","targetHints":{"allow":["GET"]}}],"collection":[{"href":"https:\/\/memurunsesi.net\/index.php\/wp-json\/wp\/v2\/posts"}],"about":[{"href":"https:\/\/memurunsesi.net\/index.php\/wp-json\/wp\/v2\/types\/post"}],"author":[{"embeddable":true,"href":"https:\/\/memurunsesi.net\/index.php\/wp-json\/wp\/v2\/users\/1"}],"replies":[{"embeddable":true,"href":"https:\/\/memurunsesi.net\/index.php\/wp-json\/wp\/v2\/comments?post=6108"}],"version-history":[{"count":1,"href":"https:\/\/memurunsesi.net\/index.php\/wp-json\/wp\/v2\/posts\/6108\/revisions"}],"predecessor-version":[{"id":6110,"href":"https:\/\/memurunsesi.net\/index.php\/wp-json\/wp\/v2\/posts\/6108\/revisions\/6110"}],"wp:attachment":[{"href":"https:\/\/memurunsesi.net\/index.php\/wp-json\/wp\/v2\/media?parent=6108"}],"wp:term":[{"taxonomy":"category","embeddable":true,"href":"https:\/\/memurunsesi.net\/index.php\/wp-json\/wp\/v2\/categories?post=6108"},{"taxonomy":"post_tag","embeddable":true,"href":"https:\/\/memurunsesi.net\/index.php\/wp-json\/wp\/v2\/tags?post=6108"}],"curies":[{"name":"wp","href":"https:\/\/api.w.org\/{rel}","templated":true}]}}