{"id":6114,"date":"2025-04-28T21:32:47","date_gmt":"2025-04-28T18:32:47","guid":{"rendered":"https:\/\/memurunsesi.net\/?p=6114"},"modified":"2025-04-28T21:32:47","modified_gmt":"2025-04-28T18:32:47","slug":"kayinbiraderini-bicaklayip-kaynanasini-silahla-vuran-damat-tutuklandi","status":"publish","type":"post","link":"https:\/\/memurunsesi.net\/index.php\/2025\/04\/28\/kayinbiraderini-bicaklayip-kaynanasini-silahla-vuran-damat-tutuklandi\/","title":{"rendered":"Kay\u0131nbiraderini b\u0131\u00e7aklay\u0131p, kaynanas\u0131n\u0131 silahla vuran damat tutukland\u0131"},"content":{"rendered":"<p> Aksaray\u2019da bo\u015fanma a\u015famas\u0131ndaki e\u015finin a\u011fabeyini b\u0131\u00e7aklayan, annesini de tabancayla vurarak yaralanan \u015fah\u0131s \u00e7\u0131kar\u0131ld\u0131\u011f\u0131 mahkemece tutuklanarak cezaevine g\u00f6nderildi.<br \/>\n  Olay, d\u00fcn Fatih Mahallesi Hasan Da\u011f\u0131 Sitesi&#8217;nde ya\u015fand\u0131. E\u015fi M.\u00d6. (37) ile evliliklerinin 4. y\u0131l\u0131nda \u015fiddetli ge\u00e7imsizlik nedeniyle bo\u015fanma seviyesine gelen Hatice \u00d6. (26), 2 \u00e7ocu\u011fuyla birlikte \u015fiddet g\u00f6rd\u00fc\u011f\u00fc gerek\u00e7esiyle mahkemeye bo\u015fanma davas\u0131 a\u00e7t\u0131. Ya\u015fananlar\u0131n ard\u0131ndan M.\u00d6., ayr\u0131 ya\u015fad\u0131\u011f\u0131 e\u015finin a\u011fabeyi Alparslan Erbeden\u2019i (30) 2 y\u0131l \u00f6nce b\u0131\u00e7aklayarak yaralad\u0131. M.\u00d6., d\u00fcn de k\u0131z\u0131 Hatice \u00d6. ve torunlar\u0131yla birlikte pazardan eve d\u00f6nen Z\u00fcbeyde Demiraslan&#8217;a (52) tabancayla 3 el ate\u015f etti. Sa\u011f ve sol baca\u011f\u0131na isabet eden iki kur\u015funla yaralanan kad\u0131n kanlar i\u00e7inde yere d\u00fc\u015ferken, M.\u00d6. babas\u0131yla birlikte olay yerinden ka\u00e7t\u0131. \u00c7evredeki vatanda\u015flar\u0131n 112 Acil \u00c7a\u011fr\u0131 Merkezine ihbar\u0131 \u00fczerine olay yerine polis ve sa\u011fl\u0131k ekipleri sevk edildi. Yaral\u0131 kad\u0131n, ambulansla kald\u0131r\u0131ld\u0131\u011f\u0131 Aksaray E\u011fitim ve Ara\u015ft\u0131rma Hastanesinde ameliyata al\u0131nd\u0131. 2,5 saat s\u00fcren ameliyat\u0131n ard\u0131ndan g\u00f6zlem odas\u0131na al\u0131nan Z\u00fcbeyde Demiraslan&#8217;\u0131n hayati tehlikeyi atlatt\u0131\u011f\u0131 \u00f6\u011frenildi. Polis ekiplerince yakalanan M.\u00d6. ise emniyetteki i\u015flemlerinin ard\u0131ndan sevk edildi\u011fi adli makamlarca tutuklanarak cezaevine g\u00f6nderildi. <\/p>\n<p>28.04.2025                           <\/p>\n","protected":false},"excerpt":{"rendered":"<p>Aksaray\u2019da bo\u015fanma a\u015famas\u0131ndaki e\u015finin a\u011fabeyini b\u0131\u00e7aklayan, annesini de tabancayla vurarak yaralanan \u015fah\u0131s \u00e7\u0131kar\u0131ld\u0131\u011f\u0131 mahkemece tutuklanarak cezaevine g\u00f6nderildi. Olay, d\u00fcn Fatih Mahallesi Hasan Da\u011f\u0131 Sitesi&#8217;nde ya\u015fand\u0131. E\u015fi M.\u00d6. (37) ile evliliklerinin 4. y\u0131l\u0131nda \u015fiddetli ge\u00e7imsizlik nedeniyle bo\u015fanma seviyesine gelen Hatice \u00d6. (26), 2 \u00e7ocu\u011fuyla birlikte \u015fiddet g\u00f6rd\u00fc\u011f\u00fc gerek\u00e7esiyle mahkemeye bo\u015fanma davas\u0131 a\u00e7t\u0131. Ya\u015fananlar\u0131n ard\u0131ndan M.\u00d6., ayr\u0131 [&hellip;]<\/p>\n","protected":false},"author":1,"featured_media":6115,"comment_status":"open","ping_status":"open","sticky":false,"template":"","format":"standard","meta":{"footnotes":""},"categories":[45],"tags":[],"class_list":["post-6114","post","type-post","status-publish","format-standard","has-post-thumbnail","hentry","category-gundem"],"yoast_head":"<!-- This site is optimized with the Yoast SEO plugin v27.4 - https:\/\/yoast.com\/product\/yoast-seo-wordpress\/ -->\n<title>Kay\u0131nbiraderini b\u0131\u00e7aklay\u0131p, kaynanas\u0131n\u0131 silahla vuran damat tutukland\u0131 - Memurun Sesi<\/title>\n<meta name=\"robots\" content=\"index, follow, max-snippet:-1, max-image-preview:large, max-video-preview:-1\" \/>\n<link rel=\"canonical\" href=\"https:\/\/memurunsesi.net\/index.php\/2025\/04\/28\/kayinbiraderini-bicaklayip-kaynanasini-silahla-vuran-damat-tutuklandi\/\" \/>\n<meta property=\"og:locale\" content=\"tr_TR\" \/>\n<meta property=\"og:type\" content=\"article\" \/>\n<meta property=\"og:title\" content=\"Kay\u0131nbiraderini b\u0131\u00e7aklay\u0131p, kaynanas\u0131n\u0131 silahla vuran damat tutukland\u0131 - Memurun Sesi\" \/>\n<meta property=\"og:description\" content=\"Aksaray\u2019da bo\u015fanma a\u015famas\u0131ndaki e\u015finin a\u011fabeyini b\u0131\u00e7aklayan, annesini de tabancayla vurarak yaralanan \u015fah\u0131s \u00e7\u0131kar\u0131ld\u0131\u011f\u0131 mahkemece tutuklanarak cezaevine g\u00f6nderildi. Olay, d\u00fcn Fatih Mahallesi Hasan Da\u011f\u0131 Sitesi&#8217;nde ya\u015fand\u0131. E\u015fi M.\u00d6. (37) ile evliliklerinin 4. y\u0131l\u0131nda \u015fiddetli ge\u00e7imsizlik nedeniyle bo\u015fanma seviyesine gelen Hatice \u00d6. (26), 2 \u00e7ocu\u011fuyla birlikte \u015fiddet g\u00f6rd\u00fc\u011f\u00fc gerek\u00e7esiyle mahkemeye bo\u015fanma davas\u0131 a\u00e7t\u0131. Ya\u015fananlar\u0131n ard\u0131ndan M.\u00d6., ayr\u0131 [&hellip;]\" \/>\n<meta property=\"og:url\" content=\"https:\/\/memurunsesi.net\/index.php\/2025\/04\/28\/kayinbiraderini-bicaklayip-kaynanasini-silahla-vuran-damat-tutuklandi\/\" \/>\n<meta property=\"og:site_name\" content=\"Memurun Sesi\" \/>\n<meta property=\"article:publisher\" content=\"https:\/\/www.facebook.com\/unipersen\/?locale=tr_TR\" \/>\n<meta property=\"article:published_time\" content=\"2025-04-28T18:32:47+00:00\" \/>\n<meta property=\"og:image\" content=\"https:\/\/memurunsesi.net\/wp-content\/uploads\/2025\/04\/AW443027_01.jpg\" \/>\n\t<meta property=\"og:image:width\" content=\"614\" \/>\n\t<meta property=\"og:image:height\" content=\"539\" \/>\n\t<meta property=\"og:image:type\" content=\"image\/jpeg\" \/>\n<meta name=\"author\" content=\"Memurun Sesi Haber Merkezi\" \/>\n<meta name=\"twitter:card\" content=\"summary_large_image\" \/>\n<meta name=\"twitter:creator\" content=\"@unipersen\" \/>\n<meta name=\"twitter:site\" content=\"@unipersen\" \/>\n<meta name=\"twitter:label1\" content=\"Yazan:\" \/>\n\t<meta name=\"twitter:data1\" content=\"Memurun Sesi Haber Merkezi\" \/>\n\t<meta name=\"twitter:label2\" content=\"Tahmini okuma s\u00fcresi\" \/>\n\t<meta name=\"twitter:data2\" content=\"1 dakika\" \/>\n<script type=\"application\/ld+json\" class=\"yoast-schema-graph\">{\"@context\":\"https:\\\/\\\/schema.org\",\"@graph\":[{\"@type\":\"Article\",\"@id\":\"https:\\\/\\\/memurunsesi.net\\\/index.php\\\/2025\\\/04\\\/28\\\/kayinbiraderini-bicaklayip-kaynanasini-silahla-vuran-damat-tutuklandi\\\/#article\",\"isPartOf\":{\"@id\":\"https:\\\/\\\/memurunsesi.net\\\/index.php\\\/2025\\\/04\\\/28\\\/kayinbiraderini-bicaklayip-kaynanasini-silahla-vuran-damat-tutuklandi\\\/\"},\"author\":{\"name\":\"Memurun Sesi Haber Merkezi\",\"@id\":\"https:\\\/\\\/memurunsesi.net\\\/#\\\/schema\\\/person\\\/f21c2d73b89f6ee1d80b0a1803e38587\"},\"headline\":\"Kay\u0131nbiraderini b\u0131\u00e7aklay\u0131p, kaynanas\u0131n\u0131 silahla vuran damat tutukland\u0131\",\"datePublished\":\"2025-04-28T18:32:47+00:00\",\"mainEntityOfPage\":{\"@id\":\"https:\\\/\\\/memurunsesi.net\\\/index.php\\\/2025\\\/04\\\/28\\\/kayinbiraderini-bicaklayip-kaynanasini-silahla-vuran-damat-tutuklandi\\\/\"},\"wordCount\":230,\"commentCount\":0,\"publisher\":{\"@id\":\"https:\\\/\\\/memurunsesi.net\\\/#organization\"},\"image\":{\"@id\":\"https:\\\/\\\/memurunsesi.net\\\/index.php\\\/2025\\\/04\\\/28\\\/kayinbiraderini-bicaklayip-kaynanasini-silahla-vuran-damat-tutuklandi\\\/#primaryimage\"},\"thumbnailUrl\":\"https:\\\/\\\/memurunsesi.net\\\/wp-content\\\/uploads\\\/2025\\\/04\\\/AW443027_01.jpg\",\"articleSection\":[\"G\u00fcndem\"],\"inLanguage\":\"tr\",\"potentialAction\":[{\"@type\":\"CommentAction\",\"name\":\"Comment\",\"target\":[\"https:\\\/\\\/memurunsesi.net\\\/index.php\\\/2025\\\/04\\\/28\\\/kayinbiraderini-bicaklayip-kaynanasini-silahla-vuran-damat-tutuklandi\\\/#respond\"]}]},{\"@type\":\"WebPage\",\"@id\":\"https:\\\/\\\/memurunsesi.net\\\/index.php\\\/2025\\\/04\\\/28\\\/kayinbiraderini-bicaklayip-kaynanasini-silahla-vuran-damat-tutuklandi\\\/\",\"url\":\"https:\\\/\\\/memurunsesi.net\\\/index.php\\\/2025\\\/04\\\/28\\\/kayinbiraderini-bicaklayip-kaynanasini-silahla-vuran-damat-tutuklandi\\\/\",\"name\":\"Kay\u0131nbiraderini b\u0131\u00e7aklay\u0131p, kaynanas\u0131n\u0131 silahla vuran damat tutukland\u0131 - Memurun Sesi\",\"isPartOf\":{\"@id\":\"https:\\\/\\\/memurunsesi.net\\\/#website\"},\"primaryImageOfPage\":{\"@id\":\"https:\\\/\\\/memurunsesi.net\\\/index.php\\\/2025\\\/04\\\/28\\\/kayinbiraderini-bicaklayip-kaynanasini-silahla-vuran-damat-tutuklandi\\\/#primaryimage\"},\"image\":{\"@id\":\"https:\\\/\\\/memurunsesi.net\\\/index.php\\\/2025\\\/04\\\/28\\\/kayinbiraderini-bicaklayip-kaynanasini-silahla-vuran-damat-tutuklandi\\\/#primaryimage\"},\"thumbnailUrl\":\"https:\\\/\\\/memurunsesi.net\\\/wp-content\\\/uploads\\\/2025\\\/04\\\/AW443027_01.jpg\",\"datePublished\":\"2025-04-28T18:32:47+00:00\",\"breadcrumb\":{\"@id\":\"https:\\\/\\\/memurunsesi.net\\\/index.php\\\/2025\\\/04\\\/28\\\/kayinbiraderini-bicaklayip-kaynanasini-silahla-vuran-damat-tutuklandi\\\/#breadcrumb\"},\"inLanguage\":\"tr\",\"potentialAction\":[{\"@type\":\"ReadAction\",\"target\":[\"https:\\\/\\\/memurunsesi.net\\\/index.php\\\/2025\\\/04\\\/28\\\/kayinbiraderini-bicaklayip-kaynanasini-silahla-vuran-damat-tutuklandi\\\/\"]}]},{\"@type\":\"ImageObject\",\"inLanguage\":\"tr\",\"@id\":\"https:\\\/\\\/memurunsesi.net\\\/index.php\\\/2025\\\/04\\\/28\\\/kayinbiraderini-bicaklayip-kaynanasini-silahla-vuran-damat-tutuklandi\\\/#primaryimage\",\"url\":\"https:\\\/\\\/memurunsesi.net\\\/wp-content\\\/uploads\\\/2025\\\/04\\\/AW443027_01.jpg\",\"contentUrl\":\"https:\\\/\\\/memurunsesi.net\\\/wp-content\\\/uploads\\\/2025\\\/04\\\/AW443027_01.jpg\",\"width\":614,\"height\":539,\"caption\":\"AKSARAY'DA BO\u015eANMA A\u015eAMASINDAK\u0130 E\u015e\u0130N\u0130N AB\u0130S\u0130N\u0130 BI\u00c7AKLAYAN, ANNES\u0130N\u0130 DE TABANCAYLA VURUP YARALANAN ESK\u0130 DAMAT \u00c7IKARILDI\u011eI MAHKEMECE TUTUKLANARAK CEZAEV\u0130NE G\u00d6NDER\u0130LD\u0130. (FURKAN KARATAY - YAS\u0130N CAN\\\/AKSARAY-\u0130HA) Aksaray'da bo\u015fanma a\u015famas\u0131ndaki e\u015finin a\u011fabeyini b\u0131\u00e7aklayan, annesini de tabancayla vurarak yaralanan \u015fah\u0131s \u00e7\u0131kar\u0131ld\u0131\u011f\u0131 mahkemece tutuklanarak cezaevine g\u00f6nderildi.\"},{\"@type\":\"BreadcrumbList\",\"@id\":\"https:\\\/\\\/memurunsesi.net\\\/index.php\\\/2025\\\/04\\\/28\\\/kayinbiraderini-bicaklayip-kaynanasini-silahla-vuran-damat-tutuklandi\\\/#breadcrumb\",\"itemListElement\":[{\"@type\":\"ListItem\",\"position\":1,\"name\":\"Anasayfa\",\"item\":\"https:\\\/\\\/memurunsesi.net\\\/\"},{\"@type\":\"ListItem\",\"position\":2,\"name\":\"Kay\u0131nbiraderini b\u0131\u00e7aklay\u0131p, kaynanas\u0131n\u0131 silahla vuran damat tutukland\u0131\"}]},{\"@type\":\"WebSite\",\"@id\":\"https:\\\/\\\/memurunsesi.net\\\/#website\",\"url\":\"https:\\\/\\\/memurunsesi.net\\\/\",\"name\":\"Memurun Sesi\",\"description\":\"G\u00fcncel ve Do\u011fru Haber\",\"publisher\":{\"@id\":\"https:\\\/\\\/memurunsesi.net\\\/#organization\"},\"potentialAction\":[{\"@type\":\"SearchAction\",\"target\":{\"@type\":\"EntryPoint\",\"urlTemplate\":\"https:\\\/\\\/memurunsesi.net\\\/?s={search_term_string}\"},\"query-input\":{\"@type\":\"PropertyValueSpecification\",\"valueRequired\":true,\"valueName\":\"search_term_string\"}}],\"inLanguage\":\"tr\"},{\"@type\":\"Organization\",\"@id\":\"https:\\\/\\\/memurunsesi.net\\\/#organization\",\"name\":\"Memurun Sesi\",\"url\":\"https:\\\/\\\/memurunsesi.net\\\/\",\"logo\":{\"@type\":\"ImageObject\",\"inLanguage\":\"tr\",\"@id\":\"https:\\\/\\\/memurunsesi.net\\\/#\\\/schema\\\/logo\\\/image\\\/\",\"url\":\"https:\\\/\\\/memurunsesi.net\\\/wp-content\\\/uploads\\\/2025\\\/11\\\/cropped-MEMURUN-SESI.png\",\"contentUrl\":\"https:\\\/\\\/memurunsesi.net\\\/wp-content\\\/uploads\\\/2025\\\/11\\\/cropped-MEMURUN-SESI.png\",\"width\":238,\"height\":57,\"caption\":\"Memurun Sesi\"},\"image\":{\"@id\":\"https:\\\/\\\/memurunsesi.net\\\/#\\\/schema\\\/logo\\\/image\\\/\"},\"sameAs\":[\"https:\\\/\\\/www.facebook.com\\\/unipersen\\\/?locale=tr_TR\",\"https:\\\/\\\/x.com\\\/unipersen\"]},{\"@type\":\"Person\",\"@id\":\"https:\\\/\\\/memurunsesi.net\\\/#\\\/schema\\\/person\\\/f21c2d73b89f6ee1d80b0a1803e38587\",\"name\":\"Memurun Sesi Haber Merkezi\",\"image\":{\"@type\":\"ImageObject\",\"inLanguage\":\"tr\",\"@id\":\"https:\\\/\\\/secure.gravatar.com\\\/avatar\\\/6cf0505f452ee753f485014986fab09a434671d2b919ee76fc541025c5876a70?s=96&d=mm&r=g\",\"url\":\"https:\\\/\\\/secure.gravatar.com\\\/avatar\\\/6cf0505f452ee753f485014986fab09a434671d2b919ee76fc541025c5876a70?s=96&d=mm&r=g\",\"contentUrl\":\"https:\\\/\\\/secure.gravatar.com\\\/avatar\\\/6cf0505f452ee753f485014986fab09a434671d2b919ee76fc541025c5876a70?s=96&d=mm&r=g\",\"caption\":\"Memurun Sesi Haber Merkezi\"},\"sameAs\":[\"https:\\\/\\\/memurunsesi.net\"],\"url\":\"https:\\\/\\\/memurunsesi.net\\\/index.php\\\/author\\\/uniper\\\/\"}]}<\/script>\n<!-- \/ Yoast SEO plugin. -->","yoast_head_json":{"title":"Kay\u0131nbiraderini b\u0131\u00e7aklay\u0131p, kaynanas\u0131n\u0131 silahla vuran damat tutukland\u0131 - Memurun Sesi","robots":{"index":"index","follow":"follow","max-snippet":"max-snippet:-1","max-image-preview":"max-image-preview:large","max-video-preview":"max-video-preview:-1"},"canonical":"https:\/\/memurunsesi.net\/index.php\/2025\/04\/28\/kayinbiraderini-bicaklayip-kaynanasini-silahla-vuran-damat-tutuklandi\/","og_locale":"tr_TR","og_type":"article","og_title":"Kay\u0131nbiraderini b\u0131\u00e7aklay\u0131p, kaynanas\u0131n\u0131 silahla vuran damat tutukland\u0131 - Memurun Sesi","og_description":"Aksaray\u2019da bo\u015fanma a\u015famas\u0131ndaki e\u015finin a\u011fabeyini b\u0131\u00e7aklayan, annesini de tabancayla vurarak yaralanan \u015fah\u0131s \u00e7\u0131kar\u0131ld\u0131\u011f\u0131 mahkemece tutuklanarak cezaevine g\u00f6nderildi. Olay, d\u00fcn Fatih Mahallesi Hasan Da\u011f\u0131 Sitesi&#8217;nde ya\u015fand\u0131. E\u015fi M.\u00d6. (37) ile evliliklerinin 4. y\u0131l\u0131nda \u015fiddetli ge\u00e7imsizlik nedeniyle bo\u015fanma seviyesine gelen Hatice \u00d6. (26), 2 \u00e7ocu\u011fuyla birlikte \u015fiddet g\u00f6rd\u00fc\u011f\u00fc gerek\u00e7esiyle mahkemeye bo\u015fanma davas\u0131 a\u00e7t\u0131. Ya\u015fananlar\u0131n ard\u0131ndan M.\u00d6., ayr\u0131 [&hellip;]","og_url":"https:\/\/memurunsesi.net\/index.php\/2025\/04\/28\/kayinbiraderini-bicaklayip-kaynanasini-silahla-vuran-damat-tutuklandi\/","og_site_name":"Memurun Sesi","article_publisher":"https:\/\/www.facebook.com\/unipersen\/?locale=tr_TR","article_published_time":"2025-04-28T18:32:47+00:00","og_image":[{"width":614,"height":539,"url":"https:\/\/memurunsesi.net\/wp-content\/uploads\/2025\/04\/AW443027_01.jpg","type":"image\/jpeg"}],"author":"Memurun Sesi Haber Merkezi","twitter_card":"summary_large_image","twitter_creator":"@unipersen","twitter_site":"@unipersen","twitter_misc":{"Yazan:":"Memurun Sesi Haber Merkezi","Tahmini okuma s\u00fcresi":"1 dakika"},"schema":{"@context":"https:\/\/schema.org","@graph":[{"@type":"Article","@id":"https:\/\/memurunsesi.net\/index.php\/2025\/04\/28\/kayinbiraderini-bicaklayip-kaynanasini-silahla-vuran-damat-tutuklandi\/#article","isPartOf":{"@id":"https:\/\/memurunsesi.net\/index.php\/2025\/04\/28\/kayinbiraderini-bicaklayip-kaynanasini-silahla-vuran-damat-tutuklandi\/"},"author":{"name":"Memurun Sesi Haber Merkezi","@id":"https:\/\/memurunsesi.net\/#\/schema\/person\/f21c2d73b89f6ee1d80b0a1803e38587"},"headline":"Kay\u0131nbiraderini b\u0131\u00e7aklay\u0131p, kaynanas\u0131n\u0131 silahla vuran damat tutukland\u0131","datePublished":"2025-04-28T18:32:47+00:00","mainEntityOfPage":{"@id":"https:\/\/memurunsesi.net\/index.php\/2025\/04\/28\/kayinbiraderini-bicaklayip-kaynanasini-silahla-vuran-damat-tutuklandi\/"},"wordCount":230,"commentCount":0,"publisher":{"@id":"https:\/\/memurunsesi.net\/#organization"},"image":{"@id":"https:\/\/memurunsesi.net\/index.php\/2025\/04\/28\/kayinbiraderini-bicaklayip-kaynanasini-silahla-vuran-damat-tutuklandi\/#primaryimage"},"thumbnailUrl":"https:\/\/memurunsesi.net\/wp-content\/uploads\/2025\/04\/AW443027_01.jpg","articleSection":["G\u00fcndem"],"inLanguage":"tr","potentialAction":[{"@type":"CommentAction","name":"Comment","target":["https:\/\/memurunsesi.net\/index.php\/2025\/04\/28\/kayinbiraderini-bicaklayip-kaynanasini-silahla-vuran-damat-tutuklandi\/#respond"]}]},{"@type":"WebPage","@id":"https:\/\/memurunsesi.net\/index.php\/2025\/04\/28\/kayinbiraderini-bicaklayip-kaynanasini-silahla-vuran-damat-tutuklandi\/","url":"https:\/\/memurunsesi.net\/index.php\/2025\/04\/28\/kayinbiraderini-bicaklayip-kaynanasini-silahla-vuran-damat-tutuklandi\/","name":"Kay\u0131nbiraderini b\u0131\u00e7aklay\u0131p, kaynanas\u0131n\u0131 silahla vuran damat tutukland\u0131 - Memurun Sesi","isPartOf":{"@id":"https:\/\/memurunsesi.net\/#website"},"primaryImageOfPage":{"@id":"https:\/\/memurunsesi.net\/index.php\/2025\/04\/28\/kayinbiraderini-bicaklayip-kaynanasini-silahla-vuran-damat-tutuklandi\/#primaryimage"},"image":{"@id":"https:\/\/memurunsesi.net\/index.php\/2025\/04\/28\/kayinbiraderini-bicaklayip-kaynanasini-silahla-vuran-damat-tutuklandi\/#primaryimage"},"thumbnailUrl":"https:\/\/memurunsesi.net\/wp-content\/uploads\/2025\/04\/AW443027_01.jpg","datePublished":"2025-04-28T18:32:47+00:00","breadcrumb":{"@id":"https:\/\/memurunsesi.net\/index.php\/2025\/04\/28\/kayinbiraderini-bicaklayip-kaynanasini-silahla-vuran-damat-tutuklandi\/#breadcrumb"},"inLanguage":"tr","potentialAction":[{"@type":"ReadAction","target":["https:\/\/memurunsesi.net\/index.php\/2025\/04\/28\/kayinbiraderini-bicaklayip-kaynanasini-silahla-vuran-damat-tutuklandi\/"]}]},{"@type":"ImageObject","inLanguage":"tr","@id":"https:\/\/memurunsesi.net\/index.php\/2025\/04\/28\/kayinbiraderini-bicaklayip-kaynanasini-silahla-vuran-damat-tutuklandi\/#primaryimage","url":"https:\/\/memurunsesi.net\/wp-content\/uploads\/2025\/04\/AW443027_01.jpg","contentUrl":"https:\/\/memurunsesi.net\/wp-content\/uploads\/2025\/04\/AW443027_01.jpg","width":614,"height":539,"caption":"AKSARAY'DA BO\u015eANMA A\u015eAMASINDAK\u0130 E\u015e\u0130N\u0130N AB\u0130S\u0130N\u0130 BI\u00c7AKLAYAN, ANNES\u0130N\u0130 DE TABANCAYLA VURUP YARALANAN ESK\u0130 DAMAT \u00c7IKARILDI\u011eI MAHKEMECE TUTUKLANARAK CEZAEV\u0130NE G\u00d6NDER\u0130LD\u0130. (FURKAN KARATAY - YAS\u0130N CAN\/AKSARAY-\u0130HA) Aksaray'da bo\u015fanma a\u015famas\u0131ndaki e\u015finin a\u011fabeyini b\u0131\u00e7aklayan, annesini de tabancayla vurarak yaralanan \u015fah\u0131s \u00e7\u0131kar\u0131ld\u0131\u011f\u0131 mahkemece tutuklanarak cezaevine g\u00f6nderildi."},{"@type":"BreadcrumbList","@id":"https:\/\/memurunsesi.net\/index.php\/2025\/04\/28\/kayinbiraderini-bicaklayip-kaynanasini-silahla-vuran-damat-tutuklandi\/#breadcrumb","itemListElement":[{"@type":"ListItem","position":1,"name":"Anasayfa","item":"https:\/\/memurunsesi.net\/"},{"@type":"ListItem","position":2,"name":"Kay\u0131nbiraderini b\u0131\u00e7aklay\u0131p, kaynanas\u0131n\u0131 silahla vuran damat tutukland\u0131"}]},{"@type":"WebSite","@id":"https:\/\/memurunsesi.net\/#website","url":"https:\/\/memurunsesi.net\/","name":"Memurun Sesi","description":"G\u00fcncel ve Do\u011fru Haber","publisher":{"@id":"https:\/\/memurunsesi.net\/#organization"},"potentialAction":[{"@type":"SearchAction","target":{"@type":"EntryPoint","urlTemplate":"https:\/\/memurunsesi.net\/?s={search_term_string}"},"query-input":{"@type":"PropertyValueSpecification","valueRequired":true,"valueName":"search_term_string"}}],"inLanguage":"tr"},{"@type":"Organization","@id":"https:\/\/memurunsesi.net\/#organization","name":"Memurun Sesi","url":"https:\/\/memurunsesi.net\/","logo":{"@type":"ImageObject","inLanguage":"tr","@id":"https:\/\/memurunsesi.net\/#\/schema\/logo\/image\/","url":"https:\/\/memurunsesi.net\/wp-content\/uploads\/2025\/11\/cropped-MEMURUN-SESI.png","contentUrl":"https:\/\/memurunsesi.net\/wp-content\/uploads\/2025\/11\/cropped-MEMURUN-SESI.png","width":238,"height":57,"caption":"Memurun Sesi"},"image":{"@id":"https:\/\/memurunsesi.net\/#\/schema\/logo\/image\/"},"sameAs":["https:\/\/www.facebook.com\/unipersen\/?locale=tr_TR","https:\/\/x.com\/unipersen"]},{"@type":"Person","@id":"https:\/\/memurunsesi.net\/#\/schema\/person\/f21c2d73b89f6ee1d80b0a1803e38587","name":"Memurun Sesi Haber Merkezi","image":{"@type":"ImageObject","inLanguage":"tr","@id":"https:\/\/secure.gravatar.com\/avatar\/6cf0505f452ee753f485014986fab09a434671d2b919ee76fc541025c5876a70?s=96&d=mm&r=g","url":"https:\/\/secure.gravatar.com\/avatar\/6cf0505f452ee753f485014986fab09a434671d2b919ee76fc541025c5876a70?s=96&d=mm&r=g","contentUrl":"https:\/\/secure.gravatar.com\/avatar\/6cf0505f452ee753f485014986fab09a434671d2b919ee76fc541025c5876a70?s=96&d=mm&r=g","caption":"Memurun Sesi Haber Merkezi"},"sameAs":["https:\/\/memurunsesi.net"],"url":"https:\/\/memurunsesi.net\/index.php\/author\/uniper\/"}]}},"_links":{"self":[{"href":"https:\/\/memurunsesi.net\/index.php\/wp-json\/wp\/v2\/posts\/6114","targetHints":{"allow":["GET"]}}],"collection":[{"href":"https:\/\/memurunsesi.net\/index.php\/wp-json\/wp\/v2\/posts"}],"about":[{"href":"https:\/\/memurunsesi.net\/index.php\/wp-json\/wp\/v2\/types\/post"}],"author":[{"embeddable":true,"href":"https:\/\/memurunsesi.net\/index.php\/wp-json\/wp\/v2\/users\/1"}],"replies":[{"embeddable":true,"href":"https:\/\/memurunsesi.net\/index.php\/wp-json\/wp\/v2\/comments?post=6114"}],"version-history":[{"count":1,"href":"https:\/\/memurunsesi.net\/index.php\/wp-json\/wp\/v2\/posts\/6114\/revisions"}],"predecessor-version":[{"id":6116,"href":"https:\/\/memurunsesi.net\/index.php\/wp-json\/wp\/v2\/posts\/6114\/revisions\/6116"}],"wp:featuredmedia":[{"embeddable":true,"href":"https:\/\/memurunsesi.net\/index.php\/wp-json\/wp\/v2\/media\/6115"}],"wp:attachment":[{"href":"https:\/\/memurunsesi.net\/index.php\/wp-json\/wp\/v2\/media?parent=6114"}],"wp:term":[{"taxonomy":"category","embeddable":true,"href":"https:\/\/memurunsesi.net\/index.php\/wp-json\/wp\/v2\/categories?post=6114"},{"taxonomy":"post_tag","embeddable":true,"href":"https:\/\/memurunsesi.net\/index.php\/wp-json\/wp\/v2\/tags?post=6114"}],"curies":[{"name":"wp","href":"https:\/\/api.w.org\/{rel}","templated":true}]}}