{"id":6117,"date":"2025-04-28T21:34:41","date_gmt":"2025-04-28T18:34:41","guid":{"rendered":"https:\/\/memurunsesi.net\/?p=6117"},"modified":"2025-04-28T21:34:41","modified_gmt":"2025-04-28T18:34:41","slug":"kastamonuda-patlayan-elektrik-panosundan-cikan-yangin-6-saatte-sonduruldu","status":"publish","type":"post","link":"https:\/\/memurunsesi.net\/index.php\/2025\/04\/28\/kastamonuda-patlayan-elektrik-panosundan-cikan-yangin-6-saatte-sonduruldu\/","title":{"rendered":"Kastamonu\u2019da patlayan elektrik panosundan \u00e7\u0131kan yang\u0131n 6 saatte s\u00f6nd\u00fcr\u00fcld\u00fc"},"content":{"rendered":"<p> Kastamonu\u2019da elektrik panosunun patlamas\u0131 neticesinde \u00e7\u0131kan ve 3 ev ve 3 ah\u0131r\u0131n yanarak kullan\u0131lamaz hale geldi\u011fi yang\u0131n, 6 saat sonra kontrol alt\u0131na al\u0131nd\u0131.<br \/>\n  Olay, Merkez il\u00e7eye ba\u011fl\u0131 Karakuz k\u00f6y\u00fc Yukar\u0131 Karakuz Mahallesi&#8217;nde meydana geldi.  Edinilen bilgiye g\u00f6re, Celal Koral\u2019a ait evin elektrik panosunun patlamas\u0131yla \u00e7\u0131kan yang\u0131n, k\u0131sa s\u00fcrede b\u00fcy\u00fcyerek biti\u015fi\u011finde bulunan H\u00fcseyin Bay\u0131rc\u0131k ile Kamil Ma\u015fvac\u0131o\u011flu\u2019na ait evlere ve ah\u0131rlara s\u0131\u00e7rad\u0131. \u0130hbar \u00fczerine olay yerine itfaiye ekipleri ile Orman B\u00f6lge M\u00fcd\u00fcrl\u00fc\u011f\u00fc ekipleri sevk edildi. Ekiplerin yo\u011fun \u00e7abalar\u0131 ile yang\u0131n, yakla\u015f\u0131k 6 saatlik \u00e7al\u0131\u015fman\u0131n ard\u0131ndan di\u011fer evlere ve ah\u0131rlara s\u0131\u00e7ramadan kontrol alt\u0131na al\u0131nd\u0131.<br \/>\n  Yang\u0131nda Celal Koral, H\u00fcseyin Bay\u0131rc\u0131k ve Kamil Ma\u015fvac\u0131o\u011flu\u2019na ait 3 ev ile 3 ah\u0131r yanarak kullan\u0131lamaz hale gelirken, 2 ah\u0131rda da hasar meydana geldi. Ekiplerin so\u011futma \u00e7al\u0131\u015fmalar\u0131 devam ediyor. <\/p>\n<p>28.04.2025                              <\/p>\n","protected":false},"excerpt":{"rendered":"<p>Kastamonu\u2019da elektrik panosunun patlamas\u0131 neticesinde \u00e7\u0131kan ve 3 ev ve 3 ah\u0131r\u0131n yanarak kullan\u0131lamaz hale geldi\u011fi yang\u0131n, 6 saat sonra kontrol alt\u0131na al\u0131nd\u0131. Olay, Merkez il\u00e7eye ba\u011fl\u0131 Karakuz k\u00f6y\u00fc Yukar\u0131 Karakuz Mahallesi&#8217;nde meydana geldi. Edinilen bilgiye g\u00f6re, Celal Koral\u2019a ait evin elektrik panosunun patlamas\u0131yla \u00e7\u0131kan yang\u0131n, k\u0131sa s\u00fcrede b\u00fcy\u00fcyerek biti\u015fi\u011finde bulunan H\u00fcseyin Bay\u0131rc\u0131k ile Kamil [&hellip;]<\/p>\n","protected":false},"author":1,"featured_media":6118,"comment_status":"open","ping_status":"open","sticky":false,"template":"","format":"standard","meta":{"footnotes":""},"categories":[50],"tags":[],"class_list":["post-6117","post","type-post","status-publish","format-standard","has-post-thumbnail","hentry","category-tum-haberler"],"yoast_head":"<!-- This site is optimized with the Yoast SEO plugin v27.4 - https:\/\/yoast.com\/product\/yoast-seo-wordpress\/ -->\n<title>Kastamonu\u2019da patlayan elektrik panosundan \u00e7\u0131kan yang\u0131n 6 saatte s\u00f6nd\u00fcr\u00fcld\u00fc - Memurun Sesi<\/title>\n<meta name=\"robots\" content=\"index, follow, max-snippet:-1, max-image-preview:large, max-video-preview:-1\" \/>\n<link rel=\"canonical\" href=\"https:\/\/memurunsesi.net\/index.php\/2025\/04\/28\/kastamonuda-patlayan-elektrik-panosundan-cikan-yangin-6-saatte-sonduruldu\/\" \/>\n<meta property=\"og:locale\" content=\"tr_TR\" \/>\n<meta property=\"og:type\" content=\"article\" \/>\n<meta property=\"og:title\" content=\"Kastamonu\u2019da patlayan elektrik panosundan \u00e7\u0131kan yang\u0131n 6 saatte s\u00f6nd\u00fcr\u00fcld\u00fc - Memurun Sesi\" \/>\n<meta property=\"og:description\" content=\"Kastamonu\u2019da elektrik panosunun patlamas\u0131 neticesinde \u00e7\u0131kan ve 3 ev ve 3 ah\u0131r\u0131n yanarak kullan\u0131lamaz hale geldi\u011fi yang\u0131n, 6 saat sonra kontrol alt\u0131na al\u0131nd\u0131. Olay, Merkez il\u00e7eye ba\u011fl\u0131 Karakuz k\u00f6y\u00fc Yukar\u0131 Karakuz Mahallesi&#8217;nde meydana geldi. Edinilen bilgiye g\u00f6re, Celal Koral\u2019a ait evin elektrik panosunun patlamas\u0131yla \u00e7\u0131kan yang\u0131n, k\u0131sa s\u00fcrede b\u00fcy\u00fcyerek biti\u015fi\u011finde bulunan H\u00fcseyin Bay\u0131rc\u0131k ile Kamil [&hellip;]\" \/>\n<meta property=\"og:url\" content=\"https:\/\/memurunsesi.net\/index.php\/2025\/04\/28\/kastamonuda-patlayan-elektrik-panosundan-cikan-yangin-6-saatte-sonduruldu\/\" \/>\n<meta property=\"og:site_name\" content=\"Memurun Sesi\" \/>\n<meta property=\"article:publisher\" content=\"https:\/\/www.facebook.com\/unipersen\/?locale=tr_TR\" \/>\n<meta property=\"article:published_time\" content=\"2025-04-28T18:34:41+00:00\" \/>\n<meta property=\"og:image\" content=\"https:\/\/memurunsesi.net\/wp-content\/uploads\/2025\/04\/AW443020_01-scaled.jpg\" \/>\n\t<meta property=\"og:image:width\" content=\"2560\" \/>\n\t<meta property=\"og:image:height\" content=\"1440\" \/>\n\t<meta property=\"og:image:type\" content=\"image\/jpeg\" \/>\n<meta name=\"author\" content=\"Memurun Sesi Haber Merkezi\" \/>\n<meta name=\"twitter:card\" content=\"summary_large_image\" \/>\n<meta name=\"twitter:creator\" content=\"@unipersen\" \/>\n<meta name=\"twitter:site\" content=\"@unipersen\" \/>\n<meta name=\"twitter:label1\" content=\"Yazan:\" \/>\n\t<meta name=\"twitter:data1\" content=\"Memurun Sesi Haber Merkezi\" \/>\n\t<meta name=\"twitter:label2\" content=\"Tahmini okuma s\u00fcresi\" \/>\n\t<meta name=\"twitter:data2\" content=\"1 dakika\" \/>\n<script type=\"application\/ld+json\" class=\"yoast-schema-graph\">{\"@context\":\"https:\\\/\\\/schema.org\",\"@graph\":[{\"@type\":\"Article\",\"@id\":\"https:\\\/\\\/memurunsesi.net\\\/index.php\\\/2025\\\/04\\\/28\\\/kastamonuda-patlayan-elektrik-panosundan-cikan-yangin-6-saatte-sonduruldu\\\/#article\",\"isPartOf\":{\"@id\":\"https:\\\/\\\/memurunsesi.net\\\/index.php\\\/2025\\\/04\\\/28\\\/kastamonuda-patlayan-elektrik-panosundan-cikan-yangin-6-saatte-sonduruldu\\\/\"},\"author\":{\"name\":\"Memurun Sesi Haber Merkezi\",\"@id\":\"https:\\\/\\\/memurunsesi.net\\\/#\\\/schema\\\/person\\\/f21c2d73b89f6ee1d80b0a1803e38587\"},\"headline\":\"Kastamonu\u2019da patlayan elektrik panosundan \u00e7\u0131kan yang\u0131n 6 saatte s\u00f6nd\u00fcr\u00fcld\u00fc\",\"datePublished\":\"2025-04-28T18:34:41+00:00\",\"mainEntityOfPage\":{\"@id\":\"https:\\\/\\\/memurunsesi.net\\\/index.php\\\/2025\\\/04\\\/28\\\/kastamonuda-patlayan-elektrik-panosundan-cikan-yangin-6-saatte-sonduruldu\\\/\"},\"wordCount\":185,\"commentCount\":0,\"publisher\":{\"@id\":\"https:\\\/\\\/memurunsesi.net\\\/#organization\"},\"image\":{\"@id\":\"https:\\\/\\\/memurunsesi.net\\\/index.php\\\/2025\\\/04\\\/28\\\/kastamonuda-patlayan-elektrik-panosundan-cikan-yangin-6-saatte-sonduruldu\\\/#primaryimage\"},\"thumbnailUrl\":\"https:\\\/\\\/memurunsesi.net\\\/wp-content\\\/uploads\\\/2025\\\/04\\\/AW443020_01-scaled.jpg\",\"articleSection\":[\"T\u00fcm Haberler\"],\"inLanguage\":\"tr\",\"potentialAction\":[{\"@type\":\"CommentAction\",\"name\":\"Comment\",\"target\":[\"https:\\\/\\\/memurunsesi.net\\\/index.php\\\/2025\\\/04\\\/28\\\/kastamonuda-patlayan-elektrik-panosundan-cikan-yangin-6-saatte-sonduruldu\\\/#respond\"]}]},{\"@type\":\"WebPage\",\"@id\":\"https:\\\/\\\/memurunsesi.net\\\/index.php\\\/2025\\\/04\\\/28\\\/kastamonuda-patlayan-elektrik-panosundan-cikan-yangin-6-saatte-sonduruldu\\\/\",\"url\":\"https:\\\/\\\/memurunsesi.net\\\/index.php\\\/2025\\\/04\\\/28\\\/kastamonuda-patlayan-elektrik-panosundan-cikan-yangin-6-saatte-sonduruldu\\\/\",\"name\":\"Kastamonu\u2019da patlayan elektrik panosundan \u00e7\u0131kan yang\u0131n 6 saatte s\u00f6nd\u00fcr\u00fcld\u00fc - Memurun Sesi\",\"isPartOf\":{\"@id\":\"https:\\\/\\\/memurunsesi.net\\\/#website\"},\"primaryImageOfPage\":{\"@id\":\"https:\\\/\\\/memurunsesi.net\\\/index.php\\\/2025\\\/04\\\/28\\\/kastamonuda-patlayan-elektrik-panosundan-cikan-yangin-6-saatte-sonduruldu\\\/#primaryimage\"},\"image\":{\"@id\":\"https:\\\/\\\/memurunsesi.net\\\/index.php\\\/2025\\\/04\\\/28\\\/kastamonuda-patlayan-elektrik-panosundan-cikan-yangin-6-saatte-sonduruldu\\\/#primaryimage\"},\"thumbnailUrl\":\"https:\\\/\\\/memurunsesi.net\\\/wp-content\\\/uploads\\\/2025\\\/04\\\/AW443020_01-scaled.jpg\",\"datePublished\":\"2025-04-28T18:34:41+00:00\",\"breadcrumb\":{\"@id\":\"https:\\\/\\\/memurunsesi.net\\\/index.php\\\/2025\\\/04\\\/28\\\/kastamonuda-patlayan-elektrik-panosundan-cikan-yangin-6-saatte-sonduruldu\\\/#breadcrumb\"},\"inLanguage\":\"tr\",\"potentialAction\":[{\"@type\":\"ReadAction\",\"target\":[\"https:\\\/\\\/memurunsesi.net\\\/index.php\\\/2025\\\/04\\\/28\\\/kastamonuda-patlayan-elektrik-panosundan-cikan-yangin-6-saatte-sonduruldu\\\/\"]}]},{\"@type\":\"ImageObject\",\"inLanguage\":\"tr\",\"@id\":\"https:\\\/\\\/memurunsesi.net\\\/index.php\\\/2025\\\/04\\\/28\\\/kastamonuda-patlayan-elektrik-panosundan-cikan-yangin-6-saatte-sonduruldu\\\/#primaryimage\",\"url\":\"https:\\\/\\\/memurunsesi.net\\\/wp-content\\\/uploads\\\/2025\\\/04\\\/AW443020_01-scaled.jpg\",\"contentUrl\":\"https:\\\/\\\/memurunsesi.net\\\/wp-content\\\/uploads\\\/2025\\\/04\\\/AW443020_01-scaled.jpg\",\"width\":2560,\"height\":1440,\"caption\":\"KASTAMONU'DA ELEKTR\u0130K PANOSUNUN PATLAMASI SONUCU \u00c7IKAN YANGIN, \u0130TFA\u0130YE VE ORMAN B\u00d6LGE M\u00dcD\u00dcRL\u00dc\u011e\u00dc EK\u0130PLER\u0130N\u0130N U\u011eRA\u015eLARI SONUCU YAKLA\u015eIK 6 SAAT SONRA KONTROL ALTINA ALINAB\u0130LD\u0130. (VEDAT YUNUS \u0130K\u0130ZO\u011eLU\\\/KASTAMONU-\u0130HA) Kastamonu'da elektrik panosunun patlamas\u0131 neticesinde \u00e7\u0131kan ve 3 ev ve 3 ah\u0131r\u0131n yanarak kullan\u0131lamaz hale geldi\u011fi yang\u0131n, 6 saat sonra kontrol alt\u0131na al\u0131nd\u0131.\"},{\"@type\":\"BreadcrumbList\",\"@id\":\"https:\\\/\\\/memurunsesi.net\\\/index.php\\\/2025\\\/04\\\/28\\\/kastamonuda-patlayan-elektrik-panosundan-cikan-yangin-6-saatte-sonduruldu\\\/#breadcrumb\",\"itemListElement\":[{\"@type\":\"ListItem\",\"position\":1,\"name\":\"Anasayfa\",\"item\":\"https:\\\/\\\/memurunsesi.net\\\/\"},{\"@type\":\"ListItem\",\"position\":2,\"name\":\"Kastamonu\u2019da patlayan elektrik panosundan \u00e7\u0131kan yang\u0131n 6 saatte s\u00f6nd\u00fcr\u00fcld\u00fc\"}]},{\"@type\":\"WebSite\",\"@id\":\"https:\\\/\\\/memurunsesi.net\\\/#website\",\"url\":\"https:\\\/\\\/memurunsesi.net\\\/\",\"name\":\"Memurun Sesi\",\"description\":\"G\u00fcncel ve Do\u011fru Haber\",\"publisher\":{\"@id\":\"https:\\\/\\\/memurunsesi.net\\\/#organization\"},\"potentialAction\":[{\"@type\":\"SearchAction\",\"target\":{\"@type\":\"EntryPoint\",\"urlTemplate\":\"https:\\\/\\\/memurunsesi.net\\\/?s={search_term_string}\"},\"query-input\":{\"@type\":\"PropertyValueSpecification\",\"valueRequired\":true,\"valueName\":\"search_term_string\"}}],\"inLanguage\":\"tr\"},{\"@type\":\"Organization\",\"@id\":\"https:\\\/\\\/memurunsesi.net\\\/#organization\",\"name\":\"Memurun Sesi\",\"url\":\"https:\\\/\\\/memurunsesi.net\\\/\",\"logo\":{\"@type\":\"ImageObject\",\"inLanguage\":\"tr\",\"@id\":\"https:\\\/\\\/memurunsesi.net\\\/#\\\/schema\\\/logo\\\/image\\\/\",\"url\":\"https:\\\/\\\/memurunsesi.net\\\/wp-content\\\/uploads\\\/2025\\\/11\\\/cropped-MEMURUN-SESI.png\",\"contentUrl\":\"https:\\\/\\\/memurunsesi.net\\\/wp-content\\\/uploads\\\/2025\\\/11\\\/cropped-MEMURUN-SESI.png\",\"width\":238,\"height\":57,\"caption\":\"Memurun Sesi\"},\"image\":{\"@id\":\"https:\\\/\\\/memurunsesi.net\\\/#\\\/schema\\\/logo\\\/image\\\/\"},\"sameAs\":[\"https:\\\/\\\/www.facebook.com\\\/unipersen\\\/?locale=tr_TR\",\"https:\\\/\\\/x.com\\\/unipersen\"]},{\"@type\":\"Person\",\"@id\":\"https:\\\/\\\/memurunsesi.net\\\/#\\\/schema\\\/person\\\/f21c2d73b89f6ee1d80b0a1803e38587\",\"name\":\"Memurun Sesi Haber Merkezi\",\"image\":{\"@type\":\"ImageObject\",\"inLanguage\":\"tr\",\"@id\":\"https:\\\/\\\/secure.gravatar.com\\\/avatar\\\/6cf0505f452ee753f485014986fab09a434671d2b919ee76fc541025c5876a70?s=96&d=mm&r=g\",\"url\":\"https:\\\/\\\/secure.gravatar.com\\\/avatar\\\/6cf0505f452ee753f485014986fab09a434671d2b919ee76fc541025c5876a70?s=96&d=mm&r=g\",\"contentUrl\":\"https:\\\/\\\/secure.gravatar.com\\\/avatar\\\/6cf0505f452ee753f485014986fab09a434671d2b919ee76fc541025c5876a70?s=96&d=mm&r=g\",\"caption\":\"Memurun Sesi Haber Merkezi\"},\"sameAs\":[\"https:\\\/\\\/memurunsesi.net\"],\"url\":\"https:\\\/\\\/memurunsesi.net\\\/index.php\\\/author\\\/uniper\\\/\"}]}<\/script>\n<!-- \/ Yoast SEO plugin. -->","yoast_head_json":{"title":"Kastamonu\u2019da patlayan elektrik panosundan \u00e7\u0131kan yang\u0131n 6 saatte s\u00f6nd\u00fcr\u00fcld\u00fc - Memurun Sesi","robots":{"index":"index","follow":"follow","max-snippet":"max-snippet:-1","max-image-preview":"max-image-preview:large","max-video-preview":"max-video-preview:-1"},"canonical":"https:\/\/memurunsesi.net\/index.php\/2025\/04\/28\/kastamonuda-patlayan-elektrik-panosundan-cikan-yangin-6-saatte-sonduruldu\/","og_locale":"tr_TR","og_type":"article","og_title":"Kastamonu\u2019da patlayan elektrik panosundan \u00e7\u0131kan yang\u0131n 6 saatte s\u00f6nd\u00fcr\u00fcld\u00fc - Memurun Sesi","og_description":"Kastamonu\u2019da elektrik panosunun patlamas\u0131 neticesinde \u00e7\u0131kan ve 3 ev ve 3 ah\u0131r\u0131n yanarak kullan\u0131lamaz hale geldi\u011fi yang\u0131n, 6 saat sonra kontrol alt\u0131na al\u0131nd\u0131. Olay, Merkez il\u00e7eye ba\u011fl\u0131 Karakuz k\u00f6y\u00fc Yukar\u0131 Karakuz Mahallesi&#8217;nde meydana geldi. Edinilen bilgiye g\u00f6re, Celal Koral\u2019a ait evin elektrik panosunun patlamas\u0131yla \u00e7\u0131kan yang\u0131n, k\u0131sa s\u00fcrede b\u00fcy\u00fcyerek biti\u015fi\u011finde bulunan H\u00fcseyin Bay\u0131rc\u0131k ile Kamil [&hellip;]","og_url":"https:\/\/memurunsesi.net\/index.php\/2025\/04\/28\/kastamonuda-patlayan-elektrik-panosundan-cikan-yangin-6-saatte-sonduruldu\/","og_site_name":"Memurun Sesi","article_publisher":"https:\/\/www.facebook.com\/unipersen\/?locale=tr_TR","article_published_time":"2025-04-28T18:34:41+00:00","og_image":[{"width":2560,"height":1440,"url":"https:\/\/memurunsesi.net\/wp-content\/uploads\/2025\/04\/AW443020_01-scaled.jpg","type":"image\/jpeg"}],"author":"Memurun Sesi Haber Merkezi","twitter_card":"summary_large_image","twitter_creator":"@unipersen","twitter_site":"@unipersen","twitter_misc":{"Yazan:":"Memurun Sesi Haber Merkezi","Tahmini okuma s\u00fcresi":"1 dakika"},"schema":{"@context":"https:\/\/schema.org","@graph":[{"@type":"Article","@id":"https:\/\/memurunsesi.net\/index.php\/2025\/04\/28\/kastamonuda-patlayan-elektrik-panosundan-cikan-yangin-6-saatte-sonduruldu\/#article","isPartOf":{"@id":"https:\/\/memurunsesi.net\/index.php\/2025\/04\/28\/kastamonuda-patlayan-elektrik-panosundan-cikan-yangin-6-saatte-sonduruldu\/"},"author":{"name":"Memurun Sesi Haber Merkezi","@id":"https:\/\/memurunsesi.net\/#\/schema\/person\/f21c2d73b89f6ee1d80b0a1803e38587"},"headline":"Kastamonu\u2019da patlayan elektrik panosundan \u00e7\u0131kan yang\u0131n 6 saatte s\u00f6nd\u00fcr\u00fcld\u00fc","datePublished":"2025-04-28T18:34:41+00:00","mainEntityOfPage":{"@id":"https:\/\/memurunsesi.net\/index.php\/2025\/04\/28\/kastamonuda-patlayan-elektrik-panosundan-cikan-yangin-6-saatte-sonduruldu\/"},"wordCount":185,"commentCount":0,"publisher":{"@id":"https:\/\/memurunsesi.net\/#organization"},"image":{"@id":"https:\/\/memurunsesi.net\/index.php\/2025\/04\/28\/kastamonuda-patlayan-elektrik-panosundan-cikan-yangin-6-saatte-sonduruldu\/#primaryimage"},"thumbnailUrl":"https:\/\/memurunsesi.net\/wp-content\/uploads\/2025\/04\/AW443020_01-scaled.jpg","articleSection":["T\u00fcm Haberler"],"inLanguage":"tr","potentialAction":[{"@type":"CommentAction","name":"Comment","target":["https:\/\/memurunsesi.net\/index.php\/2025\/04\/28\/kastamonuda-patlayan-elektrik-panosundan-cikan-yangin-6-saatte-sonduruldu\/#respond"]}]},{"@type":"WebPage","@id":"https:\/\/memurunsesi.net\/index.php\/2025\/04\/28\/kastamonuda-patlayan-elektrik-panosundan-cikan-yangin-6-saatte-sonduruldu\/","url":"https:\/\/memurunsesi.net\/index.php\/2025\/04\/28\/kastamonuda-patlayan-elektrik-panosundan-cikan-yangin-6-saatte-sonduruldu\/","name":"Kastamonu\u2019da patlayan elektrik panosundan \u00e7\u0131kan yang\u0131n 6 saatte s\u00f6nd\u00fcr\u00fcld\u00fc - Memurun Sesi","isPartOf":{"@id":"https:\/\/memurunsesi.net\/#website"},"primaryImageOfPage":{"@id":"https:\/\/memurunsesi.net\/index.php\/2025\/04\/28\/kastamonuda-patlayan-elektrik-panosundan-cikan-yangin-6-saatte-sonduruldu\/#primaryimage"},"image":{"@id":"https:\/\/memurunsesi.net\/index.php\/2025\/04\/28\/kastamonuda-patlayan-elektrik-panosundan-cikan-yangin-6-saatte-sonduruldu\/#primaryimage"},"thumbnailUrl":"https:\/\/memurunsesi.net\/wp-content\/uploads\/2025\/04\/AW443020_01-scaled.jpg","datePublished":"2025-04-28T18:34:41+00:00","breadcrumb":{"@id":"https:\/\/memurunsesi.net\/index.php\/2025\/04\/28\/kastamonuda-patlayan-elektrik-panosundan-cikan-yangin-6-saatte-sonduruldu\/#breadcrumb"},"inLanguage":"tr","potentialAction":[{"@type":"ReadAction","target":["https:\/\/memurunsesi.net\/index.php\/2025\/04\/28\/kastamonuda-patlayan-elektrik-panosundan-cikan-yangin-6-saatte-sonduruldu\/"]}]},{"@type":"ImageObject","inLanguage":"tr","@id":"https:\/\/memurunsesi.net\/index.php\/2025\/04\/28\/kastamonuda-patlayan-elektrik-panosundan-cikan-yangin-6-saatte-sonduruldu\/#primaryimage","url":"https:\/\/memurunsesi.net\/wp-content\/uploads\/2025\/04\/AW443020_01-scaled.jpg","contentUrl":"https:\/\/memurunsesi.net\/wp-content\/uploads\/2025\/04\/AW443020_01-scaled.jpg","width":2560,"height":1440,"caption":"KASTAMONU'DA ELEKTR\u0130K PANOSUNUN PATLAMASI SONUCU \u00c7IKAN YANGIN, \u0130TFA\u0130YE VE ORMAN B\u00d6LGE M\u00dcD\u00dcRL\u00dc\u011e\u00dc EK\u0130PLER\u0130N\u0130N U\u011eRA\u015eLARI SONUCU YAKLA\u015eIK 6 SAAT SONRA KONTROL ALTINA ALINAB\u0130LD\u0130. (VEDAT YUNUS \u0130K\u0130ZO\u011eLU\/KASTAMONU-\u0130HA) Kastamonu'da elektrik panosunun patlamas\u0131 neticesinde \u00e7\u0131kan ve 3 ev ve 3 ah\u0131r\u0131n yanarak kullan\u0131lamaz hale geldi\u011fi yang\u0131n, 6 saat sonra kontrol alt\u0131na al\u0131nd\u0131."},{"@type":"BreadcrumbList","@id":"https:\/\/memurunsesi.net\/index.php\/2025\/04\/28\/kastamonuda-patlayan-elektrik-panosundan-cikan-yangin-6-saatte-sonduruldu\/#breadcrumb","itemListElement":[{"@type":"ListItem","position":1,"name":"Anasayfa","item":"https:\/\/memurunsesi.net\/"},{"@type":"ListItem","position":2,"name":"Kastamonu\u2019da patlayan elektrik panosundan \u00e7\u0131kan yang\u0131n 6 saatte s\u00f6nd\u00fcr\u00fcld\u00fc"}]},{"@type":"WebSite","@id":"https:\/\/memurunsesi.net\/#website","url":"https:\/\/memurunsesi.net\/","name":"Memurun Sesi","description":"G\u00fcncel ve Do\u011fru Haber","publisher":{"@id":"https:\/\/memurunsesi.net\/#organization"},"potentialAction":[{"@type":"SearchAction","target":{"@type":"EntryPoint","urlTemplate":"https:\/\/memurunsesi.net\/?s={search_term_string}"},"query-input":{"@type":"PropertyValueSpecification","valueRequired":true,"valueName":"search_term_string"}}],"inLanguage":"tr"},{"@type":"Organization","@id":"https:\/\/memurunsesi.net\/#organization","name":"Memurun Sesi","url":"https:\/\/memurunsesi.net\/","logo":{"@type":"ImageObject","inLanguage":"tr","@id":"https:\/\/memurunsesi.net\/#\/schema\/logo\/image\/","url":"https:\/\/memurunsesi.net\/wp-content\/uploads\/2025\/11\/cropped-MEMURUN-SESI.png","contentUrl":"https:\/\/memurunsesi.net\/wp-content\/uploads\/2025\/11\/cropped-MEMURUN-SESI.png","width":238,"height":57,"caption":"Memurun Sesi"},"image":{"@id":"https:\/\/memurunsesi.net\/#\/schema\/logo\/image\/"},"sameAs":["https:\/\/www.facebook.com\/unipersen\/?locale=tr_TR","https:\/\/x.com\/unipersen"]},{"@type":"Person","@id":"https:\/\/memurunsesi.net\/#\/schema\/person\/f21c2d73b89f6ee1d80b0a1803e38587","name":"Memurun Sesi Haber Merkezi","image":{"@type":"ImageObject","inLanguage":"tr","@id":"https:\/\/secure.gravatar.com\/avatar\/6cf0505f452ee753f485014986fab09a434671d2b919ee76fc541025c5876a70?s=96&d=mm&r=g","url":"https:\/\/secure.gravatar.com\/avatar\/6cf0505f452ee753f485014986fab09a434671d2b919ee76fc541025c5876a70?s=96&d=mm&r=g","contentUrl":"https:\/\/secure.gravatar.com\/avatar\/6cf0505f452ee753f485014986fab09a434671d2b919ee76fc541025c5876a70?s=96&d=mm&r=g","caption":"Memurun Sesi Haber Merkezi"},"sameAs":["https:\/\/memurunsesi.net"],"url":"https:\/\/memurunsesi.net\/index.php\/author\/uniper\/"}]}},"_links":{"self":[{"href":"https:\/\/memurunsesi.net\/index.php\/wp-json\/wp\/v2\/posts\/6117","targetHints":{"allow":["GET"]}}],"collection":[{"href":"https:\/\/memurunsesi.net\/index.php\/wp-json\/wp\/v2\/posts"}],"about":[{"href":"https:\/\/memurunsesi.net\/index.php\/wp-json\/wp\/v2\/types\/post"}],"author":[{"embeddable":true,"href":"https:\/\/memurunsesi.net\/index.php\/wp-json\/wp\/v2\/users\/1"}],"replies":[{"embeddable":true,"href":"https:\/\/memurunsesi.net\/index.php\/wp-json\/wp\/v2\/comments?post=6117"}],"version-history":[{"count":1,"href":"https:\/\/memurunsesi.net\/index.php\/wp-json\/wp\/v2\/posts\/6117\/revisions"}],"predecessor-version":[{"id":6119,"href":"https:\/\/memurunsesi.net\/index.php\/wp-json\/wp\/v2\/posts\/6117\/revisions\/6119"}],"wp:featuredmedia":[{"embeddable":true,"href":"https:\/\/memurunsesi.net\/index.php\/wp-json\/wp\/v2\/media\/6118"}],"wp:attachment":[{"href":"https:\/\/memurunsesi.net\/index.php\/wp-json\/wp\/v2\/media?parent=6117"}],"wp:term":[{"taxonomy":"category","embeddable":true,"href":"https:\/\/memurunsesi.net\/index.php\/wp-json\/wp\/v2\/categories?post=6117"},{"taxonomy":"post_tag","embeddable":true,"href":"https:\/\/memurunsesi.net\/index.php\/wp-json\/wp\/v2\/tags?post=6117"}],"curies":[{"name":"wp","href":"https:\/\/api.w.org\/{rel}","templated":true}]}}