{"id":6120,"date":"2025-04-28T21:36:34","date_gmt":"2025-04-28T18:36:34","guid":{"rendered":"https:\/\/memurunsesi.net\/?p=6120"},"modified":"2025-04-28T21:36:34","modified_gmt":"2025-04-28T18:36:34","slug":"emekli-astsubay-once-karisini-sonra-kendini-vurdu","status":"publish","type":"post","link":"https:\/\/memurunsesi.net\/index.php\/2025\/04\/28\/emekli-astsubay-once-karisini-sonra-kendini-vurdu\/","title":{"rendered":"Emekli astsubay \u00f6nce kar\u0131s\u0131n\u0131, sonra kendini vurdu"},"content":{"rendered":"<p>  &#8211; Kar\u0131 kocan\u0131n hayat\u0131n\u0131 kaybetti\u011fi olayda polis ve sa\u011fl\u0131k\u00e7\u0131lar balkondan t\u0131rmanarak eve girdi   <\/p>\n<p> Aksaray\u2019da e\u015fiyle tart\u0131\u015fan emekli astsubay, 14 ya\u015f\u0131ndaki \u00e7ocu\u011funu odaya kilitleyip beylik tabancas\u0131yla \u00f6nce e\u015fini, sonra kendini vurdu. Kad\u0131n olay yerinde, e\u015fi ise kald\u0131r\u0131ld\u0131\u011f\u0131 hastanede hayat\u0131n\u0131 kaybetti.<br \/>\n  Olay, \u015eeyhamit Mahallesi&#8217;nde Otuklar Kona\u011f\u0131&#8217;n\u0131n 1. kat\u0131nda ya\u015fand\u0131. Edinilen bilgiye g\u00f6re, hen\u00fcz bilinmeyen bir nedenle e\u015fi Naciye Bulan\u0131k (45) ile tart\u0131\u015fan emekli Astsubay Cesur Bulan\u0131k (47), tart\u0131\u015fman\u0131n kavgaya d\u00f6n\u00fc\u015fmesi sonucu evde bulunan \u00e7ocu\u011fu T.B.\u2019\u0131 (14) odaya kilitleyerek, salonda beylik tabancas\u0131yla kar\u0131s\u0131n\u0131 g\u00f6\u011fs\u00fcnden vurdu. Kad\u0131n kanlar i\u00e7inde yere d\u00fc\u015ferken, emekli astsubay daha sonra tabancay\u0131 kafas\u0131na dayayarak ate\u015fledi. Silah seslerini duyan 14 ya\u015f\u0131ndaki \u00e7ocuk salonun kap\u0131s\u0131n\u0131 k\u0131r\u0131p i\u00e7eriye girince korkun\u00e7 manzarayla kar\u015f\u0131la\u015ft\u0131. Anne ve babas\u0131n\u0131 kanlar i\u00e7inde yerde bulan \u00e7ocuk, telefonla 112 Acil \u00c7a\u011fr\u0131 Merkezini arayarak yard\u0131m istedi. \u0130hbar \u00fczerine olay yerine polis ve sa\u011fl\u0131k ekipleri sevk edildi. Polis ve sa\u011fl\u0131k ekipleri konak kap\u0131s\u0131n\u0131n a\u00e7\u0131lmamas\u0131 nedeniyle balkondan t\u0131rmanarak eve girdi. \u0130lk m\u00fcdahale olay yerinde yap\u0131l\u0131rken, daha sonra polis ekiplerince odan\u0131n kap\u0131s\u0131 k\u0131r\u0131larak d\u0131\u015f kap\u0131 a\u00e7\u0131ld\u0131. Naciye Bulan\u0131k olay yerinde hayat\u0131n\u0131 kaybederken, emekli astsubay a\u011f\u0131r yaral\u0131 olarak Aksaray E\u011fitim ve Ara\u015ft\u0131rma Hastanesine kald\u0131r\u0131ld\u0131. Cesur Bulan\u0131k da hastanede yap\u0131lan t\u00fcm m\u00fcdahalelere ra\u011fmen kurtar\u0131lamayarak hayat\u0131n\u0131 kaybetti. Evde bulunan 14 ya\u015f\u0131ndaki \u00e7ocuk polis ekiplerince koruma alt\u0131na al\u0131nd\u0131. Telefonla yak\u0131nlar\u0131n\u0131 arayan 14 ya\u015f\u0131ndaki T.B., &#8220;Babam nefes al\u0131yor&#8221; diyerek olay\u0131 haber verdi.<br \/>\n  Olay yerine gelen Aksaray Cumhuriyet Savc\u0131s\u0131 ve \u0130l Emniyet M\u00fcd\u00fcr\u00fc olay yerinde incelemeler yaparken, Olay Yeri \u0130nceleme ekiplerinin de yapt\u0131\u011f\u0131 detayl\u0131 incelemenin ard\u0131ndan kad\u0131n\u0131n cans\u0131z bedeni cenaze arac\u0131yla otopsi yap\u0131lmak \u00fczere Aksaray E\u011fitim ve Ara\u015ft\u0131rma Hastanesi morguna kald\u0131r\u0131ld\u0131. Aksaray Cumhuriyet Ba\u015fsavc\u0131l\u0131\u011f\u0131 olayla ilgili tahkikat ba\u015flatt\u0131.<br \/>\n  (FK-YC-CC-Y) <\/p>\n<p>28.04.2025 20:06:12  TSI<br \/>\nNNNN                                         <\/p>\n","protected":false},"excerpt":{"rendered":"<p>&#8211; Kar\u0131 kocan\u0131n hayat\u0131n\u0131 kaybetti\u011fi olayda polis ve sa\u011fl\u0131k\u00e7\u0131lar balkondan t\u0131rmanarak eve girdi Aksaray\u2019da e\u015fiyle tart\u0131\u015fan emekli astsubay, 14 ya\u015f\u0131ndaki \u00e7ocu\u011funu odaya kilitleyip beylik tabancas\u0131yla \u00f6nce e\u015fini, sonra kendini vurdu. Kad\u0131n olay yerinde, e\u015fi ise kald\u0131r\u0131ld\u0131\u011f\u0131 hastanede hayat\u0131n\u0131 kaybetti. Olay, \u015eeyhamit Mahallesi&#8217;nde Otuklar Kona\u011f\u0131&#8217;n\u0131n 1. kat\u0131nda ya\u015fand\u0131. Edinilen bilgiye g\u00f6re, hen\u00fcz bilinmeyen bir nedenle e\u015fi [&hellip;]<\/p>\n","protected":false},"author":1,"featured_media":6121,"comment_status":"open","ping_status":"open","sticky":false,"template":"","format":"standard","meta":{"footnotes":""},"categories":[1],"tags":[],"class_list":["post-6120","post","type-post","status-publish","format-standard","has-post-thumbnail","hentry","category-genel"],"yoast_head":"<!-- This site is optimized with the Yoast SEO plugin v27.4 - https:\/\/yoast.com\/product\/yoast-seo-wordpress\/ -->\n<title>Emekli astsubay \u00f6nce kar\u0131s\u0131n\u0131, sonra kendini vurdu - Memurun Sesi<\/title>\n<meta name=\"robots\" content=\"index, follow, max-snippet:-1, max-image-preview:large, max-video-preview:-1\" \/>\n<link rel=\"canonical\" href=\"https:\/\/memurunsesi.net\/index.php\/2025\/04\/28\/emekli-astsubay-once-karisini-sonra-kendini-vurdu\/\" \/>\n<meta property=\"og:locale\" content=\"tr_TR\" \/>\n<meta property=\"og:type\" content=\"article\" \/>\n<meta property=\"og:title\" content=\"Emekli astsubay \u00f6nce kar\u0131s\u0131n\u0131, sonra kendini vurdu - Memurun Sesi\" \/>\n<meta property=\"og:description\" content=\"&#8211; Kar\u0131 kocan\u0131n hayat\u0131n\u0131 kaybetti\u011fi olayda polis ve sa\u011fl\u0131k\u00e7\u0131lar balkondan t\u0131rmanarak eve girdi Aksaray\u2019da e\u015fiyle tart\u0131\u015fan emekli astsubay, 14 ya\u015f\u0131ndaki \u00e7ocu\u011funu odaya kilitleyip beylik tabancas\u0131yla \u00f6nce e\u015fini, sonra kendini vurdu. Kad\u0131n olay yerinde, e\u015fi ise kald\u0131r\u0131ld\u0131\u011f\u0131 hastanede hayat\u0131n\u0131 kaybetti. Olay, \u015eeyhamit Mahallesi&#8217;nde Otuklar Kona\u011f\u0131&#8217;n\u0131n 1. kat\u0131nda ya\u015fand\u0131. Edinilen bilgiye g\u00f6re, hen\u00fcz bilinmeyen bir nedenle e\u015fi [&hellip;]\" \/>\n<meta property=\"og:url\" content=\"https:\/\/memurunsesi.net\/index.php\/2025\/04\/28\/emekli-astsubay-once-karisini-sonra-kendini-vurdu\/\" \/>\n<meta property=\"og:site_name\" content=\"Memurun Sesi\" \/>\n<meta property=\"article:publisher\" content=\"https:\/\/www.facebook.com\/unipersen\/?locale=tr_TR\" \/>\n<meta property=\"article:published_time\" content=\"2025-04-28T18:36:34+00:00\" \/>\n<meta property=\"og:image\" content=\"https:\/\/memurunsesi.net\/wp-content\/uploads\/2025\/04\/AW443016_01-scaled.jpg\" \/>\n\t<meta property=\"og:image:width\" content=\"2560\" \/>\n\t<meta property=\"og:image:height\" content=\"1444\" \/>\n\t<meta property=\"og:image:type\" content=\"image\/jpeg\" \/>\n<meta name=\"author\" content=\"Memurun Sesi Haber Merkezi\" \/>\n<meta name=\"twitter:card\" content=\"summary_large_image\" \/>\n<meta name=\"twitter:creator\" content=\"@unipersen\" \/>\n<meta name=\"twitter:site\" content=\"@unipersen\" \/>\n<meta name=\"twitter:label1\" content=\"Yazan:\" \/>\n\t<meta name=\"twitter:data1\" content=\"Memurun Sesi Haber Merkezi\" \/>\n\t<meta name=\"twitter:label2\" content=\"Tahmini okuma s\u00fcresi\" \/>\n\t<meta name=\"twitter:data2\" content=\"1 dakika\" \/>\n<script type=\"application\/ld+json\" class=\"yoast-schema-graph\">{\"@context\":\"https:\\\/\\\/schema.org\",\"@graph\":[{\"@type\":\"Article\",\"@id\":\"https:\\\/\\\/memurunsesi.net\\\/index.php\\\/2025\\\/04\\\/28\\\/emekli-astsubay-once-karisini-sonra-kendini-vurdu\\\/#article\",\"isPartOf\":{\"@id\":\"https:\\\/\\\/memurunsesi.net\\\/index.php\\\/2025\\\/04\\\/28\\\/emekli-astsubay-once-karisini-sonra-kendini-vurdu\\\/\"},\"author\":{\"name\":\"Memurun Sesi Haber Merkezi\",\"@id\":\"https:\\\/\\\/memurunsesi.net\\\/#\\\/schema\\\/person\\\/f21c2d73b89f6ee1d80b0a1803e38587\"},\"headline\":\"Emekli astsubay \u00f6nce kar\u0131s\u0131n\u0131, sonra kendini vurdu\",\"datePublished\":\"2025-04-28T18:36:34+00:00\",\"mainEntityOfPage\":{\"@id\":\"https:\\\/\\\/memurunsesi.net\\\/index.php\\\/2025\\\/04\\\/28\\\/emekli-astsubay-once-karisini-sonra-kendini-vurdu\\\/\"},\"wordCount\":376,\"commentCount\":0,\"publisher\":{\"@id\":\"https:\\\/\\\/memurunsesi.net\\\/#organization\"},\"image\":{\"@id\":\"https:\\\/\\\/memurunsesi.net\\\/index.php\\\/2025\\\/04\\\/28\\\/emekli-astsubay-once-karisini-sonra-kendini-vurdu\\\/#primaryimage\"},\"thumbnailUrl\":\"https:\\\/\\\/memurunsesi.net\\\/wp-content\\\/uploads\\\/2025\\\/04\\\/AW443016_01-scaled.jpg\",\"inLanguage\":\"tr\",\"potentialAction\":[{\"@type\":\"CommentAction\",\"name\":\"Comment\",\"target\":[\"https:\\\/\\\/memurunsesi.net\\\/index.php\\\/2025\\\/04\\\/28\\\/emekli-astsubay-once-karisini-sonra-kendini-vurdu\\\/#respond\"]}]},{\"@type\":\"WebPage\",\"@id\":\"https:\\\/\\\/memurunsesi.net\\\/index.php\\\/2025\\\/04\\\/28\\\/emekli-astsubay-once-karisini-sonra-kendini-vurdu\\\/\",\"url\":\"https:\\\/\\\/memurunsesi.net\\\/index.php\\\/2025\\\/04\\\/28\\\/emekli-astsubay-once-karisini-sonra-kendini-vurdu\\\/\",\"name\":\"Emekli astsubay \u00f6nce kar\u0131s\u0131n\u0131, sonra kendini vurdu - Memurun Sesi\",\"isPartOf\":{\"@id\":\"https:\\\/\\\/memurunsesi.net\\\/#website\"},\"primaryImageOfPage\":{\"@id\":\"https:\\\/\\\/memurunsesi.net\\\/index.php\\\/2025\\\/04\\\/28\\\/emekli-astsubay-once-karisini-sonra-kendini-vurdu\\\/#primaryimage\"},\"image\":{\"@id\":\"https:\\\/\\\/memurunsesi.net\\\/index.php\\\/2025\\\/04\\\/28\\\/emekli-astsubay-once-karisini-sonra-kendini-vurdu\\\/#primaryimage\"},\"thumbnailUrl\":\"https:\\\/\\\/memurunsesi.net\\\/wp-content\\\/uploads\\\/2025\\\/04\\\/AW443016_01-scaled.jpg\",\"datePublished\":\"2025-04-28T18:36:34+00:00\",\"breadcrumb\":{\"@id\":\"https:\\\/\\\/memurunsesi.net\\\/index.php\\\/2025\\\/04\\\/28\\\/emekli-astsubay-once-karisini-sonra-kendini-vurdu\\\/#breadcrumb\"},\"inLanguage\":\"tr\",\"potentialAction\":[{\"@type\":\"ReadAction\",\"target\":[\"https:\\\/\\\/memurunsesi.net\\\/index.php\\\/2025\\\/04\\\/28\\\/emekli-astsubay-once-karisini-sonra-kendini-vurdu\\\/\"]}]},{\"@type\":\"ImageObject\",\"inLanguage\":\"tr\",\"@id\":\"https:\\\/\\\/memurunsesi.net\\\/index.php\\\/2025\\\/04\\\/28\\\/emekli-astsubay-once-karisini-sonra-kendini-vurdu\\\/#primaryimage\",\"url\":\"https:\\\/\\\/memurunsesi.net\\\/wp-content\\\/uploads\\\/2025\\\/04\\\/AW443016_01-scaled.jpg\",\"contentUrl\":\"https:\\\/\\\/memurunsesi.net\\\/wp-content\\\/uploads\\\/2025\\\/04\\\/AW443016_01-scaled.jpg\",\"width\":2560,\"height\":1444,\"caption\":\"AKSARAY'DA E\u015e\u0130YLE B\u0130L\u0130NMEYEN B\u0130R NEDENDEN TARTI\u015eAN EMEKL\u0130 ASTSUBAY 14 YA\u015eINDAK\u0130 \u00c7OCU\u011eUNU ODAYA K\u0130L\u0130TLEY\u0130P SALONDA BEYL\u0130K TABANCASI \u0130LE \u00d6NCE E\u015e\u0130N\u0130 SONRA KEND\u0130N\u0130 VURDU. KADIN OLAY YER\u0130NDE, EMEKL\u0130 ASTSUBAY \u0130SE KALDIRILDI\u011eI HASTANEDE HAYATINI KAYBETT\u0130. (FURKAN KARATAY - YAS\u0130N CAN\\\/AKSARAY-\u0130HA) Aksaray'da e\u015fiyle tart\u0131\u015fan emekli astsubay, 14 ya\u015f\u0131ndaki \u00e7ocu\u011funu odaya kilitleyip beylik tabancas\u0131yla \u00f6nce e\u015fini, sonra kendini vurdu. Kad\u0131n olay yerinde, e\u015fi ise kald\u0131r\u0131ld\u0131\u011f\u0131 hastanede hayat\u0131n\u0131 kaybetti.\"},{\"@type\":\"BreadcrumbList\",\"@id\":\"https:\\\/\\\/memurunsesi.net\\\/index.php\\\/2025\\\/04\\\/28\\\/emekli-astsubay-once-karisini-sonra-kendini-vurdu\\\/#breadcrumb\",\"itemListElement\":[{\"@type\":\"ListItem\",\"position\":1,\"name\":\"Anasayfa\",\"item\":\"https:\\\/\\\/memurunsesi.net\\\/\"},{\"@type\":\"ListItem\",\"position\":2,\"name\":\"Emekli astsubay \u00f6nce kar\u0131s\u0131n\u0131, sonra kendini vurdu\"}]},{\"@type\":\"WebSite\",\"@id\":\"https:\\\/\\\/memurunsesi.net\\\/#website\",\"url\":\"https:\\\/\\\/memurunsesi.net\\\/\",\"name\":\"Memurun Sesi\",\"description\":\"G\u00fcncel ve Do\u011fru Haber\",\"publisher\":{\"@id\":\"https:\\\/\\\/memurunsesi.net\\\/#organization\"},\"potentialAction\":[{\"@type\":\"SearchAction\",\"target\":{\"@type\":\"EntryPoint\",\"urlTemplate\":\"https:\\\/\\\/memurunsesi.net\\\/?s={search_term_string}\"},\"query-input\":{\"@type\":\"PropertyValueSpecification\",\"valueRequired\":true,\"valueName\":\"search_term_string\"}}],\"inLanguage\":\"tr\"},{\"@type\":\"Organization\",\"@id\":\"https:\\\/\\\/memurunsesi.net\\\/#organization\",\"name\":\"Memurun Sesi\",\"url\":\"https:\\\/\\\/memurunsesi.net\\\/\",\"logo\":{\"@type\":\"ImageObject\",\"inLanguage\":\"tr\",\"@id\":\"https:\\\/\\\/memurunsesi.net\\\/#\\\/schema\\\/logo\\\/image\\\/\",\"url\":\"https:\\\/\\\/memurunsesi.net\\\/wp-content\\\/uploads\\\/2025\\\/11\\\/cropped-MEMURUN-SESI.png\",\"contentUrl\":\"https:\\\/\\\/memurunsesi.net\\\/wp-content\\\/uploads\\\/2025\\\/11\\\/cropped-MEMURUN-SESI.png\",\"width\":238,\"height\":57,\"caption\":\"Memurun Sesi\"},\"image\":{\"@id\":\"https:\\\/\\\/memurunsesi.net\\\/#\\\/schema\\\/logo\\\/image\\\/\"},\"sameAs\":[\"https:\\\/\\\/www.facebook.com\\\/unipersen\\\/?locale=tr_TR\",\"https:\\\/\\\/x.com\\\/unipersen\"]},{\"@type\":\"Person\",\"@id\":\"https:\\\/\\\/memurunsesi.net\\\/#\\\/schema\\\/person\\\/f21c2d73b89f6ee1d80b0a1803e38587\",\"name\":\"Memurun Sesi Haber Merkezi\",\"image\":{\"@type\":\"ImageObject\",\"inLanguage\":\"tr\",\"@id\":\"https:\\\/\\\/secure.gravatar.com\\\/avatar\\\/6cf0505f452ee753f485014986fab09a434671d2b919ee76fc541025c5876a70?s=96&d=mm&r=g\",\"url\":\"https:\\\/\\\/secure.gravatar.com\\\/avatar\\\/6cf0505f452ee753f485014986fab09a434671d2b919ee76fc541025c5876a70?s=96&d=mm&r=g\",\"contentUrl\":\"https:\\\/\\\/secure.gravatar.com\\\/avatar\\\/6cf0505f452ee753f485014986fab09a434671d2b919ee76fc541025c5876a70?s=96&d=mm&r=g\",\"caption\":\"Memurun Sesi Haber Merkezi\"},\"sameAs\":[\"https:\\\/\\\/memurunsesi.net\"],\"url\":\"https:\\\/\\\/memurunsesi.net\\\/index.php\\\/author\\\/uniper\\\/\"}]}<\/script>\n<!-- \/ Yoast SEO plugin. -->","yoast_head_json":{"title":"Emekli astsubay \u00f6nce kar\u0131s\u0131n\u0131, sonra kendini vurdu - Memurun Sesi","robots":{"index":"index","follow":"follow","max-snippet":"max-snippet:-1","max-image-preview":"max-image-preview:large","max-video-preview":"max-video-preview:-1"},"canonical":"https:\/\/memurunsesi.net\/index.php\/2025\/04\/28\/emekli-astsubay-once-karisini-sonra-kendini-vurdu\/","og_locale":"tr_TR","og_type":"article","og_title":"Emekli astsubay \u00f6nce kar\u0131s\u0131n\u0131, sonra kendini vurdu - Memurun Sesi","og_description":"&#8211; Kar\u0131 kocan\u0131n hayat\u0131n\u0131 kaybetti\u011fi olayda polis ve sa\u011fl\u0131k\u00e7\u0131lar balkondan t\u0131rmanarak eve girdi Aksaray\u2019da e\u015fiyle tart\u0131\u015fan emekli astsubay, 14 ya\u015f\u0131ndaki \u00e7ocu\u011funu odaya kilitleyip beylik tabancas\u0131yla \u00f6nce e\u015fini, sonra kendini vurdu. Kad\u0131n olay yerinde, e\u015fi ise kald\u0131r\u0131ld\u0131\u011f\u0131 hastanede hayat\u0131n\u0131 kaybetti. Olay, \u015eeyhamit Mahallesi&#8217;nde Otuklar Kona\u011f\u0131&#8217;n\u0131n 1. kat\u0131nda ya\u015fand\u0131. Edinilen bilgiye g\u00f6re, hen\u00fcz bilinmeyen bir nedenle e\u015fi [&hellip;]","og_url":"https:\/\/memurunsesi.net\/index.php\/2025\/04\/28\/emekli-astsubay-once-karisini-sonra-kendini-vurdu\/","og_site_name":"Memurun Sesi","article_publisher":"https:\/\/www.facebook.com\/unipersen\/?locale=tr_TR","article_published_time":"2025-04-28T18:36:34+00:00","og_image":[{"width":2560,"height":1444,"url":"https:\/\/memurunsesi.net\/wp-content\/uploads\/2025\/04\/AW443016_01-scaled.jpg","type":"image\/jpeg"}],"author":"Memurun Sesi Haber Merkezi","twitter_card":"summary_large_image","twitter_creator":"@unipersen","twitter_site":"@unipersen","twitter_misc":{"Yazan:":"Memurun Sesi Haber Merkezi","Tahmini okuma s\u00fcresi":"1 dakika"},"schema":{"@context":"https:\/\/schema.org","@graph":[{"@type":"Article","@id":"https:\/\/memurunsesi.net\/index.php\/2025\/04\/28\/emekli-astsubay-once-karisini-sonra-kendini-vurdu\/#article","isPartOf":{"@id":"https:\/\/memurunsesi.net\/index.php\/2025\/04\/28\/emekli-astsubay-once-karisini-sonra-kendini-vurdu\/"},"author":{"name":"Memurun Sesi Haber Merkezi","@id":"https:\/\/memurunsesi.net\/#\/schema\/person\/f21c2d73b89f6ee1d80b0a1803e38587"},"headline":"Emekli astsubay \u00f6nce kar\u0131s\u0131n\u0131, sonra kendini vurdu","datePublished":"2025-04-28T18:36:34+00:00","mainEntityOfPage":{"@id":"https:\/\/memurunsesi.net\/index.php\/2025\/04\/28\/emekli-astsubay-once-karisini-sonra-kendini-vurdu\/"},"wordCount":376,"commentCount":0,"publisher":{"@id":"https:\/\/memurunsesi.net\/#organization"},"image":{"@id":"https:\/\/memurunsesi.net\/index.php\/2025\/04\/28\/emekli-astsubay-once-karisini-sonra-kendini-vurdu\/#primaryimage"},"thumbnailUrl":"https:\/\/memurunsesi.net\/wp-content\/uploads\/2025\/04\/AW443016_01-scaled.jpg","inLanguage":"tr","potentialAction":[{"@type":"CommentAction","name":"Comment","target":["https:\/\/memurunsesi.net\/index.php\/2025\/04\/28\/emekli-astsubay-once-karisini-sonra-kendini-vurdu\/#respond"]}]},{"@type":"WebPage","@id":"https:\/\/memurunsesi.net\/index.php\/2025\/04\/28\/emekli-astsubay-once-karisini-sonra-kendini-vurdu\/","url":"https:\/\/memurunsesi.net\/index.php\/2025\/04\/28\/emekli-astsubay-once-karisini-sonra-kendini-vurdu\/","name":"Emekli astsubay \u00f6nce kar\u0131s\u0131n\u0131, sonra kendini vurdu - Memurun Sesi","isPartOf":{"@id":"https:\/\/memurunsesi.net\/#website"},"primaryImageOfPage":{"@id":"https:\/\/memurunsesi.net\/index.php\/2025\/04\/28\/emekli-astsubay-once-karisini-sonra-kendini-vurdu\/#primaryimage"},"image":{"@id":"https:\/\/memurunsesi.net\/index.php\/2025\/04\/28\/emekli-astsubay-once-karisini-sonra-kendini-vurdu\/#primaryimage"},"thumbnailUrl":"https:\/\/memurunsesi.net\/wp-content\/uploads\/2025\/04\/AW443016_01-scaled.jpg","datePublished":"2025-04-28T18:36:34+00:00","breadcrumb":{"@id":"https:\/\/memurunsesi.net\/index.php\/2025\/04\/28\/emekli-astsubay-once-karisini-sonra-kendini-vurdu\/#breadcrumb"},"inLanguage":"tr","potentialAction":[{"@type":"ReadAction","target":["https:\/\/memurunsesi.net\/index.php\/2025\/04\/28\/emekli-astsubay-once-karisini-sonra-kendini-vurdu\/"]}]},{"@type":"ImageObject","inLanguage":"tr","@id":"https:\/\/memurunsesi.net\/index.php\/2025\/04\/28\/emekli-astsubay-once-karisini-sonra-kendini-vurdu\/#primaryimage","url":"https:\/\/memurunsesi.net\/wp-content\/uploads\/2025\/04\/AW443016_01-scaled.jpg","contentUrl":"https:\/\/memurunsesi.net\/wp-content\/uploads\/2025\/04\/AW443016_01-scaled.jpg","width":2560,"height":1444,"caption":"AKSARAY'DA E\u015e\u0130YLE B\u0130L\u0130NMEYEN B\u0130R NEDENDEN TARTI\u015eAN EMEKL\u0130 ASTSUBAY 14 YA\u015eINDAK\u0130 \u00c7OCU\u011eUNU ODAYA K\u0130L\u0130TLEY\u0130P SALONDA BEYL\u0130K TABANCASI \u0130LE \u00d6NCE E\u015e\u0130N\u0130 SONRA KEND\u0130N\u0130 VURDU. KADIN OLAY YER\u0130NDE, EMEKL\u0130 ASTSUBAY \u0130SE KALDIRILDI\u011eI HASTANEDE HAYATINI KAYBETT\u0130. (FURKAN KARATAY - YAS\u0130N CAN\/AKSARAY-\u0130HA) Aksaray'da e\u015fiyle tart\u0131\u015fan emekli astsubay, 14 ya\u015f\u0131ndaki \u00e7ocu\u011funu odaya kilitleyip beylik tabancas\u0131yla \u00f6nce e\u015fini, sonra kendini vurdu. Kad\u0131n olay yerinde, e\u015fi ise kald\u0131r\u0131ld\u0131\u011f\u0131 hastanede hayat\u0131n\u0131 kaybetti."},{"@type":"BreadcrumbList","@id":"https:\/\/memurunsesi.net\/index.php\/2025\/04\/28\/emekli-astsubay-once-karisini-sonra-kendini-vurdu\/#breadcrumb","itemListElement":[{"@type":"ListItem","position":1,"name":"Anasayfa","item":"https:\/\/memurunsesi.net\/"},{"@type":"ListItem","position":2,"name":"Emekli astsubay \u00f6nce kar\u0131s\u0131n\u0131, sonra kendini vurdu"}]},{"@type":"WebSite","@id":"https:\/\/memurunsesi.net\/#website","url":"https:\/\/memurunsesi.net\/","name":"Memurun Sesi","description":"G\u00fcncel ve Do\u011fru Haber","publisher":{"@id":"https:\/\/memurunsesi.net\/#organization"},"potentialAction":[{"@type":"SearchAction","target":{"@type":"EntryPoint","urlTemplate":"https:\/\/memurunsesi.net\/?s={search_term_string}"},"query-input":{"@type":"PropertyValueSpecification","valueRequired":true,"valueName":"search_term_string"}}],"inLanguage":"tr"},{"@type":"Organization","@id":"https:\/\/memurunsesi.net\/#organization","name":"Memurun Sesi","url":"https:\/\/memurunsesi.net\/","logo":{"@type":"ImageObject","inLanguage":"tr","@id":"https:\/\/memurunsesi.net\/#\/schema\/logo\/image\/","url":"https:\/\/memurunsesi.net\/wp-content\/uploads\/2025\/11\/cropped-MEMURUN-SESI.png","contentUrl":"https:\/\/memurunsesi.net\/wp-content\/uploads\/2025\/11\/cropped-MEMURUN-SESI.png","width":238,"height":57,"caption":"Memurun Sesi"},"image":{"@id":"https:\/\/memurunsesi.net\/#\/schema\/logo\/image\/"},"sameAs":["https:\/\/www.facebook.com\/unipersen\/?locale=tr_TR","https:\/\/x.com\/unipersen"]},{"@type":"Person","@id":"https:\/\/memurunsesi.net\/#\/schema\/person\/f21c2d73b89f6ee1d80b0a1803e38587","name":"Memurun Sesi Haber Merkezi","image":{"@type":"ImageObject","inLanguage":"tr","@id":"https:\/\/secure.gravatar.com\/avatar\/6cf0505f452ee753f485014986fab09a434671d2b919ee76fc541025c5876a70?s=96&d=mm&r=g","url":"https:\/\/secure.gravatar.com\/avatar\/6cf0505f452ee753f485014986fab09a434671d2b919ee76fc541025c5876a70?s=96&d=mm&r=g","contentUrl":"https:\/\/secure.gravatar.com\/avatar\/6cf0505f452ee753f485014986fab09a434671d2b919ee76fc541025c5876a70?s=96&d=mm&r=g","caption":"Memurun Sesi Haber Merkezi"},"sameAs":["https:\/\/memurunsesi.net"],"url":"https:\/\/memurunsesi.net\/index.php\/author\/uniper\/"}]}},"_links":{"self":[{"href":"https:\/\/memurunsesi.net\/index.php\/wp-json\/wp\/v2\/posts\/6120","targetHints":{"allow":["GET"]}}],"collection":[{"href":"https:\/\/memurunsesi.net\/index.php\/wp-json\/wp\/v2\/posts"}],"about":[{"href":"https:\/\/memurunsesi.net\/index.php\/wp-json\/wp\/v2\/types\/post"}],"author":[{"embeddable":true,"href":"https:\/\/memurunsesi.net\/index.php\/wp-json\/wp\/v2\/users\/1"}],"replies":[{"embeddable":true,"href":"https:\/\/memurunsesi.net\/index.php\/wp-json\/wp\/v2\/comments?post=6120"}],"version-history":[{"count":1,"href":"https:\/\/memurunsesi.net\/index.php\/wp-json\/wp\/v2\/posts\/6120\/revisions"}],"predecessor-version":[{"id":6122,"href":"https:\/\/memurunsesi.net\/index.php\/wp-json\/wp\/v2\/posts\/6120\/revisions\/6122"}],"wp:featuredmedia":[{"embeddable":true,"href":"https:\/\/memurunsesi.net\/index.php\/wp-json\/wp\/v2\/media\/6121"}],"wp:attachment":[{"href":"https:\/\/memurunsesi.net\/index.php\/wp-json\/wp\/v2\/media?parent=6120"}],"wp:term":[{"taxonomy":"category","embeddable":true,"href":"https:\/\/memurunsesi.net\/index.php\/wp-json\/wp\/v2\/categories?post=6120"},{"taxonomy":"post_tag","embeddable":true,"href":"https:\/\/memurunsesi.net\/index.php\/wp-json\/wp\/v2\/tags?post=6120"}],"curies":[{"name":"wp","href":"https:\/\/api.w.org\/{rel}","templated":true}]}}