{"id":6127,"date":"2025-04-28T21:42:33","date_gmt":"2025-04-28T18:42:33","guid":{"rendered":"https:\/\/memurunsesi.net\/?p=6127"},"modified":"2025-04-28T21:45:42","modified_gmt":"2025-04-28T18:45:42","slug":"samsunda-ayni-bolgede-ikinci-heyelan","status":"publish","type":"post","link":"https:\/\/memurunsesi.net\/index.php\/2025\/04\/28\/samsunda-ayni-bolgede-ikinci-heyelan\/","title":{"rendered":"Samsun&#8217;da ayn\u0131 b\u00f6lgede ikinci heyelan"},"content":{"rendered":"<p>  &#8211; Tedbir amac\u0131yla kapat\u0131lan yoldan ge\u00e7meye \u00e7al\u0131\u015fan vatanda\u015flar polislere zorluk \u00e7\u0131kard\u0131  <\/p>\n<p> Samsun&#8217;da d\u00fcn bir ailenin \u00f6l\u00fcm\u00fcne yol a\u00e7an heyelan facias\u0131n\u0131n ard\u0131ndan bug\u00fcn ayn\u0131 b\u00f6lgede ikinci bir heyelan meydana geldi. Tedbir amac\u0131yla kapat\u0131lan yoldan ge\u00e7meye \u00e7al\u0131\u015fan vatanda\u015flar polislere zorluk \u00e7\u0131kard\u0131.<br \/>\n  Canik il\u00e7esi Toptepe Mahallesi Samsun-Ordu karayolu \u00fczerindeki Opet akaryak\u0131t istasyonunda meydana gelen heyelanda, baba Adem Kaya (35) ile \u00e7ocuklar\u0131 A\u00e7elya Mina Kaya (7) ve Ayla Kaya (5) hayat\u0131n\u0131 kaybetmi\u015f, anne \u00c7i\u011fdem Kaya (31) ise yaral\u0131 olarak kurtar\u0131lm\u0131\u015ft\u0131. Bug\u00fcn de ayn\u0131 AVM&#8217;nin yan\u0131ndaki 5 katl\u0131 bir binan\u0131n yan\u0131nda k\u00fc\u00e7\u00fck \u00e7apl\u0131 bir toprak kaymas\u0131 meydana geldi. Muhtemel risk nedeniyle bina tahliye edilirken, Toptepe Mahallesi Hac\u0131 Mansur Sokak ise yaya ve ara\u00e7 ge\u00e7i\u015fine kapat\u0131ld\u0131. Bina \u00e7evresinde \u00f6nlem alan polis ekipleri, b\u00f6lgeyi g\u00fcvenlik \u00e7emberine ald\u0131. Ancak kapat\u0131lan yolu kullanmak isteyen baz\u0131 vatanda\u015flar polislere zorluk \u00e7\u0131kard\u0131. Polis ekipleri, &#8220;Bu \u015feridi sizin can sa\u011fl\u0131\u011f\u0131n\u0131z i\u00e7in \u00e7ektik. Biz sizin hayat\u0131n\u0131z\u0131 korumakla sorumluyuz. L\u00fctfen kurallara uyal\u0131m. Can\u0131n\u0131z\u0131 tehlikeye atmay\u0131n&#8221; diyerek uyar\u0131larda bulundu. Uyar\u0131lara ra\u011fmen bir vatanda\u015f, &#8220;Beni b\u0131rak\u0131n, ben bu yolda \u00f6lece\u011fim&#8221; diyerek kapal\u0131 yoldan ge\u00e7meye \u00e7al\u0131\u015ft\u0131. Polis ile vatanda\u015f aras\u0131nda ya\u015fanan arbede sonras\u0131 vatanda\u015f, s\u00f6ylenerek evine gitti. Polis, kapal\u0131 yoldan ge\u00e7meye \u00e7al\u0131\u015fan di\u011fer vatanda\u015flar\u0131 da b\u00f6lgeden uzakla\u015ft\u0131rmak i\u00e7in yo\u011fun \u00e7aba sarf etti.<br \/>\n  Olay yerinde incelemelerde bulunan Canik Belediye Ba\u015fkan\u0131 \u0130brahim Sand\u0131k\u00e7\u0131, &#8220;Birbirinden ba\u011f\u0131ms\u0131z olaylar. Ufak bir kayma s\u00f6z konusu. Tedbir ama\u00e7l\u0131 \u015fu anda binan\u0131n bo\u015falt\u0131lmas\u0131 ger\u00e7ekle\u015ftiriliyor. Birazdan bilirki\u015filer gelecek, gerekli incelemeyi yapacaklar. \u015eu an i\u00e7in bir olumsuzluk yok&#8221; dedi.<br \/>\n  Heyelan\u0131n ya\u015fand\u0131\u011f\u0131 binayla ilgili AFAD ve itfaiye ekipleri \u00e7al\u0131\u015fma yaparken, teknik inceleme i\u00e7in uzman ekiplerin raporlar\u0131n\u0131n beklenildi\u011fi belirtildi.  <\/p>\n<p>28.04.2025                              <\/p>\n","protected":false},"excerpt":{"rendered":"<p>&#8211; Tedbir amac\u0131yla kapat\u0131lan yoldan ge\u00e7meye \u00e7al\u0131\u015fan vatanda\u015flar polislere zorluk \u00e7\u0131kard\u0131 Samsun&#8217;da d\u00fcn bir ailenin \u00f6l\u00fcm\u00fcne yol a\u00e7an heyelan facias\u0131n\u0131n ard\u0131ndan bug\u00fcn ayn\u0131 b\u00f6lgede ikinci bir heyelan meydana geldi. Tedbir amac\u0131yla kapat\u0131lan yoldan ge\u00e7meye \u00e7al\u0131\u015fan vatanda\u015flar polislere zorluk \u00e7\u0131kard\u0131. Canik il\u00e7esi Toptepe Mahallesi Samsun-Ordu karayolu \u00fczerindeki Opet akaryak\u0131t istasyonunda meydana gelen heyelanda, baba Adem Kaya [&hellip;]<\/p>\n","protected":false},"author":1,"featured_media":6128,"comment_status":"open","ping_status":"open","sticky":false,"template":"","format":"standard","meta":{"footnotes":""},"categories":[1],"tags":[],"class_list":["post-6127","post","type-post","status-publish","format-standard","has-post-thumbnail","hentry","category-genel"],"yoast_head":"<!-- This site is optimized with the Yoast SEO plugin v27.4 - https:\/\/yoast.com\/product\/yoast-seo-wordpress\/ -->\n<title>Samsun&#039;da ayn\u0131 b\u00f6lgede ikinci heyelan - Memurun Sesi<\/title>\n<meta name=\"robots\" content=\"index, follow, max-snippet:-1, max-image-preview:large, max-video-preview:-1\" \/>\n<link rel=\"canonical\" href=\"https:\/\/memurunsesi.net\/index.php\/2025\/04\/28\/samsunda-ayni-bolgede-ikinci-heyelan\/\" \/>\n<meta property=\"og:locale\" content=\"tr_TR\" \/>\n<meta property=\"og:type\" content=\"article\" \/>\n<meta property=\"og:title\" content=\"Samsun&#039;da ayn\u0131 b\u00f6lgede ikinci heyelan - Memurun Sesi\" \/>\n<meta property=\"og:description\" content=\"&#8211; Tedbir amac\u0131yla kapat\u0131lan yoldan ge\u00e7meye \u00e7al\u0131\u015fan vatanda\u015flar polislere zorluk \u00e7\u0131kard\u0131 Samsun&#8217;da d\u00fcn bir ailenin \u00f6l\u00fcm\u00fcne yol a\u00e7an heyelan facias\u0131n\u0131n ard\u0131ndan bug\u00fcn ayn\u0131 b\u00f6lgede ikinci bir heyelan meydana geldi. Tedbir amac\u0131yla kapat\u0131lan yoldan ge\u00e7meye \u00e7al\u0131\u015fan vatanda\u015flar polislere zorluk \u00e7\u0131kard\u0131. Canik il\u00e7esi Toptepe Mahallesi Samsun-Ordu karayolu \u00fczerindeki Opet akaryak\u0131t istasyonunda meydana gelen heyelanda, baba Adem Kaya [&hellip;]\" \/>\n<meta property=\"og:url\" content=\"https:\/\/memurunsesi.net\/index.php\/2025\/04\/28\/samsunda-ayni-bolgede-ikinci-heyelan\/\" \/>\n<meta property=\"og:site_name\" content=\"Memurun Sesi\" \/>\n<meta property=\"article:publisher\" content=\"https:\/\/www.facebook.com\/unipersen\/?locale=tr_TR\" \/>\n<meta property=\"article:published_time\" content=\"2025-04-28T18:42:33+00:00\" \/>\n<meta property=\"article:modified_time\" content=\"2025-04-28T18:45:42+00:00\" \/>\n<meta property=\"og:image\" content=\"https:\/\/memurunsesi.net\/wp-content\/uploads\/2025\/04\/AW443014_04-scaled.jpg\" \/>\n\t<meta property=\"og:image:width\" content=\"2560\" \/>\n\t<meta property=\"og:image:height\" content=\"1707\" \/>\n\t<meta property=\"og:image:type\" content=\"image\/jpeg\" \/>\n<meta name=\"author\" content=\"Memurun Sesi Haber Merkezi\" \/>\n<meta name=\"twitter:card\" content=\"summary_large_image\" \/>\n<meta name=\"twitter:creator\" content=\"@unipersen\" \/>\n<meta name=\"twitter:site\" content=\"@unipersen\" \/>\n<meta name=\"twitter:label1\" content=\"Yazan:\" \/>\n\t<meta name=\"twitter:data1\" content=\"Memurun Sesi Haber Merkezi\" \/>\n\t<meta name=\"twitter:label2\" content=\"Tahmini okuma s\u00fcresi\" \/>\n\t<meta name=\"twitter:data2\" content=\"2 dakika\" \/>\n<script type=\"application\/ld+json\" class=\"yoast-schema-graph\">{\"@context\":\"https:\\\/\\\/schema.org\",\"@graph\":[{\"@type\":\"Article\",\"@id\":\"https:\\\/\\\/memurunsesi.net\\\/index.php\\\/2025\\\/04\\\/28\\\/samsunda-ayni-bolgede-ikinci-heyelan\\\/#article\",\"isPartOf\":{\"@id\":\"https:\\\/\\\/memurunsesi.net\\\/index.php\\\/2025\\\/04\\\/28\\\/samsunda-ayni-bolgede-ikinci-heyelan\\\/\"},\"author\":{\"name\":\"Memurun Sesi Haber Merkezi\",\"@id\":\"https:\\\/\\\/memurunsesi.net\\\/#\\\/schema\\\/person\\\/f21c2d73b89f6ee1d80b0a1803e38587\"},\"headline\":\"Samsun&#8217;da ayn\u0131 b\u00f6lgede ikinci heyelan\",\"datePublished\":\"2025-04-28T18:42:33+00:00\",\"dateModified\":\"2025-04-28T18:45:42+00:00\",\"mainEntityOfPage\":{\"@id\":\"https:\\\/\\\/memurunsesi.net\\\/index.php\\\/2025\\\/04\\\/28\\\/samsunda-ayni-bolgede-ikinci-heyelan\\\/\"},\"wordCount\":342,\"commentCount\":0,\"publisher\":{\"@id\":\"https:\\\/\\\/memurunsesi.net\\\/#organization\"},\"image\":{\"@id\":\"https:\\\/\\\/memurunsesi.net\\\/index.php\\\/2025\\\/04\\\/28\\\/samsunda-ayni-bolgede-ikinci-heyelan\\\/#primaryimage\"},\"thumbnailUrl\":\"https:\\\/\\\/memurunsesi.net\\\/wp-content\\\/uploads\\\/2025\\\/04\\\/AW443014_04-scaled.jpg\",\"inLanguage\":\"tr\",\"potentialAction\":[{\"@type\":\"CommentAction\",\"name\":\"Comment\",\"target\":[\"https:\\\/\\\/memurunsesi.net\\\/index.php\\\/2025\\\/04\\\/28\\\/samsunda-ayni-bolgede-ikinci-heyelan\\\/#respond\"]}]},{\"@type\":\"WebPage\",\"@id\":\"https:\\\/\\\/memurunsesi.net\\\/index.php\\\/2025\\\/04\\\/28\\\/samsunda-ayni-bolgede-ikinci-heyelan\\\/\",\"url\":\"https:\\\/\\\/memurunsesi.net\\\/index.php\\\/2025\\\/04\\\/28\\\/samsunda-ayni-bolgede-ikinci-heyelan\\\/\",\"name\":\"Samsun'da ayn\u0131 b\u00f6lgede ikinci heyelan - Memurun Sesi\",\"isPartOf\":{\"@id\":\"https:\\\/\\\/memurunsesi.net\\\/#website\"},\"primaryImageOfPage\":{\"@id\":\"https:\\\/\\\/memurunsesi.net\\\/index.php\\\/2025\\\/04\\\/28\\\/samsunda-ayni-bolgede-ikinci-heyelan\\\/#primaryimage\"},\"image\":{\"@id\":\"https:\\\/\\\/memurunsesi.net\\\/index.php\\\/2025\\\/04\\\/28\\\/samsunda-ayni-bolgede-ikinci-heyelan\\\/#primaryimage\"},\"thumbnailUrl\":\"https:\\\/\\\/memurunsesi.net\\\/wp-content\\\/uploads\\\/2025\\\/04\\\/AW443014_04-scaled.jpg\",\"datePublished\":\"2025-04-28T18:42:33+00:00\",\"dateModified\":\"2025-04-28T18:45:42+00:00\",\"breadcrumb\":{\"@id\":\"https:\\\/\\\/memurunsesi.net\\\/index.php\\\/2025\\\/04\\\/28\\\/samsunda-ayni-bolgede-ikinci-heyelan\\\/#breadcrumb\"},\"inLanguage\":\"tr\",\"potentialAction\":[{\"@type\":\"ReadAction\",\"target\":[\"https:\\\/\\\/memurunsesi.net\\\/index.php\\\/2025\\\/04\\\/28\\\/samsunda-ayni-bolgede-ikinci-heyelan\\\/\"]}]},{\"@type\":\"ImageObject\",\"inLanguage\":\"tr\",\"@id\":\"https:\\\/\\\/memurunsesi.net\\\/index.php\\\/2025\\\/04\\\/28\\\/samsunda-ayni-bolgede-ikinci-heyelan\\\/#primaryimage\",\"url\":\"https:\\\/\\\/memurunsesi.net\\\/wp-content\\\/uploads\\\/2025\\\/04\\\/AW443014_04-scaled.jpg\",\"contentUrl\":\"https:\\\/\\\/memurunsesi.net\\\/wp-content\\\/uploads\\\/2025\\\/04\\\/AW443014_04-scaled.jpg\",\"width\":2560,\"height\":1707,\"caption\":\"SAMSUN'DA D\u00dcN B\u0130R A\u0130LEN\u0130N \u00d6L\u00dcM\u00dcNE YOL A\u00c7AN HEYELAN FAC\u0130ASININ ARDINDAN BUG\u00dcN YAKIN B\u00d6LGEDE \u0130K\u0130NC\u0130 B\u0130R HEYELAN OLAYI YA\u015eANDI. POL\u0130S\u0130N \u00d6NLEM ALARAK GE\u00c7\u0130\u015eE KAPATTI\u011eI YOLDAN GE\u00c7MEYE \u00c7ALI\u015eAN VATANDA\u015eLAR \u0130LE G\u00dcVENL\u0130K G\u00dc\u00c7LER\u0130 ARASINDA ARBEDE YA\u015eANDI. (ERD\u0130 DEM\u0130R - \u00dcNSAL KARKA\\\/SAMSUN-\u0130HA) Samsun'da d\u00fcn bir ailenin \u00f6l\u00fcm\u00fcne yol a\u00e7an heyelan facias\u0131n\u0131n ard\u0131ndan bug\u00fcn ayn\u0131 b\u00f6lgede ikinci bir heyelan meydana geldi. Tedbir amac\u0131yla kapat\u0131lan yoldan ge\u00e7meye \u00e7al\u0131\u015fan vatanda\u015flar polislere zorluk \u00e7\u0131kard\u0131.\"},{\"@type\":\"BreadcrumbList\",\"@id\":\"https:\\\/\\\/memurunsesi.net\\\/index.php\\\/2025\\\/04\\\/28\\\/samsunda-ayni-bolgede-ikinci-heyelan\\\/#breadcrumb\",\"itemListElement\":[{\"@type\":\"ListItem\",\"position\":1,\"name\":\"Anasayfa\",\"item\":\"https:\\\/\\\/memurunsesi.net\\\/\"},{\"@type\":\"ListItem\",\"position\":2,\"name\":\"Samsun&#8217;da ayn\u0131 b\u00f6lgede ikinci heyelan\"}]},{\"@type\":\"WebSite\",\"@id\":\"https:\\\/\\\/memurunsesi.net\\\/#website\",\"url\":\"https:\\\/\\\/memurunsesi.net\\\/\",\"name\":\"Memurun Sesi\",\"description\":\"G\u00fcncel ve Do\u011fru Haber\",\"publisher\":{\"@id\":\"https:\\\/\\\/memurunsesi.net\\\/#organization\"},\"potentialAction\":[{\"@type\":\"SearchAction\",\"target\":{\"@type\":\"EntryPoint\",\"urlTemplate\":\"https:\\\/\\\/memurunsesi.net\\\/?s={search_term_string}\"},\"query-input\":{\"@type\":\"PropertyValueSpecification\",\"valueRequired\":true,\"valueName\":\"search_term_string\"}}],\"inLanguage\":\"tr\"},{\"@type\":\"Organization\",\"@id\":\"https:\\\/\\\/memurunsesi.net\\\/#organization\",\"name\":\"Memurun Sesi\",\"url\":\"https:\\\/\\\/memurunsesi.net\\\/\",\"logo\":{\"@type\":\"ImageObject\",\"inLanguage\":\"tr\",\"@id\":\"https:\\\/\\\/memurunsesi.net\\\/#\\\/schema\\\/logo\\\/image\\\/\",\"url\":\"https:\\\/\\\/memurunsesi.net\\\/wp-content\\\/uploads\\\/2025\\\/11\\\/cropped-MEMURUN-SESI.png\",\"contentUrl\":\"https:\\\/\\\/memurunsesi.net\\\/wp-content\\\/uploads\\\/2025\\\/11\\\/cropped-MEMURUN-SESI.png\",\"width\":238,\"height\":57,\"caption\":\"Memurun Sesi\"},\"image\":{\"@id\":\"https:\\\/\\\/memurunsesi.net\\\/#\\\/schema\\\/logo\\\/image\\\/\"},\"sameAs\":[\"https:\\\/\\\/www.facebook.com\\\/unipersen\\\/?locale=tr_TR\",\"https:\\\/\\\/x.com\\\/unipersen\"]},{\"@type\":\"Person\",\"@id\":\"https:\\\/\\\/memurunsesi.net\\\/#\\\/schema\\\/person\\\/f21c2d73b89f6ee1d80b0a1803e38587\",\"name\":\"Memurun Sesi Haber Merkezi\",\"image\":{\"@type\":\"ImageObject\",\"inLanguage\":\"tr\",\"@id\":\"https:\\\/\\\/secure.gravatar.com\\\/avatar\\\/6cf0505f452ee753f485014986fab09a434671d2b919ee76fc541025c5876a70?s=96&d=mm&r=g\",\"url\":\"https:\\\/\\\/secure.gravatar.com\\\/avatar\\\/6cf0505f452ee753f485014986fab09a434671d2b919ee76fc541025c5876a70?s=96&d=mm&r=g\",\"contentUrl\":\"https:\\\/\\\/secure.gravatar.com\\\/avatar\\\/6cf0505f452ee753f485014986fab09a434671d2b919ee76fc541025c5876a70?s=96&d=mm&r=g\",\"caption\":\"Memurun Sesi Haber Merkezi\"},\"sameAs\":[\"https:\\\/\\\/memurunsesi.net\"],\"url\":\"https:\\\/\\\/memurunsesi.net\\\/index.php\\\/author\\\/uniper\\\/\"}]}<\/script>\n<!-- \/ Yoast SEO plugin. -->","yoast_head_json":{"title":"Samsun'da ayn\u0131 b\u00f6lgede ikinci heyelan - Memurun Sesi","robots":{"index":"index","follow":"follow","max-snippet":"max-snippet:-1","max-image-preview":"max-image-preview:large","max-video-preview":"max-video-preview:-1"},"canonical":"https:\/\/memurunsesi.net\/index.php\/2025\/04\/28\/samsunda-ayni-bolgede-ikinci-heyelan\/","og_locale":"tr_TR","og_type":"article","og_title":"Samsun'da ayn\u0131 b\u00f6lgede ikinci heyelan - Memurun Sesi","og_description":"&#8211; Tedbir amac\u0131yla kapat\u0131lan yoldan ge\u00e7meye \u00e7al\u0131\u015fan vatanda\u015flar polislere zorluk \u00e7\u0131kard\u0131 Samsun&#8217;da d\u00fcn bir ailenin \u00f6l\u00fcm\u00fcne yol a\u00e7an heyelan facias\u0131n\u0131n ard\u0131ndan bug\u00fcn ayn\u0131 b\u00f6lgede ikinci bir heyelan meydana geldi. Tedbir amac\u0131yla kapat\u0131lan yoldan ge\u00e7meye \u00e7al\u0131\u015fan vatanda\u015flar polislere zorluk \u00e7\u0131kard\u0131. Canik il\u00e7esi Toptepe Mahallesi Samsun-Ordu karayolu \u00fczerindeki Opet akaryak\u0131t istasyonunda meydana gelen heyelanda, baba Adem Kaya [&hellip;]","og_url":"https:\/\/memurunsesi.net\/index.php\/2025\/04\/28\/samsunda-ayni-bolgede-ikinci-heyelan\/","og_site_name":"Memurun Sesi","article_publisher":"https:\/\/www.facebook.com\/unipersen\/?locale=tr_TR","article_published_time":"2025-04-28T18:42:33+00:00","article_modified_time":"2025-04-28T18:45:42+00:00","og_image":[{"width":2560,"height":1707,"url":"https:\/\/memurunsesi.net\/wp-content\/uploads\/2025\/04\/AW443014_04-scaled.jpg","type":"image\/jpeg"}],"author":"Memurun Sesi Haber Merkezi","twitter_card":"summary_large_image","twitter_creator":"@unipersen","twitter_site":"@unipersen","twitter_misc":{"Yazan:":"Memurun Sesi Haber Merkezi","Tahmini okuma s\u00fcresi":"2 dakika"},"schema":{"@context":"https:\/\/schema.org","@graph":[{"@type":"Article","@id":"https:\/\/memurunsesi.net\/index.php\/2025\/04\/28\/samsunda-ayni-bolgede-ikinci-heyelan\/#article","isPartOf":{"@id":"https:\/\/memurunsesi.net\/index.php\/2025\/04\/28\/samsunda-ayni-bolgede-ikinci-heyelan\/"},"author":{"name":"Memurun Sesi Haber Merkezi","@id":"https:\/\/memurunsesi.net\/#\/schema\/person\/f21c2d73b89f6ee1d80b0a1803e38587"},"headline":"Samsun&#8217;da ayn\u0131 b\u00f6lgede ikinci heyelan","datePublished":"2025-04-28T18:42:33+00:00","dateModified":"2025-04-28T18:45:42+00:00","mainEntityOfPage":{"@id":"https:\/\/memurunsesi.net\/index.php\/2025\/04\/28\/samsunda-ayni-bolgede-ikinci-heyelan\/"},"wordCount":342,"commentCount":0,"publisher":{"@id":"https:\/\/memurunsesi.net\/#organization"},"image":{"@id":"https:\/\/memurunsesi.net\/index.php\/2025\/04\/28\/samsunda-ayni-bolgede-ikinci-heyelan\/#primaryimage"},"thumbnailUrl":"https:\/\/memurunsesi.net\/wp-content\/uploads\/2025\/04\/AW443014_04-scaled.jpg","inLanguage":"tr","potentialAction":[{"@type":"CommentAction","name":"Comment","target":["https:\/\/memurunsesi.net\/index.php\/2025\/04\/28\/samsunda-ayni-bolgede-ikinci-heyelan\/#respond"]}]},{"@type":"WebPage","@id":"https:\/\/memurunsesi.net\/index.php\/2025\/04\/28\/samsunda-ayni-bolgede-ikinci-heyelan\/","url":"https:\/\/memurunsesi.net\/index.php\/2025\/04\/28\/samsunda-ayni-bolgede-ikinci-heyelan\/","name":"Samsun'da ayn\u0131 b\u00f6lgede ikinci heyelan - Memurun Sesi","isPartOf":{"@id":"https:\/\/memurunsesi.net\/#website"},"primaryImageOfPage":{"@id":"https:\/\/memurunsesi.net\/index.php\/2025\/04\/28\/samsunda-ayni-bolgede-ikinci-heyelan\/#primaryimage"},"image":{"@id":"https:\/\/memurunsesi.net\/index.php\/2025\/04\/28\/samsunda-ayni-bolgede-ikinci-heyelan\/#primaryimage"},"thumbnailUrl":"https:\/\/memurunsesi.net\/wp-content\/uploads\/2025\/04\/AW443014_04-scaled.jpg","datePublished":"2025-04-28T18:42:33+00:00","dateModified":"2025-04-28T18:45:42+00:00","breadcrumb":{"@id":"https:\/\/memurunsesi.net\/index.php\/2025\/04\/28\/samsunda-ayni-bolgede-ikinci-heyelan\/#breadcrumb"},"inLanguage":"tr","potentialAction":[{"@type":"ReadAction","target":["https:\/\/memurunsesi.net\/index.php\/2025\/04\/28\/samsunda-ayni-bolgede-ikinci-heyelan\/"]}]},{"@type":"ImageObject","inLanguage":"tr","@id":"https:\/\/memurunsesi.net\/index.php\/2025\/04\/28\/samsunda-ayni-bolgede-ikinci-heyelan\/#primaryimage","url":"https:\/\/memurunsesi.net\/wp-content\/uploads\/2025\/04\/AW443014_04-scaled.jpg","contentUrl":"https:\/\/memurunsesi.net\/wp-content\/uploads\/2025\/04\/AW443014_04-scaled.jpg","width":2560,"height":1707,"caption":"SAMSUN'DA D\u00dcN B\u0130R A\u0130LEN\u0130N \u00d6L\u00dcM\u00dcNE YOL A\u00c7AN HEYELAN FAC\u0130ASININ ARDINDAN BUG\u00dcN YAKIN B\u00d6LGEDE \u0130K\u0130NC\u0130 B\u0130R HEYELAN OLAYI YA\u015eANDI. POL\u0130S\u0130N \u00d6NLEM ALARAK GE\u00c7\u0130\u015eE KAPATTI\u011eI YOLDAN GE\u00c7MEYE \u00c7ALI\u015eAN VATANDA\u015eLAR \u0130LE G\u00dcVENL\u0130K G\u00dc\u00c7LER\u0130 ARASINDA ARBEDE YA\u015eANDI. (ERD\u0130 DEM\u0130R - \u00dcNSAL KARKA\/SAMSUN-\u0130HA) Samsun'da d\u00fcn bir ailenin \u00f6l\u00fcm\u00fcne yol a\u00e7an heyelan facias\u0131n\u0131n ard\u0131ndan bug\u00fcn ayn\u0131 b\u00f6lgede ikinci bir heyelan meydana geldi. Tedbir amac\u0131yla kapat\u0131lan yoldan ge\u00e7meye \u00e7al\u0131\u015fan vatanda\u015flar polislere zorluk \u00e7\u0131kard\u0131."},{"@type":"BreadcrumbList","@id":"https:\/\/memurunsesi.net\/index.php\/2025\/04\/28\/samsunda-ayni-bolgede-ikinci-heyelan\/#breadcrumb","itemListElement":[{"@type":"ListItem","position":1,"name":"Anasayfa","item":"https:\/\/memurunsesi.net\/"},{"@type":"ListItem","position":2,"name":"Samsun&#8217;da ayn\u0131 b\u00f6lgede ikinci heyelan"}]},{"@type":"WebSite","@id":"https:\/\/memurunsesi.net\/#website","url":"https:\/\/memurunsesi.net\/","name":"Memurun Sesi","description":"G\u00fcncel ve Do\u011fru Haber","publisher":{"@id":"https:\/\/memurunsesi.net\/#organization"},"potentialAction":[{"@type":"SearchAction","target":{"@type":"EntryPoint","urlTemplate":"https:\/\/memurunsesi.net\/?s={search_term_string}"},"query-input":{"@type":"PropertyValueSpecification","valueRequired":true,"valueName":"search_term_string"}}],"inLanguage":"tr"},{"@type":"Organization","@id":"https:\/\/memurunsesi.net\/#organization","name":"Memurun Sesi","url":"https:\/\/memurunsesi.net\/","logo":{"@type":"ImageObject","inLanguage":"tr","@id":"https:\/\/memurunsesi.net\/#\/schema\/logo\/image\/","url":"https:\/\/memurunsesi.net\/wp-content\/uploads\/2025\/11\/cropped-MEMURUN-SESI.png","contentUrl":"https:\/\/memurunsesi.net\/wp-content\/uploads\/2025\/11\/cropped-MEMURUN-SESI.png","width":238,"height":57,"caption":"Memurun Sesi"},"image":{"@id":"https:\/\/memurunsesi.net\/#\/schema\/logo\/image\/"},"sameAs":["https:\/\/www.facebook.com\/unipersen\/?locale=tr_TR","https:\/\/x.com\/unipersen"]},{"@type":"Person","@id":"https:\/\/memurunsesi.net\/#\/schema\/person\/f21c2d73b89f6ee1d80b0a1803e38587","name":"Memurun Sesi Haber Merkezi","image":{"@type":"ImageObject","inLanguage":"tr","@id":"https:\/\/secure.gravatar.com\/avatar\/6cf0505f452ee753f485014986fab09a434671d2b919ee76fc541025c5876a70?s=96&d=mm&r=g","url":"https:\/\/secure.gravatar.com\/avatar\/6cf0505f452ee753f485014986fab09a434671d2b919ee76fc541025c5876a70?s=96&d=mm&r=g","contentUrl":"https:\/\/secure.gravatar.com\/avatar\/6cf0505f452ee753f485014986fab09a434671d2b919ee76fc541025c5876a70?s=96&d=mm&r=g","caption":"Memurun Sesi Haber Merkezi"},"sameAs":["https:\/\/memurunsesi.net"],"url":"https:\/\/memurunsesi.net\/index.php\/author\/uniper\/"}]}},"_links":{"self":[{"href":"https:\/\/memurunsesi.net\/index.php\/wp-json\/wp\/v2\/posts\/6127","targetHints":{"allow":["GET"]}}],"collection":[{"href":"https:\/\/memurunsesi.net\/index.php\/wp-json\/wp\/v2\/posts"}],"about":[{"href":"https:\/\/memurunsesi.net\/index.php\/wp-json\/wp\/v2\/types\/post"}],"author":[{"embeddable":true,"href":"https:\/\/memurunsesi.net\/index.php\/wp-json\/wp\/v2\/users\/1"}],"replies":[{"embeddable":true,"href":"https:\/\/memurunsesi.net\/index.php\/wp-json\/wp\/v2\/comments?post=6127"}],"version-history":[{"count":1,"href":"https:\/\/memurunsesi.net\/index.php\/wp-json\/wp\/v2\/posts\/6127\/revisions"}],"predecessor-version":[{"id":6129,"href":"https:\/\/memurunsesi.net\/index.php\/wp-json\/wp\/v2\/posts\/6127\/revisions\/6129"}],"wp:featuredmedia":[{"embeddable":true,"href":"https:\/\/memurunsesi.net\/index.php\/wp-json\/wp\/v2\/media\/6128"}],"wp:attachment":[{"href":"https:\/\/memurunsesi.net\/index.php\/wp-json\/wp\/v2\/media?parent=6127"}],"wp:term":[{"taxonomy":"category","embeddable":true,"href":"https:\/\/memurunsesi.net\/index.php\/wp-json\/wp\/v2\/categories?post=6127"},{"taxonomy":"post_tag","embeddable":true,"href":"https:\/\/memurunsesi.net\/index.php\/wp-json\/wp\/v2\/tags?post=6127"}],"curies":[{"name":"wp","href":"https:\/\/api.w.org\/{rel}","templated":true}]}}