{"id":6132,"date":"2025-04-28T21:47:42","date_gmt":"2025-04-28T18:47:42","guid":{"rendered":"https:\/\/memurunsesi.net\/?p=6132"},"modified":"2025-04-28T21:47:42","modified_gmt":"2025-04-28T18:47:42","slug":"sancaktepede-depremde-hasar-goren-5-katli-bina-kontrollu-sekilde-yikildi","status":"publish","type":"post","link":"https:\/\/memurunsesi.net\/index.php\/2025\/04\/28\/sancaktepede-depremde-hasar-goren-5-katli-bina-kontrollu-sekilde-yikildi\/","title":{"rendered":"Sancaktepe\u2019de depremde hasar g\u00f6ren 5 katl\u0131 bina kontroll\u00fc \u015fekilde y\u0131k\u0131ld\u0131"},"content":{"rendered":"<p>  \u0130stanbul\u2019da meydana gelen 6,2 b\u00fcy\u00fckl\u00fc\u011f\u00fcndeki depremde Sancaktepe\u2019de a\u011f\u0131r hasar alan bir bina kontroll\u00fc \u015fekilde y\u0131k\u0131ld\u0131. Y\u0131k\u0131m \u00e7al\u0131\u015fmalar\u0131na kat\u0131lan Sancaktepe Belediye Ba\u015fkan\u0131 Alper Ye\u011fin, ka\u00e7ak yap\u0131lara kesinlikle m\u00fcsamaha g\u00f6stermeyeceklerini vurgulayarak, belediye olarak bu konuda titizlikle \u00e7al\u0131\u015ft\u0131klar\u0131n\u0131 ifade etti.<br \/>\n  \u0130stanbul\u2019da 23 Nisan\u2019da meydana gelen 6,2 b\u00fcy\u00fckl\u00fc\u011f\u00fcndeki depremin ard\u0131ndan Sancaktepe Veysel Karani Mahallesi Asilt\u00fcrk Caddesi&#8217;nde 35 y\u0131ll\u0131k 5 katl\u0131 binan\u0131n 5. kat\u0131ndaki balkon \u00e7\u00f6kt\u00fc. A\u011f\u0131r hasar alan metruk bina, Sancaktepe Belediyesi ekipleri taraf\u0131ndan kontroll\u00fc \u015fekilde y\u0131k\u0131ld\u0131. <\/p>\n<p>  &#8220;Deprem ger\u00e7e\u011fini unutmadan \u00f6zellikle ka\u00e7ak yap\u0131lara kar\u015f\u0131 kararl\u0131l\u0131kla m\u00fccadele ediyoruz&#8221;<br \/>\n  Y\u0131k\u0131m\u0131 yerinde takip eden Sancaktepe Belediye Ba\u015fkan\u0131 Alper Ye\u011fin yapt\u0131\u011f\u0131 a\u00e7\u0131klamada, &#8220;Ge\u00e7ti\u011fimiz g\u00fcn \u0130stanbul\u2019da meydana gelen 6,2 \u015fiddetinde ger\u00e7ekle\u015fen depremde hasar g\u00f6ren ve 3 y\u0131ld\u0131r kimsenin ya\u015famad\u0131\u011f\u0131 bina belediye ekiplerimizce g\u00fcvenli bir \u015fekilde y\u0131k\u0131l\u0131yor. Deprem ger\u00e7e\u011fini unutmadan \u00f6zellikle ka\u00e7ak yap\u0131lara kar\u015f\u0131 kararl\u0131l\u0131kla m\u00fccadele ediyoruz. Sadece denetim de\u011fil, \u00e7\u00f6z\u00fcm de sunaca\u011f\u0131z. Kentsel d\u00f6n\u00fc\u015f\u00fcm s\u00fcrecini vatanda\u015flar\u0131m\u0131z i\u00e7in te\u015fvik edici hale getirecek \u00e7al\u0131\u015fmalar y\u00fcr\u00fct\u00fcyoruz. Amac\u0131m\u0131z, Sancaktepe\u2019yi daha g\u00fcvenli, daha ya\u015fanabilir bir il\u00e7e haline getirmek&#8221; dedi.<br \/>\n  Ba\u015fkan Ye\u011fin, y\u0131k\u0131m\u0131 ger\u00e7ekle\u015ftirilen binan\u0131n 3 y\u0131ld\u0131r bo\u015f oldu\u011funu belirterek, belediye olarak il\u00e7e genelinde benzer durumdaki yap\u0131lar i\u00e7inde incelemelerin s\u00fcrd\u00fc\u011f\u00fcn\u00fc ve riskli binalar\u0131n tespiti konusunda \u00e7al\u0131\u015fmalar\u0131n aral\u0131ks\u0131z devam etti\u011fini belirtti. <\/p>\n<p>28.04.2025                             <\/p>\n","protected":false},"excerpt":{"rendered":"<p>\u0130stanbul\u2019da meydana gelen 6,2 b\u00fcy\u00fckl\u00fc\u011f\u00fcndeki depremde Sancaktepe\u2019de a\u011f\u0131r hasar alan bir bina kontroll\u00fc \u015fekilde y\u0131k\u0131ld\u0131. Y\u0131k\u0131m \u00e7al\u0131\u015fmalar\u0131na kat\u0131lan Sancaktepe Belediye Ba\u015fkan\u0131 Alper Ye\u011fin, ka\u00e7ak yap\u0131lara kesinlikle m\u00fcsamaha g\u00f6stermeyeceklerini vurgulayarak, belediye olarak bu konuda titizlikle \u00e7al\u0131\u015ft\u0131klar\u0131n\u0131 ifade etti. \u0130stanbul\u2019da 23 Nisan\u2019da meydana gelen 6,2 b\u00fcy\u00fckl\u00fc\u011f\u00fcndeki depremin ard\u0131ndan Sancaktepe Veysel Karani Mahallesi Asilt\u00fcrk Caddesi&#8217;nde 35 y\u0131ll\u0131k 5 [&hellip;]<\/p>\n","protected":false},"author":1,"featured_media":6133,"comment_status":"open","ping_status":"open","sticky":false,"template":"","format":"standard","meta":{"footnotes":""},"categories":[1],"tags":[],"class_list":["post-6132","post","type-post","status-publish","format-standard","has-post-thumbnail","hentry","category-genel"],"yoast_head":"<!-- This site is optimized with the Yoast SEO plugin v27.4 - https:\/\/yoast.com\/product\/yoast-seo-wordpress\/ -->\n<title>Sancaktepe\u2019de depremde hasar g\u00f6ren 5 katl\u0131 bina kontroll\u00fc \u015fekilde y\u0131k\u0131ld\u0131 - Memurun Sesi<\/title>\n<meta name=\"robots\" content=\"index, follow, max-snippet:-1, max-image-preview:large, max-video-preview:-1\" \/>\n<link rel=\"canonical\" href=\"https:\/\/memurunsesi.net\/index.php\/2025\/04\/28\/sancaktepede-depremde-hasar-goren-5-katli-bina-kontrollu-sekilde-yikildi\/\" \/>\n<meta property=\"og:locale\" content=\"tr_TR\" \/>\n<meta property=\"og:type\" content=\"article\" \/>\n<meta property=\"og:title\" content=\"Sancaktepe\u2019de depremde hasar g\u00f6ren 5 katl\u0131 bina kontroll\u00fc \u015fekilde y\u0131k\u0131ld\u0131 - Memurun Sesi\" \/>\n<meta property=\"og:description\" content=\"\u0130stanbul\u2019da meydana gelen 6,2 b\u00fcy\u00fckl\u00fc\u011f\u00fcndeki depremde Sancaktepe\u2019de a\u011f\u0131r hasar alan bir bina kontroll\u00fc \u015fekilde y\u0131k\u0131ld\u0131. Y\u0131k\u0131m \u00e7al\u0131\u015fmalar\u0131na kat\u0131lan Sancaktepe Belediye Ba\u015fkan\u0131 Alper Ye\u011fin, ka\u00e7ak yap\u0131lara kesinlikle m\u00fcsamaha g\u00f6stermeyeceklerini vurgulayarak, belediye olarak bu konuda titizlikle \u00e7al\u0131\u015ft\u0131klar\u0131n\u0131 ifade etti. \u0130stanbul\u2019da 23 Nisan\u2019da meydana gelen 6,2 b\u00fcy\u00fckl\u00fc\u011f\u00fcndeki depremin ard\u0131ndan Sancaktepe Veysel Karani Mahallesi Asilt\u00fcrk Caddesi&#8217;nde 35 y\u0131ll\u0131k 5 [&hellip;]\" \/>\n<meta property=\"og:url\" content=\"https:\/\/memurunsesi.net\/index.php\/2025\/04\/28\/sancaktepede-depremde-hasar-goren-5-katli-bina-kontrollu-sekilde-yikildi\/\" \/>\n<meta property=\"og:site_name\" content=\"Memurun Sesi\" \/>\n<meta property=\"article:publisher\" content=\"https:\/\/www.facebook.com\/unipersen\/?locale=tr_TR\" \/>\n<meta property=\"article:published_time\" content=\"2025-04-28T18:47:42+00:00\" \/>\n<meta property=\"og:image\" content=\"https:\/\/memurunsesi.net\/wp-content\/uploads\/2025\/04\/AW443012_01-scaled.jpg\" \/>\n\t<meta property=\"og:image:width\" content=\"2560\" \/>\n\t<meta property=\"og:image:height\" content=\"1440\" \/>\n\t<meta property=\"og:image:type\" content=\"image\/jpeg\" \/>\n<meta name=\"author\" content=\"Memurun Sesi Haber Merkezi\" \/>\n<meta name=\"twitter:card\" content=\"summary_large_image\" \/>\n<meta name=\"twitter:creator\" content=\"@unipersen\" \/>\n<meta name=\"twitter:site\" content=\"@unipersen\" \/>\n<meta name=\"twitter:label1\" content=\"Yazan:\" \/>\n\t<meta name=\"twitter:data1\" content=\"Memurun Sesi Haber Merkezi\" \/>\n\t<meta name=\"twitter:label2\" content=\"Tahmini okuma s\u00fcresi\" \/>\n\t<meta name=\"twitter:data2\" content=\"1 dakika\" \/>\n<script type=\"application\/ld+json\" class=\"yoast-schema-graph\">{\"@context\":\"https:\\\/\\\/schema.org\",\"@graph\":[{\"@type\":\"Article\",\"@id\":\"https:\\\/\\\/memurunsesi.net\\\/index.php\\\/2025\\\/04\\\/28\\\/sancaktepede-depremde-hasar-goren-5-katli-bina-kontrollu-sekilde-yikildi\\\/#article\",\"isPartOf\":{\"@id\":\"https:\\\/\\\/memurunsesi.net\\\/index.php\\\/2025\\\/04\\\/28\\\/sancaktepede-depremde-hasar-goren-5-katli-bina-kontrollu-sekilde-yikildi\\\/\"},\"author\":{\"name\":\"Memurun Sesi Haber Merkezi\",\"@id\":\"https:\\\/\\\/memurunsesi.net\\\/#\\\/schema\\\/person\\\/f21c2d73b89f6ee1d80b0a1803e38587\"},\"headline\":\"Sancaktepe\u2019de depremde hasar g\u00f6ren 5 katl\u0131 bina kontroll\u00fc \u015fekilde y\u0131k\u0131ld\u0131\",\"datePublished\":\"2025-04-28T18:47:42+00:00\",\"mainEntityOfPage\":{\"@id\":\"https:\\\/\\\/memurunsesi.net\\\/index.php\\\/2025\\\/04\\\/28\\\/sancaktepede-depremde-hasar-goren-5-katli-bina-kontrollu-sekilde-yikildi\\\/\"},\"wordCount\":302,\"commentCount\":0,\"publisher\":{\"@id\":\"https:\\\/\\\/memurunsesi.net\\\/#organization\"},\"image\":{\"@id\":\"https:\\\/\\\/memurunsesi.net\\\/index.php\\\/2025\\\/04\\\/28\\\/sancaktepede-depremde-hasar-goren-5-katli-bina-kontrollu-sekilde-yikildi\\\/#primaryimage\"},\"thumbnailUrl\":\"https:\\\/\\\/memurunsesi.net\\\/wp-content\\\/uploads\\\/2025\\\/04\\\/AW443012_01-scaled.jpg\",\"inLanguage\":\"tr\",\"potentialAction\":[{\"@type\":\"CommentAction\",\"name\":\"Comment\",\"target\":[\"https:\\\/\\\/memurunsesi.net\\\/index.php\\\/2025\\\/04\\\/28\\\/sancaktepede-depremde-hasar-goren-5-katli-bina-kontrollu-sekilde-yikildi\\\/#respond\"]}]},{\"@type\":\"WebPage\",\"@id\":\"https:\\\/\\\/memurunsesi.net\\\/index.php\\\/2025\\\/04\\\/28\\\/sancaktepede-depremde-hasar-goren-5-katli-bina-kontrollu-sekilde-yikildi\\\/\",\"url\":\"https:\\\/\\\/memurunsesi.net\\\/index.php\\\/2025\\\/04\\\/28\\\/sancaktepede-depremde-hasar-goren-5-katli-bina-kontrollu-sekilde-yikildi\\\/\",\"name\":\"Sancaktepe\u2019de depremde hasar g\u00f6ren 5 katl\u0131 bina kontroll\u00fc \u015fekilde y\u0131k\u0131ld\u0131 - Memurun Sesi\",\"isPartOf\":{\"@id\":\"https:\\\/\\\/memurunsesi.net\\\/#website\"},\"primaryImageOfPage\":{\"@id\":\"https:\\\/\\\/memurunsesi.net\\\/index.php\\\/2025\\\/04\\\/28\\\/sancaktepede-depremde-hasar-goren-5-katli-bina-kontrollu-sekilde-yikildi\\\/#primaryimage\"},\"image\":{\"@id\":\"https:\\\/\\\/memurunsesi.net\\\/index.php\\\/2025\\\/04\\\/28\\\/sancaktepede-depremde-hasar-goren-5-katli-bina-kontrollu-sekilde-yikildi\\\/#primaryimage\"},\"thumbnailUrl\":\"https:\\\/\\\/memurunsesi.net\\\/wp-content\\\/uploads\\\/2025\\\/04\\\/AW443012_01-scaled.jpg\",\"datePublished\":\"2025-04-28T18:47:42+00:00\",\"breadcrumb\":{\"@id\":\"https:\\\/\\\/memurunsesi.net\\\/index.php\\\/2025\\\/04\\\/28\\\/sancaktepede-depremde-hasar-goren-5-katli-bina-kontrollu-sekilde-yikildi\\\/#breadcrumb\"},\"inLanguage\":\"tr\",\"potentialAction\":[{\"@type\":\"ReadAction\",\"target\":[\"https:\\\/\\\/memurunsesi.net\\\/index.php\\\/2025\\\/04\\\/28\\\/sancaktepede-depremde-hasar-goren-5-katli-bina-kontrollu-sekilde-yikildi\\\/\"]}]},{\"@type\":\"ImageObject\",\"inLanguage\":\"tr\",\"@id\":\"https:\\\/\\\/memurunsesi.net\\\/index.php\\\/2025\\\/04\\\/28\\\/sancaktepede-depremde-hasar-goren-5-katli-bina-kontrollu-sekilde-yikildi\\\/#primaryimage\",\"url\":\"https:\\\/\\\/memurunsesi.net\\\/wp-content\\\/uploads\\\/2025\\\/04\\\/AW443012_01-scaled.jpg\",\"contentUrl\":\"https:\\\/\\\/memurunsesi.net\\\/wp-content\\\/uploads\\\/2025\\\/04\\\/AW443012_01-scaled.jpg\",\"width\":2560,\"height\":1440,\"caption\":\"SANCAKTEPE'DE HASAR G\u00d6REN 5 KATLI B\u0130NA KONTROLL\u00dc \u015eEK\u0130LDE YIKILDI (HAL\u0130T ARSLAN\\\/\u0130STANBUL-\u0130HA) \u0130stanbul'da meydana gelen 6,2 b\u00fcy\u00fckl\u00fc\u011f\u00fcndeki depremde Sancaktepe'de a\u011f\u0131r hasar alan bir bina kontroll\u00fc \u015fekilde y\u0131k\u0131ld\u0131. Y\u0131k\u0131m \u00e7al\u0131\u015fmalar\u0131na kat\u0131lan Sancaktepe Belediye Ba\u015fkan\u0131 Alper Ye\u011fin, ka\u00e7ak yap\u0131lara kesinlikle m\u00fcsamaha g\u00f6stermeyeceklerini vurgulayarak, belediye olarak bu konuda titizlikle \u00e7al\u0131\u015ft\u0131klar\u0131n\u0131 ifade etti.\"},{\"@type\":\"BreadcrumbList\",\"@id\":\"https:\\\/\\\/memurunsesi.net\\\/index.php\\\/2025\\\/04\\\/28\\\/sancaktepede-depremde-hasar-goren-5-katli-bina-kontrollu-sekilde-yikildi\\\/#breadcrumb\",\"itemListElement\":[{\"@type\":\"ListItem\",\"position\":1,\"name\":\"Anasayfa\",\"item\":\"https:\\\/\\\/memurunsesi.net\\\/\"},{\"@type\":\"ListItem\",\"position\":2,\"name\":\"Sancaktepe\u2019de depremde hasar g\u00f6ren 5 katl\u0131 bina kontroll\u00fc \u015fekilde y\u0131k\u0131ld\u0131\"}]},{\"@type\":\"WebSite\",\"@id\":\"https:\\\/\\\/memurunsesi.net\\\/#website\",\"url\":\"https:\\\/\\\/memurunsesi.net\\\/\",\"name\":\"Memurun Sesi\",\"description\":\"G\u00fcncel ve Do\u011fru Haber\",\"publisher\":{\"@id\":\"https:\\\/\\\/memurunsesi.net\\\/#organization\"},\"potentialAction\":[{\"@type\":\"SearchAction\",\"target\":{\"@type\":\"EntryPoint\",\"urlTemplate\":\"https:\\\/\\\/memurunsesi.net\\\/?s={search_term_string}\"},\"query-input\":{\"@type\":\"PropertyValueSpecification\",\"valueRequired\":true,\"valueName\":\"search_term_string\"}}],\"inLanguage\":\"tr\"},{\"@type\":\"Organization\",\"@id\":\"https:\\\/\\\/memurunsesi.net\\\/#organization\",\"name\":\"Memurun Sesi\",\"url\":\"https:\\\/\\\/memurunsesi.net\\\/\",\"logo\":{\"@type\":\"ImageObject\",\"inLanguage\":\"tr\",\"@id\":\"https:\\\/\\\/memurunsesi.net\\\/#\\\/schema\\\/logo\\\/image\\\/\",\"url\":\"https:\\\/\\\/memurunsesi.net\\\/wp-content\\\/uploads\\\/2025\\\/11\\\/cropped-MEMURUN-SESI.png\",\"contentUrl\":\"https:\\\/\\\/memurunsesi.net\\\/wp-content\\\/uploads\\\/2025\\\/11\\\/cropped-MEMURUN-SESI.png\",\"width\":238,\"height\":57,\"caption\":\"Memurun Sesi\"},\"image\":{\"@id\":\"https:\\\/\\\/memurunsesi.net\\\/#\\\/schema\\\/logo\\\/image\\\/\"},\"sameAs\":[\"https:\\\/\\\/www.facebook.com\\\/unipersen\\\/?locale=tr_TR\",\"https:\\\/\\\/x.com\\\/unipersen\"]},{\"@type\":\"Person\",\"@id\":\"https:\\\/\\\/memurunsesi.net\\\/#\\\/schema\\\/person\\\/f21c2d73b89f6ee1d80b0a1803e38587\",\"name\":\"Memurun Sesi Haber Merkezi\",\"image\":{\"@type\":\"ImageObject\",\"inLanguage\":\"tr\",\"@id\":\"https:\\\/\\\/secure.gravatar.com\\\/avatar\\\/6cf0505f452ee753f485014986fab09a434671d2b919ee76fc541025c5876a70?s=96&d=mm&r=g\",\"url\":\"https:\\\/\\\/secure.gravatar.com\\\/avatar\\\/6cf0505f452ee753f485014986fab09a434671d2b919ee76fc541025c5876a70?s=96&d=mm&r=g\",\"contentUrl\":\"https:\\\/\\\/secure.gravatar.com\\\/avatar\\\/6cf0505f452ee753f485014986fab09a434671d2b919ee76fc541025c5876a70?s=96&d=mm&r=g\",\"caption\":\"Memurun Sesi Haber Merkezi\"},\"sameAs\":[\"https:\\\/\\\/memurunsesi.net\"],\"url\":\"https:\\\/\\\/memurunsesi.net\\\/index.php\\\/author\\\/uniper\\\/\"}]}<\/script>\n<!-- \/ Yoast SEO plugin. -->","yoast_head_json":{"title":"Sancaktepe\u2019de depremde hasar g\u00f6ren 5 katl\u0131 bina kontroll\u00fc \u015fekilde y\u0131k\u0131ld\u0131 - Memurun Sesi","robots":{"index":"index","follow":"follow","max-snippet":"max-snippet:-1","max-image-preview":"max-image-preview:large","max-video-preview":"max-video-preview:-1"},"canonical":"https:\/\/memurunsesi.net\/index.php\/2025\/04\/28\/sancaktepede-depremde-hasar-goren-5-katli-bina-kontrollu-sekilde-yikildi\/","og_locale":"tr_TR","og_type":"article","og_title":"Sancaktepe\u2019de depremde hasar g\u00f6ren 5 katl\u0131 bina kontroll\u00fc \u015fekilde y\u0131k\u0131ld\u0131 - Memurun Sesi","og_description":"\u0130stanbul\u2019da meydana gelen 6,2 b\u00fcy\u00fckl\u00fc\u011f\u00fcndeki depremde Sancaktepe\u2019de a\u011f\u0131r hasar alan bir bina kontroll\u00fc \u015fekilde y\u0131k\u0131ld\u0131. Y\u0131k\u0131m \u00e7al\u0131\u015fmalar\u0131na kat\u0131lan Sancaktepe Belediye Ba\u015fkan\u0131 Alper Ye\u011fin, ka\u00e7ak yap\u0131lara kesinlikle m\u00fcsamaha g\u00f6stermeyeceklerini vurgulayarak, belediye olarak bu konuda titizlikle \u00e7al\u0131\u015ft\u0131klar\u0131n\u0131 ifade etti. \u0130stanbul\u2019da 23 Nisan\u2019da meydana gelen 6,2 b\u00fcy\u00fckl\u00fc\u011f\u00fcndeki depremin ard\u0131ndan Sancaktepe Veysel Karani Mahallesi Asilt\u00fcrk Caddesi&#8217;nde 35 y\u0131ll\u0131k 5 [&hellip;]","og_url":"https:\/\/memurunsesi.net\/index.php\/2025\/04\/28\/sancaktepede-depremde-hasar-goren-5-katli-bina-kontrollu-sekilde-yikildi\/","og_site_name":"Memurun Sesi","article_publisher":"https:\/\/www.facebook.com\/unipersen\/?locale=tr_TR","article_published_time":"2025-04-28T18:47:42+00:00","og_image":[{"width":2560,"height":1440,"url":"https:\/\/memurunsesi.net\/wp-content\/uploads\/2025\/04\/AW443012_01-scaled.jpg","type":"image\/jpeg"}],"author":"Memurun Sesi Haber Merkezi","twitter_card":"summary_large_image","twitter_creator":"@unipersen","twitter_site":"@unipersen","twitter_misc":{"Yazan:":"Memurun Sesi Haber Merkezi","Tahmini okuma s\u00fcresi":"1 dakika"},"schema":{"@context":"https:\/\/schema.org","@graph":[{"@type":"Article","@id":"https:\/\/memurunsesi.net\/index.php\/2025\/04\/28\/sancaktepede-depremde-hasar-goren-5-katli-bina-kontrollu-sekilde-yikildi\/#article","isPartOf":{"@id":"https:\/\/memurunsesi.net\/index.php\/2025\/04\/28\/sancaktepede-depremde-hasar-goren-5-katli-bina-kontrollu-sekilde-yikildi\/"},"author":{"name":"Memurun Sesi Haber Merkezi","@id":"https:\/\/memurunsesi.net\/#\/schema\/person\/f21c2d73b89f6ee1d80b0a1803e38587"},"headline":"Sancaktepe\u2019de depremde hasar g\u00f6ren 5 katl\u0131 bina kontroll\u00fc \u015fekilde y\u0131k\u0131ld\u0131","datePublished":"2025-04-28T18:47:42+00:00","mainEntityOfPage":{"@id":"https:\/\/memurunsesi.net\/index.php\/2025\/04\/28\/sancaktepede-depremde-hasar-goren-5-katli-bina-kontrollu-sekilde-yikildi\/"},"wordCount":302,"commentCount":0,"publisher":{"@id":"https:\/\/memurunsesi.net\/#organization"},"image":{"@id":"https:\/\/memurunsesi.net\/index.php\/2025\/04\/28\/sancaktepede-depremde-hasar-goren-5-katli-bina-kontrollu-sekilde-yikildi\/#primaryimage"},"thumbnailUrl":"https:\/\/memurunsesi.net\/wp-content\/uploads\/2025\/04\/AW443012_01-scaled.jpg","inLanguage":"tr","potentialAction":[{"@type":"CommentAction","name":"Comment","target":["https:\/\/memurunsesi.net\/index.php\/2025\/04\/28\/sancaktepede-depremde-hasar-goren-5-katli-bina-kontrollu-sekilde-yikildi\/#respond"]}]},{"@type":"WebPage","@id":"https:\/\/memurunsesi.net\/index.php\/2025\/04\/28\/sancaktepede-depremde-hasar-goren-5-katli-bina-kontrollu-sekilde-yikildi\/","url":"https:\/\/memurunsesi.net\/index.php\/2025\/04\/28\/sancaktepede-depremde-hasar-goren-5-katli-bina-kontrollu-sekilde-yikildi\/","name":"Sancaktepe\u2019de depremde hasar g\u00f6ren 5 katl\u0131 bina kontroll\u00fc \u015fekilde y\u0131k\u0131ld\u0131 - Memurun Sesi","isPartOf":{"@id":"https:\/\/memurunsesi.net\/#website"},"primaryImageOfPage":{"@id":"https:\/\/memurunsesi.net\/index.php\/2025\/04\/28\/sancaktepede-depremde-hasar-goren-5-katli-bina-kontrollu-sekilde-yikildi\/#primaryimage"},"image":{"@id":"https:\/\/memurunsesi.net\/index.php\/2025\/04\/28\/sancaktepede-depremde-hasar-goren-5-katli-bina-kontrollu-sekilde-yikildi\/#primaryimage"},"thumbnailUrl":"https:\/\/memurunsesi.net\/wp-content\/uploads\/2025\/04\/AW443012_01-scaled.jpg","datePublished":"2025-04-28T18:47:42+00:00","breadcrumb":{"@id":"https:\/\/memurunsesi.net\/index.php\/2025\/04\/28\/sancaktepede-depremde-hasar-goren-5-katli-bina-kontrollu-sekilde-yikildi\/#breadcrumb"},"inLanguage":"tr","potentialAction":[{"@type":"ReadAction","target":["https:\/\/memurunsesi.net\/index.php\/2025\/04\/28\/sancaktepede-depremde-hasar-goren-5-katli-bina-kontrollu-sekilde-yikildi\/"]}]},{"@type":"ImageObject","inLanguage":"tr","@id":"https:\/\/memurunsesi.net\/index.php\/2025\/04\/28\/sancaktepede-depremde-hasar-goren-5-katli-bina-kontrollu-sekilde-yikildi\/#primaryimage","url":"https:\/\/memurunsesi.net\/wp-content\/uploads\/2025\/04\/AW443012_01-scaled.jpg","contentUrl":"https:\/\/memurunsesi.net\/wp-content\/uploads\/2025\/04\/AW443012_01-scaled.jpg","width":2560,"height":1440,"caption":"SANCAKTEPE'DE HASAR G\u00d6REN 5 KATLI B\u0130NA KONTROLL\u00dc \u015eEK\u0130LDE YIKILDI (HAL\u0130T ARSLAN\/\u0130STANBUL-\u0130HA) \u0130stanbul'da meydana gelen 6,2 b\u00fcy\u00fckl\u00fc\u011f\u00fcndeki depremde Sancaktepe'de a\u011f\u0131r hasar alan bir bina kontroll\u00fc \u015fekilde y\u0131k\u0131ld\u0131. Y\u0131k\u0131m \u00e7al\u0131\u015fmalar\u0131na kat\u0131lan Sancaktepe Belediye Ba\u015fkan\u0131 Alper Ye\u011fin, ka\u00e7ak yap\u0131lara kesinlikle m\u00fcsamaha g\u00f6stermeyeceklerini vurgulayarak, belediye olarak bu konuda titizlikle \u00e7al\u0131\u015ft\u0131klar\u0131n\u0131 ifade etti."},{"@type":"BreadcrumbList","@id":"https:\/\/memurunsesi.net\/index.php\/2025\/04\/28\/sancaktepede-depremde-hasar-goren-5-katli-bina-kontrollu-sekilde-yikildi\/#breadcrumb","itemListElement":[{"@type":"ListItem","position":1,"name":"Anasayfa","item":"https:\/\/memurunsesi.net\/"},{"@type":"ListItem","position":2,"name":"Sancaktepe\u2019de depremde hasar g\u00f6ren 5 katl\u0131 bina kontroll\u00fc \u015fekilde y\u0131k\u0131ld\u0131"}]},{"@type":"WebSite","@id":"https:\/\/memurunsesi.net\/#website","url":"https:\/\/memurunsesi.net\/","name":"Memurun Sesi","description":"G\u00fcncel ve Do\u011fru Haber","publisher":{"@id":"https:\/\/memurunsesi.net\/#organization"},"potentialAction":[{"@type":"SearchAction","target":{"@type":"EntryPoint","urlTemplate":"https:\/\/memurunsesi.net\/?s={search_term_string}"},"query-input":{"@type":"PropertyValueSpecification","valueRequired":true,"valueName":"search_term_string"}}],"inLanguage":"tr"},{"@type":"Organization","@id":"https:\/\/memurunsesi.net\/#organization","name":"Memurun Sesi","url":"https:\/\/memurunsesi.net\/","logo":{"@type":"ImageObject","inLanguage":"tr","@id":"https:\/\/memurunsesi.net\/#\/schema\/logo\/image\/","url":"https:\/\/memurunsesi.net\/wp-content\/uploads\/2025\/11\/cropped-MEMURUN-SESI.png","contentUrl":"https:\/\/memurunsesi.net\/wp-content\/uploads\/2025\/11\/cropped-MEMURUN-SESI.png","width":238,"height":57,"caption":"Memurun Sesi"},"image":{"@id":"https:\/\/memurunsesi.net\/#\/schema\/logo\/image\/"},"sameAs":["https:\/\/www.facebook.com\/unipersen\/?locale=tr_TR","https:\/\/x.com\/unipersen"]},{"@type":"Person","@id":"https:\/\/memurunsesi.net\/#\/schema\/person\/f21c2d73b89f6ee1d80b0a1803e38587","name":"Memurun Sesi Haber Merkezi","image":{"@type":"ImageObject","inLanguage":"tr","@id":"https:\/\/secure.gravatar.com\/avatar\/6cf0505f452ee753f485014986fab09a434671d2b919ee76fc541025c5876a70?s=96&d=mm&r=g","url":"https:\/\/secure.gravatar.com\/avatar\/6cf0505f452ee753f485014986fab09a434671d2b919ee76fc541025c5876a70?s=96&d=mm&r=g","contentUrl":"https:\/\/secure.gravatar.com\/avatar\/6cf0505f452ee753f485014986fab09a434671d2b919ee76fc541025c5876a70?s=96&d=mm&r=g","caption":"Memurun Sesi Haber Merkezi"},"sameAs":["https:\/\/memurunsesi.net"],"url":"https:\/\/memurunsesi.net\/index.php\/author\/uniper\/"}]}},"_links":{"self":[{"href":"https:\/\/memurunsesi.net\/index.php\/wp-json\/wp\/v2\/posts\/6132","targetHints":{"allow":["GET"]}}],"collection":[{"href":"https:\/\/memurunsesi.net\/index.php\/wp-json\/wp\/v2\/posts"}],"about":[{"href":"https:\/\/memurunsesi.net\/index.php\/wp-json\/wp\/v2\/types\/post"}],"author":[{"embeddable":true,"href":"https:\/\/memurunsesi.net\/index.php\/wp-json\/wp\/v2\/users\/1"}],"replies":[{"embeddable":true,"href":"https:\/\/memurunsesi.net\/index.php\/wp-json\/wp\/v2\/comments?post=6132"}],"version-history":[{"count":1,"href":"https:\/\/memurunsesi.net\/index.php\/wp-json\/wp\/v2\/posts\/6132\/revisions"}],"predecessor-version":[{"id":6134,"href":"https:\/\/memurunsesi.net\/index.php\/wp-json\/wp\/v2\/posts\/6132\/revisions\/6134"}],"wp:featuredmedia":[{"embeddable":true,"href":"https:\/\/memurunsesi.net\/index.php\/wp-json\/wp\/v2\/media\/6133"}],"wp:attachment":[{"href":"https:\/\/memurunsesi.net\/index.php\/wp-json\/wp\/v2\/media?parent=6132"}],"wp:term":[{"taxonomy":"category","embeddable":true,"href":"https:\/\/memurunsesi.net\/index.php\/wp-json\/wp\/v2\/categories?post=6132"},{"taxonomy":"post_tag","embeddable":true,"href":"https:\/\/memurunsesi.net\/index.php\/wp-json\/wp\/v2\/tags?post=6132"}],"curies":[{"name":"wp","href":"https:\/\/api.w.org\/{rel}","templated":true}]}}