{"id":6135,"date":"2025-04-28T21:52:22","date_gmt":"2025-04-28T18:52:22","guid":{"rendered":"https:\/\/memurunsesi.net\/?p=6135"},"modified":"2025-04-28T21:52:22","modified_gmt":"2025-04-28T18:52:22","slug":"kartalkayadaki-yangin-faciasinda-yasamini-yitiren-doktorun-adi-hastanede-yasayacak","status":"publish","type":"post","link":"https:\/\/memurunsesi.net\/index.php\/2025\/04\/28\/kartalkayadaki-yangin-faciasinda-yasamini-yitiren-doktorun-adi-hastanede-yasayacak\/","title":{"rendered":"Kartalkaya&#8217;daki yang\u0131n facias\u0131nda ya\u015fam\u0131n\u0131 yitiren doktorun ad\u0131 hastanede ya\u015fayacak"},"content":{"rendered":"<p>  &#8211; Ac\u0131l\u0131 baba Y\u00fcksel G\u00fcltekin:<br \/>\n  &#8211; &#8220;T\u00fcm hayat\u0131m\u0131z\u0131 hay\u0131r kap\u0131lar\u0131 a\u00e7acak m\u00fcesseseleri kurmaya adayaca\u011f\u0131z&#8221;   <\/p>\n<p> Bolu Kartalkaya Kayak Merkezi&#8217;ndeki yang\u0131n facias\u0131nda ya\u015fam\u0131n\u0131 yitiren Dr. Enes G\u00fcltekin&#8217;in ad\u0131, \u0130zzet Baysal Devlet Hastanesi K\u00f6ro\u011flu \u00dcnitesi Acil Servisi&#8217;nde ya\u015fayacak. Vefat\u0131n\u0131n 97. g\u00fcn\u00fcnde Enes G\u00fcltekin&#8217;i anma t\u00f6reninde konu\u015fan babas\u0131 Avukat Y\u00fcksel G\u00fcltekin, &#8220;T\u00fcm hayat\u0131m\u0131z\u0131, evlatlar\u0131m\u0131z\u0131n adlar\u0131n\u0131 sonsuza kadar ya\u015fatacak ve kapanmaz hay\u0131r kap\u0131lar\u0131 a\u00e7acak m\u00fcesseseleri kurmaya adayaca\u011f\u0131z&#8221; dedi.<br \/>\n  Bolu&#8217;da 78 ki\u015finin ya\u015fam\u0131n\u0131 yitirdi\u011fi Kartalkaya Grand Kartal Otel&#8217;de G\u00fcltekin ve G\u00fcner Ailesi&#8217;nden 8 ki\u015fi ya\u015fam\u0131n\u0131 yitirmi\u015fti. S\u00f6mestir tatili i\u00e7in gittikleri otelde Zehra Sena G\u00fcltekin ve e\u015fi Bilal G\u00fcltekin, \u00e7iftin \u00e7ocuklar\u0131 Muhammet Selim, Yusuf Sinanettin, Bekir Sad\u0131k, S\u00fcmeyye ve Bilal G\u00fcltekin&#8217;in karde\u015fleri Dr. Enes G\u00fcltekin ile R\u00fcmeysa G\u00fcltekin yang\u0131nda hayat\u0131n\u0131 kaybetmi\u015fti. Dr. Enes G\u00fcltekin&#8217;in vefat\u0131n\u0131n ard\u0131ndan Bolu \u0130l Sa\u011fl\u0131k M\u00fcd\u00fcrl\u00fc\u011f\u00fc&#8217;n\u00fcn giri\u015fimleriyle 26 \u015eubat tarihinde al\u0131nan kararla \u0130zzet Baysal Devlet Hastanesi K\u00f6ro\u011flu \u00dcnitesi Acil Servisi&#8217;nin ismi &#8220;Dr. Enes G\u00fcltekin Acil Servisi&#8221; olarak de\u011fi\u015ftirilmi\u015fti. Gen\u00e7 ya\u015fta hayat\u0131n\u0131 kaybeden, meslekta\u015flar\u0131 ve hastalar\u0131 taraf\u0131ndan \u00e7ok sevilen Dr. Enes G\u00fcltekin&#8217;in an\u0131s\u0131n\u0131 ya\u015fatmak amac\u0131yla bug\u00fcn hastane bah\u00e7esinde ve toplant\u0131 salonunda t\u00f6ren d\u00fczenlendi. \u0130lk olarak salonda ba\u015flayan etkinlikte Dr. Enes G\u00fcltekin&#8217;in an\u0131s\u0131na haz\u0131rlanan video, salondakileri g\u00f6zya\u015flar\u0131na bo\u011fdu. Duygusal anlar\u0131n ya\u015fand\u0131\u011f\u0131 t\u00f6rende Enes&#8217;in babas\u0131 Y\u00fcksel G\u00fcltekin, d\u00fcn\u00fcrleriyle birlikte bundan sonraki ya\u015famlar\u0131nda \u00e7ocuklar\u0131n\u0131n adlar\u0131n\u0131 ya\u015fatmaya adayacaklar\u0131n\u0131 ifade etti. Y\u00fcksel G\u00fcltekin, &#8220;Evlatlar\u0131m\u0131z\u0131n adlar\u0131n\u0131 sonsuza kadar ya\u015fatacak ve kapanmaz hay\u0131r kap\u0131lar\u0131 a\u00e7acak m\u00fcesseseleri kurmaya adayaca\u011f\u0131z&#8221; dedi.<br \/>\n  D\u00fczenlenen t\u00f6rene Bolu Valisi Abdulaziz Ayd\u0131n, AK Parti Bolu Milletvekili Y\u00fcksel Co\u015fkuny\u00fcrek, CHP Bolu Milletvekili T\u00fcrker Ate\u015f, Bolu Milletvekili \u0130smail Akg\u00fcl, AK Parti Bolu \u0130l Ba\u015fkan\u0131 Suat G\u00fcner, Enes G\u00fcltekin&#8217;in mesai arkada\u015flar\u0131, G\u00fcltekin ve G\u00fcner aileleri kat\u0131ld\u0131. <\/p>\n<p>  &#8220;Kor ate\u015fi s\u00f6nd\u00fcrecek bir s\u00f6z, bir teselli yok&#8221;<br \/>\n  Y\u00fcreklerine d\u00fc\u015fen ate\u015fi s\u00f6nd\u00fcrecek bir s\u00f6z olmad\u0131\u011f\u0131n\u0131 ifade eden baba Y\u00fcksel G\u00fcltekin, &#8220;Enes&#8217;imin d\u00fcnyadayken hi\u00e7 ayr\u0131lmad\u0131\u011f\u0131, ahiret yolculu\u011funda da birlikte y\u00fcr\u00fcd\u00fc\u011f\u00fc a\u011fabeyi Bilal, yengesi Zehra Sena, ablas\u0131 Rumeysa ve cennet ku\u015fu ye\u011fenleri S\u00fcmeyye, Yusuf Sinanettin, Muhammed Selim ve Bekir Sad\u0131k ile birlikte aram\u0131zdan ayr\u0131l\u0131\u015f\u0131n\u0131n 97. g\u00fcn\u00fc. Benim k\u0131ymetli e\u015fimin, sevgili Mehmet a\u011fabeyimin ve sevgili Habibe ablam\u0131n y\u00fcre\u011fine d\u00fc\u015fen kor ate\u015fi s\u00f6nd\u00fcrecek bir s\u00f6z, bir teselli yok. Tek s\u0131\u011f\u0131na\u011f\u0131m\u0131z onlar\u0131 bize veren ve yan\u0131na alan, kerem sahibi Rabbimizin y\u00fcreklerimize dolduraca\u011f\u0131 sab\u0131r ve merhamet duygusu. Bu ac\u0131 olay\u0131n meydana geldi\u011fi ilk g\u00fcnden itibaren bizlerden, \u00f6zellikle evlatlar\u0131m\u0131zdan ilgisini, sevgisini ve duas\u0131n\u0131 esirgemeyen ba\u015fta Cumhurba\u015fkan\u0131m\u0131z ve de\u011ferli ailesi olmak \u00fczere 7&#8217;den 70&#8217;e herkese, ilimizin k\u0131ymetli siyaset\u00e7ilerine, b\u00fcrokratlar\u0131na ve t\u00fcm Bolulu karde\u015flerimize kalbi \u015f\u00fckranlar\u0131m\u0131z\u0131 sunuyoruz. Allah hepsinden raz\u0131 olsun. \u00d6zellikle bug\u00fcn burada toplanmam\u0131za vesile olan, Enes&#8217;imin ad\u0131n\u0131 \u00e7al\u0131\u015ft\u0131\u011f\u0131 hastanelere veren, inceli\u011fini ve vefas\u0131n\u0131 g\u00f6steren ba\u015fta \u0130l Sa\u011fl\u0131k M\u00fcd\u00fcr\u00fcm\u00fcz Abdullah Bey olmak \u00fczere t\u00fcm \u00e7al\u0131\u015fma arkada\u015flar\u0131na, Bolu&#8217;daki sa\u011fl\u0131k \u00e7al\u0131\u015fanlar\u0131na ve g\u00fczel insanlara ayr\u0131 ayr\u0131 te\u015fekk\u00fcr ediyorum. L\u00fctfen evlad\u0131m Enes&#8217;e hakk\u0131n\u0131z\u0131 helal edin&#8221; dedi. <\/p>\n<p>  &#8220;Hay\u0131r kap\u0131lar\u0131 a\u00e7acak m\u00fcesseseleri kurmaya adayaca\u011f\u0131z&#8221;<br \/>\n  Ya\u015famlar\u0131n\u0131 evlatlar\u0131n\u0131n ad\u0131n\u0131 ya\u015fatmak i\u00e7in hay\u0131r kap\u0131lar\u0131 a\u00e7acak m\u00fcesseseleri kurmaya adayacaklar\u0131n\u0131 belirten G\u00fcltekin, &#8220;Rabbim \u00f6m\u00fcr verirse bundan sonra ben, sevgili d\u00fcn\u00fcrlerim Mehmet a\u011fabey ve Habibe abla ile birlikte t\u00fcm hayat\u0131m\u0131z\u0131 evlatlar\u0131m\u0131z\u0131n adlar\u0131n\u0131 sonsuza kadar ya\u015fatacak ve kapanmaz hay\u0131r kap\u0131lar\u0131 a\u00e7acak m\u00fcesseseleri kurmaya adayaca\u011f\u0131z. Allah nasip ederse evlatlar\u0131m\u0131z ad\u0131na kurmay\u0131 d\u00fc\u015f\u00fcnd\u00fc\u011f\u00fcm\u00fcz vak\u0131f \u00e7al\u0131\u015fmas\u0131na h\u0131zl\u0131 bir \u015fekilde ba\u015flad\u0131k. \u0130n\u015fallah haziran ay\u0131 sonunda ya da temmuz ay\u0131 ba\u015f\u0131nda vak\u0131f \u00e7al\u0131\u015fmalar\u0131m\u0131z tamamlanacak. \u0130lk eserimizi devletimizin uygun g\u00f6rece\u011fi bir yerde Bolulu karde\u015flerimize kazand\u0131raca\u011f\u0131z. Bu eser, nasip olursa 4-6 ya\u015f aras\u0131 \u00e7ocuklar i\u00e7in bir kre\u015f olacak ve bir k\u00fclliye gibi planlanacak. Ayr\u0131ca Sa\u011fl\u0131k \u0130l M\u00fcd\u00fcr\u00fcm\u00fcz\u00fcn g\u00f6sterece\u011fi ve uygun g\u00f6rece\u011fi bir yerde evlad\u0131m Dr. Enes&#8217;in ad\u0131na bir 112 Acil Sa\u011fl\u0131k \u0130stasyonu in\u015fa etmek istiyoruz&#8221; ifadelerini kulland\u0131. <\/p>\n<p>  &#8220;Rabbim bizlere bunlar\u0131 ger\u00e7ekle\u015ftirecek kadar \u00f6m\u00fcr ve g\u00fc\u00e7 nasip etsin&#8221;<br \/>\n  Hay\u0131r hizmetlerini s\u00fcrd\u00fcrmek istediklerini belirten Y\u00fcksel G\u00fcltekin, &#8220;Bununla birlikte hastaneye ta\u015f\u0131nmas\u0131 planlanan diyaliz \u00fcnitesinin in\u015faat\u0131n\u0131 da e\u011fer devletimiz uygun g\u00f6r\u00fcrse k\u0131z\u0131m Eczac\u0131 R\u00fcmeysa&#8217;n\u0131n ad\u0131na \u00fcstlenmek istiyoruz. Belediye ba\u015fkan\u0131m\u0131za da ayr\u0131ca te\u015fekk\u00fcr etmek istiyorum. K\u00f6kez suyu temini konusunda bizlere yard\u0131mc\u0131 oldular ve uygun bir yer tahsis ettiler. \u0130n\u015fallah K\u0131z\u0131lay Park\u0131&#8217;n\u0131n kar\u015f\u0131s\u0131na, evlatlar\u0131m\u0131z\u0131n ad\u0131n\u0131 ta\u015f\u0131yacak bir k\u00f6kez \u00e7e\u015fmesi de yapaca\u011f\u0131z. \u015eu anda haz\u0131rl\u0131k a\u015famas\u0131nday\u0131z. Rabbim \u00f6m\u00fcr verirse evlatlar\u0131m\u0131z\u0131n ad\u0131n\u0131 ya\u015fatacak ve Bolulu hem\u015fehrilerimizin istifade edece\u011fi hay\u0131r hizmetlerini g\u00fcc\u00fcm\u00fcz yetti\u011fince s\u00fcrd\u00fcrmek istiyoruz. Rabbim bizlere bunlar\u0131 ger\u00e7ekle\u015ftirecek kadar \u00f6m\u00fcr ve g\u00fc\u00e7 nasip etsin. Bu konuda dua ediyorum&#8221; dedi.<br \/>\n  T\u00f6ren sonunda hastane bah\u00e7esinde Enes G\u00fcltekin&#8217;in an\u0131s\u0131na dikilen fidan\u0131n \u00f6n\u00fcnde dua edildi. Enes G\u00fcltekin&#8217;in annesi Azize G\u00fcltekin ve d\u00fcn\u00fcrleri Habibe G\u00fcner, fidana su d\u00f6kerek dua etti. <\/p>\n<p>28.04.2025                              <\/p>\n","protected":false},"excerpt":{"rendered":"<p>&#8211; Ac\u0131l\u0131 baba Y\u00fcksel G\u00fcltekin: &#8211; &#8220;T\u00fcm hayat\u0131m\u0131z\u0131 hay\u0131r kap\u0131lar\u0131 a\u00e7acak m\u00fcesseseleri kurmaya adayaca\u011f\u0131z&#8221; Bolu Kartalkaya Kayak Merkezi&#8217;ndeki yang\u0131n facias\u0131nda ya\u015fam\u0131n\u0131 yitiren Dr. Enes G\u00fcltekin&#8217;in ad\u0131, \u0130zzet Baysal Devlet Hastanesi K\u00f6ro\u011flu \u00dcnitesi Acil Servisi&#8217;nde ya\u015fayacak. Vefat\u0131n\u0131n 97. g\u00fcn\u00fcnde Enes G\u00fcltekin&#8217;i anma t\u00f6reninde konu\u015fan babas\u0131 Avukat Y\u00fcksel G\u00fcltekin, &#8220;T\u00fcm hayat\u0131m\u0131z\u0131, evlatlar\u0131m\u0131z\u0131n adlar\u0131n\u0131 sonsuza kadar ya\u015fatacak ve [&hellip;]<\/p>\n","protected":false},"author":1,"featured_media":6136,"comment_status":"open","ping_status":"open","sticky":false,"template":"","format":"standard","meta":{"footnotes":""},"categories":[1],"tags":[],"class_list":["post-6135","post","type-post","status-publish","format-standard","has-post-thumbnail","hentry","category-genel"],"yoast_head":"<!-- This site is optimized with the Yoast SEO plugin v27.4 - https:\/\/yoast.com\/product\/yoast-seo-wordpress\/ -->\n<title>Kartalkaya&#039;daki yang\u0131n facias\u0131nda ya\u015fam\u0131n\u0131 yitiren doktorun ad\u0131 hastanede ya\u015fayacak - Memurun Sesi<\/title>\n<meta name=\"robots\" content=\"index, follow, max-snippet:-1, max-image-preview:large, max-video-preview:-1\" \/>\n<link rel=\"canonical\" href=\"https:\/\/memurunsesi.net\/index.php\/2025\/04\/28\/kartalkayadaki-yangin-faciasinda-yasamini-yitiren-doktorun-adi-hastanede-yasayacak\/\" \/>\n<meta property=\"og:locale\" content=\"tr_TR\" \/>\n<meta property=\"og:type\" content=\"article\" \/>\n<meta property=\"og:title\" content=\"Kartalkaya&#039;daki yang\u0131n facias\u0131nda ya\u015fam\u0131n\u0131 yitiren doktorun ad\u0131 hastanede ya\u015fayacak - Memurun Sesi\" \/>\n<meta property=\"og:description\" content=\"&#8211; Ac\u0131l\u0131 baba Y\u00fcksel G\u00fcltekin: &#8211; &#8220;T\u00fcm hayat\u0131m\u0131z\u0131 hay\u0131r kap\u0131lar\u0131 a\u00e7acak m\u00fcesseseleri kurmaya adayaca\u011f\u0131z&#8221; Bolu Kartalkaya Kayak Merkezi&#8217;ndeki yang\u0131n facias\u0131nda ya\u015fam\u0131n\u0131 yitiren Dr. Enes G\u00fcltekin&#8217;in ad\u0131, \u0130zzet Baysal Devlet Hastanesi K\u00f6ro\u011flu \u00dcnitesi Acil Servisi&#8217;nde ya\u015fayacak. Vefat\u0131n\u0131n 97. g\u00fcn\u00fcnde Enes G\u00fcltekin&#8217;i anma t\u00f6reninde konu\u015fan babas\u0131 Avukat Y\u00fcksel G\u00fcltekin, &#8220;T\u00fcm hayat\u0131m\u0131z\u0131, evlatlar\u0131m\u0131z\u0131n adlar\u0131n\u0131 sonsuza kadar ya\u015fatacak ve [&hellip;]\" \/>\n<meta property=\"og:url\" content=\"https:\/\/memurunsesi.net\/index.php\/2025\/04\/28\/kartalkayadaki-yangin-faciasinda-yasamini-yitiren-doktorun-adi-hastanede-yasayacak\/\" \/>\n<meta property=\"og:site_name\" content=\"Memurun Sesi\" \/>\n<meta property=\"article:publisher\" content=\"https:\/\/www.facebook.com\/unipersen\/?locale=tr_TR\" \/>\n<meta property=\"article:published_time\" content=\"2025-04-28T18:52:22+00:00\" \/>\n<meta property=\"og:image\" content=\"https:\/\/memurunsesi.net\/wp-content\/uploads\/2025\/04\/AW443011_01-scaled.jpg\" \/>\n\t<meta property=\"og:image:width\" content=\"2560\" \/>\n\t<meta property=\"og:image:height\" content=\"1707\" \/>\n\t<meta property=\"og:image:type\" content=\"image\/jpeg\" \/>\n<meta name=\"author\" content=\"Memurun Sesi Haber Merkezi\" \/>\n<meta name=\"twitter:card\" content=\"summary_large_image\" \/>\n<meta name=\"twitter:creator\" content=\"@unipersen\" \/>\n<meta name=\"twitter:site\" content=\"@unipersen\" \/>\n<meta name=\"twitter:label1\" content=\"Yazan:\" \/>\n\t<meta name=\"twitter:data1\" content=\"Memurun Sesi Haber Merkezi\" \/>\n\t<meta name=\"twitter:label2\" content=\"Tahmini okuma s\u00fcresi\" \/>\n\t<meta name=\"twitter:data2\" content=\"1 dakika\" \/>\n<script type=\"application\/ld+json\" class=\"yoast-schema-graph\">{\"@context\":\"https:\\\/\\\/schema.org\",\"@graph\":[{\"@type\":\"Article\",\"@id\":\"https:\\\/\\\/memurunsesi.net\\\/index.php\\\/2025\\\/04\\\/28\\\/kartalkayadaki-yangin-faciasinda-yasamini-yitiren-doktorun-adi-hastanede-yasayacak\\\/#article\",\"isPartOf\":{\"@id\":\"https:\\\/\\\/memurunsesi.net\\\/index.php\\\/2025\\\/04\\\/28\\\/kartalkayadaki-yangin-faciasinda-yasamini-yitiren-doktorun-adi-hastanede-yasayacak\\\/\"},\"author\":{\"name\":\"Memurun Sesi Haber Merkezi\",\"@id\":\"https:\\\/\\\/memurunsesi.net\\\/#\\\/schema\\\/person\\\/f21c2d73b89f6ee1d80b0a1803e38587\"},\"headline\":\"Kartalkaya&#8217;daki yang\u0131n facias\u0131nda ya\u015fam\u0131n\u0131 yitiren doktorun ad\u0131 hastanede ya\u015fayacak\",\"datePublished\":\"2025-04-28T18:52:22+00:00\",\"mainEntityOfPage\":{\"@id\":\"https:\\\/\\\/memurunsesi.net\\\/index.php\\\/2025\\\/04\\\/28\\\/kartalkayadaki-yangin-faciasinda-yasamini-yitiren-doktorun-adi-hastanede-yasayacak\\\/\"},\"wordCount\":1111,\"commentCount\":0,\"publisher\":{\"@id\":\"https:\\\/\\\/memurunsesi.net\\\/#organization\"},\"image\":{\"@id\":\"https:\\\/\\\/memurunsesi.net\\\/index.php\\\/2025\\\/04\\\/28\\\/kartalkayadaki-yangin-faciasinda-yasamini-yitiren-doktorun-adi-hastanede-yasayacak\\\/#primaryimage\"},\"thumbnailUrl\":\"https:\\\/\\\/memurunsesi.net\\\/wp-content\\\/uploads\\\/2025\\\/04\\\/AW443011_01-scaled.jpg\",\"inLanguage\":\"tr\",\"potentialAction\":[{\"@type\":\"CommentAction\",\"name\":\"Comment\",\"target\":[\"https:\\\/\\\/memurunsesi.net\\\/index.php\\\/2025\\\/04\\\/28\\\/kartalkayadaki-yangin-faciasinda-yasamini-yitiren-doktorun-adi-hastanede-yasayacak\\\/#respond\"]}]},{\"@type\":\"WebPage\",\"@id\":\"https:\\\/\\\/memurunsesi.net\\\/index.php\\\/2025\\\/04\\\/28\\\/kartalkayadaki-yangin-faciasinda-yasamini-yitiren-doktorun-adi-hastanede-yasayacak\\\/\",\"url\":\"https:\\\/\\\/memurunsesi.net\\\/index.php\\\/2025\\\/04\\\/28\\\/kartalkayadaki-yangin-faciasinda-yasamini-yitiren-doktorun-adi-hastanede-yasayacak\\\/\",\"name\":\"Kartalkaya'daki yang\u0131n facias\u0131nda ya\u015fam\u0131n\u0131 yitiren doktorun ad\u0131 hastanede ya\u015fayacak - Memurun Sesi\",\"isPartOf\":{\"@id\":\"https:\\\/\\\/memurunsesi.net\\\/#website\"},\"primaryImageOfPage\":{\"@id\":\"https:\\\/\\\/memurunsesi.net\\\/index.php\\\/2025\\\/04\\\/28\\\/kartalkayadaki-yangin-faciasinda-yasamini-yitiren-doktorun-adi-hastanede-yasayacak\\\/#primaryimage\"},\"image\":{\"@id\":\"https:\\\/\\\/memurunsesi.net\\\/index.php\\\/2025\\\/04\\\/28\\\/kartalkayadaki-yangin-faciasinda-yasamini-yitiren-doktorun-adi-hastanede-yasayacak\\\/#primaryimage\"},\"thumbnailUrl\":\"https:\\\/\\\/memurunsesi.net\\\/wp-content\\\/uploads\\\/2025\\\/04\\\/AW443011_01-scaled.jpg\",\"datePublished\":\"2025-04-28T18:52:22+00:00\",\"breadcrumb\":{\"@id\":\"https:\\\/\\\/memurunsesi.net\\\/index.php\\\/2025\\\/04\\\/28\\\/kartalkayadaki-yangin-faciasinda-yasamini-yitiren-doktorun-adi-hastanede-yasayacak\\\/#breadcrumb\"},\"inLanguage\":\"tr\",\"potentialAction\":[{\"@type\":\"ReadAction\",\"target\":[\"https:\\\/\\\/memurunsesi.net\\\/index.php\\\/2025\\\/04\\\/28\\\/kartalkayadaki-yangin-faciasinda-yasamini-yitiren-doktorun-adi-hastanede-yasayacak\\\/\"]}]},{\"@type\":\"ImageObject\",\"inLanguage\":\"tr\",\"@id\":\"https:\\\/\\\/memurunsesi.net\\\/index.php\\\/2025\\\/04\\\/28\\\/kartalkayadaki-yangin-faciasinda-yasamini-yitiren-doktorun-adi-hastanede-yasayacak\\\/#primaryimage\",\"url\":\"https:\\\/\\\/memurunsesi.net\\\/wp-content\\\/uploads\\\/2025\\\/04\\\/AW443011_01-scaled.jpg\",\"contentUrl\":\"https:\\\/\\\/memurunsesi.net\\\/wp-content\\\/uploads\\\/2025\\\/04\\\/AW443011_01-scaled.jpg\",\"width\":2560,\"height\":1707,\"caption\":\"Y\u00dcKSEL G\u00dcLTEK\u0130N (ENES \u00d6ZKAN\\\/BOLU-\u0130HA) Bolu Kartalkaya Kayak Merkezi'ndeki yang\u0131n facias\u0131nda ya\u015fam\u0131n\u0131 yitiren Dr. Enes G\u00fcltekin'in ad\u0131, \u0130zzet Baysal Devlet Hastanesi K\u00f6ro\u011flu \u00dcnitesi Acil Servisi'nde ya\u015fayacak. Vefat\u0131n\u0131n 97. g\u00fcn\u00fcnde Enes G\u00fcltekin'i anma t\u00f6reninde konu\u015fan babas\u0131 Avukat Y\u00fcksel G\u00fcltekin, \\\"T\u00fcm hayat\u0131m\u0131z\u0131, evlatlar\u0131m\u0131z\u0131n adlar\u0131n\u0131 sonsuza kadar ya\u015fatacak ve kapanmaz hay\u0131r kap\u0131lar\u0131 a\u00e7acak m\u00fcesseseleri kurmaya adayaca\u011f\u0131z\\\" dedi.\"},{\"@type\":\"BreadcrumbList\",\"@id\":\"https:\\\/\\\/memurunsesi.net\\\/index.php\\\/2025\\\/04\\\/28\\\/kartalkayadaki-yangin-faciasinda-yasamini-yitiren-doktorun-adi-hastanede-yasayacak\\\/#breadcrumb\",\"itemListElement\":[{\"@type\":\"ListItem\",\"position\":1,\"name\":\"Anasayfa\",\"item\":\"https:\\\/\\\/memurunsesi.net\\\/\"},{\"@type\":\"ListItem\",\"position\":2,\"name\":\"Kartalkaya&#8217;daki yang\u0131n facias\u0131nda ya\u015fam\u0131n\u0131 yitiren doktorun ad\u0131 hastanede ya\u015fayacak\"}]},{\"@type\":\"WebSite\",\"@id\":\"https:\\\/\\\/memurunsesi.net\\\/#website\",\"url\":\"https:\\\/\\\/memurunsesi.net\\\/\",\"name\":\"Memurun Sesi\",\"description\":\"G\u00fcncel ve Do\u011fru Haber\",\"publisher\":{\"@id\":\"https:\\\/\\\/memurunsesi.net\\\/#organization\"},\"potentialAction\":[{\"@type\":\"SearchAction\",\"target\":{\"@type\":\"EntryPoint\",\"urlTemplate\":\"https:\\\/\\\/memurunsesi.net\\\/?s={search_term_string}\"},\"query-input\":{\"@type\":\"PropertyValueSpecification\",\"valueRequired\":true,\"valueName\":\"search_term_string\"}}],\"inLanguage\":\"tr\"},{\"@type\":\"Organization\",\"@id\":\"https:\\\/\\\/memurunsesi.net\\\/#organization\",\"name\":\"Memurun Sesi\",\"url\":\"https:\\\/\\\/memurunsesi.net\\\/\",\"logo\":{\"@type\":\"ImageObject\",\"inLanguage\":\"tr\",\"@id\":\"https:\\\/\\\/memurunsesi.net\\\/#\\\/schema\\\/logo\\\/image\\\/\",\"url\":\"https:\\\/\\\/memurunsesi.net\\\/wp-content\\\/uploads\\\/2025\\\/11\\\/cropped-MEMURUN-SESI.png\",\"contentUrl\":\"https:\\\/\\\/memurunsesi.net\\\/wp-content\\\/uploads\\\/2025\\\/11\\\/cropped-MEMURUN-SESI.png\",\"width\":238,\"height\":57,\"caption\":\"Memurun Sesi\"},\"image\":{\"@id\":\"https:\\\/\\\/memurunsesi.net\\\/#\\\/schema\\\/logo\\\/image\\\/\"},\"sameAs\":[\"https:\\\/\\\/www.facebook.com\\\/unipersen\\\/?locale=tr_TR\",\"https:\\\/\\\/x.com\\\/unipersen\"]},{\"@type\":\"Person\",\"@id\":\"https:\\\/\\\/memurunsesi.net\\\/#\\\/schema\\\/person\\\/f21c2d73b89f6ee1d80b0a1803e38587\",\"name\":\"Memurun Sesi Haber Merkezi\",\"image\":{\"@type\":\"ImageObject\",\"inLanguage\":\"tr\",\"@id\":\"https:\\\/\\\/secure.gravatar.com\\\/avatar\\\/6cf0505f452ee753f485014986fab09a434671d2b919ee76fc541025c5876a70?s=96&d=mm&r=g\",\"url\":\"https:\\\/\\\/secure.gravatar.com\\\/avatar\\\/6cf0505f452ee753f485014986fab09a434671d2b919ee76fc541025c5876a70?s=96&d=mm&r=g\",\"contentUrl\":\"https:\\\/\\\/secure.gravatar.com\\\/avatar\\\/6cf0505f452ee753f485014986fab09a434671d2b919ee76fc541025c5876a70?s=96&d=mm&r=g\",\"caption\":\"Memurun Sesi Haber Merkezi\"},\"sameAs\":[\"https:\\\/\\\/memurunsesi.net\"],\"url\":\"https:\\\/\\\/memurunsesi.net\\\/index.php\\\/author\\\/uniper\\\/\"}]}<\/script>\n<!-- \/ Yoast SEO plugin. -->","yoast_head_json":{"title":"Kartalkaya'daki yang\u0131n facias\u0131nda ya\u015fam\u0131n\u0131 yitiren doktorun ad\u0131 hastanede ya\u015fayacak - Memurun Sesi","robots":{"index":"index","follow":"follow","max-snippet":"max-snippet:-1","max-image-preview":"max-image-preview:large","max-video-preview":"max-video-preview:-1"},"canonical":"https:\/\/memurunsesi.net\/index.php\/2025\/04\/28\/kartalkayadaki-yangin-faciasinda-yasamini-yitiren-doktorun-adi-hastanede-yasayacak\/","og_locale":"tr_TR","og_type":"article","og_title":"Kartalkaya'daki yang\u0131n facias\u0131nda ya\u015fam\u0131n\u0131 yitiren doktorun ad\u0131 hastanede ya\u015fayacak - Memurun Sesi","og_description":"&#8211; Ac\u0131l\u0131 baba Y\u00fcksel G\u00fcltekin: &#8211; &#8220;T\u00fcm hayat\u0131m\u0131z\u0131 hay\u0131r kap\u0131lar\u0131 a\u00e7acak m\u00fcesseseleri kurmaya adayaca\u011f\u0131z&#8221; Bolu Kartalkaya Kayak Merkezi&#8217;ndeki yang\u0131n facias\u0131nda ya\u015fam\u0131n\u0131 yitiren Dr. Enes G\u00fcltekin&#8217;in ad\u0131, \u0130zzet Baysal Devlet Hastanesi K\u00f6ro\u011flu \u00dcnitesi Acil Servisi&#8217;nde ya\u015fayacak. Vefat\u0131n\u0131n 97. g\u00fcn\u00fcnde Enes G\u00fcltekin&#8217;i anma t\u00f6reninde konu\u015fan babas\u0131 Avukat Y\u00fcksel G\u00fcltekin, &#8220;T\u00fcm hayat\u0131m\u0131z\u0131, evlatlar\u0131m\u0131z\u0131n adlar\u0131n\u0131 sonsuza kadar ya\u015fatacak ve [&hellip;]","og_url":"https:\/\/memurunsesi.net\/index.php\/2025\/04\/28\/kartalkayadaki-yangin-faciasinda-yasamini-yitiren-doktorun-adi-hastanede-yasayacak\/","og_site_name":"Memurun Sesi","article_publisher":"https:\/\/www.facebook.com\/unipersen\/?locale=tr_TR","article_published_time":"2025-04-28T18:52:22+00:00","og_image":[{"width":2560,"height":1707,"url":"https:\/\/memurunsesi.net\/wp-content\/uploads\/2025\/04\/AW443011_01-scaled.jpg","type":"image\/jpeg"}],"author":"Memurun Sesi Haber Merkezi","twitter_card":"summary_large_image","twitter_creator":"@unipersen","twitter_site":"@unipersen","twitter_misc":{"Yazan:":"Memurun Sesi Haber Merkezi","Tahmini okuma s\u00fcresi":"1 dakika"},"schema":{"@context":"https:\/\/schema.org","@graph":[{"@type":"Article","@id":"https:\/\/memurunsesi.net\/index.php\/2025\/04\/28\/kartalkayadaki-yangin-faciasinda-yasamini-yitiren-doktorun-adi-hastanede-yasayacak\/#article","isPartOf":{"@id":"https:\/\/memurunsesi.net\/index.php\/2025\/04\/28\/kartalkayadaki-yangin-faciasinda-yasamini-yitiren-doktorun-adi-hastanede-yasayacak\/"},"author":{"name":"Memurun Sesi Haber Merkezi","@id":"https:\/\/memurunsesi.net\/#\/schema\/person\/f21c2d73b89f6ee1d80b0a1803e38587"},"headline":"Kartalkaya&#8217;daki yang\u0131n facias\u0131nda ya\u015fam\u0131n\u0131 yitiren doktorun ad\u0131 hastanede ya\u015fayacak","datePublished":"2025-04-28T18:52:22+00:00","mainEntityOfPage":{"@id":"https:\/\/memurunsesi.net\/index.php\/2025\/04\/28\/kartalkayadaki-yangin-faciasinda-yasamini-yitiren-doktorun-adi-hastanede-yasayacak\/"},"wordCount":1111,"commentCount":0,"publisher":{"@id":"https:\/\/memurunsesi.net\/#organization"},"image":{"@id":"https:\/\/memurunsesi.net\/index.php\/2025\/04\/28\/kartalkayadaki-yangin-faciasinda-yasamini-yitiren-doktorun-adi-hastanede-yasayacak\/#primaryimage"},"thumbnailUrl":"https:\/\/memurunsesi.net\/wp-content\/uploads\/2025\/04\/AW443011_01-scaled.jpg","inLanguage":"tr","potentialAction":[{"@type":"CommentAction","name":"Comment","target":["https:\/\/memurunsesi.net\/index.php\/2025\/04\/28\/kartalkayadaki-yangin-faciasinda-yasamini-yitiren-doktorun-adi-hastanede-yasayacak\/#respond"]}]},{"@type":"WebPage","@id":"https:\/\/memurunsesi.net\/index.php\/2025\/04\/28\/kartalkayadaki-yangin-faciasinda-yasamini-yitiren-doktorun-adi-hastanede-yasayacak\/","url":"https:\/\/memurunsesi.net\/index.php\/2025\/04\/28\/kartalkayadaki-yangin-faciasinda-yasamini-yitiren-doktorun-adi-hastanede-yasayacak\/","name":"Kartalkaya'daki yang\u0131n facias\u0131nda ya\u015fam\u0131n\u0131 yitiren doktorun ad\u0131 hastanede ya\u015fayacak - Memurun Sesi","isPartOf":{"@id":"https:\/\/memurunsesi.net\/#website"},"primaryImageOfPage":{"@id":"https:\/\/memurunsesi.net\/index.php\/2025\/04\/28\/kartalkayadaki-yangin-faciasinda-yasamini-yitiren-doktorun-adi-hastanede-yasayacak\/#primaryimage"},"image":{"@id":"https:\/\/memurunsesi.net\/index.php\/2025\/04\/28\/kartalkayadaki-yangin-faciasinda-yasamini-yitiren-doktorun-adi-hastanede-yasayacak\/#primaryimage"},"thumbnailUrl":"https:\/\/memurunsesi.net\/wp-content\/uploads\/2025\/04\/AW443011_01-scaled.jpg","datePublished":"2025-04-28T18:52:22+00:00","breadcrumb":{"@id":"https:\/\/memurunsesi.net\/index.php\/2025\/04\/28\/kartalkayadaki-yangin-faciasinda-yasamini-yitiren-doktorun-adi-hastanede-yasayacak\/#breadcrumb"},"inLanguage":"tr","potentialAction":[{"@type":"ReadAction","target":["https:\/\/memurunsesi.net\/index.php\/2025\/04\/28\/kartalkayadaki-yangin-faciasinda-yasamini-yitiren-doktorun-adi-hastanede-yasayacak\/"]}]},{"@type":"ImageObject","inLanguage":"tr","@id":"https:\/\/memurunsesi.net\/index.php\/2025\/04\/28\/kartalkayadaki-yangin-faciasinda-yasamini-yitiren-doktorun-adi-hastanede-yasayacak\/#primaryimage","url":"https:\/\/memurunsesi.net\/wp-content\/uploads\/2025\/04\/AW443011_01-scaled.jpg","contentUrl":"https:\/\/memurunsesi.net\/wp-content\/uploads\/2025\/04\/AW443011_01-scaled.jpg","width":2560,"height":1707,"caption":"Y\u00dcKSEL G\u00dcLTEK\u0130N (ENES \u00d6ZKAN\/BOLU-\u0130HA) Bolu Kartalkaya Kayak Merkezi'ndeki yang\u0131n facias\u0131nda ya\u015fam\u0131n\u0131 yitiren Dr. Enes G\u00fcltekin'in ad\u0131, \u0130zzet Baysal Devlet Hastanesi K\u00f6ro\u011flu \u00dcnitesi Acil Servisi'nde ya\u015fayacak. Vefat\u0131n\u0131n 97. g\u00fcn\u00fcnde Enes G\u00fcltekin'i anma t\u00f6reninde konu\u015fan babas\u0131 Avukat Y\u00fcksel G\u00fcltekin, \"T\u00fcm hayat\u0131m\u0131z\u0131, evlatlar\u0131m\u0131z\u0131n adlar\u0131n\u0131 sonsuza kadar ya\u015fatacak ve kapanmaz hay\u0131r kap\u0131lar\u0131 a\u00e7acak m\u00fcesseseleri kurmaya adayaca\u011f\u0131z\" dedi."},{"@type":"BreadcrumbList","@id":"https:\/\/memurunsesi.net\/index.php\/2025\/04\/28\/kartalkayadaki-yangin-faciasinda-yasamini-yitiren-doktorun-adi-hastanede-yasayacak\/#breadcrumb","itemListElement":[{"@type":"ListItem","position":1,"name":"Anasayfa","item":"https:\/\/memurunsesi.net\/"},{"@type":"ListItem","position":2,"name":"Kartalkaya&#8217;daki yang\u0131n facias\u0131nda ya\u015fam\u0131n\u0131 yitiren doktorun ad\u0131 hastanede ya\u015fayacak"}]},{"@type":"WebSite","@id":"https:\/\/memurunsesi.net\/#website","url":"https:\/\/memurunsesi.net\/","name":"Memurun Sesi","description":"G\u00fcncel ve Do\u011fru Haber","publisher":{"@id":"https:\/\/memurunsesi.net\/#organization"},"potentialAction":[{"@type":"SearchAction","target":{"@type":"EntryPoint","urlTemplate":"https:\/\/memurunsesi.net\/?s={search_term_string}"},"query-input":{"@type":"PropertyValueSpecification","valueRequired":true,"valueName":"search_term_string"}}],"inLanguage":"tr"},{"@type":"Organization","@id":"https:\/\/memurunsesi.net\/#organization","name":"Memurun Sesi","url":"https:\/\/memurunsesi.net\/","logo":{"@type":"ImageObject","inLanguage":"tr","@id":"https:\/\/memurunsesi.net\/#\/schema\/logo\/image\/","url":"https:\/\/memurunsesi.net\/wp-content\/uploads\/2025\/11\/cropped-MEMURUN-SESI.png","contentUrl":"https:\/\/memurunsesi.net\/wp-content\/uploads\/2025\/11\/cropped-MEMURUN-SESI.png","width":238,"height":57,"caption":"Memurun Sesi"},"image":{"@id":"https:\/\/memurunsesi.net\/#\/schema\/logo\/image\/"},"sameAs":["https:\/\/www.facebook.com\/unipersen\/?locale=tr_TR","https:\/\/x.com\/unipersen"]},{"@type":"Person","@id":"https:\/\/memurunsesi.net\/#\/schema\/person\/f21c2d73b89f6ee1d80b0a1803e38587","name":"Memurun Sesi Haber Merkezi","image":{"@type":"ImageObject","inLanguage":"tr","@id":"https:\/\/secure.gravatar.com\/avatar\/6cf0505f452ee753f485014986fab09a434671d2b919ee76fc541025c5876a70?s=96&d=mm&r=g","url":"https:\/\/secure.gravatar.com\/avatar\/6cf0505f452ee753f485014986fab09a434671d2b919ee76fc541025c5876a70?s=96&d=mm&r=g","contentUrl":"https:\/\/secure.gravatar.com\/avatar\/6cf0505f452ee753f485014986fab09a434671d2b919ee76fc541025c5876a70?s=96&d=mm&r=g","caption":"Memurun Sesi Haber Merkezi"},"sameAs":["https:\/\/memurunsesi.net"],"url":"https:\/\/memurunsesi.net\/index.php\/author\/uniper\/"}]}},"_links":{"self":[{"href":"https:\/\/memurunsesi.net\/index.php\/wp-json\/wp\/v2\/posts\/6135","targetHints":{"allow":["GET"]}}],"collection":[{"href":"https:\/\/memurunsesi.net\/index.php\/wp-json\/wp\/v2\/posts"}],"about":[{"href":"https:\/\/memurunsesi.net\/index.php\/wp-json\/wp\/v2\/types\/post"}],"author":[{"embeddable":true,"href":"https:\/\/memurunsesi.net\/index.php\/wp-json\/wp\/v2\/users\/1"}],"replies":[{"embeddable":true,"href":"https:\/\/memurunsesi.net\/index.php\/wp-json\/wp\/v2\/comments?post=6135"}],"version-history":[{"count":1,"href":"https:\/\/memurunsesi.net\/index.php\/wp-json\/wp\/v2\/posts\/6135\/revisions"}],"predecessor-version":[{"id":6137,"href":"https:\/\/memurunsesi.net\/index.php\/wp-json\/wp\/v2\/posts\/6135\/revisions\/6137"}],"wp:featuredmedia":[{"embeddable":true,"href":"https:\/\/memurunsesi.net\/index.php\/wp-json\/wp\/v2\/media\/6136"}],"wp:attachment":[{"href":"https:\/\/memurunsesi.net\/index.php\/wp-json\/wp\/v2\/media?parent=6135"}],"wp:term":[{"taxonomy":"category","embeddable":true,"href":"https:\/\/memurunsesi.net\/index.php\/wp-json\/wp\/v2\/categories?post=6135"},{"taxonomy":"post_tag","embeddable":true,"href":"https:\/\/memurunsesi.net\/index.php\/wp-json\/wp\/v2\/tags?post=6135"}],"curies":[{"name":"wp","href":"https:\/\/api.w.org\/{rel}","templated":true}]}}