{"id":6138,"date":"2025-04-28T21:58:02","date_gmt":"2025-04-28T18:58:02","guid":{"rendered":"https:\/\/memurunsesi.net\/?p=6138"},"modified":"2025-04-28T21:58:02","modified_gmt":"2025-04-28T18:58:02","slug":"6138","status":"publish","type":"post","link":"https:\/\/memurunsesi.net\/index.php\/2025\/04\/28\/6138\/","title":{"rendered":""},"content":{"rendered":"<p> Sakarya&#8217;n\u0131n Akyaz\u0131 il\u00e7esinde silahla yaralad\u0131\u011f\u0131 damad\u0131 taraf\u0131ndan yakla\u015f\u0131k 15 b\u0131\u00e7ak darbesiyle \u00f6ld\u00fcr\u00fclen kay\u0131npeder, son yolculu\u011funa u\u011furland\u0131.<br \/>\n  K\u00fc\u00e7\u00fccek Mahallesi&#8217;nde gece saatlerinde ya\u015fanan olayda Turhan K\u0131l\u0131\u00e7kan (64) ile damad\u0131 Y.O.A. (38) aras\u0131nda hen\u00fcz bilinmeyen bir sebeple tart\u0131\u015fma \u00e7\u0131kt\u0131. Kavgaya d\u00f6n\u00fc\u015fen tart\u0131\u015fmada K\u0131l\u0131\u00e7kan&#8217;\u0131n silah\u0131ndan \u00e7\u0131kan 3 kur\u015fun, damad\u0131n\u0131n baca\u011f\u0131na isabet etti. Yaral\u0131 damat ise kay\u0131npederi K\u0131l\u0131\u00e7kan&#8217;\u0131 yakla\u015f\u0131k 15 b\u0131\u00e7ak darbesi ile a\u011f\u0131r yaralad\u0131. Kavgay\u0131 ay\u0131rmak istedi\u011fi esnada yaralanan K.G. ile kay\u0131npeder K\u0131l\u0131\u00e7kan ve damad\u0131 Y.O.A. hastaneye kald\u0131r\u0131ld\u0131. K\u0131l\u0131\u00e7kan, burada yap\u0131lan m\u00fcdahalelere ra\u011fmen kurtar\u0131lamayarak hayat\u0131n\u0131 kaybetti. Kay\u0131npederi taraf\u0131ndan silahla vurulan Y.O.A. ile kavgay\u0131 ay\u0131rmak istedi\u011fi esnada yaralanan K.G.&#8217;nin ise hastanedeki tedavilerinin s\u00fcrd\u00fc\u011f\u00fc \u00f6\u011frenildi. <\/p>\n<p>  Damad\u0131 taraf\u0131ndan \u00f6ld\u00fcr\u00fclen kay\u0131npeder son yolculu\u011funa u\u011furland\u0131<br \/>\n  Silahla vurarak yaralad\u0131\u011f\u0131 damad\u0131n\u0131n b\u0131\u00e7ak darbeleri ile \u00f6ld\u00fcrd\u00fc\u011f\u00fc Turhan K\u0131l\u0131\u00e7kan, Karap\u00fcr\u00e7ek Merkez Camii&#8217;nde ikindi namaz\u0131n\u0131 m\u00fcteakip k\u0131l\u0131nan cenaze namaz\u0131n\u0131n ard\u0131ndan son yolculu\u011funa u\u011furland\u0131. \u00d6te yandan, kay\u0131npederini \u00f6ld\u00fcren Y.O.A.&#8217;n\u0131n e\u015fi E.K. ile bo\u015fanma a\u015famas\u0131nda oldu\u011fu \u00f6\u011frenildi. <\/p>\n<p>28.04.2025                             <\/p>\n","protected":false},"excerpt":{"rendered":"<p>Sakarya&#8217;n\u0131n Akyaz\u0131 il\u00e7esinde silahla yaralad\u0131\u011f\u0131 damad\u0131 taraf\u0131ndan yakla\u015f\u0131k 15 b\u0131\u00e7ak darbesiyle \u00f6ld\u00fcr\u00fclen kay\u0131npeder, son yolculu\u011funa u\u011furland\u0131. K\u00fc\u00e7\u00fccek Mahallesi&#8217;nde gece saatlerinde ya\u015fanan olayda Turhan K\u0131l\u0131\u00e7kan (64) ile damad\u0131 Y.O.A. (38) aras\u0131nda hen\u00fcz bilinmeyen bir sebeple tart\u0131\u015fma \u00e7\u0131kt\u0131. Kavgaya d\u00f6n\u00fc\u015fen tart\u0131\u015fmada K\u0131l\u0131\u00e7kan&#8217;\u0131n silah\u0131ndan \u00e7\u0131kan 3 kur\u015fun, damad\u0131n\u0131n baca\u011f\u0131na isabet etti. Yaral\u0131 damat ise kay\u0131npederi K\u0131l\u0131\u00e7kan&#8217;\u0131 yakla\u015f\u0131k 15 [&hellip;]<\/p>\n","protected":false},"author":1,"featured_media":6139,"comment_status":"open","ping_status":"open","sticky":false,"template":"","format":"standard","meta":{"footnotes":""},"categories":[1],"tags":[],"class_list":["post-6138","post","type-post","status-publish","format-standard","has-post-thumbnail","hentry","category-genel"],"yoast_head":"<!-- This site is optimized with the Yoast SEO plugin v27.4 - https:\/\/yoast.com\/product\/yoast-seo-wordpress\/ -->\n<title>- Memurun Sesi<\/title>\n<meta name=\"robots\" content=\"index, follow, max-snippet:-1, max-image-preview:large, max-video-preview:-1\" \/>\n<link rel=\"canonical\" href=\"https:\/\/memurunsesi.net\/index.php\/2025\/04\/28\/6138\/\" \/>\n<meta property=\"og:locale\" content=\"tr_TR\" \/>\n<meta property=\"og:type\" content=\"article\" \/>\n<meta property=\"og:title\" content=\"- Memurun Sesi\" \/>\n<meta property=\"og:description\" content=\"Sakarya&#8217;n\u0131n Akyaz\u0131 il\u00e7esinde silahla yaralad\u0131\u011f\u0131 damad\u0131 taraf\u0131ndan yakla\u015f\u0131k 15 b\u0131\u00e7ak darbesiyle \u00f6ld\u00fcr\u00fclen kay\u0131npeder, son yolculu\u011funa u\u011furland\u0131. K\u00fc\u00e7\u00fccek Mahallesi&#8217;nde gece saatlerinde ya\u015fanan olayda Turhan K\u0131l\u0131\u00e7kan (64) ile damad\u0131 Y.O.A. (38) aras\u0131nda hen\u00fcz bilinmeyen bir sebeple tart\u0131\u015fma \u00e7\u0131kt\u0131. Kavgaya d\u00f6n\u00fc\u015fen tart\u0131\u015fmada K\u0131l\u0131\u00e7kan&#8217;\u0131n silah\u0131ndan \u00e7\u0131kan 3 kur\u015fun, damad\u0131n\u0131n baca\u011f\u0131na isabet etti. Yaral\u0131 damat ise kay\u0131npederi K\u0131l\u0131\u00e7kan&#8217;\u0131 yakla\u015f\u0131k 15 [&hellip;]\" \/>\n<meta property=\"og:url\" content=\"https:\/\/memurunsesi.net\/index.php\/2025\/04\/28\/6138\/\" \/>\n<meta property=\"og:site_name\" content=\"Memurun Sesi\" \/>\n<meta property=\"article:publisher\" content=\"https:\/\/www.facebook.com\/unipersen\/?locale=tr_TR\" \/>\n<meta property=\"article:published_time\" content=\"2025-04-28T18:58:02+00:00\" \/>\n<meta property=\"og:image\" content=\"https:\/\/memurunsesi.net\/wp-content\/uploads\/2025\/04\/AW443007_01-scaled.jpg\" \/>\n\t<meta property=\"og:image:width\" content=\"2560\" \/>\n\t<meta property=\"og:image:height\" content=\"1920\" \/>\n\t<meta property=\"og:image:type\" content=\"image\/jpeg\" \/>\n<meta name=\"author\" content=\"Memurun Sesi Haber Merkezi\" \/>\n<meta name=\"twitter:card\" content=\"summary_large_image\" \/>\n<meta name=\"twitter:creator\" content=\"@unipersen\" \/>\n<meta name=\"twitter:site\" content=\"@unipersen\" \/>\n<meta name=\"twitter:label1\" content=\"Yazan:\" \/>\n\t<meta name=\"twitter:data1\" content=\"Memurun Sesi Haber Merkezi\" \/>\n\t<meta name=\"twitter:label2\" content=\"Tahmini okuma s\u00fcresi\" \/>\n\t<meta name=\"twitter:data2\" content=\"1 dakika\" \/>\n<script type=\"application\/ld+json\" class=\"yoast-schema-graph\">{\"@context\":\"https:\\\/\\\/schema.org\",\"@graph\":[{\"@type\":\"Article\",\"@id\":\"https:\\\/\\\/memurunsesi.net\\\/index.php\\\/2025\\\/04\\\/28\\\/6138\\\/#article\",\"isPartOf\":{\"@id\":\"https:\\\/\\\/memurunsesi.net\\\/index.php\\\/2025\\\/04\\\/28\\\/6138\\\/\"},\"author\":{\"name\":\"Memurun Sesi Haber Merkezi\",\"@id\":\"https:\\\/\\\/memurunsesi.net\\\/#\\\/schema\\\/person\\\/f21c2d73b89f6ee1d80b0a1803e38587\"},\"headline\":\"Ba\u015fl\u0131k yok\",\"datePublished\":\"2025-04-28T18:58:02+00:00\",\"mainEntityOfPage\":{\"@id\":\"https:\\\/\\\/memurunsesi.net\\\/index.php\\\/2025\\\/04\\\/28\\\/6138\\\/\"},\"wordCount\":236,\"commentCount\":0,\"publisher\":{\"@id\":\"https:\\\/\\\/memurunsesi.net\\\/#organization\"},\"image\":{\"@id\":\"https:\\\/\\\/memurunsesi.net\\\/index.php\\\/2025\\\/04\\\/28\\\/6138\\\/#primaryimage\"},\"thumbnailUrl\":\"https:\\\/\\\/memurunsesi.net\\\/wp-content\\\/uploads\\\/2025\\\/04\\\/AW443007_01-scaled.jpg\",\"inLanguage\":\"tr\",\"potentialAction\":[{\"@type\":\"CommentAction\",\"name\":\"Comment\",\"target\":[\"https:\\\/\\\/memurunsesi.net\\\/index.php\\\/2025\\\/04\\\/28\\\/6138\\\/#respond\"]}]},{\"@type\":\"WebPage\",\"@id\":\"https:\\\/\\\/memurunsesi.net\\\/index.php\\\/2025\\\/04\\\/28\\\/6138\\\/\",\"url\":\"https:\\\/\\\/memurunsesi.net\\\/index.php\\\/2025\\\/04\\\/28\\\/6138\\\/\",\"name\":\"- Memurun Sesi\",\"isPartOf\":{\"@id\":\"https:\\\/\\\/memurunsesi.net\\\/#website\"},\"primaryImageOfPage\":{\"@id\":\"https:\\\/\\\/memurunsesi.net\\\/index.php\\\/2025\\\/04\\\/28\\\/6138\\\/#primaryimage\"},\"image\":{\"@id\":\"https:\\\/\\\/memurunsesi.net\\\/index.php\\\/2025\\\/04\\\/28\\\/6138\\\/#primaryimage\"},\"thumbnailUrl\":\"https:\\\/\\\/memurunsesi.net\\\/wp-content\\\/uploads\\\/2025\\\/04\\\/AW443007_01-scaled.jpg\",\"datePublished\":\"2025-04-28T18:58:02+00:00\",\"inLanguage\":\"tr\",\"potentialAction\":[{\"@type\":\"ReadAction\",\"target\":[\"https:\\\/\\\/memurunsesi.net\\\/index.php\\\/2025\\\/04\\\/28\\\/6138\\\/\"]}]},{\"@type\":\"ImageObject\",\"inLanguage\":\"tr\",\"@id\":\"https:\\\/\\\/memurunsesi.net\\\/index.php\\\/2025\\\/04\\\/28\\\/6138\\\/#primaryimage\",\"url\":\"https:\\\/\\\/memurunsesi.net\\\/wp-content\\\/uploads\\\/2025\\\/04\\\/AW443007_01-scaled.jpg\",\"contentUrl\":\"https:\\\/\\\/memurunsesi.net\\\/wp-content\\\/uploads\\\/2025\\\/04\\\/AW443007_01-scaled.jpg\",\"width\":2560,\"height\":1920,\"caption\":\"SAKARYA'NIN AKYAZI \u0130L\u00c7ES\u0130NDE S\u0130LAHLA YARALADI\u011eI DAMADI TARAFINDAN YAKLA\u015eIK 15 BI\u00c7AK DARBES\u0130YLE \u00d6LD\u00dcR\u00dcLEN KAYINPEDER, SON YOLCULU\u011eUNA U\u011eURLANDI. (AL\u0130 SAMET YILDIRIM\\\/SAKARYA-\u0130HA) Sakarya'n\u0131n Akyaz\u0131 il\u00e7esinde silahla yaralad\u0131\u011f\u0131 damad\u0131 taraf\u0131ndan yakla\u015f\u0131k 15 b\u0131\u00e7ak darbesiyle \u00f6ld\u00fcr\u00fclen kay\u0131npeder, son yolculu\u011funa u\u011furland\u0131.\"},{\"@type\":\"WebSite\",\"@id\":\"https:\\\/\\\/memurunsesi.net\\\/#website\",\"url\":\"https:\\\/\\\/memurunsesi.net\\\/\",\"name\":\"Memurun Sesi\",\"description\":\"G\u00fcncel ve Do\u011fru Haber\",\"publisher\":{\"@id\":\"https:\\\/\\\/memurunsesi.net\\\/#organization\"},\"potentialAction\":[{\"@type\":\"SearchAction\",\"target\":{\"@type\":\"EntryPoint\",\"urlTemplate\":\"https:\\\/\\\/memurunsesi.net\\\/?s={search_term_string}\"},\"query-input\":{\"@type\":\"PropertyValueSpecification\",\"valueRequired\":true,\"valueName\":\"search_term_string\"}}],\"inLanguage\":\"tr\"},{\"@type\":\"Organization\",\"@id\":\"https:\\\/\\\/memurunsesi.net\\\/#organization\",\"name\":\"Memurun Sesi\",\"url\":\"https:\\\/\\\/memurunsesi.net\\\/\",\"logo\":{\"@type\":\"ImageObject\",\"inLanguage\":\"tr\",\"@id\":\"https:\\\/\\\/memurunsesi.net\\\/#\\\/schema\\\/logo\\\/image\\\/\",\"url\":\"https:\\\/\\\/memurunsesi.net\\\/wp-content\\\/uploads\\\/2025\\\/11\\\/cropped-MEMURUN-SESI.png\",\"contentUrl\":\"https:\\\/\\\/memurunsesi.net\\\/wp-content\\\/uploads\\\/2025\\\/11\\\/cropped-MEMURUN-SESI.png\",\"width\":238,\"height\":57,\"caption\":\"Memurun Sesi\"},\"image\":{\"@id\":\"https:\\\/\\\/memurunsesi.net\\\/#\\\/schema\\\/logo\\\/image\\\/\"},\"sameAs\":[\"https:\\\/\\\/www.facebook.com\\\/unipersen\\\/?locale=tr_TR\",\"https:\\\/\\\/x.com\\\/unipersen\"]},{\"@type\":\"Person\",\"@id\":\"https:\\\/\\\/memurunsesi.net\\\/#\\\/schema\\\/person\\\/f21c2d73b89f6ee1d80b0a1803e38587\",\"name\":\"Memurun Sesi Haber Merkezi\",\"image\":{\"@type\":\"ImageObject\",\"inLanguage\":\"tr\",\"@id\":\"https:\\\/\\\/secure.gravatar.com\\\/avatar\\\/6cf0505f452ee753f485014986fab09a434671d2b919ee76fc541025c5876a70?s=96&d=mm&r=g\",\"url\":\"https:\\\/\\\/secure.gravatar.com\\\/avatar\\\/6cf0505f452ee753f485014986fab09a434671d2b919ee76fc541025c5876a70?s=96&d=mm&r=g\",\"contentUrl\":\"https:\\\/\\\/secure.gravatar.com\\\/avatar\\\/6cf0505f452ee753f485014986fab09a434671d2b919ee76fc541025c5876a70?s=96&d=mm&r=g\",\"caption\":\"Memurun Sesi Haber Merkezi\"},\"sameAs\":[\"https:\\\/\\\/memurunsesi.net\"],\"url\":\"https:\\\/\\\/memurunsesi.net\\\/index.php\\\/author\\\/uniper\\\/\"}]}<\/script>\n<!-- \/ Yoast SEO plugin. -->","yoast_head_json":{"title":"- Memurun Sesi","robots":{"index":"index","follow":"follow","max-snippet":"max-snippet:-1","max-image-preview":"max-image-preview:large","max-video-preview":"max-video-preview:-1"},"canonical":"https:\/\/memurunsesi.net\/index.php\/2025\/04\/28\/6138\/","og_locale":"tr_TR","og_type":"article","og_title":"- Memurun Sesi","og_description":"Sakarya&#8217;n\u0131n Akyaz\u0131 il\u00e7esinde silahla yaralad\u0131\u011f\u0131 damad\u0131 taraf\u0131ndan yakla\u015f\u0131k 15 b\u0131\u00e7ak darbesiyle \u00f6ld\u00fcr\u00fclen kay\u0131npeder, son yolculu\u011funa u\u011furland\u0131. K\u00fc\u00e7\u00fccek Mahallesi&#8217;nde gece saatlerinde ya\u015fanan olayda Turhan K\u0131l\u0131\u00e7kan (64) ile damad\u0131 Y.O.A. (38) aras\u0131nda hen\u00fcz bilinmeyen bir sebeple tart\u0131\u015fma \u00e7\u0131kt\u0131. Kavgaya d\u00f6n\u00fc\u015fen tart\u0131\u015fmada K\u0131l\u0131\u00e7kan&#8217;\u0131n silah\u0131ndan \u00e7\u0131kan 3 kur\u015fun, damad\u0131n\u0131n baca\u011f\u0131na isabet etti. Yaral\u0131 damat ise kay\u0131npederi K\u0131l\u0131\u00e7kan&#8217;\u0131 yakla\u015f\u0131k 15 [&hellip;]","og_url":"https:\/\/memurunsesi.net\/index.php\/2025\/04\/28\/6138\/","og_site_name":"Memurun Sesi","article_publisher":"https:\/\/www.facebook.com\/unipersen\/?locale=tr_TR","article_published_time":"2025-04-28T18:58:02+00:00","og_image":[{"width":2560,"height":1920,"url":"https:\/\/memurunsesi.net\/wp-content\/uploads\/2025\/04\/AW443007_01-scaled.jpg","type":"image\/jpeg"}],"author":"Memurun Sesi Haber Merkezi","twitter_card":"summary_large_image","twitter_creator":"@unipersen","twitter_site":"@unipersen","twitter_misc":{"Yazan:":"Memurun Sesi Haber Merkezi","Tahmini okuma s\u00fcresi":"1 dakika"},"schema":{"@context":"https:\/\/schema.org","@graph":[{"@type":"Article","@id":"https:\/\/memurunsesi.net\/index.php\/2025\/04\/28\/6138\/#article","isPartOf":{"@id":"https:\/\/memurunsesi.net\/index.php\/2025\/04\/28\/6138\/"},"author":{"name":"Memurun Sesi Haber Merkezi","@id":"https:\/\/memurunsesi.net\/#\/schema\/person\/f21c2d73b89f6ee1d80b0a1803e38587"},"headline":"Ba\u015fl\u0131k yok","datePublished":"2025-04-28T18:58:02+00:00","mainEntityOfPage":{"@id":"https:\/\/memurunsesi.net\/index.php\/2025\/04\/28\/6138\/"},"wordCount":236,"commentCount":0,"publisher":{"@id":"https:\/\/memurunsesi.net\/#organization"},"image":{"@id":"https:\/\/memurunsesi.net\/index.php\/2025\/04\/28\/6138\/#primaryimage"},"thumbnailUrl":"https:\/\/memurunsesi.net\/wp-content\/uploads\/2025\/04\/AW443007_01-scaled.jpg","inLanguage":"tr","potentialAction":[{"@type":"CommentAction","name":"Comment","target":["https:\/\/memurunsesi.net\/index.php\/2025\/04\/28\/6138\/#respond"]}]},{"@type":"WebPage","@id":"https:\/\/memurunsesi.net\/index.php\/2025\/04\/28\/6138\/","url":"https:\/\/memurunsesi.net\/index.php\/2025\/04\/28\/6138\/","name":"- Memurun Sesi","isPartOf":{"@id":"https:\/\/memurunsesi.net\/#website"},"primaryImageOfPage":{"@id":"https:\/\/memurunsesi.net\/index.php\/2025\/04\/28\/6138\/#primaryimage"},"image":{"@id":"https:\/\/memurunsesi.net\/index.php\/2025\/04\/28\/6138\/#primaryimage"},"thumbnailUrl":"https:\/\/memurunsesi.net\/wp-content\/uploads\/2025\/04\/AW443007_01-scaled.jpg","datePublished":"2025-04-28T18:58:02+00:00","inLanguage":"tr","potentialAction":[{"@type":"ReadAction","target":["https:\/\/memurunsesi.net\/index.php\/2025\/04\/28\/6138\/"]}]},{"@type":"ImageObject","inLanguage":"tr","@id":"https:\/\/memurunsesi.net\/index.php\/2025\/04\/28\/6138\/#primaryimage","url":"https:\/\/memurunsesi.net\/wp-content\/uploads\/2025\/04\/AW443007_01-scaled.jpg","contentUrl":"https:\/\/memurunsesi.net\/wp-content\/uploads\/2025\/04\/AW443007_01-scaled.jpg","width":2560,"height":1920,"caption":"SAKARYA'NIN AKYAZI \u0130L\u00c7ES\u0130NDE S\u0130LAHLA YARALADI\u011eI DAMADI TARAFINDAN YAKLA\u015eIK 15 BI\u00c7AK DARBES\u0130YLE \u00d6LD\u00dcR\u00dcLEN KAYINPEDER, SON YOLCULU\u011eUNA U\u011eURLANDI. (AL\u0130 SAMET YILDIRIM\/SAKARYA-\u0130HA) Sakarya'n\u0131n Akyaz\u0131 il\u00e7esinde silahla yaralad\u0131\u011f\u0131 damad\u0131 taraf\u0131ndan yakla\u015f\u0131k 15 b\u0131\u00e7ak darbesiyle \u00f6ld\u00fcr\u00fclen kay\u0131npeder, son yolculu\u011funa u\u011furland\u0131."},{"@type":"WebSite","@id":"https:\/\/memurunsesi.net\/#website","url":"https:\/\/memurunsesi.net\/","name":"Memurun Sesi","description":"G\u00fcncel ve Do\u011fru Haber","publisher":{"@id":"https:\/\/memurunsesi.net\/#organization"},"potentialAction":[{"@type":"SearchAction","target":{"@type":"EntryPoint","urlTemplate":"https:\/\/memurunsesi.net\/?s={search_term_string}"},"query-input":{"@type":"PropertyValueSpecification","valueRequired":true,"valueName":"search_term_string"}}],"inLanguage":"tr"},{"@type":"Organization","@id":"https:\/\/memurunsesi.net\/#organization","name":"Memurun Sesi","url":"https:\/\/memurunsesi.net\/","logo":{"@type":"ImageObject","inLanguage":"tr","@id":"https:\/\/memurunsesi.net\/#\/schema\/logo\/image\/","url":"https:\/\/memurunsesi.net\/wp-content\/uploads\/2025\/11\/cropped-MEMURUN-SESI.png","contentUrl":"https:\/\/memurunsesi.net\/wp-content\/uploads\/2025\/11\/cropped-MEMURUN-SESI.png","width":238,"height":57,"caption":"Memurun Sesi"},"image":{"@id":"https:\/\/memurunsesi.net\/#\/schema\/logo\/image\/"},"sameAs":["https:\/\/www.facebook.com\/unipersen\/?locale=tr_TR","https:\/\/x.com\/unipersen"]},{"@type":"Person","@id":"https:\/\/memurunsesi.net\/#\/schema\/person\/f21c2d73b89f6ee1d80b0a1803e38587","name":"Memurun Sesi Haber Merkezi","image":{"@type":"ImageObject","inLanguage":"tr","@id":"https:\/\/secure.gravatar.com\/avatar\/6cf0505f452ee753f485014986fab09a434671d2b919ee76fc541025c5876a70?s=96&d=mm&r=g","url":"https:\/\/secure.gravatar.com\/avatar\/6cf0505f452ee753f485014986fab09a434671d2b919ee76fc541025c5876a70?s=96&d=mm&r=g","contentUrl":"https:\/\/secure.gravatar.com\/avatar\/6cf0505f452ee753f485014986fab09a434671d2b919ee76fc541025c5876a70?s=96&d=mm&r=g","caption":"Memurun Sesi Haber Merkezi"},"sameAs":["https:\/\/memurunsesi.net"],"url":"https:\/\/memurunsesi.net\/index.php\/author\/uniper\/"}]}},"_links":{"self":[{"href":"https:\/\/memurunsesi.net\/index.php\/wp-json\/wp\/v2\/posts\/6138","targetHints":{"allow":["GET"]}}],"collection":[{"href":"https:\/\/memurunsesi.net\/index.php\/wp-json\/wp\/v2\/posts"}],"about":[{"href":"https:\/\/memurunsesi.net\/index.php\/wp-json\/wp\/v2\/types\/post"}],"author":[{"embeddable":true,"href":"https:\/\/memurunsesi.net\/index.php\/wp-json\/wp\/v2\/users\/1"}],"replies":[{"embeddable":true,"href":"https:\/\/memurunsesi.net\/index.php\/wp-json\/wp\/v2\/comments?post=6138"}],"version-history":[{"count":1,"href":"https:\/\/memurunsesi.net\/index.php\/wp-json\/wp\/v2\/posts\/6138\/revisions"}],"predecessor-version":[{"id":6140,"href":"https:\/\/memurunsesi.net\/index.php\/wp-json\/wp\/v2\/posts\/6138\/revisions\/6140"}],"wp:featuredmedia":[{"embeddable":true,"href":"https:\/\/memurunsesi.net\/index.php\/wp-json\/wp\/v2\/media\/6139"}],"wp:attachment":[{"href":"https:\/\/memurunsesi.net\/index.php\/wp-json\/wp\/v2\/media?parent=6138"}],"wp:term":[{"taxonomy":"category","embeddable":true,"href":"https:\/\/memurunsesi.net\/index.php\/wp-json\/wp\/v2\/categories?post=6138"},{"taxonomy":"post_tag","embeddable":true,"href":"https:\/\/memurunsesi.net\/index.php\/wp-json\/wp\/v2\/tags?post=6138"}],"curies":[{"name":"wp","href":"https:\/\/api.w.org\/{rel}","templated":true}]}}