{"id":6141,"date":"2025-04-28T22:03:45","date_gmt":"2025-04-28T19:03:45","guid":{"rendered":"https:\/\/memurunsesi.net\/?p=6141"},"modified":"2025-04-28T22:03:45","modified_gmt":"2025-04-28T19:03:45","slug":"kucukcekmecede-park-halindeki-arac-alev-alev-yandi","status":"publish","type":"post","link":"https:\/\/memurunsesi.net\/index.php\/2025\/04\/28\/kucukcekmecede-park-halindeki-arac-alev-alev-yandi\/","title":{"rendered":"K\u00fc\u00e7\u00fck\u00e7ekmece\u2019de park halindeki ara\u00e7 alev alev yand\u0131"},"content":{"rendered":"<p> \u0130stanbul K\u00fc\u00e7\u00fck\u00e7ekmece\u2019de bo\u015f arazide park halindeki ara\u00e7 alev alev yand\u0131. Kullan\u0131lamaz hale gelen arac\u0131n alevler i\u00e7inde kald\u0131\u011f\u0131 anlar kameraya yans\u0131d\u0131.<br \/>\n  Olay, ak\u015fam saatlerinde K\u00fc\u00e7\u00fck\u00e7ekmece Kanarya Mahallesi Huzur Caddesi \u00fczerindeki bo\u015f arazide meydana geldi. \u0130ddiaya g\u00f6re, bo\u015f arazide park halindeki 34 NDB 86 plakal\u0131 hafif ticari ara\u00e7 bilinmeyen bir nedenle alevli \u015fekilde yanmaya ba\u015flad\u0131. Alevler giderek b\u00fcy\u00fcrken, \u00e7evredeki vatanda\u015flar\u0131n ihbar\u0131 \u00fczerine olay yerine polis ve itfaiye ekipleri sevk edildi. Alev alev yanan ara\u00e7, itfaiye ekiplerinin m\u00fcdahalesi ile s\u00f6nd\u00fcr\u00fcld\u00fc. Ara\u00e7 kullan\u0131lamaz hale gelirken, yang\u0131nda arac\u0131n yan\u0131nda bulunan park halindeki 34 YNA 41 plakal\u0131 t\u0131r da zarar g\u00f6rd\u00fc.<br \/>\n  Polis, olayla ilgili inceleme ba\u015flatt\u0131. Arac\u0131n alev alev yand\u0131\u011f\u0131 anlar\u0131 ise \u00e7evredeki vatanda\u015flar cep telefonu kameras\u0131yla saniye saniye g\u00f6r\u00fcnt\u00fcledi. <\/p>\n<p>28.04.2025                             <\/p>\n","protected":false},"excerpt":{"rendered":"<p>\u0130stanbul K\u00fc\u00e7\u00fck\u00e7ekmece\u2019de bo\u015f arazide park halindeki ara\u00e7 alev alev yand\u0131. Kullan\u0131lamaz hale gelen arac\u0131n alevler i\u00e7inde kald\u0131\u011f\u0131 anlar kameraya yans\u0131d\u0131. Olay, ak\u015fam saatlerinde K\u00fc\u00e7\u00fck\u00e7ekmece Kanarya Mahallesi Huzur Caddesi \u00fczerindeki bo\u015f arazide meydana geldi. \u0130ddiaya g\u00f6re, bo\u015f arazide park halindeki 34 NDB 86 plakal\u0131 hafif ticari ara\u00e7 bilinmeyen bir nedenle alevli \u015fekilde yanmaya ba\u015flad\u0131. Alevler giderek [&hellip;]<\/p>\n","protected":false},"author":1,"featured_media":6142,"comment_status":"open","ping_status":"open","sticky":false,"template":"","format":"standard","meta":{"footnotes":""},"categories":[45],"tags":[],"class_list":["post-6141","post","type-post","status-publish","format-standard","has-post-thumbnail","hentry","category-gundem"],"yoast_head":"<!-- This site is optimized with the Yoast SEO plugin v27.4 - https:\/\/yoast.com\/product\/yoast-seo-wordpress\/ -->\n<title>K\u00fc\u00e7\u00fck\u00e7ekmece\u2019de park halindeki ara\u00e7 alev alev yand\u0131 - Memurun Sesi<\/title>\n<meta name=\"robots\" content=\"index, follow, max-snippet:-1, max-image-preview:large, max-video-preview:-1\" \/>\n<link rel=\"canonical\" href=\"https:\/\/memurunsesi.net\/index.php\/2025\/04\/28\/kucukcekmecede-park-halindeki-arac-alev-alev-yandi\/\" \/>\n<meta property=\"og:locale\" content=\"tr_TR\" \/>\n<meta property=\"og:type\" content=\"article\" \/>\n<meta property=\"og:title\" content=\"K\u00fc\u00e7\u00fck\u00e7ekmece\u2019de park halindeki ara\u00e7 alev alev yand\u0131 - Memurun Sesi\" \/>\n<meta property=\"og:description\" content=\"\u0130stanbul K\u00fc\u00e7\u00fck\u00e7ekmece\u2019de bo\u015f arazide park halindeki ara\u00e7 alev alev yand\u0131. Kullan\u0131lamaz hale gelen arac\u0131n alevler i\u00e7inde kald\u0131\u011f\u0131 anlar kameraya yans\u0131d\u0131. Olay, ak\u015fam saatlerinde K\u00fc\u00e7\u00fck\u00e7ekmece Kanarya Mahallesi Huzur Caddesi \u00fczerindeki bo\u015f arazide meydana geldi. \u0130ddiaya g\u00f6re, bo\u015f arazide park halindeki 34 NDB 86 plakal\u0131 hafif ticari ara\u00e7 bilinmeyen bir nedenle alevli \u015fekilde yanmaya ba\u015flad\u0131. Alevler giderek [&hellip;]\" \/>\n<meta property=\"og:url\" content=\"https:\/\/memurunsesi.net\/index.php\/2025\/04\/28\/kucukcekmecede-park-halindeki-arac-alev-alev-yandi\/\" \/>\n<meta property=\"og:site_name\" content=\"Memurun Sesi\" \/>\n<meta property=\"article:publisher\" content=\"https:\/\/www.facebook.com\/unipersen\/?locale=tr_TR\" \/>\n<meta property=\"article:published_time\" content=\"2025-04-28T19:03:45+00:00\" \/>\n<meta property=\"og:image\" content=\"https:\/\/memurunsesi.net\/wp-content\/uploads\/2025\/04\/AW443038_01-scaled.jpg\" \/>\n\t<meta property=\"og:image:width\" content=\"2560\" \/>\n\t<meta property=\"og:image:height\" content=\"1920\" \/>\n\t<meta property=\"og:image:type\" content=\"image\/jpeg\" \/>\n<meta name=\"author\" content=\"Memurun Sesi Haber Merkezi\" \/>\n<meta name=\"twitter:card\" content=\"summary_large_image\" \/>\n<meta name=\"twitter:creator\" content=\"@unipersen\" \/>\n<meta name=\"twitter:site\" content=\"@unipersen\" \/>\n<meta name=\"twitter:label1\" content=\"Yazan:\" \/>\n\t<meta name=\"twitter:data1\" content=\"Memurun Sesi Haber Merkezi\" \/>\n\t<meta name=\"twitter:label2\" content=\"Tahmini okuma s\u00fcresi\" \/>\n\t<meta name=\"twitter:data2\" content=\"1 dakika\" \/>\n<script type=\"application\/ld+json\" class=\"yoast-schema-graph\">{\"@context\":\"https:\\\/\\\/schema.org\",\"@graph\":[{\"@type\":\"Article\",\"@id\":\"https:\\\/\\\/memurunsesi.net\\\/index.php\\\/2025\\\/04\\\/28\\\/kucukcekmecede-park-halindeki-arac-alev-alev-yandi\\\/#article\",\"isPartOf\":{\"@id\":\"https:\\\/\\\/memurunsesi.net\\\/index.php\\\/2025\\\/04\\\/28\\\/kucukcekmecede-park-halindeki-arac-alev-alev-yandi\\\/\"},\"author\":{\"name\":\"Memurun Sesi Haber Merkezi\",\"@id\":\"https:\\\/\\\/memurunsesi.net\\\/#\\\/schema\\\/person\\\/f21c2d73b89f6ee1d80b0a1803e38587\"},\"headline\":\"K\u00fc\u00e7\u00fck\u00e7ekmece\u2019de park halindeki ara\u00e7 alev alev yand\u0131\",\"datePublished\":\"2025-04-28T19:03:45+00:00\",\"mainEntityOfPage\":{\"@id\":\"https:\\\/\\\/memurunsesi.net\\\/index.php\\\/2025\\\/04\\\/28\\\/kucukcekmecede-park-halindeki-arac-alev-alev-yandi\\\/\"},\"wordCount\":153,\"commentCount\":0,\"publisher\":{\"@id\":\"https:\\\/\\\/memurunsesi.net\\\/#organization\"},\"image\":{\"@id\":\"https:\\\/\\\/memurunsesi.net\\\/index.php\\\/2025\\\/04\\\/28\\\/kucukcekmecede-park-halindeki-arac-alev-alev-yandi\\\/#primaryimage\"},\"thumbnailUrl\":\"https:\\\/\\\/memurunsesi.net\\\/wp-content\\\/uploads\\\/2025\\\/04\\\/AW443038_01-scaled.jpg\",\"articleSection\":[\"G\u00fcndem\"],\"inLanguage\":\"tr\",\"potentialAction\":[{\"@type\":\"CommentAction\",\"name\":\"Comment\",\"target\":[\"https:\\\/\\\/memurunsesi.net\\\/index.php\\\/2025\\\/04\\\/28\\\/kucukcekmecede-park-halindeki-arac-alev-alev-yandi\\\/#respond\"]}]},{\"@type\":\"WebPage\",\"@id\":\"https:\\\/\\\/memurunsesi.net\\\/index.php\\\/2025\\\/04\\\/28\\\/kucukcekmecede-park-halindeki-arac-alev-alev-yandi\\\/\",\"url\":\"https:\\\/\\\/memurunsesi.net\\\/index.php\\\/2025\\\/04\\\/28\\\/kucukcekmecede-park-halindeki-arac-alev-alev-yandi\\\/\",\"name\":\"K\u00fc\u00e7\u00fck\u00e7ekmece\u2019de park halindeki ara\u00e7 alev alev yand\u0131 - Memurun Sesi\",\"isPartOf\":{\"@id\":\"https:\\\/\\\/memurunsesi.net\\\/#website\"},\"primaryImageOfPage\":{\"@id\":\"https:\\\/\\\/memurunsesi.net\\\/index.php\\\/2025\\\/04\\\/28\\\/kucukcekmecede-park-halindeki-arac-alev-alev-yandi\\\/#primaryimage\"},\"image\":{\"@id\":\"https:\\\/\\\/memurunsesi.net\\\/index.php\\\/2025\\\/04\\\/28\\\/kucukcekmecede-park-halindeki-arac-alev-alev-yandi\\\/#primaryimage\"},\"thumbnailUrl\":\"https:\\\/\\\/memurunsesi.net\\\/wp-content\\\/uploads\\\/2025\\\/04\\\/AW443038_01-scaled.jpg\",\"datePublished\":\"2025-04-28T19:03:45+00:00\",\"breadcrumb\":{\"@id\":\"https:\\\/\\\/memurunsesi.net\\\/index.php\\\/2025\\\/04\\\/28\\\/kucukcekmecede-park-halindeki-arac-alev-alev-yandi\\\/#breadcrumb\"},\"inLanguage\":\"tr\",\"potentialAction\":[{\"@type\":\"ReadAction\",\"target\":[\"https:\\\/\\\/memurunsesi.net\\\/index.php\\\/2025\\\/04\\\/28\\\/kucukcekmecede-park-halindeki-arac-alev-alev-yandi\\\/\"]}]},{\"@type\":\"ImageObject\",\"inLanguage\":\"tr\",\"@id\":\"https:\\\/\\\/memurunsesi.net\\\/index.php\\\/2025\\\/04\\\/28\\\/kucukcekmecede-park-halindeki-arac-alev-alev-yandi\\\/#primaryimage\",\"url\":\"https:\\\/\\\/memurunsesi.net\\\/wp-content\\\/uploads\\\/2025\\\/04\\\/AW443038_01-scaled.jpg\",\"contentUrl\":\"https:\\\/\\\/memurunsesi.net\\\/wp-content\\\/uploads\\\/2025\\\/04\\\/AW443038_01-scaled.jpg\",\"width\":2560,\"height\":1920,\"caption\":\"\u0130STANBUL K\u00dc\u00c7\u00dcK\u00c7EKMECE'DE BO\u015e ARAZ\u0130DE PARK HAL\u0130NDEK\u0130 ARA\u00c7 ALEV ALEV YANDI. KULLANILAMAZ HALE GELEN ARACIN ALEVLER \u0130\u00c7\u0130NDE KALDI\u011eI ANLAR KAMERAYA YANSIDI. (MERT YILDIRIM\\\/\u0130STANBUL-\u0130HA) \u0130stanbul K\u00fc\u00e7\u00fck\u00e7ekmece'de bo\u015f arazide park halindeki ara\u00e7 alev alev yand\u0131. Kullan\u0131lamaz hale gelen arac\u0131n alevler i\u00e7inde kald\u0131\u011f\u0131 anlar kameraya yans\u0131d\u0131.\"},{\"@type\":\"BreadcrumbList\",\"@id\":\"https:\\\/\\\/memurunsesi.net\\\/index.php\\\/2025\\\/04\\\/28\\\/kucukcekmecede-park-halindeki-arac-alev-alev-yandi\\\/#breadcrumb\",\"itemListElement\":[{\"@type\":\"ListItem\",\"position\":1,\"name\":\"Anasayfa\",\"item\":\"https:\\\/\\\/memurunsesi.net\\\/\"},{\"@type\":\"ListItem\",\"position\":2,\"name\":\"K\u00fc\u00e7\u00fck\u00e7ekmece\u2019de park halindeki ara\u00e7 alev alev yand\u0131\"}]},{\"@type\":\"WebSite\",\"@id\":\"https:\\\/\\\/memurunsesi.net\\\/#website\",\"url\":\"https:\\\/\\\/memurunsesi.net\\\/\",\"name\":\"Memurun Sesi\",\"description\":\"G\u00fcncel ve Do\u011fru Haber\",\"publisher\":{\"@id\":\"https:\\\/\\\/memurunsesi.net\\\/#organization\"},\"potentialAction\":[{\"@type\":\"SearchAction\",\"target\":{\"@type\":\"EntryPoint\",\"urlTemplate\":\"https:\\\/\\\/memurunsesi.net\\\/?s={search_term_string}\"},\"query-input\":{\"@type\":\"PropertyValueSpecification\",\"valueRequired\":true,\"valueName\":\"search_term_string\"}}],\"inLanguage\":\"tr\"},{\"@type\":\"Organization\",\"@id\":\"https:\\\/\\\/memurunsesi.net\\\/#organization\",\"name\":\"Memurun Sesi\",\"url\":\"https:\\\/\\\/memurunsesi.net\\\/\",\"logo\":{\"@type\":\"ImageObject\",\"inLanguage\":\"tr\",\"@id\":\"https:\\\/\\\/memurunsesi.net\\\/#\\\/schema\\\/logo\\\/image\\\/\",\"url\":\"https:\\\/\\\/memurunsesi.net\\\/wp-content\\\/uploads\\\/2025\\\/11\\\/cropped-MEMURUN-SESI.png\",\"contentUrl\":\"https:\\\/\\\/memurunsesi.net\\\/wp-content\\\/uploads\\\/2025\\\/11\\\/cropped-MEMURUN-SESI.png\",\"width\":238,\"height\":57,\"caption\":\"Memurun Sesi\"},\"image\":{\"@id\":\"https:\\\/\\\/memurunsesi.net\\\/#\\\/schema\\\/logo\\\/image\\\/\"},\"sameAs\":[\"https:\\\/\\\/www.facebook.com\\\/unipersen\\\/?locale=tr_TR\",\"https:\\\/\\\/x.com\\\/unipersen\"]},{\"@type\":\"Person\",\"@id\":\"https:\\\/\\\/memurunsesi.net\\\/#\\\/schema\\\/person\\\/f21c2d73b89f6ee1d80b0a1803e38587\",\"name\":\"Memurun Sesi Haber Merkezi\",\"image\":{\"@type\":\"ImageObject\",\"inLanguage\":\"tr\",\"@id\":\"https:\\\/\\\/secure.gravatar.com\\\/avatar\\\/6cf0505f452ee753f485014986fab09a434671d2b919ee76fc541025c5876a70?s=96&d=mm&r=g\",\"url\":\"https:\\\/\\\/secure.gravatar.com\\\/avatar\\\/6cf0505f452ee753f485014986fab09a434671d2b919ee76fc541025c5876a70?s=96&d=mm&r=g\",\"contentUrl\":\"https:\\\/\\\/secure.gravatar.com\\\/avatar\\\/6cf0505f452ee753f485014986fab09a434671d2b919ee76fc541025c5876a70?s=96&d=mm&r=g\",\"caption\":\"Memurun Sesi Haber Merkezi\"},\"sameAs\":[\"https:\\\/\\\/memurunsesi.net\"],\"url\":\"https:\\\/\\\/memurunsesi.net\\\/index.php\\\/author\\\/uniper\\\/\"}]}<\/script>\n<!-- \/ Yoast SEO plugin. -->","yoast_head_json":{"title":"K\u00fc\u00e7\u00fck\u00e7ekmece\u2019de park halindeki ara\u00e7 alev alev yand\u0131 - Memurun Sesi","robots":{"index":"index","follow":"follow","max-snippet":"max-snippet:-1","max-image-preview":"max-image-preview:large","max-video-preview":"max-video-preview:-1"},"canonical":"https:\/\/memurunsesi.net\/index.php\/2025\/04\/28\/kucukcekmecede-park-halindeki-arac-alev-alev-yandi\/","og_locale":"tr_TR","og_type":"article","og_title":"K\u00fc\u00e7\u00fck\u00e7ekmece\u2019de park halindeki ara\u00e7 alev alev yand\u0131 - Memurun Sesi","og_description":"\u0130stanbul K\u00fc\u00e7\u00fck\u00e7ekmece\u2019de bo\u015f arazide park halindeki ara\u00e7 alev alev yand\u0131. Kullan\u0131lamaz hale gelen arac\u0131n alevler i\u00e7inde kald\u0131\u011f\u0131 anlar kameraya yans\u0131d\u0131. Olay, ak\u015fam saatlerinde K\u00fc\u00e7\u00fck\u00e7ekmece Kanarya Mahallesi Huzur Caddesi \u00fczerindeki bo\u015f arazide meydana geldi. \u0130ddiaya g\u00f6re, bo\u015f arazide park halindeki 34 NDB 86 plakal\u0131 hafif ticari ara\u00e7 bilinmeyen bir nedenle alevli \u015fekilde yanmaya ba\u015flad\u0131. Alevler giderek [&hellip;]","og_url":"https:\/\/memurunsesi.net\/index.php\/2025\/04\/28\/kucukcekmecede-park-halindeki-arac-alev-alev-yandi\/","og_site_name":"Memurun Sesi","article_publisher":"https:\/\/www.facebook.com\/unipersen\/?locale=tr_TR","article_published_time":"2025-04-28T19:03:45+00:00","og_image":[{"width":2560,"height":1920,"url":"https:\/\/memurunsesi.net\/wp-content\/uploads\/2025\/04\/AW443038_01-scaled.jpg","type":"image\/jpeg"}],"author":"Memurun Sesi Haber Merkezi","twitter_card":"summary_large_image","twitter_creator":"@unipersen","twitter_site":"@unipersen","twitter_misc":{"Yazan:":"Memurun Sesi Haber Merkezi","Tahmini okuma s\u00fcresi":"1 dakika"},"schema":{"@context":"https:\/\/schema.org","@graph":[{"@type":"Article","@id":"https:\/\/memurunsesi.net\/index.php\/2025\/04\/28\/kucukcekmecede-park-halindeki-arac-alev-alev-yandi\/#article","isPartOf":{"@id":"https:\/\/memurunsesi.net\/index.php\/2025\/04\/28\/kucukcekmecede-park-halindeki-arac-alev-alev-yandi\/"},"author":{"name":"Memurun Sesi Haber Merkezi","@id":"https:\/\/memurunsesi.net\/#\/schema\/person\/f21c2d73b89f6ee1d80b0a1803e38587"},"headline":"K\u00fc\u00e7\u00fck\u00e7ekmece\u2019de park halindeki ara\u00e7 alev alev yand\u0131","datePublished":"2025-04-28T19:03:45+00:00","mainEntityOfPage":{"@id":"https:\/\/memurunsesi.net\/index.php\/2025\/04\/28\/kucukcekmecede-park-halindeki-arac-alev-alev-yandi\/"},"wordCount":153,"commentCount":0,"publisher":{"@id":"https:\/\/memurunsesi.net\/#organization"},"image":{"@id":"https:\/\/memurunsesi.net\/index.php\/2025\/04\/28\/kucukcekmecede-park-halindeki-arac-alev-alev-yandi\/#primaryimage"},"thumbnailUrl":"https:\/\/memurunsesi.net\/wp-content\/uploads\/2025\/04\/AW443038_01-scaled.jpg","articleSection":["G\u00fcndem"],"inLanguage":"tr","potentialAction":[{"@type":"CommentAction","name":"Comment","target":["https:\/\/memurunsesi.net\/index.php\/2025\/04\/28\/kucukcekmecede-park-halindeki-arac-alev-alev-yandi\/#respond"]}]},{"@type":"WebPage","@id":"https:\/\/memurunsesi.net\/index.php\/2025\/04\/28\/kucukcekmecede-park-halindeki-arac-alev-alev-yandi\/","url":"https:\/\/memurunsesi.net\/index.php\/2025\/04\/28\/kucukcekmecede-park-halindeki-arac-alev-alev-yandi\/","name":"K\u00fc\u00e7\u00fck\u00e7ekmece\u2019de park halindeki ara\u00e7 alev alev yand\u0131 - Memurun Sesi","isPartOf":{"@id":"https:\/\/memurunsesi.net\/#website"},"primaryImageOfPage":{"@id":"https:\/\/memurunsesi.net\/index.php\/2025\/04\/28\/kucukcekmecede-park-halindeki-arac-alev-alev-yandi\/#primaryimage"},"image":{"@id":"https:\/\/memurunsesi.net\/index.php\/2025\/04\/28\/kucukcekmecede-park-halindeki-arac-alev-alev-yandi\/#primaryimage"},"thumbnailUrl":"https:\/\/memurunsesi.net\/wp-content\/uploads\/2025\/04\/AW443038_01-scaled.jpg","datePublished":"2025-04-28T19:03:45+00:00","breadcrumb":{"@id":"https:\/\/memurunsesi.net\/index.php\/2025\/04\/28\/kucukcekmecede-park-halindeki-arac-alev-alev-yandi\/#breadcrumb"},"inLanguage":"tr","potentialAction":[{"@type":"ReadAction","target":["https:\/\/memurunsesi.net\/index.php\/2025\/04\/28\/kucukcekmecede-park-halindeki-arac-alev-alev-yandi\/"]}]},{"@type":"ImageObject","inLanguage":"tr","@id":"https:\/\/memurunsesi.net\/index.php\/2025\/04\/28\/kucukcekmecede-park-halindeki-arac-alev-alev-yandi\/#primaryimage","url":"https:\/\/memurunsesi.net\/wp-content\/uploads\/2025\/04\/AW443038_01-scaled.jpg","contentUrl":"https:\/\/memurunsesi.net\/wp-content\/uploads\/2025\/04\/AW443038_01-scaled.jpg","width":2560,"height":1920,"caption":"\u0130STANBUL K\u00dc\u00c7\u00dcK\u00c7EKMECE'DE BO\u015e ARAZ\u0130DE PARK HAL\u0130NDEK\u0130 ARA\u00c7 ALEV ALEV YANDI. KULLANILAMAZ HALE GELEN ARACIN ALEVLER \u0130\u00c7\u0130NDE KALDI\u011eI ANLAR KAMERAYA YANSIDI. (MERT YILDIRIM\/\u0130STANBUL-\u0130HA) \u0130stanbul K\u00fc\u00e7\u00fck\u00e7ekmece'de bo\u015f arazide park halindeki ara\u00e7 alev alev yand\u0131. Kullan\u0131lamaz hale gelen arac\u0131n alevler i\u00e7inde kald\u0131\u011f\u0131 anlar kameraya yans\u0131d\u0131."},{"@type":"BreadcrumbList","@id":"https:\/\/memurunsesi.net\/index.php\/2025\/04\/28\/kucukcekmecede-park-halindeki-arac-alev-alev-yandi\/#breadcrumb","itemListElement":[{"@type":"ListItem","position":1,"name":"Anasayfa","item":"https:\/\/memurunsesi.net\/"},{"@type":"ListItem","position":2,"name":"K\u00fc\u00e7\u00fck\u00e7ekmece\u2019de park halindeki ara\u00e7 alev alev yand\u0131"}]},{"@type":"WebSite","@id":"https:\/\/memurunsesi.net\/#website","url":"https:\/\/memurunsesi.net\/","name":"Memurun Sesi","description":"G\u00fcncel ve Do\u011fru Haber","publisher":{"@id":"https:\/\/memurunsesi.net\/#organization"},"potentialAction":[{"@type":"SearchAction","target":{"@type":"EntryPoint","urlTemplate":"https:\/\/memurunsesi.net\/?s={search_term_string}"},"query-input":{"@type":"PropertyValueSpecification","valueRequired":true,"valueName":"search_term_string"}}],"inLanguage":"tr"},{"@type":"Organization","@id":"https:\/\/memurunsesi.net\/#organization","name":"Memurun Sesi","url":"https:\/\/memurunsesi.net\/","logo":{"@type":"ImageObject","inLanguage":"tr","@id":"https:\/\/memurunsesi.net\/#\/schema\/logo\/image\/","url":"https:\/\/memurunsesi.net\/wp-content\/uploads\/2025\/11\/cropped-MEMURUN-SESI.png","contentUrl":"https:\/\/memurunsesi.net\/wp-content\/uploads\/2025\/11\/cropped-MEMURUN-SESI.png","width":238,"height":57,"caption":"Memurun Sesi"},"image":{"@id":"https:\/\/memurunsesi.net\/#\/schema\/logo\/image\/"},"sameAs":["https:\/\/www.facebook.com\/unipersen\/?locale=tr_TR","https:\/\/x.com\/unipersen"]},{"@type":"Person","@id":"https:\/\/memurunsesi.net\/#\/schema\/person\/f21c2d73b89f6ee1d80b0a1803e38587","name":"Memurun Sesi Haber Merkezi","image":{"@type":"ImageObject","inLanguage":"tr","@id":"https:\/\/secure.gravatar.com\/avatar\/6cf0505f452ee753f485014986fab09a434671d2b919ee76fc541025c5876a70?s=96&d=mm&r=g","url":"https:\/\/secure.gravatar.com\/avatar\/6cf0505f452ee753f485014986fab09a434671d2b919ee76fc541025c5876a70?s=96&d=mm&r=g","contentUrl":"https:\/\/secure.gravatar.com\/avatar\/6cf0505f452ee753f485014986fab09a434671d2b919ee76fc541025c5876a70?s=96&d=mm&r=g","caption":"Memurun Sesi Haber Merkezi"},"sameAs":["https:\/\/memurunsesi.net"],"url":"https:\/\/memurunsesi.net\/index.php\/author\/uniper\/"}]}},"_links":{"self":[{"href":"https:\/\/memurunsesi.net\/index.php\/wp-json\/wp\/v2\/posts\/6141","targetHints":{"allow":["GET"]}}],"collection":[{"href":"https:\/\/memurunsesi.net\/index.php\/wp-json\/wp\/v2\/posts"}],"about":[{"href":"https:\/\/memurunsesi.net\/index.php\/wp-json\/wp\/v2\/types\/post"}],"author":[{"embeddable":true,"href":"https:\/\/memurunsesi.net\/index.php\/wp-json\/wp\/v2\/users\/1"}],"replies":[{"embeddable":true,"href":"https:\/\/memurunsesi.net\/index.php\/wp-json\/wp\/v2\/comments?post=6141"}],"version-history":[{"count":1,"href":"https:\/\/memurunsesi.net\/index.php\/wp-json\/wp\/v2\/posts\/6141\/revisions"}],"predecessor-version":[{"id":6143,"href":"https:\/\/memurunsesi.net\/index.php\/wp-json\/wp\/v2\/posts\/6141\/revisions\/6143"}],"wp:featuredmedia":[{"embeddable":true,"href":"https:\/\/memurunsesi.net\/index.php\/wp-json\/wp\/v2\/media\/6142"}],"wp:attachment":[{"href":"https:\/\/memurunsesi.net\/index.php\/wp-json\/wp\/v2\/media?parent=6141"}],"wp:term":[{"taxonomy":"category","embeddable":true,"href":"https:\/\/memurunsesi.net\/index.php\/wp-json\/wp\/v2\/categories?post=6141"},{"taxonomy":"post_tag","embeddable":true,"href":"https:\/\/memurunsesi.net\/index.php\/wp-json\/wp\/v2\/tags?post=6141"}],"curies":[{"name":"wp","href":"https:\/\/api.w.org\/{rel}","templated":true}]}}