{"id":6145,"date":"2025-04-29T05:30:44","date_gmt":"2025-04-29T02:30:44","guid":{"rendered":"https:\/\/memurunsesi.net\/?p=6145"},"modified":"2025-04-29T05:30:44","modified_gmt":"2025-04-29T02:30:44","slug":"sultangazide-kaybolan-demans-hastasi-kisi-icin-arama-calismasi-baslatildi","status":"publish","type":"post","link":"https:\/\/memurunsesi.net\/index.php\/2025\/04\/29\/sultangazide-kaybolan-demans-hastasi-kisi-icin-arama-calismasi-baslatildi\/","title":{"rendered":"Sultangazi\u2019de kaybolan demans hastas\u0131 ki\u015fi i\u00e7in arama \u00e7al\u0131\u015fmas\u0131 ba\u015flat\u0131ld\u0131"},"content":{"rendered":"<p>  Ba\u011fc\u0131lar&#8217;dan y\u00fcr\u00fcyerek Sultangazi&#8217;ye gelen ve en son Sultangazi Mimar Sinan Kent Orman\u0131&#8217;nda telefonundan sinyal al\u0131nan, \u00f6\u011fle saatlerin bu yana da kendisinden haber al\u0131namayan demans hastas\u0131 \u0130shak \u00d6zt\u00fcrk&#8217;\u00fc bulmak i\u00e7in arama \u00e7al\u0131\u015fmas\u0131 ba\u015flat\u0131ld\u0131.<br \/>\n  Ba\u011fc\u0131lar&#8217;da ya\u015fayan demans hastas\u0131 \u0130shak \u00d6zt\u00fcrk&#8217;ten \u00f6\u011fle saatlerinden bu yana haber alamayan yak\u0131nlar\u0131, durumu AFAD ekiplerine bildirdi. Edinilen bilgiye g\u00f6re Ba\u011fc\u0131lar\u2019dan y\u00fcr\u00fcyerek Sultangazi\u2019ye geldi\u011fi tespit edilen \u0130shak \u00d6zt\u00fcrk&#8217;\u00fcn yan\u0131nda bulunan telefondan son olarak Sultangazi Mimar Sinan Kent Orman\u0131&#8217;nda sinyal al\u0131nd\u0131. Bunun \u00fczerine sinyalin son geldi\u011fi yer olan ormana Sultangazi Belediyesi Sultangazi Arama Kurtarma Ekibi (SAK-E) sevk edildi. Ekipler \u00d6zt\u00fcrk i\u00e7in arama \u00e7al\u0131\u015fmas\u0131 ba\u015flatt\u0131. \u0130lerleyen saatlerde arama \u00e7al\u0131\u015fmalar\u0131na AKUT, AFAD ve \u0130HH ekipleri de kat\u0131ld\u0131. K\u00f6pekli arama ekipleri ve dronlar\u0131n da dahil oldu\u011fu arama timleri, kay\u0131p \u00d6zt\u00fcrk\u2019\u00fc arama \u00e7al\u0131\u015fmalar\u0131na gece saatlerinde de devam etti. <\/p>\n<p>29.04.2025                                <\/p>\n","protected":false},"excerpt":{"rendered":"<p>Ba\u011fc\u0131lar&#8217;dan y\u00fcr\u00fcyerek Sultangazi&#8217;ye gelen ve en son Sultangazi Mimar Sinan Kent Orman\u0131&#8217;nda telefonundan sinyal al\u0131nan, \u00f6\u011fle saatlerin bu yana da kendisinden haber al\u0131namayan demans hastas\u0131 \u0130shak \u00d6zt\u00fcrk&#8217;\u00fc bulmak i\u00e7in arama \u00e7al\u0131\u015fmas\u0131 ba\u015flat\u0131ld\u0131. Ba\u011fc\u0131lar&#8217;da ya\u015fayan demans hastas\u0131 \u0130shak \u00d6zt\u00fcrk&#8217;ten \u00f6\u011fle saatlerinden bu yana haber alamayan yak\u0131nlar\u0131, durumu AFAD ekiplerine bildirdi. Edinilen bilgiye g\u00f6re Ba\u011fc\u0131lar\u2019dan y\u00fcr\u00fcyerek Sultangazi\u2019ye [&hellip;]<\/p>\n","protected":false},"author":1,"featured_media":6146,"comment_status":"open","ping_status":"open","sticky":false,"template":"","format":"standard","meta":{"footnotes":""},"categories":[1],"tags":[],"class_list":["post-6145","post","type-post","status-publish","format-standard","has-post-thumbnail","hentry","category-genel"],"yoast_head":"<!-- This site is optimized with the Yoast SEO plugin v27.4 - https:\/\/yoast.com\/product\/yoast-seo-wordpress\/ -->\n<title>Sultangazi\u2019de kaybolan demans hastas\u0131 ki\u015fi i\u00e7in arama \u00e7al\u0131\u015fmas\u0131 ba\u015flat\u0131ld\u0131 - Memurun Sesi<\/title>\n<meta name=\"robots\" content=\"index, follow, max-snippet:-1, max-image-preview:large, max-video-preview:-1\" \/>\n<link rel=\"canonical\" href=\"https:\/\/memurunsesi.net\/index.php\/2025\/04\/29\/sultangazide-kaybolan-demans-hastasi-kisi-icin-arama-calismasi-baslatildi\/\" \/>\n<meta property=\"og:locale\" content=\"tr_TR\" \/>\n<meta property=\"og:type\" content=\"article\" \/>\n<meta property=\"og:title\" content=\"Sultangazi\u2019de kaybolan demans hastas\u0131 ki\u015fi i\u00e7in arama \u00e7al\u0131\u015fmas\u0131 ba\u015flat\u0131ld\u0131 - Memurun Sesi\" \/>\n<meta property=\"og:description\" content=\"Ba\u011fc\u0131lar&#8217;dan y\u00fcr\u00fcyerek Sultangazi&#8217;ye gelen ve en son Sultangazi Mimar Sinan Kent Orman\u0131&#8217;nda telefonundan sinyal al\u0131nan, \u00f6\u011fle saatlerin bu yana da kendisinden haber al\u0131namayan demans hastas\u0131 \u0130shak \u00d6zt\u00fcrk&#8217;\u00fc bulmak i\u00e7in arama \u00e7al\u0131\u015fmas\u0131 ba\u015flat\u0131ld\u0131. Ba\u011fc\u0131lar&#8217;da ya\u015fayan demans hastas\u0131 \u0130shak \u00d6zt\u00fcrk&#8217;ten \u00f6\u011fle saatlerinden bu yana haber alamayan yak\u0131nlar\u0131, durumu AFAD ekiplerine bildirdi. Edinilen bilgiye g\u00f6re Ba\u011fc\u0131lar\u2019dan y\u00fcr\u00fcyerek Sultangazi\u2019ye [&hellip;]\" \/>\n<meta property=\"og:url\" content=\"https:\/\/memurunsesi.net\/index.php\/2025\/04\/29\/sultangazide-kaybolan-demans-hastasi-kisi-icin-arama-calismasi-baslatildi\/\" \/>\n<meta property=\"og:site_name\" content=\"Memurun Sesi\" \/>\n<meta property=\"article:publisher\" content=\"https:\/\/www.facebook.com\/unipersen\/?locale=tr_TR\" \/>\n<meta property=\"article:published_time\" content=\"2025-04-29T02:30:44+00:00\" \/>\n<meta property=\"og:image\" content=\"https:\/\/memurunsesi.net\/wp-content\/uploads\/2025\/04\/AW443073_01.jpg\" \/>\n\t<meta property=\"og:image:width\" content=\"1176\" \/>\n\t<meta property=\"og:image:height\" content=\"1600\" \/>\n\t<meta property=\"og:image:type\" content=\"image\/jpeg\" \/>\n<meta name=\"author\" content=\"Memurun Sesi Haber Merkezi\" \/>\n<meta name=\"twitter:card\" content=\"summary_large_image\" \/>\n<meta name=\"twitter:creator\" content=\"@unipersen\" \/>\n<meta name=\"twitter:site\" content=\"@unipersen\" \/>\n<meta name=\"twitter:label1\" content=\"Yazan:\" \/>\n\t<meta name=\"twitter:data1\" content=\"Memurun Sesi Haber Merkezi\" \/>\n\t<meta name=\"twitter:label2\" content=\"Tahmini okuma s\u00fcresi\" \/>\n\t<meta name=\"twitter:data2\" content=\"1 dakika\" \/>\n<script type=\"application\/ld+json\" class=\"yoast-schema-graph\">{\"@context\":\"https:\\\/\\\/schema.org\",\"@graph\":[{\"@type\":\"Article\",\"@id\":\"https:\\\/\\\/memurunsesi.net\\\/index.php\\\/2025\\\/04\\\/29\\\/sultangazide-kaybolan-demans-hastasi-kisi-icin-arama-calismasi-baslatildi\\\/#article\",\"isPartOf\":{\"@id\":\"https:\\\/\\\/memurunsesi.net\\\/index.php\\\/2025\\\/04\\\/29\\\/sultangazide-kaybolan-demans-hastasi-kisi-icin-arama-calismasi-baslatildi\\\/\"},\"author\":{\"name\":\"Memurun Sesi Haber Merkezi\",\"@id\":\"https:\\\/\\\/memurunsesi.net\\\/#\\\/schema\\\/person\\\/f21c2d73b89f6ee1d80b0a1803e38587\"},\"headline\":\"Sultangazi\u2019de kaybolan demans hastas\u0131 ki\u015fi i\u00e7in arama \u00e7al\u0131\u015fmas\u0131 ba\u015flat\u0131ld\u0131\",\"datePublished\":\"2025-04-29T02:30:44+00:00\",\"mainEntityOfPage\":{\"@id\":\"https:\\\/\\\/memurunsesi.net\\\/index.php\\\/2025\\\/04\\\/29\\\/sultangazide-kaybolan-demans-hastasi-kisi-icin-arama-calismasi-baslatildi\\\/\"},\"wordCount\":189,\"commentCount\":0,\"publisher\":{\"@id\":\"https:\\\/\\\/memurunsesi.net\\\/#organization\"},\"image\":{\"@id\":\"https:\\\/\\\/memurunsesi.net\\\/index.php\\\/2025\\\/04\\\/29\\\/sultangazide-kaybolan-demans-hastasi-kisi-icin-arama-calismasi-baslatildi\\\/#primaryimage\"},\"thumbnailUrl\":\"https:\\\/\\\/memurunsesi.net\\\/wp-content\\\/uploads\\\/2025\\\/04\\\/AW443073_01.jpg\",\"inLanguage\":\"tr\",\"potentialAction\":[{\"@type\":\"CommentAction\",\"name\":\"Comment\",\"target\":[\"https:\\\/\\\/memurunsesi.net\\\/index.php\\\/2025\\\/04\\\/29\\\/sultangazide-kaybolan-demans-hastasi-kisi-icin-arama-calismasi-baslatildi\\\/#respond\"]}]},{\"@type\":\"WebPage\",\"@id\":\"https:\\\/\\\/memurunsesi.net\\\/index.php\\\/2025\\\/04\\\/29\\\/sultangazide-kaybolan-demans-hastasi-kisi-icin-arama-calismasi-baslatildi\\\/\",\"url\":\"https:\\\/\\\/memurunsesi.net\\\/index.php\\\/2025\\\/04\\\/29\\\/sultangazide-kaybolan-demans-hastasi-kisi-icin-arama-calismasi-baslatildi\\\/\",\"name\":\"Sultangazi\u2019de kaybolan demans hastas\u0131 ki\u015fi i\u00e7in arama \u00e7al\u0131\u015fmas\u0131 ba\u015flat\u0131ld\u0131 - Memurun Sesi\",\"isPartOf\":{\"@id\":\"https:\\\/\\\/memurunsesi.net\\\/#website\"},\"primaryImageOfPage\":{\"@id\":\"https:\\\/\\\/memurunsesi.net\\\/index.php\\\/2025\\\/04\\\/29\\\/sultangazide-kaybolan-demans-hastasi-kisi-icin-arama-calismasi-baslatildi\\\/#primaryimage\"},\"image\":{\"@id\":\"https:\\\/\\\/memurunsesi.net\\\/index.php\\\/2025\\\/04\\\/29\\\/sultangazide-kaybolan-demans-hastasi-kisi-icin-arama-calismasi-baslatildi\\\/#primaryimage\"},\"thumbnailUrl\":\"https:\\\/\\\/memurunsesi.net\\\/wp-content\\\/uploads\\\/2025\\\/04\\\/AW443073_01.jpg\",\"datePublished\":\"2025-04-29T02:30:44+00:00\",\"breadcrumb\":{\"@id\":\"https:\\\/\\\/memurunsesi.net\\\/index.php\\\/2025\\\/04\\\/29\\\/sultangazide-kaybolan-demans-hastasi-kisi-icin-arama-calismasi-baslatildi\\\/#breadcrumb\"},\"inLanguage\":\"tr\",\"potentialAction\":[{\"@type\":\"ReadAction\",\"target\":[\"https:\\\/\\\/memurunsesi.net\\\/index.php\\\/2025\\\/04\\\/29\\\/sultangazide-kaybolan-demans-hastasi-kisi-icin-arama-calismasi-baslatildi\\\/\"]}]},{\"@type\":\"ImageObject\",\"inLanguage\":\"tr\",\"@id\":\"https:\\\/\\\/memurunsesi.net\\\/index.php\\\/2025\\\/04\\\/29\\\/sultangazide-kaybolan-demans-hastasi-kisi-icin-arama-calismasi-baslatildi\\\/#primaryimage\",\"url\":\"https:\\\/\\\/memurunsesi.net\\\/wp-content\\\/uploads\\\/2025\\\/04\\\/AW443073_01.jpg\",\"contentUrl\":\"https:\\\/\\\/memurunsesi.net\\\/wp-content\\\/uploads\\\/2025\\\/04\\\/AW443073_01.jpg\",\"width\":1176,\"height\":1600,\"caption\":\"KAYIP K\u0130\u015e\u0130 \u0130SHAK \u00d6ZT\u00dcRK (EN\u0130S DERD\u0130MENTO\u011eLU\\\/\u0130STANBUL-\u0130HA) Ba\u011fc\u0131lardan y\u00fcr\u00fcyerek Sultangazi'ye gelen ve en son Sultangazi Mimar Sinan Kent Orman\u0131'nda telefonundan sinyal al\u0131nan, \u00f6\u011fle saatlerin bu yana da kendisinden haber al\u0131namayan demans hastas\u0131 \u0130shak \u00d6zt\u00fcrk'\u00fc bulmak i\u00e7in arama \u00e7al\u0131\u015fmas\u0131 ba\u015flat\u0131ld\u0131.\"},{\"@type\":\"BreadcrumbList\",\"@id\":\"https:\\\/\\\/memurunsesi.net\\\/index.php\\\/2025\\\/04\\\/29\\\/sultangazide-kaybolan-demans-hastasi-kisi-icin-arama-calismasi-baslatildi\\\/#breadcrumb\",\"itemListElement\":[{\"@type\":\"ListItem\",\"position\":1,\"name\":\"Anasayfa\",\"item\":\"https:\\\/\\\/memurunsesi.net\\\/\"},{\"@type\":\"ListItem\",\"position\":2,\"name\":\"Sultangazi\u2019de kaybolan demans hastas\u0131 ki\u015fi i\u00e7in arama \u00e7al\u0131\u015fmas\u0131 ba\u015flat\u0131ld\u0131\"}]},{\"@type\":\"WebSite\",\"@id\":\"https:\\\/\\\/memurunsesi.net\\\/#website\",\"url\":\"https:\\\/\\\/memurunsesi.net\\\/\",\"name\":\"Memurun Sesi\",\"description\":\"G\u00fcncel ve Do\u011fru Haber\",\"publisher\":{\"@id\":\"https:\\\/\\\/memurunsesi.net\\\/#organization\"},\"potentialAction\":[{\"@type\":\"SearchAction\",\"target\":{\"@type\":\"EntryPoint\",\"urlTemplate\":\"https:\\\/\\\/memurunsesi.net\\\/?s={search_term_string}\"},\"query-input\":{\"@type\":\"PropertyValueSpecification\",\"valueRequired\":true,\"valueName\":\"search_term_string\"}}],\"inLanguage\":\"tr\"},{\"@type\":\"Organization\",\"@id\":\"https:\\\/\\\/memurunsesi.net\\\/#organization\",\"name\":\"Memurun Sesi\",\"url\":\"https:\\\/\\\/memurunsesi.net\\\/\",\"logo\":{\"@type\":\"ImageObject\",\"inLanguage\":\"tr\",\"@id\":\"https:\\\/\\\/memurunsesi.net\\\/#\\\/schema\\\/logo\\\/image\\\/\",\"url\":\"https:\\\/\\\/memurunsesi.net\\\/wp-content\\\/uploads\\\/2025\\\/11\\\/cropped-MEMURUN-SESI.png\",\"contentUrl\":\"https:\\\/\\\/memurunsesi.net\\\/wp-content\\\/uploads\\\/2025\\\/11\\\/cropped-MEMURUN-SESI.png\",\"width\":238,\"height\":57,\"caption\":\"Memurun Sesi\"},\"image\":{\"@id\":\"https:\\\/\\\/memurunsesi.net\\\/#\\\/schema\\\/logo\\\/image\\\/\"},\"sameAs\":[\"https:\\\/\\\/www.facebook.com\\\/unipersen\\\/?locale=tr_TR\",\"https:\\\/\\\/x.com\\\/unipersen\"]},{\"@type\":\"Person\",\"@id\":\"https:\\\/\\\/memurunsesi.net\\\/#\\\/schema\\\/person\\\/f21c2d73b89f6ee1d80b0a1803e38587\",\"name\":\"Memurun Sesi Haber Merkezi\",\"image\":{\"@type\":\"ImageObject\",\"inLanguage\":\"tr\",\"@id\":\"https:\\\/\\\/secure.gravatar.com\\\/avatar\\\/6cf0505f452ee753f485014986fab09a434671d2b919ee76fc541025c5876a70?s=96&d=mm&r=g\",\"url\":\"https:\\\/\\\/secure.gravatar.com\\\/avatar\\\/6cf0505f452ee753f485014986fab09a434671d2b919ee76fc541025c5876a70?s=96&d=mm&r=g\",\"contentUrl\":\"https:\\\/\\\/secure.gravatar.com\\\/avatar\\\/6cf0505f452ee753f485014986fab09a434671d2b919ee76fc541025c5876a70?s=96&d=mm&r=g\",\"caption\":\"Memurun Sesi Haber Merkezi\"},\"sameAs\":[\"https:\\\/\\\/memurunsesi.net\"],\"url\":\"https:\\\/\\\/memurunsesi.net\\\/index.php\\\/author\\\/uniper\\\/\"}]}<\/script>\n<!-- \/ Yoast SEO plugin. -->","yoast_head_json":{"title":"Sultangazi\u2019de kaybolan demans hastas\u0131 ki\u015fi i\u00e7in arama \u00e7al\u0131\u015fmas\u0131 ba\u015flat\u0131ld\u0131 - Memurun Sesi","robots":{"index":"index","follow":"follow","max-snippet":"max-snippet:-1","max-image-preview":"max-image-preview:large","max-video-preview":"max-video-preview:-1"},"canonical":"https:\/\/memurunsesi.net\/index.php\/2025\/04\/29\/sultangazide-kaybolan-demans-hastasi-kisi-icin-arama-calismasi-baslatildi\/","og_locale":"tr_TR","og_type":"article","og_title":"Sultangazi\u2019de kaybolan demans hastas\u0131 ki\u015fi i\u00e7in arama \u00e7al\u0131\u015fmas\u0131 ba\u015flat\u0131ld\u0131 - Memurun Sesi","og_description":"Ba\u011fc\u0131lar&#8217;dan y\u00fcr\u00fcyerek Sultangazi&#8217;ye gelen ve en son Sultangazi Mimar Sinan Kent Orman\u0131&#8217;nda telefonundan sinyal al\u0131nan, \u00f6\u011fle saatlerin bu yana da kendisinden haber al\u0131namayan demans hastas\u0131 \u0130shak \u00d6zt\u00fcrk&#8217;\u00fc bulmak i\u00e7in arama \u00e7al\u0131\u015fmas\u0131 ba\u015flat\u0131ld\u0131. Ba\u011fc\u0131lar&#8217;da ya\u015fayan demans hastas\u0131 \u0130shak \u00d6zt\u00fcrk&#8217;ten \u00f6\u011fle saatlerinden bu yana haber alamayan yak\u0131nlar\u0131, durumu AFAD ekiplerine bildirdi. Edinilen bilgiye g\u00f6re Ba\u011fc\u0131lar\u2019dan y\u00fcr\u00fcyerek Sultangazi\u2019ye [&hellip;]","og_url":"https:\/\/memurunsesi.net\/index.php\/2025\/04\/29\/sultangazide-kaybolan-demans-hastasi-kisi-icin-arama-calismasi-baslatildi\/","og_site_name":"Memurun Sesi","article_publisher":"https:\/\/www.facebook.com\/unipersen\/?locale=tr_TR","article_published_time":"2025-04-29T02:30:44+00:00","og_image":[{"width":1176,"height":1600,"url":"https:\/\/memurunsesi.net\/wp-content\/uploads\/2025\/04\/AW443073_01.jpg","type":"image\/jpeg"}],"author":"Memurun Sesi Haber Merkezi","twitter_card":"summary_large_image","twitter_creator":"@unipersen","twitter_site":"@unipersen","twitter_misc":{"Yazan:":"Memurun Sesi Haber Merkezi","Tahmini okuma s\u00fcresi":"1 dakika"},"schema":{"@context":"https:\/\/schema.org","@graph":[{"@type":"Article","@id":"https:\/\/memurunsesi.net\/index.php\/2025\/04\/29\/sultangazide-kaybolan-demans-hastasi-kisi-icin-arama-calismasi-baslatildi\/#article","isPartOf":{"@id":"https:\/\/memurunsesi.net\/index.php\/2025\/04\/29\/sultangazide-kaybolan-demans-hastasi-kisi-icin-arama-calismasi-baslatildi\/"},"author":{"name":"Memurun Sesi Haber Merkezi","@id":"https:\/\/memurunsesi.net\/#\/schema\/person\/f21c2d73b89f6ee1d80b0a1803e38587"},"headline":"Sultangazi\u2019de kaybolan demans hastas\u0131 ki\u015fi i\u00e7in arama \u00e7al\u0131\u015fmas\u0131 ba\u015flat\u0131ld\u0131","datePublished":"2025-04-29T02:30:44+00:00","mainEntityOfPage":{"@id":"https:\/\/memurunsesi.net\/index.php\/2025\/04\/29\/sultangazide-kaybolan-demans-hastasi-kisi-icin-arama-calismasi-baslatildi\/"},"wordCount":189,"commentCount":0,"publisher":{"@id":"https:\/\/memurunsesi.net\/#organization"},"image":{"@id":"https:\/\/memurunsesi.net\/index.php\/2025\/04\/29\/sultangazide-kaybolan-demans-hastasi-kisi-icin-arama-calismasi-baslatildi\/#primaryimage"},"thumbnailUrl":"https:\/\/memurunsesi.net\/wp-content\/uploads\/2025\/04\/AW443073_01.jpg","inLanguage":"tr","potentialAction":[{"@type":"CommentAction","name":"Comment","target":["https:\/\/memurunsesi.net\/index.php\/2025\/04\/29\/sultangazide-kaybolan-demans-hastasi-kisi-icin-arama-calismasi-baslatildi\/#respond"]}]},{"@type":"WebPage","@id":"https:\/\/memurunsesi.net\/index.php\/2025\/04\/29\/sultangazide-kaybolan-demans-hastasi-kisi-icin-arama-calismasi-baslatildi\/","url":"https:\/\/memurunsesi.net\/index.php\/2025\/04\/29\/sultangazide-kaybolan-demans-hastasi-kisi-icin-arama-calismasi-baslatildi\/","name":"Sultangazi\u2019de kaybolan demans hastas\u0131 ki\u015fi i\u00e7in arama \u00e7al\u0131\u015fmas\u0131 ba\u015flat\u0131ld\u0131 - Memurun Sesi","isPartOf":{"@id":"https:\/\/memurunsesi.net\/#website"},"primaryImageOfPage":{"@id":"https:\/\/memurunsesi.net\/index.php\/2025\/04\/29\/sultangazide-kaybolan-demans-hastasi-kisi-icin-arama-calismasi-baslatildi\/#primaryimage"},"image":{"@id":"https:\/\/memurunsesi.net\/index.php\/2025\/04\/29\/sultangazide-kaybolan-demans-hastasi-kisi-icin-arama-calismasi-baslatildi\/#primaryimage"},"thumbnailUrl":"https:\/\/memurunsesi.net\/wp-content\/uploads\/2025\/04\/AW443073_01.jpg","datePublished":"2025-04-29T02:30:44+00:00","breadcrumb":{"@id":"https:\/\/memurunsesi.net\/index.php\/2025\/04\/29\/sultangazide-kaybolan-demans-hastasi-kisi-icin-arama-calismasi-baslatildi\/#breadcrumb"},"inLanguage":"tr","potentialAction":[{"@type":"ReadAction","target":["https:\/\/memurunsesi.net\/index.php\/2025\/04\/29\/sultangazide-kaybolan-demans-hastasi-kisi-icin-arama-calismasi-baslatildi\/"]}]},{"@type":"ImageObject","inLanguage":"tr","@id":"https:\/\/memurunsesi.net\/index.php\/2025\/04\/29\/sultangazide-kaybolan-demans-hastasi-kisi-icin-arama-calismasi-baslatildi\/#primaryimage","url":"https:\/\/memurunsesi.net\/wp-content\/uploads\/2025\/04\/AW443073_01.jpg","contentUrl":"https:\/\/memurunsesi.net\/wp-content\/uploads\/2025\/04\/AW443073_01.jpg","width":1176,"height":1600,"caption":"KAYIP K\u0130\u015e\u0130 \u0130SHAK \u00d6ZT\u00dcRK (EN\u0130S DERD\u0130MENTO\u011eLU\/\u0130STANBUL-\u0130HA) Ba\u011fc\u0131lardan y\u00fcr\u00fcyerek Sultangazi'ye gelen ve en son Sultangazi Mimar Sinan Kent Orman\u0131'nda telefonundan sinyal al\u0131nan, \u00f6\u011fle saatlerin bu yana da kendisinden haber al\u0131namayan demans hastas\u0131 \u0130shak \u00d6zt\u00fcrk'\u00fc bulmak i\u00e7in arama \u00e7al\u0131\u015fmas\u0131 ba\u015flat\u0131ld\u0131."},{"@type":"BreadcrumbList","@id":"https:\/\/memurunsesi.net\/index.php\/2025\/04\/29\/sultangazide-kaybolan-demans-hastasi-kisi-icin-arama-calismasi-baslatildi\/#breadcrumb","itemListElement":[{"@type":"ListItem","position":1,"name":"Anasayfa","item":"https:\/\/memurunsesi.net\/"},{"@type":"ListItem","position":2,"name":"Sultangazi\u2019de kaybolan demans hastas\u0131 ki\u015fi i\u00e7in arama \u00e7al\u0131\u015fmas\u0131 ba\u015flat\u0131ld\u0131"}]},{"@type":"WebSite","@id":"https:\/\/memurunsesi.net\/#website","url":"https:\/\/memurunsesi.net\/","name":"Memurun Sesi","description":"G\u00fcncel ve Do\u011fru Haber","publisher":{"@id":"https:\/\/memurunsesi.net\/#organization"},"potentialAction":[{"@type":"SearchAction","target":{"@type":"EntryPoint","urlTemplate":"https:\/\/memurunsesi.net\/?s={search_term_string}"},"query-input":{"@type":"PropertyValueSpecification","valueRequired":true,"valueName":"search_term_string"}}],"inLanguage":"tr"},{"@type":"Organization","@id":"https:\/\/memurunsesi.net\/#organization","name":"Memurun Sesi","url":"https:\/\/memurunsesi.net\/","logo":{"@type":"ImageObject","inLanguage":"tr","@id":"https:\/\/memurunsesi.net\/#\/schema\/logo\/image\/","url":"https:\/\/memurunsesi.net\/wp-content\/uploads\/2025\/11\/cropped-MEMURUN-SESI.png","contentUrl":"https:\/\/memurunsesi.net\/wp-content\/uploads\/2025\/11\/cropped-MEMURUN-SESI.png","width":238,"height":57,"caption":"Memurun Sesi"},"image":{"@id":"https:\/\/memurunsesi.net\/#\/schema\/logo\/image\/"},"sameAs":["https:\/\/www.facebook.com\/unipersen\/?locale=tr_TR","https:\/\/x.com\/unipersen"]},{"@type":"Person","@id":"https:\/\/memurunsesi.net\/#\/schema\/person\/f21c2d73b89f6ee1d80b0a1803e38587","name":"Memurun Sesi Haber Merkezi","image":{"@type":"ImageObject","inLanguage":"tr","@id":"https:\/\/secure.gravatar.com\/avatar\/6cf0505f452ee753f485014986fab09a434671d2b919ee76fc541025c5876a70?s=96&d=mm&r=g","url":"https:\/\/secure.gravatar.com\/avatar\/6cf0505f452ee753f485014986fab09a434671d2b919ee76fc541025c5876a70?s=96&d=mm&r=g","contentUrl":"https:\/\/secure.gravatar.com\/avatar\/6cf0505f452ee753f485014986fab09a434671d2b919ee76fc541025c5876a70?s=96&d=mm&r=g","caption":"Memurun Sesi Haber Merkezi"},"sameAs":["https:\/\/memurunsesi.net"],"url":"https:\/\/memurunsesi.net\/index.php\/author\/uniper\/"}]}},"_links":{"self":[{"href":"https:\/\/memurunsesi.net\/index.php\/wp-json\/wp\/v2\/posts\/6145","targetHints":{"allow":["GET"]}}],"collection":[{"href":"https:\/\/memurunsesi.net\/index.php\/wp-json\/wp\/v2\/posts"}],"about":[{"href":"https:\/\/memurunsesi.net\/index.php\/wp-json\/wp\/v2\/types\/post"}],"author":[{"embeddable":true,"href":"https:\/\/memurunsesi.net\/index.php\/wp-json\/wp\/v2\/users\/1"}],"replies":[{"embeddable":true,"href":"https:\/\/memurunsesi.net\/index.php\/wp-json\/wp\/v2\/comments?post=6145"}],"version-history":[{"count":1,"href":"https:\/\/memurunsesi.net\/index.php\/wp-json\/wp\/v2\/posts\/6145\/revisions"}],"predecessor-version":[{"id":6147,"href":"https:\/\/memurunsesi.net\/index.php\/wp-json\/wp\/v2\/posts\/6145\/revisions\/6147"}],"wp:featuredmedia":[{"embeddable":true,"href":"https:\/\/memurunsesi.net\/index.php\/wp-json\/wp\/v2\/media\/6146"}],"wp:attachment":[{"href":"https:\/\/memurunsesi.net\/index.php\/wp-json\/wp\/v2\/media?parent=6145"}],"wp:term":[{"taxonomy":"category","embeddable":true,"href":"https:\/\/memurunsesi.net\/index.php\/wp-json\/wp\/v2\/categories?post=6145"},{"taxonomy":"post_tag","embeddable":true,"href":"https:\/\/memurunsesi.net\/index.php\/wp-json\/wp\/v2\/tags?post=6145"}],"curies":[{"name":"wp","href":"https:\/\/api.w.org\/{rel}","templated":true}]}}