{"id":6152,"date":"2025-04-29T05:33:26","date_gmt":"2025-04-29T02:33:26","guid":{"rendered":"https:\/\/memurunsesi.net\/?p=6152"},"modified":"2025-04-29T05:33:26","modified_gmt":"2025-04-29T02:33:26","slug":"istanbulda-isparka-ait-36-otopark-ruhsatlari-olmadigi-gerekcesiyle-kapatildi","status":"publish","type":"post","link":"https:\/\/memurunsesi.net\/index.php\/2025\/04\/29\/istanbulda-isparka-ait-36-otopark-ruhsatlari-olmadigi-gerekcesiyle-kapatildi\/","title":{"rendered":"\u0130stanbul\u2019da \u0130SPARK&#8217;a ait 36 otopark ruhsatlar\u0131 olmad\u0131\u011f\u0131 gerek\u00e7esiyle kapat\u0131ld\u0131"},"content":{"rendered":"<p>   \u0130stanbul\u2019da \u0130SPARK taraf\u0131ndan i\u015fletilen 36 otopark\u0131n ruhsatlar\u0131 olmad\u0131\u011f\u0131 gerek\u00e7esiyle \u0130stanbul B\u00fcy\u00fck\u015fehir Belediyesi (\u0130BB) zab\u0131ta ekipleri taraf\u0131ndan kapat\u0131ld\u0131\u011f\u0131 iddia edildi.<br \/>\n  \u0130ddiaya g\u00f6re \u0130stanbul\u2019da \u0130SPARK taraf\u0131ndan i\u015fletilen 36 otopark, \u0130BB Zab\u0131ta Dairesi Ba\u015fkanl\u0131\u011f\u0131 taraf\u0131ndan ruhsat\u0131 bulunmad\u0131\u011f\u0131 gerek\u00e7esiyle m\u00fch\u00fcrlendi. Kapat\u0131lan otoparklardan K\u00fc\u00e7\u00fck\u00e7ekmece\u2019de bulunan Fevzi \u00c7akmak Meydan\u0131 Zemin Alt\u0131 Otopark\u0131\u2019na girmeye \u00e7al\u0131\u015fan vatanda\u015flara ara\u00e7lar\u0131n\u0131 park edemeyecekleri bildirildi. Otoparklarda bulunan ara\u00e7lar i\u00e7in \u00e7\u0131k\u0131\u015flar\u0131n ise a\u00e7\u0131k oldu\u011fu \u00f6\u011frenildi.<br \/>\n  &#8220;Giri\u015f yok&#8221;<br \/>\n  Konu ile ilgili konu\u015fan vatanda\u015f Levent Komanl\u0131,&#8221; \u0130SPARK\u2019\u0131n m\u00fch\u00fcrlendi\u011fini s\u00f6yl\u00fcyorlar. \u0130stanbul B\u00fcy\u00fck\u015fehir Belediyesi m\u00fch\u00fcrlemi\u015f. Gerek\u00e7e yok. Sadece \u00e7\u0131k\u0131\u015f var, giri\u015f yok. Abone oldu\u011fumuz i\u00e7in arac\u0131 almaya geldik. Nedeni kimse s\u00f6ylemiyor. G\u00f6revli arkada\u015flar da bilmiyor&#8221; dedi.<br \/>\n  &#8220;Sosyal medyadan duyup geldik&#8221;<br \/>\n  Arac\u0131 i\u00e7in otoparka gelen bir ba\u015fka vatanda\u015f U\u011furcan Kurucu ise, &#8220;Geldik. Zab\u0131ta taraf\u0131ndan galiba g\u00fcnd\u00fcz m\u00fch\u00fcrlenmi\u015f. Giri\u015f al\u0131nm\u0131yor. \u00c7\u0131k\u0131\u015f yap\u0131lmas\u0131 s\u00f6yleniyor. Ancak geldi\u011fimiz di\u011fer g\u00fcnde de giri\u015f yapamayaca\u011f\u0131z. Durum belli de\u011fil. Herhangi bir \u015fey s\u00f6ylenmemi\u015f. O y\u00fczden \u00e7\u0131k\u0131\u015f yapaca\u011f\u0131z m\u0131 kalaca\u011f\u0131z m\u0131 bilemiyoruz maalesef. 7 ayd\u0131r aboneyim. \u0130lk defa b\u00f6yle bir durumla kar\u015f\u0131la\u015f\u0131yoruz. \u00c7\u0131k\u0131\u015f yapsak tekrar giremeyece\u011fiz. Herhangi bir mesaj, bilgilendirme de gelmedi. Sosyal medyada duyup geldik&#8221; diye konu\u015ftu. <\/p>\n<p>29.04.2025                            <\/p>\n","protected":false},"excerpt":{"rendered":"<p>\u0130stanbul\u2019da \u0130SPARK taraf\u0131ndan i\u015fletilen 36 otopark\u0131n ruhsatlar\u0131 olmad\u0131\u011f\u0131 gerek\u00e7esiyle \u0130stanbul B\u00fcy\u00fck\u015fehir Belediyesi (\u0130BB) zab\u0131ta ekipleri taraf\u0131ndan kapat\u0131ld\u0131\u011f\u0131 iddia edildi. \u0130ddiaya g\u00f6re \u0130stanbul\u2019da \u0130SPARK taraf\u0131ndan i\u015fletilen 36 otopark, \u0130BB Zab\u0131ta Dairesi Ba\u015fkanl\u0131\u011f\u0131 taraf\u0131ndan ruhsat\u0131 bulunmad\u0131\u011f\u0131 gerek\u00e7esiyle m\u00fch\u00fcrlendi. Kapat\u0131lan otoparklardan K\u00fc\u00e7\u00fck\u00e7ekmece\u2019de bulunan Fevzi \u00c7akmak Meydan\u0131 Zemin Alt\u0131 Otopark\u0131\u2019na girmeye \u00e7al\u0131\u015fan vatanda\u015flara ara\u00e7lar\u0131n\u0131 park edemeyecekleri bildirildi. Otoparklarda bulunan [&hellip;]<\/p>\n","protected":false},"author":1,"featured_media":6153,"comment_status":"open","ping_status":"open","sticky":false,"template":"","format":"standard","meta":{"footnotes":""},"categories":[50],"tags":[],"class_list":["post-6152","post","type-post","status-publish","format-standard","has-post-thumbnail","hentry","category-tum-haberler"],"yoast_head":"<!-- This site is optimized with the Yoast SEO plugin v27.4 - https:\/\/yoast.com\/product\/yoast-seo-wordpress\/ -->\n<title>\u0130stanbul\u2019da \u0130SPARK&#039;a ait 36 otopark ruhsatlar\u0131 olmad\u0131\u011f\u0131 gerek\u00e7esiyle kapat\u0131ld\u0131 - Memurun Sesi<\/title>\n<meta name=\"robots\" content=\"index, follow, max-snippet:-1, max-image-preview:large, max-video-preview:-1\" \/>\n<link rel=\"canonical\" href=\"https:\/\/memurunsesi.net\/index.php\/2025\/04\/29\/istanbulda-isparka-ait-36-otopark-ruhsatlari-olmadigi-gerekcesiyle-kapatildi\/\" \/>\n<meta property=\"og:locale\" content=\"tr_TR\" \/>\n<meta property=\"og:type\" content=\"article\" \/>\n<meta property=\"og:title\" content=\"\u0130stanbul\u2019da \u0130SPARK&#039;a ait 36 otopark ruhsatlar\u0131 olmad\u0131\u011f\u0131 gerek\u00e7esiyle kapat\u0131ld\u0131 - Memurun Sesi\" \/>\n<meta property=\"og:description\" content=\"\u0130stanbul\u2019da \u0130SPARK taraf\u0131ndan i\u015fletilen 36 otopark\u0131n ruhsatlar\u0131 olmad\u0131\u011f\u0131 gerek\u00e7esiyle \u0130stanbul B\u00fcy\u00fck\u015fehir Belediyesi (\u0130BB) zab\u0131ta ekipleri taraf\u0131ndan kapat\u0131ld\u0131\u011f\u0131 iddia edildi. \u0130ddiaya g\u00f6re \u0130stanbul\u2019da \u0130SPARK taraf\u0131ndan i\u015fletilen 36 otopark, \u0130BB Zab\u0131ta Dairesi Ba\u015fkanl\u0131\u011f\u0131 taraf\u0131ndan ruhsat\u0131 bulunmad\u0131\u011f\u0131 gerek\u00e7esiyle m\u00fch\u00fcrlendi. Kapat\u0131lan otoparklardan K\u00fc\u00e7\u00fck\u00e7ekmece\u2019de bulunan Fevzi \u00c7akmak Meydan\u0131 Zemin Alt\u0131 Otopark\u0131\u2019na girmeye \u00e7al\u0131\u015fan vatanda\u015flara ara\u00e7lar\u0131n\u0131 park edemeyecekleri bildirildi. Otoparklarda bulunan [&hellip;]\" \/>\n<meta property=\"og:url\" content=\"https:\/\/memurunsesi.net\/index.php\/2025\/04\/29\/istanbulda-isparka-ait-36-otopark-ruhsatlari-olmadigi-gerekcesiyle-kapatildi\/\" \/>\n<meta property=\"og:site_name\" content=\"Memurun Sesi\" \/>\n<meta property=\"article:publisher\" content=\"https:\/\/www.facebook.com\/unipersen\/?locale=tr_TR\" \/>\n<meta property=\"article:published_time\" content=\"2025-04-29T02:33:26+00:00\" \/>\n<meta property=\"og:image\" content=\"https:\/\/memurunsesi.net\/wp-content\/uploads\/2025\/04\/AW443071_01.jpg\" \/>\n\t<meta property=\"og:image:width\" content=\"1079\" \/>\n\t<meta property=\"og:image:height\" content=\"604\" \/>\n\t<meta property=\"og:image:type\" content=\"image\/jpeg\" \/>\n<meta name=\"author\" content=\"Memurun Sesi Haber Merkezi\" \/>\n<meta name=\"twitter:card\" content=\"summary_large_image\" \/>\n<meta name=\"twitter:creator\" content=\"@unipersen\" \/>\n<meta name=\"twitter:site\" content=\"@unipersen\" \/>\n<meta name=\"twitter:label1\" content=\"Yazan:\" \/>\n\t<meta name=\"twitter:data1\" content=\"Memurun Sesi Haber Merkezi\" \/>\n\t<meta name=\"twitter:label2\" content=\"Tahmini okuma s\u00fcresi\" \/>\n\t<meta name=\"twitter:data2\" content=\"1 dakika\" \/>\n<script type=\"application\/ld+json\" class=\"yoast-schema-graph\">{\"@context\":\"https:\\\/\\\/schema.org\",\"@graph\":[{\"@type\":\"Article\",\"@id\":\"https:\\\/\\\/memurunsesi.net\\\/index.php\\\/2025\\\/04\\\/29\\\/istanbulda-isparka-ait-36-otopark-ruhsatlari-olmadigi-gerekcesiyle-kapatildi\\\/#article\",\"isPartOf\":{\"@id\":\"https:\\\/\\\/memurunsesi.net\\\/index.php\\\/2025\\\/04\\\/29\\\/istanbulda-isparka-ait-36-otopark-ruhsatlari-olmadigi-gerekcesiyle-kapatildi\\\/\"},\"author\":{\"name\":\"Memurun Sesi Haber Merkezi\",\"@id\":\"https:\\\/\\\/memurunsesi.net\\\/#\\\/schema\\\/person\\\/f21c2d73b89f6ee1d80b0a1803e38587\"},\"headline\":\"\u0130stanbul\u2019da \u0130SPARK&#8217;a ait 36 otopark ruhsatlar\u0131 olmad\u0131\u011f\u0131 gerek\u00e7esiyle kapat\u0131ld\u0131\",\"datePublished\":\"2025-04-29T02:33:26+00:00\",\"mainEntityOfPage\":{\"@id\":\"https:\\\/\\\/memurunsesi.net\\\/index.php\\\/2025\\\/04\\\/29\\\/istanbulda-isparka-ait-36-otopark-ruhsatlari-olmadigi-gerekcesiyle-kapatildi\\\/\"},\"wordCount\":263,\"commentCount\":0,\"publisher\":{\"@id\":\"https:\\\/\\\/memurunsesi.net\\\/#organization\"},\"image\":{\"@id\":\"https:\\\/\\\/memurunsesi.net\\\/index.php\\\/2025\\\/04\\\/29\\\/istanbulda-isparka-ait-36-otopark-ruhsatlari-olmadigi-gerekcesiyle-kapatildi\\\/#primaryimage\"},\"thumbnailUrl\":\"https:\\\/\\\/memurunsesi.net\\\/wp-content\\\/uploads\\\/2025\\\/04\\\/AW443071_01.jpg\",\"articleSection\":[\"T\u00fcm Haberler\"],\"inLanguage\":\"tr\",\"potentialAction\":[{\"@type\":\"CommentAction\",\"name\":\"Comment\",\"target\":[\"https:\\\/\\\/memurunsesi.net\\\/index.php\\\/2025\\\/04\\\/29\\\/istanbulda-isparka-ait-36-otopark-ruhsatlari-olmadigi-gerekcesiyle-kapatildi\\\/#respond\"]}]},{\"@type\":\"WebPage\",\"@id\":\"https:\\\/\\\/memurunsesi.net\\\/index.php\\\/2025\\\/04\\\/29\\\/istanbulda-isparka-ait-36-otopark-ruhsatlari-olmadigi-gerekcesiyle-kapatildi\\\/\",\"url\":\"https:\\\/\\\/memurunsesi.net\\\/index.php\\\/2025\\\/04\\\/29\\\/istanbulda-isparka-ait-36-otopark-ruhsatlari-olmadigi-gerekcesiyle-kapatildi\\\/\",\"name\":\"\u0130stanbul\u2019da \u0130SPARK'a ait 36 otopark ruhsatlar\u0131 olmad\u0131\u011f\u0131 gerek\u00e7esiyle kapat\u0131ld\u0131 - Memurun Sesi\",\"isPartOf\":{\"@id\":\"https:\\\/\\\/memurunsesi.net\\\/#website\"},\"primaryImageOfPage\":{\"@id\":\"https:\\\/\\\/memurunsesi.net\\\/index.php\\\/2025\\\/04\\\/29\\\/istanbulda-isparka-ait-36-otopark-ruhsatlari-olmadigi-gerekcesiyle-kapatildi\\\/#primaryimage\"},\"image\":{\"@id\":\"https:\\\/\\\/memurunsesi.net\\\/index.php\\\/2025\\\/04\\\/29\\\/istanbulda-isparka-ait-36-otopark-ruhsatlari-olmadigi-gerekcesiyle-kapatildi\\\/#primaryimage\"},\"thumbnailUrl\":\"https:\\\/\\\/memurunsesi.net\\\/wp-content\\\/uploads\\\/2025\\\/04\\\/AW443071_01.jpg\",\"datePublished\":\"2025-04-29T02:33:26+00:00\",\"breadcrumb\":{\"@id\":\"https:\\\/\\\/memurunsesi.net\\\/index.php\\\/2025\\\/04\\\/29\\\/istanbulda-isparka-ait-36-otopark-ruhsatlari-olmadigi-gerekcesiyle-kapatildi\\\/#breadcrumb\"},\"inLanguage\":\"tr\",\"potentialAction\":[{\"@type\":\"ReadAction\",\"target\":[\"https:\\\/\\\/memurunsesi.net\\\/index.php\\\/2025\\\/04\\\/29\\\/istanbulda-isparka-ait-36-otopark-ruhsatlari-olmadigi-gerekcesiyle-kapatildi\\\/\"]}]},{\"@type\":\"ImageObject\",\"inLanguage\":\"tr\",\"@id\":\"https:\\\/\\\/memurunsesi.net\\\/index.php\\\/2025\\\/04\\\/29\\\/istanbulda-isparka-ait-36-otopark-ruhsatlari-olmadigi-gerekcesiyle-kapatildi\\\/#primaryimage\",\"url\":\"https:\\\/\\\/memurunsesi.net\\\/wp-content\\\/uploads\\\/2025\\\/04\\\/AW443071_01.jpg\",\"contentUrl\":\"https:\\\/\\\/memurunsesi.net\\\/wp-content\\\/uploads\\\/2025\\\/04\\\/AW443071_01.jpg\",\"width\":1079,\"height\":604,\"caption\":\"\u0130SPARK MA\u011eDURU VATANDA\u015e R\u00d6PORTAJI (EN\u0130S DERD\u0130MENTO\u011eLU - MERT YILDIRIM - TUNCAY PEHL\u0130VAN\\\/\u0130STANBUL-\u0130HA) \u0130stanbul'da \u0130SPARK taraf\u0131ndan i\u015fletilen 36 otopark\u0131n ruhsatlar\u0131 olmad\u0131\u011f\u0131 gerek\u00e7esiyle \u0130stanbul B\u00fcy\u00fck\u015fehir Belediyesi (\u0130BB) zab\u0131ta ekipleri taraf\u0131ndan kapat\u0131ld\u0131\u011f\u0131 iddia edildi.\"},{\"@type\":\"BreadcrumbList\",\"@id\":\"https:\\\/\\\/memurunsesi.net\\\/index.php\\\/2025\\\/04\\\/29\\\/istanbulda-isparka-ait-36-otopark-ruhsatlari-olmadigi-gerekcesiyle-kapatildi\\\/#breadcrumb\",\"itemListElement\":[{\"@type\":\"ListItem\",\"position\":1,\"name\":\"Anasayfa\",\"item\":\"https:\\\/\\\/memurunsesi.net\\\/\"},{\"@type\":\"ListItem\",\"position\":2,\"name\":\"\u0130stanbul\u2019da \u0130SPARK&#8217;a ait 36 otopark ruhsatlar\u0131 olmad\u0131\u011f\u0131 gerek\u00e7esiyle kapat\u0131ld\u0131\"}]},{\"@type\":\"WebSite\",\"@id\":\"https:\\\/\\\/memurunsesi.net\\\/#website\",\"url\":\"https:\\\/\\\/memurunsesi.net\\\/\",\"name\":\"Memurun Sesi\",\"description\":\"G\u00fcncel ve Do\u011fru Haber\",\"publisher\":{\"@id\":\"https:\\\/\\\/memurunsesi.net\\\/#organization\"},\"potentialAction\":[{\"@type\":\"SearchAction\",\"target\":{\"@type\":\"EntryPoint\",\"urlTemplate\":\"https:\\\/\\\/memurunsesi.net\\\/?s={search_term_string}\"},\"query-input\":{\"@type\":\"PropertyValueSpecification\",\"valueRequired\":true,\"valueName\":\"search_term_string\"}}],\"inLanguage\":\"tr\"},{\"@type\":\"Organization\",\"@id\":\"https:\\\/\\\/memurunsesi.net\\\/#organization\",\"name\":\"Memurun Sesi\",\"url\":\"https:\\\/\\\/memurunsesi.net\\\/\",\"logo\":{\"@type\":\"ImageObject\",\"inLanguage\":\"tr\",\"@id\":\"https:\\\/\\\/memurunsesi.net\\\/#\\\/schema\\\/logo\\\/image\\\/\",\"url\":\"https:\\\/\\\/memurunsesi.net\\\/wp-content\\\/uploads\\\/2025\\\/11\\\/cropped-MEMURUN-SESI.png\",\"contentUrl\":\"https:\\\/\\\/memurunsesi.net\\\/wp-content\\\/uploads\\\/2025\\\/11\\\/cropped-MEMURUN-SESI.png\",\"width\":238,\"height\":57,\"caption\":\"Memurun Sesi\"},\"image\":{\"@id\":\"https:\\\/\\\/memurunsesi.net\\\/#\\\/schema\\\/logo\\\/image\\\/\"},\"sameAs\":[\"https:\\\/\\\/www.facebook.com\\\/unipersen\\\/?locale=tr_TR\",\"https:\\\/\\\/x.com\\\/unipersen\"]},{\"@type\":\"Person\",\"@id\":\"https:\\\/\\\/memurunsesi.net\\\/#\\\/schema\\\/person\\\/f21c2d73b89f6ee1d80b0a1803e38587\",\"name\":\"Memurun Sesi Haber Merkezi\",\"image\":{\"@type\":\"ImageObject\",\"inLanguage\":\"tr\",\"@id\":\"https:\\\/\\\/secure.gravatar.com\\\/avatar\\\/6cf0505f452ee753f485014986fab09a434671d2b919ee76fc541025c5876a70?s=96&d=mm&r=g\",\"url\":\"https:\\\/\\\/secure.gravatar.com\\\/avatar\\\/6cf0505f452ee753f485014986fab09a434671d2b919ee76fc541025c5876a70?s=96&d=mm&r=g\",\"contentUrl\":\"https:\\\/\\\/secure.gravatar.com\\\/avatar\\\/6cf0505f452ee753f485014986fab09a434671d2b919ee76fc541025c5876a70?s=96&d=mm&r=g\",\"caption\":\"Memurun Sesi Haber Merkezi\"},\"sameAs\":[\"https:\\\/\\\/memurunsesi.net\"],\"url\":\"https:\\\/\\\/memurunsesi.net\\\/index.php\\\/author\\\/uniper\\\/\"}]}<\/script>\n<!-- \/ Yoast SEO plugin. -->","yoast_head_json":{"title":"\u0130stanbul\u2019da \u0130SPARK'a ait 36 otopark ruhsatlar\u0131 olmad\u0131\u011f\u0131 gerek\u00e7esiyle kapat\u0131ld\u0131 - Memurun Sesi","robots":{"index":"index","follow":"follow","max-snippet":"max-snippet:-1","max-image-preview":"max-image-preview:large","max-video-preview":"max-video-preview:-1"},"canonical":"https:\/\/memurunsesi.net\/index.php\/2025\/04\/29\/istanbulda-isparka-ait-36-otopark-ruhsatlari-olmadigi-gerekcesiyle-kapatildi\/","og_locale":"tr_TR","og_type":"article","og_title":"\u0130stanbul\u2019da \u0130SPARK'a ait 36 otopark ruhsatlar\u0131 olmad\u0131\u011f\u0131 gerek\u00e7esiyle kapat\u0131ld\u0131 - Memurun Sesi","og_description":"\u0130stanbul\u2019da \u0130SPARK taraf\u0131ndan i\u015fletilen 36 otopark\u0131n ruhsatlar\u0131 olmad\u0131\u011f\u0131 gerek\u00e7esiyle \u0130stanbul B\u00fcy\u00fck\u015fehir Belediyesi (\u0130BB) zab\u0131ta ekipleri taraf\u0131ndan kapat\u0131ld\u0131\u011f\u0131 iddia edildi. \u0130ddiaya g\u00f6re \u0130stanbul\u2019da \u0130SPARK taraf\u0131ndan i\u015fletilen 36 otopark, \u0130BB Zab\u0131ta Dairesi Ba\u015fkanl\u0131\u011f\u0131 taraf\u0131ndan ruhsat\u0131 bulunmad\u0131\u011f\u0131 gerek\u00e7esiyle m\u00fch\u00fcrlendi. Kapat\u0131lan otoparklardan K\u00fc\u00e7\u00fck\u00e7ekmece\u2019de bulunan Fevzi \u00c7akmak Meydan\u0131 Zemin Alt\u0131 Otopark\u0131\u2019na girmeye \u00e7al\u0131\u015fan vatanda\u015flara ara\u00e7lar\u0131n\u0131 park edemeyecekleri bildirildi. Otoparklarda bulunan [&hellip;]","og_url":"https:\/\/memurunsesi.net\/index.php\/2025\/04\/29\/istanbulda-isparka-ait-36-otopark-ruhsatlari-olmadigi-gerekcesiyle-kapatildi\/","og_site_name":"Memurun Sesi","article_publisher":"https:\/\/www.facebook.com\/unipersen\/?locale=tr_TR","article_published_time":"2025-04-29T02:33:26+00:00","og_image":[{"width":1079,"height":604,"url":"https:\/\/memurunsesi.net\/wp-content\/uploads\/2025\/04\/AW443071_01.jpg","type":"image\/jpeg"}],"author":"Memurun Sesi Haber Merkezi","twitter_card":"summary_large_image","twitter_creator":"@unipersen","twitter_site":"@unipersen","twitter_misc":{"Yazan:":"Memurun Sesi Haber Merkezi","Tahmini okuma s\u00fcresi":"1 dakika"},"schema":{"@context":"https:\/\/schema.org","@graph":[{"@type":"Article","@id":"https:\/\/memurunsesi.net\/index.php\/2025\/04\/29\/istanbulda-isparka-ait-36-otopark-ruhsatlari-olmadigi-gerekcesiyle-kapatildi\/#article","isPartOf":{"@id":"https:\/\/memurunsesi.net\/index.php\/2025\/04\/29\/istanbulda-isparka-ait-36-otopark-ruhsatlari-olmadigi-gerekcesiyle-kapatildi\/"},"author":{"name":"Memurun Sesi Haber Merkezi","@id":"https:\/\/memurunsesi.net\/#\/schema\/person\/f21c2d73b89f6ee1d80b0a1803e38587"},"headline":"\u0130stanbul\u2019da \u0130SPARK&#8217;a ait 36 otopark ruhsatlar\u0131 olmad\u0131\u011f\u0131 gerek\u00e7esiyle kapat\u0131ld\u0131","datePublished":"2025-04-29T02:33:26+00:00","mainEntityOfPage":{"@id":"https:\/\/memurunsesi.net\/index.php\/2025\/04\/29\/istanbulda-isparka-ait-36-otopark-ruhsatlari-olmadigi-gerekcesiyle-kapatildi\/"},"wordCount":263,"commentCount":0,"publisher":{"@id":"https:\/\/memurunsesi.net\/#organization"},"image":{"@id":"https:\/\/memurunsesi.net\/index.php\/2025\/04\/29\/istanbulda-isparka-ait-36-otopark-ruhsatlari-olmadigi-gerekcesiyle-kapatildi\/#primaryimage"},"thumbnailUrl":"https:\/\/memurunsesi.net\/wp-content\/uploads\/2025\/04\/AW443071_01.jpg","articleSection":["T\u00fcm Haberler"],"inLanguage":"tr","potentialAction":[{"@type":"CommentAction","name":"Comment","target":["https:\/\/memurunsesi.net\/index.php\/2025\/04\/29\/istanbulda-isparka-ait-36-otopark-ruhsatlari-olmadigi-gerekcesiyle-kapatildi\/#respond"]}]},{"@type":"WebPage","@id":"https:\/\/memurunsesi.net\/index.php\/2025\/04\/29\/istanbulda-isparka-ait-36-otopark-ruhsatlari-olmadigi-gerekcesiyle-kapatildi\/","url":"https:\/\/memurunsesi.net\/index.php\/2025\/04\/29\/istanbulda-isparka-ait-36-otopark-ruhsatlari-olmadigi-gerekcesiyle-kapatildi\/","name":"\u0130stanbul\u2019da \u0130SPARK'a ait 36 otopark ruhsatlar\u0131 olmad\u0131\u011f\u0131 gerek\u00e7esiyle kapat\u0131ld\u0131 - Memurun Sesi","isPartOf":{"@id":"https:\/\/memurunsesi.net\/#website"},"primaryImageOfPage":{"@id":"https:\/\/memurunsesi.net\/index.php\/2025\/04\/29\/istanbulda-isparka-ait-36-otopark-ruhsatlari-olmadigi-gerekcesiyle-kapatildi\/#primaryimage"},"image":{"@id":"https:\/\/memurunsesi.net\/index.php\/2025\/04\/29\/istanbulda-isparka-ait-36-otopark-ruhsatlari-olmadigi-gerekcesiyle-kapatildi\/#primaryimage"},"thumbnailUrl":"https:\/\/memurunsesi.net\/wp-content\/uploads\/2025\/04\/AW443071_01.jpg","datePublished":"2025-04-29T02:33:26+00:00","breadcrumb":{"@id":"https:\/\/memurunsesi.net\/index.php\/2025\/04\/29\/istanbulda-isparka-ait-36-otopark-ruhsatlari-olmadigi-gerekcesiyle-kapatildi\/#breadcrumb"},"inLanguage":"tr","potentialAction":[{"@type":"ReadAction","target":["https:\/\/memurunsesi.net\/index.php\/2025\/04\/29\/istanbulda-isparka-ait-36-otopark-ruhsatlari-olmadigi-gerekcesiyle-kapatildi\/"]}]},{"@type":"ImageObject","inLanguage":"tr","@id":"https:\/\/memurunsesi.net\/index.php\/2025\/04\/29\/istanbulda-isparka-ait-36-otopark-ruhsatlari-olmadigi-gerekcesiyle-kapatildi\/#primaryimage","url":"https:\/\/memurunsesi.net\/wp-content\/uploads\/2025\/04\/AW443071_01.jpg","contentUrl":"https:\/\/memurunsesi.net\/wp-content\/uploads\/2025\/04\/AW443071_01.jpg","width":1079,"height":604,"caption":"\u0130SPARK MA\u011eDURU VATANDA\u015e R\u00d6PORTAJI (EN\u0130S DERD\u0130MENTO\u011eLU - MERT YILDIRIM - TUNCAY PEHL\u0130VAN\/\u0130STANBUL-\u0130HA) \u0130stanbul'da \u0130SPARK taraf\u0131ndan i\u015fletilen 36 otopark\u0131n ruhsatlar\u0131 olmad\u0131\u011f\u0131 gerek\u00e7esiyle \u0130stanbul B\u00fcy\u00fck\u015fehir Belediyesi (\u0130BB) zab\u0131ta ekipleri taraf\u0131ndan kapat\u0131ld\u0131\u011f\u0131 iddia edildi."},{"@type":"BreadcrumbList","@id":"https:\/\/memurunsesi.net\/index.php\/2025\/04\/29\/istanbulda-isparka-ait-36-otopark-ruhsatlari-olmadigi-gerekcesiyle-kapatildi\/#breadcrumb","itemListElement":[{"@type":"ListItem","position":1,"name":"Anasayfa","item":"https:\/\/memurunsesi.net\/"},{"@type":"ListItem","position":2,"name":"\u0130stanbul\u2019da \u0130SPARK&#8217;a ait 36 otopark ruhsatlar\u0131 olmad\u0131\u011f\u0131 gerek\u00e7esiyle kapat\u0131ld\u0131"}]},{"@type":"WebSite","@id":"https:\/\/memurunsesi.net\/#website","url":"https:\/\/memurunsesi.net\/","name":"Memurun Sesi","description":"G\u00fcncel ve Do\u011fru Haber","publisher":{"@id":"https:\/\/memurunsesi.net\/#organization"},"potentialAction":[{"@type":"SearchAction","target":{"@type":"EntryPoint","urlTemplate":"https:\/\/memurunsesi.net\/?s={search_term_string}"},"query-input":{"@type":"PropertyValueSpecification","valueRequired":true,"valueName":"search_term_string"}}],"inLanguage":"tr"},{"@type":"Organization","@id":"https:\/\/memurunsesi.net\/#organization","name":"Memurun Sesi","url":"https:\/\/memurunsesi.net\/","logo":{"@type":"ImageObject","inLanguage":"tr","@id":"https:\/\/memurunsesi.net\/#\/schema\/logo\/image\/","url":"https:\/\/memurunsesi.net\/wp-content\/uploads\/2025\/11\/cropped-MEMURUN-SESI.png","contentUrl":"https:\/\/memurunsesi.net\/wp-content\/uploads\/2025\/11\/cropped-MEMURUN-SESI.png","width":238,"height":57,"caption":"Memurun Sesi"},"image":{"@id":"https:\/\/memurunsesi.net\/#\/schema\/logo\/image\/"},"sameAs":["https:\/\/www.facebook.com\/unipersen\/?locale=tr_TR","https:\/\/x.com\/unipersen"]},{"@type":"Person","@id":"https:\/\/memurunsesi.net\/#\/schema\/person\/f21c2d73b89f6ee1d80b0a1803e38587","name":"Memurun Sesi Haber Merkezi","image":{"@type":"ImageObject","inLanguage":"tr","@id":"https:\/\/secure.gravatar.com\/avatar\/6cf0505f452ee753f485014986fab09a434671d2b919ee76fc541025c5876a70?s=96&d=mm&r=g","url":"https:\/\/secure.gravatar.com\/avatar\/6cf0505f452ee753f485014986fab09a434671d2b919ee76fc541025c5876a70?s=96&d=mm&r=g","contentUrl":"https:\/\/secure.gravatar.com\/avatar\/6cf0505f452ee753f485014986fab09a434671d2b919ee76fc541025c5876a70?s=96&d=mm&r=g","caption":"Memurun Sesi Haber Merkezi"},"sameAs":["https:\/\/memurunsesi.net"],"url":"https:\/\/memurunsesi.net\/index.php\/author\/uniper\/"}]}},"_links":{"self":[{"href":"https:\/\/memurunsesi.net\/index.php\/wp-json\/wp\/v2\/posts\/6152","targetHints":{"allow":["GET"]}}],"collection":[{"href":"https:\/\/memurunsesi.net\/index.php\/wp-json\/wp\/v2\/posts"}],"about":[{"href":"https:\/\/memurunsesi.net\/index.php\/wp-json\/wp\/v2\/types\/post"}],"author":[{"embeddable":true,"href":"https:\/\/memurunsesi.net\/index.php\/wp-json\/wp\/v2\/users\/1"}],"replies":[{"embeddable":true,"href":"https:\/\/memurunsesi.net\/index.php\/wp-json\/wp\/v2\/comments?post=6152"}],"version-history":[{"count":1,"href":"https:\/\/memurunsesi.net\/index.php\/wp-json\/wp\/v2\/posts\/6152\/revisions"}],"predecessor-version":[{"id":6154,"href":"https:\/\/memurunsesi.net\/index.php\/wp-json\/wp\/v2\/posts\/6152\/revisions\/6154"}],"wp:featuredmedia":[{"embeddable":true,"href":"https:\/\/memurunsesi.net\/index.php\/wp-json\/wp\/v2\/media\/6153"}],"wp:attachment":[{"href":"https:\/\/memurunsesi.net\/index.php\/wp-json\/wp\/v2\/media?parent=6152"}],"wp:term":[{"taxonomy":"category","embeddable":true,"href":"https:\/\/memurunsesi.net\/index.php\/wp-json\/wp\/v2\/categories?post=6152"},{"taxonomy":"post_tag","embeddable":true,"href":"https:\/\/memurunsesi.net\/index.php\/wp-json\/wp\/v2\/tags?post=6152"}],"curies":[{"name":"wp","href":"https:\/\/api.w.org\/{rel}","templated":true}]}}