{"id":6158,"date":"2025-04-29T05:36:23","date_gmt":"2025-04-29T02:36:23","guid":{"rendered":"https:\/\/memurunsesi.net\/?p=6158"},"modified":"2025-04-29T05:36:23","modified_gmt":"2025-04-29T02:36:23","slug":"sariyerde-kontrolden-cikan-motosiklet-otomobile-carpti-2-agir-yarali","status":"publish","type":"post","link":"https:\/\/memurunsesi.net\/index.php\/2025\/04\/29\/sariyerde-kontrolden-cikan-motosiklet-otomobile-carpti-2-agir-yarali\/","title":{"rendered":"Sar\u0131yer\u2019de kontrolden \u00e7\u0131kan motosiklet otomobile \u00e7arpt\u0131: 2 a\u011f\u0131r yaral\u0131"},"content":{"rendered":"<p>  Sar\u0131yer\u2019de kaygan yolda kontrolden \u00e7\u0131kan motosiklet, seyir halindeki otomobile \u00e7arpt\u0131. Motorcu ve motosiklette yolcu konumunda bulunan arkada\u015f\u0131 a\u011f\u0131r yaraland\u0131.<br \/>\n  Kaza, saat 00.00 s\u0131ralar\u0131nda P\u0131nar Mahallesi Katar Caddesi \u00fczerinde meydana geldi. Edinilen bilgiye Emirhan G. idaresindeki 34 FAD 750 plakal\u0131 KTM marka motosiklet, kaygan yolda kontrolden \u00e7\u0131karak cadde \u00fczerinde seyreden 34 MTR 713 plakal\u0131 Maserati marka otomobile \u00e7arp\u0131\u015ft\u0131. Kaza sonras\u0131nda motosiklet s\u00fcr\u00fcc\u00fcs\u00fc Emirhan G. ve motosiklette yolcu konumunda bulunan arkada\u015f\u0131 Semih D. a\u011f\u0131r yaraland\u0131. \u0130hbar \u00fczerine olay yerine sa\u011fl\u0131k ve polis ekipleri sevk edildi. Yaral\u0131lar ambulans ile Okmeydan\u0131 Cemil Ta\u015f\u00e7\u0131o\u011flu E\u011fitim Ara\u015ft\u0131rma hastanesine kald\u0131r\u0131ld\u0131. Yaral\u0131lar\u0131n hayati tehlikelerinin devam etti\u011fi \u00f6\u011frenilirken, kaza sonras\u0131 motosikletin par\u00e7alar\u0131 yola savruldu ve ara\u00e7 kullan\u0131lamaz hale geldi. Motosikletin \u00e7arpt\u0131\u011f\u0131 ara\u00e7ta da hasar meydana gelirken s\u00fcr\u00fcc\u00fcs\u00fcn\u00fcn yaralanmad\u0131\u011f\u0131 bildirildi.<br \/>\n  Kazaya kar\u0131\u015fan ara\u00e7lar\u0131n \u00e7ekici yard\u0131m\u0131yla olay yerinden kald\u0131r\u0131lmas\u0131 sonras\u0131 trafik normalde d\u00f6nerken yetkililer kazayla ilgili inceleme ba\u015flatt\u0131. <\/p>\n<p>29.04.2025                                      <\/p>\n","protected":false},"excerpt":{"rendered":"<p>Sar\u0131yer\u2019de kaygan yolda kontrolden \u00e7\u0131kan motosiklet, seyir halindeki otomobile \u00e7arpt\u0131. Motorcu ve motosiklette yolcu konumunda bulunan arkada\u015f\u0131 a\u011f\u0131r yaraland\u0131. Kaza, saat 00.00 s\u0131ralar\u0131nda P\u0131nar Mahallesi Katar Caddesi \u00fczerinde meydana geldi. Edinilen bilgiye Emirhan G. idaresindeki 34 FAD 750 plakal\u0131 KTM marka motosiklet, kaygan yolda kontrolden \u00e7\u0131karak cadde \u00fczerinde seyreden 34 MTR 713 plakal\u0131 Maserati marka [&hellip;]<\/p>\n","protected":false},"author":1,"featured_media":6159,"comment_status":"open","ping_status":"open","sticky":false,"template":"","format":"standard","meta":{"footnotes":""},"categories":[1],"tags":[],"class_list":["post-6158","post","type-post","status-publish","format-standard","has-post-thumbnail","hentry","category-genel"],"yoast_head":"<!-- This site is optimized with the Yoast SEO plugin v27.4 - https:\/\/yoast.com\/product\/yoast-seo-wordpress\/ -->\n<title>Sar\u0131yer\u2019de kontrolden \u00e7\u0131kan motosiklet otomobile \u00e7arpt\u0131: 2 a\u011f\u0131r yaral\u0131 - Memurun Sesi<\/title>\n<meta name=\"robots\" content=\"index, follow, max-snippet:-1, max-image-preview:large, max-video-preview:-1\" \/>\n<link rel=\"canonical\" href=\"https:\/\/memurunsesi.net\/index.php\/2025\/04\/29\/sariyerde-kontrolden-cikan-motosiklet-otomobile-carpti-2-agir-yarali\/\" \/>\n<meta property=\"og:locale\" content=\"tr_TR\" \/>\n<meta property=\"og:type\" content=\"article\" \/>\n<meta property=\"og:title\" content=\"Sar\u0131yer\u2019de kontrolden \u00e7\u0131kan motosiklet otomobile \u00e7arpt\u0131: 2 a\u011f\u0131r yaral\u0131 - Memurun Sesi\" \/>\n<meta property=\"og:description\" content=\"Sar\u0131yer\u2019de kaygan yolda kontrolden \u00e7\u0131kan motosiklet, seyir halindeki otomobile \u00e7arpt\u0131. Motorcu ve motosiklette yolcu konumunda bulunan arkada\u015f\u0131 a\u011f\u0131r yaraland\u0131. Kaza, saat 00.00 s\u0131ralar\u0131nda P\u0131nar Mahallesi Katar Caddesi \u00fczerinde meydana geldi. Edinilen bilgiye Emirhan G. idaresindeki 34 FAD 750 plakal\u0131 KTM marka motosiklet, kaygan yolda kontrolden \u00e7\u0131karak cadde \u00fczerinde seyreden 34 MTR 713 plakal\u0131 Maserati marka [&hellip;]\" \/>\n<meta property=\"og:url\" content=\"https:\/\/memurunsesi.net\/index.php\/2025\/04\/29\/sariyerde-kontrolden-cikan-motosiklet-otomobile-carpti-2-agir-yarali\/\" \/>\n<meta property=\"og:site_name\" content=\"Memurun Sesi\" \/>\n<meta property=\"article:publisher\" content=\"https:\/\/www.facebook.com\/unipersen\/?locale=tr_TR\" \/>\n<meta property=\"article:published_time\" content=\"2025-04-29T02:36:23+00:00\" \/>\n<meta property=\"og:image\" content=\"https:\/\/memurunsesi.net\/wp-content\/uploads\/2025\/04\/AW443069_01-scaled.jpg\" \/>\n\t<meta property=\"og:image:width\" content=\"2560\" \/>\n\t<meta property=\"og:image:height\" content=\"1441\" \/>\n\t<meta property=\"og:image:type\" content=\"image\/jpeg\" \/>\n<meta name=\"author\" content=\"Memurun Sesi Haber Merkezi\" \/>\n<meta name=\"twitter:card\" content=\"summary_large_image\" \/>\n<meta name=\"twitter:creator\" content=\"@unipersen\" \/>\n<meta name=\"twitter:site\" content=\"@unipersen\" \/>\n<meta name=\"twitter:label1\" content=\"Yazan:\" \/>\n\t<meta name=\"twitter:data1\" content=\"Memurun Sesi Haber Merkezi\" \/>\n\t<meta name=\"twitter:label2\" content=\"Tahmini okuma s\u00fcresi\" \/>\n\t<meta name=\"twitter:data2\" content=\"1 dakika\" \/>\n<script type=\"application\/ld+json\" class=\"yoast-schema-graph\">{\"@context\":\"https:\\\/\\\/schema.org\",\"@graph\":[{\"@type\":\"Article\",\"@id\":\"https:\\\/\\\/memurunsesi.net\\\/index.php\\\/2025\\\/04\\\/29\\\/sariyerde-kontrolden-cikan-motosiklet-otomobile-carpti-2-agir-yarali\\\/#article\",\"isPartOf\":{\"@id\":\"https:\\\/\\\/memurunsesi.net\\\/index.php\\\/2025\\\/04\\\/29\\\/sariyerde-kontrolden-cikan-motosiklet-otomobile-carpti-2-agir-yarali\\\/\"},\"author\":{\"name\":\"Memurun Sesi Haber Merkezi\",\"@id\":\"https:\\\/\\\/memurunsesi.net\\\/#\\\/schema\\\/person\\\/f21c2d73b89f6ee1d80b0a1803e38587\"},\"headline\":\"Sar\u0131yer\u2019de kontrolden \u00e7\u0131kan motosiklet otomobile \u00e7arpt\u0131: 2 a\u011f\u0131r yaral\u0131\",\"datePublished\":\"2025-04-29T02:36:23+00:00\",\"mainEntityOfPage\":{\"@id\":\"https:\\\/\\\/memurunsesi.net\\\/index.php\\\/2025\\\/04\\\/29\\\/sariyerde-kontrolden-cikan-motosiklet-otomobile-carpti-2-agir-yarali\\\/\"},\"wordCount\":185,\"commentCount\":0,\"publisher\":{\"@id\":\"https:\\\/\\\/memurunsesi.net\\\/#organization\"},\"image\":{\"@id\":\"https:\\\/\\\/memurunsesi.net\\\/index.php\\\/2025\\\/04\\\/29\\\/sariyerde-kontrolden-cikan-motosiklet-otomobile-carpti-2-agir-yarali\\\/#primaryimage\"},\"thumbnailUrl\":\"https:\\\/\\\/memurunsesi.net\\\/wp-content\\\/uploads\\\/2025\\\/04\\\/AW443069_01-scaled.jpg\",\"inLanguage\":\"tr\",\"potentialAction\":[{\"@type\":\"CommentAction\",\"name\":\"Comment\",\"target\":[\"https:\\\/\\\/memurunsesi.net\\\/index.php\\\/2025\\\/04\\\/29\\\/sariyerde-kontrolden-cikan-motosiklet-otomobile-carpti-2-agir-yarali\\\/#respond\"]}]},{\"@type\":\"WebPage\",\"@id\":\"https:\\\/\\\/memurunsesi.net\\\/index.php\\\/2025\\\/04\\\/29\\\/sariyerde-kontrolden-cikan-motosiklet-otomobile-carpti-2-agir-yarali\\\/\",\"url\":\"https:\\\/\\\/memurunsesi.net\\\/index.php\\\/2025\\\/04\\\/29\\\/sariyerde-kontrolden-cikan-motosiklet-otomobile-carpti-2-agir-yarali\\\/\",\"name\":\"Sar\u0131yer\u2019de kontrolden \u00e7\u0131kan motosiklet otomobile \u00e7arpt\u0131: 2 a\u011f\u0131r yaral\u0131 - Memurun Sesi\",\"isPartOf\":{\"@id\":\"https:\\\/\\\/memurunsesi.net\\\/#website\"},\"primaryImageOfPage\":{\"@id\":\"https:\\\/\\\/memurunsesi.net\\\/index.php\\\/2025\\\/04\\\/29\\\/sariyerde-kontrolden-cikan-motosiklet-otomobile-carpti-2-agir-yarali\\\/#primaryimage\"},\"image\":{\"@id\":\"https:\\\/\\\/memurunsesi.net\\\/index.php\\\/2025\\\/04\\\/29\\\/sariyerde-kontrolden-cikan-motosiklet-otomobile-carpti-2-agir-yarali\\\/#primaryimage\"},\"thumbnailUrl\":\"https:\\\/\\\/memurunsesi.net\\\/wp-content\\\/uploads\\\/2025\\\/04\\\/AW443069_01-scaled.jpg\",\"datePublished\":\"2025-04-29T02:36:23+00:00\",\"breadcrumb\":{\"@id\":\"https:\\\/\\\/memurunsesi.net\\\/index.php\\\/2025\\\/04\\\/29\\\/sariyerde-kontrolden-cikan-motosiklet-otomobile-carpti-2-agir-yarali\\\/#breadcrumb\"},\"inLanguage\":\"tr\",\"potentialAction\":[{\"@type\":\"ReadAction\",\"target\":[\"https:\\\/\\\/memurunsesi.net\\\/index.php\\\/2025\\\/04\\\/29\\\/sariyerde-kontrolden-cikan-motosiklet-otomobile-carpti-2-agir-yarali\\\/\"]}]},{\"@type\":\"ImageObject\",\"inLanguage\":\"tr\",\"@id\":\"https:\\\/\\\/memurunsesi.net\\\/index.php\\\/2025\\\/04\\\/29\\\/sariyerde-kontrolden-cikan-motosiklet-otomobile-carpti-2-agir-yarali\\\/#primaryimage\",\"url\":\"https:\\\/\\\/memurunsesi.net\\\/wp-content\\\/uploads\\\/2025\\\/04\\\/AW443069_01-scaled.jpg\",\"contentUrl\":\"https:\\\/\\\/memurunsesi.net\\\/wp-content\\\/uploads\\\/2025\\\/04\\\/AW443069_01-scaled.jpg\",\"width\":2560,\"height\":1441,\"caption\":\"KAZA YAPAN MOTOS\u0130KLET (EN\u0130S DERD\u0130MENTO\u011eLU\\\/\u0130STANBUL-\u0130HA) Sar\u0131yer'de kaygan yolda kontrolden \u00e7\u0131kan motosiklet, seyir halindeki otomobile \u00e7arpt\u0131. Motorcu ve motosiklette yolcu konumunda bulunan arkada\u015f\u0131 a\u011f\u0131r yaraland\u0131.\"},{\"@type\":\"BreadcrumbList\",\"@id\":\"https:\\\/\\\/memurunsesi.net\\\/index.php\\\/2025\\\/04\\\/29\\\/sariyerde-kontrolden-cikan-motosiklet-otomobile-carpti-2-agir-yarali\\\/#breadcrumb\",\"itemListElement\":[{\"@type\":\"ListItem\",\"position\":1,\"name\":\"Anasayfa\",\"item\":\"https:\\\/\\\/memurunsesi.net\\\/\"},{\"@type\":\"ListItem\",\"position\":2,\"name\":\"Sar\u0131yer\u2019de kontrolden \u00e7\u0131kan motosiklet otomobile \u00e7arpt\u0131: 2 a\u011f\u0131r yaral\u0131\"}]},{\"@type\":\"WebSite\",\"@id\":\"https:\\\/\\\/memurunsesi.net\\\/#website\",\"url\":\"https:\\\/\\\/memurunsesi.net\\\/\",\"name\":\"Memurun Sesi\",\"description\":\"G\u00fcncel ve Do\u011fru Haber\",\"publisher\":{\"@id\":\"https:\\\/\\\/memurunsesi.net\\\/#organization\"},\"potentialAction\":[{\"@type\":\"SearchAction\",\"target\":{\"@type\":\"EntryPoint\",\"urlTemplate\":\"https:\\\/\\\/memurunsesi.net\\\/?s={search_term_string}\"},\"query-input\":{\"@type\":\"PropertyValueSpecification\",\"valueRequired\":true,\"valueName\":\"search_term_string\"}}],\"inLanguage\":\"tr\"},{\"@type\":\"Organization\",\"@id\":\"https:\\\/\\\/memurunsesi.net\\\/#organization\",\"name\":\"Memurun Sesi\",\"url\":\"https:\\\/\\\/memurunsesi.net\\\/\",\"logo\":{\"@type\":\"ImageObject\",\"inLanguage\":\"tr\",\"@id\":\"https:\\\/\\\/memurunsesi.net\\\/#\\\/schema\\\/logo\\\/image\\\/\",\"url\":\"https:\\\/\\\/memurunsesi.net\\\/wp-content\\\/uploads\\\/2025\\\/11\\\/cropped-MEMURUN-SESI.png\",\"contentUrl\":\"https:\\\/\\\/memurunsesi.net\\\/wp-content\\\/uploads\\\/2025\\\/11\\\/cropped-MEMURUN-SESI.png\",\"width\":238,\"height\":57,\"caption\":\"Memurun Sesi\"},\"image\":{\"@id\":\"https:\\\/\\\/memurunsesi.net\\\/#\\\/schema\\\/logo\\\/image\\\/\"},\"sameAs\":[\"https:\\\/\\\/www.facebook.com\\\/unipersen\\\/?locale=tr_TR\",\"https:\\\/\\\/x.com\\\/unipersen\"]},{\"@type\":\"Person\",\"@id\":\"https:\\\/\\\/memurunsesi.net\\\/#\\\/schema\\\/person\\\/f21c2d73b89f6ee1d80b0a1803e38587\",\"name\":\"Memurun Sesi Haber Merkezi\",\"image\":{\"@type\":\"ImageObject\",\"inLanguage\":\"tr\",\"@id\":\"https:\\\/\\\/secure.gravatar.com\\\/avatar\\\/6cf0505f452ee753f485014986fab09a434671d2b919ee76fc541025c5876a70?s=96&d=mm&r=g\",\"url\":\"https:\\\/\\\/secure.gravatar.com\\\/avatar\\\/6cf0505f452ee753f485014986fab09a434671d2b919ee76fc541025c5876a70?s=96&d=mm&r=g\",\"contentUrl\":\"https:\\\/\\\/secure.gravatar.com\\\/avatar\\\/6cf0505f452ee753f485014986fab09a434671d2b919ee76fc541025c5876a70?s=96&d=mm&r=g\",\"caption\":\"Memurun Sesi Haber Merkezi\"},\"sameAs\":[\"https:\\\/\\\/memurunsesi.net\"],\"url\":\"https:\\\/\\\/memurunsesi.net\\\/index.php\\\/author\\\/uniper\\\/\"}]}<\/script>\n<!-- \/ Yoast SEO plugin. -->","yoast_head_json":{"title":"Sar\u0131yer\u2019de kontrolden \u00e7\u0131kan motosiklet otomobile \u00e7arpt\u0131: 2 a\u011f\u0131r yaral\u0131 - Memurun Sesi","robots":{"index":"index","follow":"follow","max-snippet":"max-snippet:-1","max-image-preview":"max-image-preview:large","max-video-preview":"max-video-preview:-1"},"canonical":"https:\/\/memurunsesi.net\/index.php\/2025\/04\/29\/sariyerde-kontrolden-cikan-motosiklet-otomobile-carpti-2-agir-yarali\/","og_locale":"tr_TR","og_type":"article","og_title":"Sar\u0131yer\u2019de kontrolden \u00e7\u0131kan motosiklet otomobile \u00e7arpt\u0131: 2 a\u011f\u0131r yaral\u0131 - Memurun Sesi","og_description":"Sar\u0131yer\u2019de kaygan yolda kontrolden \u00e7\u0131kan motosiklet, seyir halindeki otomobile \u00e7arpt\u0131. Motorcu ve motosiklette yolcu konumunda bulunan arkada\u015f\u0131 a\u011f\u0131r yaraland\u0131. Kaza, saat 00.00 s\u0131ralar\u0131nda P\u0131nar Mahallesi Katar Caddesi \u00fczerinde meydana geldi. Edinilen bilgiye Emirhan G. idaresindeki 34 FAD 750 plakal\u0131 KTM marka motosiklet, kaygan yolda kontrolden \u00e7\u0131karak cadde \u00fczerinde seyreden 34 MTR 713 plakal\u0131 Maserati marka [&hellip;]","og_url":"https:\/\/memurunsesi.net\/index.php\/2025\/04\/29\/sariyerde-kontrolden-cikan-motosiklet-otomobile-carpti-2-agir-yarali\/","og_site_name":"Memurun Sesi","article_publisher":"https:\/\/www.facebook.com\/unipersen\/?locale=tr_TR","article_published_time":"2025-04-29T02:36:23+00:00","og_image":[{"width":2560,"height":1441,"url":"https:\/\/memurunsesi.net\/wp-content\/uploads\/2025\/04\/AW443069_01-scaled.jpg","type":"image\/jpeg"}],"author":"Memurun Sesi Haber Merkezi","twitter_card":"summary_large_image","twitter_creator":"@unipersen","twitter_site":"@unipersen","twitter_misc":{"Yazan:":"Memurun Sesi Haber Merkezi","Tahmini okuma s\u00fcresi":"1 dakika"},"schema":{"@context":"https:\/\/schema.org","@graph":[{"@type":"Article","@id":"https:\/\/memurunsesi.net\/index.php\/2025\/04\/29\/sariyerde-kontrolden-cikan-motosiklet-otomobile-carpti-2-agir-yarali\/#article","isPartOf":{"@id":"https:\/\/memurunsesi.net\/index.php\/2025\/04\/29\/sariyerde-kontrolden-cikan-motosiklet-otomobile-carpti-2-agir-yarali\/"},"author":{"name":"Memurun Sesi Haber Merkezi","@id":"https:\/\/memurunsesi.net\/#\/schema\/person\/f21c2d73b89f6ee1d80b0a1803e38587"},"headline":"Sar\u0131yer\u2019de kontrolden \u00e7\u0131kan motosiklet otomobile \u00e7arpt\u0131: 2 a\u011f\u0131r yaral\u0131","datePublished":"2025-04-29T02:36:23+00:00","mainEntityOfPage":{"@id":"https:\/\/memurunsesi.net\/index.php\/2025\/04\/29\/sariyerde-kontrolden-cikan-motosiklet-otomobile-carpti-2-agir-yarali\/"},"wordCount":185,"commentCount":0,"publisher":{"@id":"https:\/\/memurunsesi.net\/#organization"},"image":{"@id":"https:\/\/memurunsesi.net\/index.php\/2025\/04\/29\/sariyerde-kontrolden-cikan-motosiklet-otomobile-carpti-2-agir-yarali\/#primaryimage"},"thumbnailUrl":"https:\/\/memurunsesi.net\/wp-content\/uploads\/2025\/04\/AW443069_01-scaled.jpg","inLanguage":"tr","potentialAction":[{"@type":"CommentAction","name":"Comment","target":["https:\/\/memurunsesi.net\/index.php\/2025\/04\/29\/sariyerde-kontrolden-cikan-motosiklet-otomobile-carpti-2-agir-yarali\/#respond"]}]},{"@type":"WebPage","@id":"https:\/\/memurunsesi.net\/index.php\/2025\/04\/29\/sariyerde-kontrolden-cikan-motosiklet-otomobile-carpti-2-agir-yarali\/","url":"https:\/\/memurunsesi.net\/index.php\/2025\/04\/29\/sariyerde-kontrolden-cikan-motosiklet-otomobile-carpti-2-agir-yarali\/","name":"Sar\u0131yer\u2019de kontrolden \u00e7\u0131kan motosiklet otomobile \u00e7arpt\u0131: 2 a\u011f\u0131r yaral\u0131 - Memurun Sesi","isPartOf":{"@id":"https:\/\/memurunsesi.net\/#website"},"primaryImageOfPage":{"@id":"https:\/\/memurunsesi.net\/index.php\/2025\/04\/29\/sariyerde-kontrolden-cikan-motosiklet-otomobile-carpti-2-agir-yarali\/#primaryimage"},"image":{"@id":"https:\/\/memurunsesi.net\/index.php\/2025\/04\/29\/sariyerde-kontrolden-cikan-motosiklet-otomobile-carpti-2-agir-yarali\/#primaryimage"},"thumbnailUrl":"https:\/\/memurunsesi.net\/wp-content\/uploads\/2025\/04\/AW443069_01-scaled.jpg","datePublished":"2025-04-29T02:36:23+00:00","breadcrumb":{"@id":"https:\/\/memurunsesi.net\/index.php\/2025\/04\/29\/sariyerde-kontrolden-cikan-motosiklet-otomobile-carpti-2-agir-yarali\/#breadcrumb"},"inLanguage":"tr","potentialAction":[{"@type":"ReadAction","target":["https:\/\/memurunsesi.net\/index.php\/2025\/04\/29\/sariyerde-kontrolden-cikan-motosiklet-otomobile-carpti-2-agir-yarali\/"]}]},{"@type":"ImageObject","inLanguage":"tr","@id":"https:\/\/memurunsesi.net\/index.php\/2025\/04\/29\/sariyerde-kontrolden-cikan-motosiklet-otomobile-carpti-2-agir-yarali\/#primaryimage","url":"https:\/\/memurunsesi.net\/wp-content\/uploads\/2025\/04\/AW443069_01-scaled.jpg","contentUrl":"https:\/\/memurunsesi.net\/wp-content\/uploads\/2025\/04\/AW443069_01-scaled.jpg","width":2560,"height":1441,"caption":"KAZA YAPAN MOTOS\u0130KLET (EN\u0130S DERD\u0130MENTO\u011eLU\/\u0130STANBUL-\u0130HA) Sar\u0131yer'de kaygan yolda kontrolden \u00e7\u0131kan motosiklet, seyir halindeki otomobile \u00e7arpt\u0131. Motorcu ve motosiklette yolcu konumunda bulunan arkada\u015f\u0131 a\u011f\u0131r yaraland\u0131."},{"@type":"BreadcrumbList","@id":"https:\/\/memurunsesi.net\/index.php\/2025\/04\/29\/sariyerde-kontrolden-cikan-motosiklet-otomobile-carpti-2-agir-yarali\/#breadcrumb","itemListElement":[{"@type":"ListItem","position":1,"name":"Anasayfa","item":"https:\/\/memurunsesi.net\/"},{"@type":"ListItem","position":2,"name":"Sar\u0131yer\u2019de kontrolden \u00e7\u0131kan motosiklet otomobile \u00e7arpt\u0131: 2 a\u011f\u0131r yaral\u0131"}]},{"@type":"WebSite","@id":"https:\/\/memurunsesi.net\/#website","url":"https:\/\/memurunsesi.net\/","name":"Memurun Sesi","description":"G\u00fcncel ve Do\u011fru Haber","publisher":{"@id":"https:\/\/memurunsesi.net\/#organization"},"potentialAction":[{"@type":"SearchAction","target":{"@type":"EntryPoint","urlTemplate":"https:\/\/memurunsesi.net\/?s={search_term_string}"},"query-input":{"@type":"PropertyValueSpecification","valueRequired":true,"valueName":"search_term_string"}}],"inLanguage":"tr"},{"@type":"Organization","@id":"https:\/\/memurunsesi.net\/#organization","name":"Memurun Sesi","url":"https:\/\/memurunsesi.net\/","logo":{"@type":"ImageObject","inLanguage":"tr","@id":"https:\/\/memurunsesi.net\/#\/schema\/logo\/image\/","url":"https:\/\/memurunsesi.net\/wp-content\/uploads\/2025\/11\/cropped-MEMURUN-SESI.png","contentUrl":"https:\/\/memurunsesi.net\/wp-content\/uploads\/2025\/11\/cropped-MEMURUN-SESI.png","width":238,"height":57,"caption":"Memurun Sesi"},"image":{"@id":"https:\/\/memurunsesi.net\/#\/schema\/logo\/image\/"},"sameAs":["https:\/\/www.facebook.com\/unipersen\/?locale=tr_TR","https:\/\/x.com\/unipersen"]},{"@type":"Person","@id":"https:\/\/memurunsesi.net\/#\/schema\/person\/f21c2d73b89f6ee1d80b0a1803e38587","name":"Memurun Sesi Haber Merkezi","image":{"@type":"ImageObject","inLanguage":"tr","@id":"https:\/\/secure.gravatar.com\/avatar\/6cf0505f452ee753f485014986fab09a434671d2b919ee76fc541025c5876a70?s=96&d=mm&r=g","url":"https:\/\/secure.gravatar.com\/avatar\/6cf0505f452ee753f485014986fab09a434671d2b919ee76fc541025c5876a70?s=96&d=mm&r=g","contentUrl":"https:\/\/secure.gravatar.com\/avatar\/6cf0505f452ee753f485014986fab09a434671d2b919ee76fc541025c5876a70?s=96&d=mm&r=g","caption":"Memurun Sesi Haber Merkezi"},"sameAs":["https:\/\/memurunsesi.net"],"url":"https:\/\/memurunsesi.net\/index.php\/author\/uniper\/"}]}},"_links":{"self":[{"href":"https:\/\/memurunsesi.net\/index.php\/wp-json\/wp\/v2\/posts\/6158","targetHints":{"allow":["GET"]}}],"collection":[{"href":"https:\/\/memurunsesi.net\/index.php\/wp-json\/wp\/v2\/posts"}],"about":[{"href":"https:\/\/memurunsesi.net\/index.php\/wp-json\/wp\/v2\/types\/post"}],"author":[{"embeddable":true,"href":"https:\/\/memurunsesi.net\/index.php\/wp-json\/wp\/v2\/users\/1"}],"replies":[{"embeddable":true,"href":"https:\/\/memurunsesi.net\/index.php\/wp-json\/wp\/v2\/comments?post=6158"}],"version-history":[{"count":1,"href":"https:\/\/memurunsesi.net\/index.php\/wp-json\/wp\/v2\/posts\/6158\/revisions"}],"predecessor-version":[{"id":6160,"href":"https:\/\/memurunsesi.net\/index.php\/wp-json\/wp\/v2\/posts\/6158\/revisions\/6160"}],"wp:featuredmedia":[{"embeddable":true,"href":"https:\/\/memurunsesi.net\/index.php\/wp-json\/wp\/v2\/media\/6159"}],"wp:attachment":[{"href":"https:\/\/memurunsesi.net\/index.php\/wp-json\/wp\/v2\/media?parent=6158"}],"wp:term":[{"taxonomy":"category","embeddable":true,"href":"https:\/\/memurunsesi.net\/index.php\/wp-json\/wp\/v2\/categories?post=6158"},{"taxonomy":"post_tag","embeddable":true,"href":"https:\/\/memurunsesi.net\/index.php\/wp-json\/wp\/v2\/tags?post=6158"}],"curies":[{"name":"wp","href":"https:\/\/api.w.org\/{rel}","templated":true}]}}