{"id":6186,"date":"2025-04-29T05:49:35","date_gmt":"2025-04-29T02:49:35","guid":{"rendered":"https:\/\/memurunsesi.net\/?p=6186"},"modified":"2025-04-29T05:49:35","modified_gmt":"2025-04-29T02:49:35","slug":"usak-universitesi-9-ulkenin-katildigi-tasarim-zirvesine-ev-sahipligi-yapiyor","status":"publish","type":"post","link":"https:\/\/memurunsesi.net\/index.php\/2025\/04\/29\/usak-universitesi-9-ulkenin-katildigi-tasarim-zirvesine-ev-sahipligi-yapiyor\/","title":{"rendered":"U\u015fak \u00dcniversitesi 9 \u00fclkenin kat\u0131ld\u0131\u011f\u0131 tasar\u0131m zirvesine ev sahipli\u011fi yap\u0131yor"},"content":{"rendered":"<p>  U\u015fak \u00dcniversitesi Deri, Tekstil ve Seramik (DTS) Tasar\u0131m Uygulama ve Ara\u015ft\u0131rma Merkezi taraf\u0131ndan 28-29-30 Nisan 2025 tarihlerinde d\u00fczenlenen &#8220;Dijital \u00c7a\u011fda Trend ve Teknoloji Odakl\u0131 Uluslararas\u0131 Tasar\u0131m Konferans\u0131&#8221; ba\u015flad\u0131.   <\/p>\n<p>  \u00dc\u00e7 g\u00fcn boyunca tasar\u0131m d\u00fcnyas\u0131n\u0131n nabz\u0131n\u0131 tutacak olan etkinli\u011fin a\u00e7\u0131l\u0131\u015f\u0131, 28 Nisan 2025 tarihinde Recep Tayyip Erdo\u011fan Kongre ve K\u00fclt\u00fcr Merkezi\u2019nde ger\u00e7ekle\u015ftirildi. A\u00e7\u0131l\u0131\u015fa; U\u015fak Valisi Dr. Naci Akta\u015f, U\u015fak Milletvekilleri Op. Dr. \u0130smail G\u00fcne\u015f ve Op. Dr. Ali Karaoba, U\u015fak Belediye Ba\u015fkan\u0131 \u00d6zkan Yal\u0131m, U\u015fak \u00dcniversitesi Rekt\u00f6r\u00fc Prof. Dr. Ekrem Sava\u015f, U\u015fak Ticaret ve Sanayi Odas\u0131 Y\u00f6netim Kurulu Ba\u015fkan\u0131 Suat Selim Kandemir, Rekt\u00f6r Yard\u0131mc\u0131lar\u0131 Prof. Dr. Kenan Ta\u015f, Prof. Dr. L\u00fctfi \u00d6zav ve Prof. Dr. Osman Birgin, il protokol\u00fc, DTS Tasar\u0131m Merkezi M\u00fcd\u00fcr\u00fc Do\u00e7. Dr. Eren \u00d6ner, fak\u00fclte dekanlar\u0131, y\u00fcksekokul m\u00fcd\u00fcrleri, akademik ve idari personel ile \u00f6\u011frenciler kat\u0131ld\u0131. <\/p>\n<p>  Etkinlik, U\u015fak Valisi Dr. Naci Akta\u015f, U\u015fak Milletvekilleri Op. Dr. \u0130smail G\u00fcne\u015f ve Op. Dr. Ali Karaoba, U\u015fak Belediye Ba\u015fkan\u0131 \u00d6zkan Yal\u0131m, U\u015fak \u00dcniversitesi Rekt\u00f6r\u00fc Prof. Dr. Ekrem Sava\u015f, UTSO Y\u00f6netim Kurulu Ba\u015fkan\u0131 Suat Selim Kandemir ve DTS Tasar\u0131m Merkezi M\u00fcd\u00fcr\u00fc Do\u00e7. Dr. Eren \u00d6ner\u2019in a\u00e7\u0131l\u0131\u015f konu\u015fmalar\u0131yla ba\u015flad\u0131.<br \/>\n  DTS Tasar\u0131m Merkezi M\u00fcd\u00fcr\u00fc Do\u00e7. Dr. Eren \u00d6ner, merkezin kuruldu\u011fu g\u00fcnden bug\u00fcne ulusal ve uluslararas\u0131 alanda \u00f6nemli ba\u015far\u0131lara imza att\u0131\u011f\u0131n\u0131 belirtti. \u00d6ner, d\u00fczenledikleri bu konferansla yaln\u0131zca akademik bilgi \u00fcretimini de\u011fil, ayn\u0131 zamanda U\u015fak ve b\u00f6lge sanayisinin dijital d\u00f6n\u00fc\u015f\u00fcm s\u00fcrecine katk\u0131 sunmay\u0131 ama\u00e7lad\u0131klar\u0131n\u0131 ifade ederek destek veren t\u00fcm payda\u015flara te\u015fekk\u00fcr etti. <\/p>\n<p>  U\u015fak Ticaret ve Sanayi Odas\u0131 Y\u00f6netim Kurulu Ba\u015fkan\u0131 Suat Selim Kandemir ise konu\u015fmas\u0131nda, DTS Tasar\u0131m Merkezi&#8217;nin sanayiye sundu\u011fu katk\u0131lara dikkat \u00e7ekerek \u015funlar\u0131 kaydetti:<br \/>\n  &#8220;U\u015fak \u00dcniversitesi \u00f6nc\u00fcl\u00fc\u011f\u00fcnde d\u00fczenlenen bu konferans, sanayi ve akademinin el ele vererek gelece\u011fe nas\u0131l y\u00f6n verdi\u011finin g\u00fczel bir \u00f6rne\u011fidir. \u00dcr\u00fcnlerimizin k\u00fcresel pazarda tercih edilmesi i\u00e7in moda trendlerine uygun tasarlanmas\u0131, \u00e7evreye duyarl\u0131 y\u00f6ntemlerle \u00fcretilmesi ve de\u011fi\u015fen t\u00fcketici beklentilerine uyum sa\u011flamas\u0131 b\u00fcy\u00fck \u00f6nem ta\u015f\u0131maktad\u0131r. DTS Tasar\u0131m Merkezi, sundu\u011fu tasar\u0131m destekleriyle sanayimize katma de\u011ferli \u00fcretim kap\u0131lar\u0131 aralayan \u00e7ok k\u0131ymetli bir merkezdir.&#8221;<br \/>\n  U\u015fak \u00dcniversitesi Rekt\u00f6r\u00fc Prof. Dr. Ekrem Sava\u015f ise, U\u015fak \u00dcniversitesi&#8217;nin B\u00f6lgesel Kalk\u0131nma Odakl\u0131 Misyon Farkl\u0131la\u015fmas\u0131 ve \u0130htisasla\u015fmas\u0131 Program\u0131 kapsam\u0131nda Deri, Tekstil ve Seramik alanlar\u0131nda ihtisasla\u015fm\u0131\u015f bir \u00fcniversite oldu\u011funu vurgulad\u0131. DTS Tasar\u0131m Merkezi\u2019nin sanayi i\u015f birlikleriyle tasar\u0131m ve Ar-Ge faaliyetlerini s\u00fcrd\u00fcrd\u00fc\u011f\u00fcn\u00fc ifade eden Sava\u015f, \u015funlar\u0131 s\u00f6yledi: &#8220;Bug\u00fcn geldi\u011fimiz noktada, uluslararas\u0131 alanda rekabet edebilen, sanayimize y\u00fcksek katma de\u011ferli \u00fcr\u00fcn deste\u011fi sunan bir merkez haline geldik. Bu konferansla tasar\u0131m, teknoloji ve sanayiyi disiplinler aras\u0131 bir yakla\u015f\u0131mla bulu\u015fturmay\u0131 hedefliyoruz. 9 farkl\u0131 \u00fclkeden gelen kat\u0131l\u0131mc\u0131lar\u0131 \u00fcniversitemizde a\u011f\u0131rlamaktan b\u00fcy\u00fck mutluluk duyuyoruz. Kendilerine ve t\u00fcm payda\u015flar\u0131m\u0131za te\u015fekk\u00fcr ediyorum.&#8221; dedi. <\/p>\n<p>  U\u015fak Milletvekilleri Op. Dr. \u0130smail G\u00fcne\u015f ile Op. Dr. Ali Karaoba ve U\u015fak Belediye Ba\u015fkan\u0131 \u00d6zkan Yal\u0131m da konu\u015fmalar\u0131nda, DTS Tasar\u0131m Merkezi\u2019nin kente ve sanayiye sa\u011flad\u0131\u011f\u0131 katk\u0131lara vurgu yapt\u0131lar.<br \/>\n  T\u00f6renin a\u00e7\u0131l\u0131\u015f\u0131nda konu\u015fan U\u015fak Valisi Dr. Naci Akta\u015f ise \u015fu ifadeleri kulland\u0131: &#8220;\u0130limiz, g\u00fc\u00e7l\u00fc \u00fcretim kapasitesi, k\u00f6kl\u00fc ge\u00e7mi\u015fi ve yenilik\u00e7i yakla\u015f\u0131m\u0131yla tekstil, deri ve seramik sekt\u00f6rlerinde \u00f6nemli bir merkezdir. Bu potansiyel, sadece b\u00f6lgesel kalk\u0131nma a\u00e7\u0131s\u0131ndan de\u011fil, \u00fclkemizin k\u00fcresel rekabet g\u00fcc\u00fc bak\u0131m\u0131ndan da stratejik bir de\u011fere sahiptir. Bug\u00fcn ger\u00e7ekle\u015ftirdi\u011fimiz bu konferans, yaln\u0131zca bilgi payla\u015f\u0131m\u0131 yap\u0131lan bir platform de\u011fil; sekt\u00f6rle akademiyi, tecr\u00fcbeyle yenili\u011fi, yerelle evrenseli bulu\u015fturan bir ortamd\u0131r. Bu vizyoneretkinlik i\u00e7in eme\u011fi ge\u00e7en herkese te\u015fekk\u00fcr ediyor, konferans\u0131n ba\u015far\u0131l\u0131 ge\u00e7mesini diliyorum.&#8221; dedi. <\/p>\n<p>  A\u00e7\u0131l\u0131\u015f konu\u015fmalar\u0131n\u0131n ard\u0131ndan, \u0130zmir Olgunla\u015fma Enstit\u00fcs\u00fc taraf\u0131ndan haz\u0131rlanan &#8220;T\u00fcrkiye\u2019nin Renkleri&#8221; isimli defile kat\u0131l\u0131mc\u0131lar\u0131n be\u011fenisine sunuldu. Defile sonras\u0131, etkinli\u011fe katk\u0131 sa\u011flayanlara te\u015fekk\u00fcr plaketleri takdim edildi. <\/p>\n<p>  Defilenin ard\u0131ndan ger\u00e7ekle\u015fen ilk oturumda, RG Deri Genel M\u00fcd\u00fcr\u00fc Mustafa Kararm\u0131\u015f ba\u015fkanl\u0131\u011f\u0131nda &#8220;Dijital \u00c7a\u011fda Tasar\u0131m&#8221; ba\u015fl\u0131kl\u0131 bir konferans d\u00fczenlendi. Tayland Kasetsart\u00dcniversitesi\u2019nden Ian Padget &#8220;Yapay Zek\u00e2 ve Yenilik\u00e7i D\u00fc\u015f\u00fcnme&#8221;, \u0130talya Officina Grafica\u2019dan Davide Montagnani&#8221;Trend Analiz ve \u00dcr\u00fcn Geli\u015ftirme S\u00fcreci&#8221;, ABD\u2019den Repubblica Co. ad\u0131na Maroua Regragu ise &#8220;Deri \u00dcretiminde End\u00fcstri 5.0: Teknoloji, S\u00fcrd\u00fcr\u00fclebilirlik ve Zanaatkarl\u0131\u011f\u0131n Dengelenmesi&#8221; ba\u015fl\u0131kl\u0131 sunumlar\u0131n\u0131 ger\u00e7ekle\u015ftirdi.<br \/>\n  \u00d6\u011fleden sonra d\u00fczenlenen &#8220;Teknoloji Merkezli Tasar\u0131m&#8221; oturumunda, M\u00fchendislik ve Do\u011fa Bilimleri Fak\u00fcltesi Dekan\u0131 Prof. Dr. Deniz U\u00e7ar ba\u015fkanl\u0131\u011f\u0131nda, \u0130talya Floransa \u00dcniversitesi\u2019nden Prof. Dr. Antonella Trombador &#8220;Y\u00fcksek \u00d6\u011frenimde Dijital D\u00f6n\u00fc\u015f\u00fcm: Dijital Dekatlon Yar\u0131\u015fmas\u0131 ve Dijital \u0130kiz Projesi&#8221;, Tunus Monastir \u00dcniversitesi\u2019nden Assoc. Prof. Jihen Trabelsi ise &#8220;Dijital \u00c7a\u011fda D\u00f6ng\u00fcsel Tasar\u0131m: S\u00fcrd\u00fcr\u00fclebilir \u0130lerlemenin Yeni D\u00f6nemi&#8221; konular\u0131nda sunum yapt\u0131.<br \/>\n  Workshoplar ile ilk g\u00fcn tamamland\u0131<br \/>\n  Konferans\u0131n ilk g\u00fcn\u00fc, DTS G\u00fczel Sanatlar Fak\u00fcltesi Seramik Y\u00fcksek Lisans At\u00f6lyesi&#8217;nde d\u00fczenlenen iki ayr\u0131 workshop ile sona erdi.<br \/>\n  \u0130lk at\u00f6lyede \u00d6\u011fr. G\u00f6r. Dr. Onur F\u0131nd\u0131k liderli\u011finde Mo\u011folistanl\u0131 sanat\u00e7\u0131 Sukhburen Narankhuu taraf\u0131ndan &#8220;Kil Heykel Teknikleri&#8221; uygulamal\u0131 olarak \u00f6\u011fretildi. \u0130kinci at\u00f6lyede ise \u00d6\u011fr. G\u00f6r. \u00d6mer G\u00f6rkem y\u00f6netiminde \u0130zmir Olgunla\u015fma Enstit\u00fcs\u00fc taraf\u0131ndan &#8220;Ah\u015fap Oyma ve Edirnek\u00e2ri&#8221; \u00e7al\u0131\u015fmas\u0131 ger\u00e7ekle\u015ftirildi.<br \/>\n  \u00dc\u00e7 G\u00fcnl\u00fck Konferansta Zengin \u0130\u00e7erik<br \/>\n  \u00dc\u00e7 g\u00fcn boyunca s\u00fcrecek konferansa 9 farkl\u0131 \u00fclkeden akademisyenler, tasar\u0131mc\u0131lar ve sanat\u00e7\u0131lar kat\u0131l\u0131yor. Etkinlik hem y\u00fcz y\u00fcze hem de \u00e7evrim i\u00e7i (hibrit) formatta ger\u00e7ekle\u015ftiriliyor.<br \/>\n  Tasar\u0131mda dijitalle\u015fme, End\u00fcstri 5.0, s\u00fcrd\u00fcr\u00fclebilirlik, yapay zek\u00e2 uygulamalar\u0131, Ar-Ge ve \u00fcr\u00fcn geli\u015ftirme s\u00fcre\u00e7leri, trendanalizleri gibi konular\u0131n ele al\u0131nd\u0131\u011f\u0131 konferans, ulusal ve uluslararas\u0131 d\u00fczeyde tasar\u0131m ve teknoloji d\u00fcnyas\u0131na ilham vermeyi hedefliyor. <\/p>\n<p>28.04.2025                        <\/p>\n","protected":false},"excerpt":{"rendered":"<p>U\u015fak \u00dcniversitesi Deri, Tekstil ve Seramik (DTS) Tasar\u0131m Uygulama ve Ara\u015ft\u0131rma Merkezi taraf\u0131ndan 28-29-30 Nisan 2025 tarihlerinde d\u00fczenlenen &#8220;Dijital \u00c7a\u011fda Trend ve Teknoloji Odakl\u0131 Uluslararas\u0131 Tasar\u0131m Konferans\u0131&#8221; ba\u015flad\u0131. \u00dc\u00e7 g\u00fcn boyunca tasar\u0131m d\u00fcnyas\u0131n\u0131n nabz\u0131n\u0131 tutacak olan etkinli\u011fin a\u00e7\u0131l\u0131\u015f\u0131, 28 Nisan 2025 tarihinde Recep Tayyip Erdo\u011fan Kongre ve K\u00fclt\u00fcr Merkezi\u2019nde ger\u00e7ekle\u015ftirildi. A\u00e7\u0131l\u0131\u015fa; U\u015fak Valisi Dr. Naci [&hellip;]<\/p>\n","protected":false},"author":1,"featured_media":6187,"comment_status":"open","ping_status":"open","sticky":false,"template":"","format":"standard","meta":{"footnotes":""},"categories":[47],"tags":[],"class_list":["post-6186","post","type-post","status-publish","format-standard","has-post-thumbnail","hentry","category-universiteden-haberler"],"yoast_head":"<!-- This site is optimized with the Yoast SEO plugin v27.4 - https:\/\/yoast.com\/product\/yoast-seo-wordpress\/ -->\n<title>U\u015fak \u00dcniversitesi 9 \u00fclkenin kat\u0131ld\u0131\u011f\u0131 tasar\u0131m zirvesine ev sahipli\u011fi yap\u0131yor - Memurun Sesi<\/title>\n<meta name=\"robots\" content=\"index, follow, max-snippet:-1, max-image-preview:large, max-video-preview:-1\" \/>\n<link rel=\"canonical\" href=\"https:\/\/memurunsesi.net\/index.php\/2025\/04\/29\/usak-universitesi-9-ulkenin-katildigi-tasarim-zirvesine-ev-sahipligi-yapiyor\/\" \/>\n<meta property=\"og:locale\" content=\"tr_TR\" \/>\n<meta property=\"og:type\" content=\"article\" \/>\n<meta property=\"og:title\" content=\"U\u015fak \u00dcniversitesi 9 \u00fclkenin kat\u0131ld\u0131\u011f\u0131 tasar\u0131m zirvesine ev sahipli\u011fi yap\u0131yor - Memurun Sesi\" \/>\n<meta property=\"og:description\" content=\"U\u015fak \u00dcniversitesi Deri, Tekstil ve Seramik (DTS) Tasar\u0131m Uygulama ve Ara\u015ft\u0131rma Merkezi taraf\u0131ndan 28-29-30 Nisan 2025 tarihlerinde d\u00fczenlenen &#8220;Dijital \u00c7a\u011fda Trend ve Teknoloji Odakl\u0131 Uluslararas\u0131 Tasar\u0131m Konferans\u0131&#8221; ba\u015flad\u0131. \u00dc\u00e7 g\u00fcn boyunca tasar\u0131m d\u00fcnyas\u0131n\u0131n nabz\u0131n\u0131 tutacak olan etkinli\u011fin a\u00e7\u0131l\u0131\u015f\u0131, 28 Nisan 2025 tarihinde Recep Tayyip Erdo\u011fan Kongre ve K\u00fclt\u00fcr Merkezi\u2019nde ger\u00e7ekle\u015ftirildi. A\u00e7\u0131l\u0131\u015fa; U\u015fak Valisi Dr. Naci [&hellip;]\" \/>\n<meta property=\"og:url\" content=\"https:\/\/memurunsesi.net\/index.php\/2025\/04\/29\/usak-universitesi-9-ulkenin-katildigi-tasarim-zirvesine-ev-sahipligi-yapiyor\/\" \/>\n<meta property=\"og:site_name\" content=\"Memurun Sesi\" \/>\n<meta property=\"article:publisher\" content=\"https:\/\/www.facebook.com\/unipersen\/?locale=tr_TR\" \/>\n<meta property=\"article:published_time\" content=\"2025-04-29T02:49:35+00:00\" \/>\n<meta property=\"og:image\" content=\"https:\/\/memurunsesi.net\/wp-content\/uploads\/2025\/04\/AW442992_08.jpg\" \/>\n\t<meta property=\"og:image:width\" content=\"850\" \/>\n\t<meta property=\"og:image:height\" content=\"567\" \/>\n\t<meta property=\"og:image:type\" content=\"image\/jpeg\" \/>\n<meta name=\"author\" content=\"Memurun Sesi Haber Merkezi\" \/>\n<meta name=\"twitter:card\" content=\"summary_large_image\" \/>\n<meta name=\"twitter:creator\" content=\"@unipersen\" \/>\n<meta name=\"twitter:site\" content=\"@unipersen\" \/>\n<meta name=\"twitter:label1\" content=\"Yazan:\" \/>\n\t<meta name=\"twitter:data1\" content=\"Memurun Sesi Haber Merkezi\" \/>\n<script type=\"application\/ld+json\" class=\"yoast-schema-graph\">{\"@context\":\"https:\\\/\\\/schema.org\",\"@graph\":[{\"@type\":\"Article\",\"@id\":\"https:\\\/\\\/memurunsesi.net\\\/index.php\\\/2025\\\/04\\\/29\\\/usak-universitesi-9-ulkenin-katildigi-tasarim-zirvesine-ev-sahipligi-yapiyor\\\/#article\",\"isPartOf\":{\"@id\":\"https:\\\/\\\/memurunsesi.net\\\/index.php\\\/2025\\\/04\\\/29\\\/usak-universitesi-9-ulkenin-katildigi-tasarim-zirvesine-ev-sahipligi-yapiyor\\\/\"},\"author\":{\"name\":\"Memurun Sesi Haber Merkezi\",\"@id\":\"https:\\\/\\\/memurunsesi.net\\\/#\\\/schema\\\/person\\\/f21c2d73b89f6ee1d80b0a1803e38587\"},\"headline\":\"U\u015fak \u00dcniversitesi 9 \u00fclkenin kat\u0131ld\u0131\u011f\u0131 tasar\u0131m zirvesine ev sahipli\u011fi yap\u0131yor\",\"datePublished\":\"2025-04-29T02:49:35+00:00\",\"mainEntityOfPage\":{\"@id\":\"https:\\\/\\\/memurunsesi.net\\\/index.php\\\/2025\\\/04\\\/29\\\/usak-universitesi-9-ulkenin-katildigi-tasarim-zirvesine-ev-sahipligi-yapiyor\\\/\"},\"wordCount\":1124,\"commentCount\":0,\"publisher\":{\"@id\":\"https:\\\/\\\/memurunsesi.net\\\/#organization\"},\"image\":{\"@id\":\"https:\\\/\\\/memurunsesi.net\\\/index.php\\\/2025\\\/04\\\/29\\\/usak-universitesi-9-ulkenin-katildigi-tasarim-zirvesine-ev-sahipligi-yapiyor\\\/#primaryimage\"},\"thumbnailUrl\":\"https:\\\/\\\/memurunsesi.net\\\/wp-content\\\/uploads\\\/2025\\\/04\\\/AW442992_08.jpg\",\"articleSection\":[\"\u00dcniversiteden Haberler\"],\"inLanguage\":\"tr\",\"potentialAction\":[{\"@type\":\"CommentAction\",\"name\":\"Comment\",\"target\":[\"https:\\\/\\\/memurunsesi.net\\\/index.php\\\/2025\\\/04\\\/29\\\/usak-universitesi-9-ulkenin-katildigi-tasarim-zirvesine-ev-sahipligi-yapiyor\\\/#respond\"]}]},{\"@type\":\"WebPage\",\"@id\":\"https:\\\/\\\/memurunsesi.net\\\/index.php\\\/2025\\\/04\\\/29\\\/usak-universitesi-9-ulkenin-katildigi-tasarim-zirvesine-ev-sahipligi-yapiyor\\\/\",\"url\":\"https:\\\/\\\/memurunsesi.net\\\/index.php\\\/2025\\\/04\\\/29\\\/usak-universitesi-9-ulkenin-katildigi-tasarim-zirvesine-ev-sahipligi-yapiyor\\\/\",\"name\":\"U\u015fak \u00dcniversitesi 9 \u00fclkenin kat\u0131ld\u0131\u011f\u0131 tasar\u0131m zirvesine ev sahipli\u011fi yap\u0131yor - Memurun Sesi\",\"isPartOf\":{\"@id\":\"https:\\\/\\\/memurunsesi.net\\\/#website\"},\"primaryImageOfPage\":{\"@id\":\"https:\\\/\\\/memurunsesi.net\\\/index.php\\\/2025\\\/04\\\/29\\\/usak-universitesi-9-ulkenin-katildigi-tasarim-zirvesine-ev-sahipligi-yapiyor\\\/#primaryimage\"},\"image\":{\"@id\":\"https:\\\/\\\/memurunsesi.net\\\/index.php\\\/2025\\\/04\\\/29\\\/usak-universitesi-9-ulkenin-katildigi-tasarim-zirvesine-ev-sahipligi-yapiyor\\\/#primaryimage\"},\"thumbnailUrl\":\"https:\\\/\\\/memurunsesi.net\\\/wp-content\\\/uploads\\\/2025\\\/04\\\/AW442992_08.jpg\",\"datePublished\":\"2025-04-29T02:49:35+00:00\",\"breadcrumb\":{\"@id\":\"https:\\\/\\\/memurunsesi.net\\\/index.php\\\/2025\\\/04\\\/29\\\/usak-universitesi-9-ulkenin-katildigi-tasarim-zirvesine-ev-sahipligi-yapiyor\\\/#breadcrumb\"},\"inLanguage\":\"tr\",\"potentialAction\":[{\"@type\":\"ReadAction\",\"target\":[\"https:\\\/\\\/memurunsesi.net\\\/index.php\\\/2025\\\/04\\\/29\\\/usak-universitesi-9-ulkenin-katildigi-tasarim-zirvesine-ev-sahipligi-yapiyor\\\/\"]}]},{\"@type\":\"ImageObject\",\"inLanguage\":\"tr\",\"@id\":\"https:\\\/\\\/memurunsesi.net\\\/index.php\\\/2025\\\/04\\\/29\\\/usak-universitesi-9-ulkenin-katildigi-tasarim-zirvesine-ev-sahipligi-yapiyor\\\/#primaryimage\",\"url\":\"https:\\\/\\\/memurunsesi.net\\\/wp-content\\\/uploads\\\/2025\\\/04\\\/AW442992_08.jpg\",\"contentUrl\":\"https:\\\/\\\/memurunsesi.net\\\/wp-content\\\/uploads\\\/2025\\\/04\\\/AW442992_08.jpg\",\"width\":850,\"height\":567,\"caption\":\"U\u015eAK \u00dcN\u0130VERS\u0130TES\u0130 9 \u00dcLKEN\u0130N KATILDI\u011eI TASARIM Z\u0130RVES\u0130NE EV SAH\u0130PL\u0130\u011e\u0130 YAPIYOR\"},{\"@type\":\"BreadcrumbList\",\"@id\":\"https:\\\/\\\/memurunsesi.net\\\/index.php\\\/2025\\\/04\\\/29\\\/usak-universitesi-9-ulkenin-katildigi-tasarim-zirvesine-ev-sahipligi-yapiyor\\\/#breadcrumb\",\"itemListElement\":[{\"@type\":\"ListItem\",\"position\":1,\"name\":\"Anasayfa\",\"item\":\"https:\\\/\\\/memurunsesi.net\\\/\"},{\"@type\":\"ListItem\",\"position\":2,\"name\":\"U\u015fak \u00dcniversitesi 9 \u00fclkenin kat\u0131ld\u0131\u011f\u0131 tasar\u0131m zirvesine ev sahipli\u011fi yap\u0131yor\"}]},{\"@type\":\"WebSite\",\"@id\":\"https:\\\/\\\/memurunsesi.net\\\/#website\",\"url\":\"https:\\\/\\\/memurunsesi.net\\\/\",\"name\":\"Memurun Sesi\",\"description\":\"G\u00fcncel ve Do\u011fru Haber\",\"publisher\":{\"@id\":\"https:\\\/\\\/memurunsesi.net\\\/#organization\"},\"potentialAction\":[{\"@type\":\"SearchAction\",\"target\":{\"@type\":\"EntryPoint\",\"urlTemplate\":\"https:\\\/\\\/memurunsesi.net\\\/?s={search_term_string}\"},\"query-input\":{\"@type\":\"PropertyValueSpecification\",\"valueRequired\":true,\"valueName\":\"search_term_string\"}}],\"inLanguage\":\"tr\"},{\"@type\":\"Organization\",\"@id\":\"https:\\\/\\\/memurunsesi.net\\\/#organization\",\"name\":\"Memurun Sesi\",\"url\":\"https:\\\/\\\/memurunsesi.net\\\/\",\"logo\":{\"@type\":\"ImageObject\",\"inLanguage\":\"tr\",\"@id\":\"https:\\\/\\\/memurunsesi.net\\\/#\\\/schema\\\/logo\\\/image\\\/\",\"url\":\"https:\\\/\\\/memurunsesi.net\\\/wp-content\\\/uploads\\\/2025\\\/11\\\/cropped-MEMURUN-SESI.png\",\"contentUrl\":\"https:\\\/\\\/memurunsesi.net\\\/wp-content\\\/uploads\\\/2025\\\/11\\\/cropped-MEMURUN-SESI.png\",\"width\":238,\"height\":57,\"caption\":\"Memurun Sesi\"},\"image\":{\"@id\":\"https:\\\/\\\/memurunsesi.net\\\/#\\\/schema\\\/logo\\\/image\\\/\"},\"sameAs\":[\"https:\\\/\\\/www.facebook.com\\\/unipersen\\\/?locale=tr_TR\",\"https:\\\/\\\/x.com\\\/unipersen\"]},{\"@type\":\"Person\",\"@id\":\"https:\\\/\\\/memurunsesi.net\\\/#\\\/schema\\\/person\\\/f21c2d73b89f6ee1d80b0a1803e38587\",\"name\":\"Memurun Sesi Haber Merkezi\",\"image\":{\"@type\":\"ImageObject\",\"inLanguage\":\"tr\",\"@id\":\"https:\\\/\\\/secure.gravatar.com\\\/avatar\\\/6cf0505f452ee753f485014986fab09a434671d2b919ee76fc541025c5876a70?s=96&d=mm&r=g\",\"url\":\"https:\\\/\\\/secure.gravatar.com\\\/avatar\\\/6cf0505f452ee753f485014986fab09a434671d2b919ee76fc541025c5876a70?s=96&d=mm&r=g\",\"contentUrl\":\"https:\\\/\\\/secure.gravatar.com\\\/avatar\\\/6cf0505f452ee753f485014986fab09a434671d2b919ee76fc541025c5876a70?s=96&d=mm&r=g\",\"caption\":\"Memurun Sesi Haber Merkezi\"},\"sameAs\":[\"https:\\\/\\\/memurunsesi.net\"],\"url\":\"https:\\\/\\\/memurunsesi.net\\\/index.php\\\/author\\\/uniper\\\/\"}]}<\/script>\n<!-- \/ Yoast SEO plugin. -->","yoast_head_json":{"title":"U\u015fak \u00dcniversitesi 9 \u00fclkenin kat\u0131ld\u0131\u011f\u0131 tasar\u0131m zirvesine ev sahipli\u011fi yap\u0131yor - Memurun Sesi","robots":{"index":"index","follow":"follow","max-snippet":"max-snippet:-1","max-image-preview":"max-image-preview:large","max-video-preview":"max-video-preview:-1"},"canonical":"https:\/\/memurunsesi.net\/index.php\/2025\/04\/29\/usak-universitesi-9-ulkenin-katildigi-tasarim-zirvesine-ev-sahipligi-yapiyor\/","og_locale":"tr_TR","og_type":"article","og_title":"U\u015fak \u00dcniversitesi 9 \u00fclkenin kat\u0131ld\u0131\u011f\u0131 tasar\u0131m zirvesine ev sahipli\u011fi yap\u0131yor - Memurun Sesi","og_description":"U\u015fak \u00dcniversitesi Deri, Tekstil ve Seramik (DTS) Tasar\u0131m Uygulama ve Ara\u015ft\u0131rma Merkezi taraf\u0131ndan 28-29-30 Nisan 2025 tarihlerinde d\u00fczenlenen &#8220;Dijital \u00c7a\u011fda Trend ve Teknoloji Odakl\u0131 Uluslararas\u0131 Tasar\u0131m Konferans\u0131&#8221; ba\u015flad\u0131. \u00dc\u00e7 g\u00fcn boyunca tasar\u0131m d\u00fcnyas\u0131n\u0131n nabz\u0131n\u0131 tutacak olan etkinli\u011fin a\u00e7\u0131l\u0131\u015f\u0131, 28 Nisan 2025 tarihinde Recep Tayyip Erdo\u011fan Kongre ve K\u00fclt\u00fcr Merkezi\u2019nde ger\u00e7ekle\u015ftirildi. A\u00e7\u0131l\u0131\u015fa; U\u015fak Valisi Dr. Naci [&hellip;]","og_url":"https:\/\/memurunsesi.net\/index.php\/2025\/04\/29\/usak-universitesi-9-ulkenin-katildigi-tasarim-zirvesine-ev-sahipligi-yapiyor\/","og_site_name":"Memurun Sesi","article_publisher":"https:\/\/www.facebook.com\/unipersen\/?locale=tr_TR","article_published_time":"2025-04-29T02:49:35+00:00","og_image":[{"width":850,"height":567,"url":"https:\/\/memurunsesi.net\/wp-content\/uploads\/2025\/04\/AW442992_08.jpg","type":"image\/jpeg"}],"author":"Memurun Sesi Haber Merkezi","twitter_card":"summary_large_image","twitter_creator":"@unipersen","twitter_site":"@unipersen","twitter_misc":{"Yazan:":"Memurun Sesi Haber Merkezi"},"schema":{"@context":"https:\/\/schema.org","@graph":[{"@type":"Article","@id":"https:\/\/memurunsesi.net\/index.php\/2025\/04\/29\/usak-universitesi-9-ulkenin-katildigi-tasarim-zirvesine-ev-sahipligi-yapiyor\/#article","isPartOf":{"@id":"https:\/\/memurunsesi.net\/index.php\/2025\/04\/29\/usak-universitesi-9-ulkenin-katildigi-tasarim-zirvesine-ev-sahipligi-yapiyor\/"},"author":{"name":"Memurun Sesi Haber Merkezi","@id":"https:\/\/memurunsesi.net\/#\/schema\/person\/f21c2d73b89f6ee1d80b0a1803e38587"},"headline":"U\u015fak \u00dcniversitesi 9 \u00fclkenin kat\u0131ld\u0131\u011f\u0131 tasar\u0131m zirvesine ev sahipli\u011fi yap\u0131yor","datePublished":"2025-04-29T02:49:35+00:00","mainEntityOfPage":{"@id":"https:\/\/memurunsesi.net\/index.php\/2025\/04\/29\/usak-universitesi-9-ulkenin-katildigi-tasarim-zirvesine-ev-sahipligi-yapiyor\/"},"wordCount":1124,"commentCount":0,"publisher":{"@id":"https:\/\/memurunsesi.net\/#organization"},"image":{"@id":"https:\/\/memurunsesi.net\/index.php\/2025\/04\/29\/usak-universitesi-9-ulkenin-katildigi-tasarim-zirvesine-ev-sahipligi-yapiyor\/#primaryimage"},"thumbnailUrl":"https:\/\/memurunsesi.net\/wp-content\/uploads\/2025\/04\/AW442992_08.jpg","articleSection":["\u00dcniversiteden Haberler"],"inLanguage":"tr","potentialAction":[{"@type":"CommentAction","name":"Comment","target":["https:\/\/memurunsesi.net\/index.php\/2025\/04\/29\/usak-universitesi-9-ulkenin-katildigi-tasarim-zirvesine-ev-sahipligi-yapiyor\/#respond"]}]},{"@type":"WebPage","@id":"https:\/\/memurunsesi.net\/index.php\/2025\/04\/29\/usak-universitesi-9-ulkenin-katildigi-tasarim-zirvesine-ev-sahipligi-yapiyor\/","url":"https:\/\/memurunsesi.net\/index.php\/2025\/04\/29\/usak-universitesi-9-ulkenin-katildigi-tasarim-zirvesine-ev-sahipligi-yapiyor\/","name":"U\u015fak \u00dcniversitesi 9 \u00fclkenin kat\u0131ld\u0131\u011f\u0131 tasar\u0131m zirvesine ev sahipli\u011fi yap\u0131yor - Memurun Sesi","isPartOf":{"@id":"https:\/\/memurunsesi.net\/#website"},"primaryImageOfPage":{"@id":"https:\/\/memurunsesi.net\/index.php\/2025\/04\/29\/usak-universitesi-9-ulkenin-katildigi-tasarim-zirvesine-ev-sahipligi-yapiyor\/#primaryimage"},"image":{"@id":"https:\/\/memurunsesi.net\/index.php\/2025\/04\/29\/usak-universitesi-9-ulkenin-katildigi-tasarim-zirvesine-ev-sahipligi-yapiyor\/#primaryimage"},"thumbnailUrl":"https:\/\/memurunsesi.net\/wp-content\/uploads\/2025\/04\/AW442992_08.jpg","datePublished":"2025-04-29T02:49:35+00:00","breadcrumb":{"@id":"https:\/\/memurunsesi.net\/index.php\/2025\/04\/29\/usak-universitesi-9-ulkenin-katildigi-tasarim-zirvesine-ev-sahipligi-yapiyor\/#breadcrumb"},"inLanguage":"tr","potentialAction":[{"@type":"ReadAction","target":["https:\/\/memurunsesi.net\/index.php\/2025\/04\/29\/usak-universitesi-9-ulkenin-katildigi-tasarim-zirvesine-ev-sahipligi-yapiyor\/"]}]},{"@type":"ImageObject","inLanguage":"tr","@id":"https:\/\/memurunsesi.net\/index.php\/2025\/04\/29\/usak-universitesi-9-ulkenin-katildigi-tasarim-zirvesine-ev-sahipligi-yapiyor\/#primaryimage","url":"https:\/\/memurunsesi.net\/wp-content\/uploads\/2025\/04\/AW442992_08.jpg","contentUrl":"https:\/\/memurunsesi.net\/wp-content\/uploads\/2025\/04\/AW442992_08.jpg","width":850,"height":567,"caption":"U\u015eAK \u00dcN\u0130VERS\u0130TES\u0130 9 \u00dcLKEN\u0130N KATILDI\u011eI TASARIM Z\u0130RVES\u0130NE EV SAH\u0130PL\u0130\u011e\u0130 YAPIYOR"},{"@type":"BreadcrumbList","@id":"https:\/\/memurunsesi.net\/index.php\/2025\/04\/29\/usak-universitesi-9-ulkenin-katildigi-tasarim-zirvesine-ev-sahipligi-yapiyor\/#breadcrumb","itemListElement":[{"@type":"ListItem","position":1,"name":"Anasayfa","item":"https:\/\/memurunsesi.net\/"},{"@type":"ListItem","position":2,"name":"U\u015fak \u00dcniversitesi 9 \u00fclkenin kat\u0131ld\u0131\u011f\u0131 tasar\u0131m zirvesine ev sahipli\u011fi yap\u0131yor"}]},{"@type":"WebSite","@id":"https:\/\/memurunsesi.net\/#website","url":"https:\/\/memurunsesi.net\/","name":"Memurun Sesi","description":"G\u00fcncel ve Do\u011fru Haber","publisher":{"@id":"https:\/\/memurunsesi.net\/#organization"},"potentialAction":[{"@type":"SearchAction","target":{"@type":"EntryPoint","urlTemplate":"https:\/\/memurunsesi.net\/?s={search_term_string}"},"query-input":{"@type":"PropertyValueSpecification","valueRequired":true,"valueName":"search_term_string"}}],"inLanguage":"tr"},{"@type":"Organization","@id":"https:\/\/memurunsesi.net\/#organization","name":"Memurun Sesi","url":"https:\/\/memurunsesi.net\/","logo":{"@type":"ImageObject","inLanguage":"tr","@id":"https:\/\/memurunsesi.net\/#\/schema\/logo\/image\/","url":"https:\/\/memurunsesi.net\/wp-content\/uploads\/2025\/11\/cropped-MEMURUN-SESI.png","contentUrl":"https:\/\/memurunsesi.net\/wp-content\/uploads\/2025\/11\/cropped-MEMURUN-SESI.png","width":238,"height":57,"caption":"Memurun Sesi"},"image":{"@id":"https:\/\/memurunsesi.net\/#\/schema\/logo\/image\/"},"sameAs":["https:\/\/www.facebook.com\/unipersen\/?locale=tr_TR","https:\/\/x.com\/unipersen"]},{"@type":"Person","@id":"https:\/\/memurunsesi.net\/#\/schema\/person\/f21c2d73b89f6ee1d80b0a1803e38587","name":"Memurun Sesi Haber Merkezi","image":{"@type":"ImageObject","inLanguage":"tr","@id":"https:\/\/secure.gravatar.com\/avatar\/6cf0505f452ee753f485014986fab09a434671d2b919ee76fc541025c5876a70?s=96&d=mm&r=g","url":"https:\/\/secure.gravatar.com\/avatar\/6cf0505f452ee753f485014986fab09a434671d2b919ee76fc541025c5876a70?s=96&d=mm&r=g","contentUrl":"https:\/\/secure.gravatar.com\/avatar\/6cf0505f452ee753f485014986fab09a434671d2b919ee76fc541025c5876a70?s=96&d=mm&r=g","caption":"Memurun Sesi Haber Merkezi"},"sameAs":["https:\/\/memurunsesi.net"],"url":"https:\/\/memurunsesi.net\/index.php\/author\/uniper\/"}]}},"_links":{"self":[{"href":"https:\/\/memurunsesi.net\/index.php\/wp-json\/wp\/v2\/posts\/6186","targetHints":{"allow":["GET"]}}],"collection":[{"href":"https:\/\/memurunsesi.net\/index.php\/wp-json\/wp\/v2\/posts"}],"about":[{"href":"https:\/\/memurunsesi.net\/index.php\/wp-json\/wp\/v2\/types\/post"}],"author":[{"embeddable":true,"href":"https:\/\/memurunsesi.net\/index.php\/wp-json\/wp\/v2\/users\/1"}],"replies":[{"embeddable":true,"href":"https:\/\/memurunsesi.net\/index.php\/wp-json\/wp\/v2\/comments?post=6186"}],"version-history":[{"count":1,"href":"https:\/\/memurunsesi.net\/index.php\/wp-json\/wp\/v2\/posts\/6186\/revisions"}],"predecessor-version":[{"id":6188,"href":"https:\/\/memurunsesi.net\/index.php\/wp-json\/wp\/v2\/posts\/6186\/revisions\/6188"}],"wp:featuredmedia":[{"embeddable":true,"href":"https:\/\/memurunsesi.net\/index.php\/wp-json\/wp\/v2\/media\/6187"}],"wp:attachment":[{"href":"https:\/\/memurunsesi.net\/index.php\/wp-json\/wp\/v2\/media?parent=6186"}],"wp:term":[{"taxonomy":"category","embeddable":true,"href":"https:\/\/memurunsesi.net\/index.php\/wp-json\/wp\/v2\/categories?post=6186"},{"taxonomy":"post_tag","embeddable":true,"href":"https:\/\/memurunsesi.net\/index.php\/wp-json\/wp\/v2\/tags?post=6186"}],"curies":[{"name":"wp","href":"https:\/\/api.w.org\/{rel}","templated":true}]}}