{"id":6189,"date":"2025-04-29T05:50:42","date_gmt":"2025-04-29T02:50:42","guid":{"rendered":"https:\/\/memurunsesi.net\/?p=6189"},"modified":"2025-04-29T05:50:42","modified_gmt":"2025-04-29T02:50:42","slug":"ali-ulker-yonetim-kurulu-baskanligini-mehmet-tutuncuye-devretti","status":"publish","type":"post","link":"https:\/\/memurunsesi.net\/index.php\/2025\/04\/29\/ali-ulker-yonetim-kurulu-baskanligini-mehmet-tutuncuye-devretti\/","title":{"rendered":"Ali \u00dclker y\u00f6netim kurulu ba\u015fkanl\u0131\u011f\u0131n\u0131 Mehmet T\u00fct\u00fcnc\u00fc&#8217;ye devretti"},"content":{"rendered":"<p> Y\u0131ld\u0131z Holding&#8217;de 2020 y\u0131l\u0131 \u015eubat ay\u0131ndan bu yana y\u00f6netim kurulu ba\u015fkanl\u0131\u011f\u0131n\u0131 y\u00fcr\u00fcten Ali \u00dclker, g\u00f6revini Y\u0131ld\u0131z Holding Ba\u015fkan Yard\u0131mc\u0131s\u0131 ve CEO&#8217;su Mehmet T\u00fct\u00fcnc\u00fc&#8217;ye devretti.<br \/>\n  Y\u0131ld\u0131z Holding Y\u00f6netim Kurulu, son toplant\u0131s\u0131nda y\u00f6netim kurulu ba\u015fkanl\u0131\u011f\u0131na Mehmet T\u00fct\u00fcnc\u00fc&#8217;y\u00fc atad\u0131. 2018 y\u0131l\u0131ndan bu yana holding b\u00fcnyesinde ba\u015fkan yard\u0131mc\u0131l\u0131\u011f\u0131 ve CEO&#8217;luk g\u00f6revlerini y\u00fcr\u00fcten Mehmet T\u00fct\u00fcnc\u00fc, 2020 y\u0131l\u0131ndan bu yana y\u00f6netim kurulu ba\u015fkanl\u0131\u011f\u0131 g\u00f6revini s\u00fcrd\u00fcren Ali \u00dclker&#8217;den g\u00f6revi devrald\u0131. Atama karar\u0131, 28 Nisan tarihinde Kamuyu Ayd\u0131nlatma Platformu (KAP) \u00fczerinden yap\u0131lan a\u00e7\u0131klamayla \u00dclker Bisk\u00fcvi, Kerevita\u015f, \u015eOK Marketler, Bizim Toptan, G\u00f6zde Giri\u015fim ve Penta Teknoloji gibi holdingin halka a\u00e7\u0131k \u015firketleri arac\u0131l\u0131\u011f\u0131yla t\u00fcm hissedarlara ve payda\u015flara duyuruldu.<br \/>\n  Bir veda a\u00e7\u0131klamas\u0131 yay\u0131mlayan Ali \u00dclker, &#8220;2020 y\u0131l\u0131n\u0131n \u015eubat ay\u0131nda devrald\u0131\u011f\u0131m y\u00f6netim kurulu ba\u015fkanl\u0131\u011f\u0131nda 5 y\u0131l\u0131 geride b\u0131rakm\u0131\u015f bulunuyorum. Parlayan Y\u0131ld\u0131z ailesinin bir par\u00e7as\u0131 olmaktan, bu yolu sizlerle y\u00fcr\u00fcmekten \u00e7ok b\u00fcy\u00fck keyif ald\u0131m. G\u00f6reve ba\u015flad\u0131\u011f\u0131m ilk haftalarda ya\u015fanan global \u00f6l\u00e7ekte bir salg\u0131n, T\u00fcrkiye&#8217;nin en b\u00fcy\u00fck sendikasyonunun sorumlulu\u011fu ve y\u0131k\u0131c\u0131 bir depremin yaralar\u0131n\u0131 sarma m\u00fccadelesi gibi zorlu s\u00fcre\u00e7lerin \u00fcstesinden hep birlikte geldik. B\u00fcy\u00fcklerimizden devrald\u0131\u011f\u0131m\u0131z bu k\u0131ymetli miras\u0131 g\u00fc\u00e7lendirmek ve gelece\u011fe daha sa\u011flam bir \u015fekilde ta\u015f\u0131mak i\u00e7in hep birlikte \u00e7al\u0131\u015ft\u0131k. \u015eirketlerimizin de\u011ferlerini ve i\u015f yapma \u015fekillerini s\u00fcrd\u00fcr\u00fclebilir bir gelece\u011fe ta\u015f\u0131mak ad\u0131na \u00f6nemli ad\u0131mlar att\u0131k. Y\u0131llar boyunca dayan\u0131\u015fman\u0131n, azmin ve i\u015f birli\u011finin bizi nas\u0131l g\u00fc\u00e7lendirdi\u011fine birlikte \u015fahit olduk. Bu g\u00fczel ba\u015far\u0131lara beni ortak etti\u011finiz ve her an\u0131na \u015fahit olmam\u0131 sa\u011flad\u0131\u011f\u0131n\u0131z i\u00e7in siz de\u011ferli mesai arkada\u015flar\u0131ma g\u00f6n\u00fclden te\u015fekk\u00fcr ediyorum. 15 ya\u015f\u0131nda yaz tatillerinde ba\u015flad\u0131\u011f\u0131m kariyerimde 40 y\u0131l\u0131 a\u015fm\u0131\u015f bulunuyorum. Kurumlar kal\u0131c\u0131 insanlar ge\u00e7icidir; bu bilin\u00e7le ben de be\u015finci y\u0131l\u0131n sonunda y\u00f6netim kurulu ba\u015fkanl\u0131\u011f\u0131n\u0131 devretme karar\u0131 ald\u0131m. Bu vesileyle ba\u015fta beni bu onurlu g\u00f6reve lay\u0131k g\u00f6ren Say\u0131n Murat \u00dclker Bey&#8217;e tevecc\u00fchlerinden dolay\u0131, de\u011ferli y\u00f6netim kurulu \u00fcyelerimize ve siz k\u0131ymetli \u00e7al\u0131\u015fma arkada\u015flar\u0131ma ise desteklerinden \u00f6t\u00fcr\u00fc en i\u00e7ten te\u015fekk\u00fcrlerimi sunuyorum. Siz parlayan y\u0131ld\u0131zlar\u0131 ve ba\u015far\u0131lar\u0131n\u0131z\u0131 takip etmekten her zaman memnuniyet duyaca\u011f\u0131m. Birlikte yazd\u0131\u011f\u0131m\u0131z bu hikayenin devam\u0131nda da sizlerin insanl\u0131\u011fa g\u00fczel katk\u0131lar sunaca\u011f\u0131n\u0131za ve mutluluk kayna\u011f\u0131 olmaya devam edece\u011finize t\u00fcm kalbimle inan\u0131yorum&#8221; dedi. <\/p>\n<p>  &#8220;Ali \u00dclker&#8217;in uzmanl\u0131\u011f\u0131ndan yararlanmaya devam edece\u011fiz&#8221;<br \/>\n  Holdingde zorlu zamanlarda \u00fcstlendi\u011fi liderlikten ve holdingi gelece\u011fe ta\u015f\u0131ma yolunda g\u00f6sterdi\u011fi gayretten \u00f6t\u00fcr\u00fc Ali \u00dclker&#8217;e te\u015fekk\u00fcrlerini sunan Murat \u00dclker ise, &#8220;Say\u0131n Ali \u00dclker, pandemi ve 2023 \u015eubat depremleri gibi zorlu d\u00f6nemlerde Y\u0131ld\u0131z Holding ve \u015firketlerinin finansal istikrar\u0131n\u0131n korunmas\u0131nda b\u00fcy\u00fck bir sorumluluk \u00fcstlendi. Bu 5 y\u0131ll\u0131k d\u00f6nemde at\u0131\u015ft\u0131rmal\u0131k ve perakende sekt\u00f6rlerine odaklanarak, Y\u0131ld\u0131z Holding ve \u015firketlerinin b\u00fcy\u00fcme stratejilerine ivme katacak \u00f6nemli kararlara imza att\u0131. Y\u0131ld\u0131z Holding&#8217;e de\u011ferli katk\u0131lar\u0131ndan \u00f6t\u00fcr\u00fc Say\u0131n Ali \u00dclker&#8217;e te\u015fekk\u00fcr ediyor ve yeni d\u00f6nemde Say\u0131n Mehmet T\u00fct\u00fcnc\u00fc&#8217;ye ba\u015far\u0131lar diliyorum. Ve biliyorum ki Ali Bey her ne kadar bundan sonra kendi \u00f6zel meraklar\u0131na daha \u00e7ok vakit ay\u0131raca\u011f\u0131n\u0131 s\u00f6ylese de \u00f6n\u00fcm\u00fczdeki d\u00f6nemde de t\u00fcm d\u00fcnyada onun uzmanl\u0131\u011f\u0131ndan yararlanmaya devam edece\u011fiz&#8221; diye konu\u015ftu. <\/p>\n<p>28.04.2025                           <\/p>\n","protected":false},"excerpt":{"rendered":"<p>Y\u0131ld\u0131z Holding&#8217;de 2020 y\u0131l\u0131 \u015eubat ay\u0131ndan bu yana y\u00f6netim kurulu ba\u015fkanl\u0131\u011f\u0131n\u0131 y\u00fcr\u00fcten Ali \u00dclker, g\u00f6revini Y\u0131ld\u0131z Holding Ba\u015fkan Yard\u0131mc\u0131s\u0131 ve CEO&#8217;su Mehmet T\u00fct\u00fcnc\u00fc&#8217;ye devretti. Y\u0131ld\u0131z Holding Y\u00f6netim Kurulu, son toplant\u0131s\u0131nda y\u00f6netim kurulu ba\u015fkanl\u0131\u011f\u0131na Mehmet T\u00fct\u00fcnc\u00fc&#8217;y\u00fc atad\u0131. 2018 y\u0131l\u0131ndan bu yana holding b\u00fcnyesinde ba\u015fkan yard\u0131mc\u0131l\u0131\u011f\u0131 ve CEO&#8217;luk g\u00f6revlerini y\u00fcr\u00fcten Mehmet T\u00fct\u00fcnc\u00fc, 2020 y\u0131l\u0131ndan bu yana y\u00f6netim [&hellip;]<\/p>\n","protected":false},"author":1,"featured_media":6190,"comment_status":"open","ping_status":"open","sticky":false,"template":"","format":"standard","meta":{"footnotes":""},"categories":[48],"tags":[],"class_list":["post-6189","post","type-post","status-publish","format-standard","has-post-thumbnail","hentry","category-ekonomi"],"yoast_head":"<!-- This site is optimized with the Yoast SEO plugin v27.4 - https:\/\/yoast.com\/product\/yoast-seo-wordpress\/ -->\n<title>Ali \u00dclker y\u00f6netim kurulu ba\u015fkanl\u0131\u011f\u0131n\u0131 Mehmet T\u00fct\u00fcnc\u00fc&#039;ye devretti - Memurun Sesi<\/title>\n<meta name=\"robots\" content=\"index, follow, max-snippet:-1, max-image-preview:large, max-video-preview:-1\" \/>\n<link rel=\"canonical\" href=\"https:\/\/memurunsesi.net\/index.php\/2025\/04\/29\/ali-ulker-yonetim-kurulu-baskanligini-mehmet-tutuncuye-devretti\/\" \/>\n<meta property=\"og:locale\" content=\"tr_TR\" \/>\n<meta property=\"og:type\" content=\"article\" \/>\n<meta property=\"og:title\" content=\"Ali \u00dclker y\u00f6netim kurulu ba\u015fkanl\u0131\u011f\u0131n\u0131 Mehmet T\u00fct\u00fcnc\u00fc&#039;ye devretti - Memurun Sesi\" \/>\n<meta property=\"og:description\" content=\"Y\u0131ld\u0131z Holding&#8217;de 2020 y\u0131l\u0131 \u015eubat ay\u0131ndan bu yana y\u00f6netim kurulu ba\u015fkanl\u0131\u011f\u0131n\u0131 y\u00fcr\u00fcten Ali \u00dclker, g\u00f6revini Y\u0131ld\u0131z Holding Ba\u015fkan Yard\u0131mc\u0131s\u0131 ve CEO&#8217;su Mehmet T\u00fct\u00fcnc\u00fc&#8217;ye devretti. Y\u0131ld\u0131z Holding Y\u00f6netim Kurulu, son toplant\u0131s\u0131nda y\u00f6netim kurulu ba\u015fkanl\u0131\u011f\u0131na Mehmet T\u00fct\u00fcnc\u00fc&#8217;y\u00fc atad\u0131. 2018 y\u0131l\u0131ndan bu yana holding b\u00fcnyesinde ba\u015fkan yard\u0131mc\u0131l\u0131\u011f\u0131 ve CEO&#8217;luk g\u00f6revlerini y\u00fcr\u00fcten Mehmet T\u00fct\u00fcnc\u00fc, 2020 y\u0131l\u0131ndan bu yana y\u00f6netim [&hellip;]\" \/>\n<meta property=\"og:url\" content=\"https:\/\/memurunsesi.net\/index.php\/2025\/04\/29\/ali-ulker-yonetim-kurulu-baskanligini-mehmet-tutuncuye-devretti\/\" \/>\n<meta property=\"og:site_name\" content=\"Memurun Sesi\" \/>\n<meta property=\"article:publisher\" content=\"https:\/\/www.facebook.com\/unipersen\/?locale=tr_TR\" \/>\n<meta property=\"article:published_time\" content=\"2025-04-29T02:50:42+00:00\" \/>\n<meta property=\"og:image\" content=\"https:\/\/memurunsesi.net\/wp-content\/uploads\/2025\/04\/AW443040_01.jpg\" \/>\n\t<meta property=\"og:image:width\" content=\"1600\" \/>\n\t<meta property=\"og:image:height\" content=\"1228\" \/>\n\t<meta property=\"og:image:type\" content=\"image\/jpeg\" \/>\n<meta name=\"author\" content=\"Memurun Sesi Haber Merkezi\" \/>\n<meta name=\"twitter:card\" content=\"summary_large_image\" \/>\n<meta name=\"twitter:creator\" content=\"@unipersen\" \/>\n<meta name=\"twitter:site\" content=\"@unipersen\" \/>\n<meta name=\"twitter:label1\" content=\"Yazan:\" \/>\n\t<meta name=\"twitter:data1\" content=\"Memurun Sesi Haber Merkezi\" \/>\n<script type=\"application\/ld+json\" class=\"yoast-schema-graph\">{\"@context\":\"https:\\\/\\\/schema.org\",\"@graph\":[{\"@type\":\"Article\",\"@id\":\"https:\\\/\\\/memurunsesi.net\\\/index.php\\\/2025\\\/04\\\/29\\\/ali-ulker-yonetim-kurulu-baskanligini-mehmet-tutuncuye-devretti\\\/#article\",\"isPartOf\":{\"@id\":\"https:\\\/\\\/memurunsesi.net\\\/index.php\\\/2025\\\/04\\\/29\\\/ali-ulker-yonetim-kurulu-baskanligini-mehmet-tutuncuye-devretti\\\/\"},\"author\":{\"name\":\"Memurun Sesi Haber Merkezi\",\"@id\":\"https:\\\/\\\/memurunsesi.net\\\/#\\\/schema\\\/person\\\/f21c2d73b89f6ee1d80b0a1803e38587\"},\"headline\":\"Ali \u00dclker y\u00f6netim kurulu ba\u015fkanl\u0131\u011f\u0131n\u0131 Mehmet T\u00fct\u00fcnc\u00fc&#8217;ye devretti\",\"datePublished\":\"2025-04-29T02:50:42+00:00\",\"mainEntityOfPage\":{\"@id\":\"https:\\\/\\\/memurunsesi.net\\\/index.php\\\/2025\\\/04\\\/29\\\/ali-ulker-yonetim-kurulu-baskanligini-mehmet-tutuncuye-devretti\\\/\"},\"wordCount\":691,\"commentCount\":0,\"publisher\":{\"@id\":\"https:\\\/\\\/memurunsesi.net\\\/#organization\"},\"image\":{\"@id\":\"https:\\\/\\\/memurunsesi.net\\\/index.php\\\/2025\\\/04\\\/29\\\/ali-ulker-yonetim-kurulu-baskanligini-mehmet-tutuncuye-devretti\\\/#primaryimage\"},\"thumbnailUrl\":\"https:\\\/\\\/memurunsesi.net\\\/wp-content\\\/uploads\\\/2025\\\/04\\\/AW443040_01.jpg\",\"articleSection\":[\"Ekonomi\"],\"inLanguage\":\"tr\",\"potentialAction\":[{\"@type\":\"CommentAction\",\"name\":\"Comment\",\"target\":[\"https:\\\/\\\/memurunsesi.net\\\/index.php\\\/2025\\\/04\\\/29\\\/ali-ulker-yonetim-kurulu-baskanligini-mehmet-tutuncuye-devretti\\\/#respond\"]}]},{\"@type\":\"WebPage\",\"@id\":\"https:\\\/\\\/memurunsesi.net\\\/index.php\\\/2025\\\/04\\\/29\\\/ali-ulker-yonetim-kurulu-baskanligini-mehmet-tutuncuye-devretti\\\/\",\"url\":\"https:\\\/\\\/memurunsesi.net\\\/index.php\\\/2025\\\/04\\\/29\\\/ali-ulker-yonetim-kurulu-baskanligini-mehmet-tutuncuye-devretti\\\/\",\"name\":\"Ali \u00dclker y\u00f6netim kurulu ba\u015fkanl\u0131\u011f\u0131n\u0131 Mehmet T\u00fct\u00fcnc\u00fc'ye devretti - Memurun Sesi\",\"isPartOf\":{\"@id\":\"https:\\\/\\\/memurunsesi.net\\\/#website\"},\"primaryImageOfPage\":{\"@id\":\"https:\\\/\\\/memurunsesi.net\\\/index.php\\\/2025\\\/04\\\/29\\\/ali-ulker-yonetim-kurulu-baskanligini-mehmet-tutuncuye-devretti\\\/#primaryimage\"},\"image\":{\"@id\":\"https:\\\/\\\/memurunsesi.net\\\/index.php\\\/2025\\\/04\\\/29\\\/ali-ulker-yonetim-kurulu-baskanligini-mehmet-tutuncuye-devretti\\\/#primaryimage\"},\"thumbnailUrl\":\"https:\\\/\\\/memurunsesi.net\\\/wp-content\\\/uploads\\\/2025\\\/04\\\/AW443040_01.jpg\",\"datePublished\":\"2025-04-29T02:50:42+00:00\",\"breadcrumb\":{\"@id\":\"https:\\\/\\\/memurunsesi.net\\\/index.php\\\/2025\\\/04\\\/29\\\/ali-ulker-yonetim-kurulu-baskanligini-mehmet-tutuncuye-devretti\\\/#breadcrumb\"},\"inLanguage\":\"tr\",\"potentialAction\":[{\"@type\":\"ReadAction\",\"target\":[\"https:\\\/\\\/memurunsesi.net\\\/index.php\\\/2025\\\/04\\\/29\\\/ali-ulker-yonetim-kurulu-baskanligini-mehmet-tutuncuye-devretti\\\/\"]}]},{\"@type\":\"ImageObject\",\"inLanguage\":\"tr\",\"@id\":\"https:\\\/\\\/memurunsesi.net\\\/index.php\\\/2025\\\/04\\\/29\\\/ali-ulker-yonetim-kurulu-baskanligini-mehmet-tutuncuye-devretti\\\/#primaryimage\",\"url\":\"https:\\\/\\\/memurunsesi.net\\\/wp-content\\\/uploads\\\/2025\\\/04\\\/AW443040_01.jpg\",\"contentUrl\":\"https:\\\/\\\/memurunsesi.net\\\/wp-content\\\/uploads\\\/2025\\\/04\\\/AW443040_01.jpg\",\"width\":1600,\"height\":1228,\"caption\":\"YILDIZ HOLD\u0130NG'DE 2020 YILI \u015eUBAT AYINDAN BU YANA Y\u00d6NET\u0130M KURULU BA\u015eKANLI\u011eINI Y\u00dcR\u00dcTEN AL\u0130 \u00dcLKER, G\u00d6REV\u0130N\u0130 YILDIZ HOLD\u0130NG BA\u015eKAN YARDIMCISI VE CEO'SU MEHMET T\u00dcT\u00dcNC\u00dc'YE DEVRETT\u0130. (\u0130HA\\\/\u0130STANBUL-\u0130HA) Y\u0131ld\u0131z Holding'de 2020 y\u0131l\u0131 \u015eubat ay\u0131ndan bu yana y\u00f6netim kurulu ba\u015fkanl\u0131\u011f\u0131n\u0131 y\u00fcr\u00fcten Ali \u00dclker, g\u00f6revini Y\u0131ld\u0131z Holding Ba\u015fkan Yard\u0131mc\u0131s\u0131 ve CEO'su Mehmet T\u00fct\u00fcnc\u00fc'ye devretti.\"},{\"@type\":\"BreadcrumbList\",\"@id\":\"https:\\\/\\\/memurunsesi.net\\\/index.php\\\/2025\\\/04\\\/29\\\/ali-ulker-yonetim-kurulu-baskanligini-mehmet-tutuncuye-devretti\\\/#breadcrumb\",\"itemListElement\":[{\"@type\":\"ListItem\",\"position\":1,\"name\":\"Anasayfa\",\"item\":\"https:\\\/\\\/memurunsesi.net\\\/\"},{\"@type\":\"ListItem\",\"position\":2,\"name\":\"Ali \u00dclker y\u00f6netim kurulu ba\u015fkanl\u0131\u011f\u0131n\u0131 Mehmet T\u00fct\u00fcnc\u00fc&#8217;ye devretti\"}]},{\"@type\":\"WebSite\",\"@id\":\"https:\\\/\\\/memurunsesi.net\\\/#website\",\"url\":\"https:\\\/\\\/memurunsesi.net\\\/\",\"name\":\"Memurun Sesi\",\"description\":\"G\u00fcncel ve Do\u011fru Haber\",\"publisher\":{\"@id\":\"https:\\\/\\\/memurunsesi.net\\\/#organization\"},\"potentialAction\":[{\"@type\":\"SearchAction\",\"target\":{\"@type\":\"EntryPoint\",\"urlTemplate\":\"https:\\\/\\\/memurunsesi.net\\\/?s={search_term_string}\"},\"query-input\":{\"@type\":\"PropertyValueSpecification\",\"valueRequired\":true,\"valueName\":\"search_term_string\"}}],\"inLanguage\":\"tr\"},{\"@type\":\"Organization\",\"@id\":\"https:\\\/\\\/memurunsesi.net\\\/#organization\",\"name\":\"Memurun Sesi\",\"url\":\"https:\\\/\\\/memurunsesi.net\\\/\",\"logo\":{\"@type\":\"ImageObject\",\"inLanguage\":\"tr\",\"@id\":\"https:\\\/\\\/memurunsesi.net\\\/#\\\/schema\\\/logo\\\/image\\\/\",\"url\":\"https:\\\/\\\/memurunsesi.net\\\/wp-content\\\/uploads\\\/2025\\\/11\\\/cropped-MEMURUN-SESI.png\",\"contentUrl\":\"https:\\\/\\\/memurunsesi.net\\\/wp-content\\\/uploads\\\/2025\\\/11\\\/cropped-MEMURUN-SESI.png\",\"width\":238,\"height\":57,\"caption\":\"Memurun Sesi\"},\"image\":{\"@id\":\"https:\\\/\\\/memurunsesi.net\\\/#\\\/schema\\\/logo\\\/image\\\/\"},\"sameAs\":[\"https:\\\/\\\/www.facebook.com\\\/unipersen\\\/?locale=tr_TR\",\"https:\\\/\\\/x.com\\\/unipersen\"]},{\"@type\":\"Person\",\"@id\":\"https:\\\/\\\/memurunsesi.net\\\/#\\\/schema\\\/person\\\/f21c2d73b89f6ee1d80b0a1803e38587\",\"name\":\"Memurun Sesi Haber Merkezi\",\"image\":{\"@type\":\"ImageObject\",\"inLanguage\":\"tr\",\"@id\":\"https:\\\/\\\/secure.gravatar.com\\\/avatar\\\/6cf0505f452ee753f485014986fab09a434671d2b919ee76fc541025c5876a70?s=96&d=mm&r=g\",\"url\":\"https:\\\/\\\/secure.gravatar.com\\\/avatar\\\/6cf0505f452ee753f485014986fab09a434671d2b919ee76fc541025c5876a70?s=96&d=mm&r=g\",\"contentUrl\":\"https:\\\/\\\/secure.gravatar.com\\\/avatar\\\/6cf0505f452ee753f485014986fab09a434671d2b919ee76fc541025c5876a70?s=96&d=mm&r=g\",\"caption\":\"Memurun Sesi Haber Merkezi\"},\"sameAs\":[\"https:\\\/\\\/memurunsesi.net\"],\"url\":\"https:\\\/\\\/memurunsesi.net\\\/index.php\\\/author\\\/uniper\\\/\"}]}<\/script>\n<!-- \/ Yoast SEO plugin. -->","yoast_head_json":{"title":"Ali \u00dclker y\u00f6netim kurulu ba\u015fkanl\u0131\u011f\u0131n\u0131 Mehmet T\u00fct\u00fcnc\u00fc'ye devretti - Memurun Sesi","robots":{"index":"index","follow":"follow","max-snippet":"max-snippet:-1","max-image-preview":"max-image-preview:large","max-video-preview":"max-video-preview:-1"},"canonical":"https:\/\/memurunsesi.net\/index.php\/2025\/04\/29\/ali-ulker-yonetim-kurulu-baskanligini-mehmet-tutuncuye-devretti\/","og_locale":"tr_TR","og_type":"article","og_title":"Ali \u00dclker y\u00f6netim kurulu ba\u015fkanl\u0131\u011f\u0131n\u0131 Mehmet T\u00fct\u00fcnc\u00fc'ye devretti - Memurun Sesi","og_description":"Y\u0131ld\u0131z Holding&#8217;de 2020 y\u0131l\u0131 \u015eubat ay\u0131ndan bu yana y\u00f6netim kurulu ba\u015fkanl\u0131\u011f\u0131n\u0131 y\u00fcr\u00fcten Ali \u00dclker, g\u00f6revini Y\u0131ld\u0131z Holding Ba\u015fkan Yard\u0131mc\u0131s\u0131 ve CEO&#8217;su Mehmet T\u00fct\u00fcnc\u00fc&#8217;ye devretti. Y\u0131ld\u0131z Holding Y\u00f6netim Kurulu, son toplant\u0131s\u0131nda y\u00f6netim kurulu ba\u015fkanl\u0131\u011f\u0131na Mehmet T\u00fct\u00fcnc\u00fc&#8217;y\u00fc atad\u0131. 2018 y\u0131l\u0131ndan bu yana holding b\u00fcnyesinde ba\u015fkan yard\u0131mc\u0131l\u0131\u011f\u0131 ve CEO&#8217;luk g\u00f6revlerini y\u00fcr\u00fcten Mehmet T\u00fct\u00fcnc\u00fc, 2020 y\u0131l\u0131ndan bu yana y\u00f6netim [&hellip;]","og_url":"https:\/\/memurunsesi.net\/index.php\/2025\/04\/29\/ali-ulker-yonetim-kurulu-baskanligini-mehmet-tutuncuye-devretti\/","og_site_name":"Memurun Sesi","article_publisher":"https:\/\/www.facebook.com\/unipersen\/?locale=tr_TR","article_published_time":"2025-04-29T02:50:42+00:00","og_image":[{"width":1600,"height":1228,"url":"https:\/\/memurunsesi.net\/wp-content\/uploads\/2025\/04\/AW443040_01.jpg","type":"image\/jpeg"}],"author":"Memurun Sesi Haber Merkezi","twitter_card":"summary_large_image","twitter_creator":"@unipersen","twitter_site":"@unipersen","twitter_misc":{"Yazan:":"Memurun Sesi Haber Merkezi"},"schema":{"@context":"https:\/\/schema.org","@graph":[{"@type":"Article","@id":"https:\/\/memurunsesi.net\/index.php\/2025\/04\/29\/ali-ulker-yonetim-kurulu-baskanligini-mehmet-tutuncuye-devretti\/#article","isPartOf":{"@id":"https:\/\/memurunsesi.net\/index.php\/2025\/04\/29\/ali-ulker-yonetim-kurulu-baskanligini-mehmet-tutuncuye-devretti\/"},"author":{"name":"Memurun Sesi Haber Merkezi","@id":"https:\/\/memurunsesi.net\/#\/schema\/person\/f21c2d73b89f6ee1d80b0a1803e38587"},"headline":"Ali \u00dclker y\u00f6netim kurulu ba\u015fkanl\u0131\u011f\u0131n\u0131 Mehmet T\u00fct\u00fcnc\u00fc&#8217;ye devretti","datePublished":"2025-04-29T02:50:42+00:00","mainEntityOfPage":{"@id":"https:\/\/memurunsesi.net\/index.php\/2025\/04\/29\/ali-ulker-yonetim-kurulu-baskanligini-mehmet-tutuncuye-devretti\/"},"wordCount":691,"commentCount":0,"publisher":{"@id":"https:\/\/memurunsesi.net\/#organization"},"image":{"@id":"https:\/\/memurunsesi.net\/index.php\/2025\/04\/29\/ali-ulker-yonetim-kurulu-baskanligini-mehmet-tutuncuye-devretti\/#primaryimage"},"thumbnailUrl":"https:\/\/memurunsesi.net\/wp-content\/uploads\/2025\/04\/AW443040_01.jpg","articleSection":["Ekonomi"],"inLanguage":"tr","potentialAction":[{"@type":"CommentAction","name":"Comment","target":["https:\/\/memurunsesi.net\/index.php\/2025\/04\/29\/ali-ulker-yonetim-kurulu-baskanligini-mehmet-tutuncuye-devretti\/#respond"]}]},{"@type":"WebPage","@id":"https:\/\/memurunsesi.net\/index.php\/2025\/04\/29\/ali-ulker-yonetim-kurulu-baskanligini-mehmet-tutuncuye-devretti\/","url":"https:\/\/memurunsesi.net\/index.php\/2025\/04\/29\/ali-ulker-yonetim-kurulu-baskanligini-mehmet-tutuncuye-devretti\/","name":"Ali \u00dclker y\u00f6netim kurulu ba\u015fkanl\u0131\u011f\u0131n\u0131 Mehmet T\u00fct\u00fcnc\u00fc'ye devretti - Memurun Sesi","isPartOf":{"@id":"https:\/\/memurunsesi.net\/#website"},"primaryImageOfPage":{"@id":"https:\/\/memurunsesi.net\/index.php\/2025\/04\/29\/ali-ulker-yonetim-kurulu-baskanligini-mehmet-tutuncuye-devretti\/#primaryimage"},"image":{"@id":"https:\/\/memurunsesi.net\/index.php\/2025\/04\/29\/ali-ulker-yonetim-kurulu-baskanligini-mehmet-tutuncuye-devretti\/#primaryimage"},"thumbnailUrl":"https:\/\/memurunsesi.net\/wp-content\/uploads\/2025\/04\/AW443040_01.jpg","datePublished":"2025-04-29T02:50:42+00:00","breadcrumb":{"@id":"https:\/\/memurunsesi.net\/index.php\/2025\/04\/29\/ali-ulker-yonetim-kurulu-baskanligini-mehmet-tutuncuye-devretti\/#breadcrumb"},"inLanguage":"tr","potentialAction":[{"@type":"ReadAction","target":["https:\/\/memurunsesi.net\/index.php\/2025\/04\/29\/ali-ulker-yonetim-kurulu-baskanligini-mehmet-tutuncuye-devretti\/"]}]},{"@type":"ImageObject","inLanguage":"tr","@id":"https:\/\/memurunsesi.net\/index.php\/2025\/04\/29\/ali-ulker-yonetim-kurulu-baskanligini-mehmet-tutuncuye-devretti\/#primaryimage","url":"https:\/\/memurunsesi.net\/wp-content\/uploads\/2025\/04\/AW443040_01.jpg","contentUrl":"https:\/\/memurunsesi.net\/wp-content\/uploads\/2025\/04\/AW443040_01.jpg","width":1600,"height":1228,"caption":"YILDIZ HOLD\u0130NG'DE 2020 YILI \u015eUBAT AYINDAN BU YANA Y\u00d6NET\u0130M KURULU BA\u015eKANLI\u011eINI Y\u00dcR\u00dcTEN AL\u0130 \u00dcLKER, G\u00d6REV\u0130N\u0130 YILDIZ HOLD\u0130NG BA\u015eKAN YARDIMCISI VE CEO'SU MEHMET T\u00dcT\u00dcNC\u00dc'YE DEVRETT\u0130. (\u0130HA\/\u0130STANBUL-\u0130HA) Y\u0131ld\u0131z Holding'de 2020 y\u0131l\u0131 \u015eubat ay\u0131ndan bu yana y\u00f6netim kurulu ba\u015fkanl\u0131\u011f\u0131n\u0131 y\u00fcr\u00fcten Ali \u00dclker, g\u00f6revini Y\u0131ld\u0131z Holding Ba\u015fkan Yard\u0131mc\u0131s\u0131 ve CEO'su Mehmet T\u00fct\u00fcnc\u00fc'ye devretti."},{"@type":"BreadcrumbList","@id":"https:\/\/memurunsesi.net\/index.php\/2025\/04\/29\/ali-ulker-yonetim-kurulu-baskanligini-mehmet-tutuncuye-devretti\/#breadcrumb","itemListElement":[{"@type":"ListItem","position":1,"name":"Anasayfa","item":"https:\/\/memurunsesi.net\/"},{"@type":"ListItem","position":2,"name":"Ali \u00dclker y\u00f6netim kurulu ba\u015fkanl\u0131\u011f\u0131n\u0131 Mehmet T\u00fct\u00fcnc\u00fc&#8217;ye devretti"}]},{"@type":"WebSite","@id":"https:\/\/memurunsesi.net\/#website","url":"https:\/\/memurunsesi.net\/","name":"Memurun Sesi","description":"G\u00fcncel ve Do\u011fru Haber","publisher":{"@id":"https:\/\/memurunsesi.net\/#organization"},"potentialAction":[{"@type":"SearchAction","target":{"@type":"EntryPoint","urlTemplate":"https:\/\/memurunsesi.net\/?s={search_term_string}"},"query-input":{"@type":"PropertyValueSpecification","valueRequired":true,"valueName":"search_term_string"}}],"inLanguage":"tr"},{"@type":"Organization","@id":"https:\/\/memurunsesi.net\/#organization","name":"Memurun Sesi","url":"https:\/\/memurunsesi.net\/","logo":{"@type":"ImageObject","inLanguage":"tr","@id":"https:\/\/memurunsesi.net\/#\/schema\/logo\/image\/","url":"https:\/\/memurunsesi.net\/wp-content\/uploads\/2025\/11\/cropped-MEMURUN-SESI.png","contentUrl":"https:\/\/memurunsesi.net\/wp-content\/uploads\/2025\/11\/cropped-MEMURUN-SESI.png","width":238,"height":57,"caption":"Memurun Sesi"},"image":{"@id":"https:\/\/memurunsesi.net\/#\/schema\/logo\/image\/"},"sameAs":["https:\/\/www.facebook.com\/unipersen\/?locale=tr_TR","https:\/\/x.com\/unipersen"]},{"@type":"Person","@id":"https:\/\/memurunsesi.net\/#\/schema\/person\/f21c2d73b89f6ee1d80b0a1803e38587","name":"Memurun Sesi Haber Merkezi","image":{"@type":"ImageObject","inLanguage":"tr","@id":"https:\/\/secure.gravatar.com\/avatar\/6cf0505f452ee753f485014986fab09a434671d2b919ee76fc541025c5876a70?s=96&d=mm&r=g","url":"https:\/\/secure.gravatar.com\/avatar\/6cf0505f452ee753f485014986fab09a434671d2b919ee76fc541025c5876a70?s=96&d=mm&r=g","contentUrl":"https:\/\/secure.gravatar.com\/avatar\/6cf0505f452ee753f485014986fab09a434671d2b919ee76fc541025c5876a70?s=96&d=mm&r=g","caption":"Memurun Sesi Haber Merkezi"},"sameAs":["https:\/\/memurunsesi.net"],"url":"https:\/\/memurunsesi.net\/index.php\/author\/uniper\/"}]}},"_links":{"self":[{"href":"https:\/\/memurunsesi.net\/index.php\/wp-json\/wp\/v2\/posts\/6189","targetHints":{"allow":["GET"]}}],"collection":[{"href":"https:\/\/memurunsesi.net\/index.php\/wp-json\/wp\/v2\/posts"}],"about":[{"href":"https:\/\/memurunsesi.net\/index.php\/wp-json\/wp\/v2\/types\/post"}],"author":[{"embeddable":true,"href":"https:\/\/memurunsesi.net\/index.php\/wp-json\/wp\/v2\/users\/1"}],"replies":[{"embeddable":true,"href":"https:\/\/memurunsesi.net\/index.php\/wp-json\/wp\/v2\/comments?post=6189"}],"version-history":[{"count":1,"href":"https:\/\/memurunsesi.net\/index.php\/wp-json\/wp\/v2\/posts\/6189\/revisions"}],"predecessor-version":[{"id":6191,"href":"https:\/\/memurunsesi.net\/index.php\/wp-json\/wp\/v2\/posts\/6189\/revisions\/6191"}],"wp:featuredmedia":[{"embeddable":true,"href":"https:\/\/memurunsesi.net\/index.php\/wp-json\/wp\/v2\/media\/6190"}],"wp:attachment":[{"href":"https:\/\/memurunsesi.net\/index.php\/wp-json\/wp\/v2\/media?parent=6189"}],"wp:term":[{"taxonomy":"category","embeddable":true,"href":"https:\/\/memurunsesi.net\/index.php\/wp-json\/wp\/v2\/categories?post=6189"},{"taxonomy":"post_tag","embeddable":true,"href":"https:\/\/memurunsesi.net\/index.php\/wp-json\/wp\/v2\/tags?post=6189"}],"curies":[{"name":"wp","href":"https:\/\/api.w.org\/{rel}","templated":true}]}}