{"id":6211,"date":"2025-04-29T20:49:19","date_gmt":"2025-04-29T17:49:19","guid":{"rendered":"https:\/\/memurunsesi.net\/?p=6211"},"modified":"2025-04-29T20:49:19","modified_gmt":"2025-04-29T17:49:19","slug":"italya-basbakani-meloni-turk-ve-italyan-sirketlerinin-dinamizm-ve-kapasitesine-guveniyoruz","status":"publish","type":"post","link":"https:\/\/memurunsesi.net\/index.php\/2025\/04\/29\/italya-basbakani-meloni-turk-ve-italyan-sirketlerinin-dinamizm-ve-kapasitesine-guveniyoruz\/","title":{"rendered":"\u0130talya Ba\u015fbakan\u0131 Meloni: &#8220;T\u00fcrk ve \u0130talyan \u015firketlerinin dinamizm ve kapasitesine g\u00fcveniyoruz&#8221;"},"content":{"rendered":"<p>   \u0130talya Ba\u015fbakan\u0131 Giorgia Meloni, \u0130talya-T\u00fcrkiye \u0130\u015f Forumu\u2019nda yapt\u0131\u011f\u0131 konu\u015fmada, &#8220;T\u00fcrk ve \u0130talyan \u015firketlerinin dinamizm ve kapasitesine g\u00fcveniyoruz&#8221; dedi.<br \/>\n  \u0130talya Ba\u015fbakan\u0131 Giorgia Meloni, Cumhurba\u015fkan\u0131 Recep Tayyip Erdo\u011fan ile birlikte kat\u0131ld\u0131\u011f\u0131 \u0130talya-T\u00fcrkiye \u0130\u015f Forumu\u2019nda i\u015f insanlar\u0131na hitap etti. Ba\u015fkent Roma\u2019daki Parco dei Principi Oteli&#8217;nde ger\u00e7ekle\u015ftirilen \u0130talya-T\u00fcrkiye \u0130\u015f Forumu\u2019nda bir araya gelen T\u00fcrkiye ve \u0130talya\u2019dan toplam 620 kadar \u015firketin temsilcilerine hitap eden Meloni, T\u00fcrkiye ile \u0130talya aras\u0131ndaki ekonomik ili\u015fkilerin m\u00fckemmel durumda oldu\u011funu di\u011fer yandan iki \u00fclke aras\u0131ndaki ili\u015fkilerin ekonominin \u00f6tesinde stratejik \u00f6neme sahip oldu\u011funu s\u00f6yledi. Meloni, &#8220;\u0130ki \u00fclke Akdeniz&#8217;de m\u00fcttefik konumunda. \u00dclkelerimiz birbirine \u00e7ok ba\u011fl\u0131 ve sanayilerimiz birbirini tamamlay\u0131c\u0131 \u00f6zellikte&#8221; dedi.<br \/>\n  T\u00fcrk ve \u0130talyan \u015firketlerinin bir\u00e7ok alanda ortak projelere imza att\u0131klar\u0131n\u0131 ve bunu ba\u015far\u0131l\u0131 altyap\u0131 projelerinde de g\u00f6rmenin m\u00fcmk\u00fcn oldu\u011funu vurgulayan Meloni, T\u00fcrkiye\u2019nin Avrupa\u2019da ticari anlamdaki varl\u0131\u011f\u0131n\u0131n g\u00fc\u00e7l\u00fc bir \u015fekilde s\u00fcrd\u00fcr\u00fclebilmesi i\u00e7in de elimizden gelen her \u015feyi yapmaya haz\u0131r olduklar\u0131n\u0131 s\u00f6yledi. <\/p>\n<p>  &#8220;Bu forum, birlikte \u00e7al\u0131\u015fman\u0131n ne kadar \u00f6nemli oldu\u011funu g\u00f6zler \u00f6n\u00fcne seriyor&#8221;<br \/>\n  T\u00fcrkiye ve \u0130talya h\u00fck\u00fcmetleri taraf\u0131ndan ortaya konan ticaret hacmi i\u00e7in yeni bir ortak hedef belirleyerek, bunu 40 milyar dolar seviyesine y\u00fckselttiklerini s\u00f6yleyen Meloni, &#8220;T\u00fcrk ve \u0130talyan \u015firketlerinin dinamizm ve kapasitesine g\u00fcveniyoruz&#8221; dedi.<br \/>\n  Meloni, &#8220;Bu forum, birlikte \u00e7al\u0131\u015fman\u0131n ne kadar \u00f6nemli oldu\u011funu g\u00f6zler \u00f6n\u00fcne seriyor. Ayn\u0131 zamanda yat\u0131r\u0131mlar\u0131n kolayla\u015ft\u0131r\u0131lmas\u0131 ve \u00f6n\u00fcn\u00fcn a\u00e7\u0131lmas\u0131n\u0131n \u00f6nemini ortaya koyuyor. Bu forum, \u0130talya&#8217;n\u0131n \u00f6zellikle daha verimli ve etkin bir \u015fekilde yat\u0131r\u0131m \u00e7ekmeye \u00e7al\u0131\u015ft\u0131\u011f\u0131 ve bu ama\u00e7la b\u00fcy\u00fck bir emek harcad\u0131\u011f\u0131n\u0131 g\u00f6steriyor. T\u00fcrk partnerimiz Avrupa ve Akdeniz\u2019de sanayi alan\u0131ndaki g\u00fc\u00e7lerini art\u0131rmak i\u00e7in b\u00fcy\u00fck emek harc\u0131yor ve kararl\u0131l\u0131kla hareket ediyor&#8221; dedi.<br \/>\n  Baykar\u2019\u0131n \u0130talyan \u015firketleriyle yapt\u0131\u011f\u0131 anla\u015fmalar\u0131 ve \u0130HA \u00fcretiminde stratejik ortakl\u0131klara imza att\u0131\u011f\u0131n\u0131 ifade eden Meloni, &#8220;Bu \u00f6zellikle Avrupa\u2019daki \u0130HA pazar\u0131m\u0131z\u0131n b\u00fcy\u00fcmesi i\u00e7in \u00f6nemli bir husus. \u0130talyan tesislerinin ve Made in \u0130taly markalar\u0131n\u0131n g\u00fc\u00e7lendirilmesi konusunda \u00f6zellikle bakanlar\u0131m\u0131za te\u015fekk\u00fcr ediyoruz. Bu ayn\u0131 zamanda istihdam a\u00e7\u0131s\u0131ndan da \u00f6nemli ve bu noktaya hassasiyet g\u00f6steriyoruz&#8221; \u015feklinde konu\u015ftu.<br \/>\n  T\u00fcrkiye\u2019nin Karadeniz\u2019deki do\u011fal gaz kaynaklar\u0131n\u0131n kullan\u0131m\u0131 ve Avrupa\u2019ya aktar\u0131m\u0131 konusunda da \u00e7al\u0131\u015fmalar\u0131 oldu\u011funu ifade eden Meloni, bu sahadaki i\u015fbirli\u011fini derinle\u015ftirmek istediklerini ifade etti.<br \/>\n  Turkcell ve Sparkle aras\u0131ndaki anla\u015fmay\u0131 da telekom\u00fcnikasyon a\u00e7\u0131s\u0131ndan \u00f6nemli buldu\u011funu vurgulayan Meloni, &#8220;Bu proje, \u00e7ok ileri teknolojiye sahip bir network kurmay\u0131 ve Orta Do\u011fu ve Asya\u2019y\u0131 Avrupa\u2019ya ba\u011flayan bir sistemin tesisini \u00f6ng\u00f6r\u00fcyor&#8221; dedi. <\/p>\n<p>  &#8220;Yapay zeka ve ekolojik d\u00f6n\u00fc\u015f\u00fcm konular\u0131nda da \u00e7al\u0131\u015f\u0131yoruz&#8221;<br \/>\n  Meloni, &#8220;Ayn\u0131 zamanda arkeolojik zenginliklerimizin ortaya \u00e7\u0131kar\u0131lmas\u0131 ve de\u011ferinin korunmas\u0131 a\u00e7\u0131s\u0131ndan da \u00e7al\u0131\u015fmalar yap\u0131yoruz. Bu a\u00e7\u0131dan yat\u0131r\u0131m \u00e7ekmek ve istihdam olu\u015fturma hedeflerimiz bulunuyor. Ekonomik ve ticari a\u00e7\u0131dan ili\u015fkilerimiz ger\u00e7ekten sa\u011flam ve gelece\u011fe de olduk\u00e7a g\u00fcvenle bak\u0131yoruz. Yapay zeka ve ekolojik d\u00f6n\u00fc\u015f\u00fcm konular\u0131nda da \u00e7al\u0131\u015f\u0131yoruz&#8221; dedi.<br \/>\n  Cumhurba\u015fkan\u0131 Erdo\u011fan ve heyetine kat\u0131l\u0131mlar\u0131 ve ziyaretleri i\u00e7in te\u015fekk\u00fcr eden Meloni, &#8220;Aram\u0131zdaki i\u015fbirli\u011fini daha da art\u0131rd\u0131klar\u0131 ve zenginle\u015ftirdikleri i\u00e7in kendilerine te\u015fekk\u00fcr ediyorum. Bu forumu yeni bir ba\u015flang\u0131\u00e7 olarak g\u00f6r\u00fcyorum&#8221; ifadelerini kulland\u0131. <\/p>\n<p>  T\u00fcrkiye ve \u0130talya\u2019dan \u00f6nde gelen \u015firketler bir araya geldi<br \/>\n  DE\u0130K\/T\u00fcrkiye-\u0130talya \u0130\u015f Konseyi ve ITA (\u0130talya Ticaret Ajans\u0131) i\u015f birli\u011finde tertiplenen forum kapsam\u0131nda savunma, havac\u0131l\u0131k ve siber g\u00fcvenlik gibi stratejik sanayi alanlar\u0131nda, s\u00fcrd\u00fcr\u00fclebilir enerji, d\u00f6ng\u00fcsel ekonomi, son teknoloji \u00fcretim ve markala\u015fma gibi konularda paneller d\u00fczenlendi ve T\u00fcrk ve \u0130talyan i\u015f insanlar\u0131 aras\u0131nda ba\u011flant\u0131lar olu\u015fturulmas\u0131 ve \u015firketler aras\u0131nda toplant\u0131lar ger\u00e7ekle\u015ftirildi.<br \/>\n  \u0130talya\u2019dan yakla\u015f\u0131k 345, T\u00fcrkiye\u2019den ise yakla\u015f\u0131k 275 \u015firketin temsilcilerinin kat\u0131ld\u0131\u011f\u0131 \u0130\u015f Forumu\u2019na T\u00fcrk i\u015f insanlar\u0131, \u0130talya\u2019dan Edison, Eni, Saipem, BH Nuovo Pignone, Tenaris, FSI, Alstom Italia, Mermec ve Webuild\u2019in de aralar\u0131nda bulundu\u011fu tan\u0131nm\u0131\u015f firmalar\u0131n temsilcileri ile bir araya geldi. <\/p>\n<p>29.04.2025                      <\/p>\n","protected":false},"excerpt":{"rendered":"<p>\u0130talya Ba\u015fbakan\u0131 Giorgia Meloni, \u0130talya-T\u00fcrkiye \u0130\u015f Forumu\u2019nda yapt\u0131\u011f\u0131 konu\u015fmada, &#8220;T\u00fcrk ve \u0130talyan \u015firketlerinin dinamizm ve kapasitesine g\u00fcveniyoruz&#8221; dedi. \u0130talya Ba\u015fbakan\u0131 Giorgia Meloni, Cumhurba\u015fkan\u0131 Recep Tayyip Erdo\u011fan ile birlikte kat\u0131ld\u0131\u011f\u0131 \u0130talya-T\u00fcrkiye \u0130\u015f Forumu\u2019nda i\u015f insanlar\u0131na hitap etti. Ba\u015fkent Roma\u2019daki Parco dei Principi Oteli&#8217;nde ger\u00e7ekle\u015ftirilen \u0130talya-T\u00fcrkiye \u0130\u015f Forumu\u2019nda bir araya gelen T\u00fcrkiye ve \u0130talya\u2019dan toplam 620 kadar [&hellip;]<\/p>\n","protected":false},"author":1,"featured_media":6212,"comment_status":"open","ping_status":"open","sticky":false,"template":"","format":"standard","meta":{"footnotes":""},"categories":[1],"tags":[],"class_list":["post-6211","post","type-post","status-publish","format-standard","has-post-thumbnail","hentry","category-genel"],"yoast_head":"<!-- This site is optimized with the Yoast SEO plugin v27.4 - https:\/\/yoast.com\/product\/yoast-seo-wordpress\/ -->\n<title>\u0130talya Ba\u015fbakan\u0131 Meloni: &quot;T\u00fcrk ve \u0130talyan \u015firketlerinin dinamizm ve kapasitesine g\u00fcveniyoruz&quot; - Memurun Sesi<\/title>\n<meta name=\"robots\" content=\"index, follow, max-snippet:-1, max-image-preview:large, max-video-preview:-1\" \/>\n<link rel=\"canonical\" href=\"https:\/\/memurunsesi.net\/index.php\/2025\/04\/29\/italya-basbakani-meloni-turk-ve-italyan-sirketlerinin-dinamizm-ve-kapasitesine-guveniyoruz\/\" \/>\n<meta property=\"og:locale\" content=\"tr_TR\" \/>\n<meta property=\"og:type\" content=\"article\" \/>\n<meta property=\"og:title\" content=\"\u0130talya Ba\u015fbakan\u0131 Meloni: &quot;T\u00fcrk ve \u0130talyan \u015firketlerinin dinamizm ve kapasitesine g\u00fcveniyoruz&quot; - Memurun Sesi\" \/>\n<meta property=\"og:description\" content=\"\u0130talya Ba\u015fbakan\u0131 Giorgia Meloni, \u0130talya-T\u00fcrkiye \u0130\u015f Forumu\u2019nda yapt\u0131\u011f\u0131 konu\u015fmada, &#8220;T\u00fcrk ve \u0130talyan \u015firketlerinin dinamizm ve kapasitesine g\u00fcveniyoruz&#8221; dedi. \u0130talya Ba\u015fbakan\u0131 Giorgia Meloni, Cumhurba\u015fkan\u0131 Recep Tayyip Erdo\u011fan ile birlikte kat\u0131ld\u0131\u011f\u0131 \u0130talya-T\u00fcrkiye \u0130\u015f Forumu\u2019nda i\u015f insanlar\u0131na hitap etti. Ba\u015fkent Roma\u2019daki Parco dei Principi Oteli&#8217;nde ger\u00e7ekle\u015ftirilen \u0130talya-T\u00fcrkiye \u0130\u015f Forumu\u2019nda bir araya gelen T\u00fcrkiye ve \u0130talya\u2019dan toplam 620 kadar [&hellip;]\" \/>\n<meta property=\"og:url\" content=\"https:\/\/memurunsesi.net\/index.php\/2025\/04\/29\/italya-basbakani-meloni-turk-ve-italyan-sirketlerinin-dinamizm-ve-kapasitesine-guveniyoruz\/\" \/>\n<meta property=\"og:site_name\" content=\"Memurun Sesi\" \/>\n<meta property=\"article:publisher\" content=\"https:\/\/www.facebook.com\/unipersen\/?locale=tr_TR\" \/>\n<meta property=\"article:published_time\" content=\"2025-04-29T17:49:19+00:00\" \/>\n<meta property=\"og:image\" content=\"https:\/\/memurunsesi.net\/wp-content\/uploads\/2025\/04\/AW443797_01-scaled.jpg\" \/>\n\t<meta property=\"og:image:width\" content=\"2560\" \/>\n\t<meta property=\"og:image:height\" content=\"1574\" \/>\n\t<meta property=\"og:image:type\" content=\"image\/jpeg\" \/>\n<meta name=\"author\" content=\"Memurun Sesi Haber Merkezi\" \/>\n<meta name=\"twitter:card\" content=\"summary_large_image\" \/>\n<meta name=\"twitter:creator\" content=\"@unipersen\" \/>\n<meta name=\"twitter:site\" content=\"@unipersen\" \/>\n<meta name=\"twitter:label1\" content=\"Yazan:\" \/>\n\t<meta name=\"twitter:data1\" content=\"Memurun Sesi Haber Merkezi\" \/>\n\t<meta name=\"twitter:label2\" content=\"Tahmini okuma s\u00fcresi\" \/>\n\t<meta name=\"twitter:data2\" content=\"1 dakika\" \/>\n<script type=\"application\/ld+json\" class=\"yoast-schema-graph\">{\"@context\":\"https:\\\/\\\/schema.org\",\"@graph\":[{\"@type\":\"Article\",\"@id\":\"https:\\\/\\\/memurunsesi.net\\\/index.php\\\/2025\\\/04\\\/29\\\/italya-basbakani-meloni-turk-ve-italyan-sirketlerinin-dinamizm-ve-kapasitesine-guveniyoruz\\\/#article\",\"isPartOf\":{\"@id\":\"https:\\\/\\\/memurunsesi.net\\\/index.php\\\/2025\\\/04\\\/29\\\/italya-basbakani-meloni-turk-ve-italyan-sirketlerinin-dinamizm-ve-kapasitesine-guveniyoruz\\\/\"},\"author\":{\"name\":\"Memurun Sesi Haber Merkezi\",\"@id\":\"https:\\\/\\\/memurunsesi.net\\\/#\\\/schema\\\/person\\\/f21c2d73b89f6ee1d80b0a1803e38587\"},\"headline\":\"\u0130talya Ba\u015fbakan\u0131 Meloni: &#8220;T\u00fcrk ve \u0130talyan \u015firketlerinin dinamizm ve kapasitesine g\u00fcveniyoruz&#8221;\",\"datePublished\":\"2025-04-29T17:49:19+00:00\",\"mainEntityOfPage\":{\"@id\":\"https:\\\/\\\/memurunsesi.net\\\/index.php\\\/2025\\\/04\\\/29\\\/italya-basbakani-meloni-turk-ve-italyan-sirketlerinin-dinamizm-ve-kapasitesine-guveniyoruz\\\/\"},\"wordCount\":781,\"commentCount\":0,\"publisher\":{\"@id\":\"https:\\\/\\\/memurunsesi.net\\\/#organization\"},\"image\":{\"@id\":\"https:\\\/\\\/memurunsesi.net\\\/index.php\\\/2025\\\/04\\\/29\\\/italya-basbakani-meloni-turk-ve-italyan-sirketlerinin-dinamizm-ve-kapasitesine-guveniyoruz\\\/#primaryimage\"},\"thumbnailUrl\":\"https:\\\/\\\/memurunsesi.net\\\/wp-content\\\/uploads\\\/2025\\\/04\\\/AW443797_01-scaled.jpg\",\"inLanguage\":\"tr\",\"potentialAction\":[{\"@type\":\"CommentAction\",\"name\":\"Comment\",\"target\":[\"https:\\\/\\\/memurunsesi.net\\\/index.php\\\/2025\\\/04\\\/29\\\/italya-basbakani-meloni-turk-ve-italyan-sirketlerinin-dinamizm-ve-kapasitesine-guveniyoruz\\\/#respond\"]}]},{\"@type\":\"WebPage\",\"@id\":\"https:\\\/\\\/memurunsesi.net\\\/index.php\\\/2025\\\/04\\\/29\\\/italya-basbakani-meloni-turk-ve-italyan-sirketlerinin-dinamizm-ve-kapasitesine-guveniyoruz\\\/\",\"url\":\"https:\\\/\\\/memurunsesi.net\\\/index.php\\\/2025\\\/04\\\/29\\\/italya-basbakani-meloni-turk-ve-italyan-sirketlerinin-dinamizm-ve-kapasitesine-guveniyoruz\\\/\",\"name\":\"\u0130talya Ba\u015fbakan\u0131 Meloni: \\\"T\u00fcrk ve \u0130talyan \u015firketlerinin dinamizm ve kapasitesine g\u00fcveniyoruz\\\" - Memurun Sesi\",\"isPartOf\":{\"@id\":\"https:\\\/\\\/memurunsesi.net\\\/#website\"},\"primaryImageOfPage\":{\"@id\":\"https:\\\/\\\/memurunsesi.net\\\/index.php\\\/2025\\\/04\\\/29\\\/italya-basbakani-meloni-turk-ve-italyan-sirketlerinin-dinamizm-ve-kapasitesine-guveniyoruz\\\/#primaryimage\"},\"image\":{\"@id\":\"https:\\\/\\\/memurunsesi.net\\\/index.php\\\/2025\\\/04\\\/29\\\/italya-basbakani-meloni-turk-ve-italyan-sirketlerinin-dinamizm-ve-kapasitesine-guveniyoruz\\\/#primaryimage\"},\"thumbnailUrl\":\"https:\\\/\\\/memurunsesi.net\\\/wp-content\\\/uploads\\\/2025\\\/04\\\/AW443797_01-scaled.jpg\",\"datePublished\":\"2025-04-29T17:49:19+00:00\",\"breadcrumb\":{\"@id\":\"https:\\\/\\\/memurunsesi.net\\\/index.php\\\/2025\\\/04\\\/29\\\/italya-basbakani-meloni-turk-ve-italyan-sirketlerinin-dinamizm-ve-kapasitesine-guveniyoruz\\\/#breadcrumb\"},\"inLanguage\":\"tr\",\"potentialAction\":[{\"@type\":\"ReadAction\",\"target\":[\"https:\\\/\\\/memurunsesi.net\\\/index.php\\\/2025\\\/04\\\/29\\\/italya-basbakani-meloni-turk-ve-italyan-sirketlerinin-dinamizm-ve-kapasitesine-guveniyoruz\\\/\"]}]},{\"@type\":\"ImageObject\",\"inLanguage\":\"tr\",\"@id\":\"https:\\\/\\\/memurunsesi.net\\\/index.php\\\/2025\\\/04\\\/29\\\/italya-basbakani-meloni-turk-ve-italyan-sirketlerinin-dinamizm-ve-kapasitesine-guveniyoruz\\\/#primaryimage\",\"url\":\"https:\\\/\\\/memurunsesi.net\\\/wp-content\\\/uploads\\\/2025\\\/04\\\/AW443797_01-scaled.jpg\",\"contentUrl\":\"https:\\\/\\\/memurunsesi.net\\\/wp-content\\\/uploads\\\/2025\\\/04\\\/AW443797_01-scaled.jpg\",\"width\":2560,\"height\":1574},{\"@type\":\"BreadcrumbList\",\"@id\":\"https:\\\/\\\/memurunsesi.net\\\/index.php\\\/2025\\\/04\\\/29\\\/italya-basbakani-meloni-turk-ve-italyan-sirketlerinin-dinamizm-ve-kapasitesine-guveniyoruz\\\/#breadcrumb\",\"itemListElement\":[{\"@type\":\"ListItem\",\"position\":1,\"name\":\"Anasayfa\",\"item\":\"https:\\\/\\\/memurunsesi.net\\\/\"},{\"@type\":\"ListItem\",\"position\":2,\"name\":\"\u0130talya Ba\u015fbakan\u0131 Meloni: &#8220;T\u00fcrk ve \u0130talyan \u015firketlerinin dinamizm ve kapasitesine g\u00fcveniyoruz&#8221;\"}]},{\"@type\":\"WebSite\",\"@id\":\"https:\\\/\\\/memurunsesi.net\\\/#website\",\"url\":\"https:\\\/\\\/memurunsesi.net\\\/\",\"name\":\"Memurun Sesi\",\"description\":\"G\u00fcncel ve Do\u011fru Haber\",\"publisher\":{\"@id\":\"https:\\\/\\\/memurunsesi.net\\\/#organization\"},\"potentialAction\":[{\"@type\":\"SearchAction\",\"target\":{\"@type\":\"EntryPoint\",\"urlTemplate\":\"https:\\\/\\\/memurunsesi.net\\\/?s={search_term_string}\"},\"query-input\":{\"@type\":\"PropertyValueSpecification\",\"valueRequired\":true,\"valueName\":\"search_term_string\"}}],\"inLanguage\":\"tr\"},{\"@type\":\"Organization\",\"@id\":\"https:\\\/\\\/memurunsesi.net\\\/#organization\",\"name\":\"Memurun Sesi\",\"url\":\"https:\\\/\\\/memurunsesi.net\\\/\",\"logo\":{\"@type\":\"ImageObject\",\"inLanguage\":\"tr\",\"@id\":\"https:\\\/\\\/memurunsesi.net\\\/#\\\/schema\\\/logo\\\/image\\\/\",\"url\":\"https:\\\/\\\/memurunsesi.net\\\/wp-content\\\/uploads\\\/2025\\\/11\\\/cropped-MEMURUN-SESI.png\",\"contentUrl\":\"https:\\\/\\\/memurunsesi.net\\\/wp-content\\\/uploads\\\/2025\\\/11\\\/cropped-MEMURUN-SESI.png\",\"width\":238,\"height\":57,\"caption\":\"Memurun Sesi\"},\"image\":{\"@id\":\"https:\\\/\\\/memurunsesi.net\\\/#\\\/schema\\\/logo\\\/image\\\/\"},\"sameAs\":[\"https:\\\/\\\/www.facebook.com\\\/unipersen\\\/?locale=tr_TR\",\"https:\\\/\\\/x.com\\\/unipersen\"]},{\"@type\":\"Person\",\"@id\":\"https:\\\/\\\/memurunsesi.net\\\/#\\\/schema\\\/person\\\/f21c2d73b89f6ee1d80b0a1803e38587\",\"name\":\"Memurun Sesi Haber Merkezi\",\"image\":{\"@type\":\"ImageObject\",\"inLanguage\":\"tr\",\"@id\":\"https:\\\/\\\/secure.gravatar.com\\\/avatar\\\/6cf0505f452ee753f485014986fab09a434671d2b919ee76fc541025c5876a70?s=96&d=mm&r=g\",\"url\":\"https:\\\/\\\/secure.gravatar.com\\\/avatar\\\/6cf0505f452ee753f485014986fab09a434671d2b919ee76fc541025c5876a70?s=96&d=mm&r=g\",\"contentUrl\":\"https:\\\/\\\/secure.gravatar.com\\\/avatar\\\/6cf0505f452ee753f485014986fab09a434671d2b919ee76fc541025c5876a70?s=96&d=mm&r=g\",\"caption\":\"Memurun Sesi Haber Merkezi\"},\"sameAs\":[\"https:\\\/\\\/memurunsesi.net\"],\"url\":\"https:\\\/\\\/memurunsesi.net\\\/index.php\\\/author\\\/uniper\\\/\"}]}<\/script>\n<!-- \/ Yoast SEO plugin. -->","yoast_head_json":{"title":"\u0130talya Ba\u015fbakan\u0131 Meloni: \"T\u00fcrk ve \u0130talyan \u015firketlerinin dinamizm ve kapasitesine g\u00fcveniyoruz\" - Memurun Sesi","robots":{"index":"index","follow":"follow","max-snippet":"max-snippet:-1","max-image-preview":"max-image-preview:large","max-video-preview":"max-video-preview:-1"},"canonical":"https:\/\/memurunsesi.net\/index.php\/2025\/04\/29\/italya-basbakani-meloni-turk-ve-italyan-sirketlerinin-dinamizm-ve-kapasitesine-guveniyoruz\/","og_locale":"tr_TR","og_type":"article","og_title":"\u0130talya Ba\u015fbakan\u0131 Meloni: \"T\u00fcrk ve \u0130talyan \u015firketlerinin dinamizm ve kapasitesine g\u00fcveniyoruz\" - Memurun Sesi","og_description":"\u0130talya Ba\u015fbakan\u0131 Giorgia Meloni, \u0130talya-T\u00fcrkiye \u0130\u015f Forumu\u2019nda yapt\u0131\u011f\u0131 konu\u015fmada, &#8220;T\u00fcrk ve \u0130talyan \u015firketlerinin dinamizm ve kapasitesine g\u00fcveniyoruz&#8221; dedi. \u0130talya Ba\u015fbakan\u0131 Giorgia Meloni, Cumhurba\u015fkan\u0131 Recep Tayyip Erdo\u011fan ile birlikte kat\u0131ld\u0131\u011f\u0131 \u0130talya-T\u00fcrkiye \u0130\u015f Forumu\u2019nda i\u015f insanlar\u0131na hitap etti. Ba\u015fkent Roma\u2019daki Parco dei Principi Oteli&#8217;nde ger\u00e7ekle\u015ftirilen \u0130talya-T\u00fcrkiye \u0130\u015f Forumu\u2019nda bir araya gelen T\u00fcrkiye ve \u0130talya\u2019dan toplam 620 kadar [&hellip;]","og_url":"https:\/\/memurunsesi.net\/index.php\/2025\/04\/29\/italya-basbakani-meloni-turk-ve-italyan-sirketlerinin-dinamizm-ve-kapasitesine-guveniyoruz\/","og_site_name":"Memurun Sesi","article_publisher":"https:\/\/www.facebook.com\/unipersen\/?locale=tr_TR","article_published_time":"2025-04-29T17:49:19+00:00","og_image":[{"width":2560,"height":1574,"url":"https:\/\/memurunsesi.net\/wp-content\/uploads\/2025\/04\/AW443797_01-scaled.jpg","type":"image\/jpeg"}],"author":"Memurun Sesi Haber Merkezi","twitter_card":"summary_large_image","twitter_creator":"@unipersen","twitter_site":"@unipersen","twitter_misc":{"Yazan:":"Memurun Sesi Haber Merkezi","Tahmini okuma s\u00fcresi":"1 dakika"},"schema":{"@context":"https:\/\/schema.org","@graph":[{"@type":"Article","@id":"https:\/\/memurunsesi.net\/index.php\/2025\/04\/29\/italya-basbakani-meloni-turk-ve-italyan-sirketlerinin-dinamizm-ve-kapasitesine-guveniyoruz\/#article","isPartOf":{"@id":"https:\/\/memurunsesi.net\/index.php\/2025\/04\/29\/italya-basbakani-meloni-turk-ve-italyan-sirketlerinin-dinamizm-ve-kapasitesine-guveniyoruz\/"},"author":{"name":"Memurun Sesi Haber Merkezi","@id":"https:\/\/memurunsesi.net\/#\/schema\/person\/f21c2d73b89f6ee1d80b0a1803e38587"},"headline":"\u0130talya Ba\u015fbakan\u0131 Meloni: &#8220;T\u00fcrk ve \u0130talyan \u015firketlerinin dinamizm ve kapasitesine g\u00fcveniyoruz&#8221;","datePublished":"2025-04-29T17:49:19+00:00","mainEntityOfPage":{"@id":"https:\/\/memurunsesi.net\/index.php\/2025\/04\/29\/italya-basbakani-meloni-turk-ve-italyan-sirketlerinin-dinamizm-ve-kapasitesine-guveniyoruz\/"},"wordCount":781,"commentCount":0,"publisher":{"@id":"https:\/\/memurunsesi.net\/#organization"},"image":{"@id":"https:\/\/memurunsesi.net\/index.php\/2025\/04\/29\/italya-basbakani-meloni-turk-ve-italyan-sirketlerinin-dinamizm-ve-kapasitesine-guveniyoruz\/#primaryimage"},"thumbnailUrl":"https:\/\/memurunsesi.net\/wp-content\/uploads\/2025\/04\/AW443797_01-scaled.jpg","inLanguage":"tr","potentialAction":[{"@type":"CommentAction","name":"Comment","target":["https:\/\/memurunsesi.net\/index.php\/2025\/04\/29\/italya-basbakani-meloni-turk-ve-italyan-sirketlerinin-dinamizm-ve-kapasitesine-guveniyoruz\/#respond"]}]},{"@type":"WebPage","@id":"https:\/\/memurunsesi.net\/index.php\/2025\/04\/29\/italya-basbakani-meloni-turk-ve-italyan-sirketlerinin-dinamizm-ve-kapasitesine-guveniyoruz\/","url":"https:\/\/memurunsesi.net\/index.php\/2025\/04\/29\/italya-basbakani-meloni-turk-ve-italyan-sirketlerinin-dinamizm-ve-kapasitesine-guveniyoruz\/","name":"\u0130talya Ba\u015fbakan\u0131 Meloni: \"T\u00fcrk ve \u0130talyan \u015firketlerinin dinamizm ve kapasitesine g\u00fcveniyoruz\" - Memurun Sesi","isPartOf":{"@id":"https:\/\/memurunsesi.net\/#website"},"primaryImageOfPage":{"@id":"https:\/\/memurunsesi.net\/index.php\/2025\/04\/29\/italya-basbakani-meloni-turk-ve-italyan-sirketlerinin-dinamizm-ve-kapasitesine-guveniyoruz\/#primaryimage"},"image":{"@id":"https:\/\/memurunsesi.net\/index.php\/2025\/04\/29\/italya-basbakani-meloni-turk-ve-italyan-sirketlerinin-dinamizm-ve-kapasitesine-guveniyoruz\/#primaryimage"},"thumbnailUrl":"https:\/\/memurunsesi.net\/wp-content\/uploads\/2025\/04\/AW443797_01-scaled.jpg","datePublished":"2025-04-29T17:49:19+00:00","breadcrumb":{"@id":"https:\/\/memurunsesi.net\/index.php\/2025\/04\/29\/italya-basbakani-meloni-turk-ve-italyan-sirketlerinin-dinamizm-ve-kapasitesine-guveniyoruz\/#breadcrumb"},"inLanguage":"tr","potentialAction":[{"@type":"ReadAction","target":["https:\/\/memurunsesi.net\/index.php\/2025\/04\/29\/italya-basbakani-meloni-turk-ve-italyan-sirketlerinin-dinamizm-ve-kapasitesine-guveniyoruz\/"]}]},{"@type":"ImageObject","inLanguage":"tr","@id":"https:\/\/memurunsesi.net\/index.php\/2025\/04\/29\/italya-basbakani-meloni-turk-ve-italyan-sirketlerinin-dinamizm-ve-kapasitesine-guveniyoruz\/#primaryimage","url":"https:\/\/memurunsesi.net\/wp-content\/uploads\/2025\/04\/AW443797_01-scaled.jpg","contentUrl":"https:\/\/memurunsesi.net\/wp-content\/uploads\/2025\/04\/AW443797_01-scaled.jpg","width":2560,"height":1574},{"@type":"BreadcrumbList","@id":"https:\/\/memurunsesi.net\/index.php\/2025\/04\/29\/italya-basbakani-meloni-turk-ve-italyan-sirketlerinin-dinamizm-ve-kapasitesine-guveniyoruz\/#breadcrumb","itemListElement":[{"@type":"ListItem","position":1,"name":"Anasayfa","item":"https:\/\/memurunsesi.net\/"},{"@type":"ListItem","position":2,"name":"\u0130talya Ba\u015fbakan\u0131 Meloni: &#8220;T\u00fcrk ve \u0130talyan \u015firketlerinin dinamizm ve kapasitesine g\u00fcveniyoruz&#8221;"}]},{"@type":"WebSite","@id":"https:\/\/memurunsesi.net\/#website","url":"https:\/\/memurunsesi.net\/","name":"Memurun Sesi","description":"G\u00fcncel ve Do\u011fru Haber","publisher":{"@id":"https:\/\/memurunsesi.net\/#organization"},"potentialAction":[{"@type":"SearchAction","target":{"@type":"EntryPoint","urlTemplate":"https:\/\/memurunsesi.net\/?s={search_term_string}"},"query-input":{"@type":"PropertyValueSpecification","valueRequired":true,"valueName":"search_term_string"}}],"inLanguage":"tr"},{"@type":"Organization","@id":"https:\/\/memurunsesi.net\/#organization","name":"Memurun Sesi","url":"https:\/\/memurunsesi.net\/","logo":{"@type":"ImageObject","inLanguage":"tr","@id":"https:\/\/memurunsesi.net\/#\/schema\/logo\/image\/","url":"https:\/\/memurunsesi.net\/wp-content\/uploads\/2025\/11\/cropped-MEMURUN-SESI.png","contentUrl":"https:\/\/memurunsesi.net\/wp-content\/uploads\/2025\/11\/cropped-MEMURUN-SESI.png","width":238,"height":57,"caption":"Memurun Sesi"},"image":{"@id":"https:\/\/memurunsesi.net\/#\/schema\/logo\/image\/"},"sameAs":["https:\/\/www.facebook.com\/unipersen\/?locale=tr_TR","https:\/\/x.com\/unipersen"]},{"@type":"Person","@id":"https:\/\/memurunsesi.net\/#\/schema\/person\/f21c2d73b89f6ee1d80b0a1803e38587","name":"Memurun Sesi Haber Merkezi","image":{"@type":"ImageObject","inLanguage":"tr","@id":"https:\/\/secure.gravatar.com\/avatar\/6cf0505f452ee753f485014986fab09a434671d2b919ee76fc541025c5876a70?s=96&d=mm&r=g","url":"https:\/\/secure.gravatar.com\/avatar\/6cf0505f452ee753f485014986fab09a434671d2b919ee76fc541025c5876a70?s=96&d=mm&r=g","contentUrl":"https:\/\/secure.gravatar.com\/avatar\/6cf0505f452ee753f485014986fab09a434671d2b919ee76fc541025c5876a70?s=96&d=mm&r=g","caption":"Memurun Sesi Haber Merkezi"},"sameAs":["https:\/\/memurunsesi.net"],"url":"https:\/\/memurunsesi.net\/index.php\/author\/uniper\/"}]}},"_links":{"self":[{"href":"https:\/\/memurunsesi.net\/index.php\/wp-json\/wp\/v2\/posts\/6211","targetHints":{"allow":["GET"]}}],"collection":[{"href":"https:\/\/memurunsesi.net\/index.php\/wp-json\/wp\/v2\/posts"}],"about":[{"href":"https:\/\/memurunsesi.net\/index.php\/wp-json\/wp\/v2\/types\/post"}],"author":[{"embeddable":true,"href":"https:\/\/memurunsesi.net\/index.php\/wp-json\/wp\/v2\/users\/1"}],"replies":[{"embeddable":true,"href":"https:\/\/memurunsesi.net\/index.php\/wp-json\/wp\/v2\/comments?post=6211"}],"version-history":[{"count":1,"href":"https:\/\/memurunsesi.net\/index.php\/wp-json\/wp\/v2\/posts\/6211\/revisions"}],"predecessor-version":[{"id":6213,"href":"https:\/\/memurunsesi.net\/index.php\/wp-json\/wp\/v2\/posts\/6211\/revisions\/6213"}],"wp:featuredmedia":[{"embeddable":true,"href":"https:\/\/memurunsesi.net\/index.php\/wp-json\/wp\/v2\/media\/6212"}],"wp:attachment":[{"href":"https:\/\/memurunsesi.net\/index.php\/wp-json\/wp\/v2\/media?parent=6211"}],"wp:term":[{"taxonomy":"category","embeddable":true,"href":"https:\/\/memurunsesi.net\/index.php\/wp-json\/wp\/v2\/categories?post=6211"},{"taxonomy":"post_tag","embeddable":true,"href":"https:\/\/memurunsesi.net\/index.php\/wp-json\/wp\/v2\/tags?post=6211"}],"curies":[{"name":"wp","href":"https:\/\/api.w.org\/{rel}","templated":true}]}}