{"id":6232,"date":"2025-04-29T21:01:59","date_gmt":"2025-04-29T18:01:59","guid":{"rendered":"https:\/\/memurunsesi.net\/?p=6232"},"modified":"2025-04-29T21:01:59","modified_gmt":"2025-04-29T18:01:59","slug":"yalovada-ciftcilere-375-bin-adet-sebze-fidesi-dagitildi","status":"publish","type":"post","link":"https:\/\/memurunsesi.net\/index.php\/2025\/04\/29\/yalovada-ciftcilere-375-bin-adet-sebze-fidesi-dagitildi\/","title":{"rendered":"Yalova\u2019da \u00e7ift\u00e7ilere 375 bin adet sebze fidesi da\u011f\u0131t\u0131ld\u0131"},"content":{"rendered":"<p>   Yalova\u2019da, 240 \u00e7ift\u00e7iye yakla\u015f\u0131k 300 dekar alanda \u00fcretilmesi i\u00e7in 115 bini biber ve 260 bini h\u0131yar olmak \u00fczere toplam 375 bin adet sebze fidesi da\u011f\u0131t\u0131ld\u0131.<br \/>\n  \u2018Tar\u0131m Arazilerinin Kullan\u0131m\u0131n\u0131n Etkinle\u015ftirilmesi (TAKE) Projesi\u2019 \u00e7er\u00e7evesinde ger\u00e7ekle\u015ftirilen fide da\u011f\u0131t\u0131m t\u00f6reni Yalova \u0130l Tar\u0131m ve Orman M\u00fcd\u00fcrl\u00fc\u011f\u00fc bah\u00e7esinde d\u00fczenlendi. T\u00f6rende konu\u015fan M\u00fcd\u00fcr Yard\u0131mc\u0131s\u0131 \u0130rfan Sakinci, &#8220;Projelerin toplam b\u00fct\u00e7esi 4 milyon 121 bin 250 lira olup bunun y\u00fczde 50&#8217;si bakanl\u0131\u011f\u0131m\u0131z, y\u00fczde 25&#8217;i Yalova \u0130l \u00d6zel \u0130daresi, y\u00fczde 25&#8217;i \u00fcreticiler taraf\u0131ndan kar\u015f\u0131lanm\u0131\u015ft\u0131r. K\u0131\u015fl\u0131k Sebze \u00dcretiminin Geli\u015ftirilmesi Projesi Bakanl\u0131\u011f\u0131m\u0131z taraf\u0131ndan onaylanm\u0131\u015f durumda. 2025 y\u0131l\u0131 sonbahar d\u00f6neminde ise uygulamas\u0131n\u0131 ger\u00e7ekle\u015ftirece\u011fiz. Bakanl\u0131\u011f\u0131m\u0131z ve \u0130l \u00d6zel idaremiz taraf\u0131ndan desteklenecek bu proje kapsam\u0131nda k\u0131v\u0131rc\u0131k, k\u0131\u015fl\u0131k lahana ve paz\u0131 olmak \u00fczere toplam 1 milyon 750 bin adet sebze fidesi da\u011f\u0131t\u0131m\u0131n\u0131 planlanmaktay\u0131z. 2021 y\u0131l\u0131ndan g\u00fcn\u00fcm\u00fcze Tar\u0131m Arazilerinin Etkinle\u015ftirilmesi Projesi \u00e7er\u00e7evesinde sebze projelerinden yakla\u015f\u0131k bin 500 \u00e7ift\u00e7imiz yararlanm\u0131\u015f, 15 milyon lira b\u00fct\u00e7e ile 10 milyon sebze fidesi ve yakla\u015f\u0131k 1 ton fasulye tohumu da\u011f\u0131t\u0131m\u0131 yap\u0131lm\u0131\u015f bu b\u00fct\u00e7enin yakla\u015f\u0131k 11 milyon liral\u0131k k\u0131sm\u0131 ise bakanl\u0131\u011f\u0131m\u0131z ve \u0130l \u00d6zel \u0130daremiz taraf\u0131ndan desteklenmi\u015ftir&#8221; dedi.<br \/>\n  Yalova \u0130l Genel Meclisi Ba\u015fkan\u0131 Hasan Soyg\u00fczel projelere ciddi \u00f6denekler sa\u011flayarak desteklediklerini anlatt\u0131.<br \/>\n  Vali H\u00fclya Kaya ise Yalova\u2019n\u0131n verimli topraklar\u0131n\u0131n bo\u015f kalmamas\u0131n\u0131n, \u00fcretim yap\u0131lmas\u0131n\u0131n ve \u00fcr\u00fcnlerin pazarlanmas\u0131n\u0131n \u00f6nem arz etti\u011fini belirterek, &#8220;Tar\u0131m ve Orman Bakanl\u0131\u011f\u0131m\u0131z\u0131n desteklemesiyle birlikte \u00e7ift\u00e7imizin eline yerli ve milli fide ula\u015f\u0131yor. Bakanl\u0131\u011f\u0131m\u0131z desteklese de biz de \u0130l \u00d6zel \u0130daresi olarak desteklerimizi s\u00fcrd\u00fcrmeye devam edece\u011fiz. Yeter ki \u00e7ift\u00e7imiz, \u00fcretmeye devam etsin. Devletimiz \u00fcretmek isteyen \u00e7ift\u00e7imizin yan\u0131nda oldu\u011funu hissettiriyor. \u00c7ift\u00e7ilerimizin de \u00e7ok ciddi bir emek sarf etti\u011finin fark\u0131nday\u0131m&#8221; diye konu\u015ftu<br \/>\n  Konu\u015fmalar\u0131n ard\u0131ndan g\u00fcn\u00fcn an\u0131s\u0131na foto\u011fraf \u00e7ektiren protokol mensuplar\u0131 \u00e7ift\u00e7ilere fideleri teslim ederek sohbet etti.<br \/>\n  Programa \u0130l \u00d6zel \u0130daresi Genel Sekreteri \u00dcmit Y\u0131lmaz, \u00c7iftlikk\u00f6y Belediye Ba\u015fkan\u0131 Adil Yele, Yalova Belediye Ba\u015fkan Yard\u0131mc\u0131s\u0131 Hatice \u00d6nc\u00fc Y\u00fcrekkorkutan, il genel meclisi \u00fcyeleri, kurum m\u00fcd\u00fcrleri, sivil toplum kurulu\u015flar\u0131n\u0131n ve siyasi partilerin temsilcileri ile \u00e7ift\u00e7iler kat\u0131ld\u0131. <\/p>\n<p>29.04.2025                            <\/p>\n","protected":false},"excerpt":{"rendered":"<p>Yalova\u2019da, 240 \u00e7ift\u00e7iye yakla\u015f\u0131k 300 dekar alanda \u00fcretilmesi i\u00e7in 115 bini biber ve 260 bini h\u0131yar olmak \u00fczere toplam 375 bin adet sebze fidesi da\u011f\u0131t\u0131ld\u0131. \u2018Tar\u0131m Arazilerinin Kullan\u0131m\u0131n\u0131n Etkinle\u015ftirilmesi (TAKE) Projesi\u2019 \u00e7er\u00e7evesinde ger\u00e7ekle\u015ftirilen fide da\u011f\u0131t\u0131m t\u00f6reni Yalova \u0130l Tar\u0131m ve Orman M\u00fcd\u00fcrl\u00fc\u011f\u00fc bah\u00e7esinde d\u00fczenlendi. T\u00f6rende konu\u015fan M\u00fcd\u00fcr Yard\u0131mc\u0131s\u0131 \u0130rfan Sakinci, &#8220;Projelerin toplam b\u00fct\u00e7esi 4 milyon [&hellip;]<\/p>\n","protected":false},"author":1,"featured_media":6233,"comment_status":"open","ping_status":"open","sticky":false,"template":"","format":"standard","meta":{"footnotes":""},"categories":[48],"tags":[],"class_list":["post-6232","post","type-post","status-publish","format-standard","has-post-thumbnail","hentry","category-ekonomi"],"yoast_head":"<!-- This site is optimized with the Yoast SEO plugin v27.4 - https:\/\/yoast.com\/product\/yoast-seo-wordpress\/ -->\n<title>Yalova\u2019da \u00e7ift\u00e7ilere 375 bin adet sebze fidesi da\u011f\u0131t\u0131ld\u0131 - Memurun Sesi<\/title>\n<meta name=\"robots\" content=\"index, follow, max-snippet:-1, max-image-preview:large, max-video-preview:-1\" \/>\n<link rel=\"canonical\" href=\"https:\/\/memurunsesi.net\/index.php\/2025\/04\/29\/yalovada-ciftcilere-375-bin-adet-sebze-fidesi-dagitildi\/\" \/>\n<meta property=\"og:locale\" content=\"tr_TR\" \/>\n<meta property=\"og:type\" content=\"article\" \/>\n<meta property=\"og:title\" content=\"Yalova\u2019da \u00e7ift\u00e7ilere 375 bin adet sebze fidesi da\u011f\u0131t\u0131ld\u0131 - Memurun Sesi\" \/>\n<meta property=\"og:description\" content=\"Yalova\u2019da, 240 \u00e7ift\u00e7iye yakla\u015f\u0131k 300 dekar alanda \u00fcretilmesi i\u00e7in 115 bini biber ve 260 bini h\u0131yar olmak \u00fczere toplam 375 bin adet sebze fidesi da\u011f\u0131t\u0131ld\u0131. \u2018Tar\u0131m Arazilerinin Kullan\u0131m\u0131n\u0131n Etkinle\u015ftirilmesi (TAKE) Projesi\u2019 \u00e7er\u00e7evesinde ger\u00e7ekle\u015ftirilen fide da\u011f\u0131t\u0131m t\u00f6reni Yalova \u0130l Tar\u0131m ve Orman M\u00fcd\u00fcrl\u00fc\u011f\u00fc bah\u00e7esinde d\u00fczenlendi. T\u00f6rende konu\u015fan M\u00fcd\u00fcr Yard\u0131mc\u0131s\u0131 \u0130rfan Sakinci, &#8220;Projelerin toplam b\u00fct\u00e7esi 4 milyon [&hellip;]\" \/>\n<meta property=\"og:url\" content=\"https:\/\/memurunsesi.net\/index.php\/2025\/04\/29\/yalovada-ciftcilere-375-bin-adet-sebze-fidesi-dagitildi\/\" \/>\n<meta property=\"og:site_name\" content=\"Memurun Sesi\" \/>\n<meta property=\"article:publisher\" content=\"https:\/\/www.facebook.com\/unipersen\/?locale=tr_TR\" \/>\n<meta property=\"article:published_time\" content=\"2025-04-29T18:01:59+00:00\" \/>\n<meta property=\"og:image\" content=\"https:\/\/memurunsesi.net\/wp-content\/uploads\/2025\/04\/AW443757_01.jpg\" \/>\n\t<meta property=\"og:image:width\" content=\"1600\" \/>\n\t<meta property=\"og:image:height\" content=\"1064\" \/>\n\t<meta property=\"og:image:type\" content=\"image\/jpeg\" \/>\n<meta name=\"author\" content=\"Memurun Sesi Haber Merkezi\" \/>\n<meta name=\"twitter:card\" content=\"summary_large_image\" \/>\n<meta name=\"twitter:creator\" content=\"@unipersen\" \/>\n<meta name=\"twitter:site\" content=\"@unipersen\" \/>\n<meta name=\"twitter:label1\" content=\"Yazan:\" \/>\n\t<meta name=\"twitter:data1\" content=\"Memurun Sesi Haber Merkezi\" \/>\n\t<meta name=\"twitter:label2\" content=\"Tahmini okuma s\u00fcresi\" \/>\n\t<meta name=\"twitter:data2\" content=\"1 dakika\" \/>\n<script type=\"application\/ld+json\" class=\"yoast-schema-graph\">{\"@context\":\"https:\\\/\\\/schema.org\",\"@graph\":[{\"@type\":\"Article\",\"@id\":\"https:\\\/\\\/memurunsesi.net\\\/index.php\\\/2025\\\/04\\\/29\\\/yalovada-ciftcilere-375-bin-adet-sebze-fidesi-dagitildi\\\/#article\",\"isPartOf\":{\"@id\":\"https:\\\/\\\/memurunsesi.net\\\/index.php\\\/2025\\\/04\\\/29\\\/yalovada-ciftcilere-375-bin-adet-sebze-fidesi-dagitildi\\\/\"},\"author\":{\"name\":\"Memurun Sesi Haber Merkezi\",\"@id\":\"https:\\\/\\\/memurunsesi.net\\\/#\\\/schema\\\/person\\\/f21c2d73b89f6ee1d80b0a1803e38587\"},\"headline\":\"Yalova\u2019da \u00e7ift\u00e7ilere 375 bin adet sebze fidesi da\u011f\u0131t\u0131ld\u0131\",\"datePublished\":\"2025-04-29T18:01:59+00:00\",\"mainEntityOfPage\":{\"@id\":\"https:\\\/\\\/memurunsesi.net\\\/index.php\\\/2025\\\/04\\\/29\\\/yalovada-ciftcilere-375-bin-adet-sebze-fidesi-dagitildi\\\/\"},\"wordCount\":441,\"commentCount\":0,\"publisher\":{\"@id\":\"https:\\\/\\\/memurunsesi.net\\\/#organization\"},\"image\":{\"@id\":\"https:\\\/\\\/memurunsesi.net\\\/index.php\\\/2025\\\/04\\\/29\\\/yalovada-ciftcilere-375-bin-adet-sebze-fidesi-dagitildi\\\/#primaryimage\"},\"thumbnailUrl\":\"https:\\\/\\\/memurunsesi.net\\\/wp-content\\\/uploads\\\/2025\\\/04\\\/AW443757_01.jpg\",\"articleSection\":[\"Ekonomi\"],\"inLanguage\":\"tr\",\"potentialAction\":[{\"@type\":\"CommentAction\",\"name\":\"Comment\",\"target\":[\"https:\\\/\\\/memurunsesi.net\\\/index.php\\\/2025\\\/04\\\/29\\\/yalovada-ciftcilere-375-bin-adet-sebze-fidesi-dagitildi\\\/#respond\"]}]},{\"@type\":\"WebPage\",\"@id\":\"https:\\\/\\\/memurunsesi.net\\\/index.php\\\/2025\\\/04\\\/29\\\/yalovada-ciftcilere-375-bin-adet-sebze-fidesi-dagitildi\\\/\",\"url\":\"https:\\\/\\\/memurunsesi.net\\\/index.php\\\/2025\\\/04\\\/29\\\/yalovada-ciftcilere-375-bin-adet-sebze-fidesi-dagitildi\\\/\",\"name\":\"Yalova\u2019da \u00e7ift\u00e7ilere 375 bin adet sebze fidesi da\u011f\u0131t\u0131ld\u0131 - Memurun Sesi\",\"isPartOf\":{\"@id\":\"https:\\\/\\\/memurunsesi.net\\\/#website\"},\"primaryImageOfPage\":{\"@id\":\"https:\\\/\\\/memurunsesi.net\\\/index.php\\\/2025\\\/04\\\/29\\\/yalovada-ciftcilere-375-bin-adet-sebze-fidesi-dagitildi\\\/#primaryimage\"},\"image\":{\"@id\":\"https:\\\/\\\/memurunsesi.net\\\/index.php\\\/2025\\\/04\\\/29\\\/yalovada-ciftcilere-375-bin-adet-sebze-fidesi-dagitildi\\\/#primaryimage\"},\"thumbnailUrl\":\"https:\\\/\\\/memurunsesi.net\\\/wp-content\\\/uploads\\\/2025\\\/04\\\/AW443757_01.jpg\",\"datePublished\":\"2025-04-29T18:01:59+00:00\",\"breadcrumb\":{\"@id\":\"https:\\\/\\\/memurunsesi.net\\\/index.php\\\/2025\\\/04\\\/29\\\/yalovada-ciftcilere-375-bin-adet-sebze-fidesi-dagitildi\\\/#breadcrumb\"},\"inLanguage\":\"tr\",\"potentialAction\":[{\"@type\":\"ReadAction\",\"target\":[\"https:\\\/\\\/memurunsesi.net\\\/index.php\\\/2025\\\/04\\\/29\\\/yalovada-ciftcilere-375-bin-adet-sebze-fidesi-dagitildi\\\/\"]}]},{\"@type\":\"ImageObject\",\"inLanguage\":\"tr\",\"@id\":\"https:\\\/\\\/memurunsesi.net\\\/index.php\\\/2025\\\/04\\\/29\\\/yalovada-ciftcilere-375-bin-adet-sebze-fidesi-dagitildi\\\/#primaryimage\",\"url\":\"https:\\\/\\\/memurunsesi.net\\\/wp-content\\\/uploads\\\/2025\\\/04\\\/AW443757_01.jpg\",\"contentUrl\":\"https:\\\/\\\/memurunsesi.net\\\/wp-content\\\/uploads\\\/2025\\\/04\\\/AW443757_01.jpg\",\"width\":1600,\"height\":1064},{\"@type\":\"BreadcrumbList\",\"@id\":\"https:\\\/\\\/memurunsesi.net\\\/index.php\\\/2025\\\/04\\\/29\\\/yalovada-ciftcilere-375-bin-adet-sebze-fidesi-dagitildi\\\/#breadcrumb\",\"itemListElement\":[{\"@type\":\"ListItem\",\"position\":1,\"name\":\"Anasayfa\",\"item\":\"https:\\\/\\\/memurunsesi.net\\\/\"},{\"@type\":\"ListItem\",\"position\":2,\"name\":\"Yalova\u2019da \u00e7ift\u00e7ilere 375 bin adet sebze fidesi da\u011f\u0131t\u0131ld\u0131\"}]},{\"@type\":\"WebSite\",\"@id\":\"https:\\\/\\\/memurunsesi.net\\\/#website\",\"url\":\"https:\\\/\\\/memurunsesi.net\\\/\",\"name\":\"Memurun Sesi\",\"description\":\"G\u00fcncel ve Do\u011fru Haber\",\"publisher\":{\"@id\":\"https:\\\/\\\/memurunsesi.net\\\/#organization\"},\"potentialAction\":[{\"@type\":\"SearchAction\",\"target\":{\"@type\":\"EntryPoint\",\"urlTemplate\":\"https:\\\/\\\/memurunsesi.net\\\/?s={search_term_string}\"},\"query-input\":{\"@type\":\"PropertyValueSpecification\",\"valueRequired\":true,\"valueName\":\"search_term_string\"}}],\"inLanguage\":\"tr\"},{\"@type\":\"Organization\",\"@id\":\"https:\\\/\\\/memurunsesi.net\\\/#organization\",\"name\":\"Memurun Sesi\",\"url\":\"https:\\\/\\\/memurunsesi.net\\\/\",\"logo\":{\"@type\":\"ImageObject\",\"inLanguage\":\"tr\",\"@id\":\"https:\\\/\\\/memurunsesi.net\\\/#\\\/schema\\\/logo\\\/image\\\/\",\"url\":\"https:\\\/\\\/memurunsesi.net\\\/wp-content\\\/uploads\\\/2025\\\/11\\\/cropped-MEMURUN-SESI.png\",\"contentUrl\":\"https:\\\/\\\/memurunsesi.net\\\/wp-content\\\/uploads\\\/2025\\\/11\\\/cropped-MEMURUN-SESI.png\",\"width\":238,\"height\":57,\"caption\":\"Memurun Sesi\"},\"image\":{\"@id\":\"https:\\\/\\\/memurunsesi.net\\\/#\\\/schema\\\/logo\\\/image\\\/\"},\"sameAs\":[\"https:\\\/\\\/www.facebook.com\\\/unipersen\\\/?locale=tr_TR\",\"https:\\\/\\\/x.com\\\/unipersen\"]},{\"@type\":\"Person\",\"@id\":\"https:\\\/\\\/memurunsesi.net\\\/#\\\/schema\\\/person\\\/f21c2d73b89f6ee1d80b0a1803e38587\",\"name\":\"Memurun Sesi Haber Merkezi\",\"image\":{\"@type\":\"ImageObject\",\"inLanguage\":\"tr\",\"@id\":\"https:\\\/\\\/secure.gravatar.com\\\/avatar\\\/6cf0505f452ee753f485014986fab09a434671d2b919ee76fc541025c5876a70?s=96&d=mm&r=g\",\"url\":\"https:\\\/\\\/secure.gravatar.com\\\/avatar\\\/6cf0505f452ee753f485014986fab09a434671d2b919ee76fc541025c5876a70?s=96&d=mm&r=g\",\"contentUrl\":\"https:\\\/\\\/secure.gravatar.com\\\/avatar\\\/6cf0505f452ee753f485014986fab09a434671d2b919ee76fc541025c5876a70?s=96&d=mm&r=g\",\"caption\":\"Memurun Sesi Haber Merkezi\"},\"sameAs\":[\"https:\\\/\\\/memurunsesi.net\"],\"url\":\"https:\\\/\\\/memurunsesi.net\\\/index.php\\\/author\\\/uniper\\\/\"}]}<\/script>\n<!-- \/ Yoast SEO plugin. -->","yoast_head_json":{"title":"Yalova\u2019da \u00e7ift\u00e7ilere 375 bin adet sebze fidesi da\u011f\u0131t\u0131ld\u0131 - Memurun Sesi","robots":{"index":"index","follow":"follow","max-snippet":"max-snippet:-1","max-image-preview":"max-image-preview:large","max-video-preview":"max-video-preview:-1"},"canonical":"https:\/\/memurunsesi.net\/index.php\/2025\/04\/29\/yalovada-ciftcilere-375-bin-adet-sebze-fidesi-dagitildi\/","og_locale":"tr_TR","og_type":"article","og_title":"Yalova\u2019da \u00e7ift\u00e7ilere 375 bin adet sebze fidesi da\u011f\u0131t\u0131ld\u0131 - Memurun Sesi","og_description":"Yalova\u2019da, 240 \u00e7ift\u00e7iye yakla\u015f\u0131k 300 dekar alanda \u00fcretilmesi i\u00e7in 115 bini biber ve 260 bini h\u0131yar olmak \u00fczere toplam 375 bin adet sebze fidesi da\u011f\u0131t\u0131ld\u0131. \u2018Tar\u0131m Arazilerinin Kullan\u0131m\u0131n\u0131n Etkinle\u015ftirilmesi (TAKE) Projesi\u2019 \u00e7er\u00e7evesinde ger\u00e7ekle\u015ftirilen fide da\u011f\u0131t\u0131m t\u00f6reni Yalova \u0130l Tar\u0131m ve Orman M\u00fcd\u00fcrl\u00fc\u011f\u00fc bah\u00e7esinde d\u00fczenlendi. T\u00f6rende konu\u015fan M\u00fcd\u00fcr Yard\u0131mc\u0131s\u0131 \u0130rfan Sakinci, &#8220;Projelerin toplam b\u00fct\u00e7esi 4 milyon [&hellip;]","og_url":"https:\/\/memurunsesi.net\/index.php\/2025\/04\/29\/yalovada-ciftcilere-375-bin-adet-sebze-fidesi-dagitildi\/","og_site_name":"Memurun Sesi","article_publisher":"https:\/\/www.facebook.com\/unipersen\/?locale=tr_TR","article_published_time":"2025-04-29T18:01:59+00:00","og_image":[{"width":1600,"height":1064,"url":"https:\/\/memurunsesi.net\/wp-content\/uploads\/2025\/04\/AW443757_01.jpg","type":"image\/jpeg"}],"author":"Memurun Sesi Haber Merkezi","twitter_card":"summary_large_image","twitter_creator":"@unipersen","twitter_site":"@unipersen","twitter_misc":{"Yazan:":"Memurun Sesi Haber Merkezi","Tahmini okuma s\u00fcresi":"1 dakika"},"schema":{"@context":"https:\/\/schema.org","@graph":[{"@type":"Article","@id":"https:\/\/memurunsesi.net\/index.php\/2025\/04\/29\/yalovada-ciftcilere-375-bin-adet-sebze-fidesi-dagitildi\/#article","isPartOf":{"@id":"https:\/\/memurunsesi.net\/index.php\/2025\/04\/29\/yalovada-ciftcilere-375-bin-adet-sebze-fidesi-dagitildi\/"},"author":{"name":"Memurun Sesi Haber Merkezi","@id":"https:\/\/memurunsesi.net\/#\/schema\/person\/f21c2d73b89f6ee1d80b0a1803e38587"},"headline":"Yalova\u2019da \u00e7ift\u00e7ilere 375 bin adet sebze fidesi da\u011f\u0131t\u0131ld\u0131","datePublished":"2025-04-29T18:01:59+00:00","mainEntityOfPage":{"@id":"https:\/\/memurunsesi.net\/index.php\/2025\/04\/29\/yalovada-ciftcilere-375-bin-adet-sebze-fidesi-dagitildi\/"},"wordCount":441,"commentCount":0,"publisher":{"@id":"https:\/\/memurunsesi.net\/#organization"},"image":{"@id":"https:\/\/memurunsesi.net\/index.php\/2025\/04\/29\/yalovada-ciftcilere-375-bin-adet-sebze-fidesi-dagitildi\/#primaryimage"},"thumbnailUrl":"https:\/\/memurunsesi.net\/wp-content\/uploads\/2025\/04\/AW443757_01.jpg","articleSection":["Ekonomi"],"inLanguage":"tr","potentialAction":[{"@type":"CommentAction","name":"Comment","target":["https:\/\/memurunsesi.net\/index.php\/2025\/04\/29\/yalovada-ciftcilere-375-bin-adet-sebze-fidesi-dagitildi\/#respond"]}]},{"@type":"WebPage","@id":"https:\/\/memurunsesi.net\/index.php\/2025\/04\/29\/yalovada-ciftcilere-375-bin-adet-sebze-fidesi-dagitildi\/","url":"https:\/\/memurunsesi.net\/index.php\/2025\/04\/29\/yalovada-ciftcilere-375-bin-adet-sebze-fidesi-dagitildi\/","name":"Yalova\u2019da \u00e7ift\u00e7ilere 375 bin adet sebze fidesi da\u011f\u0131t\u0131ld\u0131 - Memurun Sesi","isPartOf":{"@id":"https:\/\/memurunsesi.net\/#website"},"primaryImageOfPage":{"@id":"https:\/\/memurunsesi.net\/index.php\/2025\/04\/29\/yalovada-ciftcilere-375-bin-adet-sebze-fidesi-dagitildi\/#primaryimage"},"image":{"@id":"https:\/\/memurunsesi.net\/index.php\/2025\/04\/29\/yalovada-ciftcilere-375-bin-adet-sebze-fidesi-dagitildi\/#primaryimage"},"thumbnailUrl":"https:\/\/memurunsesi.net\/wp-content\/uploads\/2025\/04\/AW443757_01.jpg","datePublished":"2025-04-29T18:01:59+00:00","breadcrumb":{"@id":"https:\/\/memurunsesi.net\/index.php\/2025\/04\/29\/yalovada-ciftcilere-375-bin-adet-sebze-fidesi-dagitildi\/#breadcrumb"},"inLanguage":"tr","potentialAction":[{"@type":"ReadAction","target":["https:\/\/memurunsesi.net\/index.php\/2025\/04\/29\/yalovada-ciftcilere-375-bin-adet-sebze-fidesi-dagitildi\/"]}]},{"@type":"ImageObject","inLanguage":"tr","@id":"https:\/\/memurunsesi.net\/index.php\/2025\/04\/29\/yalovada-ciftcilere-375-bin-adet-sebze-fidesi-dagitildi\/#primaryimage","url":"https:\/\/memurunsesi.net\/wp-content\/uploads\/2025\/04\/AW443757_01.jpg","contentUrl":"https:\/\/memurunsesi.net\/wp-content\/uploads\/2025\/04\/AW443757_01.jpg","width":1600,"height":1064},{"@type":"BreadcrumbList","@id":"https:\/\/memurunsesi.net\/index.php\/2025\/04\/29\/yalovada-ciftcilere-375-bin-adet-sebze-fidesi-dagitildi\/#breadcrumb","itemListElement":[{"@type":"ListItem","position":1,"name":"Anasayfa","item":"https:\/\/memurunsesi.net\/"},{"@type":"ListItem","position":2,"name":"Yalova\u2019da \u00e7ift\u00e7ilere 375 bin adet sebze fidesi da\u011f\u0131t\u0131ld\u0131"}]},{"@type":"WebSite","@id":"https:\/\/memurunsesi.net\/#website","url":"https:\/\/memurunsesi.net\/","name":"Memurun Sesi","description":"G\u00fcncel ve Do\u011fru Haber","publisher":{"@id":"https:\/\/memurunsesi.net\/#organization"},"potentialAction":[{"@type":"SearchAction","target":{"@type":"EntryPoint","urlTemplate":"https:\/\/memurunsesi.net\/?s={search_term_string}"},"query-input":{"@type":"PropertyValueSpecification","valueRequired":true,"valueName":"search_term_string"}}],"inLanguage":"tr"},{"@type":"Organization","@id":"https:\/\/memurunsesi.net\/#organization","name":"Memurun Sesi","url":"https:\/\/memurunsesi.net\/","logo":{"@type":"ImageObject","inLanguage":"tr","@id":"https:\/\/memurunsesi.net\/#\/schema\/logo\/image\/","url":"https:\/\/memurunsesi.net\/wp-content\/uploads\/2025\/11\/cropped-MEMURUN-SESI.png","contentUrl":"https:\/\/memurunsesi.net\/wp-content\/uploads\/2025\/11\/cropped-MEMURUN-SESI.png","width":238,"height":57,"caption":"Memurun Sesi"},"image":{"@id":"https:\/\/memurunsesi.net\/#\/schema\/logo\/image\/"},"sameAs":["https:\/\/www.facebook.com\/unipersen\/?locale=tr_TR","https:\/\/x.com\/unipersen"]},{"@type":"Person","@id":"https:\/\/memurunsesi.net\/#\/schema\/person\/f21c2d73b89f6ee1d80b0a1803e38587","name":"Memurun Sesi Haber Merkezi","image":{"@type":"ImageObject","inLanguage":"tr","@id":"https:\/\/secure.gravatar.com\/avatar\/6cf0505f452ee753f485014986fab09a434671d2b919ee76fc541025c5876a70?s=96&d=mm&r=g","url":"https:\/\/secure.gravatar.com\/avatar\/6cf0505f452ee753f485014986fab09a434671d2b919ee76fc541025c5876a70?s=96&d=mm&r=g","contentUrl":"https:\/\/secure.gravatar.com\/avatar\/6cf0505f452ee753f485014986fab09a434671d2b919ee76fc541025c5876a70?s=96&d=mm&r=g","caption":"Memurun Sesi Haber Merkezi"},"sameAs":["https:\/\/memurunsesi.net"],"url":"https:\/\/memurunsesi.net\/index.php\/author\/uniper\/"}]}},"_links":{"self":[{"href":"https:\/\/memurunsesi.net\/index.php\/wp-json\/wp\/v2\/posts\/6232","targetHints":{"allow":["GET"]}}],"collection":[{"href":"https:\/\/memurunsesi.net\/index.php\/wp-json\/wp\/v2\/posts"}],"about":[{"href":"https:\/\/memurunsesi.net\/index.php\/wp-json\/wp\/v2\/types\/post"}],"author":[{"embeddable":true,"href":"https:\/\/memurunsesi.net\/index.php\/wp-json\/wp\/v2\/users\/1"}],"replies":[{"embeddable":true,"href":"https:\/\/memurunsesi.net\/index.php\/wp-json\/wp\/v2\/comments?post=6232"}],"version-history":[{"count":1,"href":"https:\/\/memurunsesi.net\/index.php\/wp-json\/wp\/v2\/posts\/6232\/revisions"}],"predecessor-version":[{"id":6234,"href":"https:\/\/memurunsesi.net\/index.php\/wp-json\/wp\/v2\/posts\/6232\/revisions\/6234"}],"wp:featuredmedia":[{"embeddable":true,"href":"https:\/\/memurunsesi.net\/index.php\/wp-json\/wp\/v2\/media\/6233"}],"wp:attachment":[{"href":"https:\/\/memurunsesi.net\/index.php\/wp-json\/wp\/v2\/media?parent=6232"}],"wp:term":[{"taxonomy":"category","embeddable":true,"href":"https:\/\/memurunsesi.net\/index.php\/wp-json\/wp\/v2\/categories?post=6232"},{"taxonomy":"post_tag","embeddable":true,"href":"https:\/\/memurunsesi.net\/index.php\/wp-json\/wp\/v2\/tags?post=6232"}],"curies":[{"name":"wp","href":"https:\/\/api.w.org\/{rel}","templated":true}]}}