{"id":6287,"date":"2025-04-30T14:59:18","date_gmt":"2025-04-30T11:59:18","guid":{"rendered":"https:\/\/memurunsesi.net\/?p=6287"},"modified":"2025-04-30T14:59:18","modified_gmt":"2025-04-30T11:59:18","slug":"taksimde-1-mayis-nedeniyle-guvenlik-onlemi-alindi","status":"publish","type":"post","link":"https:\/\/memurunsesi.net\/index.php\/2025\/04\/30\/taksimde-1-mayis-nedeniyle-guvenlik-onlemi-alindi\/","title":{"rendered":"Taksim\u2019de 1 May\u0131s nedeniyle g\u00fcvenlik \u00f6nlemi al\u0131nd\u0131"},"content":{"rendered":"<p> Taksim Meydan\u0131 ve \u00e7evresinde 1 May\u0131s Emek ve Dayan\u0131\u015fma G\u00fcn\u00fc \u00f6ncesi g\u00fcvenlik \u00f6nlemi al\u0131nd\u0131.<br \/>\n1 May\u0131s Emek ve Dayan\u0131\u015fma G\u00fcn\u00fc nedeniyle Taksim Meydan\u0131 ve \u00e7evresine g\u00fcvenlik bariyerleri yerle\u015ftirildi. Kutlamalara kapal\u0131 olan meydana \u00e7ok say\u0131da polis bariyeri sevk edildi. Taksim Cumhuriyet An\u0131t\u0131\u2019n\u0131n \u00e7evresi tamamen bariyerlerle kapat\u0131l\u0131rken, baz\u0131 bariyerler de b\u00f6lgede haz\u0131r \u015fekilde bekletiliyor. <\/p>\n<p>30.04.2025                            <\/p>\n","protected":false},"excerpt":{"rendered":"<p>Taksim Meydan\u0131 ve \u00e7evresinde 1 May\u0131s Emek ve Dayan\u0131\u015fma G\u00fcn\u00fc \u00f6ncesi g\u00fcvenlik \u00f6nlemi al\u0131nd\u0131. 1 May\u0131s Emek ve Dayan\u0131\u015fma G\u00fcn\u00fc nedeniyle Taksim Meydan\u0131 ve \u00e7evresine g\u00fcvenlik bariyerleri yerle\u015ftirildi. Kutlamalara kapal\u0131 olan meydana \u00e7ok say\u0131da polis bariyeri sevk edildi. Taksim Cumhuriyet An\u0131t\u0131\u2019n\u0131n \u00e7evresi tamamen bariyerlerle kapat\u0131l\u0131rken, baz\u0131 bariyerler de b\u00f6lgede haz\u0131r \u015fekilde bekletiliyor. 30.04.2025<\/p>\n","protected":false},"author":1,"featured_media":6288,"comment_status":"open","ping_status":"open","sticky":false,"template":"","format":"standard","meta":{"footnotes":""},"categories":[1],"tags":[],"class_list":["post-6287","post","type-post","status-publish","format-standard","has-post-thumbnail","hentry","category-genel"],"yoast_head":"<!-- This site is optimized with the Yoast SEO plugin v27.4 - https:\/\/yoast.com\/product\/yoast-seo-wordpress\/ -->\n<title>Taksim\u2019de 1 May\u0131s nedeniyle g\u00fcvenlik \u00f6nlemi al\u0131nd\u0131 - Memurun Sesi<\/title>\n<meta name=\"robots\" content=\"index, follow, max-snippet:-1, max-image-preview:large, max-video-preview:-1\" \/>\n<link rel=\"canonical\" href=\"https:\/\/memurunsesi.net\/index.php\/2025\/04\/30\/taksimde-1-mayis-nedeniyle-guvenlik-onlemi-alindi\/\" \/>\n<meta property=\"og:locale\" content=\"tr_TR\" \/>\n<meta property=\"og:type\" content=\"article\" \/>\n<meta property=\"og:title\" content=\"Taksim\u2019de 1 May\u0131s nedeniyle g\u00fcvenlik \u00f6nlemi al\u0131nd\u0131 - Memurun Sesi\" \/>\n<meta property=\"og:description\" content=\"Taksim Meydan\u0131 ve \u00e7evresinde 1 May\u0131s Emek ve Dayan\u0131\u015fma G\u00fcn\u00fc \u00f6ncesi g\u00fcvenlik \u00f6nlemi al\u0131nd\u0131. 1 May\u0131s Emek ve Dayan\u0131\u015fma G\u00fcn\u00fc nedeniyle Taksim Meydan\u0131 ve \u00e7evresine g\u00fcvenlik bariyerleri yerle\u015ftirildi. Kutlamalara kapal\u0131 olan meydana \u00e7ok say\u0131da polis bariyeri sevk edildi. Taksim Cumhuriyet An\u0131t\u0131\u2019n\u0131n \u00e7evresi tamamen bariyerlerle kapat\u0131l\u0131rken, baz\u0131 bariyerler de b\u00f6lgede haz\u0131r \u015fekilde bekletiliyor. 30.04.2025\" \/>\n<meta property=\"og:url\" content=\"https:\/\/memurunsesi.net\/index.php\/2025\/04\/30\/taksimde-1-mayis-nedeniyle-guvenlik-onlemi-alindi\/\" \/>\n<meta property=\"og:site_name\" content=\"Memurun Sesi\" \/>\n<meta property=\"article:publisher\" content=\"https:\/\/www.facebook.com\/unipersen\/?locale=tr_TR\" \/>\n<meta property=\"article:published_time\" content=\"2025-04-30T11:59:18+00:00\" \/>\n<meta property=\"og:image\" content=\"https:\/\/memurunsesi.net\/wp-content\/uploads\/2025\/04\/AW444282_05-scaled.jpg\" \/>\n\t<meta property=\"og:image:width\" content=\"2560\" \/>\n\t<meta property=\"og:image:height\" content=\"1440\" \/>\n\t<meta property=\"og:image:type\" content=\"image\/jpeg\" \/>\n<meta name=\"author\" content=\"Memurun Sesi Haber Merkezi\" \/>\n<meta name=\"twitter:card\" content=\"summary_large_image\" \/>\n<meta name=\"twitter:creator\" content=\"@unipersen\" \/>\n<meta name=\"twitter:site\" content=\"@unipersen\" \/>\n<meta name=\"twitter:label1\" content=\"Yazan:\" \/>\n\t<meta name=\"twitter:data1\" content=\"Memurun Sesi Haber Merkezi\" \/>\n\t<meta name=\"twitter:label2\" content=\"Tahmini okuma s\u00fcresi\" \/>\n\t<meta name=\"twitter:data2\" content=\"1 dakika\" \/>\n<script type=\"application\/ld+json\" class=\"yoast-schema-graph\">{\"@context\":\"https:\\\/\\\/schema.org\",\"@graph\":[{\"@type\":\"Article\",\"@id\":\"https:\\\/\\\/memurunsesi.net\\\/index.php\\\/2025\\\/04\\\/30\\\/taksimde-1-mayis-nedeniyle-guvenlik-onlemi-alindi\\\/#article\",\"isPartOf\":{\"@id\":\"https:\\\/\\\/memurunsesi.net\\\/index.php\\\/2025\\\/04\\\/30\\\/taksimde-1-mayis-nedeniyle-guvenlik-onlemi-alindi\\\/\"},\"author\":{\"name\":\"Memurun Sesi Haber Merkezi\",\"@id\":\"https:\\\/\\\/memurunsesi.net\\\/#\\\/schema\\\/person\\\/f21c2d73b89f6ee1d80b0a1803e38587\"},\"headline\":\"Taksim\u2019de 1 May\u0131s nedeniyle g\u00fcvenlik \u00f6nlemi al\u0131nd\u0131\",\"datePublished\":\"2025-04-30T11:59:18+00:00\",\"mainEntityOfPage\":{\"@id\":\"https:\\\/\\\/memurunsesi.net\\\/index.php\\\/2025\\\/04\\\/30\\\/taksimde-1-mayis-nedeniyle-guvenlik-onlemi-alindi\\\/\"},\"wordCount\":78,\"commentCount\":0,\"publisher\":{\"@id\":\"https:\\\/\\\/memurunsesi.net\\\/#organization\"},\"image\":{\"@id\":\"https:\\\/\\\/memurunsesi.net\\\/index.php\\\/2025\\\/04\\\/30\\\/taksimde-1-mayis-nedeniyle-guvenlik-onlemi-alindi\\\/#primaryimage\"},\"thumbnailUrl\":\"https:\\\/\\\/memurunsesi.net\\\/wp-content\\\/uploads\\\/2025\\\/04\\\/AW444282_05-scaled.jpg\",\"inLanguage\":\"tr\",\"potentialAction\":[{\"@type\":\"CommentAction\",\"name\":\"Comment\",\"target\":[\"https:\\\/\\\/memurunsesi.net\\\/index.php\\\/2025\\\/04\\\/30\\\/taksimde-1-mayis-nedeniyle-guvenlik-onlemi-alindi\\\/#respond\"]}]},{\"@type\":\"WebPage\",\"@id\":\"https:\\\/\\\/memurunsesi.net\\\/index.php\\\/2025\\\/04\\\/30\\\/taksimde-1-mayis-nedeniyle-guvenlik-onlemi-alindi\\\/\",\"url\":\"https:\\\/\\\/memurunsesi.net\\\/index.php\\\/2025\\\/04\\\/30\\\/taksimde-1-mayis-nedeniyle-guvenlik-onlemi-alindi\\\/\",\"name\":\"Taksim\u2019de 1 May\u0131s nedeniyle g\u00fcvenlik \u00f6nlemi al\u0131nd\u0131 - Memurun Sesi\",\"isPartOf\":{\"@id\":\"https:\\\/\\\/memurunsesi.net\\\/#website\"},\"primaryImageOfPage\":{\"@id\":\"https:\\\/\\\/memurunsesi.net\\\/index.php\\\/2025\\\/04\\\/30\\\/taksimde-1-mayis-nedeniyle-guvenlik-onlemi-alindi\\\/#primaryimage\"},\"image\":{\"@id\":\"https:\\\/\\\/memurunsesi.net\\\/index.php\\\/2025\\\/04\\\/30\\\/taksimde-1-mayis-nedeniyle-guvenlik-onlemi-alindi\\\/#primaryimage\"},\"thumbnailUrl\":\"https:\\\/\\\/memurunsesi.net\\\/wp-content\\\/uploads\\\/2025\\\/04\\\/AW444282_05-scaled.jpg\",\"datePublished\":\"2025-04-30T11:59:18+00:00\",\"breadcrumb\":{\"@id\":\"https:\\\/\\\/memurunsesi.net\\\/index.php\\\/2025\\\/04\\\/30\\\/taksimde-1-mayis-nedeniyle-guvenlik-onlemi-alindi\\\/#breadcrumb\"},\"inLanguage\":\"tr\",\"potentialAction\":[{\"@type\":\"ReadAction\",\"target\":[\"https:\\\/\\\/memurunsesi.net\\\/index.php\\\/2025\\\/04\\\/30\\\/taksimde-1-mayis-nedeniyle-guvenlik-onlemi-alindi\\\/\"]}]},{\"@type\":\"ImageObject\",\"inLanguage\":\"tr\",\"@id\":\"https:\\\/\\\/memurunsesi.net\\\/index.php\\\/2025\\\/04\\\/30\\\/taksimde-1-mayis-nedeniyle-guvenlik-onlemi-alindi\\\/#primaryimage\",\"url\":\"https:\\\/\\\/memurunsesi.net\\\/wp-content\\\/uploads\\\/2025\\\/04\\\/AW444282_05-scaled.jpg\",\"contentUrl\":\"https:\\\/\\\/memurunsesi.net\\\/wp-content\\\/uploads\\\/2025\\\/04\\\/AW444282_05-scaled.jpg\",\"width\":2560,\"height\":1440},{\"@type\":\"BreadcrumbList\",\"@id\":\"https:\\\/\\\/memurunsesi.net\\\/index.php\\\/2025\\\/04\\\/30\\\/taksimde-1-mayis-nedeniyle-guvenlik-onlemi-alindi\\\/#breadcrumb\",\"itemListElement\":[{\"@type\":\"ListItem\",\"position\":1,\"name\":\"Anasayfa\",\"item\":\"https:\\\/\\\/memurunsesi.net\\\/\"},{\"@type\":\"ListItem\",\"position\":2,\"name\":\"Taksim\u2019de 1 May\u0131s nedeniyle g\u00fcvenlik \u00f6nlemi al\u0131nd\u0131\"}]},{\"@type\":\"WebSite\",\"@id\":\"https:\\\/\\\/memurunsesi.net\\\/#website\",\"url\":\"https:\\\/\\\/memurunsesi.net\\\/\",\"name\":\"Memurun Sesi\",\"description\":\"G\u00fcncel ve Do\u011fru Haber\",\"publisher\":{\"@id\":\"https:\\\/\\\/memurunsesi.net\\\/#organization\"},\"potentialAction\":[{\"@type\":\"SearchAction\",\"target\":{\"@type\":\"EntryPoint\",\"urlTemplate\":\"https:\\\/\\\/memurunsesi.net\\\/?s={search_term_string}\"},\"query-input\":{\"@type\":\"PropertyValueSpecification\",\"valueRequired\":true,\"valueName\":\"search_term_string\"}}],\"inLanguage\":\"tr\"},{\"@type\":\"Organization\",\"@id\":\"https:\\\/\\\/memurunsesi.net\\\/#organization\",\"name\":\"Memurun Sesi\",\"url\":\"https:\\\/\\\/memurunsesi.net\\\/\",\"logo\":{\"@type\":\"ImageObject\",\"inLanguage\":\"tr\",\"@id\":\"https:\\\/\\\/memurunsesi.net\\\/#\\\/schema\\\/logo\\\/image\\\/\",\"url\":\"https:\\\/\\\/memurunsesi.net\\\/wp-content\\\/uploads\\\/2025\\\/11\\\/cropped-MEMURUN-SESI.png\",\"contentUrl\":\"https:\\\/\\\/memurunsesi.net\\\/wp-content\\\/uploads\\\/2025\\\/11\\\/cropped-MEMURUN-SESI.png\",\"width\":238,\"height\":57,\"caption\":\"Memurun Sesi\"},\"image\":{\"@id\":\"https:\\\/\\\/memurunsesi.net\\\/#\\\/schema\\\/logo\\\/image\\\/\"},\"sameAs\":[\"https:\\\/\\\/www.facebook.com\\\/unipersen\\\/?locale=tr_TR\",\"https:\\\/\\\/x.com\\\/unipersen\"]},{\"@type\":\"Person\",\"@id\":\"https:\\\/\\\/memurunsesi.net\\\/#\\\/schema\\\/person\\\/f21c2d73b89f6ee1d80b0a1803e38587\",\"name\":\"Memurun Sesi Haber Merkezi\",\"image\":{\"@type\":\"ImageObject\",\"inLanguage\":\"tr\",\"@id\":\"https:\\\/\\\/secure.gravatar.com\\\/avatar\\\/6cf0505f452ee753f485014986fab09a434671d2b919ee76fc541025c5876a70?s=96&d=mm&r=g\",\"url\":\"https:\\\/\\\/secure.gravatar.com\\\/avatar\\\/6cf0505f452ee753f485014986fab09a434671d2b919ee76fc541025c5876a70?s=96&d=mm&r=g\",\"contentUrl\":\"https:\\\/\\\/secure.gravatar.com\\\/avatar\\\/6cf0505f452ee753f485014986fab09a434671d2b919ee76fc541025c5876a70?s=96&d=mm&r=g\",\"caption\":\"Memurun Sesi Haber Merkezi\"},\"sameAs\":[\"https:\\\/\\\/memurunsesi.net\"],\"url\":\"https:\\\/\\\/memurunsesi.net\\\/index.php\\\/author\\\/uniper\\\/\"}]}<\/script>\n<!-- \/ Yoast SEO plugin. -->","yoast_head_json":{"title":"Taksim\u2019de 1 May\u0131s nedeniyle g\u00fcvenlik \u00f6nlemi al\u0131nd\u0131 - Memurun Sesi","robots":{"index":"index","follow":"follow","max-snippet":"max-snippet:-1","max-image-preview":"max-image-preview:large","max-video-preview":"max-video-preview:-1"},"canonical":"https:\/\/memurunsesi.net\/index.php\/2025\/04\/30\/taksimde-1-mayis-nedeniyle-guvenlik-onlemi-alindi\/","og_locale":"tr_TR","og_type":"article","og_title":"Taksim\u2019de 1 May\u0131s nedeniyle g\u00fcvenlik \u00f6nlemi al\u0131nd\u0131 - Memurun Sesi","og_description":"Taksim Meydan\u0131 ve \u00e7evresinde 1 May\u0131s Emek ve Dayan\u0131\u015fma G\u00fcn\u00fc \u00f6ncesi g\u00fcvenlik \u00f6nlemi al\u0131nd\u0131. 1 May\u0131s Emek ve Dayan\u0131\u015fma G\u00fcn\u00fc nedeniyle Taksim Meydan\u0131 ve \u00e7evresine g\u00fcvenlik bariyerleri yerle\u015ftirildi. Kutlamalara kapal\u0131 olan meydana \u00e7ok say\u0131da polis bariyeri sevk edildi. Taksim Cumhuriyet An\u0131t\u0131\u2019n\u0131n \u00e7evresi tamamen bariyerlerle kapat\u0131l\u0131rken, baz\u0131 bariyerler de b\u00f6lgede haz\u0131r \u015fekilde bekletiliyor. 30.04.2025","og_url":"https:\/\/memurunsesi.net\/index.php\/2025\/04\/30\/taksimde-1-mayis-nedeniyle-guvenlik-onlemi-alindi\/","og_site_name":"Memurun Sesi","article_publisher":"https:\/\/www.facebook.com\/unipersen\/?locale=tr_TR","article_published_time":"2025-04-30T11:59:18+00:00","og_image":[{"width":2560,"height":1440,"url":"https:\/\/memurunsesi.net\/wp-content\/uploads\/2025\/04\/AW444282_05-scaled.jpg","type":"image\/jpeg"}],"author":"Memurun Sesi Haber Merkezi","twitter_card":"summary_large_image","twitter_creator":"@unipersen","twitter_site":"@unipersen","twitter_misc":{"Yazan:":"Memurun Sesi Haber Merkezi","Tahmini okuma s\u00fcresi":"1 dakika"},"schema":{"@context":"https:\/\/schema.org","@graph":[{"@type":"Article","@id":"https:\/\/memurunsesi.net\/index.php\/2025\/04\/30\/taksimde-1-mayis-nedeniyle-guvenlik-onlemi-alindi\/#article","isPartOf":{"@id":"https:\/\/memurunsesi.net\/index.php\/2025\/04\/30\/taksimde-1-mayis-nedeniyle-guvenlik-onlemi-alindi\/"},"author":{"name":"Memurun Sesi Haber Merkezi","@id":"https:\/\/memurunsesi.net\/#\/schema\/person\/f21c2d73b89f6ee1d80b0a1803e38587"},"headline":"Taksim\u2019de 1 May\u0131s nedeniyle g\u00fcvenlik \u00f6nlemi al\u0131nd\u0131","datePublished":"2025-04-30T11:59:18+00:00","mainEntityOfPage":{"@id":"https:\/\/memurunsesi.net\/index.php\/2025\/04\/30\/taksimde-1-mayis-nedeniyle-guvenlik-onlemi-alindi\/"},"wordCount":78,"commentCount":0,"publisher":{"@id":"https:\/\/memurunsesi.net\/#organization"},"image":{"@id":"https:\/\/memurunsesi.net\/index.php\/2025\/04\/30\/taksimde-1-mayis-nedeniyle-guvenlik-onlemi-alindi\/#primaryimage"},"thumbnailUrl":"https:\/\/memurunsesi.net\/wp-content\/uploads\/2025\/04\/AW444282_05-scaled.jpg","inLanguage":"tr","potentialAction":[{"@type":"CommentAction","name":"Comment","target":["https:\/\/memurunsesi.net\/index.php\/2025\/04\/30\/taksimde-1-mayis-nedeniyle-guvenlik-onlemi-alindi\/#respond"]}]},{"@type":"WebPage","@id":"https:\/\/memurunsesi.net\/index.php\/2025\/04\/30\/taksimde-1-mayis-nedeniyle-guvenlik-onlemi-alindi\/","url":"https:\/\/memurunsesi.net\/index.php\/2025\/04\/30\/taksimde-1-mayis-nedeniyle-guvenlik-onlemi-alindi\/","name":"Taksim\u2019de 1 May\u0131s nedeniyle g\u00fcvenlik \u00f6nlemi al\u0131nd\u0131 - Memurun Sesi","isPartOf":{"@id":"https:\/\/memurunsesi.net\/#website"},"primaryImageOfPage":{"@id":"https:\/\/memurunsesi.net\/index.php\/2025\/04\/30\/taksimde-1-mayis-nedeniyle-guvenlik-onlemi-alindi\/#primaryimage"},"image":{"@id":"https:\/\/memurunsesi.net\/index.php\/2025\/04\/30\/taksimde-1-mayis-nedeniyle-guvenlik-onlemi-alindi\/#primaryimage"},"thumbnailUrl":"https:\/\/memurunsesi.net\/wp-content\/uploads\/2025\/04\/AW444282_05-scaled.jpg","datePublished":"2025-04-30T11:59:18+00:00","breadcrumb":{"@id":"https:\/\/memurunsesi.net\/index.php\/2025\/04\/30\/taksimde-1-mayis-nedeniyle-guvenlik-onlemi-alindi\/#breadcrumb"},"inLanguage":"tr","potentialAction":[{"@type":"ReadAction","target":["https:\/\/memurunsesi.net\/index.php\/2025\/04\/30\/taksimde-1-mayis-nedeniyle-guvenlik-onlemi-alindi\/"]}]},{"@type":"ImageObject","inLanguage":"tr","@id":"https:\/\/memurunsesi.net\/index.php\/2025\/04\/30\/taksimde-1-mayis-nedeniyle-guvenlik-onlemi-alindi\/#primaryimage","url":"https:\/\/memurunsesi.net\/wp-content\/uploads\/2025\/04\/AW444282_05-scaled.jpg","contentUrl":"https:\/\/memurunsesi.net\/wp-content\/uploads\/2025\/04\/AW444282_05-scaled.jpg","width":2560,"height":1440},{"@type":"BreadcrumbList","@id":"https:\/\/memurunsesi.net\/index.php\/2025\/04\/30\/taksimde-1-mayis-nedeniyle-guvenlik-onlemi-alindi\/#breadcrumb","itemListElement":[{"@type":"ListItem","position":1,"name":"Anasayfa","item":"https:\/\/memurunsesi.net\/"},{"@type":"ListItem","position":2,"name":"Taksim\u2019de 1 May\u0131s nedeniyle g\u00fcvenlik \u00f6nlemi al\u0131nd\u0131"}]},{"@type":"WebSite","@id":"https:\/\/memurunsesi.net\/#website","url":"https:\/\/memurunsesi.net\/","name":"Memurun Sesi","description":"G\u00fcncel ve Do\u011fru Haber","publisher":{"@id":"https:\/\/memurunsesi.net\/#organization"},"potentialAction":[{"@type":"SearchAction","target":{"@type":"EntryPoint","urlTemplate":"https:\/\/memurunsesi.net\/?s={search_term_string}"},"query-input":{"@type":"PropertyValueSpecification","valueRequired":true,"valueName":"search_term_string"}}],"inLanguage":"tr"},{"@type":"Organization","@id":"https:\/\/memurunsesi.net\/#organization","name":"Memurun Sesi","url":"https:\/\/memurunsesi.net\/","logo":{"@type":"ImageObject","inLanguage":"tr","@id":"https:\/\/memurunsesi.net\/#\/schema\/logo\/image\/","url":"https:\/\/memurunsesi.net\/wp-content\/uploads\/2025\/11\/cropped-MEMURUN-SESI.png","contentUrl":"https:\/\/memurunsesi.net\/wp-content\/uploads\/2025\/11\/cropped-MEMURUN-SESI.png","width":238,"height":57,"caption":"Memurun Sesi"},"image":{"@id":"https:\/\/memurunsesi.net\/#\/schema\/logo\/image\/"},"sameAs":["https:\/\/www.facebook.com\/unipersen\/?locale=tr_TR","https:\/\/x.com\/unipersen"]},{"@type":"Person","@id":"https:\/\/memurunsesi.net\/#\/schema\/person\/f21c2d73b89f6ee1d80b0a1803e38587","name":"Memurun Sesi Haber Merkezi","image":{"@type":"ImageObject","inLanguage":"tr","@id":"https:\/\/secure.gravatar.com\/avatar\/6cf0505f452ee753f485014986fab09a434671d2b919ee76fc541025c5876a70?s=96&d=mm&r=g","url":"https:\/\/secure.gravatar.com\/avatar\/6cf0505f452ee753f485014986fab09a434671d2b919ee76fc541025c5876a70?s=96&d=mm&r=g","contentUrl":"https:\/\/secure.gravatar.com\/avatar\/6cf0505f452ee753f485014986fab09a434671d2b919ee76fc541025c5876a70?s=96&d=mm&r=g","caption":"Memurun Sesi Haber Merkezi"},"sameAs":["https:\/\/memurunsesi.net"],"url":"https:\/\/memurunsesi.net\/index.php\/author\/uniper\/"}]}},"_links":{"self":[{"href":"https:\/\/memurunsesi.net\/index.php\/wp-json\/wp\/v2\/posts\/6287","targetHints":{"allow":["GET"]}}],"collection":[{"href":"https:\/\/memurunsesi.net\/index.php\/wp-json\/wp\/v2\/posts"}],"about":[{"href":"https:\/\/memurunsesi.net\/index.php\/wp-json\/wp\/v2\/types\/post"}],"author":[{"embeddable":true,"href":"https:\/\/memurunsesi.net\/index.php\/wp-json\/wp\/v2\/users\/1"}],"replies":[{"embeddable":true,"href":"https:\/\/memurunsesi.net\/index.php\/wp-json\/wp\/v2\/comments?post=6287"}],"version-history":[{"count":1,"href":"https:\/\/memurunsesi.net\/index.php\/wp-json\/wp\/v2\/posts\/6287\/revisions"}],"predecessor-version":[{"id":6289,"href":"https:\/\/memurunsesi.net\/index.php\/wp-json\/wp\/v2\/posts\/6287\/revisions\/6289"}],"wp:featuredmedia":[{"embeddable":true,"href":"https:\/\/memurunsesi.net\/index.php\/wp-json\/wp\/v2\/media\/6288"}],"wp:attachment":[{"href":"https:\/\/memurunsesi.net\/index.php\/wp-json\/wp\/v2\/media?parent=6287"}],"wp:term":[{"taxonomy":"category","embeddable":true,"href":"https:\/\/memurunsesi.net\/index.php\/wp-json\/wp\/v2\/categories?post=6287"},{"taxonomy":"post_tag","embeddable":true,"href":"https:\/\/memurunsesi.net\/index.php\/wp-json\/wp\/v2\/tags?post=6287"}],"curies":[{"name":"wp","href":"https:\/\/api.w.org\/{rel}","templated":true}]}}