{"id":6290,"date":"2025-04-30T15:01:16","date_gmt":"2025-04-30T12:01:16","guid":{"rendered":"https:\/\/memurunsesi.net\/?p=6290"},"modified":"2025-04-30T15:01:16","modified_gmt":"2025-04-30T12:01:16","slug":"bakimini-yaptigi-asansor-uzerine-dustu-asansor-ustasi-hayatini-kaybetti","status":"publish","type":"post","link":"https:\/\/memurunsesi.net\/index.php\/2025\/04\/30\/bakimini-yaptigi-asansor-uzerine-dustu-asansor-ustasi-hayatini-kaybetti\/","title":{"rendered":"Bak\u0131m\u0131n\u0131 yapt\u0131\u011f\u0131 asans\u00f6r \u00fczerine d\u00fc\u015ft\u00fc: Asans\u00f6r ustas\u0131 hayat\u0131n\u0131 kaybetti"},"content":{"rendered":"<p> Burdur\u2019un Tefenni il\u00e7esinde bir mermer fabrikas\u0131nda asans\u00f6r bak\u0131m\u0131 yapt\u0131\u011f\u0131 s\u0131rada \u00fczerine asans\u00f6r kasas\u0131 d\u00fc\u015fen 40 ya\u015f\u0131ndaki bak\u0131m ustas\u0131, kald\u0131r\u0131ld\u0131\u011f\u0131 hastanede ya\u015fam\u0131n\u0131 yitirdi.<br \/>\n  Olay, d\u00fcn saat 13.00 s\u0131ralar\u0131nda Tefenni il\u00e7esine ba\u011fl\u0131 Yuvalak k\u00f6y\u00fcnde bulunan bir mermer fabrikas\u0131nda meydana geldi. Edinilen bilgilere g\u00f6re, fabrikaya bak\u0131m i\u00e7in gelen asans\u00f6r ustas\u0131 Halis Ery\u0131lmaz, \u00e7al\u0131\u015ft\u0131\u011f\u0131 s\u0131rada hen\u00fcz belirlenemeyen bir nedenle \u00fczerine asans\u00f6r kasas\u0131n\u0131n d\u00fc\u015fmesi sonucu a\u011f\u0131r yaraland\u0131.<br \/>\n  Fabrika \u00e7al\u0131\u015fanlar\u0131n\u0131n ihbar\u0131 \u00fczerine olay yerine sa\u011fl\u0131k ve jandarma ekipleri sevk edildi. \u0130lk m\u00fcdahalesi olay yerinde yap\u0131lan Ery\u0131lmaz, \u00f6nce Tefenni Devlet Hastanesi\u2019ne, ard\u0131ndan Burdur Devlet Hastanesi\u2019ne sevk edildi. Yo\u011fun bak\u0131ma al\u0131nan ve 1 g\u00fcn yo\u011fun bak\u0131mda kalan Ery\u0131lmaz, burada yap\u0131lan t\u00fcm m\u00fcdahalelere ra\u011fmen kurtar\u0131lamayarak hayat\u0131n\u0131 kaybetti.<br \/>\n  Olayla ilgili jandarma ekipleri taraf\u0131ndan inceleme ba\u015flat\u0131ld\u0131. <\/p>\n<p>30.04.2025                            <\/p>\n","protected":false},"excerpt":{"rendered":"<p>Burdur\u2019un Tefenni il\u00e7esinde bir mermer fabrikas\u0131nda asans\u00f6r bak\u0131m\u0131 yapt\u0131\u011f\u0131 s\u0131rada \u00fczerine asans\u00f6r kasas\u0131 d\u00fc\u015fen 40 ya\u015f\u0131ndaki bak\u0131m ustas\u0131, kald\u0131r\u0131ld\u0131\u011f\u0131 hastanede ya\u015fam\u0131n\u0131 yitirdi. Olay, d\u00fcn saat 13.00 s\u0131ralar\u0131nda Tefenni il\u00e7esine ba\u011fl\u0131 Yuvalak k\u00f6y\u00fcnde bulunan bir mermer fabrikas\u0131nda meydana geldi. Edinilen bilgilere g\u00f6re, fabrikaya bak\u0131m i\u00e7in gelen asans\u00f6r ustas\u0131 Halis Ery\u0131lmaz, \u00e7al\u0131\u015ft\u0131\u011f\u0131 s\u0131rada hen\u00fcz belirlenemeyen bir nedenle [&hellip;]<\/p>\n","protected":false},"author":1,"featured_media":6291,"comment_status":"open","ping_status":"open","sticky":false,"template":"","format":"standard","meta":{"footnotes":""},"categories":[50],"tags":[],"class_list":["post-6290","post","type-post","status-publish","format-standard","has-post-thumbnail","hentry","category-tum-haberler"],"yoast_head":"<!-- This site is optimized with the Yoast SEO plugin v27.4 - https:\/\/yoast.com\/product\/yoast-seo-wordpress\/ -->\n<title>Bak\u0131m\u0131n\u0131 yapt\u0131\u011f\u0131 asans\u00f6r \u00fczerine d\u00fc\u015ft\u00fc: Asans\u00f6r ustas\u0131 hayat\u0131n\u0131 kaybetti - Memurun Sesi<\/title>\n<meta name=\"robots\" content=\"index, follow, max-snippet:-1, max-image-preview:large, max-video-preview:-1\" \/>\n<link rel=\"canonical\" href=\"https:\/\/memurunsesi.net\/index.php\/2025\/04\/30\/bakimini-yaptigi-asansor-uzerine-dustu-asansor-ustasi-hayatini-kaybetti\/\" \/>\n<meta property=\"og:locale\" content=\"tr_TR\" \/>\n<meta property=\"og:type\" content=\"article\" \/>\n<meta property=\"og:title\" content=\"Bak\u0131m\u0131n\u0131 yapt\u0131\u011f\u0131 asans\u00f6r \u00fczerine d\u00fc\u015ft\u00fc: Asans\u00f6r ustas\u0131 hayat\u0131n\u0131 kaybetti - Memurun Sesi\" \/>\n<meta property=\"og:description\" content=\"Burdur\u2019un Tefenni il\u00e7esinde bir mermer fabrikas\u0131nda asans\u00f6r bak\u0131m\u0131 yapt\u0131\u011f\u0131 s\u0131rada \u00fczerine asans\u00f6r kasas\u0131 d\u00fc\u015fen 40 ya\u015f\u0131ndaki bak\u0131m ustas\u0131, kald\u0131r\u0131ld\u0131\u011f\u0131 hastanede ya\u015fam\u0131n\u0131 yitirdi. Olay, d\u00fcn saat 13.00 s\u0131ralar\u0131nda Tefenni il\u00e7esine ba\u011fl\u0131 Yuvalak k\u00f6y\u00fcnde bulunan bir mermer fabrikas\u0131nda meydana geldi. Edinilen bilgilere g\u00f6re, fabrikaya bak\u0131m i\u00e7in gelen asans\u00f6r ustas\u0131 Halis Ery\u0131lmaz, \u00e7al\u0131\u015ft\u0131\u011f\u0131 s\u0131rada hen\u00fcz belirlenemeyen bir nedenle [&hellip;]\" \/>\n<meta property=\"og:url\" content=\"https:\/\/memurunsesi.net\/index.php\/2025\/04\/30\/bakimini-yaptigi-asansor-uzerine-dustu-asansor-ustasi-hayatini-kaybetti\/\" \/>\n<meta property=\"og:site_name\" content=\"Memurun Sesi\" \/>\n<meta property=\"article:publisher\" content=\"https:\/\/www.facebook.com\/unipersen\/?locale=tr_TR\" \/>\n<meta property=\"article:published_time\" content=\"2025-04-30T12:01:16+00:00\" \/>\n<meta property=\"og:image\" content=\"https:\/\/memurunsesi.net\/wp-content\/uploads\/2025\/04\/AW444384_01.jpg\" \/>\n\t<meta property=\"og:image:width\" content=\"525\" \/>\n\t<meta property=\"og:image:height\" content=\"731\" \/>\n\t<meta property=\"og:image:type\" content=\"image\/jpeg\" \/>\n<meta name=\"author\" content=\"Memurun Sesi Haber Merkezi\" \/>\n<meta name=\"twitter:card\" content=\"summary_large_image\" \/>\n<meta name=\"twitter:creator\" content=\"@unipersen\" \/>\n<meta name=\"twitter:site\" content=\"@unipersen\" \/>\n<meta name=\"twitter:label1\" content=\"Yazan:\" \/>\n\t<meta name=\"twitter:data1\" content=\"Memurun Sesi Haber Merkezi\" \/>\n\t<meta name=\"twitter:label2\" content=\"Tahmini okuma s\u00fcresi\" \/>\n\t<meta name=\"twitter:data2\" content=\"1 dakika\" \/>\n<script type=\"application\/ld+json\" class=\"yoast-schema-graph\">{\"@context\":\"https:\\\/\\\/schema.org\",\"@graph\":[{\"@type\":\"Article\",\"@id\":\"https:\\\/\\\/memurunsesi.net\\\/index.php\\\/2025\\\/04\\\/30\\\/bakimini-yaptigi-asansor-uzerine-dustu-asansor-ustasi-hayatini-kaybetti\\\/#article\",\"isPartOf\":{\"@id\":\"https:\\\/\\\/memurunsesi.net\\\/index.php\\\/2025\\\/04\\\/30\\\/bakimini-yaptigi-asansor-uzerine-dustu-asansor-ustasi-hayatini-kaybetti\\\/\"},\"author\":{\"name\":\"Memurun Sesi Haber Merkezi\",\"@id\":\"https:\\\/\\\/memurunsesi.net\\\/#\\\/schema\\\/person\\\/f21c2d73b89f6ee1d80b0a1803e38587\"},\"headline\":\"Bak\u0131m\u0131n\u0131 yapt\u0131\u011f\u0131 asans\u00f6r \u00fczerine d\u00fc\u015ft\u00fc: Asans\u00f6r ustas\u0131 hayat\u0131n\u0131 kaybetti\",\"datePublished\":\"2025-04-30T12:01:16+00:00\",\"mainEntityOfPage\":{\"@id\":\"https:\\\/\\\/memurunsesi.net\\\/index.php\\\/2025\\\/04\\\/30\\\/bakimini-yaptigi-asansor-uzerine-dustu-asansor-ustasi-hayatini-kaybetti\\\/\"},\"wordCount\":189,\"commentCount\":0,\"publisher\":{\"@id\":\"https:\\\/\\\/memurunsesi.net\\\/#organization\"},\"image\":{\"@id\":\"https:\\\/\\\/memurunsesi.net\\\/index.php\\\/2025\\\/04\\\/30\\\/bakimini-yaptigi-asansor-uzerine-dustu-asansor-ustasi-hayatini-kaybetti\\\/#primaryimage\"},\"thumbnailUrl\":\"https:\\\/\\\/memurunsesi.net\\\/wp-content\\\/uploads\\\/2025\\\/04\\\/AW444384_01.jpg\",\"articleSection\":[\"T\u00fcm Haberler\"],\"inLanguage\":\"tr\",\"potentialAction\":[{\"@type\":\"CommentAction\",\"name\":\"Comment\",\"target\":[\"https:\\\/\\\/memurunsesi.net\\\/index.php\\\/2025\\\/04\\\/30\\\/bakimini-yaptigi-asansor-uzerine-dustu-asansor-ustasi-hayatini-kaybetti\\\/#respond\"]}]},{\"@type\":\"WebPage\",\"@id\":\"https:\\\/\\\/memurunsesi.net\\\/index.php\\\/2025\\\/04\\\/30\\\/bakimini-yaptigi-asansor-uzerine-dustu-asansor-ustasi-hayatini-kaybetti\\\/\",\"url\":\"https:\\\/\\\/memurunsesi.net\\\/index.php\\\/2025\\\/04\\\/30\\\/bakimini-yaptigi-asansor-uzerine-dustu-asansor-ustasi-hayatini-kaybetti\\\/\",\"name\":\"Bak\u0131m\u0131n\u0131 yapt\u0131\u011f\u0131 asans\u00f6r \u00fczerine d\u00fc\u015ft\u00fc: Asans\u00f6r ustas\u0131 hayat\u0131n\u0131 kaybetti - Memurun Sesi\",\"isPartOf\":{\"@id\":\"https:\\\/\\\/memurunsesi.net\\\/#website\"},\"primaryImageOfPage\":{\"@id\":\"https:\\\/\\\/memurunsesi.net\\\/index.php\\\/2025\\\/04\\\/30\\\/bakimini-yaptigi-asansor-uzerine-dustu-asansor-ustasi-hayatini-kaybetti\\\/#primaryimage\"},\"image\":{\"@id\":\"https:\\\/\\\/memurunsesi.net\\\/index.php\\\/2025\\\/04\\\/30\\\/bakimini-yaptigi-asansor-uzerine-dustu-asansor-ustasi-hayatini-kaybetti\\\/#primaryimage\"},\"thumbnailUrl\":\"https:\\\/\\\/memurunsesi.net\\\/wp-content\\\/uploads\\\/2025\\\/04\\\/AW444384_01.jpg\",\"datePublished\":\"2025-04-30T12:01:16+00:00\",\"breadcrumb\":{\"@id\":\"https:\\\/\\\/memurunsesi.net\\\/index.php\\\/2025\\\/04\\\/30\\\/bakimini-yaptigi-asansor-uzerine-dustu-asansor-ustasi-hayatini-kaybetti\\\/#breadcrumb\"},\"inLanguage\":\"tr\",\"potentialAction\":[{\"@type\":\"ReadAction\",\"target\":[\"https:\\\/\\\/memurunsesi.net\\\/index.php\\\/2025\\\/04\\\/30\\\/bakimini-yaptigi-asansor-uzerine-dustu-asansor-ustasi-hayatini-kaybetti\\\/\"]}]},{\"@type\":\"ImageObject\",\"inLanguage\":\"tr\",\"@id\":\"https:\\\/\\\/memurunsesi.net\\\/index.php\\\/2025\\\/04\\\/30\\\/bakimini-yaptigi-asansor-uzerine-dustu-asansor-ustasi-hayatini-kaybetti\\\/#primaryimage\",\"url\":\"https:\\\/\\\/memurunsesi.net\\\/wp-content\\\/uploads\\\/2025\\\/04\\\/AW444384_01.jpg\",\"contentUrl\":\"https:\\\/\\\/memurunsesi.net\\\/wp-content\\\/uploads\\\/2025\\\/04\\\/AW444384_01.jpg\",\"width\":525,\"height\":731},{\"@type\":\"BreadcrumbList\",\"@id\":\"https:\\\/\\\/memurunsesi.net\\\/index.php\\\/2025\\\/04\\\/30\\\/bakimini-yaptigi-asansor-uzerine-dustu-asansor-ustasi-hayatini-kaybetti\\\/#breadcrumb\",\"itemListElement\":[{\"@type\":\"ListItem\",\"position\":1,\"name\":\"Anasayfa\",\"item\":\"https:\\\/\\\/memurunsesi.net\\\/\"},{\"@type\":\"ListItem\",\"position\":2,\"name\":\"Bak\u0131m\u0131n\u0131 yapt\u0131\u011f\u0131 asans\u00f6r \u00fczerine d\u00fc\u015ft\u00fc: Asans\u00f6r ustas\u0131 hayat\u0131n\u0131 kaybetti\"}]},{\"@type\":\"WebSite\",\"@id\":\"https:\\\/\\\/memurunsesi.net\\\/#website\",\"url\":\"https:\\\/\\\/memurunsesi.net\\\/\",\"name\":\"Memurun Sesi\",\"description\":\"G\u00fcncel ve Do\u011fru Haber\",\"publisher\":{\"@id\":\"https:\\\/\\\/memurunsesi.net\\\/#organization\"},\"potentialAction\":[{\"@type\":\"SearchAction\",\"target\":{\"@type\":\"EntryPoint\",\"urlTemplate\":\"https:\\\/\\\/memurunsesi.net\\\/?s={search_term_string}\"},\"query-input\":{\"@type\":\"PropertyValueSpecification\",\"valueRequired\":true,\"valueName\":\"search_term_string\"}}],\"inLanguage\":\"tr\"},{\"@type\":\"Organization\",\"@id\":\"https:\\\/\\\/memurunsesi.net\\\/#organization\",\"name\":\"Memurun Sesi\",\"url\":\"https:\\\/\\\/memurunsesi.net\\\/\",\"logo\":{\"@type\":\"ImageObject\",\"inLanguage\":\"tr\",\"@id\":\"https:\\\/\\\/memurunsesi.net\\\/#\\\/schema\\\/logo\\\/image\\\/\",\"url\":\"https:\\\/\\\/memurunsesi.net\\\/wp-content\\\/uploads\\\/2025\\\/11\\\/cropped-MEMURUN-SESI.png\",\"contentUrl\":\"https:\\\/\\\/memurunsesi.net\\\/wp-content\\\/uploads\\\/2025\\\/11\\\/cropped-MEMURUN-SESI.png\",\"width\":238,\"height\":57,\"caption\":\"Memurun Sesi\"},\"image\":{\"@id\":\"https:\\\/\\\/memurunsesi.net\\\/#\\\/schema\\\/logo\\\/image\\\/\"},\"sameAs\":[\"https:\\\/\\\/www.facebook.com\\\/unipersen\\\/?locale=tr_TR\",\"https:\\\/\\\/x.com\\\/unipersen\"]},{\"@type\":\"Person\",\"@id\":\"https:\\\/\\\/memurunsesi.net\\\/#\\\/schema\\\/person\\\/f21c2d73b89f6ee1d80b0a1803e38587\",\"name\":\"Memurun Sesi Haber Merkezi\",\"image\":{\"@type\":\"ImageObject\",\"inLanguage\":\"tr\",\"@id\":\"https:\\\/\\\/secure.gravatar.com\\\/avatar\\\/6cf0505f452ee753f485014986fab09a434671d2b919ee76fc541025c5876a70?s=96&d=mm&r=g\",\"url\":\"https:\\\/\\\/secure.gravatar.com\\\/avatar\\\/6cf0505f452ee753f485014986fab09a434671d2b919ee76fc541025c5876a70?s=96&d=mm&r=g\",\"contentUrl\":\"https:\\\/\\\/secure.gravatar.com\\\/avatar\\\/6cf0505f452ee753f485014986fab09a434671d2b919ee76fc541025c5876a70?s=96&d=mm&r=g\",\"caption\":\"Memurun Sesi Haber Merkezi\"},\"sameAs\":[\"https:\\\/\\\/memurunsesi.net\"],\"url\":\"https:\\\/\\\/memurunsesi.net\\\/index.php\\\/author\\\/uniper\\\/\"}]}<\/script>\n<!-- \/ Yoast SEO plugin. -->","yoast_head_json":{"title":"Bak\u0131m\u0131n\u0131 yapt\u0131\u011f\u0131 asans\u00f6r \u00fczerine d\u00fc\u015ft\u00fc: Asans\u00f6r ustas\u0131 hayat\u0131n\u0131 kaybetti - Memurun Sesi","robots":{"index":"index","follow":"follow","max-snippet":"max-snippet:-1","max-image-preview":"max-image-preview:large","max-video-preview":"max-video-preview:-1"},"canonical":"https:\/\/memurunsesi.net\/index.php\/2025\/04\/30\/bakimini-yaptigi-asansor-uzerine-dustu-asansor-ustasi-hayatini-kaybetti\/","og_locale":"tr_TR","og_type":"article","og_title":"Bak\u0131m\u0131n\u0131 yapt\u0131\u011f\u0131 asans\u00f6r \u00fczerine d\u00fc\u015ft\u00fc: Asans\u00f6r ustas\u0131 hayat\u0131n\u0131 kaybetti - Memurun Sesi","og_description":"Burdur\u2019un Tefenni il\u00e7esinde bir mermer fabrikas\u0131nda asans\u00f6r bak\u0131m\u0131 yapt\u0131\u011f\u0131 s\u0131rada \u00fczerine asans\u00f6r kasas\u0131 d\u00fc\u015fen 40 ya\u015f\u0131ndaki bak\u0131m ustas\u0131, kald\u0131r\u0131ld\u0131\u011f\u0131 hastanede ya\u015fam\u0131n\u0131 yitirdi. Olay, d\u00fcn saat 13.00 s\u0131ralar\u0131nda Tefenni il\u00e7esine ba\u011fl\u0131 Yuvalak k\u00f6y\u00fcnde bulunan bir mermer fabrikas\u0131nda meydana geldi. Edinilen bilgilere g\u00f6re, fabrikaya bak\u0131m i\u00e7in gelen asans\u00f6r ustas\u0131 Halis Ery\u0131lmaz, \u00e7al\u0131\u015ft\u0131\u011f\u0131 s\u0131rada hen\u00fcz belirlenemeyen bir nedenle [&hellip;]","og_url":"https:\/\/memurunsesi.net\/index.php\/2025\/04\/30\/bakimini-yaptigi-asansor-uzerine-dustu-asansor-ustasi-hayatini-kaybetti\/","og_site_name":"Memurun Sesi","article_publisher":"https:\/\/www.facebook.com\/unipersen\/?locale=tr_TR","article_published_time":"2025-04-30T12:01:16+00:00","og_image":[{"width":525,"height":731,"url":"https:\/\/memurunsesi.net\/wp-content\/uploads\/2025\/04\/AW444384_01.jpg","type":"image\/jpeg"}],"author":"Memurun Sesi Haber Merkezi","twitter_card":"summary_large_image","twitter_creator":"@unipersen","twitter_site":"@unipersen","twitter_misc":{"Yazan:":"Memurun Sesi Haber Merkezi","Tahmini okuma s\u00fcresi":"1 dakika"},"schema":{"@context":"https:\/\/schema.org","@graph":[{"@type":"Article","@id":"https:\/\/memurunsesi.net\/index.php\/2025\/04\/30\/bakimini-yaptigi-asansor-uzerine-dustu-asansor-ustasi-hayatini-kaybetti\/#article","isPartOf":{"@id":"https:\/\/memurunsesi.net\/index.php\/2025\/04\/30\/bakimini-yaptigi-asansor-uzerine-dustu-asansor-ustasi-hayatini-kaybetti\/"},"author":{"name":"Memurun Sesi Haber Merkezi","@id":"https:\/\/memurunsesi.net\/#\/schema\/person\/f21c2d73b89f6ee1d80b0a1803e38587"},"headline":"Bak\u0131m\u0131n\u0131 yapt\u0131\u011f\u0131 asans\u00f6r \u00fczerine d\u00fc\u015ft\u00fc: Asans\u00f6r ustas\u0131 hayat\u0131n\u0131 kaybetti","datePublished":"2025-04-30T12:01:16+00:00","mainEntityOfPage":{"@id":"https:\/\/memurunsesi.net\/index.php\/2025\/04\/30\/bakimini-yaptigi-asansor-uzerine-dustu-asansor-ustasi-hayatini-kaybetti\/"},"wordCount":189,"commentCount":0,"publisher":{"@id":"https:\/\/memurunsesi.net\/#organization"},"image":{"@id":"https:\/\/memurunsesi.net\/index.php\/2025\/04\/30\/bakimini-yaptigi-asansor-uzerine-dustu-asansor-ustasi-hayatini-kaybetti\/#primaryimage"},"thumbnailUrl":"https:\/\/memurunsesi.net\/wp-content\/uploads\/2025\/04\/AW444384_01.jpg","articleSection":["T\u00fcm Haberler"],"inLanguage":"tr","potentialAction":[{"@type":"CommentAction","name":"Comment","target":["https:\/\/memurunsesi.net\/index.php\/2025\/04\/30\/bakimini-yaptigi-asansor-uzerine-dustu-asansor-ustasi-hayatini-kaybetti\/#respond"]}]},{"@type":"WebPage","@id":"https:\/\/memurunsesi.net\/index.php\/2025\/04\/30\/bakimini-yaptigi-asansor-uzerine-dustu-asansor-ustasi-hayatini-kaybetti\/","url":"https:\/\/memurunsesi.net\/index.php\/2025\/04\/30\/bakimini-yaptigi-asansor-uzerine-dustu-asansor-ustasi-hayatini-kaybetti\/","name":"Bak\u0131m\u0131n\u0131 yapt\u0131\u011f\u0131 asans\u00f6r \u00fczerine d\u00fc\u015ft\u00fc: Asans\u00f6r ustas\u0131 hayat\u0131n\u0131 kaybetti - Memurun Sesi","isPartOf":{"@id":"https:\/\/memurunsesi.net\/#website"},"primaryImageOfPage":{"@id":"https:\/\/memurunsesi.net\/index.php\/2025\/04\/30\/bakimini-yaptigi-asansor-uzerine-dustu-asansor-ustasi-hayatini-kaybetti\/#primaryimage"},"image":{"@id":"https:\/\/memurunsesi.net\/index.php\/2025\/04\/30\/bakimini-yaptigi-asansor-uzerine-dustu-asansor-ustasi-hayatini-kaybetti\/#primaryimage"},"thumbnailUrl":"https:\/\/memurunsesi.net\/wp-content\/uploads\/2025\/04\/AW444384_01.jpg","datePublished":"2025-04-30T12:01:16+00:00","breadcrumb":{"@id":"https:\/\/memurunsesi.net\/index.php\/2025\/04\/30\/bakimini-yaptigi-asansor-uzerine-dustu-asansor-ustasi-hayatini-kaybetti\/#breadcrumb"},"inLanguage":"tr","potentialAction":[{"@type":"ReadAction","target":["https:\/\/memurunsesi.net\/index.php\/2025\/04\/30\/bakimini-yaptigi-asansor-uzerine-dustu-asansor-ustasi-hayatini-kaybetti\/"]}]},{"@type":"ImageObject","inLanguage":"tr","@id":"https:\/\/memurunsesi.net\/index.php\/2025\/04\/30\/bakimini-yaptigi-asansor-uzerine-dustu-asansor-ustasi-hayatini-kaybetti\/#primaryimage","url":"https:\/\/memurunsesi.net\/wp-content\/uploads\/2025\/04\/AW444384_01.jpg","contentUrl":"https:\/\/memurunsesi.net\/wp-content\/uploads\/2025\/04\/AW444384_01.jpg","width":525,"height":731},{"@type":"BreadcrumbList","@id":"https:\/\/memurunsesi.net\/index.php\/2025\/04\/30\/bakimini-yaptigi-asansor-uzerine-dustu-asansor-ustasi-hayatini-kaybetti\/#breadcrumb","itemListElement":[{"@type":"ListItem","position":1,"name":"Anasayfa","item":"https:\/\/memurunsesi.net\/"},{"@type":"ListItem","position":2,"name":"Bak\u0131m\u0131n\u0131 yapt\u0131\u011f\u0131 asans\u00f6r \u00fczerine d\u00fc\u015ft\u00fc: Asans\u00f6r ustas\u0131 hayat\u0131n\u0131 kaybetti"}]},{"@type":"WebSite","@id":"https:\/\/memurunsesi.net\/#website","url":"https:\/\/memurunsesi.net\/","name":"Memurun Sesi","description":"G\u00fcncel ve Do\u011fru Haber","publisher":{"@id":"https:\/\/memurunsesi.net\/#organization"},"potentialAction":[{"@type":"SearchAction","target":{"@type":"EntryPoint","urlTemplate":"https:\/\/memurunsesi.net\/?s={search_term_string}"},"query-input":{"@type":"PropertyValueSpecification","valueRequired":true,"valueName":"search_term_string"}}],"inLanguage":"tr"},{"@type":"Organization","@id":"https:\/\/memurunsesi.net\/#organization","name":"Memurun Sesi","url":"https:\/\/memurunsesi.net\/","logo":{"@type":"ImageObject","inLanguage":"tr","@id":"https:\/\/memurunsesi.net\/#\/schema\/logo\/image\/","url":"https:\/\/memurunsesi.net\/wp-content\/uploads\/2025\/11\/cropped-MEMURUN-SESI.png","contentUrl":"https:\/\/memurunsesi.net\/wp-content\/uploads\/2025\/11\/cropped-MEMURUN-SESI.png","width":238,"height":57,"caption":"Memurun Sesi"},"image":{"@id":"https:\/\/memurunsesi.net\/#\/schema\/logo\/image\/"},"sameAs":["https:\/\/www.facebook.com\/unipersen\/?locale=tr_TR","https:\/\/x.com\/unipersen"]},{"@type":"Person","@id":"https:\/\/memurunsesi.net\/#\/schema\/person\/f21c2d73b89f6ee1d80b0a1803e38587","name":"Memurun Sesi Haber Merkezi","image":{"@type":"ImageObject","inLanguage":"tr","@id":"https:\/\/secure.gravatar.com\/avatar\/6cf0505f452ee753f485014986fab09a434671d2b919ee76fc541025c5876a70?s=96&d=mm&r=g","url":"https:\/\/secure.gravatar.com\/avatar\/6cf0505f452ee753f485014986fab09a434671d2b919ee76fc541025c5876a70?s=96&d=mm&r=g","contentUrl":"https:\/\/secure.gravatar.com\/avatar\/6cf0505f452ee753f485014986fab09a434671d2b919ee76fc541025c5876a70?s=96&d=mm&r=g","caption":"Memurun Sesi Haber Merkezi"},"sameAs":["https:\/\/memurunsesi.net"],"url":"https:\/\/memurunsesi.net\/index.php\/author\/uniper\/"}]}},"_links":{"self":[{"href":"https:\/\/memurunsesi.net\/index.php\/wp-json\/wp\/v2\/posts\/6290","targetHints":{"allow":["GET"]}}],"collection":[{"href":"https:\/\/memurunsesi.net\/index.php\/wp-json\/wp\/v2\/posts"}],"about":[{"href":"https:\/\/memurunsesi.net\/index.php\/wp-json\/wp\/v2\/types\/post"}],"author":[{"embeddable":true,"href":"https:\/\/memurunsesi.net\/index.php\/wp-json\/wp\/v2\/users\/1"}],"replies":[{"embeddable":true,"href":"https:\/\/memurunsesi.net\/index.php\/wp-json\/wp\/v2\/comments?post=6290"}],"version-history":[{"count":1,"href":"https:\/\/memurunsesi.net\/index.php\/wp-json\/wp\/v2\/posts\/6290\/revisions"}],"predecessor-version":[{"id":6292,"href":"https:\/\/memurunsesi.net\/index.php\/wp-json\/wp\/v2\/posts\/6290\/revisions\/6292"}],"wp:featuredmedia":[{"embeddable":true,"href":"https:\/\/memurunsesi.net\/index.php\/wp-json\/wp\/v2\/media\/6291"}],"wp:attachment":[{"href":"https:\/\/memurunsesi.net\/index.php\/wp-json\/wp\/v2\/media?parent=6290"}],"wp:term":[{"taxonomy":"category","embeddable":true,"href":"https:\/\/memurunsesi.net\/index.php\/wp-json\/wp\/v2\/categories?post=6290"},{"taxonomy":"post_tag","embeddable":true,"href":"https:\/\/memurunsesi.net\/index.php\/wp-json\/wp\/v2\/tags?post=6290"}],"curies":[{"name":"wp","href":"https:\/\/api.w.org\/{rel}","templated":true}]}}