{"id":6297,"date":"2025-04-30T19:10:05","date_gmt":"2025-04-30T16:10:05","guid":{"rendered":"https:\/\/memurunsesi.net\/?p=6297"},"modified":"2025-04-30T19:10:38","modified_gmt":"2025-04-30T16:10:38","slug":"belediye-otobusu-ile-otomobil-carpisti-9-yarali","status":"publish","type":"post","link":"https:\/\/memurunsesi.net\/index.php\/2025\/04\/30\/belediye-otobusu-ile-otomobil-carpisti-9-yarali\/","title":{"rendered":"Belediye otob\u00fcs\u00fc ile otomobil \u00e7arp\u0131\u015ft\u0131: 9 yaral\u0131"},"content":{"rendered":"<p>   Kayseri\u2019nin Kocasinan il\u00e7esinde belediye otob\u00fcs\u00fc ile otomobilin \u00e7arp\u0131\u015ft\u0131\u011f\u0131 kazada 1\u2019i a\u011f\u0131r 9 ki\u015fi yaraland\u0131.<br \/>\nEdinilen bilgiye g\u00f6re, Beyaz\u015fehir Mahallesi Sivas Bulvar\u0131 \u00fczerinde N.O. idaresindeki 38 AIF 012 plakal\u0131 belediye otob\u00fcs\u00fc ile B.D. \u0130daresindeki 38 ABC 756 plakal\u0131 Fiat marka otomobil \u00e7arp\u0131\u015ft\u0131. Otomobil \u00e7arpman\u0131n etkisi ile ters d\u00f6nerken, s\u00fcr\u00fcc\u00fc B.D. ile otob\u00fcste bulunan 1\u2019i a\u011f\u0131r 8 ki\u015fi yaraland\u0131. Haber verilmesi \u00fczerine olay yerine sa\u011fl\u0131k ve polis ekipleri sevk edildi.<br \/>\n  Yaral\u0131lar olay yerindeki ilk m\u00fcdahalenin ard\u0131ndan ambulanslarla hastaneye kald\u0131r\u0131l\u0131rken, polis ekipleri de kazan\u0131n meydana geldi\u011fi yol \u00fczerinde g\u00fcvenlik \u00f6nlemi ald\u0131.<br \/>\n  Kazayla ilgili soru\u015fturma ba\u015flat\u0131ld\u0131. <\/p>\n<p>30.04.2025                           <\/p>\n","protected":false},"excerpt":{"rendered":"<p>Kayseri\u2019nin Kocasinan il\u00e7esinde belediye otob\u00fcs\u00fc ile otomobilin \u00e7arp\u0131\u015ft\u0131\u011f\u0131 kazada 1\u2019i a\u011f\u0131r 9 ki\u015fi yaraland\u0131. Edinilen bilgiye g\u00f6re, Beyaz\u015fehir Mahallesi Sivas Bulvar\u0131 \u00fczerinde N.O. idaresindeki 38 AIF 012 plakal\u0131 belediye otob\u00fcs\u00fc ile B.D. \u0130daresindeki 38 ABC 756 plakal\u0131 Fiat marka otomobil \u00e7arp\u0131\u015ft\u0131. Otomobil \u00e7arpman\u0131n etkisi ile ters d\u00f6nerken, s\u00fcr\u00fcc\u00fc B.D. ile otob\u00fcste bulunan 1\u2019i a\u011f\u0131r 8 [&hellip;]<\/p>\n","protected":false},"author":1,"featured_media":0,"comment_status":"open","ping_status":"open","sticky":false,"template":"","format":"standard","meta":{"footnotes":""},"categories":[1],"tags":[],"class_list":["post-6297","post","type-post","status-publish","format-standard","hentry","category-genel"],"yoast_head":"<!-- This site is optimized with the Yoast SEO plugin v27.4 - https:\/\/yoast.com\/product\/yoast-seo-wordpress\/ -->\n<title>Belediye otob\u00fcs\u00fc ile otomobil \u00e7arp\u0131\u015ft\u0131: 9 yaral\u0131 - Memurun Sesi<\/title>\n<meta name=\"robots\" content=\"index, follow, max-snippet:-1, max-image-preview:large, max-video-preview:-1\" \/>\n<link rel=\"canonical\" href=\"https:\/\/memurunsesi.net\/index.php\/2025\/04\/30\/belediye-otobusu-ile-otomobil-carpisti-9-yarali\/\" \/>\n<meta property=\"og:locale\" content=\"tr_TR\" \/>\n<meta property=\"og:type\" content=\"article\" \/>\n<meta property=\"og:title\" content=\"Belediye otob\u00fcs\u00fc ile otomobil \u00e7arp\u0131\u015ft\u0131: 9 yaral\u0131 - Memurun Sesi\" \/>\n<meta property=\"og:description\" content=\"Kayseri\u2019nin Kocasinan il\u00e7esinde belediye otob\u00fcs\u00fc ile otomobilin \u00e7arp\u0131\u015ft\u0131\u011f\u0131 kazada 1\u2019i a\u011f\u0131r 9 ki\u015fi yaraland\u0131. Edinilen bilgiye g\u00f6re, Beyaz\u015fehir Mahallesi Sivas Bulvar\u0131 \u00fczerinde N.O. idaresindeki 38 AIF 012 plakal\u0131 belediye otob\u00fcs\u00fc ile B.D. \u0130daresindeki 38 ABC 756 plakal\u0131 Fiat marka otomobil \u00e7arp\u0131\u015ft\u0131. Otomobil \u00e7arpman\u0131n etkisi ile ters d\u00f6nerken, s\u00fcr\u00fcc\u00fc B.D. ile otob\u00fcste bulunan 1\u2019i a\u011f\u0131r 8 [&hellip;]\" \/>\n<meta property=\"og:url\" content=\"https:\/\/memurunsesi.net\/index.php\/2025\/04\/30\/belediye-otobusu-ile-otomobil-carpisti-9-yarali\/\" \/>\n<meta property=\"og:site_name\" content=\"Memurun Sesi\" \/>\n<meta property=\"article:publisher\" content=\"https:\/\/www.facebook.com\/unipersen\/?locale=tr_TR\" \/>\n<meta property=\"article:published_time\" content=\"2025-04-30T16:10:05+00:00\" \/>\n<meta property=\"article:modified_time\" content=\"2025-04-30T16:10:38+00:00\" \/>\n<meta name=\"author\" content=\"Memurun Sesi Haber Merkezi\" \/>\n<meta name=\"twitter:card\" content=\"summary_large_image\" \/>\n<meta name=\"twitter:creator\" content=\"@unipersen\" \/>\n<meta name=\"twitter:site\" content=\"@unipersen\" \/>\n<meta name=\"twitter:label1\" content=\"Yazan:\" \/>\n\t<meta name=\"twitter:data1\" content=\"Memurun Sesi Haber Merkezi\" \/>\n\t<meta name=\"twitter:label2\" content=\"Tahmini okuma s\u00fcresi\" \/>\n\t<meta name=\"twitter:data2\" content=\"1 dakika\" \/>\n<script type=\"application\/ld+json\" class=\"yoast-schema-graph\">{\"@context\":\"https:\\\/\\\/schema.org\",\"@graph\":[{\"@type\":\"Article\",\"@id\":\"https:\\\/\\\/memurunsesi.net\\\/index.php\\\/2025\\\/04\\\/30\\\/belediye-otobusu-ile-otomobil-carpisti-9-yarali\\\/#article\",\"isPartOf\":{\"@id\":\"https:\\\/\\\/memurunsesi.net\\\/index.php\\\/2025\\\/04\\\/30\\\/belediye-otobusu-ile-otomobil-carpisti-9-yarali\\\/\"},\"author\":{\"name\":\"Memurun Sesi Haber Merkezi\",\"@id\":\"https:\\\/\\\/memurunsesi.net\\\/#\\\/schema\\\/person\\\/f21c2d73b89f6ee1d80b0a1803e38587\"},\"headline\":\"Belediye otob\u00fcs\u00fc ile otomobil \u00e7arp\u0131\u015ft\u0131: 9 yaral\u0131\",\"datePublished\":\"2025-04-30T16:10:05+00:00\",\"dateModified\":\"2025-04-30T16:10:38+00:00\",\"mainEntityOfPage\":{\"@id\":\"https:\\\/\\\/memurunsesi.net\\\/index.php\\\/2025\\\/04\\\/30\\\/belediye-otobusu-ile-otomobil-carpisti-9-yarali\\\/\"},\"wordCount\":128,\"commentCount\":0,\"publisher\":{\"@id\":\"https:\\\/\\\/memurunsesi.net\\\/#organization\"},\"inLanguage\":\"tr\",\"potentialAction\":[{\"@type\":\"CommentAction\",\"name\":\"Comment\",\"target\":[\"https:\\\/\\\/memurunsesi.net\\\/index.php\\\/2025\\\/04\\\/30\\\/belediye-otobusu-ile-otomobil-carpisti-9-yarali\\\/#respond\"]}]},{\"@type\":\"WebPage\",\"@id\":\"https:\\\/\\\/memurunsesi.net\\\/index.php\\\/2025\\\/04\\\/30\\\/belediye-otobusu-ile-otomobil-carpisti-9-yarali\\\/\",\"url\":\"https:\\\/\\\/memurunsesi.net\\\/index.php\\\/2025\\\/04\\\/30\\\/belediye-otobusu-ile-otomobil-carpisti-9-yarali\\\/\",\"name\":\"Belediye otob\u00fcs\u00fc ile otomobil \u00e7arp\u0131\u015ft\u0131: 9 yaral\u0131 - Memurun Sesi\",\"isPartOf\":{\"@id\":\"https:\\\/\\\/memurunsesi.net\\\/#website\"},\"datePublished\":\"2025-04-30T16:10:05+00:00\",\"dateModified\":\"2025-04-30T16:10:38+00:00\",\"breadcrumb\":{\"@id\":\"https:\\\/\\\/memurunsesi.net\\\/index.php\\\/2025\\\/04\\\/30\\\/belediye-otobusu-ile-otomobil-carpisti-9-yarali\\\/#breadcrumb\"},\"inLanguage\":\"tr\",\"potentialAction\":[{\"@type\":\"ReadAction\",\"target\":[\"https:\\\/\\\/memurunsesi.net\\\/index.php\\\/2025\\\/04\\\/30\\\/belediye-otobusu-ile-otomobil-carpisti-9-yarali\\\/\"]}]},{\"@type\":\"BreadcrumbList\",\"@id\":\"https:\\\/\\\/memurunsesi.net\\\/index.php\\\/2025\\\/04\\\/30\\\/belediye-otobusu-ile-otomobil-carpisti-9-yarali\\\/#breadcrumb\",\"itemListElement\":[{\"@type\":\"ListItem\",\"position\":1,\"name\":\"Anasayfa\",\"item\":\"https:\\\/\\\/memurunsesi.net\\\/\"},{\"@type\":\"ListItem\",\"position\":2,\"name\":\"Belediye otob\u00fcs\u00fc ile otomobil \u00e7arp\u0131\u015ft\u0131: 9 yaral\u0131\"}]},{\"@type\":\"WebSite\",\"@id\":\"https:\\\/\\\/memurunsesi.net\\\/#website\",\"url\":\"https:\\\/\\\/memurunsesi.net\\\/\",\"name\":\"Memurun Sesi\",\"description\":\"G\u00fcncel ve Do\u011fru Haber\",\"publisher\":{\"@id\":\"https:\\\/\\\/memurunsesi.net\\\/#organization\"},\"potentialAction\":[{\"@type\":\"SearchAction\",\"target\":{\"@type\":\"EntryPoint\",\"urlTemplate\":\"https:\\\/\\\/memurunsesi.net\\\/?s={search_term_string}\"},\"query-input\":{\"@type\":\"PropertyValueSpecification\",\"valueRequired\":true,\"valueName\":\"search_term_string\"}}],\"inLanguage\":\"tr\"},{\"@type\":\"Organization\",\"@id\":\"https:\\\/\\\/memurunsesi.net\\\/#organization\",\"name\":\"Memurun Sesi\",\"url\":\"https:\\\/\\\/memurunsesi.net\\\/\",\"logo\":{\"@type\":\"ImageObject\",\"inLanguage\":\"tr\",\"@id\":\"https:\\\/\\\/memurunsesi.net\\\/#\\\/schema\\\/logo\\\/image\\\/\",\"url\":\"https:\\\/\\\/memurunsesi.net\\\/wp-content\\\/uploads\\\/2025\\\/11\\\/cropped-MEMURUN-SESI.png\",\"contentUrl\":\"https:\\\/\\\/memurunsesi.net\\\/wp-content\\\/uploads\\\/2025\\\/11\\\/cropped-MEMURUN-SESI.png\",\"width\":238,\"height\":57,\"caption\":\"Memurun Sesi\"},\"image\":{\"@id\":\"https:\\\/\\\/memurunsesi.net\\\/#\\\/schema\\\/logo\\\/image\\\/\"},\"sameAs\":[\"https:\\\/\\\/www.facebook.com\\\/unipersen\\\/?locale=tr_TR\",\"https:\\\/\\\/x.com\\\/unipersen\"]},{\"@type\":\"Person\",\"@id\":\"https:\\\/\\\/memurunsesi.net\\\/#\\\/schema\\\/person\\\/f21c2d73b89f6ee1d80b0a1803e38587\",\"name\":\"Memurun Sesi Haber Merkezi\",\"image\":{\"@type\":\"ImageObject\",\"inLanguage\":\"tr\",\"@id\":\"https:\\\/\\\/secure.gravatar.com\\\/avatar\\\/6cf0505f452ee753f485014986fab09a434671d2b919ee76fc541025c5876a70?s=96&d=mm&r=g\",\"url\":\"https:\\\/\\\/secure.gravatar.com\\\/avatar\\\/6cf0505f452ee753f485014986fab09a434671d2b919ee76fc541025c5876a70?s=96&d=mm&r=g\",\"contentUrl\":\"https:\\\/\\\/secure.gravatar.com\\\/avatar\\\/6cf0505f452ee753f485014986fab09a434671d2b919ee76fc541025c5876a70?s=96&d=mm&r=g\",\"caption\":\"Memurun Sesi Haber Merkezi\"},\"sameAs\":[\"https:\\\/\\\/memurunsesi.net\"],\"url\":\"https:\\\/\\\/memurunsesi.net\\\/index.php\\\/author\\\/uniper\\\/\"}]}<\/script>\n<!-- \/ Yoast SEO plugin. -->","yoast_head_json":{"title":"Belediye otob\u00fcs\u00fc ile otomobil \u00e7arp\u0131\u015ft\u0131: 9 yaral\u0131 - Memurun Sesi","robots":{"index":"index","follow":"follow","max-snippet":"max-snippet:-1","max-image-preview":"max-image-preview:large","max-video-preview":"max-video-preview:-1"},"canonical":"https:\/\/memurunsesi.net\/index.php\/2025\/04\/30\/belediye-otobusu-ile-otomobil-carpisti-9-yarali\/","og_locale":"tr_TR","og_type":"article","og_title":"Belediye otob\u00fcs\u00fc ile otomobil \u00e7arp\u0131\u015ft\u0131: 9 yaral\u0131 - Memurun Sesi","og_description":"Kayseri\u2019nin Kocasinan il\u00e7esinde belediye otob\u00fcs\u00fc ile otomobilin \u00e7arp\u0131\u015ft\u0131\u011f\u0131 kazada 1\u2019i a\u011f\u0131r 9 ki\u015fi yaraland\u0131. Edinilen bilgiye g\u00f6re, Beyaz\u015fehir Mahallesi Sivas Bulvar\u0131 \u00fczerinde N.O. idaresindeki 38 AIF 012 plakal\u0131 belediye otob\u00fcs\u00fc ile B.D. \u0130daresindeki 38 ABC 756 plakal\u0131 Fiat marka otomobil \u00e7arp\u0131\u015ft\u0131. Otomobil \u00e7arpman\u0131n etkisi ile ters d\u00f6nerken, s\u00fcr\u00fcc\u00fc B.D. ile otob\u00fcste bulunan 1\u2019i a\u011f\u0131r 8 [&hellip;]","og_url":"https:\/\/memurunsesi.net\/index.php\/2025\/04\/30\/belediye-otobusu-ile-otomobil-carpisti-9-yarali\/","og_site_name":"Memurun Sesi","article_publisher":"https:\/\/www.facebook.com\/unipersen\/?locale=tr_TR","article_published_time":"2025-04-30T16:10:05+00:00","article_modified_time":"2025-04-30T16:10:38+00:00","author":"Memurun Sesi Haber Merkezi","twitter_card":"summary_large_image","twitter_creator":"@unipersen","twitter_site":"@unipersen","twitter_misc":{"Yazan:":"Memurun Sesi Haber Merkezi","Tahmini okuma s\u00fcresi":"1 dakika"},"schema":{"@context":"https:\/\/schema.org","@graph":[{"@type":"Article","@id":"https:\/\/memurunsesi.net\/index.php\/2025\/04\/30\/belediye-otobusu-ile-otomobil-carpisti-9-yarali\/#article","isPartOf":{"@id":"https:\/\/memurunsesi.net\/index.php\/2025\/04\/30\/belediye-otobusu-ile-otomobil-carpisti-9-yarali\/"},"author":{"name":"Memurun Sesi Haber Merkezi","@id":"https:\/\/memurunsesi.net\/#\/schema\/person\/f21c2d73b89f6ee1d80b0a1803e38587"},"headline":"Belediye otob\u00fcs\u00fc ile otomobil \u00e7arp\u0131\u015ft\u0131: 9 yaral\u0131","datePublished":"2025-04-30T16:10:05+00:00","dateModified":"2025-04-30T16:10:38+00:00","mainEntityOfPage":{"@id":"https:\/\/memurunsesi.net\/index.php\/2025\/04\/30\/belediye-otobusu-ile-otomobil-carpisti-9-yarali\/"},"wordCount":128,"commentCount":0,"publisher":{"@id":"https:\/\/memurunsesi.net\/#organization"},"inLanguage":"tr","potentialAction":[{"@type":"CommentAction","name":"Comment","target":["https:\/\/memurunsesi.net\/index.php\/2025\/04\/30\/belediye-otobusu-ile-otomobil-carpisti-9-yarali\/#respond"]}]},{"@type":"WebPage","@id":"https:\/\/memurunsesi.net\/index.php\/2025\/04\/30\/belediye-otobusu-ile-otomobil-carpisti-9-yarali\/","url":"https:\/\/memurunsesi.net\/index.php\/2025\/04\/30\/belediye-otobusu-ile-otomobil-carpisti-9-yarali\/","name":"Belediye otob\u00fcs\u00fc ile otomobil \u00e7arp\u0131\u015ft\u0131: 9 yaral\u0131 - Memurun Sesi","isPartOf":{"@id":"https:\/\/memurunsesi.net\/#website"},"datePublished":"2025-04-30T16:10:05+00:00","dateModified":"2025-04-30T16:10:38+00:00","breadcrumb":{"@id":"https:\/\/memurunsesi.net\/index.php\/2025\/04\/30\/belediye-otobusu-ile-otomobil-carpisti-9-yarali\/#breadcrumb"},"inLanguage":"tr","potentialAction":[{"@type":"ReadAction","target":["https:\/\/memurunsesi.net\/index.php\/2025\/04\/30\/belediye-otobusu-ile-otomobil-carpisti-9-yarali\/"]}]},{"@type":"BreadcrumbList","@id":"https:\/\/memurunsesi.net\/index.php\/2025\/04\/30\/belediye-otobusu-ile-otomobil-carpisti-9-yarali\/#breadcrumb","itemListElement":[{"@type":"ListItem","position":1,"name":"Anasayfa","item":"https:\/\/memurunsesi.net\/"},{"@type":"ListItem","position":2,"name":"Belediye otob\u00fcs\u00fc ile otomobil \u00e7arp\u0131\u015ft\u0131: 9 yaral\u0131"}]},{"@type":"WebSite","@id":"https:\/\/memurunsesi.net\/#website","url":"https:\/\/memurunsesi.net\/","name":"Memurun Sesi","description":"G\u00fcncel ve Do\u011fru Haber","publisher":{"@id":"https:\/\/memurunsesi.net\/#organization"},"potentialAction":[{"@type":"SearchAction","target":{"@type":"EntryPoint","urlTemplate":"https:\/\/memurunsesi.net\/?s={search_term_string}"},"query-input":{"@type":"PropertyValueSpecification","valueRequired":true,"valueName":"search_term_string"}}],"inLanguage":"tr"},{"@type":"Organization","@id":"https:\/\/memurunsesi.net\/#organization","name":"Memurun Sesi","url":"https:\/\/memurunsesi.net\/","logo":{"@type":"ImageObject","inLanguage":"tr","@id":"https:\/\/memurunsesi.net\/#\/schema\/logo\/image\/","url":"https:\/\/memurunsesi.net\/wp-content\/uploads\/2025\/11\/cropped-MEMURUN-SESI.png","contentUrl":"https:\/\/memurunsesi.net\/wp-content\/uploads\/2025\/11\/cropped-MEMURUN-SESI.png","width":238,"height":57,"caption":"Memurun Sesi"},"image":{"@id":"https:\/\/memurunsesi.net\/#\/schema\/logo\/image\/"},"sameAs":["https:\/\/www.facebook.com\/unipersen\/?locale=tr_TR","https:\/\/x.com\/unipersen"]},{"@type":"Person","@id":"https:\/\/memurunsesi.net\/#\/schema\/person\/f21c2d73b89f6ee1d80b0a1803e38587","name":"Memurun Sesi Haber Merkezi","image":{"@type":"ImageObject","inLanguage":"tr","@id":"https:\/\/secure.gravatar.com\/avatar\/6cf0505f452ee753f485014986fab09a434671d2b919ee76fc541025c5876a70?s=96&d=mm&r=g","url":"https:\/\/secure.gravatar.com\/avatar\/6cf0505f452ee753f485014986fab09a434671d2b919ee76fc541025c5876a70?s=96&d=mm&r=g","contentUrl":"https:\/\/secure.gravatar.com\/avatar\/6cf0505f452ee753f485014986fab09a434671d2b919ee76fc541025c5876a70?s=96&d=mm&r=g","caption":"Memurun Sesi Haber Merkezi"},"sameAs":["https:\/\/memurunsesi.net"],"url":"https:\/\/memurunsesi.net\/index.php\/author\/uniper\/"}]}},"_links":{"self":[{"href":"https:\/\/memurunsesi.net\/index.php\/wp-json\/wp\/v2\/posts\/6297","targetHints":{"allow":["GET"]}}],"collection":[{"href":"https:\/\/memurunsesi.net\/index.php\/wp-json\/wp\/v2\/posts"}],"about":[{"href":"https:\/\/memurunsesi.net\/index.php\/wp-json\/wp\/v2\/types\/post"}],"author":[{"embeddable":true,"href":"https:\/\/memurunsesi.net\/index.php\/wp-json\/wp\/v2\/users\/1"}],"replies":[{"embeddable":true,"href":"https:\/\/memurunsesi.net\/index.php\/wp-json\/wp\/v2\/comments?post=6297"}],"version-history":[{"count":1,"href":"https:\/\/memurunsesi.net\/index.php\/wp-json\/wp\/v2\/posts\/6297\/revisions"}],"predecessor-version":[{"id":6299,"href":"https:\/\/memurunsesi.net\/index.php\/wp-json\/wp\/v2\/posts\/6297\/revisions\/6299"}],"wp:attachment":[{"href":"https:\/\/memurunsesi.net\/index.php\/wp-json\/wp\/v2\/media?parent=6297"}],"wp:term":[{"taxonomy":"category","embeddable":true,"href":"https:\/\/memurunsesi.net\/index.php\/wp-json\/wp\/v2\/categories?post=6297"},{"taxonomy":"post_tag","embeddable":true,"href":"https:\/\/memurunsesi.net\/index.php\/wp-json\/wp\/v2\/tags?post=6297"}],"curies":[{"name":"wp","href":"https:\/\/api.w.org\/{rel}","templated":true}]}}