{"id":6303,"date":"2025-04-30T19:14:16","date_gmt":"2025-04-30T16:14:16","guid":{"rendered":"https:\/\/memurunsesi.net\/?p=6303"},"modified":"2025-04-30T19:14:16","modified_gmt":"2025-04-30T16:14:16","slug":"duzce-valiliginden-silahli-yaralanma-olayina-iliskin-aciklama","status":"publish","type":"post","link":"https:\/\/memurunsesi.net\/index.php\/2025\/04\/30\/duzce-valiliginden-silahli-yaralanma-olayina-iliskin-aciklama\/","title":{"rendered":"D\u00fczce Valili\u011finden silahl\u0131 yaralanma olay\u0131na ili\u015fkin a\u00e7\u0131klama"},"content":{"rendered":"<p>  D\u00fczce Valili\u011fi, \u0130l Sa\u011fl\u0131k M\u00fcd\u00fcrl\u00fc\u011f\u00fc kamp\u00fcs\u00fcnde odas\u0131nda silahla vurulmu\u015f olarak bulunma olay\u0131na ili\u015fkin a\u00e7\u0131klama yay\u0131nland\u0131.<br \/>\nD\u00fczce Valili\u011finden yap\u0131lan a\u00e7\u0131klamada, &#8220;Bug\u00fcn saat 16.40 sular\u0131nda, \u0130l Sa\u011fl\u0131k M\u00fcd\u00fcrl\u00fc\u011f\u00fcm\u00fcz b\u00fcnyesinde Avukat olarak g\u00f6rev yapan M.\u00c7. (40) mesai arkada\u015flar\u0131 taraf\u0131ndan \u00e7al\u0131\u015fma odas\u0131nda ba\u015f\u0131ndan vurulmu\u015f halde bulunmu\u015ftur. \u0130lk m\u00fcdahalesi \u0130l Sa\u011fl\u0131k M\u00fcd\u00fcrl\u00fc\u011f\u00fc&#8217;nde g\u00f6revli sa\u011fl\u0131k personelleri taraf\u0131ndan yap\u0131lan personelimiz a\u011f\u0131r yaral\u0131 olarak Atat\u00fcrk Devlet Hastanesi\u2019ne sevk edilmi\u015f olup tedavisi yo\u011fun bak\u0131mda s\u00fcrmektedir. \u0130lk incelemelerin ard\u0131ndan intihar vakas\u0131 olarak de\u011ferlendirilen olayla ilgili adli ve idari soru\u015fturma titizlikle ve \u00e7ok y\u00f6nl\u00fc olarak y\u00fcr\u00fct\u00fclmektedir&#8221; ifadeleri kullan\u0131ld\u0131.  <\/p>\n<p>30.04.2025                             <\/p>\n","protected":false},"excerpt":{"rendered":"<p>D\u00fczce Valili\u011fi, \u0130l Sa\u011fl\u0131k M\u00fcd\u00fcrl\u00fc\u011f\u00fc kamp\u00fcs\u00fcnde odas\u0131nda silahla vurulmu\u015f olarak bulunma olay\u0131na ili\u015fkin a\u00e7\u0131klama yay\u0131nland\u0131. D\u00fczce Valili\u011finden yap\u0131lan a\u00e7\u0131klamada, &#8220;Bug\u00fcn saat 16.40 sular\u0131nda, \u0130l Sa\u011fl\u0131k M\u00fcd\u00fcrl\u00fc\u011f\u00fcm\u00fcz b\u00fcnyesinde Avukat olarak g\u00f6rev yapan M.\u00c7. (40) mesai arkada\u015flar\u0131 taraf\u0131ndan \u00e7al\u0131\u015fma odas\u0131nda ba\u015f\u0131ndan vurulmu\u015f halde bulunmu\u015ftur. \u0130lk m\u00fcdahalesi \u0130l Sa\u011fl\u0131k M\u00fcd\u00fcrl\u00fc\u011f\u00fc&#8217;nde g\u00f6revli sa\u011fl\u0131k personelleri taraf\u0131ndan yap\u0131lan personelimiz a\u011f\u0131r yaral\u0131 [&hellip;]<\/p>\n","protected":false},"author":1,"featured_media":6304,"comment_status":"open","ping_status":"open","sticky":false,"template":"","format":"standard","meta":{"footnotes":""},"categories":[50],"tags":[],"class_list":["post-6303","post","type-post","status-publish","format-standard","has-post-thumbnail","hentry","category-tum-haberler"],"yoast_head":"<!-- This site is optimized with the Yoast SEO plugin v27.4 - https:\/\/yoast.com\/product\/yoast-seo-wordpress\/ -->\n<title>D\u00fczce Valili\u011finden silahl\u0131 yaralanma olay\u0131na ili\u015fkin a\u00e7\u0131klama - Memurun Sesi<\/title>\n<meta name=\"robots\" content=\"index, follow, max-snippet:-1, max-image-preview:large, max-video-preview:-1\" \/>\n<link rel=\"canonical\" href=\"https:\/\/memurunsesi.net\/index.php\/2025\/04\/30\/duzce-valiliginden-silahli-yaralanma-olayina-iliskin-aciklama\/\" \/>\n<meta property=\"og:locale\" content=\"tr_TR\" \/>\n<meta property=\"og:type\" content=\"article\" \/>\n<meta property=\"og:title\" content=\"D\u00fczce Valili\u011finden silahl\u0131 yaralanma olay\u0131na ili\u015fkin a\u00e7\u0131klama - Memurun Sesi\" \/>\n<meta property=\"og:description\" content=\"D\u00fczce Valili\u011fi, \u0130l Sa\u011fl\u0131k M\u00fcd\u00fcrl\u00fc\u011f\u00fc kamp\u00fcs\u00fcnde odas\u0131nda silahla vurulmu\u015f olarak bulunma olay\u0131na ili\u015fkin a\u00e7\u0131klama yay\u0131nland\u0131. D\u00fczce Valili\u011finden yap\u0131lan a\u00e7\u0131klamada, &#8220;Bug\u00fcn saat 16.40 sular\u0131nda, \u0130l Sa\u011fl\u0131k M\u00fcd\u00fcrl\u00fc\u011f\u00fcm\u00fcz b\u00fcnyesinde Avukat olarak g\u00f6rev yapan M.\u00c7. (40) mesai arkada\u015flar\u0131 taraf\u0131ndan \u00e7al\u0131\u015fma odas\u0131nda ba\u015f\u0131ndan vurulmu\u015f halde bulunmu\u015ftur. \u0130lk m\u00fcdahalesi \u0130l Sa\u011fl\u0131k M\u00fcd\u00fcrl\u00fc\u011f\u00fc&#8217;nde g\u00f6revli sa\u011fl\u0131k personelleri taraf\u0131ndan yap\u0131lan personelimiz a\u011f\u0131r yaral\u0131 [&hellip;]\" \/>\n<meta property=\"og:url\" content=\"https:\/\/memurunsesi.net\/index.php\/2025\/04\/30\/duzce-valiliginden-silahli-yaralanma-olayina-iliskin-aciklama\/\" \/>\n<meta property=\"og:site_name\" content=\"Memurun Sesi\" \/>\n<meta property=\"article:publisher\" content=\"https:\/\/www.facebook.com\/unipersen\/?locale=tr_TR\" \/>\n<meta property=\"article:published_time\" content=\"2025-04-30T16:14:16+00:00\" \/>\n<meta property=\"og:image\" content=\"https:\/\/memurunsesi.net\/wp-content\/uploads\/2025\/04\/AW444650_01-scaled.jpg\" \/>\n\t<meta property=\"og:image:width\" content=\"2560\" \/>\n\t<meta property=\"og:image:height\" content=\"1440\" \/>\n\t<meta property=\"og:image:type\" content=\"image\/jpeg\" \/>\n<meta name=\"author\" content=\"Memurun Sesi Haber Merkezi\" \/>\n<meta name=\"twitter:card\" content=\"summary_large_image\" \/>\n<meta name=\"twitter:creator\" content=\"@unipersen\" \/>\n<meta name=\"twitter:site\" content=\"@unipersen\" \/>\n<meta name=\"twitter:label1\" content=\"Yazan:\" \/>\n\t<meta name=\"twitter:data1\" content=\"Memurun Sesi Haber Merkezi\" \/>\n\t<meta name=\"twitter:label2\" content=\"Tahmini okuma s\u00fcresi\" \/>\n\t<meta name=\"twitter:data2\" content=\"1 dakika\" \/>\n<script type=\"application\/ld+json\" class=\"yoast-schema-graph\">{\"@context\":\"https:\\\/\\\/schema.org\",\"@graph\":[{\"@type\":\"Article\",\"@id\":\"https:\\\/\\\/memurunsesi.net\\\/index.php\\\/2025\\\/04\\\/30\\\/duzce-valiliginden-silahli-yaralanma-olayina-iliskin-aciklama\\\/#article\",\"isPartOf\":{\"@id\":\"https:\\\/\\\/memurunsesi.net\\\/index.php\\\/2025\\\/04\\\/30\\\/duzce-valiliginden-silahli-yaralanma-olayina-iliskin-aciklama\\\/\"},\"author\":{\"name\":\"Memurun Sesi Haber Merkezi\",\"@id\":\"https:\\\/\\\/memurunsesi.net\\\/#\\\/schema\\\/person\\\/f21c2d73b89f6ee1d80b0a1803e38587\"},\"headline\":\"D\u00fczce Valili\u011finden silahl\u0131 yaralanma olay\u0131na ili\u015fkin a\u00e7\u0131klama\",\"datePublished\":\"2025-04-30T16:14:16+00:00\",\"mainEntityOfPage\":{\"@id\":\"https:\\\/\\\/memurunsesi.net\\\/index.php\\\/2025\\\/04\\\/30\\\/duzce-valiliginden-silahli-yaralanma-olayina-iliskin-aciklama\\\/\"},\"wordCount\":155,\"commentCount\":0,\"publisher\":{\"@id\":\"https:\\\/\\\/memurunsesi.net\\\/#organization\"},\"image\":{\"@id\":\"https:\\\/\\\/memurunsesi.net\\\/index.php\\\/2025\\\/04\\\/30\\\/duzce-valiliginden-silahli-yaralanma-olayina-iliskin-aciklama\\\/#primaryimage\"},\"thumbnailUrl\":\"https:\\\/\\\/memurunsesi.net\\\/wp-content\\\/uploads\\\/2025\\\/04\\\/AW444650_01-scaled.jpg\",\"articleSection\":[\"T\u00fcm Haberler\"],\"inLanguage\":\"tr\",\"potentialAction\":[{\"@type\":\"CommentAction\",\"name\":\"Comment\",\"target\":[\"https:\\\/\\\/memurunsesi.net\\\/index.php\\\/2025\\\/04\\\/30\\\/duzce-valiliginden-silahli-yaralanma-olayina-iliskin-aciklama\\\/#respond\"]}]},{\"@type\":\"WebPage\",\"@id\":\"https:\\\/\\\/memurunsesi.net\\\/index.php\\\/2025\\\/04\\\/30\\\/duzce-valiliginden-silahli-yaralanma-olayina-iliskin-aciklama\\\/\",\"url\":\"https:\\\/\\\/memurunsesi.net\\\/index.php\\\/2025\\\/04\\\/30\\\/duzce-valiliginden-silahli-yaralanma-olayina-iliskin-aciklama\\\/\",\"name\":\"D\u00fczce Valili\u011finden silahl\u0131 yaralanma olay\u0131na ili\u015fkin a\u00e7\u0131klama - Memurun Sesi\",\"isPartOf\":{\"@id\":\"https:\\\/\\\/memurunsesi.net\\\/#website\"},\"primaryImageOfPage\":{\"@id\":\"https:\\\/\\\/memurunsesi.net\\\/index.php\\\/2025\\\/04\\\/30\\\/duzce-valiliginden-silahli-yaralanma-olayina-iliskin-aciklama\\\/#primaryimage\"},\"image\":{\"@id\":\"https:\\\/\\\/memurunsesi.net\\\/index.php\\\/2025\\\/04\\\/30\\\/duzce-valiliginden-silahli-yaralanma-olayina-iliskin-aciklama\\\/#primaryimage\"},\"thumbnailUrl\":\"https:\\\/\\\/memurunsesi.net\\\/wp-content\\\/uploads\\\/2025\\\/04\\\/AW444650_01-scaled.jpg\",\"datePublished\":\"2025-04-30T16:14:16+00:00\",\"breadcrumb\":{\"@id\":\"https:\\\/\\\/memurunsesi.net\\\/index.php\\\/2025\\\/04\\\/30\\\/duzce-valiliginden-silahli-yaralanma-olayina-iliskin-aciklama\\\/#breadcrumb\"},\"inLanguage\":\"tr\",\"potentialAction\":[{\"@type\":\"ReadAction\",\"target\":[\"https:\\\/\\\/memurunsesi.net\\\/index.php\\\/2025\\\/04\\\/30\\\/duzce-valiliginden-silahli-yaralanma-olayina-iliskin-aciklama\\\/\"]}]},{\"@type\":\"ImageObject\",\"inLanguage\":\"tr\",\"@id\":\"https:\\\/\\\/memurunsesi.net\\\/index.php\\\/2025\\\/04\\\/30\\\/duzce-valiliginden-silahli-yaralanma-olayina-iliskin-aciklama\\\/#primaryimage\",\"url\":\"https:\\\/\\\/memurunsesi.net\\\/wp-content\\\/uploads\\\/2025\\\/04\\\/AW444650_01-scaled.jpg\",\"contentUrl\":\"https:\\\/\\\/memurunsesi.net\\\/wp-content\\\/uploads\\\/2025\\\/04\\\/AW444650_01-scaled.jpg\",\"width\":2560,\"height\":1440},{\"@type\":\"BreadcrumbList\",\"@id\":\"https:\\\/\\\/memurunsesi.net\\\/index.php\\\/2025\\\/04\\\/30\\\/duzce-valiliginden-silahli-yaralanma-olayina-iliskin-aciklama\\\/#breadcrumb\",\"itemListElement\":[{\"@type\":\"ListItem\",\"position\":1,\"name\":\"Anasayfa\",\"item\":\"https:\\\/\\\/memurunsesi.net\\\/\"},{\"@type\":\"ListItem\",\"position\":2,\"name\":\"D\u00fczce Valili\u011finden silahl\u0131 yaralanma olay\u0131na ili\u015fkin a\u00e7\u0131klama\"}]},{\"@type\":\"WebSite\",\"@id\":\"https:\\\/\\\/memurunsesi.net\\\/#website\",\"url\":\"https:\\\/\\\/memurunsesi.net\\\/\",\"name\":\"Memurun Sesi\",\"description\":\"G\u00fcncel ve Do\u011fru Haber\",\"publisher\":{\"@id\":\"https:\\\/\\\/memurunsesi.net\\\/#organization\"},\"potentialAction\":[{\"@type\":\"SearchAction\",\"target\":{\"@type\":\"EntryPoint\",\"urlTemplate\":\"https:\\\/\\\/memurunsesi.net\\\/?s={search_term_string}\"},\"query-input\":{\"@type\":\"PropertyValueSpecification\",\"valueRequired\":true,\"valueName\":\"search_term_string\"}}],\"inLanguage\":\"tr\"},{\"@type\":\"Organization\",\"@id\":\"https:\\\/\\\/memurunsesi.net\\\/#organization\",\"name\":\"Memurun Sesi\",\"url\":\"https:\\\/\\\/memurunsesi.net\\\/\",\"logo\":{\"@type\":\"ImageObject\",\"inLanguage\":\"tr\",\"@id\":\"https:\\\/\\\/memurunsesi.net\\\/#\\\/schema\\\/logo\\\/image\\\/\",\"url\":\"https:\\\/\\\/memurunsesi.net\\\/wp-content\\\/uploads\\\/2025\\\/11\\\/cropped-MEMURUN-SESI.png\",\"contentUrl\":\"https:\\\/\\\/memurunsesi.net\\\/wp-content\\\/uploads\\\/2025\\\/11\\\/cropped-MEMURUN-SESI.png\",\"width\":238,\"height\":57,\"caption\":\"Memurun Sesi\"},\"image\":{\"@id\":\"https:\\\/\\\/memurunsesi.net\\\/#\\\/schema\\\/logo\\\/image\\\/\"},\"sameAs\":[\"https:\\\/\\\/www.facebook.com\\\/unipersen\\\/?locale=tr_TR\",\"https:\\\/\\\/x.com\\\/unipersen\"]},{\"@type\":\"Person\",\"@id\":\"https:\\\/\\\/memurunsesi.net\\\/#\\\/schema\\\/person\\\/f21c2d73b89f6ee1d80b0a1803e38587\",\"name\":\"Memurun Sesi Haber Merkezi\",\"image\":{\"@type\":\"ImageObject\",\"inLanguage\":\"tr\",\"@id\":\"https:\\\/\\\/secure.gravatar.com\\\/avatar\\\/6cf0505f452ee753f485014986fab09a434671d2b919ee76fc541025c5876a70?s=96&d=mm&r=g\",\"url\":\"https:\\\/\\\/secure.gravatar.com\\\/avatar\\\/6cf0505f452ee753f485014986fab09a434671d2b919ee76fc541025c5876a70?s=96&d=mm&r=g\",\"contentUrl\":\"https:\\\/\\\/secure.gravatar.com\\\/avatar\\\/6cf0505f452ee753f485014986fab09a434671d2b919ee76fc541025c5876a70?s=96&d=mm&r=g\",\"caption\":\"Memurun Sesi Haber Merkezi\"},\"sameAs\":[\"https:\\\/\\\/memurunsesi.net\"],\"url\":\"https:\\\/\\\/memurunsesi.net\\\/index.php\\\/author\\\/uniper\\\/\"}]}<\/script>\n<!-- \/ Yoast SEO plugin. -->","yoast_head_json":{"title":"D\u00fczce Valili\u011finden silahl\u0131 yaralanma olay\u0131na ili\u015fkin a\u00e7\u0131klama - Memurun Sesi","robots":{"index":"index","follow":"follow","max-snippet":"max-snippet:-1","max-image-preview":"max-image-preview:large","max-video-preview":"max-video-preview:-1"},"canonical":"https:\/\/memurunsesi.net\/index.php\/2025\/04\/30\/duzce-valiliginden-silahli-yaralanma-olayina-iliskin-aciklama\/","og_locale":"tr_TR","og_type":"article","og_title":"D\u00fczce Valili\u011finden silahl\u0131 yaralanma olay\u0131na ili\u015fkin a\u00e7\u0131klama - Memurun Sesi","og_description":"D\u00fczce Valili\u011fi, \u0130l Sa\u011fl\u0131k M\u00fcd\u00fcrl\u00fc\u011f\u00fc kamp\u00fcs\u00fcnde odas\u0131nda silahla vurulmu\u015f olarak bulunma olay\u0131na ili\u015fkin a\u00e7\u0131klama yay\u0131nland\u0131. D\u00fczce Valili\u011finden yap\u0131lan a\u00e7\u0131klamada, &#8220;Bug\u00fcn saat 16.40 sular\u0131nda, \u0130l Sa\u011fl\u0131k M\u00fcd\u00fcrl\u00fc\u011f\u00fcm\u00fcz b\u00fcnyesinde Avukat olarak g\u00f6rev yapan M.\u00c7. (40) mesai arkada\u015flar\u0131 taraf\u0131ndan \u00e7al\u0131\u015fma odas\u0131nda ba\u015f\u0131ndan vurulmu\u015f halde bulunmu\u015ftur. \u0130lk m\u00fcdahalesi \u0130l Sa\u011fl\u0131k M\u00fcd\u00fcrl\u00fc\u011f\u00fc&#8217;nde g\u00f6revli sa\u011fl\u0131k personelleri taraf\u0131ndan yap\u0131lan personelimiz a\u011f\u0131r yaral\u0131 [&hellip;]","og_url":"https:\/\/memurunsesi.net\/index.php\/2025\/04\/30\/duzce-valiliginden-silahli-yaralanma-olayina-iliskin-aciklama\/","og_site_name":"Memurun Sesi","article_publisher":"https:\/\/www.facebook.com\/unipersen\/?locale=tr_TR","article_published_time":"2025-04-30T16:14:16+00:00","og_image":[{"width":2560,"height":1440,"url":"https:\/\/memurunsesi.net\/wp-content\/uploads\/2025\/04\/AW444650_01-scaled.jpg","type":"image\/jpeg"}],"author":"Memurun Sesi Haber Merkezi","twitter_card":"summary_large_image","twitter_creator":"@unipersen","twitter_site":"@unipersen","twitter_misc":{"Yazan:":"Memurun Sesi Haber Merkezi","Tahmini okuma s\u00fcresi":"1 dakika"},"schema":{"@context":"https:\/\/schema.org","@graph":[{"@type":"Article","@id":"https:\/\/memurunsesi.net\/index.php\/2025\/04\/30\/duzce-valiliginden-silahli-yaralanma-olayina-iliskin-aciklama\/#article","isPartOf":{"@id":"https:\/\/memurunsesi.net\/index.php\/2025\/04\/30\/duzce-valiliginden-silahli-yaralanma-olayina-iliskin-aciklama\/"},"author":{"name":"Memurun Sesi Haber Merkezi","@id":"https:\/\/memurunsesi.net\/#\/schema\/person\/f21c2d73b89f6ee1d80b0a1803e38587"},"headline":"D\u00fczce Valili\u011finden silahl\u0131 yaralanma olay\u0131na ili\u015fkin a\u00e7\u0131klama","datePublished":"2025-04-30T16:14:16+00:00","mainEntityOfPage":{"@id":"https:\/\/memurunsesi.net\/index.php\/2025\/04\/30\/duzce-valiliginden-silahli-yaralanma-olayina-iliskin-aciklama\/"},"wordCount":155,"commentCount":0,"publisher":{"@id":"https:\/\/memurunsesi.net\/#organization"},"image":{"@id":"https:\/\/memurunsesi.net\/index.php\/2025\/04\/30\/duzce-valiliginden-silahli-yaralanma-olayina-iliskin-aciklama\/#primaryimage"},"thumbnailUrl":"https:\/\/memurunsesi.net\/wp-content\/uploads\/2025\/04\/AW444650_01-scaled.jpg","articleSection":["T\u00fcm Haberler"],"inLanguage":"tr","potentialAction":[{"@type":"CommentAction","name":"Comment","target":["https:\/\/memurunsesi.net\/index.php\/2025\/04\/30\/duzce-valiliginden-silahli-yaralanma-olayina-iliskin-aciklama\/#respond"]}]},{"@type":"WebPage","@id":"https:\/\/memurunsesi.net\/index.php\/2025\/04\/30\/duzce-valiliginden-silahli-yaralanma-olayina-iliskin-aciklama\/","url":"https:\/\/memurunsesi.net\/index.php\/2025\/04\/30\/duzce-valiliginden-silahli-yaralanma-olayina-iliskin-aciklama\/","name":"D\u00fczce Valili\u011finden silahl\u0131 yaralanma olay\u0131na ili\u015fkin a\u00e7\u0131klama - Memurun Sesi","isPartOf":{"@id":"https:\/\/memurunsesi.net\/#website"},"primaryImageOfPage":{"@id":"https:\/\/memurunsesi.net\/index.php\/2025\/04\/30\/duzce-valiliginden-silahli-yaralanma-olayina-iliskin-aciklama\/#primaryimage"},"image":{"@id":"https:\/\/memurunsesi.net\/index.php\/2025\/04\/30\/duzce-valiliginden-silahli-yaralanma-olayina-iliskin-aciklama\/#primaryimage"},"thumbnailUrl":"https:\/\/memurunsesi.net\/wp-content\/uploads\/2025\/04\/AW444650_01-scaled.jpg","datePublished":"2025-04-30T16:14:16+00:00","breadcrumb":{"@id":"https:\/\/memurunsesi.net\/index.php\/2025\/04\/30\/duzce-valiliginden-silahli-yaralanma-olayina-iliskin-aciklama\/#breadcrumb"},"inLanguage":"tr","potentialAction":[{"@type":"ReadAction","target":["https:\/\/memurunsesi.net\/index.php\/2025\/04\/30\/duzce-valiliginden-silahli-yaralanma-olayina-iliskin-aciklama\/"]}]},{"@type":"ImageObject","inLanguage":"tr","@id":"https:\/\/memurunsesi.net\/index.php\/2025\/04\/30\/duzce-valiliginden-silahli-yaralanma-olayina-iliskin-aciklama\/#primaryimage","url":"https:\/\/memurunsesi.net\/wp-content\/uploads\/2025\/04\/AW444650_01-scaled.jpg","contentUrl":"https:\/\/memurunsesi.net\/wp-content\/uploads\/2025\/04\/AW444650_01-scaled.jpg","width":2560,"height":1440},{"@type":"BreadcrumbList","@id":"https:\/\/memurunsesi.net\/index.php\/2025\/04\/30\/duzce-valiliginden-silahli-yaralanma-olayina-iliskin-aciklama\/#breadcrumb","itemListElement":[{"@type":"ListItem","position":1,"name":"Anasayfa","item":"https:\/\/memurunsesi.net\/"},{"@type":"ListItem","position":2,"name":"D\u00fczce Valili\u011finden silahl\u0131 yaralanma olay\u0131na ili\u015fkin a\u00e7\u0131klama"}]},{"@type":"WebSite","@id":"https:\/\/memurunsesi.net\/#website","url":"https:\/\/memurunsesi.net\/","name":"Memurun Sesi","description":"G\u00fcncel ve Do\u011fru Haber","publisher":{"@id":"https:\/\/memurunsesi.net\/#organization"},"potentialAction":[{"@type":"SearchAction","target":{"@type":"EntryPoint","urlTemplate":"https:\/\/memurunsesi.net\/?s={search_term_string}"},"query-input":{"@type":"PropertyValueSpecification","valueRequired":true,"valueName":"search_term_string"}}],"inLanguage":"tr"},{"@type":"Organization","@id":"https:\/\/memurunsesi.net\/#organization","name":"Memurun Sesi","url":"https:\/\/memurunsesi.net\/","logo":{"@type":"ImageObject","inLanguage":"tr","@id":"https:\/\/memurunsesi.net\/#\/schema\/logo\/image\/","url":"https:\/\/memurunsesi.net\/wp-content\/uploads\/2025\/11\/cropped-MEMURUN-SESI.png","contentUrl":"https:\/\/memurunsesi.net\/wp-content\/uploads\/2025\/11\/cropped-MEMURUN-SESI.png","width":238,"height":57,"caption":"Memurun Sesi"},"image":{"@id":"https:\/\/memurunsesi.net\/#\/schema\/logo\/image\/"},"sameAs":["https:\/\/www.facebook.com\/unipersen\/?locale=tr_TR","https:\/\/x.com\/unipersen"]},{"@type":"Person","@id":"https:\/\/memurunsesi.net\/#\/schema\/person\/f21c2d73b89f6ee1d80b0a1803e38587","name":"Memurun Sesi Haber Merkezi","image":{"@type":"ImageObject","inLanguage":"tr","@id":"https:\/\/secure.gravatar.com\/avatar\/6cf0505f452ee753f485014986fab09a434671d2b919ee76fc541025c5876a70?s=96&d=mm&r=g","url":"https:\/\/secure.gravatar.com\/avatar\/6cf0505f452ee753f485014986fab09a434671d2b919ee76fc541025c5876a70?s=96&d=mm&r=g","contentUrl":"https:\/\/secure.gravatar.com\/avatar\/6cf0505f452ee753f485014986fab09a434671d2b919ee76fc541025c5876a70?s=96&d=mm&r=g","caption":"Memurun Sesi Haber Merkezi"},"sameAs":["https:\/\/memurunsesi.net"],"url":"https:\/\/memurunsesi.net\/index.php\/author\/uniper\/"}]}},"_links":{"self":[{"href":"https:\/\/memurunsesi.net\/index.php\/wp-json\/wp\/v2\/posts\/6303","targetHints":{"allow":["GET"]}}],"collection":[{"href":"https:\/\/memurunsesi.net\/index.php\/wp-json\/wp\/v2\/posts"}],"about":[{"href":"https:\/\/memurunsesi.net\/index.php\/wp-json\/wp\/v2\/types\/post"}],"author":[{"embeddable":true,"href":"https:\/\/memurunsesi.net\/index.php\/wp-json\/wp\/v2\/users\/1"}],"replies":[{"embeddable":true,"href":"https:\/\/memurunsesi.net\/index.php\/wp-json\/wp\/v2\/comments?post=6303"}],"version-history":[{"count":1,"href":"https:\/\/memurunsesi.net\/index.php\/wp-json\/wp\/v2\/posts\/6303\/revisions"}],"predecessor-version":[{"id":6305,"href":"https:\/\/memurunsesi.net\/index.php\/wp-json\/wp\/v2\/posts\/6303\/revisions\/6305"}],"wp:featuredmedia":[{"embeddable":true,"href":"https:\/\/memurunsesi.net\/index.php\/wp-json\/wp\/v2\/media\/6304"}],"wp:attachment":[{"href":"https:\/\/memurunsesi.net\/index.php\/wp-json\/wp\/v2\/media?parent=6303"}],"wp:term":[{"taxonomy":"category","embeddable":true,"href":"https:\/\/memurunsesi.net\/index.php\/wp-json\/wp\/v2\/categories?post=6303"},{"taxonomy":"post_tag","embeddable":true,"href":"https:\/\/memurunsesi.net\/index.php\/wp-json\/wp\/v2\/tags?post=6303"}],"curies":[{"name":"wp","href":"https:\/\/api.w.org\/{rel}","templated":true}]}}