{"id":6314,"date":"2025-05-02T07:18:57","date_gmt":"2025-05-02T04:18:57","guid":{"rendered":"https:\/\/memurunsesi.net\/?p=6314"},"modified":"2025-05-02T07:18:57","modified_gmt":"2025-05-02T04:18:57","slug":"yola-dokulen-odunlar-trafik-akisini-engelledi","status":"publish","type":"post","link":"https:\/\/memurunsesi.net\/index.php\/2025\/05\/02\/yola-dokulen-odunlar-trafik-akisini-engelledi\/","title":{"rendered":"Yola d\u00f6k\u00fclen odunlar trafik ak\u0131\u015f\u0131n\u0131 engelledi"},"content":{"rendered":"<p> Bart\u0131n&#8217;da yol \u00fczerine d\u00f6k\u00fclen odunlar, trafik ak\u0131\u015f\u0131n\u0131 engelledi. Polis ekiplerinin ikaz\u0131n\u0131n ard\u0131ndan odunlar kald\u0131r\u0131larak cadde yeniden trafi\u011fe a\u00e7\u0131ld\u0131.<br \/>\n  Edinilen bilgiye g\u00f6re Kemerk\u00f6pr\u00fc Mahallesi Somakl\u0131 Sokak&#8217;ta bulunan bir f\u0131r\u0131n i\u00e7in getirilen odunlar, i\u015f makinesi yard\u0131m\u0131yla bah\u00e7eye d\u00f6k\u00fcld\u00fc. Yola da ta\u015fan odunlar, caddenin tamamen kapanmas\u0131 \u00fczerine s\u00fcr\u00fcc\u00fcler polisi arayarak ihbarda bulundu. \u0130hbar \u00fczerine trafik polisleri ve bek\u00e7iler olay yerine geldi. Ekipler, f\u0131r\u0131n sahibi ve \u00e7al\u0131\u015fanlar\u0131 ikaz ederek, odunlar\u0131n bir an \u00f6nce yoldan al\u0131nmas\u0131n\u0131 istedi. Ekiplerin ikaz\u0131 \u00fczerine f\u0131r\u0131n \u00e7al\u0131\u015fanlar\u0131 odunlar\u0131 depoya ta\u015f\u0131yarak, yolun \u00f6nce bir k\u0131sm\u0131n\u0131, bir s\u00fcre sonra ise tamam\u0131n\u0131 yeniden ula\u015f\u0131ma a\u00e7t\u0131.<br \/>\n <div style=\"width: 512px;\" class=\"wp-video\"><video class=\"wp-video-shortcode\" id=\"video-6314-1\" width=\"512\" height=\"288\" preload=\"metadata\" controls=\"controls\"><source type=\"video\/mp4\" src=\"https:\/\/memurunsesi.net\/wp-content\/uploads\/2025\/05\/64B99E09-3C60-4C4E-88AB-17D523CDA5A3.mp4?_=1\" \/><a href=\"https:\/\/memurunsesi.net\/wp-content\/uploads\/2025\/05\/64B99E09-3C60-4C4E-88AB-17D523CDA5A3.mp4\">https:\/\/memurunsesi.net\/wp-content\/uploads\/2025\/05\/64B99E09-3C60-4C4E-88AB-17D523CDA5A3.mp4<\/a><\/video><\/div><br \/>\n2.05.2025                      <\/p>\n","protected":false},"excerpt":{"rendered":"<p>Bart\u0131n&#8217;da yol \u00fczerine d\u00f6k\u00fclen odunlar, trafik ak\u0131\u015f\u0131n\u0131 engelledi. Polis ekiplerinin ikaz\u0131n\u0131n ard\u0131ndan odunlar kald\u0131r\u0131larak cadde yeniden trafi\u011fe a\u00e7\u0131ld\u0131. Edinilen bilgiye g\u00f6re Kemerk\u00f6pr\u00fc Mahallesi Somakl\u0131 Sokak&#8217;ta bulunan bir f\u0131r\u0131n i\u00e7in getirilen odunlar, i\u015f makinesi yard\u0131m\u0131yla bah\u00e7eye d\u00f6k\u00fcld\u00fc. Yola da ta\u015fan odunlar, caddenin tamamen kapanmas\u0131 \u00fczerine s\u00fcr\u00fcc\u00fcler polisi arayarak ihbarda bulundu. \u0130hbar \u00fczerine trafik polisleri ve bek\u00e7iler [&hellip;]<\/p>\n","protected":false},"author":1,"featured_media":6316,"comment_status":"open","ping_status":"open","sticky":false,"template":"","format":"standard","meta":{"footnotes":""},"categories":[50],"tags":[],"class_list":["post-6314","post","type-post","status-publish","format-standard","has-post-thumbnail","hentry","category-tum-haberler"],"yoast_head":"<!-- This site is optimized with the Yoast SEO plugin v27.4 - https:\/\/yoast.com\/product\/yoast-seo-wordpress\/ -->\n<title>Yola d\u00f6k\u00fclen odunlar trafik ak\u0131\u015f\u0131n\u0131 engelledi - Memurun Sesi<\/title>\n<meta name=\"robots\" content=\"index, follow, max-snippet:-1, max-image-preview:large, max-video-preview:-1\" \/>\n<link rel=\"canonical\" href=\"https:\/\/memurunsesi.net\/index.php\/2025\/05\/02\/yola-dokulen-odunlar-trafik-akisini-engelledi\/\" \/>\n<meta property=\"og:locale\" content=\"tr_TR\" \/>\n<meta property=\"og:type\" content=\"article\" \/>\n<meta property=\"og:title\" content=\"Yola d\u00f6k\u00fclen odunlar trafik ak\u0131\u015f\u0131n\u0131 engelledi - Memurun Sesi\" \/>\n<meta property=\"og:description\" content=\"Bart\u0131n&#8217;da yol \u00fczerine d\u00f6k\u00fclen odunlar, trafik ak\u0131\u015f\u0131n\u0131 engelledi. Polis ekiplerinin ikaz\u0131n\u0131n ard\u0131ndan odunlar kald\u0131r\u0131larak cadde yeniden trafi\u011fe a\u00e7\u0131ld\u0131. Edinilen bilgiye g\u00f6re Kemerk\u00f6pr\u00fc Mahallesi Somakl\u0131 Sokak&#8217;ta bulunan bir f\u0131r\u0131n i\u00e7in getirilen odunlar, i\u015f makinesi yard\u0131m\u0131yla bah\u00e7eye d\u00f6k\u00fcld\u00fc. Yola da ta\u015fan odunlar, caddenin tamamen kapanmas\u0131 \u00fczerine s\u00fcr\u00fcc\u00fcler polisi arayarak ihbarda bulundu. \u0130hbar \u00fczerine trafik polisleri ve bek\u00e7iler [&hellip;]\" \/>\n<meta property=\"og:url\" content=\"https:\/\/memurunsesi.net\/index.php\/2025\/05\/02\/yola-dokulen-odunlar-trafik-akisini-engelledi\/\" \/>\n<meta property=\"og:site_name\" content=\"Memurun Sesi\" \/>\n<meta property=\"article:publisher\" content=\"https:\/\/www.facebook.com\/unipersen\/?locale=tr_TR\" \/>\n<meta property=\"article:published_time\" content=\"2025-05-02T04:18:57+00:00\" \/>\n<meta property=\"og:image\" content=\"https:\/\/memurunsesi.net\/wp-content\/uploads\/2025\/05\/AW445362_01-scaled.jpg\" \/>\n\t<meta property=\"og:image:width\" content=\"2560\" \/>\n\t<meta property=\"og:image:height\" content=\"1651\" \/>\n\t<meta property=\"og:image:type\" content=\"image\/jpeg\" \/>\n<meta name=\"author\" content=\"Memurun Sesi Haber Merkezi\" \/>\n<meta name=\"twitter:card\" content=\"summary_large_image\" \/>\n<meta name=\"twitter:creator\" content=\"@unipersen\" \/>\n<meta name=\"twitter:site\" content=\"@unipersen\" \/>\n<meta name=\"twitter:label1\" content=\"Yazan:\" \/>\n\t<meta name=\"twitter:data1\" content=\"Memurun Sesi Haber Merkezi\" \/>\n\t<meta name=\"twitter:label2\" content=\"Tahmini okuma s\u00fcresi\" \/>\n\t<meta name=\"twitter:data2\" content=\"1 dakika\" \/>\n<script type=\"application\/ld+json\" class=\"yoast-schema-graph\">{\"@context\":\"https:\\\/\\\/schema.org\",\"@graph\":[{\"@type\":\"Article\",\"@id\":\"https:\\\/\\\/memurunsesi.net\\\/index.php\\\/2025\\\/05\\\/02\\\/yola-dokulen-odunlar-trafik-akisini-engelledi\\\/#article\",\"isPartOf\":{\"@id\":\"https:\\\/\\\/memurunsesi.net\\\/index.php\\\/2025\\\/05\\\/02\\\/yola-dokulen-odunlar-trafik-akisini-engelledi\\\/\"},\"author\":{\"name\":\"Memurun Sesi Haber Merkezi\",\"@id\":\"https:\\\/\\\/memurunsesi.net\\\/#\\\/schema\\\/person\\\/f21c2d73b89f6ee1d80b0a1803e38587\"},\"headline\":\"Yola d\u00f6k\u00fclen odunlar trafik ak\u0131\u015f\u0131n\u0131 engelledi\",\"datePublished\":\"2025-05-02T04:18:57+00:00\",\"mainEntityOfPage\":{\"@id\":\"https:\\\/\\\/memurunsesi.net\\\/index.php\\\/2025\\\/05\\\/02\\\/yola-dokulen-odunlar-trafik-akisini-engelledi\\\/\"},\"wordCount\":167,\"commentCount\":0,\"publisher\":{\"@id\":\"https:\\\/\\\/memurunsesi.net\\\/#organization\"},\"image\":{\"@id\":\"https:\\\/\\\/memurunsesi.net\\\/index.php\\\/2025\\\/05\\\/02\\\/yola-dokulen-odunlar-trafik-akisini-engelledi\\\/#primaryimage\"},\"thumbnailUrl\":\"https:\\\/\\\/memurunsesi.net\\\/wp-content\\\/uploads\\\/2025\\\/05\\\/AW445362_01-scaled.jpg\",\"articleSection\":[\"T\u00fcm Haberler\"],\"inLanguage\":\"tr\",\"potentialAction\":[{\"@type\":\"CommentAction\",\"name\":\"Comment\",\"target\":[\"https:\\\/\\\/memurunsesi.net\\\/index.php\\\/2025\\\/05\\\/02\\\/yola-dokulen-odunlar-trafik-akisini-engelledi\\\/#respond\"]}]},{\"@type\":\"WebPage\",\"@id\":\"https:\\\/\\\/memurunsesi.net\\\/index.php\\\/2025\\\/05\\\/02\\\/yola-dokulen-odunlar-trafik-akisini-engelledi\\\/\",\"url\":\"https:\\\/\\\/memurunsesi.net\\\/index.php\\\/2025\\\/05\\\/02\\\/yola-dokulen-odunlar-trafik-akisini-engelledi\\\/\",\"name\":\"Yola d\u00f6k\u00fclen odunlar trafik ak\u0131\u015f\u0131n\u0131 engelledi - Memurun Sesi\",\"isPartOf\":{\"@id\":\"https:\\\/\\\/memurunsesi.net\\\/#website\"},\"primaryImageOfPage\":{\"@id\":\"https:\\\/\\\/memurunsesi.net\\\/index.php\\\/2025\\\/05\\\/02\\\/yola-dokulen-odunlar-trafik-akisini-engelledi\\\/#primaryimage\"},\"image\":{\"@id\":\"https:\\\/\\\/memurunsesi.net\\\/index.php\\\/2025\\\/05\\\/02\\\/yola-dokulen-odunlar-trafik-akisini-engelledi\\\/#primaryimage\"},\"thumbnailUrl\":\"https:\\\/\\\/memurunsesi.net\\\/wp-content\\\/uploads\\\/2025\\\/05\\\/AW445362_01-scaled.jpg\",\"datePublished\":\"2025-05-02T04:18:57+00:00\",\"breadcrumb\":{\"@id\":\"https:\\\/\\\/memurunsesi.net\\\/index.php\\\/2025\\\/05\\\/02\\\/yola-dokulen-odunlar-trafik-akisini-engelledi\\\/#breadcrumb\"},\"inLanguage\":\"tr\",\"potentialAction\":[{\"@type\":\"ReadAction\",\"target\":[\"https:\\\/\\\/memurunsesi.net\\\/index.php\\\/2025\\\/05\\\/02\\\/yola-dokulen-odunlar-trafik-akisini-engelledi\\\/\"]}]},{\"@type\":\"ImageObject\",\"inLanguage\":\"tr\",\"@id\":\"https:\\\/\\\/memurunsesi.net\\\/index.php\\\/2025\\\/05\\\/02\\\/yola-dokulen-odunlar-trafik-akisini-engelledi\\\/#primaryimage\",\"url\":\"https:\\\/\\\/memurunsesi.net\\\/wp-content\\\/uploads\\\/2025\\\/05\\\/AW445362_01-scaled.jpg\",\"contentUrl\":\"https:\\\/\\\/memurunsesi.net\\\/wp-content\\\/uploads\\\/2025\\\/05\\\/AW445362_01-scaled.jpg\",\"width\":2560,\"height\":1651,\"caption\":\"BARTIN'DA YOL \u00dcZER\u0130NE D\u00d6K\u00dcLEN CE TRAF\u0130K AKI\u015eINI ENGELLEYEN ODUNLAR, POL\u0130S\u0130 ALARMA GE\u00c7\u0130RD\u0130. EK\u0130PLER\u0130N \u0130KAZININ ARDINDAN ODUNLAR KALDIRILARAK CADDE YEN\u0130DEN TRAF\u0130\u011eE A\u00c7ILDI. (SERHAT DEM\u0130R\\\/BARTIN-\u0130HA) Bart\u0131n'da yol \u00fczerine d\u00f6k\u00fclen odunlar, trafik ak\u0131\u015f\u0131n\u0131 engelledi. Polis ekiplerinin ikaz\u0131n\u0131n ard\u0131ndan odunlar kald\u0131r\u0131larak cadde yeniden trafi\u011fe a\u00e7\u0131ld\u0131.\"},{\"@type\":\"BreadcrumbList\",\"@id\":\"https:\\\/\\\/memurunsesi.net\\\/index.php\\\/2025\\\/05\\\/02\\\/yola-dokulen-odunlar-trafik-akisini-engelledi\\\/#breadcrumb\",\"itemListElement\":[{\"@type\":\"ListItem\",\"position\":1,\"name\":\"Anasayfa\",\"item\":\"https:\\\/\\\/memurunsesi.net\\\/\"},{\"@type\":\"ListItem\",\"position\":2,\"name\":\"Yola d\u00f6k\u00fclen odunlar trafik ak\u0131\u015f\u0131n\u0131 engelledi\"}]},{\"@type\":\"WebSite\",\"@id\":\"https:\\\/\\\/memurunsesi.net\\\/#website\",\"url\":\"https:\\\/\\\/memurunsesi.net\\\/\",\"name\":\"Memurun Sesi\",\"description\":\"G\u00fcncel ve Do\u011fru Haber\",\"publisher\":{\"@id\":\"https:\\\/\\\/memurunsesi.net\\\/#organization\"},\"potentialAction\":[{\"@type\":\"SearchAction\",\"target\":{\"@type\":\"EntryPoint\",\"urlTemplate\":\"https:\\\/\\\/memurunsesi.net\\\/?s={search_term_string}\"},\"query-input\":{\"@type\":\"PropertyValueSpecification\",\"valueRequired\":true,\"valueName\":\"search_term_string\"}}],\"inLanguage\":\"tr\"},{\"@type\":\"Organization\",\"@id\":\"https:\\\/\\\/memurunsesi.net\\\/#organization\",\"name\":\"Memurun Sesi\",\"url\":\"https:\\\/\\\/memurunsesi.net\\\/\",\"logo\":{\"@type\":\"ImageObject\",\"inLanguage\":\"tr\",\"@id\":\"https:\\\/\\\/memurunsesi.net\\\/#\\\/schema\\\/logo\\\/image\\\/\",\"url\":\"https:\\\/\\\/memurunsesi.net\\\/wp-content\\\/uploads\\\/2025\\\/11\\\/cropped-MEMURUN-SESI.png\",\"contentUrl\":\"https:\\\/\\\/memurunsesi.net\\\/wp-content\\\/uploads\\\/2025\\\/11\\\/cropped-MEMURUN-SESI.png\",\"width\":238,\"height\":57,\"caption\":\"Memurun Sesi\"},\"image\":{\"@id\":\"https:\\\/\\\/memurunsesi.net\\\/#\\\/schema\\\/logo\\\/image\\\/\"},\"sameAs\":[\"https:\\\/\\\/www.facebook.com\\\/unipersen\\\/?locale=tr_TR\",\"https:\\\/\\\/x.com\\\/unipersen\"]},{\"@type\":\"Person\",\"@id\":\"https:\\\/\\\/memurunsesi.net\\\/#\\\/schema\\\/person\\\/f21c2d73b89f6ee1d80b0a1803e38587\",\"name\":\"Memurun Sesi Haber Merkezi\",\"image\":{\"@type\":\"ImageObject\",\"inLanguage\":\"tr\",\"@id\":\"https:\\\/\\\/secure.gravatar.com\\\/avatar\\\/6cf0505f452ee753f485014986fab09a434671d2b919ee76fc541025c5876a70?s=96&d=mm&r=g\",\"url\":\"https:\\\/\\\/secure.gravatar.com\\\/avatar\\\/6cf0505f452ee753f485014986fab09a434671d2b919ee76fc541025c5876a70?s=96&d=mm&r=g\",\"contentUrl\":\"https:\\\/\\\/secure.gravatar.com\\\/avatar\\\/6cf0505f452ee753f485014986fab09a434671d2b919ee76fc541025c5876a70?s=96&d=mm&r=g\",\"caption\":\"Memurun Sesi Haber Merkezi\"},\"sameAs\":[\"https:\\\/\\\/memurunsesi.net\"],\"url\":\"https:\\\/\\\/memurunsesi.net\\\/index.php\\\/author\\\/uniper\\\/\"}]}<\/script>\n<!-- \/ Yoast SEO plugin. -->","yoast_head_json":{"title":"Yola d\u00f6k\u00fclen odunlar trafik ak\u0131\u015f\u0131n\u0131 engelledi - Memurun Sesi","robots":{"index":"index","follow":"follow","max-snippet":"max-snippet:-1","max-image-preview":"max-image-preview:large","max-video-preview":"max-video-preview:-1"},"canonical":"https:\/\/memurunsesi.net\/index.php\/2025\/05\/02\/yola-dokulen-odunlar-trafik-akisini-engelledi\/","og_locale":"tr_TR","og_type":"article","og_title":"Yola d\u00f6k\u00fclen odunlar trafik ak\u0131\u015f\u0131n\u0131 engelledi - Memurun Sesi","og_description":"Bart\u0131n&#8217;da yol \u00fczerine d\u00f6k\u00fclen odunlar, trafik ak\u0131\u015f\u0131n\u0131 engelledi. Polis ekiplerinin ikaz\u0131n\u0131n ard\u0131ndan odunlar kald\u0131r\u0131larak cadde yeniden trafi\u011fe a\u00e7\u0131ld\u0131. Edinilen bilgiye g\u00f6re Kemerk\u00f6pr\u00fc Mahallesi Somakl\u0131 Sokak&#8217;ta bulunan bir f\u0131r\u0131n i\u00e7in getirilen odunlar, i\u015f makinesi yard\u0131m\u0131yla bah\u00e7eye d\u00f6k\u00fcld\u00fc. Yola da ta\u015fan odunlar, caddenin tamamen kapanmas\u0131 \u00fczerine s\u00fcr\u00fcc\u00fcler polisi arayarak ihbarda bulundu. \u0130hbar \u00fczerine trafik polisleri ve bek\u00e7iler [&hellip;]","og_url":"https:\/\/memurunsesi.net\/index.php\/2025\/05\/02\/yola-dokulen-odunlar-trafik-akisini-engelledi\/","og_site_name":"Memurun Sesi","article_publisher":"https:\/\/www.facebook.com\/unipersen\/?locale=tr_TR","article_published_time":"2025-05-02T04:18:57+00:00","og_image":[{"width":2560,"height":1651,"url":"https:\/\/memurunsesi.net\/wp-content\/uploads\/2025\/05\/AW445362_01-scaled.jpg","type":"image\/jpeg"}],"author":"Memurun Sesi Haber Merkezi","twitter_card":"summary_large_image","twitter_creator":"@unipersen","twitter_site":"@unipersen","twitter_misc":{"Yazan:":"Memurun Sesi Haber Merkezi","Tahmini okuma s\u00fcresi":"1 dakika"},"schema":{"@context":"https:\/\/schema.org","@graph":[{"@type":"Article","@id":"https:\/\/memurunsesi.net\/index.php\/2025\/05\/02\/yola-dokulen-odunlar-trafik-akisini-engelledi\/#article","isPartOf":{"@id":"https:\/\/memurunsesi.net\/index.php\/2025\/05\/02\/yola-dokulen-odunlar-trafik-akisini-engelledi\/"},"author":{"name":"Memurun Sesi Haber Merkezi","@id":"https:\/\/memurunsesi.net\/#\/schema\/person\/f21c2d73b89f6ee1d80b0a1803e38587"},"headline":"Yola d\u00f6k\u00fclen odunlar trafik ak\u0131\u015f\u0131n\u0131 engelledi","datePublished":"2025-05-02T04:18:57+00:00","mainEntityOfPage":{"@id":"https:\/\/memurunsesi.net\/index.php\/2025\/05\/02\/yola-dokulen-odunlar-trafik-akisini-engelledi\/"},"wordCount":167,"commentCount":0,"publisher":{"@id":"https:\/\/memurunsesi.net\/#organization"},"image":{"@id":"https:\/\/memurunsesi.net\/index.php\/2025\/05\/02\/yola-dokulen-odunlar-trafik-akisini-engelledi\/#primaryimage"},"thumbnailUrl":"https:\/\/memurunsesi.net\/wp-content\/uploads\/2025\/05\/AW445362_01-scaled.jpg","articleSection":["T\u00fcm Haberler"],"inLanguage":"tr","potentialAction":[{"@type":"CommentAction","name":"Comment","target":["https:\/\/memurunsesi.net\/index.php\/2025\/05\/02\/yola-dokulen-odunlar-trafik-akisini-engelledi\/#respond"]}]},{"@type":"WebPage","@id":"https:\/\/memurunsesi.net\/index.php\/2025\/05\/02\/yola-dokulen-odunlar-trafik-akisini-engelledi\/","url":"https:\/\/memurunsesi.net\/index.php\/2025\/05\/02\/yola-dokulen-odunlar-trafik-akisini-engelledi\/","name":"Yola d\u00f6k\u00fclen odunlar trafik ak\u0131\u015f\u0131n\u0131 engelledi - Memurun Sesi","isPartOf":{"@id":"https:\/\/memurunsesi.net\/#website"},"primaryImageOfPage":{"@id":"https:\/\/memurunsesi.net\/index.php\/2025\/05\/02\/yola-dokulen-odunlar-trafik-akisini-engelledi\/#primaryimage"},"image":{"@id":"https:\/\/memurunsesi.net\/index.php\/2025\/05\/02\/yola-dokulen-odunlar-trafik-akisini-engelledi\/#primaryimage"},"thumbnailUrl":"https:\/\/memurunsesi.net\/wp-content\/uploads\/2025\/05\/AW445362_01-scaled.jpg","datePublished":"2025-05-02T04:18:57+00:00","breadcrumb":{"@id":"https:\/\/memurunsesi.net\/index.php\/2025\/05\/02\/yola-dokulen-odunlar-trafik-akisini-engelledi\/#breadcrumb"},"inLanguage":"tr","potentialAction":[{"@type":"ReadAction","target":["https:\/\/memurunsesi.net\/index.php\/2025\/05\/02\/yola-dokulen-odunlar-trafik-akisini-engelledi\/"]}]},{"@type":"ImageObject","inLanguage":"tr","@id":"https:\/\/memurunsesi.net\/index.php\/2025\/05\/02\/yola-dokulen-odunlar-trafik-akisini-engelledi\/#primaryimage","url":"https:\/\/memurunsesi.net\/wp-content\/uploads\/2025\/05\/AW445362_01-scaled.jpg","contentUrl":"https:\/\/memurunsesi.net\/wp-content\/uploads\/2025\/05\/AW445362_01-scaled.jpg","width":2560,"height":1651,"caption":"BARTIN'DA YOL \u00dcZER\u0130NE D\u00d6K\u00dcLEN CE TRAF\u0130K AKI\u015eINI ENGELLEYEN ODUNLAR, POL\u0130S\u0130 ALARMA GE\u00c7\u0130RD\u0130. EK\u0130PLER\u0130N \u0130KAZININ ARDINDAN ODUNLAR KALDIRILARAK CADDE YEN\u0130DEN TRAF\u0130\u011eE A\u00c7ILDI. (SERHAT DEM\u0130R\/BARTIN-\u0130HA) Bart\u0131n'da yol \u00fczerine d\u00f6k\u00fclen odunlar, trafik ak\u0131\u015f\u0131n\u0131 engelledi. Polis ekiplerinin ikaz\u0131n\u0131n ard\u0131ndan odunlar kald\u0131r\u0131larak cadde yeniden trafi\u011fe a\u00e7\u0131ld\u0131."},{"@type":"BreadcrumbList","@id":"https:\/\/memurunsesi.net\/index.php\/2025\/05\/02\/yola-dokulen-odunlar-trafik-akisini-engelledi\/#breadcrumb","itemListElement":[{"@type":"ListItem","position":1,"name":"Anasayfa","item":"https:\/\/memurunsesi.net\/"},{"@type":"ListItem","position":2,"name":"Yola d\u00f6k\u00fclen odunlar trafik ak\u0131\u015f\u0131n\u0131 engelledi"}]},{"@type":"WebSite","@id":"https:\/\/memurunsesi.net\/#website","url":"https:\/\/memurunsesi.net\/","name":"Memurun Sesi","description":"G\u00fcncel ve Do\u011fru Haber","publisher":{"@id":"https:\/\/memurunsesi.net\/#organization"},"potentialAction":[{"@type":"SearchAction","target":{"@type":"EntryPoint","urlTemplate":"https:\/\/memurunsesi.net\/?s={search_term_string}"},"query-input":{"@type":"PropertyValueSpecification","valueRequired":true,"valueName":"search_term_string"}}],"inLanguage":"tr"},{"@type":"Organization","@id":"https:\/\/memurunsesi.net\/#organization","name":"Memurun Sesi","url":"https:\/\/memurunsesi.net\/","logo":{"@type":"ImageObject","inLanguage":"tr","@id":"https:\/\/memurunsesi.net\/#\/schema\/logo\/image\/","url":"https:\/\/memurunsesi.net\/wp-content\/uploads\/2025\/11\/cropped-MEMURUN-SESI.png","contentUrl":"https:\/\/memurunsesi.net\/wp-content\/uploads\/2025\/11\/cropped-MEMURUN-SESI.png","width":238,"height":57,"caption":"Memurun Sesi"},"image":{"@id":"https:\/\/memurunsesi.net\/#\/schema\/logo\/image\/"},"sameAs":["https:\/\/www.facebook.com\/unipersen\/?locale=tr_TR","https:\/\/x.com\/unipersen"]},{"@type":"Person","@id":"https:\/\/memurunsesi.net\/#\/schema\/person\/f21c2d73b89f6ee1d80b0a1803e38587","name":"Memurun Sesi Haber Merkezi","image":{"@type":"ImageObject","inLanguage":"tr","@id":"https:\/\/secure.gravatar.com\/avatar\/6cf0505f452ee753f485014986fab09a434671d2b919ee76fc541025c5876a70?s=96&d=mm&r=g","url":"https:\/\/secure.gravatar.com\/avatar\/6cf0505f452ee753f485014986fab09a434671d2b919ee76fc541025c5876a70?s=96&d=mm&r=g","contentUrl":"https:\/\/secure.gravatar.com\/avatar\/6cf0505f452ee753f485014986fab09a434671d2b919ee76fc541025c5876a70?s=96&d=mm&r=g","caption":"Memurun Sesi Haber Merkezi"},"sameAs":["https:\/\/memurunsesi.net"],"url":"https:\/\/memurunsesi.net\/index.php\/author\/uniper\/"}]}},"_links":{"self":[{"href":"https:\/\/memurunsesi.net\/index.php\/wp-json\/wp\/v2\/posts\/6314","targetHints":{"allow":["GET"]}}],"collection":[{"href":"https:\/\/memurunsesi.net\/index.php\/wp-json\/wp\/v2\/posts"}],"about":[{"href":"https:\/\/memurunsesi.net\/index.php\/wp-json\/wp\/v2\/types\/post"}],"author":[{"embeddable":true,"href":"https:\/\/memurunsesi.net\/index.php\/wp-json\/wp\/v2\/users\/1"}],"replies":[{"embeddable":true,"href":"https:\/\/memurunsesi.net\/index.php\/wp-json\/wp\/v2\/comments?post=6314"}],"version-history":[{"count":1,"href":"https:\/\/memurunsesi.net\/index.php\/wp-json\/wp\/v2\/posts\/6314\/revisions"}],"predecessor-version":[{"id":6317,"href":"https:\/\/memurunsesi.net\/index.php\/wp-json\/wp\/v2\/posts\/6314\/revisions\/6317"}],"wp:featuredmedia":[{"embeddable":true,"href":"https:\/\/memurunsesi.net\/index.php\/wp-json\/wp\/v2\/media\/6316"}],"wp:attachment":[{"href":"https:\/\/memurunsesi.net\/index.php\/wp-json\/wp\/v2\/media?parent=6314"}],"wp:term":[{"taxonomy":"category","embeddable":true,"href":"https:\/\/memurunsesi.net\/index.php\/wp-json\/wp\/v2\/categories?post=6314"},{"taxonomy":"post_tag","embeddable":true,"href":"https:\/\/memurunsesi.net\/index.php\/wp-json\/wp\/v2\/tags?post=6314"}],"curies":[{"name":"wp","href":"https:\/\/api.w.org\/{rel}","templated":true}]}}