{"id":6344,"date":"2025-05-03T21:37:43","date_gmt":"2025-05-03T18:37:43","guid":{"rendered":"https:\/\/memurunsesi.net\/?p=6344"},"modified":"2025-05-03T21:37:43","modified_gmt":"2025-05-03T18:37:43","slug":"arazide-yakilan-ates-yayildi-60-donum-arazi-zarar-gordu","status":"publish","type":"post","link":"https:\/\/memurunsesi.net\/index.php\/2025\/05\/03\/arazide-yakilan-ates-yayildi-60-donum-arazi-zarar-gordu\/","title":{"rendered":"Arazide yak\u0131lan ate\u015f yay\u0131ld\u0131: 60 d\u00f6n\u00fcm arazi zarar g\u00f6rd\u00fc"},"content":{"rendered":"<p><figure id=\"attachment_6345\" aria-describedby=\"caption-attachment-6345\" style=\"width: 300px\" class=\"wp-caption alignnone\"><img  title=\"\" fetchpriority=\"high\" decoding=\"async\" src=\"https:\/\/memurunsesi.net\/wp-content\/uploads\/2025\/05\/AW446654_05-300x226.jpg\"  alt=\"AW446654_05-300x226 Arazide yak\u0131lan ate\u015f yay\u0131ld\u0131: 60 d\u00f6n\u00fcm arazi zarar g\u00f6rd\u00fc\"  width=\"300\" height=\"226\" class=\"size-medium wp-image-6345\" srcset=\"https:\/\/memurunsesi.net\/wp-content\/uploads\/2025\/05\/AW446654_05-300x226.jpg 300w, https:\/\/memurunsesi.net\/wp-content\/uploads\/2025\/05\/AW446654_05-1024x771.jpg 1024w, https:\/\/memurunsesi.net\/wp-content\/uploads\/2025\/05\/AW446654_05-768x578.jpg 768w, https:\/\/memurunsesi.net\/wp-content\/uploads\/2025\/05\/AW446654_05-600x452.jpg 600w, https:\/\/memurunsesi.net\/wp-content\/uploads\/2025\/05\/AW446654_05.jpg 1280w\" sizes=\"(max-width: 300px) 100vw, 300px\" \/><figcaption id=\"caption-attachment-6345\" class=\"wp-caption-text\">SAKARYA&#8217;NIN KARASU \u0130L\u00c7ES\u0130NDE ARAZ\u0130DE K\u0130ML\u0130\u011e\u0130 BEL\u0130RS\u0130Z K\u0130\u015e\u0130LERCE YAKILAN ATE\u015e YAYILDI. YAKLA\u015eIK 60 D\u00d6N\u00dcM\u00dcN ZARAR G\u00d6RD\u00dc\u011e\u00dc B\u00d6LGE DRON \u0130LE HAVADAN DA G\u00d6R\u00dcNT\u00dcLEND\u0130. (ESRA ANG\u00dcN\/SAKARYA-\u0130HA)<br \/>Sakarya&#8217;n\u0131n Karasu il\u00e7esinde arazide kimli\u011fi belirsiz ki\u015filerce yak\u0131lan ate\u015f r\u00fczgar\u0131n etkisiyle yay\u0131ld\u0131. Yakla\u015f\u0131k 60 d\u00f6n\u00fcm\u00fcn zarar g\u00f6rd\u00fc\u011f\u00fc b\u00f6lge dron ile havadan g\u00f6r\u00fcnt\u00fclendi.<\/figcaption><\/figure>  Sakarya\u2019n\u0131n Karasu il\u00e7esinde arazide kimli\u011fi belirsiz ki\u015filerce yak\u0131lan ate\u015f r\u00fczgar\u0131n etkisiyle yay\u0131ld\u0131. Yakla\u015f\u0131k 60 d\u00f6n\u00fcm\u00fcn zarar g\u00f6rd\u00fc\u011f\u00fc b\u00f6lge dron ile havadan g\u00f6r\u00fcnt\u00fclendi.<br \/>\n  Yang\u0131n, Karasu Mahallesi K\u00fc\u00e7\u00fckbo\u011faz mevkiinde \u00e7\u0131kt\u0131. Kimli\u011fi belirsiz ki\u015filerle yak\u0131ld\u0131\u011f\u0131 iddia edilen ate\u015f, k\u0131sa s\u00fcrede r\u00fczgar\u0131n da etkisi ile etrafa yay\u0131ld\u0131. Durumun haber verilmesi \u00fczerine b\u00f6lgeye \u00e7ok say\u0131da itfaiye ve Orman \u0130\u015fletme M\u00fcd\u00fcrl\u00fc\u011f\u00fcne ba\u011fl\u0131 ekipler sevk edildi. Ekipler, alevlerin daha fazla yay\u0131lmamas\u0131 i\u00e7in yo\u011fun \u00e7aba sarf etti. Uzun s\u00fcren s\u00f6nd\u00fcrme ve so\u011futma \u00e7al\u0131\u015fmas\u0131 neticesinde yang\u0131n kontrol alt\u0131na al\u0131narak b\u00f6lgedeki evlere s\u0131\u00e7ramadan s\u00f6nd\u00fcr\u00fcld\u00fc. Yakla\u015f\u0131k 60 d\u00f6n\u00fcm arazinin zarar g\u00f6rd\u00fc\u011f\u00fc b\u00f6lgede ya\u015fayan mahalle sakini \u015eeng\u00fcl Turaman, &#8220;D\u0131\u015far\u0131ya do\u011fru bakt\u0131\u011f\u0131mda alevlerin derenin arka taraf\u0131ndan geldi\u011fini g\u00f6rd\u00fcm. Hemen itfaiye ekiplerine haber verdik. Yanan b\u00f6lgede ku\u015flar vard\u0131 onlar da telef oldu \u00e7ok \u00fcz\u00fcld\u00fcm. Geli\u015fi g\u00fczel ate\u015f yak\u0131lmas\u0131n, bir\u00e7ok hayvan telef oldu. \u0130tfaiye ekipleri burada \u00e7al\u0131\u015fmalar\u0131n\u0131 s\u00fcrd\u00fcr\u00fcyor&#8221; dedi.<br \/>\n  Konu ile alakal\u0131 inceleme ba\u015flat\u0131l\u0131rken, yanan b\u00f6lge havadan dron ile de g\u00f6r\u00fcnt\u00fclendi. <\/p>\n<p>3.05.2025                           <\/p>\n","protected":false},"excerpt":{"rendered":"<p>Sakarya\u2019n\u0131n Karasu il\u00e7esinde arazide kimli\u011fi belirsiz ki\u015filerce yak\u0131lan ate\u015f r\u00fczgar\u0131n etkisiyle yay\u0131ld\u0131. Yakla\u015f\u0131k 60 d\u00f6n\u00fcm\u00fcn zarar g\u00f6rd\u00fc\u011f\u00fc b\u00f6lge dron ile havadan g\u00f6r\u00fcnt\u00fclendi. Yang\u0131n, Karasu Mahallesi K\u00fc\u00e7\u00fckbo\u011faz mevkiinde \u00e7\u0131kt\u0131. Kimli\u011fi belirsiz ki\u015filerle yak\u0131ld\u0131\u011f\u0131 iddia edilen ate\u015f, k\u0131sa s\u00fcrede r\u00fczgar\u0131n da etkisi ile etrafa yay\u0131ld\u0131. Durumun haber verilmesi \u00fczerine b\u00f6lgeye \u00e7ok say\u0131da itfaiye ve Orman \u0130\u015fletme M\u00fcd\u00fcrl\u00fc\u011f\u00fcne [&hellip;]<\/p>\n","protected":false},"author":1,"featured_media":6346,"comment_status":"open","ping_status":"open","sticky":false,"template":"","format":"standard","meta":{"footnotes":""},"categories":[45],"tags":[],"class_list":["post-6344","post","type-post","status-publish","format-standard","has-post-thumbnail","hentry","category-gundem"],"yoast_head":"<!-- This site is optimized with the Yoast SEO plugin v27.4 - https:\/\/yoast.com\/product\/yoast-seo-wordpress\/ -->\n<title>Arazide yak\u0131lan ate\u015f yay\u0131ld\u0131: 60 d\u00f6n\u00fcm arazi zarar g\u00f6rd\u00fc - Memurun Sesi<\/title>\n<meta name=\"robots\" content=\"index, follow, max-snippet:-1, max-image-preview:large, max-video-preview:-1\" \/>\n<link rel=\"canonical\" href=\"https:\/\/memurunsesi.net\/index.php\/2025\/05\/03\/arazide-yakilan-ates-yayildi-60-donum-arazi-zarar-gordu\/\" \/>\n<meta property=\"og:locale\" content=\"tr_TR\" \/>\n<meta property=\"og:type\" content=\"article\" \/>\n<meta property=\"og:title\" content=\"Arazide yak\u0131lan ate\u015f yay\u0131ld\u0131: 60 d\u00f6n\u00fcm arazi zarar g\u00f6rd\u00fc - Memurun Sesi\" \/>\n<meta property=\"og:description\" content=\"Sakarya\u2019n\u0131n Karasu il\u00e7esinde arazide kimli\u011fi belirsiz ki\u015filerce yak\u0131lan ate\u015f r\u00fczgar\u0131n etkisiyle yay\u0131ld\u0131. Yakla\u015f\u0131k 60 d\u00f6n\u00fcm\u00fcn zarar g\u00f6rd\u00fc\u011f\u00fc b\u00f6lge dron ile havadan g\u00f6r\u00fcnt\u00fclendi. Yang\u0131n, Karasu Mahallesi K\u00fc\u00e7\u00fckbo\u011faz mevkiinde \u00e7\u0131kt\u0131. Kimli\u011fi belirsiz ki\u015filerle yak\u0131ld\u0131\u011f\u0131 iddia edilen ate\u015f, k\u0131sa s\u00fcrede r\u00fczgar\u0131n da etkisi ile etrafa yay\u0131ld\u0131. Durumun haber verilmesi \u00fczerine b\u00f6lgeye \u00e7ok say\u0131da itfaiye ve Orman \u0130\u015fletme M\u00fcd\u00fcrl\u00fc\u011f\u00fcne [&hellip;]\" \/>\n<meta property=\"og:url\" content=\"https:\/\/memurunsesi.net\/index.php\/2025\/05\/03\/arazide-yakilan-ates-yayildi-60-donum-arazi-zarar-gordu\/\" \/>\n<meta property=\"og:site_name\" content=\"Memurun Sesi\" \/>\n<meta property=\"article:publisher\" content=\"https:\/\/www.facebook.com\/unipersen\/?locale=tr_TR\" \/>\n<meta property=\"article:published_time\" content=\"2025-05-03T18:37:43+00:00\" \/>\n<meta property=\"og:image\" content=\"https:\/\/memurunsesi.net\/wp-content\/uploads\/2025\/05\/AW446654_01.jpg\" \/>\n\t<meta property=\"og:image:width\" content=\"1292\" \/>\n\t<meta property=\"og:image:height\" content=\"695\" \/>\n\t<meta property=\"og:image:type\" content=\"image\/jpeg\" \/>\n<meta name=\"author\" content=\"Memurun Sesi Haber Merkezi\" \/>\n<meta name=\"twitter:card\" content=\"summary_large_image\" \/>\n<meta name=\"twitter:creator\" content=\"@unipersen\" \/>\n<meta name=\"twitter:site\" content=\"@unipersen\" \/>\n<meta name=\"twitter:label1\" content=\"Yazan:\" \/>\n\t<meta name=\"twitter:data1\" content=\"Memurun Sesi Haber Merkezi\" \/>\n\t<meta name=\"twitter:label2\" content=\"Tahmini okuma s\u00fcresi\" \/>\n\t<meta name=\"twitter:data2\" content=\"1 dakika\" \/>\n<script type=\"application\/ld+json\" class=\"yoast-schema-graph\">{\"@context\":\"https:\\\/\\\/schema.org\",\"@graph\":[{\"@type\":\"Article\",\"@id\":\"https:\\\/\\\/memurunsesi.net\\\/index.php\\\/2025\\\/05\\\/03\\\/arazide-yakilan-ates-yayildi-60-donum-arazi-zarar-gordu\\\/#article\",\"isPartOf\":{\"@id\":\"https:\\\/\\\/memurunsesi.net\\\/index.php\\\/2025\\\/05\\\/03\\\/arazide-yakilan-ates-yayildi-60-donum-arazi-zarar-gordu\\\/\"},\"author\":{\"name\":\"Memurun Sesi Haber Merkezi\",\"@id\":\"https:\\\/\\\/memurunsesi.net\\\/#\\\/schema\\\/person\\\/f21c2d73b89f6ee1d80b0a1803e38587\"},\"headline\":\"Arazide yak\u0131lan ate\u015f yay\u0131ld\u0131: 60 d\u00f6n\u00fcm arazi zarar g\u00f6rd\u00fc\",\"datePublished\":\"2025-05-03T18:37:43+00:00\",\"mainEntityOfPage\":{\"@id\":\"https:\\\/\\\/memurunsesi.net\\\/index.php\\\/2025\\\/05\\\/03\\\/arazide-yakilan-ates-yayildi-60-donum-arazi-zarar-gordu\\\/\"},\"wordCount\":332,\"commentCount\":0,\"publisher\":{\"@id\":\"https:\\\/\\\/memurunsesi.net\\\/#organization\"},\"image\":{\"@id\":\"https:\\\/\\\/memurunsesi.net\\\/index.php\\\/2025\\\/05\\\/03\\\/arazide-yakilan-ates-yayildi-60-donum-arazi-zarar-gordu\\\/#primaryimage\"},\"thumbnailUrl\":\"https:\\\/\\\/memurunsesi.net\\\/wp-content\\\/uploads\\\/2025\\\/05\\\/AW446654_01.jpg\",\"articleSection\":[\"G\u00fcndem\"],\"inLanguage\":\"tr\",\"potentialAction\":[{\"@type\":\"CommentAction\",\"name\":\"Comment\",\"target\":[\"https:\\\/\\\/memurunsesi.net\\\/index.php\\\/2025\\\/05\\\/03\\\/arazide-yakilan-ates-yayildi-60-donum-arazi-zarar-gordu\\\/#respond\"]}]},{\"@type\":\"WebPage\",\"@id\":\"https:\\\/\\\/memurunsesi.net\\\/index.php\\\/2025\\\/05\\\/03\\\/arazide-yakilan-ates-yayildi-60-donum-arazi-zarar-gordu\\\/\",\"url\":\"https:\\\/\\\/memurunsesi.net\\\/index.php\\\/2025\\\/05\\\/03\\\/arazide-yakilan-ates-yayildi-60-donum-arazi-zarar-gordu\\\/\",\"name\":\"Arazide yak\u0131lan ate\u015f yay\u0131ld\u0131: 60 d\u00f6n\u00fcm arazi zarar g\u00f6rd\u00fc - Memurun Sesi\",\"isPartOf\":{\"@id\":\"https:\\\/\\\/memurunsesi.net\\\/#website\"},\"primaryImageOfPage\":{\"@id\":\"https:\\\/\\\/memurunsesi.net\\\/index.php\\\/2025\\\/05\\\/03\\\/arazide-yakilan-ates-yayildi-60-donum-arazi-zarar-gordu\\\/#primaryimage\"},\"image\":{\"@id\":\"https:\\\/\\\/memurunsesi.net\\\/index.php\\\/2025\\\/05\\\/03\\\/arazide-yakilan-ates-yayildi-60-donum-arazi-zarar-gordu\\\/#primaryimage\"},\"thumbnailUrl\":\"https:\\\/\\\/memurunsesi.net\\\/wp-content\\\/uploads\\\/2025\\\/05\\\/AW446654_01.jpg\",\"datePublished\":\"2025-05-03T18:37:43+00:00\",\"breadcrumb\":{\"@id\":\"https:\\\/\\\/memurunsesi.net\\\/index.php\\\/2025\\\/05\\\/03\\\/arazide-yakilan-ates-yayildi-60-donum-arazi-zarar-gordu\\\/#breadcrumb\"},\"inLanguage\":\"tr\",\"potentialAction\":[{\"@type\":\"ReadAction\",\"target\":[\"https:\\\/\\\/memurunsesi.net\\\/index.php\\\/2025\\\/05\\\/03\\\/arazide-yakilan-ates-yayildi-60-donum-arazi-zarar-gordu\\\/\"]}]},{\"@type\":\"ImageObject\",\"inLanguage\":\"tr\",\"@id\":\"https:\\\/\\\/memurunsesi.net\\\/index.php\\\/2025\\\/05\\\/03\\\/arazide-yakilan-ates-yayildi-60-donum-arazi-zarar-gordu\\\/#primaryimage\",\"url\":\"https:\\\/\\\/memurunsesi.net\\\/wp-content\\\/uploads\\\/2025\\\/05\\\/AW446654_01.jpg\",\"contentUrl\":\"https:\\\/\\\/memurunsesi.net\\\/wp-content\\\/uploads\\\/2025\\\/05\\\/AW446654_01.jpg\",\"width\":1292,\"height\":695,\"caption\":\"SAKARYA'NIN KARASU \u0130L\u00c7ES\u0130NDE ARAZ\u0130DE K\u0130ML\u0130\u011e\u0130 BEL\u0130RS\u0130Z K\u0130\u015e\u0130LERCE YAKILAN ATE\u015e YAYILDI. YAKLA\u015eIK 60 D\u00d6N\u00dcM\u00dcN ZARAR G\u00d6RD\u00dc\u011e\u00dc B\u00d6LGE DRON \u0130LE HAVADAN DA G\u00d6R\u00dcNT\u00dcLEND\u0130. (ESRA ANG\u00dcN\\\/SAKARYA-\u0130HA) Sakarya'n\u0131n Karasu il\u00e7esinde arazide kimli\u011fi belirsiz ki\u015filerce yak\u0131lan ate\u015f r\u00fczgar\u0131n etkisiyle yay\u0131ld\u0131. Yakla\u015f\u0131k 60 d\u00f6n\u00fcm\u00fcn zarar g\u00f6rd\u00fc\u011f\u00fc b\u00f6lge dron ile havadan g\u00f6r\u00fcnt\u00fclendi.\"},{\"@type\":\"BreadcrumbList\",\"@id\":\"https:\\\/\\\/memurunsesi.net\\\/index.php\\\/2025\\\/05\\\/03\\\/arazide-yakilan-ates-yayildi-60-donum-arazi-zarar-gordu\\\/#breadcrumb\",\"itemListElement\":[{\"@type\":\"ListItem\",\"position\":1,\"name\":\"Anasayfa\",\"item\":\"https:\\\/\\\/memurunsesi.net\\\/\"},{\"@type\":\"ListItem\",\"position\":2,\"name\":\"Arazide yak\u0131lan ate\u015f yay\u0131ld\u0131: 60 d\u00f6n\u00fcm arazi zarar g\u00f6rd\u00fc\"}]},{\"@type\":\"WebSite\",\"@id\":\"https:\\\/\\\/memurunsesi.net\\\/#website\",\"url\":\"https:\\\/\\\/memurunsesi.net\\\/\",\"name\":\"Memurun Sesi\",\"description\":\"G\u00fcncel ve Do\u011fru Haber\",\"publisher\":{\"@id\":\"https:\\\/\\\/memurunsesi.net\\\/#organization\"},\"potentialAction\":[{\"@type\":\"SearchAction\",\"target\":{\"@type\":\"EntryPoint\",\"urlTemplate\":\"https:\\\/\\\/memurunsesi.net\\\/?s={search_term_string}\"},\"query-input\":{\"@type\":\"PropertyValueSpecification\",\"valueRequired\":true,\"valueName\":\"search_term_string\"}}],\"inLanguage\":\"tr\"},{\"@type\":\"Organization\",\"@id\":\"https:\\\/\\\/memurunsesi.net\\\/#organization\",\"name\":\"Memurun Sesi\",\"url\":\"https:\\\/\\\/memurunsesi.net\\\/\",\"logo\":{\"@type\":\"ImageObject\",\"inLanguage\":\"tr\",\"@id\":\"https:\\\/\\\/memurunsesi.net\\\/#\\\/schema\\\/logo\\\/image\\\/\",\"url\":\"https:\\\/\\\/memurunsesi.net\\\/wp-content\\\/uploads\\\/2025\\\/11\\\/cropped-MEMURUN-SESI.png\",\"contentUrl\":\"https:\\\/\\\/memurunsesi.net\\\/wp-content\\\/uploads\\\/2025\\\/11\\\/cropped-MEMURUN-SESI.png\",\"width\":238,\"height\":57,\"caption\":\"Memurun Sesi\"},\"image\":{\"@id\":\"https:\\\/\\\/memurunsesi.net\\\/#\\\/schema\\\/logo\\\/image\\\/\"},\"sameAs\":[\"https:\\\/\\\/www.facebook.com\\\/unipersen\\\/?locale=tr_TR\",\"https:\\\/\\\/x.com\\\/unipersen\"]},{\"@type\":\"Person\",\"@id\":\"https:\\\/\\\/memurunsesi.net\\\/#\\\/schema\\\/person\\\/f21c2d73b89f6ee1d80b0a1803e38587\",\"name\":\"Memurun Sesi Haber Merkezi\",\"image\":{\"@type\":\"ImageObject\",\"inLanguage\":\"tr\",\"@id\":\"https:\\\/\\\/secure.gravatar.com\\\/avatar\\\/6cf0505f452ee753f485014986fab09a434671d2b919ee76fc541025c5876a70?s=96&d=mm&r=g\",\"url\":\"https:\\\/\\\/secure.gravatar.com\\\/avatar\\\/6cf0505f452ee753f485014986fab09a434671d2b919ee76fc541025c5876a70?s=96&d=mm&r=g\",\"contentUrl\":\"https:\\\/\\\/secure.gravatar.com\\\/avatar\\\/6cf0505f452ee753f485014986fab09a434671d2b919ee76fc541025c5876a70?s=96&d=mm&r=g\",\"caption\":\"Memurun Sesi Haber Merkezi\"},\"sameAs\":[\"https:\\\/\\\/memurunsesi.net\"],\"url\":\"https:\\\/\\\/memurunsesi.net\\\/index.php\\\/author\\\/uniper\\\/\"}]}<\/script>\n<!-- \/ Yoast SEO plugin. -->","yoast_head_json":{"title":"Arazide yak\u0131lan ate\u015f yay\u0131ld\u0131: 60 d\u00f6n\u00fcm arazi zarar g\u00f6rd\u00fc - Memurun Sesi","robots":{"index":"index","follow":"follow","max-snippet":"max-snippet:-1","max-image-preview":"max-image-preview:large","max-video-preview":"max-video-preview:-1"},"canonical":"https:\/\/memurunsesi.net\/index.php\/2025\/05\/03\/arazide-yakilan-ates-yayildi-60-donum-arazi-zarar-gordu\/","og_locale":"tr_TR","og_type":"article","og_title":"Arazide yak\u0131lan ate\u015f yay\u0131ld\u0131: 60 d\u00f6n\u00fcm arazi zarar g\u00f6rd\u00fc - Memurun Sesi","og_description":"Sakarya\u2019n\u0131n Karasu il\u00e7esinde arazide kimli\u011fi belirsiz ki\u015filerce yak\u0131lan ate\u015f r\u00fczgar\u0131n etkisiyle yay\u0131ld\u0131. Yakla\u015f\u0131k 60 d\u00f6n\u00fcm\u00fcn zarar g\u00f6rd\u00fc\u011f\u00fc b\u00f6lge dron ile havadan g\u00f6r\u00fcnt\u00fclendi. Yang\u0131n, Karasu Mahallesi K\u00fc\u00e7\u00fckbo\u011faz mevkiinde \u00e7\u0131kt\u0131. Kimli\u011fi belirsiz ki\u015filerle yak\u0131ld\u0131\u011f\u0131 iddia edilen ate\u015f, k\u0131sa s\u00fcrede r\u00fczgar\u0131n da etkisi ile etrafa yay\u0131ld\u0131. Durumun haber verilmesi \u00fczerine b\u00f6lgeye \u00e7ok say\u0131da itfaiye ve Orman \u0130\u015fletme M\u00fcd\u00fcrl\u00fc\u011f\u00fcne [&hellip;]","og_url":"https:\/\/memurunsesi.net\/index.php\/2025\/05\/03\/arazide-yakilan-ates-yayildi-60-donum-arazi-zarar-gordu\/","og_site_name":"Memurun Sesi","article_publisher":"https:\/\/www.facebook.com\/unipersen\/?locale=tr_TR","article_published_time":"2025-05-03T18:37:43+00:00","og_image":[{"width":1292,"height":695,"url":"https:\/\/memurunsesi.net\/wp-content\/uploads\/2025\/05\/AW446654_01.jpg","type":"image\/jpeg"}],"author":"Memurun Sesi Haber Merkezi","twitter_card":"summary_large_image","twitter_creator":"@unipersen","twitter_site":"@unipersen","twitter_misc":{"Yazan:":"Memurun Sesi Haber Merkezi","Tahmini okuma s\u00fcresi":"1 dakika"},"schema":{"@context":"https:\/\/schema.org","@graph":[{"@type":"Article","@id":"https:\/\/memurunsesi.net\/index.php\/2025\/05\/03\/arazide-yakilan-ates-yayildi-60-donum-arazi-zarar-gordu\/#article","isPartOf":{"@id":"https:\/\/memurunsesi.net\/index.php\/2025\/05\/03\/arazide-yakilan-ates-yayildi-60-donum-arazi-zarar-gordu\/"},"author":{"name":"Memurun Sesi Haber Merkezi","@id":"https:\/\/memurunsesi.net\/#\/schema\/person\/f21c2d73b89f6ee1d80b0a1803e38587"},"headline":"Arazide yak\u0131lan ate\u015f yay\u0131ld\u0131: 60 d\u00f6n\u00fcm arazi zarar g\u00f6rd\u00fc","datePublished":"2025-05-03T18:37:43+00:00","mainEntityOfPage":{"@id":"https:\/\/memurunsesi.net\/index.php\/2025\/05\/03\/arazide-yakilan-ates-yayildi-60-donum-arazi-zarar-gordu\/"},"wordCount":332,"commentCount":0,"publisher":{"@id":"https:\/\/memurunsesi.net\/#organization"},"image":{"@id":"https:\/\/memurunsesi.net\/index.php\/2025\/05\/03\/arazide-yakilan-ates-yayildi-60-donum-arazi-zarar-gordu\/#primaryimage"},"thumbnailUrl":"https:\/\/memurunsesi.net\/wp-content\/uploads\/2025\/05\/AW446654_01.jpg","articleSection":["G\u00fcndem"],"inLanguage":"tr","potentialAction":[{"@type":"CommentAction","name":"Comment","target":["https:\/\/memurunsesi.net\/index.php\/2025\/05\/03\/arazide-yakilan-ates-yayildi-60-donum-arazi-zarar-gordu\/#respond"]}]},{"@type":"WebPage","@id":"https:\/\/memurunsesi.net\/index.php\/2025\/05\/03\/arazide-yakilan-ates-yayildi-60-donum-arazi-zarar-gordu\/","url":"https:\/\/memurunsesi.net\/index.php\/2025\/05\/03\/arazide-yakilan-ates-yayildi-60-donum-arazi-zarar-gordu\/","name":"Arazide yak\u0131lan ate\u015f yay\u0131ld\u0131: 60 d\u00f6n\u00fcm arazi zarar g\u00f6rd\u00fc - Memurun Sesi","isPartOf":{"@id":"https:\/\/memurunsesi.net\/#website"},"primaryImageOfPage":{"@id":"https:\/\/memurunsesi.net\/index.php\/2025\/05\/03\/arazide-yakilan-ates-yayildi-60-donum-arazi-zarar-gordu\/#primaryimage"},"image":{"@id":"https:\/\/memurunsesi.net\/index.php\/2025\/05\/03\/arazide-yakilan-ates-yayildi-60-donum-arazi-zarar-gordu\/#primaryimage"},"thumbnailUrl":"https:\/\/memurunsesi.net\/wp-content\/uploads\/2025\/05\/AW446654_01.jpg","datePublished":"2025-05-03T18:37:43+00:00","breadcrumb":{"@id":"https:\/\/memurunsesi.net\/index.php\/2025\/05\/03\/arazide-yakilan-ates-yayildi-60-donum-arazi-zarar-gordu\/#breadcrumb"},"inLanguage":"tr","potentialAction":[{"@type":"ReadAction","target":["https:\/\/memurunsesi.net\/index.php\/2025\/05\/03\/arazide-yakilan-ates-yayildi-60-donum-arazi-zarar-gordu\/"]}]},{"@type":"ImageObject","inLanguage":"tr","@id":"https:\/\/memurunsesi.net\/index.php\/2025\/05\/03\/arazide-yakilan-ates-yayildi-60-donum-arazi-zarar-gordu\/#primaryimage","url":"https:\/\/memurunsesi.net\/wp-content\/uploads\/2025\/05\/AW446654_01.jpg","contentUrl":"https:\/\/memurunsesi.net\/wp-content\/uploads\/2025\/05\/AW446654_01.jpg","width":1292,"height":695,"caption":"SAKARYA'NIN KARASU \u0130L\u00c7ES\u0130NDE ARAZ\u0130DE K\u0130ML\u0130\u011e\u0130 BEL\u0130RS\u0130Z K\u0130\u015e\u0130LERCE YAKILAN ATE\u015e YAYILDI. YAKLA\u015eIK 60 D\u00d6N\u00dcM\u00dcN ZARAR G\u00d6RD\u00dc\u011e\u00dc B\u00d6LGE DRON \u0130LE HAVADAN DA G\u00d6R\u00dcNT\u00dcLEND\u0130. (ESRA ANG\u00dcN\/SAKARYA-\u0130HA) Sakarya'n\u0131n Karasu il\u00e7esinde arazide kimli\u011fi belirsiz ki\u015filerce yak\u0131lan ate\u015f r\u00fczgar\u0131n etkisiyle yay\u0131ld\u0131. Yakla\u015f\u0131k 60 d\u00f6n\u00fcm\u00fcn zarar g\u00f6rd\u00fc\u011f\u00fc b\u00f6lge dron ile havadan g\u00f6r\u00fcnt\u00fclendi."},{"@type":"BreadcrumbList","@id":"https:\/\/memurunsesi.net\/index.php\/2025\/05\/03\/arazide-yakilan-ates-yayildi-60-donum-arazi-zarar-gordu\/#breadcrumb","itemListElement":[{"@type":"ListItem","position":1,"name":"Anasayfa","item":"https:\/\/memurunsesi.net\/"},{"@type":"ListItem","position":2,"name":"Arazide yak\u0131lan ate\u015f yay\u0131ld\u0131: 60 d\u00f6n\u00fcm arazi zarar g\u00f6rd\u00fc"}]},{"@type":"WebSite","@id":"https:\/\/memurunsesi.net\/#website","url":"https:\/\/memurunsesi.net\/","name":"Memurun Sesi","description":"G\u00fcncel ve Do\u011fru Haber","publisher":{"@id":"https:\/\/memurunsesi.net\/#organization"},"potentialAction":[{"@type":"SearchAction","target":{"@type":"EntryPoint","urlTemplate":"https:\/\/memurunsesi.net\/?s={search_term_string}"},"query-input":{"@type":"PropertyValueSpecification","valueRequired":true,"valueName":"search_term_string"}}],"inLanguage":"tr"},{"@type":"Organization","@id":"https:\/\/memurunsesi.net\/#organization","name":"Memurun Sesi","url":"https:\/\/memurunsesi.net\/","logo":{"@type":"ImageObject","inLanguage":"tr","@id":"https:\/\/memurunsesi.net\/#\/schema\/logo\/image\/","url":"https:\/\/memurunsesi.net\/wp-content\/uploads\/2025\/11\/cropped-MEMURUN-SESI.png","contentUrl":"https:\/\/memurunsesi.net\/wp-content\/uploads\/2025\/11\/cropped-MEMURUN-SESI.png","width":238,"height":57,"caption":"Memurun Sesi"},"image":{"@id":"https:\/\/memurunsesi.net\/#\/schema\/logo\/image\/"},"sameAs":["https:\/\/www.facebook.com\/unipersen\/?locale=tr_TR","https:\/\/x.com\/unipersen"]},{"@type":"Person","@id":"https:\/\/memurunsesi.net\/#\/schema\/person\/f21c2d73b89f6ee1d80b0a1803e38587","name":"Memurun Sesi Haber Merkezi","image":{"@type":"ImageObject","inLanguage":"tr","@id":"https:\/\/secure.gravatar.com\/avatar\/6cf0505f452ee753f485014986fab09a434671d2b919ee76fc541025c5876a70?s=96&d=mm&r=g","url":"https:\/\/secure.gravatar.com\/avatar\/6cf0505f452ee753f485014986fab09a434671d2b919ee76fc541025c5876a70?s=96&d=mm&r=g","contentUrl":"https:\/\/secure.gravatar.com\/avatar\/6cf0505f452ee753f485014986fab09a434671d2b919ee76fc541025c5876a70?s=96&d=mm&r=g","caption":"Memurun Sesi Haber Merkezi"},"sameAs":["https:\/\/memurunsesi.net"],"url":"https:\/\/memurunsesi.net\/index.php\/author\/uniper\/"}]}},"_links":{"self":[{"href":"https:\/\/memurunsesi.net\/index.php\/wp-json\/wp\/v2\/posts\/6344","targetHints":{"allow":["GET"]}}],"collection":[{"href":"https:\/\/memurunsesi.net\/index.php\/wp-json\/wp\/v2\/posts"}],"about":[{"href":"https:\/\/memurunsesi.net\/index.php\/wp-json\/wp\/v2\/types\/post"}],"author":[{"embeddable":true,"href":"https:\/\/memurunsesi.net\/index.php\/wp-json\/wp\/v2\/users\/1"}],"replies":[{"embeddable":true,"href":"https:\/\/memurunsesi.net\/index.php\/wp-json\/wp\/v2\/comments?post=6344"}],"version-history":[{"count":1,"href":"https:\/\/memurunsesi.net\/index.php\/wp-json\/wp\/v2\/posts\/6344\/revisions"}],"predecessor-version":[{"id":6347,"href":"https:\/\/memurunsesi.net\/index.php\/wp-json\/wp\/v2\/posts\/6344\/revisions\/6347"}],"wp:featuredmedia":[{"embeddable":true,"href":"https:\/\/memurunsesi.net\/index.php\/wp-json\/wp\/v2\/media\/6346"}],"wp:attachment":[{"href":"https:\/\/memurunsesi.net\/index.php\/wp-json\/wp\/v2\/media?parent=6344"}],"wp:term":[{"taxonomy":"category","embeddable":true,"href":"https:\/\/memurunsesi.net\/index.php\/wp-json\/wp\/v2\/categories?post=6344"},{"taxonomy":"post_tag","embeddable":true,"href":"https:\/\/memurunsesi.net\/index.php\/wp-json\/wp\/v2\/tags?post=6344"}],"curies":[{"name":"wp","href":"https:\/\/api.w.org\/{rel}","templated":true}]}}