{"id":6362,"date":"2025-05-03T21:47:15","date_gmt":"2025-05-03T18:47:15","guid":{"rendered":"https:\/\/memurunsesi.net\/?p=6362"},"modified":"2025-05-03T21:47:15","modified_gmt":"2025-05-03T18:47:15","slug":"kontrolden-cikan-otomobil-otobus-duragina-daldi-2-agir-yarali","status":"publish","type":"post","link":"https:\/\/memurunsesi.net\/index.php\/2025\/05\/03\/kontrolden-cikan-otomobil-otobus-duragina-daldi-2-agir-yarali\/","title":{"rendered":"Kontrolden \u00e7\u0131kan otomobil otob\u00fcs dura\u011f\u0131na dald\u0131: 2 a\u011f\u0131r yaral\u0131"},"content":{"rendered":"<p>  Ankara&#8217;da bir otomobilin durakta bekleyenlerin aras\u0131na dald\u0131\u011f\u0131 kazada 2 ki\u015fi a\u011f\u0131r yaraland\u0131.<br \/>\nAl\u0131nan bilgilere g\u00f6re, kaza saat 15.00 sular\u0131nda \u00c7ankaya il\u00e7esi \u00dcmitk\u00f6y Mahallesi&#8217;nde meydana geldi. Dumlup\u0131nar Caddesi \u00fczerinde ilerleyen otomobil, kontrolden \u00e7\u0131karak \u00f6nce durakta otob\u00fcs bekleyen 2 vatanda\u015fa sonra otob\u00fcs dura\u011f\u0131n\u0131n dire\u011fine \u00e7arpt\u0131. Kazan\u0131n \u015fiddetiyle havaya savrulan vatanda\u015flar a\u011f\u0131r yaraland\u0131. \u00c7evredeki vatanda\u015flar\u0131n ihbar\u0131 \u00fczerine olay yerine polis ve sa\u011fl\u0131k ekipleri sevk edildi. A\u011f\u0131r yaral\u0131 2 vatanda\u015f \u00e7evredeki hastanelere ambulanslarla nakledildi. <\/p>\n<p>  &#8220;B\u00fcy\u00fck patlama gibi g\u00fcr\u00fclt\u00fc oldu&#8221;<br \/>\n  Cemal Serdaro\u011flu isimli vatanda\u015f, kaza an\u0131nda arkada\u015flar\u0131yla duvar kenar\u0131nda sohbet etti\u011fini belirterek, &#8220;B\u00fcy\u00fck bir patlama gibi bir g\u00fcr\u00fclt\u00fc duydum. Bir araban\u0131n duvara \u00e7arpt\u0131\u011f\u0131n\u0131, bir ki\u015finin havaya u\u00e7tu\u011funu, di\u011fer ki\u015finin de araban\u0131n alt\u0131nda oldu\u011funu g\u00f6rd\u00fcm&#8221; dedi.<br \/>\n  Mevl\u00fct Aydo\u011fan ise, &#8220;Kaza yapan \u015fah\u0131s sa\u011f \u015feritten s\u00fcratli geliyordu. Direkt otob\u00fcs dura\u011f\u0131na dald\u0131. Sa\u011f taraftan yava\u015f gelmesi laz\u0131md\u0131. Allah yaral\u0131lar\u0131m\u0131za sa\u011fl\u0131k s\u0131hhat versin&#8221; ifadelerine kulland\u0131. <\/p>\n<p>3.05.2025                               <\/p>\n","protected":false},"excerpt":{"rendered":"<p>Ankara&#8217;da bir otomobilin durakta bekleyenlerin aras\u0131na dald\u0131\u011f\u0131 kazada 2 ki\u015fi a\u011f\u0131r yaraland\u0131. Al\u0131nan bilgilere g\u00f6re, kaza saat 15.00 sular\u0131nda \u00c7ankaya il\u00e7esi \u00dcmitk\u00f6y Mahallesi&#8217;nde meydana geldi. Dumlup\u0131nar Caddesi \u00fczerinde ilerleyen otomobil, kontrolden \u00e7\u0131karak \u00f6nce durakta otob\u00fcs bekleyen 2 vatanda\u015fa sonra otob\u00fcs dura\u011f\u0131n\u0131n dire\u011fine \u00e7arpt\u0131. Kazan\u0131n \u015fiddetiyle havaya savrulan vatanda\u015flar a\u011f\u0131r yaraland\u0131. \u00c7evredeki vatanda\u015flar\u0131n ihbar\u0131 \u00fczerine olay [&hellip;]<\/p>\n","protected":false},"author":1,"featured_media":6363,"comment_status":"open","ping_status":"open","sticky":false,"template":"","format":"standard","meta":{"footnotes":""},"categories":[1],"tags":[],"class_list":["post-6362","post","type-post","status-publish","format-standard","has-post-thumbnail","hentry","category-genel"],"yoast_head":"<!-- This site is optimized with the Yoast SEO plugin v27.4 - https:\/\/yoast.com\/product\/yoast-seo-wordpress\/ -->\n<title>Kontrolden \u00e7\u0131kan otomobil otob\u00fcs dura\u011f\u0131na dald\u0131: 2 a\u011f\u0131r yaral\u0131 - Memurun Sesi<\/title>\n<meta name=\"robots\" content=\"index, follow, max-snippet:-1, max-image-preview:large, max-video-preview:-1\" \/>\n<link rel=\"canonical\" href=\"https:\/\/memurunsesi.net\/index.php\/2025\/05\/03\/kontrolden-cikan-otomobil-otobus-duragina-daldi-2-agir-yarali\/\" \/>\n<meta property=\"og:locale\" content=\"tr_TR\" \/>\n<meta property=\"og:type\" content=\"article\" \/>\n<meta property=\"og:title\" content=\"Kontrolden \u00e7\u0131kan otomobil otob\u00fcs dura\u011f\u0131na dald\u0131: 2 a\u011f\u0131r yaral\u0131 - Memurun Sesi\" \/>\n<meta property=\"og:description\" content=\"Ankara&#8217;da bir otomobilin durakta bekleyenlerin aras\u0131na dald\u0131\u011f\u0131 kazada 2 ki\u015fi a\u011f\u0131r yaraland\u0131. Al\u0131nan bilgilere g\u00f6re, kaza saat 15.00 sular\u0131nda \u00c7ankaya il\u00e7esi \u00dcmitk\u00f6y Mahallesi&#8217;nde meydana geldi. Dumlup\u0131nar Caddesi \u00fczerinde ilerleyen otomobil, kontrolden \u00e7\u0131karak \u00f6nce durakta otob\u00fcs bekleyen 2 vatanda\u015fa sonra otob\u00fcs dura\u011f\u0131n\u0131n dire\u011fine \u00e7arpt\u0131. Kazan\u0131n \u015fiddetiyle havaya savrulan vatanda\u015flar a\u011f\u0131r yaraland\u0131. \u00c7evredeki vatanda\u015flar\u0131n ihbar\u0131 \u00fczerine olay [&hellip;]\" \/>\n<meta property=\"og:url\" content=\"https:\/\/memurunsesi.net\/index.php\/2025\/05\/03\/kontrolden-cikan-otomobil-otobus-duragina-daldi-2-agir-yarali\/\" \/>\n<meta property=\"og:site_name\" content=\"Memurun Sesi\" \/>\n<meta property=\"article:publisher\" content=\"https:\/\/www.facebook.com\/unipersen\/?locale=tr_TR\" \/>\n<meta property=\"article:published_time\" content=\"2025-05-03T18:47:15+00:00\" \/>\n<meta property=\"og:image\" content=\"https:\/\/memurunsesi.net\/wp-content\/uploads\/2025\/05\/AW446628_04.jpg\" \/>\n\t<meta property=\"og:image:width\" content=\"1600\" \/>\n\t<meta property=\"og:image:height\" content=\"747\" \/>\n\t<meta property=\"og:image:type\" content=\"image\/jpeg\" \/>\n<meta name=\"author\" content=\"Memurun Sesi Haber Merkezi\" \/>\n<meta name=\"twitter:card\" content=\"summary_large_image\" \/>\n<meta name=\"twitter:creator\" content=\"@unipersen\" \/>\n<meta name=\"twitter:site\" content=\"@unipersen\" \/>\n<meta name=\"twitter:label1\" content=\"Yazan:\" \/>\n\t<meta name=\"twitter:data1\" content=\"Memurun Sesi Haber Merkezi\" \/>\n\t<meta name=\"twitter:label2\" content=\"Tahmini okuma s\u00fcresi\" \/>\n\t<meta name=\"twitter:data2\" content=\"1 dakika\" \/>\n<script type=\"application\/ld+json\" class=\"yoast-schema-graph\">{\"@context\":\"https:\\\/\\\/schema.org\",\"@graph\":[{\"@type\":\"Article\",\"@id\":\"https:\\\/\\\/memurunsesi.net\\\/index.php\\\/2025\\\/05\\\/03\\\/kontrolden-cikan-otomobil-otobus-duragina-daldi-2-agir-yarali\\\/#article\",\"isPartOf\":{\"@id\":\"https:\\\/\\\/memurunsesi.net\\\/index.php\\\/2025\\\/05\\\/03\\\/kontrolden-cikan-otomobil-otobus-duragina-daldi-2-agir-yarali\\\/\"},\"author\":{\"name\":\"Memurun Sesi Haber Merkezi\",\"@id\":\"https:\\\/\\\/memurunsesi.net\\\/#\\\/schema\\\/person\\\/f21c2d73b89f6ee1d80b0a1803e38587\"},\"headline\":\"Kontrolden \u00e7\u0131kan otomobil otob\u00fcs dura\u011f\u0131na dald\u0131: 2 a\u011f\u0131r yaral\u0131\",\"datePublished\":\"2025-05-03T18:47:15+00:00\",\"mainEntityOfPage\":{\"@id\":\"https:\\\/\\\/memurunsesi.net\\\/index.php\\\/2025\\\/05\\\/03\\\/kontrolden-cikan-otomobil-otobus-duragina-daldi-2-agir-yarali\\\/\"},\"wordCount\":207,\"commentCount\":0,\"publisher\":{\"@id\":\"https:\\\/\\\/memurunsesi.net\\\/#organization\"},\"image\":{\"@id\":\"https:\\\/\\\/memurunsesi.net\\\/index.php\\\/2025\\\/05\\\/03\\\/kontrolden-cikan-otomobil-otobus-duragina-daldi-2-agir-yarali\\\/#primaryimage\"},\"thumbnailUrl\":\"https:\\\/\\\/memurunsesi.net\\\/wp-content\\\/uploads\\\/2025\\\/05\\\/AW446628_04.jpg\",\"inLanguage\":\"tr\",\"potentialAction\":[{\"@type\":\"CommentAction\",\"name\":\"Comment\",\"target\":[\"https:\\\/\\\/memurunsesi.net\\\/index.php\\\/2025\\\/05\\\/03\\\/kontrolden-cikan-otomobil-otobus-duragina-daldi-2-agir-yarali\\\/#respond\"]}]},{\"@type\":\"WebPage\",\"@id\":\"https:\\\/\\\/memurunsesi.net\\\/index.php\\\/2025\\\/05\\\/03\\\/kontrolden-cikan-otomobil-otobus-duragina-daldi-2-agir-yarali\\\/\",\"url\":\"https:\\\/\\\/memurunsesi.net\\\/index.php\\\/2025\\\/05\\\/03\\\/kontrolden-cikan-otomobil-otobus-duragina-daldi-2-agir-yarali\\\/\",\"name\":\"Kontrolden \u00e7\u0131kan otomobil otob\u00fcs dura\u011f\u0131na dald\u0131: 2 a\u011f\u0131r yaral\u0131 - Memurun Sesi\",\"isPartOf\":{\"@id\":\"https:\\\/\\\/memurunsesi.net\\\/#website\"},\"primaryImageOfPage\":{\"@id\":\"https:\\\/\\\/memurunsesi.net\\\/index.php\\\/2025\\\/05\\\/03\\\/kontrolden-cikan-otomobil-otobus-duragina-daldi-2-agir-yarali\\\/#primaryimage\"},\"image\":{\"@id\":\"https:\\\/\\\/memurunsesi.net\\\/index.php\\\/2025\\\/05\\\/03\\\/kontrolden-cikan-otomobil-otobus-duragina-daldi-2-agir-yarali\\\/#primaryimage\"},\"thumbnailUrl\":\"https:\\\/\\\/memurunsesi.net\\\/wp-content\\\/uploads\\\/2025\\\/05\\\/AW446628_04.jpg\",\"datePublished\":\"2025-05-03T18:47:15+00:00\",\"breadcrumb\":{\"@id\":\"https:\\\/\\\/memurunsesi.net\\\/index.php\\\/2025\\\/05\\\/03\\\/kontrolden-cikan-otomobil-otobus-duragina-daldi-2-agir-yarali\\\/#breadcrumb\"},\"inLanguage\":\"tr\",\"potentialAction\":[{\"@type\":\"ReadAction\",\"target\":[\"https:\\\/\\\/memurunsesi.net\\\/index.php\\\/2025\\\/05\\\/03\\\/kontrolden-cikan-otomobil-otobus-duragina-daldi-2-agir-yarali\\\/\"]}]},{\"@type\":\"ImageObject\",\"inLanguage\":\"tr\",\"@id\":\"https:\\\/\\\/memurunsesi.net\\\/index.php\\\/2025\\\/05\\\/03\\\/kontrolden-cikan-otomobil-otobus-duragina-daldi-2-agir-yarali\\\/#primaryimage\",\"url\":\"https:\\\/\\\/memurunsesi.net\\\/wp-content\\\/uploads\\\/2025\\\/05\\\/AW446628_04.jpg\",\"contentUrl\":\"https:\\\/\\\/memurunsesi.net\\\/wp-content\\\/uploads\\\/2025\\\/05\\\/AW446628_04.jpg\",\"width\":1600,\"height\":747,\"caption\":\"ANKARA'DA B\u0130R OTOMOB\u0130L \u00dcST GE\u00c7\u0130T AYA\u011eINA \u00c7ARPARAK TRAF\u0130K KAZASI MEYDANA GELD\u0130. 2 K\u0130\u015e\u0130 A\u011eIR YARALANDI. (G\u00d6K\u015eEN EFE\\\/ANKARA-\u0130HA) Ankara'da bir otomobilin durakta bekleyenlerin aras\u0131na dald\u0131\u011f\u0131 kazada 2 ki\u015fi a\u011f\u0131r yaraland\u0131.\"},{\"@type\":\"BreadcrumbList\",\"@id\":\"https:\\\/\\\/memurunsesi.net\\\/index.php\\\/2025\\\/05\\\/03\\\/kontrolden-cikan-otomobil-otobus-duragina-daldi-2-agir-yarali\\\/#breadcrumb\",\"itemListElement\":[{\"@type\":\"ListItem\",\"position\":1,\"name\":\"Anasayfa\",\"item\":\"https:\\\/\\\/memurunsesi.net\\\/\"},{\"@type\":\"ListItem\",\"position\":2,\"name\":\"Kontrolden \u00e7\u0131kan otomobil otob\u00fcs dura\u011f\u0131na dald\u0131: 2 a\u011f\u0131r yaral\u0131\"}]},{\"@type\":\"WebSite\",\"@id\":\"https:\\\/\\\/memurunsesi.net\\\/#website\",\"url\":\"https:\\\/\\\/memurunsesi.net\\\/\",\"name\":\"Memurun Sesi\",\"description\":\"G\u00fcncel ve Do\u011fru Haber\",\"publisher\":{\"@id\":\"https:\\\/\\\/memurunsesi.net\\\/#organization\"},\"potentialAction\":[{\"@type\":\"SearchAction\",\"target\":{\"@type\":\"EntryPoint\",\"urlTemplate\":\"https:\\\/\\\/memurunsesi.net\\\/?s={search_term_string}\"},\"query-input\":{\"@type\":\"PropertyValueSpecification\",\"valueRequired\":true,\"valueName\":\"search_term_string\"}}],\"inLanguage\":\"tr\"},{\"@type\":\"Organization\",\"@id\":\"https:\\\/\\\/memurunsesi.net\\\/#organization\",\"name\":\"Memurun Sesi\",\"url\":\"https:\\\/\\\/memurunsesi.net\\\/\",\"logo\":{\"@type\":\"ImageObject\",\"inLanguage\":\"tr\",\"@id\":\"https:\\\/\\\/memurunsesi.net\\\/#\\\/schema\\\/logo\\\/image\\\/\",\"url\":\"https:\\\/\\\/memurunsesi.net\\\/wp-content\\\/uploads\\\/2025\\\/11\\\/cropped-MEMURUN-SESI.png\",\"contentUrl\":\"https:\\\/\\\/memurunsesi.net\\\/wp-content\\\/uploads\\\/2025\\\/11\\\/cropped-MEMURUN-SESI.png\",\"width\":238,\"height\":57,\"caption\":\"Memurun Sesi\"},\"image\":{\"@id\":\"https:\\\/\\\/memurunsesi.net\\\/#\\\/schema\\\/logo\\\/image\\\/\"},\"sameAs\":[\"https:\\\/\\\/www.facebook.com\\\/unipersen\\\/?locale=tr_TR\",\"https:\\\/\\\/x.com\\\/unipersen\"]},{\"@type\":\"Person\",\"@id\":\"https:\\\/\\\/memurunsesi.net\\\/#\\\/schema\\\/person\\\/f21c2d73b89f6ee1d80b0a1803e38587\",\"name\":\"Memurun Sesi Haber Merkezi\",\"image\":{\"@type\":\"ImageObject\",\"inLanguage\":\"tr\",\"@id\":\"https:\\\/\\\/secure.gravatar.com\\\/avatar\\\/6cf0505f452ee753f485014986fab09a434671d2b919ee76fc541025c5876a70?s=96&d=mm&r=g\",\"url\":\"https:\\\/\\\/secure.gravatar.com\\\/avatar\\\/6cf0505f452ee753f485014986fab09a434671d2b919ee76fc541025c5876a70?s=96&d=mm&r=g\",\"contentUrl\":\"https:\\\/\\\/secure.gravatar.com\\\/avatar\\\/6cf0505f452ee753f485014986fab09a434671d2b919ee76fc541025c5876a70?s=96&d=mm&r=g\",\"caption\":\"Memurun Sesi Haber Merkezi\"},\"sameAs\":[\"https:\\\/\\\/memurunsesi.net\"],\"url\":\"https:\\\/\\\/memurunsesi.net\\\/index.php\\\/author\\\/uniper\\\/\"}]}<\/script>\n<!-- \/ Yoast SEO plugin. -->","yoast_head_json":{"title":"Kontrolden \u00e7\u0131kan otomobil otob\u00fcs dura\u011f\u0131na dald\u0131: 2 a\u011f\u0131r yaral\u0131 - Memurun Sesi","robots":{"index":"index","follow":"follow","max-snippet":"max-snippet:-1","max-image-preview":"max-image-preview:large","max-video-preview":"max-video-preview:-1"},"canonical":"https:\/\/memurunsesi.net\/index.php\/2025\/05\/03\/kontrolden-cikan-otomobil-otobus-duragina-daldi-2-agir-yarali\/","og_locale":"tr_TR","og_type":"article","og_title":"Kontrolden \u00e7\u0131kan otomobil otob\u00fcs dura\u011f\u0131na dald\u0131: 2 a\u011f\u0131r yaral\u0131 - Memurun Sesi","og_description":"Ankara&#8217;da bir otomobilin durakta bekleyenlerin aras\u0131na dald\u0131\u011f\u0131 kazada 2 ki\u015fi a\u011f\u0131r yaraland\u0131. Al\u0131nan bilgilere g\u00f6re, kaza saat 15.00 sular\u0131nda \u00c7ankaya il\u00e7esi \u00dcmitk\u00f6y Mahallesi&#8217;nde meydana geldi. Dumlup\u0131nar Caddesi \u00fczerinde ilerleyen otomobil, kontrolden \u00e7\u0131karak \u00f6nce durakta otob\u00fcs bekleyen 2 vatanda\u015fa sonra otob\u00fcs dura\u011f\u0131n\u0131n dire\u011fine \u00e7arpt\u0131. Kazan\u0131n \u015fiddetiyle havaya savrulan vatanda\u015flar a\u011f\u0131r yaraland\u0131. \u00c7evredeki vatanda\u015flar\u0131n ihbar\u0131 \u00fczerine olay [&hellip;]","og_url":"https:\/\/memurunsesi.net\/index.php\/2025\/05\/03\/kontrolden-cikan-otomobil-otobus-duragina-daldi-2-agir-yarali\/","og_site_name":"Memurun Sesi","article_publisher":"https:\/\/www.facebook.com\/unipersen\/?locale=tr_TR","article_published_time":"2025-05-03T18:47:15+00:00","og_image":[{"width":1600,"height":747,"url":"https:\/\/memurunsesi.net\/wp-content\/uploads\/2025\/05\/AW446628_04.jpg","type":"image\/jpeg"}],"author":"Memurun Sesi Haber Merkezi","twitter_card":"summary_large_image","twitter_creator":"@unipersen","twitter_site":"@unipersen","twitter_misc":{"Yazan:":"Memurun Sesi Haber Merkezi","Tahmini okuma s\u00fcresi":"1 dakika"},"schema":{"@context":"https:\/\/schema.org","@graph":[{"@type":"Article","@id":"https:\/\/memurunsesi.net\/index.php\/2025\/05\/03\/kontrolden-cikan-otomobil-otobus-duragina-daldi-2-agir-yarali\/#article","isPartOf":{"@id":"https:\/\/memurunsesi.net\/index.php\/2025\/05\/03\/kontrolden-cikan-otomobil-otobus-duragina-daldi-2-agir-yarali\/"},"author":{"name":"Memurun Sesi Haber Merkezi","@id":"https:\/\/memurunsesi.net\/#\/schema\/person\/f21c2d73b89f6ee1d80b0a1803e38587"},"headline":"Kontrolden \u00e7\u0131kan otomobil otob\u00fcs dura\u011f\u0131na dald\u0131: 2 a\u011f\u0131r yaral\u0131","datePublished":"2025-05-03T18:47:15+00:00","mainEntityOfPage":{"@id":"https:\/\/memurunsesi.net\/index.php\/2025\/05\/03\/kontrolden-cikan-otomobil-otobus-duragina-daldi-2-agir-yarali\/"},"wordCount":207,"commentCount":0,"publisher":{"@id":"https:\/\/memurunsesi.net\/#organization"},"image":{"@id":"https:\/\/memurunsesi.net\/index.php\/2025\/05\/03\/kontrolden-cikan-otomobil-otobus-duragina-daldi-2-agir-yarali\/#primaryimage"},"thumbnailUrl":"https:\/\/memurunsesi.net\/wp-content\/uploads\/2025\/05\/AW446628_04.jpg","inLanguage":"tr","potentialAction":[{"@type":"CommentAction","name":"Comment","target":["https:\/\/memurunsesi.net\/index.php\/2025\/05\/03\/kontrolden-cikan-otomobil-otobus-duragina-daldi-2-agir-yarali\/#respond"]}]},{"@type":"WebPage","@id":"https:\/\/memurunsesi.net\/index.php\/2025\/05\/03\/kontrolden-cikan-otomobil-otobus-duragina-daldi-2-agir-yarali\/","url":"https:\/\/memurunsesi.net\/index.php\/2025\/05\/03\/kontrolden-cikan-otomobil-otobus-duragina-daldi-2-agir-yarali\/","name":"Kontrolden \u00e7\u0131kan otomobil otob\u00fcs dura\u011f\u0131na dald\u0131: 2 a\u011f\u0131r yaral\u0131 - Memurun Sesi","isPartOf":{"@id":"https:\/\/memurunsesi.net\/#website"},"primaryImageOfPage":{"@id":"https:\/\/memurunsesi.net\/index.php\/2025\/05\/03\/kontrolden-cikan-otomobil-otobus-duragina-daldi-2-agir-yarali\/#primaryimage"},"image":{"@id":"https:\/\/memurunsesi.net\/index.php\/2025\/05\/03\/kontrolden-cikan-otomobil-otobus-duragina-daldi-2-agir-yarali\/#primaryimage"},"thumbnailUrl":"https:\/\/memurunsesi.net\/wp-content\/uploads\/2025\/05\/AW446628_04.jpg","datePublished":"2025-05-03T18:47:15+00:00","breadcrumb":{"@id":"https:\/\/memurunsesi.net\/index.php\/2025\/05\/03\/kontrolden-cikan-otomobil-otobus-duragina-daldi-2-agir-yarali\/#breadcrumb"},"inLanguage":"tr","potentialAction":[{"@type":"ReadAction","target":["https:\/\/memurunsesi.net\/index.php\/2025\/05\/03\/kontrolden-cikan-otomobil-otobus-duragina-daldi-2-agir-yarali\/"]}]},{"@type":"ImageObject","inLanguage":"tr","@id":"https:\/\/memurunsesi.net\/index.php\/2025\/05\/03\/kontrolden-cikan-otomobil-otobus-duragina-daldi-2-agir-yarali\/#primaryimage","url":"https:\/\/memurunsesi.net\/wp-content\/uploads\/2025\/05\/AW446628_04.jpg","contentUrl":"https:\/\/memurunsesi.net\/wp-content\/uploads\/2025\/05\/AW446628_04.jpg","width":1600,"height":747,"caption":"ANKARA'DA B\u0130R OTOMOB\u0130L \u00dcST GE\u00c7\u0130T AYA\u011eINA \u00c7ARPARAK TRAF\u0130K KAZASI MEYDANA GELD\u0130. 2 K\u0130\u015e\u0130 A\u011eIR YARALANDI. (G\u00d6K\u015eEN EFE\/ANKARA-\u0130HA) Ankara'da bir otomobilin durakta bekleyenlerin aras\u0131na dald\u0131\u011f\u0131 kazada 2 ki\u015fi a\u011f\u0131r yaraland\u0131."},{"@type":"BreadcrumbList","@id":"https:\/\/memurunsesi.net\/index.php\/2025\/05\/03\/kontrolden-cikan-otomobil-otobus-duragina-daldi-2-agir-yarali\/#breadcrumb","itemListElement":[{"@type":"ListItem","position":1,"name":"Anasayfa","item":"https:\/\/memurunsesi.net\/"},{"@type":"ListItem","position":2,"name":"Kontrolden \u00e7\u0131kan otomobil otob\u00fcs dura\u011f\u0131na dald\u0131: 2 a\u011f\u0131r yaral\u0131"}]},{"@type":"WebSite","@id":"https:\/\/memurunsesi.net\/#website","url":"https:\/\/memurunsesi.net\/","name":"Memurun Sesi","description":"G\u00fcncel ve Do\u011fru Haber","publisher":{"@id":"https:\/\/memurunsesi.net\/#organization"},"potentialAction":[{"@type":"SearchAction","target":{"@type":"EntryPoint","urlTemplate":"https:\/\/memurunsesi.net\/?s={search_term_string}"},"query-input":{"@type":"PropertyValueSpecification","valueRequired":true,"valueName":"search_term_string"}}],"inLanguage":"tr"},{"@type":"Organization","@id":"https:\/\/memurunsesi.net\/#organization","name":"Memurun Sesi","url":"https:\/\/memurunsesi.net\/","logo":{"@type":"ImageObject","inLanguage":"tr","@id":"https:\/\/memurunsesi.net\/#\/schema\/logo\/image\/","url":"https:\/\/memurunsesi.net\/wp-content\/uploads\/2025\/11\/cropped-MEMURUN-SESI.png","contentUrl":"https:\/\/memurunsesi.net\/wp-content\/uploads\/2025\/11\/cropped-MEMURUN-SESI.png","width":238,"height":57,"caption":"Memurun Sesi"},"image":{"@id":"https:\/\/memurunsesi.net\/#\/schema\/logo\/image\/"},"sameAs":["https:\/\/www.facebook.com\/unipersen\/?locale=tr_TR","https:\/\/x.com\/unipersen"]},{"@type":"Person","@id":"https:\/\/memurunsesi.net\/#\/schema\/person\/f21c2d73b89f6ee1d80b0a1803e38587","name":"Memurun Sesi Haber Merkezi","image":{"@type":"ImageObject","inLanguage":"tr","@id":"https:\/\/secure.gravatar.com\/avatar\/6cf0505f452ee753f485014986fab09a434671d2b919ee76fc541025c5876a70?s=96&d=mm&r=g","url":"https:\/\/secure.gravatar.com\/avatar\/6cf0505f452ee753f485014986fab09a434671d2b919ee76fc541025c5876a70?s=96&d=mm&r=g","contentUrl":"https:\/\/secure.gravatar.com\/avatar\/6cf0505f452ee753f485014986fab09a434671d2b919ee76fc541025c5876a70?s=96&d=mm&r=g","caption":"Memurun Sesi Haber Merkezi"},"sameAs":["https:\/\/memurunsesi.net"],"url":"https:\/\/memurunsesi.net\/index.php\/author\/uniper\/"}]}},"_links":{"self":[{"href":"https:\/\/memurunsesi.net\/index.php\/wp-json\/wp\/v2\/posts\/6362","targetHints":{"allow":["GET"]}}],"collection":[{"href":"https:\/\/memurunsesi.net\/index.php\/wp-json\/wp\/v2\/posts"}],"about":[{"href":"https:\/\/memurunsesi.net\/index.php\/wp-json\/wp\/v2\/types\/post"}],"author":[{"embeddable":true,"href":"https:\/\/memurunsesi.net\/index.php\/wp-json\/wp\/v2\/users\/1"}],"replies":[{"embeddable":true,"href":"https:\/\/memurunsesi.net\/index.php\/wp-json\/wp\/v2\/comments?post=6362"}],"version-history":[{"count":1,"href":"https:\/\/memurunsesi.net\/index.php\/wp-json\/wp\/v2\/posts\/6362\/revisions"}],"predecessor-version":[{"id":6364,"href":"https:\/\/memurunsesi.net\/index.php\/wp-json\/wp\/v2\/posts\/6362\/revisions\/6364"}],"wp:featuredmedia":[{"embeddable":true,"href":"https:\/\/memurunsesi.net\/index.php\/wp-json\/wp\/v2\/media\/6363"}],"wp:attachment":[{"href":"https:\/\/memurunsesi.net\/index.php\/wp-json\/wp\/v2\/media?parent=6362"}],"wp:term":[{"taxonomy":"category","embeddable":true,"href":"https:\/\/memurunsesi.net\/index.php\/wp-json\/wp\/v2\/categories?post=6362"},{"taxonomy":"post_tag","embeddable":true,"href":"https:\/\/memurunsesi.net\/index.php\/wp-json\/wp\/v2\/tags?post=6362"}],"curies":[{"name":"wp","href":"https:\/\/api.w.org\/{rel}","templated":true}]}}