{"id":6365,"date":"2025-05-03T21:49:03","date_gmt":"2025-05-03T18:49:03","guid":{"rendered":"https:\/\/memurunsesi.net\/?p=6365"},"modified":"2025-05-03T21:49:03","modified_gmt":"2025-05-03T18:49:03","slug":"calistigi-is-yerini-soyan-hirsiz-kamerada-caldigi-para-kasasini-mezarliga-gomdu","status":"publish","type":"post","link":"https:\/\/memurunsesi.net\/index.php\/2025\/05\/03\/calistigi-is-yerini-soyan-hirsiz-kamerada-caldigi-para-kasasini-mezarliga-gomdu\/","title":{"rendered":"\u00c7al\u0131\u015ft\u0131\u011f\u0131 i\u015f yerini soyan h\u0131rs\u0131z kamerada: \u00c7ald\u0131\u011f\u0131 para kasas\u0131n\u0131 mezarl\u0131\u011fa g\u00f6md\u00fc"},"content":{"rendered":"<p>    Edirne\u2019de \u00e7al\u0131\u015ft\u0131\u011f\u0131 i\u015fletmedeki g\u00fcvenlik kameralar\u0131n\u0131 devre d\u0131\u015f\u0131 b\u0131rakan ve kay\u0131t cihaz\u0131n\u0131 s\u00f6ken \u015fah\u0131s i\u015f yerini soydu. \u00c7ald\u0131\u011f\u0131 para kasas\u0131n\u0131 mezarl\u0131\u011fa g\u00f6men \u015f\u00fcpheli k\u0131sa s\u00fcrede yakaland\u0131.<br \/>\n  \u0130ddiaya g\u00f6re, C.A. adl\u0131 \u015fah\u0131s, bir arkada\u015f\u0131n\u0131n otomobilini, &#8220;otogara b\u0131rakaca\u011f\u0131m&#8221; bahanesiyle ald\u0131 ve planlad\u0131\u011f\u0131 h\u0131rs\u0131zl\u0131k i\u00e7in i\u015f yerine geldi. Bah\u00e7eye atlayarak \u00e7at\u0131dan i\u00e7eri giren \u015f\u00fcpheli, ilk olarak g\u00fcvenlik kameralar\u0131n\u0131 devre d\u0131\u015f\u0131 b\u0131rakt\u0131 ve kay\u0131t cihaz\u0131n\u0131 s\u00f6kerek ald\u0131. Ard\u0131ndan i\u015f yerinde bulunan para kasas\u0131 ile tip box kutusunu da \u00e7alan C.A., olay yerinden h\u0131zla uzakla\u015ft\u0131. <\/p>\n<p>  Mezarl\u0131\u011fa g\u00f6md\u00fc<br \/>\n  Olay\u0131n ard\u0131ndan C.A., Edirne&#8217;deki bir mezarl\u0131\u011fa giderek, i\u015f yerinden \u00e7ald\u0131\u011f\u0131 matkapla kasay\u0131 a\u00e7may\u0131 denedi. Ancak ba\u015far\u0131l\u0131 olamay\u0131nca hem para kasas\u0131n\u0131 hem de g\u00fcvenlik kameras\u0131 kay\u0131t cihaz\u0131n\u0131 mezarl\u0131kta topra\u011fa g\u00f6md\u00fc.<br \/>\n  Sabah i\u015f yerine hi\u00e7bir \u015fey olmam\u0131\u015f gibi d\u00f6nen C.A., yap\u0131lan kamera kontrolleri ve olay\u0131n ara\u015ft\u0131r\u0131lmas\u0131 sonucunda yakaland\u0131. G\u00f6zalt\u0131na al\u0131nan \u015f\u00fcpheli, emniyetteki sorgusunda su\u00e7unu itiraf etti.<br \/>\n  Mahkemeye sevk edilen C.A., \u00e7\u0131kar\u0131ld\u0131\u011f\u0131 hakimlik\u00e7e tutuklanarak cezaevine g\u00f6nderildi. <\/p>\n<p> 3.05.2025                            <\/p>\n","protected":false},"excerpt":{"rendered":"<p>Edirne\u2019de \u00e7al\u0131\u015ft\u0131\u011f\u0131 i\u015fletmedeki g\u00fcvenlik kameralar\u0131n\u0131 devre d\u0131\u015f\u0131 b\u0131rakan ve kay\u0131t cihaz\u0131n\u0131 s\u00f6ken \u015fah\u0131s i\u015f yerini soydu. \u00c7ald\u0131\u011f\u0131 para kasas\u0131n\u0131 mezarl\u0131\u011fa g\u00f6men \u015f\u00fcpheli k\u0131sa s\u00fcrede yakaland\u0131. \u0130ddiaya g\u00f6re, C.A. adl\u0131 \u015fah\u0131s, bir arkada\u015f\u0131n\u0131n otomobilini, &#8220;otogara b\u0131rakaca\u011f\u0131m&#8221; bahanesiyle ald\u0131 ve planlad\u0131\u011f\u0131 h\u0131rs\u0131zl\u0131k i\u00e7in i\u015f yerine geldi. Bah\u00e7eye atlayarak \u00e7at\u0131dan i\u00e7eri giren \u015f\u00fcpheli, ilk olarak g\u00fcvenlik kameralar\u0131n\u0131 devre [&hellip;]<\/p>\n","protected":false},"author":1,"featured_media":6366,"comment_status":"open","ping_status":"open","sticky":false,"template":"","format":"standard","meta":{"footnotes":""},"categories":[50],"tags":[],"class_list":["post-6365","post","type-post","status-publish","format-standard","has-post-thumbnail","hentry","category-tum-haberler"],"yoast_head":"<!-- This site is optimized with the Yoast SEO plugin v27.4 - https:\/\/yoast.com\/product\/yoast-seo-wordpress\/ -->\n<title>\u00c7al\u0131\u015ft\u0131\u011f\u0131 i\u015f yerini soyan h\u0131rs\u0131z kamerada: \u00c7ald\u0131\u011f\u0131 para kasas\u0131n\u0131 mezarl\u0131\u011fa g\u00f6md\u00fc - Memurun Sesi<\/title>\n<meta name=\"robots\" content=\"index, follow, max-snippet:-1, max-image-preview:large, max-video-preview:-1\" \/>\n<link rel=\"canonical\" href=\"https:\/\/memurunsesi.net\/index.php\/2025\/05\/03\/calistigi-is-yerini-soyan-hirsiz-kamerada-caldigi-para-kasasini-mezarliga-gomdu\/\" \/>\n<meta property=\"og:locale\" content=\"tr_TR\" \/>\n<meta property=\"og:type\" content=\"article\" \/>\n<meta property=\"og:title\" content=\"\u00c7al\u0131\u015ft\u0131\u011f\u0131 i\u015f yerini soyan h\u0131rs\u0131z kamerada: \u00c7ald\u0131\u011f\u0131 para kasas\u0131n\u0131 mezarl\u0131\u011fa g\u00f6md\u00fc - Memurun Sesi\" \/>\n<meta property=\"og:description\" content=\"Edirne\u2019de \u00e7al\u0131\u015ft\u0131\u011f\u0131 i\u015fletmedeki g\u00fcvenlik kameralar\u0131n\u0131 devre d\u0131\u015f\u0131 b\u0131rakan ve kay\u0131t cihaz\u0131n\u0131 s\u00f6ken \u015fah\u0131s i\u015f yerini soydu. \u00c7ald\u0131\u011f\u0131 para kasas\u0131n\u0131 mezarl\u0131\u011fa g\u00f6men \u015f\u00fcpheli k\u0131sa s\u00fcrede yakaland\u0131. \u0130ddiaya g\u00f6re, C.A. adl\u0131 \u015fah\u0131s, bir arkada\u015f\u0131n\u0131n otomobilini, &#8220;otogara b\u0131rakaca\u011f\u0131m&#8221; bahanesiyle ald\u0131 ve planlad\u0131\u011f\u0131 h\u0131rs\u0131zl\u0131k i\u00e7in i\u015f yerine geldi. Bah\u00e7eye atlayarak \u00e7at\u0131dan i\u00e7eri giren \u015f\u00fcpheli, ilk olarak g\u00fcvenlik kameralar\u0131n\u0131 devre [&hellip;]\" \/>\n<meta property=\"og:url\" content=\"https:\/\/memurunsesi.net\/index.php\/2025\/05\/03\/calistigi-is-yerini-soyan-hirsiz-kamerada-caldigi-para-kasasini-mezarliga-gomdu\/\" \/>\n<meta property=\"og:site_name\" content=\"Memurun Sesi\" \/>\n<meta property=\"article:publisher\" content=\"https:\/\/www.facebook.com\/unipersen\/?locale=tr_TR\" \/>\n<meta property=\"article:published_time\" content=\"2025-05-03T18:49:03+00:00\" \/>\n<meta property=\"og:image\" content=\"https:\/\/memurunsesi.net\/wp-content\/uploads\/2025\/05\/AW446626_01.jpg\" \/>\n\t<meta property=\"og:image:width\" content=\"1366\" \/>\n\t<meta property=\"og:image:height\" content=\"768\" \/>\n\t<meta property=\"og:image:type\" content=\"image\/jpeg\" \/>\n<meta name=\"author\" content=\"Memurun Sesi Haber Merkezi\" \/>\n<meta name=\"twitter:card\" content=\"summary_large_image\" \/>\n<meta name=\"twitter:creator\" content=\"@unipersen\" \/>\n<meta name=\"twitter:site\" content=\"@unipersen\" \/>\n<meta name=\"twitter:label1\" content=\"Yazan:\" \/>\n\t<meta name=\"twitter:data1\" content=\"Memurun Sesi Haber Merkezi\" \/>\n\t<meta name=\"twitter:label2\" content=\"Tahmini okuma s\u00fcresi\" \/>\n\t<meta name=\"twitter:data2\" content=\"1 dakika\" \/>\n<script type=\"application\/ld+json\" class=\"yoast-schema-graph\">{\"@context\":\"https:\\\/\\\/schema.org\",\"@graph\":[{\"@type\":\"Article\",\"@id\":\"https:\\\/\\\/memurunsesi.net\\\/index.php\\\/2025\\\/05\\\/03\\\/calistigi-is-yerini-soyan-hirsiz-kamerada-caldigi-para-kasasini-mezarliga-gomdu\\\/#article\",\"isPartOf\":{\"@id\":\"https:\\\/\\\/memurunsesi.net\\\/index.php\\\/2025\\\/05\\\/03\\\/calistigi-is-yerini-soyan-hirsiz-kamerada-caldigi-para-kasasini-mezarliga-gomdu\\\/\"},\"author\":{\"name\":\"Memurun Sesi Haber Merkezi\",\"@id\":\"https:\\\/\\\/memurunsesi.net\\\/#\\\/schema\\\/person\\\/f21c2d73b89f6ee1d80b0a1803e38587\"},\"headline\":\"\u00c7al\u0131\u015ft\u0131\u011f\u0131 i\u015f yerini soyan h\u0131rs\u0131z kamerada: \u00c7ald\u0131\u011f\u0131 para kasas\u0131n\u0131 mezarl\u0131\u011fa g\u00f6md\u00fc\",\"datePublished\":\"2025-05-03T18:49:03+00:00\",\"mainEntityOfPage\":{\"@id\":\"https:\\\/\\\/memurunsesi.net\\\/index.php\\\/2025\\\/05\\\/03\\\/calistigi-is-yerini-soyan-hirsiz-kamerada-caldigi-para-kasasini-mezarliga-gomdu\\\/\"},\"wordCount\":234,\"commentCount\":0,\"publisher\":{\"@id\":\"https:\\\/\\\/memurunsesi.net\\\/#organization\"},\"image\":{\"@id\":\"https:\\\/\\\/memurunsesi.net\\\/index.php\\\/2025\\\/05\\\/03\\\/calistigi-is-yerini-soyan-hirsiz-kamerada-caldigi-para-kasasini-mezarliga-gomdu\\\/#primaryimage\"},\"thumbnailUrl\":\"https:\\\/\\\/memurunsesi.net\\\/wp-content\\\/uploads\\\/2025\\\/05\\\/AW446626_01.jpg\",\"articleSection\":[\"T\u00fcm Haberler\"],\"inLanguage\":\"tr\",\"potentialAction\":[{\"@type\":\"CommentAction\",\"name\":\"Comment\",\"target\":[\"https:\\\/\\\/memurunsesi.net\\\/index.php\\\/2025\\\/05\\\/03\\\/calistigi-is-yerini-soyan-hirsiz-kamerada-caldigi-para-kasasini-mezarliga-gomdu\\\/#respond\"]}]},{\"@type\":\"WebPage\",\"@id\":\"https:\\\/\\\/memurunsesi.net\\\/index.php\\\/2025\\\/05\\\/03\\\/calistigi-is-yerini-soyan-hirsiz-kamerada-caldigi-para-kasasini-mezarliga-gomdu\\\/\",\"url\":\"https:\\\/\\\/memurunsesi.net\\\/index.php\\\/2025\\\/05\\\/03\\\/calistigi-is-yerini-soyan-hirsiz-kamerada-caldigi-para-kasasini-mezarliga-gomdu\\\/\",\"name\":\"\u00c7al\u0131\u015ft\u0131\u011f\u0131 i\u015f yerini soyan h\u0131rs\u0131z kamerada: \u00c7ald\u0131\u011f\u0131 para kasas\u0131n\u0131 mezarl\u0131\u011fa g\u00f6md\u00fc - Memurun Sesi\",\"isPartOf\":{\"@id\":\"https:\\\/\\\/memurunsesi.net\\\/#website\"},\"primaryImageOfPage\":{\"@id\":\"https:\\\/\\\/memurunsesi.net\\\/index.php\\\/2025\\\/05\\\/03\\\/calistigi-is-yerini-soyan-hirsiz-kamerada-caldigi-para-kasasini-mezarliga-gomdu\\\/#primaryimage\"},\"image\":{\"@id\":\"https:\\\/\\\/memurunsesi.net\\\/index.php\\\/2025\\\/05\\\/03\\\/calistigi-is-yerini-soyan-hirsiz-kamerada-caldigi-para-kasasini-mezarliga-gomdu\\\/#primaryimage\"},\"thumbnailUrl\":\"https:\\\/\\\/memurunsesi.net\\\/wp-content\\\/uploads\\\/2025\\\/05\\\/AW446626_01.jpg\",\"datePublished\":\"2025-05-03T18:49:03+00:00\",\"breadcrumb\":{\"@id\":\"https:\\\/\\\/memurunsesi.net\\\/index.php\\\/2025\\\/05\\\/03\\\/calistigi-is-yerini-soyan-hirsiz-kamerada-caldigi-para-kasasini-mezarliga-gomdu\\\/#breadcrumb\"},\"inLanguage\":\"tr\",\"potentialAction\":[{\"@type\":\"ReadAction\",\"target\":[\"https:\\\/\\\/memurunsesi.net\\\/index.php\\\/2025\\\/05\\\/03\\\/calistigi-is-yerini-soyan-hirsiz-kamerada-caldigi-para-kasasini-mezarliga-gomdu\\\/\"]}]},{\"@type\":\"ImageObject\",\"inLanguage\":\"tr\",\"@id\":\"https:\\\/\\\/memurunsesi.net\\\/index.php\\\/2025\\\/05\\\/03\\\/calistigi-is-yerini-soyan-hirsiz-kamerada-caldigi-para-kasasini-mezarliga-gomdu\\\/#primaryimage\",\"url\":\"https:\\\/\\\/memurunsesi.net\\\/wp-content\\\/uploads\\\/2025\\\/05\\\/AW446626_01.jpg\",\"contentUrl\":\"https:\\\/\\\/memurunsesi.net\\\/wp-content\\\/uploads\\\/2025\\\/05\\\/AW446626_01.jpg\",\"width\":1366,\"height\":768,\"caption\":\"\u00c7ALI\u015eTI\u011eI \u0130\u015e YER\u0130N\u0130 SOYAN HIRSIZ KAMERADA: \u00c7ALDI\u011eI PARA KASASINI MEZARLI\u011eA G\u00d6MD\u00dc (MEHMET BASMACI - MESUT \u00c7INAR\\\/ED\u0130RNE-\u0130HA) Edirne'de \u00e7al\u0131\u015ft\u0131\u011f\u0131 i\u015fletmedeki g\u00fcvenlik kameralar\u0131n\u0131 devre d\u0131\u015f\u0131 b\u0131rakan ve kay\u0131t cihaz\u0131n\u0131 s\u00f6ken \u015fah\u0131s i\u015f yerini soydu. \u00c7ald\u0131\u011f\u0131 para kasas\u0131n\u0131 mezarl\u0131\u011fa g\u00f6men \u015f\u00fcpheli k\u0131sa s\u00fcrede yakaland\u0131.\"},{\"@type\":\"BreadcrumbList\",\"@id\":\"https:\\\/\\\/memurunsesi.net\\\/index.php\\\/2025\\\/05\\\/03\\\/calistigi-is-yerini-soyan-hirsiz-kamerada-caldigi-para-kasasini-mezarliga-gomdu\\\/#breadcrumb\",\"itemListElement\":[{\"@type\":\"ListItem\",\"position\":1,\"name\":\"Anasayfa\",\"item\":\"https:\\\/\\\/memurunsesi.net\\\/\"},{\"@type\":\"ListItem\",\"position\":2,\"name\":\"\u00c7al\u0131\u015ft\u0131\u011f\u0131 i\u015f yerini soyan h\u0131rs\u0131z kamerada: \u00c7ald\u0131\u011f\u0131 para kasas\u0131n\u0131 mezarl\u0131\u011fa g\u00f6md\u00fc\"}]},{\"@type\":\"WebSite\",\"@id\":\"https:\\\/\\\/memurunsesi.net\\\/#website\",\"url\":\"https:\\\/\\\/memurunsesi.net\\\/\",\"name\":\"Memurun Sesi\",\"description\":\"G\u00fcncel ve Do\u011fru Haber\",\"publisher\":{\"@id\":\"https:\\\/\\\/memurunsesi.net\\\/#organization\"},\"potentialAction\":[{\"@type\":\"SearchAction\",\"target\":{\"@type\":\"EntryPoint\",\"urlTemplate\":\"https:\\\/\\\/memurunsesi.net\\\/?s={search_term_string}\"},\"query-input\":{\"@type\":\"PropertyValueSpecification\",\"valueRequired\":true,\"valueName\":\"search_term_string\"}}],\"inLanguage\":\"tr\"},{\"@type\":\"Organization\",\"@id\":\"https:\\\/\\\/memurunsesi.net\\\/#organization\",\"name\":\"Memurun Sesi\",\"url\":\"https:\\\/\\\/memurunsesi.net\\\/\",\"logo\":{\"@type\":\"ImageObject\",\"inLanguage\":\"tr\",\"@id\":\"https:\\\/\\\/memurunsesi.net\\\/#\\\/schema\\\/logo\\\/image\\\/\",\"url\":\"https:\\\/\\\/memurunsesi.net\\\/wp-content\\\/uploads\\\/2025\\\/11\\\/cropped-MEMURUN-SESI.png\",\"contentUrl\":\"https:\\\/\\\/memurunsesi.net\\\/wp-content\\\/uploads\\\/2025\\\/11\\\/cropped-MEMURUN-SESI.png\",\"width\":238,\"height\":57,\"caption\":\"Memurun Sesi\"},\"image\":{\"@id\":\"https:\\\/\\\/memurunsesi.net\\\/#\\\/schema\\\/logo\\\/image\\\/\"},\"sameAs\":[\"https:\\\/\\\/www.facebook.com\\\/unipersen\\\/?locale=tr_TR\",\"https:\\\/\\\/x.com\\\/unipersen\"]},{\"@type\":\"Person\",\"@id\":\"https:\\\/\\\/memurunsesi.net\\\/#\\\/schema\\\/person\\\/f21c2d73b89f6ee1d80b0a1803e38587\",\"name\":\"Memurun Sesi Haber Merkezi\",\"image\":{\"@type\":\"ImageObject\",\"inLanguage\":\"tr\",\"@id\":\"https:\\\/\\\/secure.gravatar.com\\\/avatar\\\/6cf0505f452ee753f485014986fab09a434671d2b919ee76fc541025c5876a70?s=96&d=mm&r=g\",\"url\":\"https:\\\/\\\/secure.gravatar.com\\\/avatar\\\/6cf0505f452ee753f485014986fab09a434671d2b919ee76fc541025c5876a70?s=96&d=mm&r=g\",\"contentUrl\":\"https:\\\/\\\/secure.gravatar.com\\\/avatar\\\/6cf0505f452ee753f485014986fab09a434671d2b919ee76fc541025c5876a70?s=96&d=mm&r=g\",\"caption\":\"Memurun Sesi Haber Merkezi\"},\"sameAs\":[\"https:\\\/\\\/memurunsesi.net\"],\"url\":\"https:\\\/\\\/memurunsesi.net\\\/index.php\\\/author\\\/uniper\\\/\"}]}<\/script>\n<!-- \/ Yoast SEO plugin. -->","yoast_head_json":{"title":"\u00c7al\u0131\u015ft\u0131\u011f\u0131 i\u015f yerini soyan h\u0131rs\u0131z kamerada: \u00c7ald\u0131\u011f\u0131 para kasas\u0131n\u0131 mezarl\u0131\u011fa g\u00f6md\u00fc - Memurun Sesi","robots":{"index":"index","follow":"follow","max-snippet":"max-snippet:-1","max-image-preview":"max-image-preview:large","max-video-preview":"max-video-preview:-1"},"canonical":"https:\/\/memurunsesi.net\/index.php\/2025\/05\/03\/calistigi-is-yerini-soyan-hirsiz-kamerada-caldigi-para-kasasini-mezarliga-gomdu\/","og_locale":"tr_TR","og_type":"article","og_title":"\u00c7al\u0131\u015ft\u0131\u011f\u0131 i\u015f yerini soyan h\u0131rs\u0131z kamerada: \u00c7ald\u0131\u011f\u0131 para kasas\u0131n\u0131 mezarl\u0131\u011fa g\u00f6md\u00fc - Memurun Sesi","og_description":"Edirne\u2019de \u00e7al\u0131\u015ft\u0131\u011f\u0131 i\u015fletmedeki g\u00fcvenlik kameralar\u0131n\u0131 devre d\u0131\u015f\u0131 b\u0131rakan ve kay\u0131t cihaz\u0131n\u0131 s\u00f6ken \u015fah\u0131s i\u015f yerini soydu. \u00c7ald\u0131\u011f\u0131 para kasas\u0131n\u0131 mezarl\u0131\u011fa g\u00f6men \u015f\u00fcpheli k\u0131sa s\u00fcrede yakaland\u0131. \u0130ddiaya g\u00f6re, C.A. adl\u0131 \u015fah\u0131s, bir arkada\u015f\u0131n\u0131n otomobilini, &#8220;otogara b\u0131rakaca\u011f\u0131m&#8221; bahanesiyle ald\u0131 ve planlad\u0131\u011f\u0131 h\u0131rs\u0131zl\u0131k i\u00e7in i\u015f yerine geldi. Bah\u00e7eye atlayarak \u00e7at\u0131dan i\u00e7eri giren \u015f\u00fcpheli, ilk olarak g\u00fcvenlik kameralar\u0131n\u0131 devre [&hellip;]","og_url":"https:\/\/memurunsesi.net\/index.php\/2025\/05\/03\/calistigi-is-yerini-soyan-hirsiz-kamerada-caldigi-para-kasasini-mezarliga-gomdu\/","og_site_name":"Memurun Sesi","article_publisher":"https:\/\/www.facebook.com\/unipersen\/?locale=tr_TR","article_published_time":"2025-05-03T18:49:03+00:00","og_image":[{"width":1366,"height":768,"url":"https:\/\/memurunsesi.net\/wp-content\/uploads\/2025\/05\/AW446626_01.jpg","type":"image\/jpeg"}],"author":"Memurun Sesi Haber Merkezi","twitter_card":"summary_large_image","twitter_creator":"@unipersen","twitter_site":"@unipersen","twitter_misc":{"Yazan:":"Memurun Sesi Haber Merkezi","Tahmini okuma s\u00fcresi":"1 dakika"},"schema":{"@context":"https:\/\/schema.org","@graph":[{"@type":"Article","@id":"https:\/\/memurunsesi.net\/index.php\/2025\/05\/03\/calistigi-is-yerini-soyan-hirsiz-kamerada-caldigi-para-kasasini-mezarliga-gomdu\/#article","isPartOf":{"@id":"https:\/\/memurunsesi.net\/index.php\/2025\/05\/03\/calistigi-is-yerini-soyan-hirsiz-kamerada-caldigi-para-kasasini-mezarliga-gomdu\/"},"author":{"name":"Memurun Sesi Haber Merkezi","@id":"https:\/\/memurunsesi.net\/#\/schema\/person\/f21c2d73b89f6ee1d80b0a1803e38587"},"headline":"\u00c7al\u0131\u015ft\u0131\u011f\u0131 i\u015f yerini soyan h\u0131rs\u0131z kamerada: \u00c7ald\u0131\u011f\u0131 para kasas\u0131n\u0131 mezarl\u0131\u011fa g\u00f6md\u00fc","datePublished":"2025-05-03T18:49:03+00:00","mainEntityOfPage":{"@id":"https:\/\/memurunsesi.net\/index.php\/2025\/05\/03\/calistigi-is-yerini-soyan-hirsiz-kamerada-caldigi-para-kasasini-mezarliga-gomdu\/"},"wordCount":234,"commentCount":0,"publisher":{"@id":"https:\/\/memurunsesi.net\/#organization"},"image":{"@id":"https:\/\/memurunsesi.net\/index.php\/2025\/05\/03\/calistigi-is-yerini-soyan-hirsiz-kamerada-caldigi-para-kasasini-mezarliga-gomdu\/#primaryimage"},"thumbnailUrl":"https:\/\/memurunsesi.net\/wp-content\/uploads\/2025\/05\/AW446626_01.jpg","articleSection":["T\u00fcm Haberler"],"inLanguage":"tr","potentialAction":[{"@type":"CommentAction","name":"Comment","target":["https:\/\/memurunsesi.net\/index.php\/2025\/05\/03\/calistigi-is-yerini-soyan-hirsiz-kamerada-caldigi-para-kasasini-mezarliga-gomdu\/#respond"]}]},{"@type":"WebPage","@id":"https:\/\/memurunsesi.net\/index.php\/2025\/05\/03\/calistigi-is-yerini-soyan-hirsiz-kamerada-caldigi-para-kasasini-mezarliga-gomdu\/","url":"https:\/\/memurunsesi.net\/index.php\/2025\/05\/03\/calistigi-is-yerini-soyan-hirsiz-kamerada-caldigi-para-kasasini-mezarliga-gomdu\/","name":"\u00c7al\u0131\u015ft\u0131\u011f\u0131 i\u015f yerini soyan h\u0131rs\u0131z kamerada: \u00c7ald\u0131\u011f\u0131 para kasas\u0131n\u0131 mezarl\u0131\u011fa g\u00f6md\u00fc - Memurun Sesi","isPartOf":{"@id":"https:\/\/memurunsesi.net\/#website"},"primaryImageOfPage":{"@id":"https:\/\/memurunsesi.net\/index.php\/2025\/05\/03\/calistigi-is-yerini-soyan-hirsiz-kamerada-caldigi-para-kasasini-mezarliga-gomdu\/#primaryimage"},"image":{"@id":"https:\/\/memurunsesi.net\/index.php\/2025\/05\/03\/calistigi-is-yerini-soyan-hirsiz-kamerada-caldigi-para-kasasini-mezarliga-gomdu\/#primaryimage"},"thumbnailUrl":"https:\/\/memurunsesi.net\/wp-content\/uploads\/2025\/05\/AW446626_01.jpg","datePublished":"2025-05-03T18:49:03+00:00","breadcrumb":{"@id":"https:\/\/memurunsesi.net\/index.php\/2025\/05\/03\/calistigi-is-yerini-soyan-hirsiz-kamerada-caldigi-para-kasasini-mezarliga-gomdu\/#breadcrumb"},"inLanguage":"tr","potentialAction":[{"@type":"ReadAction","target":["https:\/\/memurunsesi.net\/index.php\/2025\/05\/03\/calistigi-is-yerini-soyan-hirsiz-kamerada-caldigi-para-kasasini-mezarliga-gomdu\/"]}]},{"@type":"ImageObject","inLanguage":"tr","@id":"https:\/\/memurunsesi.net\/index.php\/2025\/05\/03\/calistigi-is-yerini-soyan-hirsiz-kamerada-caldigi-para-kasasini-mezarliga-gomdu\/#primaryimage","url":"https:\/\/memurunsesi.net\/wp-content\/uploads\/2025\/05\/AW446626_01.jpg","contentUrl":"https:\/\/memurunsesi.net\/wp-content\/uploads\/2025\/05\/AW446626_01.jpg","width":1366,"height":768,"caption":"\u00c7ALI\u015eTI\u011eI \u0130\u015e YER\u0130N\u0130 SOYAN HIRSIZ KAMERADA: \u00c7ALDI\u011eI PARA KASASINI MEZARLI\u011eA G\u00d6MD\u00dc (MEHMET BASMACI - MESUT \u00c7INAR\/ED\u0130RNE-\u0130HA) Edirne'de \u00e7al\u0131\u015ft\u0131\u011f\u0131 i\u015fletmedeki g\u00fcvenlik kameralar\u0131n\u0131 devre d\u0131\u015f\u0131 b\u0131rakan ve kay\u0131t cihaz\u0131n\u0131 s\u00f6ken \u015fah\u0131s i\u015f yerini soydu. \u00c7ald\u0131\u011f\u0131 para kasas\u0131n\u0131 mezarl\u0131\u011fa g\u00f6men \u015f\u00fcpheli k\u0131sa s\u00fcrede yakaland\u0131."},{"@type":"BreadcrumbList","@id":"https:\/\/memurunsesi.net\/index.php\/2025\/05\/03\/calistigi-is-yerini-soyan-hirsiz-kamerada-caldigi-para-kasasini-mezarliga-gomdu\/#breadcrumb","itemListElement":[{"@type":"ListItem","position":1,"name":"Anasayfa","item":"https:\/\/memurunsesi.net\/"},{"@type":"ListItem","position":2,"name":"\u00c7al\u0131\u015ft\u0131\u011f\u0131 i\u015f yerini soyan h\u0131rs\u0131z kamerada: \u00c7ald\u0131\u011f\u0131 para kasas\u0131n\u0131 mezarl\u0131\u011fa g\u00f6md\u00fc"}]},{"@type":"WebSite","@id":"https:\/\/memurunsesi.net\/#website","url":"https:\/\/memurunsesi.net\/","name":"Memurun Sesi","description":"G\u00fcncel ve Do\u011fru Haber","publisher":{"@id":"https:\/\/memurunsesi.net\/#organization"},"potentialAction":[{"@type":"SearchAction","target":{"@type":"EntryPoint","urlTemplate":"https:\/\/memurunsesi.net\/?s={search_term_string}"},"query-input":{"@type":"PropertyValueSpecification","valueRequired":true,"valueName":"search_term_string"}}],"inLanguage":"tr"},{"@type":"Organization","@id":"https:\/\/memurunsesi.net\/#organization","name":"Memurun Sesi","url":"https:\/\/memurunsesi.net\/","logo":{"@type":"ImageObject","inLanguage":"tr","@id":"https:\/\/memurunsesi.net\/#\/schema\/logo\/image\/","url":"https:\/\/memurunsesi.net\/wp-content\/uploads\/2025\/11\/cropped-MEMURUN-SESI.png","contentUrl":"https:\/\/memurunsesi.net\/wp-content\/uploads\/2025\/11\/cropped-MEMURUN-SESI.png","width":238,"height":57,"caption":"Memurun Sesi"},"image":{"@id":"https:\/\/memurunsesi.net\/#\/schema\/logo\/image\/"},"sameAs":["https:\/\/www.facebook.com\/unipersen\/?locale=tr_TR","https:\/\/x.com\/unipersen"]},{"@type":"Person","@id":"https:\/\/memurunsesi.net\/#\/schema\/person\/f21c2d73b89f6ee1d80b0a1803e38587","name":"Memurun Sesi Haber Merkezi","image":{"@type":"ImageObject","inLanguage":"tr","@id":"https:\/\/secure.gravatar.com\/avatar\/6cf0505f452ee753f485014986fab09a434671d2b919ee76fc541025c5876a70?s=96&d=mm&r=g","url":"https:\/\/secure.gravatar.com\/avatar\/6cf0505f452ee753f485014986fab09a434671d2b919ee76fc541025c5876a70?s=96&d=mm&r=g","contentUrl":"https:\/\/secure.gravatar.com\/avatar\/6cf0505f452ee753f485014986fab09a434671d2b919ee76fc541025c5876a70?s=96&d=mm&r=g","caption":"Memurun Sesi Haber Merkezi"},"sameAs":["https:\/\/memurunsesi.net"],"url":"https:\/\/memurunsesi.net\/index.php\/author\/uniper\/"}]}},"_links":{"self":[{"href":"https:\/\/memurunsesi.net\/index.php\/wp-json\/wp\/v2\/posts\/6365","targetHints":{"allow":["GET"]}}],"collection":[{"href":"https:\/\/memurunsesi.net\/index.php\/wp-json\/wp\/v2\/posts"}],"about":[{"href":"https:\/\/memurunsesi.net\/index.php\/wp-json\/wp\/v2\/types\/post"}],"author":[{"embeddable":true,"href":"https:\/\/memurunsesi.net\/index.php\/wp-json\/wp\/v2\/users\/1"}],"replies":[{"embeddable":true,"href":"https:\/\/memurunsesi.net\/index.php\/wp-json\/wp\/v2\/comments?post=6365"}],"version-history":[{"count":1,"href":"https:\/\/memurunsesi.net\/index.php\/wp-json\/wp\/v2\/posts\/6365\/revisions"}],"predecessor-version":[{"id":6367,"href":"https:\/\/memurunsesi.net\/index.php\/wp-json\/wp\/v2\/posts\/6365\/revisions\/6367"}],"wp:featuredmedia":[{"embeddable":true,"href":"https:\/\/memurunsesi.net\/index.php\/wp-json\/wp\/v2\/media\/6366"}],"wp:attachment":[{"href":"https:\/\/memurunsesi.net\/index.php\/wp-json\/wp\/v2\/media?parent=6365"}],"wp:term":[{"taxonomy":"category","embeddable":true,"href":"https:\/\/memurunsesi.net\/index.php\/wp-json\/wp\/v2\/categories?post=6365"},{"taxonomy":"post_tag","embeddable":true,"href":"https:\/\/memurunsesi.net\/index.php\/wp-json\/wp\/v2\/tags?post=6365"}],"curies":[{"name":"wp","href":"https:\/\/api.w.org\/{rel}","templated":true}]}}