{"id":6368,"date":"2025-05-03T21:50:35","date_gmt":"2025-05-03T18:50:35","guid":{"rendered":"https:\/\/memurunsesi.net\/?p=6368"},"modified":"2025-05-03T21:50:35","modified_gmt":"2025-05-03T18:50:35","slug":"tekirdagda-5-kattan-dusen-1-yasindaki-cocuk-hayatini-kaybetti","status":"publish","type":"post","link":"https:\/\/memurunsesi.net\/index.php\/2025\/05\/03\/tekirdagda-5-kattan-dusen-1-yasindaki-cocuk-hayatini-kaybetti\/","title":{"rendered":"Tekirda\u011f&#8217;da 5. kattan d\u00fc\u015fen 1 ya\u015f\u0131ndaki \u00e7ocuk hayat\u0131n\u0131 kaybetti"},"content":{"rendered":"<p>  Tekirda\u011f&#8217;\u0131n \u00c7erkezk\u00f6y il\u00e7esinde 5. kattan d\u00fc\u015fen 1 ya\u015f\u0131ndaki \u00e7ocuk, kald\u0131r\u0131ld\u0131\u011f\u0131 hastanede hayat\u0131n\u0131 kaybetti.<br \/>\nTekirda\u011f\u2019\u0131n \u00c7erkezk\u00f6y il\u00e7esi G\u00fcltepe Mahallesi H\u00fcrriyet Caddesi \u00fczerinde meydana gelen olayda, 1 ya\u015f\u0131ndaki M.N.B. hen\u00fcz bilinmeyen bir nedenle ailesiyle ya\u015fad\u0131\u011f\u0131 apartman\u0131n 5. kat\u0131ndaki daireden beton zemine d\u00fc\u015ft\u00fc.<br \/>\n  K\u00fc\u00e7\u00fck \u00e7ocu\u011fun d\u00fc\u015ft\u00fc\u011f\u00fcn\u00fc g\u00f6ren vatanda\u015flar durumu 112 Acil \u00c7a\u011fr\u0131 Merkezi\u2019ne bildirdi. \u0130hbar \u00fczerine olay yerine sa\u011fl\u0131k ve jandarma ekipleri sevk edildi. Ambulansla \u00c7erkezk\u00f6y Devlet Hastanesi\u2019ne kald\u0131r\u0131lan \u00e7ocuk, yap\u0131lan t\u00fcm m\u00fcdahalelere ra\u011fmen kurtar\u0131lamad\u0131.<br \/>\n  \u00d6te yandan, olay an\u0131 apartman\u0131n g\u00fcvenlik kameras\u0131 taraf\u0131ndan kaydedildi. Jandarma ekiplerinin olayla ilgili ba\u015flatt\u0131\u011f\u0131 tahkikat s\u00fcr\u00fcyor. <\/p>\n<p>3.05.2025                                <\/p>\n","protected":false},"excerpt":{"rendered":"<p>Tekirda\u011f&#8217;\u0131n \u00c7erkezk\u00f6y il\u00e7esinde 5. kattan d\u00fc\u015fen 1 ya\u015f\u0131ndaki \u00e7ocuk, kald\u0131r\u0131ld\u0131\u011f\u0131 hastanede hayat\u0131n\u0131 kaybetti. Tekirda\u011f\u2019\u0131n \u00c7erkezk\u00f6y il\u00e7esi G\u00fcltepe Mahallesi H\u00fcrriyet Caddesi \u00fczerinde meydana gelen olayda, 1 ya\u015f\u0131ndaki M.N.B. hen\u00fcz bilinmeyen bir nedenle ailesiyle ya\u015fad\u0131\u011f\u0131 apartman\u0131n 5. kat\u0131ndaki daireden beton zemine d\u00fc\u015ft\u00fc. K\u00fc\u00e7\u00fck \u00e7ocu\u011fun d\u00fc\u015ft\u00fc\u011f\u00fcn\u00fc g\u00f6ren vatanda\u015flar durumu 112 Acil \u00c7a\u011fr\u0131 Merkezi\u2019ne bildirdi. \u0130hbar \u00fczerine olay yerine [&hellip;]<\/p>\n","protected":false},"author":1,"featured_media":6369,"comment_status":"open","ping_status":"open","sticky":false,"template":"","format":"standard","meta":{"footnotes":""},"categories":[1],"tags":[],"class_list":["post-6368","post","type-post","status-publish","format-standard","has-post-thumbnail","hentry","category-genel"],"yoast_head":"<!-- This site is optimized with the Yoast SEO plugin v27.4 - https:\/\/yoast.com\/product\/yoast-seo-wordpress\/ -->\n<title>Tekirda\u011f&#039;da 5. kattan d\u00fc\u015fen 1 ya\u015f\u0131ndaki \u00e7ocuk hayat\u0131n\u0131 kaybetti - Memurun Sesi<\/title>\n<meta name=\"robots\" content=\"index, follow, max-snippet:-1, max-image-preview:large, max-video-preview:-1\" \/>\n<link rel=\"canonical\" href=\"https:\/\/memurunsesi.net\/index.php\/2025\/05\/03\/tekirdagda-5-kattan-dusen-1-yasindaki-cocuk-hayatini-kaybetti\/\" \/>\n<meta property=\"og:locale\" content=\"tr_TR\" \/>\n<meta property=\"og:type\" content=\"article\" \/>\n<meta property=\"og:title\" content=\"Tekirda\u011f&#039;da 5. kattan d\u00fc\u015fen 1 ya\u015f\u0131ndaki \u00e7ocuk hayat\u0131n\u0131 kaybetti - Memurun Sesi\" \/>\n<meta property=\"og:description\" content=\"Tekirda\u011f&#8217;\u0131n \u00c7erkezk\u00f6y il\u00e7esinde 5. kattan d\u00fc\u015fen 1 ya\u015f\u0131ndaki \u00e7ocuk, kald\u0131r\u0131ld\u0131\u011f\u0131 hastanede hayat\u0131n\u0131 kaybetti. Tekirda\u011f\u2019\u0131n \u00c7erkezk\u00f6y il\u00e7esi G\u00fcltepe Mahallesi H\u00fcrriyet Caddesi \u00fczerinde meydana gelen olayda, 1 ya\u015f\u0131ndaki M.N.B. hen\u00fcz bilinmeyen bir nedenle ailesiyle ya\u015fad\u0131\u011f\u0131 apartman\u0131n 5. kat\u0131ndaki daireden beton zemine d\u00fc\u015ft\u00fc. K\u00fc\u00e7\u00fck \u00e7ocu\u011fun d\u00fc\u015ft\u00fc\u011f\u00fcn\u00fc g\u00f6ren vatanda\u015flar durumu 112 Acil \u00c7a\u011fr\u0131 Merkezi\u2019ne bildirdi. \u0130hbar \u00fczerine olay yerine [&hellip;]\" \/>\n<meta property=\"og:url\" content=\"https:\/\/memurunsesi.net\/index.php\/2025\/05\/03\/tekirdagda-5-kattan-dusen-1-yasindaki-cocuk-hayatini-kaybetti\/\" \/>\n<meta property=\"og:site_name\" content=\"Memurun Sesi\" \/>\n<meta property=\"article:publisher\" content=\"https:\/\/www.facebook.com\/unipersen\/?locale=tr_TR\" \/>\n<meta property=\"article:published_time\" content=\"2025-05-03T18:50:35+00:00\" \/>\n<meta property=\"og:image\" content=\"https:\/\/memurunsesi.net\/wp-content\/uploads\/2025\/05\/AW446624_02.jpg\" \/>\n\t<meta property=\"og:image:width\" content=\"1920\" \/>\n\t<meta property=\"og:image:height\" content=\"1080\" \/>\n\t<meta property=\"og:image:type\" content=\"image\/jpeg\" \/>\n<meta name=\"author\" content=\"Memurun Sesi Haber Merkezi\" \/>\n<meta name=\"twitter:card\" content=\"summary_large_image\" \/>\n<meta name=\"twitter:creator\" content=\"@unipersen\" \/>\n<meta name=\"twitter:site\" content=\"@unipersen\" \/>\n<meta name=\"twitter:label1\" content=\"Yazan:\" \/>\n\t<meta name=\"twitter:data1\" content=\"Memurun Sesi Haber Merkezi\" \/>\n\t<meta name=\"twitter:label2\" content=\"Tahmini okuma s\u00fcresi\" \/>\n\t<meta name=\"twitter:data2\" content=\"1 dakika\" \/>\n<script type=\"application\/ld+json\" class=\"yoast-schema-graph\">{\"@context\":\"https:\\\/\\\/schema.org\",\"@graph\":[{\"@type\":\"Article\",\"@id\":\"https:\\\/\\\/memurunsesi.net\\\/index.php\\\/2025\\\/05\\\/03\\\/tekirdagda-5-kattan-dusen-1-yasindaki-cocuk-hayatini-kaybetti\\\/#article\",\"isPartOf\":{\"@id\":\"https:\\\/\\\/memurunsesi.net\\\/index.php\\\/2025\\\/05\\\/03\\\/tekirdagda-5-kattan-dusen-1-yasindaki-cocuk-hayatini-kaybetti\\\/\"},\"author\":{\"name\":\"Memurun Sesi Haber Merkezi\",\"@id\":\"https:\\\/\\\/memurunsesi.net\\\/#\\\/schema\\\/person\\\/f21c2d73b89f6ee1d80b0a1803e38587\"},\"headline\":\"Tekirda\u011f&#8217;da 5. kattan d\u00fc\u015fen 1 ya\u015f\u0131ndaki \u00e7ocuk hayat\u0131n\u0131 kaybetti\",\"datePublished\":\"2025-05-03T18:50:35+00:00\",\"mainEntityOfPage\":{\"@id\":\"https:\\\/\\\/memurunsesi.net\\\/index.php\\\/2025\\\/05\\\/03\\\/tekirdagda-5-kattan-dusen-1-yasindaki-cocuk-hayatini-kaybetti\\\/\"},\"wordCount\":140,\"commentCount\":0,\"publisher\":{\"@id\":\"https:\\\/\\\/memurunsesi.net\\\/#organization\"},\"image\":{\"@id\":\"https:\\\/\\\/memurunsesi.net\\\/index.php\\\/2025\\\/05\\\/03\\\/tekirdagda-5-kattan-dusen-1-yasindaki-cocuk-hayatini-kaybetti\\\/#primaryimage\"},\"thumbnailUrl\":\"https:\\\/\\\/memurunsesi.net\\\/wp-content\\\/uploads\\\/2025\\\/05\\\/AW446624_02.jpg\",\"inLanguage\":\"tr\",\"potentialAction\":[{\"@type\":\"CommentAction\",\"name\":\"Comment\",\"target\":[\"https:\\\/\\\/memurunsesi.net\\\/index.php\\\/2025\\\/05\\\/03\\\/tekirdagda-5-kattan-dusen-1-yasindaki-cocuk-hayatini-kaybetti\\\/#respond\"]}]},{\"@type\":\"WebPage\",\"@id\":\"https:\\\/\\\/memurunsesi.net\\\/index.php\\\/2025\\\/05\\\/03\\\/tekirdagda-5-kattan-dusen-1-yasindaki-cocuk-hayatini-kaybetti\\\/\",\"url\":\"https:\\\/\\\/memurunsesi.net\\\/index.php\\\/2025\\\/05\\\/03\\\/tekirdagda-5-kattan-dusen-1-yasindaki-cocuk-hayatini-kaybetti\\\/\",\"name\":\"Tekirda\u011f'da 5. kattan d\u00fc\u015fen 1 ya\u015f\u0131ndaki \u00e7ocuk hayat\u0131n\u0131 kaybetti - Memurun Sesi\",\"isPartOf\":{\"@id\":\"https:\\\/\\\/memurunsesi.net\\\/#website\"},\"primaryImageOfPage\":{\"@id\":\"https:\\\/\\\/memurunsesi.net\\\/index.php\\\/2025\\\/05\\\/03\\\/tekirdagda-5-kattan-dusen-1-yasindaki-cocuk-hayatini-kaybetti\\\/#primaryimage\"},\"image\":{\"@id\":\"https:\\\/\\\/memurunsesi.net\\\/index.php\\\/2025\\\/05\\\/03\\\/tekirdagda-5-kattan-dusen-1-yasindaki-cocuk-hayatini-kaybetti\\\/#primaryimage\"},\"thumbnailUrl\":\"https:\\\/\\\/memurunsesi.net\\\/wp-content\\\/uploads\\\/2025\\\/05\\\/AW446624_02.jpg\",\"datePublished\":\"2025-05-03T18:50:35+00:00\",\"breadcrumb\":{\"@id\":\"https:\\\/\\\/memurunsesi.net\\\/index.php\\\/2025\\\/05\\\/03\\\/tekirdagda-5-kattan-dusen-1-yasindaki-cocuk-hayatini-kaybetti\\\/#breadcrumb\"},\"inLanguage\":\"tr\",\"potentialAction\":[{\"@type\":\"ReadAction\",\"target\":[\"https:\\\/\\\/memurunsesi.net\\\/index.php\\\/2025\\\/05\\\/03\\\/tekirdagda-5-kattan-dusen-1-yasindaki-cocuk-hayatini-kaybetti\\\/\"]}]},{\"@type\":\"ImageObject\",\"inLanguage\":\"tr\",\"@id\":\"https:\\\/\\\/memurunsesi.net\\\/index.php\\\/2025\\\/05\\\/03\\\/tekirdagda-5-kattan-dusen-1-yasindaki-cocuk-hayatini-kaybetti\\\/#primaryimage\",\"url\":\"https:\\\/\\\/memurunsesi.net\\\/wp-content\\\/uploads\\\/2025\\\/05\\\/AW446624_02.jpg\",\"contentUrl\":\"https:\\\/\\\/memurunsesi.net\\\/wp-content\\\/uploads\\\/2025\\\/05\\\/AW446624_02.jpg\",\"width\":1920,\"height\":1080,\"caption\":\"TEK\u0130RDA\u011e \u00c7ERKEZK\u00d6Y'DE 5. KATTAN BETON ZEM\u0130NE D\u00dc\u015eEN 1 YA\u015eINDAK\u0130 BEBEK, KALDIRILDI\u011eI HASTANEDE HAYATINI KAYBETT\u0130. (\u015eABAN KARDE\u015e\\\/TEK\u0130RDA\u011e-\u0130HA) Tekirda\u011f'\u0131n \u00c7erkezk\u00f6y il\u00e7esinde 5. kattan d\u00fc\u015fen 1 ya\u015f\u0131ndaki \u00e7ocuk, kald\u0131r\u0131ld\u0131\u011f\u0131 hastanede hayat\u0131n\u0131 kaybetti.\"},{\"@type\":\"BreadcrumbList\",\"@id\":\"https:\\\/\\\/memurunsesi.net\\\/index.php\\\/2025\\\/05\\\/03\\\/tekirdagda-5-kattan-dusen-1-yasindaki-cocuk-hayatini-kaybetti\\\/#breadcrumb\",\"itemListElement\":[{\"@type\":\"ListItem\",\"position\":1,\"name\":\"Anasayfa\",\"item\":\"https:\\\/\\\/memurunsesi.net\\\/\"},{\"@type\":\"ListItem\",\"position\":2,\"name\":\"Tekirda\u011f&#8217;da 5. kattan d\u00fc\u015fen 1 ya\u015f\u0131ndaki \u00e7ocuk hayat\u0131n\u0131 kaybetti\"}]},{\"@type\":\"WebSite\",\"@id\":\"https:\\\/\\\/memurunsesi.net\\\/#website\",\"url\":\"https:\\\/\\\/memurunsesi.net\\\/\",\"name\":\"Memurun Sesi\",\"description\":\"G\u00fcncel ve Do\u011fru Haber\",\"publisher\":{\"@id\":\"https:\\\/\\\/memurunsesi.net\\\/#organization\"},\"potentialAction\":[{\"@type\":\"SearchAction\",\"target\":{\"@type\":\"EntryPoint\",\"urlTemplate\":\"https:\\\/\\\/memurunsesi.net\\\/?s={search_term_string}\"},\"query-input\":{\"@type\":\"PropertyValueSpecification\",\"valueRequired\":true,\"valueName\":\"search_term_string\"}}],\"inLanguage\":\"tr\"},{\"@type\":\"Organization\",\"@id\":\"https:\\\/\\\/memurunsesi.net\\\/#organization\",\"name\":\"Memurun Sesi\",\"url\":\"https:\\\/\\\/memurunsesi.net\\\/\",\"logo\":{\"@type\":\"ImageObject\",\"inLanguage\":\"tr\",\"@id\":\"https:\\\/\\\/memurunsesi.net\\\/#\\\/schema\\\/logo\\\/image\\\/\",\"url\":\"https:\\\/\\\/memurunsesi.net\\\/wp-content\\\/uploads\\\/2025\\\/11\\\/cropped-MEMURUN-SESI.png\",\"contentUrl\":\"https:\\\/\\\/memurunsesi.net\\\/wp-content\\\/uploads\\\/2025\\\/11\\\/cropped-MEMURUN-SESI.png\",\"width\":238,\"height\":57,\"caption\":\"Memurun Sesi\"},\"image\":{\"@id\":\"https:\\\/\\\/memurunsesi.net\\\/#\\\/schema\\\/logo\\\/image\\\/\"},\"sameAs\":[\"https:\\\/\\\/www.facebook.com\\\/unipersen\\\/?locale=tr_TR\",\"https:\\\/\\\/x.com\\\/unipersen\"]},{\"@type\":\"Person\",\"@id\":\"https:\\\/\\\/memurunsesi.net\\\/#\\\/schema\\\/person\\\/f21c2d73b89f6ee1d80b0a1803e38587\",\"name\":\"Memurun Sesi Haber Merkezi\",\"image\":{\"@type\":\"ImageObject\",\"inLanguage\":\"tr\",\"@id\":\"https:\\\/\\\/secure.gravatar.com\\\/avatar\\\/6cf0505f452ee753f485014986fab09a434671d2b919ee76fc541025c5876a70?s=96&d=mm&r=g\",\"url\":\"https:\\\/\\\/secure.gravatar.com\\\/avatar\\\/6cf0505f452ee753f485014986fab09a434671d2b919ee76fc541025c5876a70?s=96&d=mm&r=g\",\"contentUrl\":\"https:\\\/\\\/secure.gravatar.com\\\/avatar\\\/6cf0505f452ee753f485014986fab09a434671d2b919ee76fc541025c5876a70?s=96&d=mm&r=g\",\"caption\":\"Memurun Sesi Haber Merkezi\"},\"sameAs\":[\"https:\\\/\\\/memurunsesi.net\"],\"url\":\"https:\\\/\\\/memurunsesi.net\\\/index.php\\\/author\\\/uniper\\\/\"}]}<\/script>\n<!-- \/ Yoast SEO plugin. -->","yoast_head_json":{"title":"Tekirda\u011f'da 5. kattan d\u00fc\u015fen 1 ya\u015f\u0131ndaki \u00e7ocuk hayat\u0131n\u0131 kaybetti - Memurun Sesi","robots":{"index":"index","follow":"follow","max-snippet":"max-snippet:-1","max-image-preview":"max-image-preview:large","max-video-preview":"max-video-preview:-1"},"canonical":"https:\/\/memurunsesi.net\/index.php\/2025\/05\/03\/tekirdagda-5-kattan-dusen-1-yasindaki-cocuk-hayatini-kaybetti\/","og_locale":"tr_TR","og_type":"article","og_title":"Tekirda\u011f'da 5. kattan d\u00fc\u015fen 1 ya\u015f\u0131ndaki \u00e7ocuk hayat\u0131n\u0131 kaybetti - Memurun Sesi","og_description":"Tekirda\u011f&#8217;\u0131n \u00c7erkezk\u00f6y il\u00e7esinde 5. kattan d\u00fc\u015fen 1 ya\u015f\u0131ndaki \u00e7ocuk, kald\u0131r\u0131ld\u0131\u011f\u0131 hastanede hayat\u0131n\u0131 kaybetti. Tekirda\u011f\u2019\u0131n \u00c7erkezk\u00f6y il\u00e7esi G\u00fcltepe Mahallesi H\u00fcrriyet Caddesi \u00fczerinde meydana gelen olayda, 1 ya\u015f\u0131ndaki M.N.B. hen\u00fcz bilinmeyen bir nedenle ailesiyle ya\u015fad\u0131\u011f\u0131 apartman\u0131n 5. kat\u0131ndaki daireden beton zemine d\u00fc\u015ft\u00fc. K\u00fc\u00e7\u00fck \u00e7ocu\u011fun d\u00fc\u015ft\u00fc\u011f\u00fcn\u00fc g\u00f6ren vatanda\u015flar durumu 112 Acil \u00c7a\u011fr\u0131 Merkezi\u2019ne bildirdi. \u0130hbar \u00fczerine olay yerine [&hellip;]","og_url":"https:\/\/memurunsesi.net\/index.php\/2025\/05\/03\/tekirdagda-5-kattan-dusen-1-yasindaki-cocuk-hayatini-kaybetti\/","og_site_name":"Memurun Sesi","article_publisher":"https:\/\/www.facebook.com\/unipersen\/?locale=tr_TR","article_published_time":"2025-05-03T18:50:35+00:00","og_image":[{"width":1920,"height":1080,"url":"https:\/\/memurunsesi.net\/wp-content\/uploads\/2025\/05\/AW446624_02.jpg","type":"image\/jpeg"}],"author":"Memurun Sesi Haber Merkezi","twitter_card":"summary_large_image","twitter_creator":"@unipersen","twitter_site":"@unipersen","twitter_misc":{"Yazan:":"Memurun Sesi Haber Merkezi","Tahmini okuma s\u00fcresi":"1 dakika"},"schema":{"@context":"https:\/\/schema.org","@graph":[{"@type":"Article","@id":"https:\/\/memurunsesi.net\/index.php\/2025\/05\/03\/tekirdagda-5-kattan-dusen-1-yasindaki-cocuk-hayatini-kaybetti\/#article","isPartOf":{"@id":"https:\/\/memurunsesi.net\/index.php\/2025\/05\/03\/tekirdagda-5-kattan-dusen-1-yasindaki-cocuk-hayatini-kaybetti\/"},"author":{"name":"Memurun Sesi Haber Merkezi","@id":"https:\/\/memurunsesi.net\/#\/schema\/person\/f21c2d73b89f6ee1d80b0a1803e38587"},"headline":"Tekirda\u011f&#8217;da 5. kattan d\u00fc\u015fen 1 ya\u015f\u0131ndaki \u00e7ocuk hayat\u0131n\u0131 kaybetti","datePublished":"2025-05-03T18:50:35+00:00","mainEntityOfPage":{"@id":"https:\/\/memurunsesi.net\/index.php\/2025\/05\/03\/tekirdagda-5-kattan-dusen-1-yasindaki-cocuk-hayatini-kaybetti\/"},"wordCount":140,"commentCount":0,"publisher":{"@id":"https:\/\/memurunsesi.net\/#organization"},"image":{"@id":"https:\/\/memurunsesi.net\/index.php\/2025\/05\/03\/tekirdagda-5-kattan-dusen-1-yasindaki-cocuk-hayatini-kaybetti\/#primaryimage"},"thumbnailUrl":"https:\/\/memurunsesi.net\/wp-content\/uploads\/2025\/05\/AW446624_02.jpg","inLanguage":"tr","potentialAction":[{"@type":"CommentAction","name":"Comment","target":["https:\/\/memurunsesi.net\/index.php\/2025\/05\/03\/tekirdagda-5-kattan-dusen-1-yasindaki-cocuk-hayatini-kaybetti\/#respond"]}]},{"@type":"WebPage","@id":"https:\/\/memurunsesi.net\/index.php\/2025\/05\/03\/tekirdagda-5-kattan-dusen-1-yasindaki-cocuk-hayatini-kaybetti\/","url":"https:\/\/memurunsesi.net\/index.php\/2025\/05\/03\/tekirdagda-5-kattan-dusen-1-yasindaki-cocuk-hayatini-kaybetti\/","name":"Tekirda\u011f'da 5. kattan d\u00fc\u015fen 1 ya\u015f\u0131ndaki \u00e7ocuk hayat\u0131n\u0131 kaybetti - Memurun Sesi","isPartOf":{"@id":"https:\/\/memurunsesi.net\/#website"},"primaryImageOfPage":{"@id":"https:\/\/memurunsesi.net\/index.php\/2025\/05\/03\/tekirdagda-5-kattan-dusen-1-yasindaki-cocuk-hayatini-kaybetti\/#primaryimage"},"image":{"@id":"https:\/\/memurunsesi.net\/index.php\/2025\/05\/03\/tekirdagda-5-kattan-dusen-1-yasindaki-cocuk-hayatini-kaybetti\/#primaryimage"},"thumbnailUrl":"https:\/\/memurunsesi.net\/wp-content\/uploads\/2025\/05\/AW446624_02.jpg","datePublished":"2025-05-03T18:50:35+00:00","breadcrumb":{"@id":"https:\/\/memurunsesi.net\/index.php\/2025\/05\/03\/tekirdagda-5-kattan-dusen-1-yasindaki-cocuk-hayatini-kaybetti\/#breadcrumb"},"inLanguage":"tr","potentialAction":[{"@type":"ReadAction","target":["https:\/\/memurunsesi.net\/index.php\/2025\/05\/03\/tekirdagda-5-kattan-dusen-1-yasindaki-cocuk-hayatini-kaybetti\/"]}]},{"@type":"ImageObject","inLanguage":"tr","@id":"https:\/\/memurunsesi.net\/index.php\/2025\/05\/03\/tekirdagda-5-kattan-dusen-1-yasindaki-cocuk-hayatini-kaybetti\/#primaryimage","url":"https:\/\/memurunsesi.net\/wp-content\/uploads\/2025\/05\/AW446624_02.jpg","contentUrl":"https:\/\/memurunsesi.net\/wp-content\/uploads\/2025\/05\/AW446624_02.jpg","width":1920,"height":1080,"caption":"TEK\u0130RDA\u011e \u00c7ERKEZK\u00d6Y'DE 5. KATTAN BETON ZEM\u0130NE D\u00dc\u015eEN 1 YA\u015eINDAK\u0130 BEBEK, KALDIRILDI\u011eI HASTANEDE HAYATINI KAYBETT\u0130. (\u015eABAN KARDE\u015e\/TEK\u0130RDA\u011e-\u0130HA) Tekirda\u011f'\u0131n \u00c7erkezk\u00f6y il\u00e7esinde 5. kattan d\u00fc\u015fen 1 ya\u015f\u0131ndaki \u00e7ocuk, kald\u0131r\u0131ld\u0131\u011f\u0131 hastanede hayat\u0131n\u0131 kaybetti."},{"@type":"BreadcrumbList","@id":"https:\/\/memurunsesi.net\/index.php\/2025\/05\/03\/tekirdagda-5-kattan-dusen-1-yasindaki-cocuk-hayatini-kaybetti\/#breadcrumb","itemListElement":[{"@type":"ListItem","position":1,"name":"Anasayfa","item":"https:\/\/memurunsesi.net\/"},{"@type":"ListItem","position":2,"name":"Tekirda\u011f&#8217;da 5. kattan d\u00fc\u015fen 1 ya\u015f\u0131ndaki \u00e7ocuk hayat\u0131n\u0131 kaybetti"}]},{"@type":"WebSite","@id":"https:\/\/memurunsesi.net\/#website","url":"https:\/\/memurunsesi.net\/","name":"Memurun Sesi","description":"G\u00fcncel ve Do\u011fru Haber","publisher":{"@id":"https:\/\/memurunsesi.net\/#organization"},"potentialAction":[{"@type":"SearchAction","target":{"@type":"EntryPoint","urlTemplate":"https:\/\/memurunsesi.net\/?s={search_term_string}"},"query-input":{"@type":"PropertyValueSpecification","valueRequired":true,"valueName":"search_term_string"}}],"inLanguage":"tr"},{"@type":"Organization","@id":"https:\/\/memurunsesi.net\/#organization","name":"Memurun Sesi","url":"https:\/\/memurunsesi.net\/","logo":{"@type":"ImageObject","inLanguage":"tr","@id":"https:\/\/memurunsesi.net\/#\/schema\/logo\/image\/","url":"https:\/\/memurunsesi.net\/wp-content\/uploads\/2025\/11\/cropped-MEMURUN-SESI.png","contentUrl":"https:\/\/memurunsesi.net\/wp-content\/uploads\/2025\/11\/cropped-MEMURUN-SESI.png","width":238,"height":57,"caption":"Memurun Sesi"},"image":{"@id":"https:\/\/memurunsesi.net\/#\/schema\/logo\/image\/"},"sameAs":["https:\/\/www.facebook.com\/unipersen\/?locale=tr_TR","https:\/\/x.com\/unipersen"]},{"@type":"Person","@id":"https:\/\/memurunsesi.net\/#\/schema\/person\/f21c2d73b89f6ee1d80b0a1803e38587","name":"Memurun Sesi Haber Merkezi","image":{"@type":"ImageObject","inLanguage":"tr","@id":"https:\/\/secure.gravatar.com\/avatar\/6cf0505f452ee753f485014986fab09a434671d2b919ee76fc541025c5876a70?s=96&d=mm&r=g","url":"https:\/\/secure.gravatar.com\/avatar\/6cf0505f452ee753f485014986fab09a434671d2b919ee76fc541025c5876a70?s=96&d=mm&r=g","contentUrl":"https:\/\/secure.gravatar.com\/avatar\/6cf0505f452ee753f485014986fab09a434671d2b919ee76fc541025c5876a70?s=96&d=mm&r=g","caption":"Memurun Sesi Haber Merkezi"},"sameAs":["https:\/\/memurunsesi.net"],"url":"https:\/\/memurunsesi.net\/index.php\/author\/uniper\/"}]}},"_links":{"self":[{"href":"https:\/\/memurunsesi.net\/index.php\/wp-json\/wp\/v2\/posts\/6368","targetHints":{"allow":["GET"]}}],"collection":[{"href":"https:\/\/memurunsesi.net\/index.php\/wp-json\/wp\/v2\/posts"}],"about":[{"href":"https:\/\/memurunsesi.net\/index.php\/wp-json\/wp\/v2\/types\/post"}],"author":[{"embeddable":true,"href":"https:\/\/memurunsesi.net\/index.php\/wp-json\/wp\/v2\/users\/1"}],"replies":[{"embeddable":true,"href":"https:\/\/memurunsesi.net\/index.php\/wp-json\/wp\/v2\/comments?post=6368"}],"version-history":[{"count":1,"href":"https:\/\/memurunsesi.net\/index.php\/wp-json\/wp\/v2\/posts\/6368\/revisions"}],"predecessor-version":[{"id":6370,"href":"https:\/\/memurunsesi.net\/index.php\/wp-json\/wp\/v2\/posts\/6368\/revisions\/6370"}],"wp:featuredmedia":[{"embeddable":true,"href":"https:\/\/memurunsesi.net\/index.php\/wp-json\/wp\/v2\/media\/6369"}],"wp:attachment":[{"href":"https:\/\/memurunsesi.net\/index.php\/wp-json\/wp\/v2\/media?parent=6368"}],"wp:term":[{"taxonomy":"category","embeddable":true,"href":"https:\/\/memurunsesi.net\/index.php\/wp-json\/wp\/v2\/categories?post=6368"},{"taxonomy":"post_tag","embeddable":true,"href":"https:\/\/memurunsesi.net\/index.php\/wp-json\/wp\/v2\/tags?post=6368"}],"curies":[{"name":"wp","href":"https:\/\/api.w.org\/{rel}","templated":true}]}}