{"id":6376,"date":"2025-05-03T21:55:36","date_gmt":"2025-05-03T18:55:36","guid":{"rendered":"https:\/\/memurunsesi.net\/?p=6376"},"modified":"2025-05-03T21:55:36","modified_gmt":"2025-05-03T18:55:36","slug":"agrida-trafik-kazasi-2-olu-8-yarali","status":"publish","type":"post","link":"https:\/\/memurunsesi.net\/index.php\/2025\/05\/03\/agrida-trafik-kazasi-2-olu-8-yarali\/","title":{"rendered":"A\u011fr\u0131&#8217;da trafik kazas\u0131: 2 \u00f6l\u00fc, 8 yaral\u0131"},"content":{"rendered":"<p>  A\u011fr\u0131&#8217;n\u0131n Ta\u015fl\u0131\u00e7ay il\u00e7esinde otomobilin minib\u00fcse \u00e7arpt\u0131\u011f\u0131 kazada 2 ki\u015fi hayat\u0131n\u0131 kaybetti, 8 ki\u015fi yaraland\u0131.<br \/>\nEdinilen bilgilere g\u00f6re, A\u011fr\u0131 il merkezinden Do\u011fubayaz\u0131t istikametine seyir halinde olan Yemen G. (57) idaresindeki minib\u00fcse, ayn\u0131 y\u00f6nde ilerleyen Nursi T. (26) y\u00f6netimindeki otomobil arkadan \u00e7arpt\u0131. Kazada toplam 10 ki\u015fi yaraland\u0131.<br \/>\n  Yaral\u0131lardan otomobilde yolcu olarak bulunan M\u00fck\u00fcriye A. ile Melek E., kald\u0131r\u0131ld\u0131klar\u0131 Ta\u015fl\u0131\u00e7ay Devlet Hastanesi&#8217;nde hayat\u0131n\u0131 kaybetti. Di\u011fer yaral\u0131lar\u0131n ise sa\u011fl\u0131k durumlar\u0131n\u0131n iyi oldu\u011fu ve hayati tehlikelerinin bulunmad\u0131\u011f\u0131 \u00f6\u011frenildi.<br \/>\n  Yaral\u0131lar, olay yerine sevk edilen sa\u011fl\u0131k ekipleri taraf\u0131ndan A\u011fr\u0131 Merkez, Ta\u015fl\u0131\u00e7ay ve Do\u011fubayaz\u0131t&#8217;taki hastanelere kald\u0131r\u0131ld\u0131.<br \/>\n  Kazayla ilgili inceleme ba\u015flat\u0131ld\u0131. <\/p>\n<p>3.05.2025                               <\/p>\n","protected":false},"excerpt":{"rendered":"<p>A\u011fr\u0131&#8217;n\u0131n Ta\u015fl\u0131\u00e7ay il\u00e7esinde otomobilin minib\u00fcse \u00e7arpt\u0131\u011f\u0131 kazada 2 ki\u015fi hayat\u0131n\u0131 kaybetti, 8 ki\u015fi yaraland\u0131. Edinilen bilgilere g\u00f6re, A\u011fr\u0131 il merkezinden Do\u011fubayaz\u0131t istikametine seyir halinde olan Yemen G. (57) idaresindeki minib\u00fcse, ayn\u0131 y\u00f6nde ilerleyen Nursi T. (26) y\u00f6netimindeki otomobil arkadan \u00e7arpt\u0131. Kazada toplam 10 ki\u015fi yaraland\u0131. Yaral\u0131lardan otomobilde yolcu olarak bulunan M\u00fck\u00fcriye A. ile Melek E., [&hellip;]<\/p>\n","protected":false},"author":1,"featured_media":6377,"comment_status":"open","ping_status":"open","sticky":false,"template":"","format":"standard","meta":{"footnotes":""},"categories":[50],"tags":[],"class_list":["post-6376","post","type-post","status-publish","format-standard","has-post-thumbnail","hentry","category-tum-haberler"],"yoast_head":"<!-- This site is optimized with the Yoast SEO plugin v27.4 - https:\/\/yoast.com\/product\/yoast-seo-wordpress\/ -->\n<title>A\u011fr\u0131&#039;da trafik kazas\u0131: 2 \u00f6l\u00fc, 8 yaral\u0131 - Memurun Sesi<\/title>\n<meta name=\"robots\" content=\"index, follow, max-snippet:-1, max-image-preview:large, max-video-preview:-1\" \/>\n<link rel=\"canonical\" href=\"https:\/\/memurunsesi.net\/index.php\/2025\/05\/03\/agrida-trafik-kazasi-2-olu-8-yarali\/\" \/>\n<meta property=\"og:locale\" content=\"tr_TR\" \/>\n<meta property=\"og:type\" content=\"article\" \/>\n<meta property=\"og:title\" content=\"A\u011fr\u0131&#039;da trafik kazas\u0131: 2 \u00f6l\u00fc, 8 yaral\u0131 - Memurun Sesi\" \/>\n<meta property=\"og:description\" content=\"A\u011fr\u0131&#8217;n\u0131n Ta\u015fl\u0131\u00e7ay il\u00e7esinde otomobilin minib\u00fcse \u00e7arpt\u0131\u011f\u0131 kazada 2 ki\u015fi hayat\u0131n\u0131 kaybetti, 8 ki\u015fi yaraland\u0131. Edinilen bilgilere g\u00f6re, A\u011fr\u0131 il merkezinden Do\u011fubayaz\u0131t istikametine seyir halinde olan Yemen G. (57) idaresindeki minib\u00fcse, ayn\u0131 y\u00f6nde ilerleyen Nursi T. (26) y\u00f6netimindeki otomobil arkadan \u00e7arpt\u0131. Kazada toplam 10 ki\u015fi yaraland\u0131. Yaral\u0131lardan otomobilde yolcu olarak bulunan M\u00fck\u00fcriye A. ile Melek E., [&hellip;]\" \/>\n<meta property=\"og:url\" content=\"https:\/\/memurunsesi.net\/index.php\/2025\/05\/03\/agrida-trafik-kazasi-2-olu-8-yarali\/\" \/>\n<meta property=\"og:site_name\" content=\"Memurun Sesi\" \/>\n<meta property=\"article:publisher\" content=\"https:\/\/www.facebook.com\/unipersen\/?locale=tr_TR\" \/>\n<meta property=\"article:published_time\" content=\"2025-05-03T18:55:36+00:00\" \/>\n<meta property=\"og:image\" content=\"https:\/\/memurunsesi.net\/wp-content\/uploads\/2025\/05\/AW446618_01.jpg\" \/>\n\t<meta property=\"og:image:width\" content=\"720\" \/>\n\t<meta property=\"og:image:height\" content=\"1600\" \/>\n\t<meta property=\"og:image:type\" content=\"image\/jpeg\" \/>\n<meta name=\"author\" content=\"Memurun Sesi Haber Merkezi\" \/>\n<meta name=\"twitter:card\" content=\"summary_large_image\" \/>\n<meta name=\"twitter:creator\" content=\"@unipersen\" \/>\n<meta name=\"twitter:site\" content=\"@unipersen\" \/>\n<meta name=\"twitter:label1\" content=\"Yazan:\" \/>\n\t<meta name=\"twitter:data1\" content=\"Memurun Sesi Haber Merkezi\" \/>\n\t<meta name=\"twitter:label2\" content=\"Tahmini okuma s\u00fcresi\" \/>\n\t<meta name=\"twitter:data2\" content=\"1 dakika\" \/>\n<script type=\"application\/ld+json\" class=\"yoast-schema-graph\">{\"@context\":\"https:\\\/\\\/schema.org\",\"@graph\":[{\"@type\":\"Article\",\"@id\":\"https:\\\/\\\/memurunsesi.net\\\/index.php\\\/2025\\\/05\\\/03\\\/agrida-trafik-kazasi-2-olu-8-yarali\\\/#article\",\"isPartOf\":{\"@id\":\"https:\\\/\\\/memurunsesi.net\\\/index.php\\\/2025\\\/05\\\/03\\\/agrida-trafik-kazasi-2-olu-8-yarali\\\/\"},\"author\":{\"name\":\"Memurun Sesi Haber Merkezi\",\"@id\":\"https:\\\/\\\/memurunsesi.net\\\/#\\\/schema\\\/person\\\/f21c2d73b89f6ee1d80b0a1803e38587\"},\"headline\":\"A\u011fr\u0131&#8217;da trafik kazas\u0131: 2 \u00f6l\u00fc, 8 yaral\u0131\",\"datePublished\":\"2025-05-03T18:55:36+00:00\",\"mainEntityOfPage\":{\"@id\":\"https:\\\/\\\/memurunsesi.net\\\/index.php\\\/2025\\\/05\\\/03\\\/agrida-trafik-kazasi-2-olu-8-yarali\\\/\"},\"wordCount\":144,\"commentCount\":0,\"publisher\":{\"@id\":\"https:\\\/\\\/memurunsesi.net\\\/#organization\"},\"image\":{\"@id\":\"https:\\\/\\\/memurunsesi.net\\\/index.php\\\/2025\\\/05\\\/03\\\/agrida-trafik-kazasi-2-olu-8-yarali\\\/#primaryimage\"},\"thumbnailUrl\":\"https:\\\/\\\/memurunsesi.net\\\/wp-content\\\/uploads\\\/2025\\\/05\\\/AW446618_01.jpg\",\"articleSection\":[\"T\u00fcm Haberler\"],\"inLanguage\":\"tr\",\"potentialAction\":[{\"@type\":\"CommentAction\",\"name\":\"Comment\",\"target\":[\"https:\\\/\\\/memurunsesi.net\\\/index.php\\\/2025\\\/05\\\/03\\\/agrida-trafik-kazasi-2-olu-8-yarali\\\/#respond\"]}]},{\"@type\":\"WebPage\",\"@id\":\"https:\\\/\\\/memurunsesi.net\\\/index.php\\\/2025\\\/05\\\/03\\\/agrida-trafik-kazasi-2-olu-8-yarali\\\/\",\"url\":\"https:\\\/\\\/memurunsesi.net\\\/index.php\\\/2025\\\/05\\\/03\\\/agrida-trafik-kazasi-2-olu-8-yarali\\\/\",\"name\":\"A\u011fr\u0131'da trafik kazas\u0131: 2 \u00f6l\u00fc, 8 yaral\u0131 - Memurun Sesi\",\"isPartOf\":{\"@id\":\"https:\\\/\\\/memurunsesi.net\\\/#website\"},\"primaryImageOfPage\":{\"@id\":\"https:\\\/\\\/memurunsesi.net\\\/index.php\\\/2025\\\/05\\\/03\\\/agrida-trafik-kazasi-2-olu-8-yarali\\\/#primaryimage\"},\"image\":{\"@id\":\"https:\\\/\\\/memurunsesi.net\\\/index.php\\\/2025\\\/05\\\/03\\\/agrida-trafik-kazasi-2-olu-8-yarali\\\/#primaryimage\"},\"thumbnailUrl\":\"https:\\\/\\\/memurunsesi.net\\\/wp-content\\\/uploads\\\/2025\\\/05\\\/AW446618_01.jpg\",\"datePublished\":\"2025-05-03T18:55:36+00:00\",\"breadcrumb\":{\"@id\":\"https:\\\/\\\/memurunsesi.net\\\/index.php\\\/2025\\\/05\\\/03\\\/agrida-trafik-kazasi-2-olu-8-yarali\\\/#breadcrumb\"},\"inLanguage\":\"tr\",\"potentialAction\":[{\"@type\":\"ReadAction\",\"target\":[\"https:\\\/\\\/memurunsesi.net\\\/index.php\\\/2025\\\/05\\\/03\\\/agrida-trafik-kazasi-2-olu-8-yarali\\\/\"]}]},{\"@type\":\"ImageObject\",\"inLanguage\":\"tr\",\"@id\":\"https:\\\/\\\/memurunsesi.net\\\/index.php\\\/2025\\\/05\\\/03\\\/agrida-trafik-kazasi-2-olu-8-yarali\\\/#primaryimage\",\"url\":\"https:\\\/\\\/memurunsesi.net\\\/wp-content\\\/uploads\\\/2025\\\/05\\\/AW446618_01.jpg\",\"contentUrl\":\"https:\\\/\\\/memurunsesi.net\\\/wp-content\\\/uploads\\\/2025\\\/05\\\/AW446618_01.jpg\",\"width\":720,\"height\":1600,\"caption\":\"A\u011eRI'DA TRAF\u0130K KAZASI: 2 K\u0130\u015e\u0130 HAYATINI KAYBETT\u0130, 8 YARALI (MERVE G\u00d6KBAKAN\\\/A\u011eRI-\u0130HA) A\u011fr\u0131'n\u0131n Ta\u015fl\u0131\u00e7ay il\u00e7esinde otomobilin minib\u00fcse \u00e7arpt\u0131\u011f\u0131 kazada 2 ki\u015fi hayat\u0131n\u0131 kaybetti, 8 ki\u015fi yaraland\u0131.\"},{\"@type\":\"BreadcrumbList\",\"@id\":\"https:\\\/\\\/memurunsesi.net\\\/index.php\\\/2025\\\/05\\\/03\\\/agrida-trafik-kazasi-2-olu-8-yarali\\\/#breadcrumb\",\"itemListElement\":[{\"@type\":\"ListItem\",\"position\":1,\"name\":\"Anasayfa\",\"item\":\"https:\\\/\\\/memurunsesi.net\\\/\"},{\"@type\":\"ListItem\",\"position\":2,\"name\":\"A\u011fr\u0131&#8217;da trafik kazas\u0131: 2 \u00f6l\u00fc, 8 yaral\u0131\"}]},{\"@type\":\"WebSite\",\"@id\":\"https:\\\/\\\/memurunsesi.net\\\/#website\",\"url\":\"https:\\\/\\\/memurunsesi.net\\\/\",\"name\":\"Memurun Sesi\",\"description\":\"G\u00fcncel ve Do\u011fru Haber\",\"publisher\":{\"@id\":\"https:\\\/\\\/memurunsesi.net\\\/#organization\"},\"potentialAction\":[{\"@type\":\"SearchAction\",\"target\":{\"@type\":\"EntryPoint\",\"urlTemplate\":\"https:\\\/\\\/memurunsesi.net\\\/?s={search_term_string}\"},\"query-input\":{\"@type\":\"PropertyValueSpecification\",\"valueRequired\":true,\"valueName\":\"search_term_string\"}}],\"inLanguage\":\"tr\"},{\"@type\":\"Organization\",\"@id\":\"https:\\\/\\\/memurunsesi.net\\\/#organization\",\"name\":\"Memurun Sesi\",\"url\":\"https:\\\/\\\/memurunsesi.net\\\/\",\"logo\":{\"@type\":\"ImageObject\",\"inLanguage\":\"tr\",\"@id\":\"https:\\\/\\\/memurunsesi.net\\\/#\\\/schema\\\/logo\\\/image\\\/\",\"url\":\"https:\\\/\\\/memurunsesi.net\\\/wp-content\\\/uploads\\\/2025\\\/11\\\/cropped-MEMURUN-SESI.png\",\"contentUrl\":\"https:\\\/\\\/memurunsesi.net\\\/wp-content\\\/uploads\\\/2025\\\/11\\\/cropped-MEMURUN-SESI.png\",\"width\":238,\"height\":57,\"caption\":\"Memurun Sesi\"},\"image\":{\"@id\":\"https:\\\/\\\/memurunsesi.net\\\/#\\\/schema\\\/logo\\\/image\\\/\"},\"sameAs\":[\"https:\\\/\\\/www.facebook.com\\\/unipersen\\\/?locale=tr_TR\",\"https:\\\/\\\/x.com\\\/unipersen\"]},{\"@type\":\"Person\",\"@id\":\"https:\\\/\\\/memurunsesi.net\\\/#\\\/schema\\\/person\\\/f21c2d73b89f6ee1d80b0a1803e38587\",\"name\":\"Memurun Sesi Haber Merkezi\",\"image\":{\"@type\":\"ImageObject\",\"inLanguage\":\"tr\",\"@id\":\"https:\\\/\\\/secure.gravatar.com\\\/avatar\\\/6cf0505f452ee753f485014986fab09a434671d2b919ee76fc541025c5876a70?s=96&d=mm&r=g\",\"url\":\"https:\\\/\\\/secure.gravatar.com\\\/avatar\\\/6cf0505f452ee753f485014986fab09a434671d2b919ee76fc541025c5876a70?s=96&d=mm&r=g\",\"contentUrl\":\"https:\\\/\\\/secure.gravatar.com\\\/avatar\\\/6cf0505f452ee753f485014986fab09a434671d2b919ee76fc541025c5876a70?s=96&d=mm&r=g\",\"caption\":\"Memurun Sesi Haber Merkezi\"},\"sameAs\":[\"https:\\\/\\\/memurunsesi.net\"],\"url\":\"https:\\\/\\\/memurunsesi.net\\\/index.php\\\/author\\\/uniper\\\/\"}]}<\/script>\n<!-- \/ Yoast SEO plugin. -->","yoast_head_json":{"title":"A\u011fr\u0131'da trafik kazas\u0131: 2 \u00f6l\u00fc, 8 yaral\u0131 - Memurun Sesi","robots":{"index":"index","follow":"follow","max-snippet":"max-snippet:-1","max-image-preview":"max-image-preview:large","max-video-preview":"max-video-preview:-1"},"canonical":"https:\/\/memurunsesi.net\/index.php\/2025\/05\/03\/agrida-trafik-kazasi-2-olu-8-yarali\/","og_locale":"tr_TR","og_type":"article","og_title":"A\u011fr\u0131'da trafik kazas\u0131: 2 \u00f6l\u00fc, 8 yaral\u0131 - Memurun Sesi","og_description":"A\u011fr\u0131&#8217;n\u0131n Ta\u015fl\u0131\u00e7ay il\u00e7esinde otomobilin minib\u00fcse \u00e7arpt\u0131\u011f\u0131 kazada 2 ki\u015fi hayat\u0131n\u0131 kaybetti, 8 ki\u015fi yaraland\u0131. Edinilen bilgilere g\u00f6re, A\u011fr\u0131 il merkezinden Do\u011fubayaz\u0131t istikametine seyir halinde olan Yemen G. (57) idaresindeki minib\u00fcse, ayn\u0131 y\u00f6nde ilerleyen Nursi T. (26) y\u00f6netimindeki otomobil arkadan \u00e7arpt\u0131. Kazada toplam 10 ki\u015fi yaraland\u0131. Yaral\u0131lardan otomobilde yolcu olarak bulunan M\u00fck\u00fcriye A. ile Melek E., [&hellip;]","og_url":"https:\/\/memurunsesi.net\/index.php\/2025\/05\/03\/agrida-trafik-kazasi-2-olu-8-yarali\/","og_site_name":"Memurun Sesi","article_publisher":"https:\/\/www.facebook.com\/unipersen\/?locale=tr_TR","article_published_time":"2025-05-03T18:55:36+00:00","og_image":[{"width":720,"height":1600,"url":"https:\/\/memurunsesi.net\/wp-content\/uploads\/2025\/05\/AW446618_01.jpg","type":"image\/jpeg"}],"author":"Memurun Sesi Haber Merkezi","twitter_card":"summary_large_image","twitter_creator":"@unipersen","twitter_site":"@unipersen","twitter_misc":{"Yazan:":"Memurun Sesi Haber Merkezi","Tahmini okuma s\u00fcresi":"1 dakika"},"schema":{"@context":"https:\/\/schema.org","@graph":[{"@type":"Article","@id":"https:\/\/memurunsesi.net\/index.php\/2025\/05\/03\/agrida-trafik-kazasi-2-olu-8-yarali\/#article","isPartOf":{"@id":"https:\/\/memurunsesi.net\/index.php\/2025\/05\/03\/agrida-trafik-kazasi-2-olu-8-yarali\/"},"author":{"name":"Memurun Sesi Haber Merkezi","@id":"https:\/\/memurunsesi.net\/#\/schema\/person\/f21c2d73b89f6ee1d80b0a1803e38587"},"headline":"A\u011fr\u0131&#8217;da trafik kazas\u0131: 2 \u00f6l\u00fc, 8 yaral\u0131","datePublished":"2025-05-03T18:55:36+00:00","mainEntityOfPage":{"@id":"https:\/\/memurunsesi.net\/index.php\/2025\/05\/03\/agrida-trafik-kazasi-2-olu-8-yarali\/"},"wordCount":144,"commentCount":0,"publisher":{"@id":"https:\/\/memurunsesi.net\/#organization"},"image":{"@id":"https:\/\/memurunsesi.net\/index.php\/2025\/05\/03\/agrida-trafik-kazasi-2-olu-8-yarali\/#primaryimage"},"thumbnailUrl":"https:\/\/memurunsesi.net\/wp-content\/uploads\/2025\/05\/AW446618_01.jpg","articleSection":["T\u00fcm Haberler"],"inLanguage":"tr","potentialAction":[{"@type":"CommentAction","name":"Comment","target":["https:\/\/memurunsesi.net\/index.php\/2025\/05\/03\/agrida-trafik-kazasi-2-olu-8-yarali\/#respond"]}]},{"@type":"WebPage","@id":"https:\/\/memurunsesi.net\/index.php\/2025\/05\/03\/agrida-trafik-kazasi-2-olu-8-yarali\/","url":"https:\/\/memurunsesi.net\/index.php\/2025\/05\/03\/agrida-trafik-kazasi-2-olu-8-yarali\/","name":"A\u011fr\u0131'da trafik kazas\u0131: 2 \u00f6l\u00fc, 8 yaral\u0131 - Memurun Sesi","isPartOf":{"@id":"https:\/\/memurunsesi.net\/#website"},"primaryImageOfPage":{"@id":"https:\/\/memurunsesi.net\/index.php\/2025\/05\/03\/agrida-trafik-kazasi-2-olu-8-yarali\/#primaryimage"},"image":{"@id":"https:\/\/memurunsesi.net\/index.php\/2025\/05\/03\/agrida-trafik-kazasi-2-olu-8-yarali\/#primaryimage"},"thumbnailUrl":"https:\/\/memurunsesi.net\/wp-content\/uploads\/2025\/05\/AW446618_01.jpg","datePublished":"2025-05-03T18:55:36+00:00","breadcrumb":{"@id":"https:\/\/memurunsesi.net\/index.php\/2025\/05\/03\/agrida-trafik-kazasi-2-olu-8-yarali\/#breadcrumb"},"inLanguage":"tr","potentialAction":[{"@type":"ReadAction","target":["https:\/\/memurunsesi.net\/index.php\/2025\/05\/03\/agrida-trafik-kazasi-2-olu-8-yarali\/"]}]},{"@type":"ImageObject","inLanguage":"tr","@id":"https:\/\/memurunsesi.net\/index.php\/2025\/05\/03\/agrida-trafik-kazasi-2-olu-8-yarali\/#primaryimage","url":"https:\/\/memurunsesi.net\/wp-content\/uploads\/2025\/05\/AW446618_01.jpg","contentUrl":"https:\/\/memurunsesi.net\/wp-content\/uploads\/2025\/05\/AW446618_01.jpg","width":720,"height":1600,"caption":"A\u011eRI'DA TRAF\u0130K KAZASI: 2 K\u0130\u015e\u0130 HAYATINI KAYBETT\u0130, 8 YARALI (MERVE G\u00d6KBAKAN\/A\u011eRI-\u0130HA) A\u011fr\u0131'n\u0131n Ta\u015fl\u0131\u00e7ay il\u00e7esinde otomobilin minib\u00fcse \u00e7arpt\u0131\u011f\u0131 kazada 2 ki\u015fi hayat\u0131n\u0131 kaybetti, 8 ki\u015fi yaraland\u0131."},{"@type":"BreadcrumbList","@id":"https:\/\/memurunsesi.net\/index.php\/2025\/05\/03\/agrida-trafik-kazasi-2-olu-8-yarali\/#breadcrumb","itemListElement":[{"@type":"ListItem","position":1,"name":"Anasayfa","item":"https:\/\/memurunsesi.net\/"},{"@type":"ListItem","position":2,"name":"A\u011fr\u0131&#8217;da trafik kazas\u0131: 2 \u00f6l\u00fc, 8 yaral\u0131"}]},{"@type":"WebSite","@id":"https:\/\/memurunsesi.net\/#website","url":"https:\/\/memurunsesi.net\/","name":"Memurun Sesi","description":"G\u00fcncel ve Do\u011fru Haber","publisher":{"@id":"https:\/\/memurunsesi.net\/#organization"},"potentialAction":[{"@type":"SearchAction","target":{"@type":"EntryPoint","urlTemplate":"https:\/\/memurunsesi.net\/?s={search_term_string}"},"query-input":{"@type":"PropertyValueSpecification","valueRequired":true,"valueName":"search_term_string"}}],"inLanguage":"tr"},{"@type":"Organization","@id":"https:\/\/memurunsesi.net\/#organization","name":"Memurun Sesi","url":"https:\/\/memurunsesi.net\/","logo":{"@type":"ImageObject","inLanguage":"tr","@id":"https:\/\/memurunsesi.net\/#\/schema\/logo\/image\/","url":"https:\/\/memurunsesi.net\/wp-content\/uploads\/2025\/11\/cropped-MEMURUN-SESI.png","contentUrl":"https:\/\/memurunsesi.net\/wp-content\/uploads\/2025\/11\/cropped-MEMURUN-SESI.png","width":238,"height":57,"caption":"Memurun Sesi"},"image":{"@id":"https:\/\/memurunsesi.net\/#\/schema\/logo\/image\/"},"sameAs":["https:\/\/www.facebook.com\/unipersen\/?locale=tr_TR","https:\/\/x.com\/unipersen"]},{"@type":"Person","@id":"https:\/\/memurunsesi.net\/#\/schema\/person\/f21c2d73b89f6ee1d80b0a1803e38587","name":"Memurun Sesi Haber Merkezi","image":{"@type":"ImageObject","inLanguage":"tr","@id":"https:\/\/secure.gravatar.com\/avatar\/6cf0505f452ee753f485014986fab09a434671d2b919ee76fc541025c5876a70?s=96&d=mm&r=g","url":"https:\/\/secure.gravatar.com\/avatar\/6cf0505f452ee753f485014986fab09a434671d2b919ee76fc541025c5876a70?s=96&d=mm&r=g","contentUrl":"https:\/\/secure.gravatar.com\/avatar\/6cf0505f452ee753f485014986fab09a434671d2b919ee76fc541025c5876a70?s=96&d=mm&r=g","caption":"Memurun Sesi Haber Merkezi"},"sameAs":["https:\/\/memurunsesi.net"],"url":"https:\/\/memurunsesi.net\/index.php\/author\/uniper\/"}]}},"_links":{"self":[{"href":"https:\/\/memurunsesi.net\/index.php\/wp-json\/wp\/v2\/posts\/6376","targetHints":{"allow":["GET"]}}],"collection":[{"href":"https:\/\/memurunsesi.net\/index.php\/wp-json\/wp\/v2\/posts"}],"about":[{"href":"https:\/\/memurunsesi.net\/index.php\/wp-json\/wp\/v2\/types\/post"}],"author":[{"embeddable":true,"href":"https:\/\/memurunsesi.net\/index.php\/wp-json\/wp\/v2\/users\/1"}],"replies":[{"embeddable":true,"href":"https:\/\/memurunsesi.net\/index.php\/wp-json\/wp\/v2\/comments?post=6376"}],"version-history":[{"count":1,"href":"https:\/\/memurunsesi.net\/index.php\/wp-json\/wp\/v2\/posts\/6376\/revisions"}],"predecessor-version":[{"id":6378,"href":"https:\/\/memurunsesi.net\/index.php\/wp-json\/wp\/v2\/posts\/6376\/revisions\/6378"}],"wp:featuredmedia":[{"embeddable":true,"href":"https:\/\/memurunsesi.net\/index.php\/wp-json\/wp\/v2\/media\/6377"}],"wp:attachment":[{"href":"https:\/\/memurunsesi.net\/index.php\/wp-json\/wp\/v2\/media?parent=6376"}],"wp:term":[{"taxonomy":"category","embeddable":true,"href":"https:\/\/memurunsesi.net\/index.php\/wp-json\/wp\/v2\/categories?post=6376"},{"taxonomy":"post_tag","embeddable":true,"href":"https:\/\/memurunsesi.net\/index.php\/wp-json\/wp\/v2\/tags?post=6376"}],"curies":[{"name":"wp","href":"https:\/\/api.w.org\/{rel}","templated":true}]}}