{"id":6401,"date":"2025-05-03T22:07:20","date_gmt":"2025-05-03T19:07:20","guid":{"rendered":"https:\/\/memurunsesi.net\/?p=6401"},"modified":"2025-05-03T22:07:20","modified_gmt":"2025-05-03T19:07:20","slug":"miras-meselesi-yuzunden-amcasi-tarafindan-oldurulen-genc-topraga-verildi","status":"publish","type":"post","link":"https:\/\/memurunsesi.net\/index.php\/2025\/05\/03\/miras-meselesi-yuzunden-amcasi-tarafindan-oldurulen-genc-topraga-verildi\/","title":{"rendered":"Miras meselesi y\u00fcz\u00fcnden amcas\u0131 taraf\u0131ndan \u00f6ld\u00fcr\u00fclen gen\u00e7 topra\u011fa verildi"},"content":{"rendered":"<p> Kocaeli&#8217;de miras meselesi sebebiyle amcas\u0131 taraf\u0131ndan pompal\u0131 t\u00fcfekle vurularak \u00f6ld\u00fcr\u00fclen 2 \u00e7ocuk babas\u0131 adam, son yolculu\u011funa u\u011furland\u0131.<br \/>\nOlay, d\u00fcn Kartepe il\u00e7esi Ac\u0131su Mahallesi Ender Sokak&#8217;ta meydana geldi. Edinilen bilgiye g\u00f6re, amca Kenan A., miras davas\u0131 sebebiyle husumeti bulunan ye\u011feni Muhammet A&#8217;n\u0131n (30) evinin \u00f6n\u00fcne gitti. Amca ye\u011fen aras\u0131nda sokakta tart\u0131\u015fma \u00e7\u0131kt\u0131. Tart\u0131\u015fma sonras\u0131nda Muhammet A., arac\u0131na binerek ka\u00e7t\u0131. Kenan A. ye\u011fenini arabayla takip ederek s\u0131k\u0131\u015ft\u0131rd\u0131. Meydana gelen takipte taraflar birbirine \u00e7arparak kaza yapt\u0131. Otomobilinden inen Kenan A., pompal\u0131 t\u00fcfekle ye\u011fenine ate\u015f a\u00e7t\u0131. Muhammet A., hayat\u0131n\u0131 kaybederken, amca g\u00f6zalt\u0131na al\u0131nd\u0131.<br \/>\n  2 \u00e7ocuk babas\u0131 olan Muhammet A&#8217;n\u0131n cenazesi bug\u00fcn ailesi taraf\u0131ndan morgdan teslim al\u0131nd\u0131. Kartepe Ac\u0131su Seyyide Ai\u015fe Camii&#8217;nde k\u0131l\u0131nan cenaze namaz\u0131n\u0131n ard\u0131ndan Muhammed A., ikindi namaz\u0131na m\u00fcteakip Ac\u0131s\u0131 Yavuz Sultan Selim Mezarl\u0131\u011f\u0131na topra\u011fa verildi. <\/p>\n<p>3.05.2025                                 <\/p>\n","protected":false},"excerpt":{"rendered":"<p>Kocaeli&#8217;de miras meselesi sebebiyle amcas\u0131 taraf\u0131ndan pompal\u0131 t\u00fcfekle vurularak \u00f6ld\u00fcr\u00fclen 2 \u00e7ocuk babas\u0131 adam, son yolculu\u011funa u\u011furland\u0131. Olay, d\u00fcn Kartepe il\u00e7esi Ac\u0131su Mahallesi Ender Sokak&#8217;ta meydana geldi. Edinilen bilgiye g\u00f6re, amca Kenan A., miras davas\u0131 sebebiyle husumeti bulunan ye\u011feni Muhammet A&#8217;n\u0131n (30) evinin \u00f6n\u00fcne gitti. Amca ye\u011fen aras\u0131nda sokakta tart\u0131\u015fma \u00e7\u0131kt\u0131. Tart\u0131\u015fma sonras\u0131nda Muhammet A., [&hellip;]<\/p>\n","protected":false},"author":1,"featured_media":6402,"comment_status":"open","ping_status":"open","sticky":false,"template":"","format":"standard","meta":{"footnotes":""},"categories":[50],"tags":[],"class_list":["post-6401","post","type-post","status-publish","format-standard","has-post-thumbnail","hentry","category-tum-haberler"],"yoast_head":"<!-- This site is optimized with the Yoast SEO plugin v27.4 - https:\/\/yoast.com\/product\/yoast-seo-wordpress\/ -->\n<title>Miras meselesi y\u00fcz\u00fcnden amcas\u0131 taraf\u0131ndan \u00f6ld\u00fcr\u00fclen gen\u00e7 topra\u011fa verildi - Memurun Sesi<\/title>\n<meta name=\"robots\" content=\"index, follow, max-snippet:-1, max-image-preview:large, max-video-preview:-1\" \/>\n<link rel=\"canonical\" href=\"https:\/\/memurunsesi.net\/index.php\/2025\/05\/03\/miras-meselesi-yuzunden-amcasi-tarafindan-oldurulen-genc-topraga-verildi\/\" \/>\n<meta property=\"og:locale\" content=\"tr_TR\" \/>\n<meta property=\"og:type\" content=\"article\" \/>\n<meta property=\"og:title\" content=\"Miras meselesi y\u00fcz\u00fcnden amcas\u0131 taraf\u0131ndan \u00f6ld\u00fcr\u00fclen gen\u00e7 topra\u011fa verildi - Memurun Sesi\" \/>\n<meta property=\"og:description\" content=\"Kocaeli&#8217;de miras meselesi sebebiyle amcas\u0131 taraf\u0131ndan pompal\u0131 t\u00fcfekle vurularak \u00f6ld\u00fcr\u00fclen 2 \u00e7ocuk babas\u0131 adam, son yolculu\u011funa u\u011furland\u0131. Olay, d\u00fcn Kartepe il\u00e7esi Ac\u0131su Mahallesi Ender Sokak&#8217;ta meydana geldi. Edinilen bilgiye g\u00f6re, amca Kenan A., miras davas\u0131 sebebiyle husumeti bulunan ye\u011feni Muhammet A&#8217;n\u0131n (30) evinin \u00f6n\u00fcne gitti. Amca ye\u011fen aras\u0131nda sokakta tart\u0131\u015fma \u00e7\u0131kt\u0131. Tart\u0131\u015fma sonras\u0131nda Muhammet A., [&hellip;]\" \/>\n<meta property=\"og:url\" content=\"https:\/\/memurunsesi.net\/index.php\/2025\/05\/03\/miras-meselesi-yuzunden-amcasi-tarafindan-oldurulen-genc-topraga-verildi\/\" \/>\n<meta property=\"og:site_name\" content=\"Memurun Sesi\" \/>\n<meta property=\"article:publisher\" content=\"https:\/\/www.facebook.com\/unipersen\/?locale=tr_TR\" \/>\n<meta property=\"article:published_time\" content=\"2025-05-03T19:07:20+00:00\" \/>\n<meta property=\"og:image\" content=\"https:\/\/memurunsesi.net\/wp-content\/uploads\/2025\/05\/AW446609_01.jpg\" \/>\n\t<meta property=\"og:image:width\" content=\"2048\" \/>\n\t<meta property=\"og:image:height\" content=\"1152\" \/>\n\t<meta property=\"og:image:type\" content=\"image\/jpeg\" \/>\n<meta name=\"author\" content=\"Memurun Sesi Haber Merkezi\" \/>\n<meta name=\"twitter:card\" content=\"summary_large_image\" \/>\n<meta name=\"twitter:creator\" content=\"@unipersen\" \/>\n<meta name=\"twitter:site\" content=\"@unipersen\" \/>\n<meta name=\"twitter:label1\" content=\"Yazan:\" \/>\n\t<meta name=\"twitter:data1\" content=\"Memurun Sesi Haber Merkezi\" \/>\n\t<meta name=\"twitter:label2\" content=\"Tahmini okuma s\u00fcresi\" \/>\n\t<meta name=\"twitter:data2\" content=\"1 dakika\" \/>\n<script type=\"application\/ld+json\" class=\"yoast-schema-graph\">{\"@context\":\"https:\\\/\\\/schema.org\",\"@graph\":[{\"@type\":\"Article\",\"@id\":\"https:\\\/\\\/memurunsesi.net\\\/index.php\\\/2025\\\/05\\\/03\\\/miras-meselesi-yuzunden-amcasi-tarafindan-oldurulen-genc-topraga-verildi\\\/#article\",\"isPartOf\":{\"@id\":\"https:\\\/\\\/memurunsesi.net\\\/index.php\\\/2025\\\/05\\\/03\\\/miras-meselesi-yuzunden-amcasi-tarafindan-oldurulen-genc-topraga-verildi\\\/\"},\"author\":{\"name\":\"Memurun Sesi Haber Merkezi\",\"@id\":\"https:\\\/\\\/memurunsesi.net\\\/#\\\/schema\\\/person\\\/f21c2d73b89f6ee1d80b0a1803e38587\"},\"headline\":\"Miras meselesi y\u00fcz\u00fcnden amcas\u0131 taraf\u0131ndan \u00f6ld\u00fcr\u00fclen gen\u00e7 topra\u011fa verildi\",\"datePublished\":\"2025-05-03T19:07:20+00:00\",\"mainEntityOfPage\":{\"@id\":\"https:\\\/\\\/memurunsesi.net\\\/index.php\\\/2025\\\/05\\\/03\\\/miras-meselesi-yuzunden-amcasi-tarafindan-oldurulen-genc-topraga-verildi\\\/\"},\"wordCount\":187,\"commentCount\":0,\"publisher\":{\"@id\":\"https:\\\/\\\/memurunsesi.net\\\/#organization\"},\"image\":{\"@id\":\"https:\\\/\\\/memurunsesi.net\\\/index.php\\\/2025\\\/05\\\/03\\\/miras-meselesi-yuzunden-amcasi-tarafindan-oldurulen-genc-topraga-verildi\\\/#primaryimage\"},\"thumbnailUrl\":\"https:\\\/\\\/memurunsesi.net\\\/wp-content\\\/uploads\\\/2025\\\/05\\\/AW446609_01.jpg\",\"articleSection\":[\"T\u00fcm Haberler\"],\"inLanguage\":\"tr\",\"potentialAction\":[{\"@type\":\"CommentAction\",\"name\":\"Comment\",\"target\":[\"https:\\\/\\\/memurunsesi.net\\\/index.php\\\/2025\\\/05\\\/03\\\/miras-meselesi-yuzunden-amcasi-tarafindan-oldurulen-genc-topraga-verildi\\\/#respond\"]}]},{\"@type\":\"WebPage\",\"@id\":\"https:\\\/\\\/memurunsesi.net\\\/index.php\\\/2025\\\/05\\\/03\\\/miras-meselesi-yuzunden-amcasi-tarafindan-oldurulen-genc-topraga-verildi\\\/\",\"url\":\"https:\\\/\\\/memurunsesi.net\\\/index.php\\\/2025\\\/05\\\/03\\\/miras-meselesi-yuzunden-amcasi-tarafindan-oldurulen-genc-topraga-verildi\\\/\",\"name\":\"Miras meselesi y\u00fcz\u00fcnden amcas\u0131 taraf\u0131ndan \u00f6ld\u00fcr\u00fclen gen\u00e7 topra\u011fa verildi - Memurun Sesi\",\"isPartOf\":{\"@id\":\"https:\\\/\\\/memurunsesi.net\\\/#website\"},\"primaryImageOfPage\":{\"@id\":\"https:\\\/\\\/memurunsesi.net\\\/index.php\\\/2025\\\/05\\\/03\\\/miras-meselesi-yuzunden-amcasi-tarafindan-oldurulen-genc-topraga-verildi\\\/#primaryimage\"},\"image\":{\"@id\":\"https:\\\/\\\/memurunsesi.net\\\/index.php\\\/2025\\\/05\\\/03\\\/miras-meselesi-yuzunden-amcasi-tarafindan-oldurulen-genc-topraga-verildi\\\/#primaryimage\"},\"thumbnailUrl\":\"https:\\\/\\\/memurunsesi.net\\\/wp-content\\\/uploads\\\/2025\\\/05\\\/AW446609_01.jpg\",\"datePublished\":\"2025-05-03T19:07:20+00:00\",\"breadcrumb\":{\"@id\":\"https:\\\/\\\/memurunsesi.net\\\/index.php\\\/2025\\\/05\\\/03\\\/miras-meselesi-yuzunden-amcasi-tarafindan-oldurulen-genc-topraga-verildi\\\/#breadcrumb\"},\"inLanguage\":\"tr\",\"potentialAction\":[{\"@type\":\"ReadAction\",\"target\":[\"https:\\\/\\\/memurunsesi.net\\\/index.php\\\/2025\\\/05\\\/03\\\/miras-meselesi-yuzunden-amcasi-tarafindan-oldurulen-genc-topraga-verildi\\\/\"]}]},{\"@type\":\"ImageObject\",\"inLanguage\":\"tr\",\"@id\":\"https:\\\/\\\/memurunsesi.net\\\/index.php\\\/2025\\\/05\\\/03\\\/miras-meselesi-yuzunden-amcasi-tarafindan-oldurulen-genc-topraga-verildi\\\/#primaryimage\",\"url\":\"https:\\\/\\\/memurunsesi.net\\\/wp-content\\\/uploads\\\/2025\\\/05\\\/AW446609_01.jpg\",\"contentUrl\":\"https:\\\/\\\/memurunsesi.net\\\/wp-content\\\/uploads\\\/2025\\\/05\\\/AW446609_01.jpg\",\"width\":2048,\"height\":1152,\"caption\":\"KOCAEL\u0130'DE M\u0130RAS DAVASI SEBEB\u0130YLE HUSUMET\u0130 BULUNAN AMCASI TARAFINDAN POMPALI T\u00dcFEKLE VURULARAK \u00d6LD\u00dcR\u00dcLEN 2 \u00c7OCUK BABASI ADAM, BUG\u00dcN SON YOLCULU\u011eUNA U\u011eURLANDI. (C\u0130HAN AT\u0130K\\\/KOCAEL\u0130-\u0130HA) Kocaeli'de miras meselesi sebebiyle amcas\u0131 taraf\u0131ndan pompal\u0131 t\u00fcfekle vurularak \u00f6ld\u00fcr\u00fclen 2 \u00e7ocuk babas\u0131 adam, son yolculu\u011funa u\u011furland\u0131.\"},{\"@type\":\"BreadcrumbList\",\"@id\":\"https:\\\/\\\/memurunsesi.net\\\/index.php\\\/2025\\\/05\\\/03\\\/miras-meselesi-yuzunden-amcasi-tarafindan-oldurulen-genc-topraga-verildi\\\/#breadcrumb\",\"itemListElement\":[{\"@type\":\"ListItem\",\"position\":1,\"name\":\"Anasayfa\",\"item\":\"https:\\\/\\\/memurunsesi.net\\\/\"},{\"@type\":\"ListItem\",\"position\":2,\"name\":\"Miras meselesi y\u00fcz\u00fcnden amcas\u0131 taraf\u0131ndan \u00f6ld\u00fcr\u00fclen gen\u00e7 topra\u011fa verildi\"}]},{\"@type\":\"WebSite\",\"@id\":\"https:\\\/\\\/memurunsesi.net\\\/#website\",\"url\":\"https:\\\/\\\/memurunsesi.net\\\/\",\"name\":\"Memurun Sesi\",\"description\":\"G\u00fcncel ve Do\u011fru Haber\",\"publisher\":{\"@id\":\"https:\\\/\\\/memurunsesi.net\\\/#organization\"},\"potentialAction\":[{\"@type\":\"SearchAction\",\"target\":{\"@type\":\"EntryPoint\",\"urlTemplate\":\"https:\\\/\\\/memurunsesi.net\\\/?s={search_term_string}\"},\"query-input\":{\"@type\":\"PropertyValueSpecification\",\"valueRequired\":true,\"valueName\":\"search_term_string\"}}],\"inLanguage\":\"tr\"},{\"@type\":\"Organization\",\"@id\":\"https:\\\/\\\/memurunsesi.net\\\/#organization\",\"name\":\"Memurun Sesi\",\"url\":\"https:\\\/\\\/memurunsesi.net\\\/\",\"logo\":{\"@type\":\"ImageObject\",\"inLanguage\":\"tr\",\"@id\":\"https:\\\/\\\/memurunsesi.net\\\/#\\\/schema\\\/logo\\\/image\\\/\",\"url\":\"https:\\\/\\\/memurunsesi.net\\\/wp-content\\\/uploads\\\/2025\\\/11\\\/cropped-MEMURUN-SESI.png\",\"contentUrl\":\"https:\\\/\\\/memurunsesi.net\\\/wp-content\\\/uploads\\\/2025\\\/11\\\/cropped-MEMURUN-SESI.png\",\"width\":238,\"height\":57,\"caption\":\"Memurun Sesi\"},\"image\":{\"@id\":\"https:\\\/\\\/memurunsesi.net\\\/#\\\/schema\\\/logo\\\/image\\\/\"},\"sameAs\":[\"https:\\\/\\\/www.facebook.com\\\/unipersen\\\/?locale=tr_TR\",\"https:\\\/\\\/x.com\\\/unipersen\"]},{\"@type\":\"Person\",\"@id\":\"https:\\\/\\\/memurunsesi.net\\\/#\\\/schema\\\/person\\\/f21c2d73b89f6ee1d80b0a1803e38587\",\"name\":\"Memurun Sesi Haber Merkezi\",\"image\":{\"@type\":\"ImageObject\",\"inLanguage\":\"tr\",\"@id\":\"https:\\\/\\\/secure.gravatar.com\\\/avatar\\\/6cf0505f452ee753f485014986fab09a434671d2b919ee76fc541025c5876a70?s=96&d=mm&r=g\",\"url\":\"https:\\\/\\\/secure.gravatar.com\\\/avatar\\\/6cf0505f452ee753f485014986fab09a434671d2b919ee76fc541025c5876a70?s=96&d=mm&r=g\",\"contentUrl\":\"https:\\\/\\\/secure.gravatar.com\\\/avatar\\\/6cf0505f452ee753f485014986fab09a434671d2b919ee76fc541025c5876a70?s=96&d=mm&r=g\",\"caption\":\"Memurun Sesi Haber Merkezi\"},\"sameAs\":[\"https:\\\/\\\/memurunsesi.net\"],\"url\":\"https:\\\/\\\/memurunsesi.net\\\/index.php\\\/author\\\/uniper\\\/\"}]}<\/script>\n<!-- \/ Yoast SEO plugin. -->","yoast_head_json":{"title":"Miras meselesi y\u00fcz\u00fcnden amcas\u0131 taraf\u0131ndan \u00f6ld\u00fcr\u00fclen gen\u00e7 topra\u011fa verildi - Memurun Sesi","robots":{"index":"index","follow":"follow","max-snippet":"max-snippet:-1","max-image-preview":"max-image-preview:large","max-video-preview":"max-video-preview:-1"},"canonical":"https:\/\/memurunsesi.net\/index.php\/2025\/05\/03\/miras-meselesi-yuzunden-amcasi-tarafindan-oldurulen-genc-topraga-verildi\/","og_locale":"tr_TR","og_type":"article","og_title":"Miras meselesi y\u00fcz\u00fcnden amcas\u0131 taraf\u0131ndan \u00f6ld\u00fcr\u00fclen gen\u00e7 topra\u011fa verildi - Memurun Sesi","og_description":"Kocaeli&#8217;de miras meselesi sebebiyle amcas\u0131 taraf\u0131ndan pompal\u0131 t\u00fcfekle vurularak \u00f6ld\u00fcr\u00fclen 2 \u00e7ocuk babas\u0131 adam, son yolculu\u011funa u\u011furland\u0131. Olay, d\u00fcn Kartepe il\u00e7esi Ac\u0131su Mahallesi Ender Sokak&#8217;ta meydana geldi. Edinilen bilgiye g\u00f6re, amca Kenan A., miras davas\u0131 sebebiyle husumeti bulunan ye\u011feni Muhammet A&#8217;n\u0131n (30) evinin \u00f6n\u00fcne gitti. Amca ye\u011fen aras\u0131nda sokakta tart\u0131\u015fma \u00e7\u0131kt\u0131. Tart\u0131\u015fma sonras\u0131nda Muhammet A., [&hellip;]","og_url":"https:\/\/memurunsesi.net\/index.php\/2025\/05\/03\/miras-meselesi-yuzunden-amcasi-tarafindan-oldurulen-genc-topraga-verildi\/","og_site_name":"Memurun Sesi","article_publisher":"https:\/\/www.facebook.com\/unipersen\/?locale=tr_TR","article_published_time":"2025-05-03T19:07:20+00:00","og_image":[{"width":2048,"height":1152,"url":"https:\/\/memurunsesi.net\/wp-content\/uploads\/2025\/05\/AW446609_01.jpg","type":"image\/jpeg"}],"author":"Memurun Sesi Haber Merkezi","twitter_card":"summary_large_image","twitter_creator":"@unipersen","twitter_site":"@unipersen","twitter_misc":{"Yazan:":"Memurun Sesi Haber Merkezi","Tahmini okuma s\u00fcresi":"1 dakika"},"schema":{"@context":"https:\/\/schema.org","@graph":[{"@type":"Article","@id":"https:\/\/memurunsesi.net\/index.php\/2025\/05\/03\/miras-meselesi-yuzunden-amcasi-tarafindan-oldurulen-genc-topraga-verildi\/#article","isPartOf":{"@id":"https:\/\/memurunsesi.net\/index.php\/2025\/05\/03\/miras-meselesi-yuzunden-amcasi-tarafindan-oldurulen-genc-topraga-verildi\/"},"author":{"name":"Memurun Sesi Haber Merkezi","@id":"https:\/\/memurunsesi.net\/#\/schema\/person\/f21c2d73b89f6ee1d80b0a1803e38587"},"headline":"Miras meselesi y\u00fcz\u00fcnden amcas\u0131 taraf\u0131ndan \u00f6ld\u00fcr\u00fclen gen\u00e7 topra\u011fa verildi","datePublished":"2025-05-03T19:07:20+00:00","mainEntityOfPage":{"@id":"https:\/\/memurunsesi.net\/index.php\/2025\/05\/03\/miras-meselesi-yuzunden-amcasi-tarafindan-oldurulen-genc-topraga-verildi\/"},"wordCount":187,"commentCount":0,"publisher":{"@id":"https:\/\/memurunsesi.net\/#organization"},"image":{"@id":"https:\/\/memurunsesi.net\/index.php\/2025\/05\/03\/miras-meselesi-yuzunden-amcasi-tarafindan-oldurulen-genc-topraga-verildi\/#primaryimage"},"thumbnailUrl":"https:\/\/memurunsesi.net\/wp-content\/uploads\/2025\/05\/AW446609_01.jpg","articleSection":["T\u00fcm Haberler"],"inLanguage":"tr","potentialAction":[{"@type":"CommentAction","name":"Comment","target":["https:\/\/memurunsesi.net\/index.php\/2025\/05\/03\/miras-meselesi-yuzunden-amcasi-tarafindan-oldurulen-genc-topraga-verildi\/#respond"]}]},{"@type":"WebPage","@id":"https:\/\/memurunsesi.net\/index.php\/2025\/05\/03\/miras-meselesi-yuzunden-amcasi-tarafindan-oldurulen-genc-topraga-verildi\/","url":"https:\/\/memurunsesi.net\/index.php\/2025\/05\/03\/miras-meselesi-yuzunden-amcasi-tarafindan-oldurulen-genc-topraga-verildi\/","name":"Miras meselesi y\u00fcz\u00fcnden amcas\u0131 taraf\u0131ndan \u00f6ld\u00fcr\u00fclen gen\u00e7 topra\u011fa verildi - Memurun Sesi","isPartOf":{"@id":"https:\/\/memurunsesi.net\/#website"},"primaryImageOfPage":{"@id":"https:\/\/memurunsesi.net\/index.php\/2025\/05\/03\/miras-meselesi-yuzunden-amcasi-tarafindan-oldurulen-genc-topraga-verildi\/#primaryimage"},"image":{"@id":"https:\/\/memurunsesi.net\/index.php\/2025\/05\/03\/miras-meselesi-yuzunden-amcasi-tarafindan-oldurulen-genc-topraga-verildi\/#primaryimage"},"thumbnailUrl":"https:\/\/memurunsesi.net\/wp-content\/uploads\/2025\/05\/AW446609_01.jpg","datePublished":"2025-05-03T19:07:20+00:00","breadcrumb":{"@id":"https:\/\/memurunsesi.net\/index.php\/2025\/05\/03\/miras-meselesi-yuzunden-amcasi-tarafindan-oldurulen-genc-topraga-verildi\/#breadcrumb"},"inLanguage":"tr","potentialAction":[{"@type":"ReadAction","target":["https:\/\/memurunsesi.net\/index.php\/2025\/05\/03\/miras-meselesi-yuzunden-amcasi-tarafindan-oldurulen-genc-topraga-verildi\/"]}]},{"@type":"ImageObject","inLanguage":"tr","@id":"https:\/\/memurunsesi.net\/index.php\/2025\/05\/03\/miras-meselesi-yuzunden-amcasi-tarafindan-oldurulen-genc-topraga-verildi\/#primaryimage","url":"https:\/\/memurunsesi.net\/wp-content\/uploads\/2025\/05\/AW446609_01.jpg","contentUrl":"https:\/\/memurunsesi.net\/wp-content\/uploads\/2025\/05\/AW446609_01.jpg","width":2048,"height":1152,"caption":"KOCAEL\u0130'DE M\u0130RAS DAVASI SEBEB\u0130YLE HUSUMET\u0130 BULUNAN AMCASI TARAFINDAN POMPALI T\u00dcFEKLE VURULARAK \u00d6LD\u00dcR\u00dcLEN 2 \u00c7OCUK BABASI ADAM, BUG\u00dcN SON YOLCULU\u011eUNA U\u011eURLANDI. (C\u0130HAN AT\u0130K\/KOCAEL\u0130-\u0130HA) Kocaeli'de miras meselesi sebebiyle amcas\u0131 taraf\u0131ndan pompal\u0131 t\u00fcfekle vurularak \u00f6ld\u00fcr\u00fclen 2 \u00e7ocuk babas\u0131 adam, son yolculu\u011funa u\u011furland\u0131."},{"@type":"BreadcrumbList","@id":"https:\/\/memurunsesi.net\/index.php\/2025\/05\/03\/miras-meselesi-yuzunden-amcasi-tarafindan-oldurulen-genc-topraga-verildi\/#breadcrumb","itemListElement":[{"@type":"ListItem","position":1,"name":"Anasayfa","item":"https:\/\/memurunsesi.net\/"},{"@type":"ListItem","position":2,"name":"Miras meselesi y\u00fcz\u00fcnden amcas\u0131 taraf\u0131ndan \u00f6ld\u00fcr\u00fclen gen\u00e7 topra\u011fa verildi"}]},{"@type":"WebSite","@id":"https:\/\/memurunsesi.net\/#website","url":"https:\/\/memurunsesi.net\/","name":"Memurun Sesi","description":"G\u00fcncel ve Do\u011fru Haber","publisher":{"@id":"https:\/\/memurunsesi.net\/#organization"},"potentialAction":[{"@type":"SearchAction","target":{"@type":"EntryPoint","urlTemplate":"https:\/\/memurunsesi.net\/?s={search_term_string}"},"query-input":{"@type":"PropertyValueSpecification","valueRequired":true,"valueName":"search_term_string"}}],"inLanguage":"tr"},{"@type":"Organization","@id":"https:\/\/memurunsesi.net\/#organization","name":"Memurun Sesi","url":"https:\/\/memurunsesi.net\/","logo":{"@type":"ImageObject","inLanguage":"tr","@id":"https:\/\/memurunsesi.net\/#\/schema\/logo\/image\/","url":"https:\/\/memurunsesi.net\/wp-content\/uploads\/2025\/11\/cropped-MEMURUN-SESI.png","contentUrl":"https:\/\/memurunsesi.net\/wp-content\/uploads\/2025\/11\/cropped-MEMURUN-SESI.png","width":238,"height":57,"caption":"Memurun Sesi"},"image":{"@id":"https:\/\/memurunsesi.net\/#\/schema\/logo\/image\/"},"sameAs":["https:\/\/www.facebook.com\/unipersen\/?locale=tr_TR","https:\/\/x.com\/unipersen"]},{"@type":"Person","@id":"https:\/\/memurunsesi.net\/#\/schema\/person\/f21c2d73b89f6ee1d80b0a1803e38587","name":"Memurun Sesi Haber Merkezi","image":{"@type":"ImageObject","inLanguage":"tr","@id":"https:\/\/secure.gravatar.com\/avatar\/6cf0505f452ee753f485014986fab09a434671d2b919ee76fc541025c5876a70?s=96&d=mm&r=g","url":"https:\/\/secure.gravatar.com\/avatar\/6cf0505f452ee753f485014986fab09a434671d2b919ee76fc541025c5876a70?s=96&d=mm&r=g","contentUrl":"https:\/\/secure.gravatar.com\/avatar\/6cf0505f452ee753f485014986fab09a434671d2b919ee76fc541025c5876a70?s=96&d=mm&r=g","caption":"Memurun Sesi Haber Merkezi"},"sameAs":["https:\/\/memurunsesi.net"],"url":"https:\/\/memurunsesi.net\/index.php\/author\/uniper\/"}]}},"_links":{"self":[{"href":"https:\/\/memurunsesi.net\/index.php\/wp-json\/wp\/v2\/posts\/6401","targetHints":{"allow":["GET"]}}],"collection":[{"href":"https:\/\/memurunsesi.net\/index.php\/wp-json\/wp\/v2\/posts"}],"about":[{"href":"https:\/\/memurunsesi.net\/index.php\/wp-json\/wp\/v2\/types\/post"}],"author":[{"embeddable":true,"href":"https:\/\/memurunsesi.net\/index.php\/wp-json\/wp\/v2\/users\/1"}],"replies":[{"embeddable":true,"href":"https:\/\/memurunsesi.net\/index.php\/wp-json\/wp\/v2\/comments?post=6401"}],"version-history":[{"count":1,"href":"https:\/\/memurunsesi.net\/index.php\/wp-json\/wp\/v2\/posts\/6401\/revisions"}],"predecessor-version":[{"id":6403,"href":"https:\/\/memurunsesi.net\/index.php\/wp-json\/wp\/v2\/posts\/6401\/revisions\/6403"}],"wp:featuredmedia":[{"embeddable":true,"href":"https:\/\/memurunsesi.net\/index.php\/wp-json\/wp\/v2\/media\/6402"}],"wp:attachment":[{"href":"https:\/\/memurunsesi.net\/index.php\/wp-json\/wp\/v2\/media?parent=6401"}],"wp:term":[{"taxonomy":"category","embeddable":true,"href":"https:\/\/memurunsesi.net\/index.php\/wp-json\/wp\/v2\/categories?post=6401"},{"taxonomy":"post_tag","embeddable":true,"href":"https:\/\/memurunsesi.net\/index.php\/wp-json\/wp\/v2\/tags?post=6401"}],"curies":[{"name":"wp","href":"https:\/\/api.w.org\/{rel}","templated":true}]}}