{"id":6407,"date":"2025-05-03T22:10:40","date_gmt":"2025-05-03T19:10:40","guid":{"rendered":"https:\/\/memurunsesi.net\/?p=6407"},"modified":"2025-05-03T22:10:40","modified_gmt":"2025-05-03T19:10:40","slug":"cumhurbaskani-yardimcisi-yilmaz-terorsuz-turkiye-turkiye-yuzyili-vizyonunun-somut-bir-yansimasi","status":"publish","type":"post","link":"https:\/\/memurunsesi.net\/index.php\/2025\/05\/03\/cumhurbaskani-yardimcisi-yilmaz-terorsuz-turkiye-turkiye-yuzyili-vizyonunun-somut-bir-yansimasi\/","title":{"rendered":"Cumhurba\u015fkan\u0131 Yard\u0131mc\u0131s\u0131 Y\u0131lmaz: &#8220;Ter\u00f6rs\u00fcz T\u00fcrkiye, T\u00fcrkiye Y\u00fczy\u0131l\u0131 vizyonunun somut bir yans\u0131mas\u0131&#8221;"},"content":{"rendered":"<p>  &#8211; Cumhurba\u015fkan\u0131 Yard\u0131mc\u0131s\u0131 Cevdet Y\u0131lmaz, K\u0130S\u0130AD\u2019\u0131n yeni dernek binas\u0131 a\u00e7\u0131l\u0131\u015f t\u00f6renine kat\u0131ld\u0131   <\/p>\n<p> Cumhurba\u015fkan\u0131 Yard\u0131mc\u0131s\u0131 Cevdet Y\u0131lmaz, &#8220;Beklentimiz ter\u00f6r \u00f6rg\u00fct\u00fcn\u00fcn kendi i\u00e7inde fesih karar\u0131n\u0131 ortaya koymas\u0131 ve daha sonras\u0131nda da silahlar\u0131n ortadan kalkt\u0131\u011f\u0131, illegal faaliyetlerin ortadan kalkt\u0131\u011f\u0131 bir ortamda herkesin demokrasi i\u00e7inde, d\u00fc\u015f\u00fcncelerini fikirlerini ortaya koyduklar\u0131, demokratik siyasetin g\u00fc\u00e7lendi\u011fi bir ortam\u0131n \u00fclkemizde k\u00f6kle\u015fmesi. Bu y\u00f6nde de olduk\u00e7a \u00f6nemli geli\u015fmeler var. Cumhurba\u015fkan\u0131m\u0131z\u0131n T\u00fcrkiye Y\u00fczy\u0131l\u0131 vizyonu as\u0131l \u00e7er\u00e7evemizi olu\u015fturuyor. Ter\u00f6rs\u00fcz T\u00fcrkiye asl\u0131nda bu T\u00fcrkiye Y\u00fczy\u0131l\u0131 vizyonunun somut bir yans\u0131mas\u0131&#8221; dedi.<br \/>\n  Cumhurba\u015fkan\u0131 Yard\u0131mc\u0131s\u0131 Cevdet Y\u0131lmaz, \u00dcmraniye\u2019de K\u00fc\u00e7\u00fcksu Caddesi \u00fczerinde d\u00fczenlenen Ki\u011f\u0131 Sanayici ve \u0130\u015f Adamlar\u0131 Derne\u011finin (K\u0130S\u0130AD) yeni dernek binas\u0131 a\u00e7\u0131l\u0131\u015f t\u00f6renine kat\u0131ld\u0131. Y\u0131lmaz a\u00e7\u0131l\u0131\u015fta yapt\u0131\u011f\u0131 konu\u015fmada T\u00fcrkiye\u2019nin ve d\u00fcnyan\u0131n siyaset g\u00fcndemi hakk\u0131nda a\u00e7\u0131klamalarda bulundu. <\/p>\n<p>  &#8220;Ter\u00f6rs\u00fcz T\u00fcrkiye asl\u0131nda T\u00fcrkiye Y\u00fczy\u0131l\u0131 vizyonunun somut bir yans\u0131mas\u0131&#8221;<br \/>\n  Y\u0131lmaz, &#8220;Ter\u00f6r kimden gelirse gelsin, hangi isim alt\u0131nda yap\u0131l\u0131rsa yap\u0131ls\u0131n, ister bir etnik kimli\u011fi istismar ederek ister bir inanc\u0131 istismar ederek, ter\u00f6r kalk\u0131nman\u0131n da demokrasinin de d\u00fc\u015fman\u0131d\u0131r. Ter\u00f6r\u00fcn oldu\u011fu yerde ne bir yat\u0131r\u0131m ortam\u0131 olur ne de insanlar temel hak ve \u00f6zg\u00fcrl\u00fcklerini istedikleri gibi ya\u015fayabilirler. Dolay\u0131s\u0131yla bug\u00fcn Do\u011fu G\u00fcneydo\u011fu son derece huzurlu. Bing\u00f6l&#8217;\u00fcn da\u011f k\u00f6ylerine gece yar\u0131s\u0131 istedi\u011finiz saatte gidip gelebilirsiniz art\u0131k. \u0130n\u015fallah \u2018ter\u00f6rs\u00fcz T\u00fcrkiye\u2019 diyoruz. Bu s\u00fcrecin tamamlanmas\u0131yla birlikte k\u00f6kl\u00fc bir \u015fekilde bu sorun \u00fclkemizin g\u00fcndeminden kalkacak. Ter\u00f6rs\u00fcz T\u00fcrkiye\u2019de  hem demokrasi hem kalk\u0131nma yeni bir atmosfere kavu\u015facak. \u00c7ok daha h\u0131zl\u0131 ve \u00e7ok daha etkili bir \u015fekilde standartlar\u0131m\u0131z\u0131 y\u00fckseltmi\u015f olaca\u011f\u0131z. Bu noktada ter\u00f6r \u00f6rg\u00fct\u00fcn\u00fcn kurucusu biliyorsunuz \u00f6rg\u00fcte \u2018kendinizi feshedin\u2019 \u00e7a\u011fr\u0131s\u0131 yapm\u0131\u015ft\u0131. \u015eimdi beklentimiz ter\u00f6r \u00f6rg\u00fct\u00fcn\u00fcn kendi i\u00e7inde bu fesih karar\u0131n\u0131 ortaya koymas\u0131 ve daha sonras\u0131nda da silahlar\u0131n ortadan  kalkt\u0131\u011f\u0131, illegal faaliyetlerin ortadan kalkt\u0131\u011f\u0131 bir ortamda herkesin demokrasi i\u00e7inde, d\u00fc\u015f\u00fcncelerini fikirlerini  ortaya koyduklar\u0131, demokratik siyasetin g\u00fc\u00e7lendi\u011fi bir ortam\u0131n \u00fclkemizde k\u00f6kle\u015fmesi. Bu y\u00f6nde de olduk\u00e7a \u00f6nemli geli\u015fmeler var. Cumhurba\u015fkan\u0131m\u0131z\u0131n T\u00fcrkiye Y\u00fczy\u0131l\u0131 Vizyonu as\u0131l \u00e7er\u00e7evemizi olu\u015fturuyor. \u2018T\u00fcrkiye Y\u00fczy\u0131l\u0131 karde\u015fli\u011fin ve huzurun y\u00fczy\u0131l\u0131 olacak\u2019 diyor Cumhurba\u015fkan\u0131m\u0131z. Ter\u00f6rs\u00fcz T\u00fcrkiye asl\u0131nda bu T\u00fcrkiye Y\u00fczy\u0131l\u0131 vizyonunun somut bir yans\u0131mas\u0131. Devlet Bah\u00e7eli&#8217;nin yapt\u0131\u011f\u0131 tarihi \u00e7a\u011fr\u0131 ve bu s\u00fcrece olan deste\u011fi \u00e7ok \u00f6nemli. \u0130n\u015fallah b\u00fct\u00fcn bu s\u00fcre\u00e7ler tamamland\u0131\u011f\u0131nda T\u00fcrkiye k\u00f6kl\u00fc bir \u015fekilde hem i\u00e7 cephesini g\u00fc\u00e7lendirmi\u015f olacak, milli birli\u011fini dayan\u0131\u015fmas\u0131n\u0131 karde\u015fli\u011fini g\u00fc\u00e7lendirmi\u015f olacak, hem de demokratik standartlar\u0131n\u0131, kalk\u0131nma standartlar\u0131n\u0131 \u00e7ok daha ileri bir seviyeye ta\u015f\u0131yacak&#8221; dedi. <\/p>\n<p>  &#8220;Son d\u00f6nemlerde finansal piyasalarda ya\u015fad\u0131\u011f\u0131m\u0131z baz\u0131 hareketler \u00f6nemli oranda Trump etkisiyle a\u00e7\u0131klanabilir&#8221;<br \/>\n  &#8220;D\u00fcnyada ticaret sava\u015flar\u0131 s\u00f6z konusu. Bu da b\u00fct\u00fcn geli\u015fmekte olan \u00fclkeleri etkiliyor&#8221; diyerek s\u00f6zlerine devam eden Y\u0131lmaz, &#8220;D\u00fcnyada bir belirsizlik olu\u015fmu\u015f durumda, bir m\u00fczakere s\u00fcreci ba\u015flad\u0131. Bu s\u00fcrecin sonu\u00e7lar\u0131 ne olacak kimse bug\u00fcnden net bir \u015fey s\u00f6yleyemiyor. \u00d6zellikle \u00c7in ile Amerika ve Avrupa Birli\u011fi ile Amerika aras\u0131ndaki m\u00fczakereler t\u00fcm d\u00fcnyay\u0131 ilgilendiriyor. Bu bir belirsizlik olu\u015fturmu\u015f durumda bu da geli\u015fmekte olan t\u00fcm \u00fclkeler a\u00e7\u0131s\u0131ndan finansal riskleri bir miktar art\u0131rd\u0131. Ama bunun ge\u00e7ici bir durum oldu\u011funa inan\u0131yoruz. Bir s\u00fcre sonra d\u00fcnyada da bu dengeler oturduk\u00e7a \u00f6ng\u00f6r\u00fclebilirlik artt\u0131k\u00e7a bu riskler kendili\u011finden a\u015fa\u011f\u0131ya do\u011fru inecektir. Son d\u00f6nemlerde finansal piyasalarda ya\u015fad\u0131\u011f\u0131m\u0131z baz\u0131 hareketler, y\u00fckselen riskler \u00f6nemli oranda Trump etkisiyle a\u00e7\u0131klanabilir. Bu sadece T\u00fcrkiye&#8217;ye \u00f6zg\u00fc bir durum de\u011fil. T\u00fcrkiye g\u00fc\u00e7l\u00fc liderli\u011fi ile, \u00f6ng\u00f6r\u00fclebilirlik sa\u011flayan program\u0131 ile, g\u00fc\u00e7l\u00fc ekonomi y\u00f6netimi ile di\u011fer \u00fclkelere g\u00f6re nispeten daha avantajl\u0131 bir konumda. \u0130n\u015fallah bu s\u00fcre\u00e7lerden de tehditlere kar\u015f\u0131 tedbir alarak f\u0131rsatlar\u0131 de\u011ferlendirerek \u00fclkemizin ekonomisini daha iyi noktaya ta\u015f\u0131yaca\u011f\u0131z. Enflasyonla b\u00fcy\u00fck bir m\u00fccadelemiz var. Bir program uyguluyoruz bu program\u0131 da kararl\u0131l\u0131kla uygulamaya devam edece\u011fiz. Ge\u00e7en y\u0131l may\u0131s ay\u0131nda y\u00fczde 75&#8217;in \u00fczerinde bir oran vard\u0131. Son geldi\u011fimiz noktada enflasyon oran\u0131m\u0131z y\u00fczde 38&#8217;lere kadar d\u00fc\u015fm\u00fc\u015f durumda. Y\u0131l sonuna geldi\u011fimizde in\u015fallah art\u0131k 20&#8217;li rakamlar\u0131, 20 ile 30 aras\u0131ndaki rakamlar\u0131 konu\u015fuyor olaca\u011f\u0131z. Giderek tek haneli rakamlara do\u011fru \u00fclkemizi ta\u015f\u0131yaca\u011f\u0131z. Kontrol\u00fcm\u00fcz d\u0131\u015f\u0131nda ge\u00e7ici baz\u0131 etkiler olabilir, ama \u00f6nemli olan sizin program\u0131n\u0131zd\u0131r. Bir program\u0131n\u0131z varsa, nereye gitmek istedi\u011finizi biliyorsan\u0131z bu olumlu veya olumsuz, d\u0131\u015far\u0131dan gelen etkiler bir s\u00fcre sonra etkisini kaybedecektir. Aslolan programd\u0131r, program\u0131n\u0131z\u0131n istikametidir. \u0130stikametiniz do\u011fruysa o y\u00f6nde ilerliyorsan\u0131z di\u011fer etkileri y\u00f6netirsiniz, zaman i\u00e7inde ta\u015flar yerine oturur. Trump&#8217;\u0131n, bu ticaret sava\u015flar\u0131n\u0131n  T\u00fcrkiye a\u00e7\u0131s\u0131ndan olumlu bir etkisi de var. \u015eu anda d\u00fcnya ticaret b\u00fcy\u00fcmesi tahminleri a\u015fa\u011f\u0131 do\u011fru \u00e7ekiliyor. Bu da petrol ba\u015fta olmak \u00fczere emtia fiyatlar\u0131n\u0131 a\u015fa\u011f\u0131 do\u011fru bask\u0131l\u0131yor. T\u00fcrkiye petrol ithal eden, emtia ithal eden bir \u00fclke olarak bundan istifade edecek. \u00d6zellikle bunun hem rekabet g\u00fcc\u00fcm\u00fcze hem de dezenflasyon politikalar\u0131m\u0131za olumlu y\u00f6nde tesiri olaca\u011f\u0131n\u0131 g\u00f6r\u00fcyoruz&#8221; \u015feklinde konu\u015ftu.<br \/>\n  A\u00e7\u0131l\u0131\u015fa Cevdet Y\u0131lmaz\u2019\u0131n yan\u0131 s\u0131ra Ula\u015ft\u0131rma ve Altyap\u0131 Bakan Yard\u0131mc\u0131s\u0131 Osman Boyraz, \u0130stanbul Valisi Davut G\u00fcl, \u00dcmraniye Belediye Ba\u015fkan\u0131 \u0130smet Y\u0131ld\u0131r\u0131m da kat\u0131ld\u0131. <\/p>\n<p>3.05.2025                               <\/p>\n","protected":false},"excerpt":{"rendered":"<p>&#8211; Cumhurba\u015fkan\u0131 Yard\u0131mc\u0131s\u0131 Cevdet Y\u0131lmaz, K\u0130S\u0130AD\u2019\u0131n yeni dernek binas\u0131 a\u00e7\u0131l\u0131\u015f t\u00f6renine kat\u0131ld\u0131 Cumhurba\u015fkan\u0131 Yard\u0131mc\u0131s\u0131 Cevdet Y\u0131lmaz, &#8220;Beklentimiz ter\u00f6r \u00f6rg\u00fct\u00fcn\u00fcn kendi i\u00e7inde fesih karar\u0131n\u0131 ortaya koymas\u0131 ve daha sonras\u0131nda da silahlar\u0131n ortadan kalkt\u0131\u011f\u0131, illegal faaliyetlerin ortadan kalkt\u0131\u011f\u0131 bir ortamda herkesin demokrasi i\u00e7inde, d\u00fc\u015f\u00fcncelerini fikirlerini ortaya koyduklar\u0131, demokratik siyasetin g\u00fc\u00e7lendi\u011fi bir ortam\u0131n \u00fclkemizde k\u00f6kle\u015fmesi. Bu y\u00f6nde de [&hellip;]<\/p>\n","protected":false},"author":1,"featured_media":6408,"comment_status":"open","ping_status":"open","sticky":false,"template":"","format":"standard","meta":{"footnotes":""},"categories":[1],"tags":[],"class_list":["post-6407","post","type-post","status-publish","format-standard","has-post-thumbnail","hentry","category-genel"],"yoast_head":"<!-- This site is optimized with the Yoast SEO plugin v27.4 - https:\/\/yoast.com\/product\/yoast-seo-wordpress\/ -->\n<title>Cumhurba\u015fkan\u0131 Yard\u0131mc\u0131s\u0131 Y\u0131lmaz: &quot;Ter\u00f6rs\u00fcz T\u00fcrkiye, T\u00fcrkiye Y\u00fczy\u0131l\u0131 vizyonunun somut bir yans\u0131mas\u0131&quot; - Memurun Sesi<\/title>\n<meta name=\"robots\" content=\"index, follow, max-snippet:-1, max-image-preview:large, max-video-preview:-1\" \/>\n<link rel=\"canonical\" href=\"https:\/\/memurunsesi.net\/index.php\/2025\/05\/03\/cumhurbaskani-yardimcisi-yilmaz-terorsuz-turkiye-turkiye-yuzyili-vizyonunun-somut-bir-yansimasi\/\" \/>\n<meta property=\"og:locale\" content=\"tr_TR\" \/>\n<meta property=\"og:type\" content=\"article\" \/>\n<meta property=\"og:title\" content=\"Cumhurba\u015fkan\u0131 Yard\u0131mc\u0131s\u0131 Y\u0131lmaz: &quot;Ter\u00f6rs\u00fcz T\u00fcrkiye, T\u00fcrkiye Y\u00fczy\u0131l\u0131 vizyonunun somut bir yans\u0131mas\u0131&quot; - Memurun Sesi\" \/>\n<meta property=\"og:description\" content=\"&#8211; Cumhurba\u015fkan\u0131 Yard\u0131mc\u0131s\u0131 Cevdet Y\u0131lmaz, K\u0130S\u0130AD\u2019\u0131n yeni dernek binas\u0131 a\u00e7\u0131l\u0131\u015f t\u00f6renine kat\u0131ld\u0131 Cumhurba\u015fkan\u0131 Yard\u0131mc\u0131s\u0131 Cevdet Y\u0131lmaz, &#8220;Beklentimiz ter\u00f6r \u00f6rg\u00fct\u00fcn\u00fcn kendi i\u00e7inde fesih karar\u0131n\u0131 ortaya koymas\u0131 ve daha sonras\u0131nda da silahlar\u0131n ortadan kalkt\u0131\u011f\u0131, illegal faaliyetlerin ortadan kalkt\u0131\u011f\u0131 bir ortamda herkesin demokrasi i\u00e7inde, d\u00fc\u015f\u00fcncelerini fikirlerini ortaya koyduklar\u0131, demokratik siyasetin g\u00fc\u00e7lendi\u011fi bir ortam\u0131n \u00fclkemizde k\u00f6kle\u015fmesi. Bu y\u00f6nde de [&hellip;]\" \/>\n<meta property=\"og:url\" content=\"https:\/\/memurunsesi.net\/index.php\/2025\/05\/03\/cumhurbaskani-yardimcisi-yilmaz-terorsuz-turkiye-turkiye-yuzyili-vizyonunun-somut-bir-yansimasi\/\" \/>\n<meta property=\"og:site_name\" content=\"Memurun Sesi\" \/>\n<meta property=\"article:publisher\" content=\"https:\/\/www.facebook.com\/unipersen\/?locale=tr_TR\" \/>\n<meta property=\"article:published_time\" content=\"2025-05-03T19:10:40+00:00\" \/>\n<meta property=\"og:image\" content=\"https:\/\/memurunsesi.net\/wp-content\/uploads\/2025\/05\/AW446594_01-scaled.jpg\" \/>\n\t<meta property=\"og:image:width\" content=\"2560\" \/>\n\t<meta property=\"og:image:height\" content=\"1920\" \/>\n\t<meta property=\"og:image:type\" content=\"image\/jpeg\" \/>\n<meta name=\"author\" content=\"Memurun Sesi Haber Merkezi\" \/>\n<meta name=\"twitter:card\" content=\"summary_large_image\" \/>\n<meta name=\"twitter:creator\" content=\"@unipersen\" \/>\n<meta name=\"twitter:site\" content=\"@unipersen\" \/>\n<meta name=\"twitter:label1\" content=\"Yazan:\" \/>\n\t<meta name=\"twitter:data1\" content=\"Memurun Sesi Haber Merkezi\" \/>\n\t<meta name=\"twitter:label2\" content=\"Tahmini okuma s\u00fcresi\" \/>\n\t<meta name=\"twitter:data2\" content=\"1 dakika\" \/>\n<script type=\"application\/ld+json\" class=\"yoast-schema-graph\">{\"@context\":\"https:\\\/\\\/schema.org\",\"@graph\":[{\"@type\":\"Article\",\"@id\":\"https:\\\/\\\/memurunsesi.net\\\/index.php\\\/2025\\\/05\\\/03\\\/cumhurbaskani-yardimcisi-yilmaz-terorsuz-turkiye-turkiye-yuzyili-vizyonunun-somut-bir-yansimasi\\\/#article\",\"isPartOf\":{\"@id\":\"https:\\\/\\\/memurunsesi.net\\\/index.php\\\/2025\\\/05\\\/03\\\/cumhurbaskani-yardimcisi-yilmaz-terorsuz-turkiye-turkiye-yuzyili-vizyonunun-somut-bir-yansimasi\\\/\"},\"author\":{\"name\":\"Memurun Sesi Haber Merkezi\",\"@id\":\"https:\\\/\\\/memurunsesi.net\\\/#\\\/schema\\\/person\\\/f21c2d73b89f6ee1d80b0a1803e38587\"},\"headline\":\"Cumhurba\u015fkan\u0131 Yard\u0131mc\u0131s\u0131 Y\u0131lmaz: &#8220;Ter\u00f6rs\u00fcz T\u00fcrkiye, T\u00fcrkiye Y\u00fczy\u0131l\u0131 vizyonunun somut bir yans\u0131mas\u0131&#8221;\",\"datePublished\":\"2025-05-03T19:10:40+00:00\",\"mainEntityOfPage\":{\"@id\":\"https:\\\/\\\/memurunsesi.net\\\/index.php\\\/2025\\\/05\\\/03\\\/cumhurbaskani-yardimcisi-yilmaz-terorsuz-turkiye-turkiye-yuzyili-vizyonunun-somut-bir-yansimasi\\\/\"},\"wordCount\":1093,\"commentCount\":0,\"publisher\":{\"@id\":\"https:\\\/\\\/memurunsesi.net\\\/#organization\"},\"image\":{\"@id\":\"https:\\\/\\\/memurunsesi.net\\\/index.php\\\/2025\\\/05\\\/03\\\/cumhurbaskani-yardimcisi-yilmaz-terorsuz-turkiye-turkiye-yuzyili-vizyonunun-somut-bir-yansimasi\\\/#primaryimage\"},\"thumbnailUrl\":\"https:\\\/\\\/memurunsesi.net\\\/wp-content\\\/uploads\\\/2025\\\/05\\\/AW446594_01-scaled.jpg\",\"inLanguage\":\"tr\",\"potentialAction\":[{\"@type\":\"CommentAction\",\"name\":\"Comment\",\"target\":[\"https:\\\/\\\/memurunsesi.net\\\/index.php\\\/2025\\\/05\\\/03\\\/cumhurbaskani-yardimcisi-yilmaz-terorsuz-turkiye-turkiye-yuzyili-vizyonunun-somut-bir-yansimasi\\\/#respond\"]}]},{\"@type\":\"WebPage\",\"@id\":\"https:\\\/\\\/memurunsesi.net\\\/index.php\\\/2025\\\/05\\\/03\\\/cumhurbaskani-yardimcisi-yilmaz-terorsuz-turkiye-turkiye-yuzyili-vizyonunun-somut-bir-yansimasi\\\/\",\"url\":\"https:\\\/\\\/memurunsesi.net\\\/index.php\\\/2025\\\/05\\\/03\\\/cumhurbaskani-yardimcisi-yilmaz-terorsuz-turkiye-turkiye-yuzyili-vizyonunun-somut-bir-yansimasi\\\/\",\"name\":\"Cumhurba\u015fkan\u0131 Yard\u0131mc\u0131s\u0131 Y\u0131lmaz: \\\"Ter\u00f6rs\u00fcz T\u00fcrkiye, T\u00fcrkiye Y\u00fczy\u0131l\u0131 vizyonunun somut bir yans\u0131mas\u0131\\\" - Memurun Sesi\",\"isPartOf\":{\"@id\":\"https:\\\/\\\/memurunsesi.net\\\/#website\"},\"primaryImageOfPage\":{\"@id\":\"https:\\\/\\\/memurunsesi.net\\\/index.php\\\/2025\\\/05\\\/03\\\/cumhurbaskani-yardimcisi-yilmaz-terorsuz-turkiye-turkiye-yuzyili-vizyonunun-somut-bir-yansimasi\\\/#primaryimage\"},\"image\":{\"@id\":\"https:\\\/\\\/memurunsesi.net\\\/index.php\\\/2025\\\/05\\\/03\\\/cumhurbaskani-yardimcisi-yilmaz-terorsuz-turkiye-turkiye-yuzyili-vizyonunun-somut-bir-yansimasi\\\/#primaryimage\"},\"thumbnailUrl\":\"https:\\\/\\\/memurunsesi.net\\\/wp-content\\\/uploads\\\/2025\\\/05\\\/AW446594_01-scaled.jpg\",\"datePublished\":\"2025-05-03T19:10:40+00:00\",\"breadcrumb\":{\"@id\":\"https:\\\/\\\/memurunsesi.net\\\/index.php\\\/2025\\\/05\\\/03\\\/cumhurbaskani-yardimcisi-yilmaz-terorsuz-turkiye-turkiye-yuzyili-vizyonunun-somut-bir-yansimasi\\\/#breadcrumb\"},\"inLanguage\":\"tr\",\"potentialAction\":[{\"@type\":\"ReadAction\",\"target\":[\"https:\\\/\\\/memurunsesi.net\\\/index.php\\\/2025\\\/05\\\/03\\\/cumhurbaskani-yardimcisi-yilmaz-terorsuz-turkiye-turkiye-yuzyili-vizyonunun-somut-bir-yansimasi\\\/\"]}]},{\"@type\":\"ImageObject\",\"inLanguage\":\"tr\",\"@id\":\"https:\\\/\\\/memurunsesi.net\\\/index.php\\\/2025\\\/05\\\/03\\\/cumhurbaskani-yardimcisi-yilmaz-terorsuz-turkiye-turkiye-yuzyili-vizyonunun-somut-bir-yansimasi\\\/#primaryimage\",\"url\":\"https:\\\/\\\/memurunsesi.net\\\/wp-content\\\/uploads\\\/2025\\\/05\\\/AW446594_01-scaled.jpg\",\"contentUrl\":\"https:\\\/\\\/memurunsesi.net\\\/wp-content\\\/uploads\\\/2025\\\/05\\\/AW446594_01-scaled.jpg\",\"width\":2560,\"height\":1920,\"caption\":\"CUMHURBA\u015eKANI YARDIMCISI CEVDET YILMAZ, K\u0130S\u0130AD'IN YEN\u0130 DERNEK B\u0130NASI A\u00c7ILI\u015e T\u00d6REN\u0130NE KATILDI (CEM G\u00dcNEY KILI\u00c7\\\/\u0130STANBUL-\u0130HA) Cumhurba\u015fkan\u0131 Yard\u0131mc\u0131s\u0131 Cevdet Y\u0131lmaz, \\\"Beklentimiz ter\u00f6r \u00f6rg\u00fct\u00fcn\u00fcn kendi i\u00e7inde fesih karar\u0131n\u0131 ortaya koymas\u0131 ve daha sonras\u0131nda da silahlar\u0131n ortadan kalkt\u0131\u011f\u0131, illegal faaliyetlerin ortadan kalkt\u0131\u011f\u0131 bir ortamda herkesin demokrasi i\u00e7inde, d\u00fc\u015f\u00fcncelerini fikirlerini ortaya koyduklar\u0131, demokratik siyasetin g\u00fc\u00e7lendi\u011fi bir ortam\u0131n \u00fclkemizde k\u00f6kle\u015fmesi. Bu y\u00f6nde de olduk\u00e7a \u00f6nemli geli\u015fmeler var. Cumhurba\u015fkan\u0131m\u0131z\u0131n T\u00fcrkiye Y\u00fczy\u0131l\u0131 vizyonu as\u0131l \u00e7er\u00e7evemizi olu\u015fturuyor. Ter\u00f6rs\u00fcz T\u00fcrkiye asl\u0131nda bu T\u00fcrkiye Y\u00fczy\u0131l\u0131 vizyonunun somut bir yans\u0131mas\u0131\\\" dedi.\"},{\"@type\":\"BreadcrumbList\",\"@id\":\"https:\\\/\\\/memurunsesi.net\\\/index.php\\\/2025\\\/05\\\/03\\\/cumhurbaskani-yardimcisi-yilmaz-terorsuz-turkiye-turkiye-yuzyili-vizyonunun-somut-bir-yansimasi\\\/#breadcrumb\",\"itemListElement\":[{\"@type\":\"ListItem\",\"position\":1,\"name\":\"Anasayfa\",\"item\":\"https:\\\/\\\/memurunsesi.net\\\/\"},{\"@type\":\"ListItem\",\"position\":2,\"name\":\"Cumhurba\u015fkan\u0131 Yard\u0131mc\u0131s\u0131 Y\u0131lmaz: &#8220;Ter\u00f6rs\u00fcz T\u00fcrkiye, T\u00fcrkiye Y\u00fczy\u0131l\u0131 vizyonunun somut bir yans\u0131mas\u0131&#8221;\"}]},{\"@type\":\"WebSite\",\"@id\":\"https:\\\/\\\/memurunsesi.net\\\/#website\",\"url\":\"https:\\\/\\\/memurunsesi.net\\\/\",\"name\":\"Memurun Sesi\",\"description\":\"G\u00fcncel ve Do\u011fru Haber\",\"publisher\":{\"@id\":\"https:\\\/\\\/memurunsesi.net\\\/#organization\"},\"potentialAction\":[{\"@type\":\"SearchAction\",\"target\":{\"@type\":\"EntryPoint\",\"urlTemplate\":\"https:\\\/\\\/memurunsesi.net\\\/?s={search_term_string}\"},\"query-input\":{\"@type\":\"PropertyValueSpecification\",\"valueRequired\":true,\"valueName\":\"search_term_string\"}}],\"inLanguage\":\"tr\"},{\"@type\":\"Organization\",\"@id\":\"https:\\\/\\\/memurunsesi.net\\\/#organization\",\"name\":\"Memurun Sesi\",\"url\":\"https:\\\/\\\/memurunsesi.net\\\/\",\"logo\":{\"@type\":\"ImageObject\",\"inLanguage\":\"tr\",\"@id\":\"https:\\\/\\\/memurunsesi.net\\\/#\\\/schema\\\/logo\\\/image\\\/\",\"url\":\"https:\\\/\\\/memurunsesi.net\\\/wp-content\\\/uploads\\\/2025\\\/11\\\/cropped-MEMURUN-SESI.png\",\"contentUrl\":\"https:\\\/\\\/memurunsesi.net\\\/wp-content\\\/uploads\\\/2025\\\/11\\\/cropped-MEMURUN-SESI.png\",\"width\":238,\"height\":57,\"caption\":\"Memurun Sesi\"},\"image\":{\"@id\":\"https:\\\/\\\/memurunsesi.net\\\/#\\\/schema\\\/logo\\\/image\\\/\"},\"sameAs\":[\"https:\\\/\\\/www.facebook.com\\\/unipersen\\\/?locale=tr_TR\",\"https:\\\/\\\/x.com\\\/unipersen\"]},{\"@type\":\"Person\",\"@id\":\"https:\\\/\\\/memurunsesi.net\\\/#\\\/schema\\\/person\\\/f21c2d73b89f6ee1d80b0a1803e38587\",\"name\":\"Memurun Sesi Haber Merkezi\",\"image\":{\"@type\":\"ImageObject\",\"inLanguage\":\"tr\",\"@id\":\"https:\\\/\\\/secure.gravatar.com\\\/avatar\\\/6cf0505f452ee753f485014986fab09a434671d2b919ee76fc541025c5876a70?s=96&d=mm&r=g\",\"url\":\"https:\\\/\\\/secure.gravatar.com\\\/avatar\\\/6cf0505f452ee753f485014986fab09a434671d2b919ee76fc541025c5876a70?s=96&d=mm&r=g\",\"contentUrl\":\"https:\\\/\\\/secure.gravatar.com\\\/avatar\\\/6cf0505f452ee753f485014986fab09a434671d2b919ee76fc541025c5876a70?s=96&d=mm&r=g\",\"caption\":\"Memurun Sesi Haber Merkezi\"},\"sameAs\":[\"https:\\\/\\\/memurunsesi.net\"],\"url\":\"https:\\\/\\\/memurunsesi.net\\\/index.php\\\/author\\\/uniper\\\/\"}]}<\/script>\n<!-- \/ Yoast SEO plugin. -->","yoast_head_json":{"title":"Cumhurba\u015fkan\u0131 Yard\u0131mc\u0131s\u0131 Y\u0131lmaz: \"Ter\u00f6rs\u00fcz T\u00fcrkiye, T\u00fcrkiye Y\u00fczy\u0131l\u0131 vizyonunun somut bir yans\u0131mas\u0131\" - Memurun Sesi","robots":{"index":"index","follow":"follow","max-snippet":"max-snippet:-1","max-image-preview":"max-image-preview:large","max-video-preview":"max-video-preview:-1"},"canonical":"https:\/\/memurunsesi.net\/index.php\/2025\/05\/03\/cumhurbaskani-yardimcisi-yilmaz-terorsuz-turkiye-turkiye-yuzyili-vizyonunun-somut-bir-yansimasi\/","og_locale":"tr_TR","og_type":"article","og_title":"Cumhurba\u015fkan\u0131 Yard\u0131mc\u0131s\u0131 Y\u0131lmaz: \"Ter\u00f6rs\u00fcz T\u00fcrkiye, T\u00fcrkiye Y\u00fczy\u0131l\u0131 vizyonunun somut bir yans\u0131mas\u0131\" - Memurun Sesi","og_description":"&#8211; Cumhurba\u015fkan\u0131 Yard\u0131mc\u0131s\u0131 Cevdet Y\u0131lmaz, K\u0130S\u0130AD\u2019\u0131n yeni dernek binas\u0131 a\u00e7\u0131l\u0131\u015f t\u00f6renine kat\u0131ld\u0131 Cumhurba\u015fkan\u0131 Yard\u0131mc\u0131s\u0131 Cevdet Y\u0131lmaz, &#8220;Beklentimiz ter\u00f6r \u00f6rg\u00fct\u00fcn\u00fcn kendi i\u00e7inde fesih karar\u0131n\u0131 ortaya koymas\u0131 ve daha sonras\u0131nda da silahlar\u0131n ortadan kalkt\u0131\u011f\u0131, illegal faaliyetlerin ortadan kalkt\u0131\u011f\u0131 bir ortamda herkesin demokrasi i\u00e7inde, d\u00fc\u015f\u00fcncelerini fikirlerini ortaya koyduklar\u0131, demokratik siyasetin g\u00fc\u00e7lendi\u011fi bir ortam\u0131n \u00fclkemizde k\u00f6kle\u015fmesi. Bu y\u00f6nde de [&hellip;]","og_url":"https:\/\/memurunsesi.net\/index.php\/2025\/05\/03\/cumhurbaskani-yardimcisi-yilmaz-terorsuz-turkiye-turkiye-yuzyili-vizyonunun-somut-bir-yansimasi\/","og_site_name":"Memurun Sesi","article_publisher":"https:\/\/www.facebook.com\/unipersen\/?locale=tr_TR","article_published_time":"2025-05-03T19:10:40+00:00","og_image":[{"width":2560,"height":1920,"url":"https:\/\/memurunsesi.net\/wp-content\/uploads\/2025\/05\/AW446594_01-scaled.jpg","type":"image\/jpeg"}],"author":"Memurun Sesi Haber Merkezi","twitter_card":"summary_large_image","twitter_creator":"@unipersen","twitter_site":"@unipersen","twitter_misc":{"Yazan:":"Memurun Sesi Haber Merkezi","Tahmini okuma s\u00fcresi":"1 dakika"},"schema":{"@context":"https:\/\/schema.org","@graph":[{"@type":"Article","@id":"https:\/\/memurunsesi.net\/index.php\/2025\/05\/03\/cumhurbaskani-yardimcisi-yilmaz-terorsuz-turkiye-turkiye-yuzyili-vizyonunun-somut-bir-yansimasi\/#article","isPartOf":{"@id":"https:\/\/memurunsesi.net\/index.php\/2025\/05\/03\/cumhurbaskani-yardimcisi-yilmaz-terorsuz-turkiye-turkiye-yuzyili-vizyonunun-somut-bir-yansimasi\/"},"author":{"name":"Memurun Sesi Haber Merkezi","@id":"https:\/\/memurunsesi.net\/#\/schema\/person\/f21c2d73b89f6ee1d80b0a1803e38587"},"headline":"Cumhurba\u015fkan\u0131 Yard\u0131mc\u0131s\u0131 Y\u0131lmaz: &#8220;Ter\u00f6rs\u00fcz T\u00fcrkiye, T\u00fcrkiye Y\u00fczy\u0131l\u0131 vizyonunun somut bir yans\u0131mas\u0131&#8221;","datePublished":"2025-05-03T19:10:40+00:00","mainEntityOfPage":{"@id":"https:\/\/memurunsesi.net\/index.php\/2025\/05\/03\/cumhurbaskani-yardimcisi-yilmaz-terorsuz-turkiye-turkiye-yuzyili-vizyonunun-somut-bir-yansimasi\/"},"wordCount":1093,"commentCount":0,"publisher":{"@id":"https:\/\/memurunsesi.net\/#organization"},"image":{"@id":"https:\/\/memurunsesi.net\/index.php\/2025\/05\/03\/cumhurbaskani-yardimcisi-yilmaz-terorsuz-turkiye-turkiye-yuzyili-vizyonunun-somut-bir-yansimasi\/#primaryimage"},"thumbnailUrl":"https:\/\/memurunsesi.net\/wp-content\/uploads\/2025\/05\/AW446594_01-scaled.jpg","inLanguage":"tr","potentialAction":[{"@type":"CommentAction","name":"Comment","target":["https:\/\/memurunsesi.net\/index.php\/2025\/05\/03\/cumhurbaskani-yardimcisi-yilmaz-terorsuz-turkiye-turkiye-yuzyili-vizyonunun-somut-bir-yansimasi\/#respond"]}]},{"@type":"WebPage","@id":"https:\/\/memurunsesi.net\/index.php\/2025\/05\/03\/cumhurbaskani-yardimcisi-yilmaz-terorsuz-turkiye-turkiye-yuzyili-vizyonunun-somut-bir-yansimasi\/","url":"https:\/\/memurunsesi.net\/index.php\/2025\/05\/03\/cumhurbaskani-yardimcisi-yilmaz-terorsuz-turkiye-turkiye-yuzyili-vizyonunun-somut-bir-yansimasi\/","name":"Cumhurba\u015fkan\u0131 Yard\u0131mc\u0131s\u0131 Y\u0131lmaz: \"Ter\u00f6rs\u00fcz T\u00fcrkiye, T\u00fcrkiye Y\u00fczy\u0131l\u0131 vizyonunun somut bir yans\u0131mas\u0131\" - Memurun Sesi","isPartOf":{"@id":"https:\/\/memurunsesi.net\/#website"},"primaryImageOfPage":{"@id":"https:\/\/memurunsesi.net\/index.php\/2025\/05\/03\/cumhurbaskani-yardimcisi-yilmaz-terorsuz-turkiye-turkiye-yuzyili-vizyonunun-somut-bir-yansimasi\/#primaryimage"},"image":{"@id":"https:\/\/memurunsesi.net\/index.php\/2025\/05\/03\/cumhurbaskani-yardimcisi-yilmaz-terorsuz-turkiye-turkiye-yuzyili-vizyonunun-somut-bir-yansimasi\/#primaryimage"},"thumbnailUrl":"https:\/\/memurunsesi.net\/wp-content\/uploads\/2025\/05\/AW446594_01-scaled.jpg","datePublished":"2025-05-03T19:10:40+00:00","breadcrumb":{"@id":"https:\/\/memurunsesi.net\/index.php\/2025\/05\/03\/cumhurbaskani-yardimcisi-yilmaz-terorsuz-turkiye-turkiye-yuzyili-vizyonunun-somut-bir-yansimasi\/#breadcrumb"},"inLanguage":"tr","potentialAction":[{"@type":"ReadAction","target":["https:\/\/memurunsesi.net\/index.php\/2025\/05\/03\/cumhurbaskani-yardimcisi-yilmaz-terorsuz-turkiye-turkiye-yuzyili-vizyonunun-somut-bir-yansimasi\/"]}]},{"@type":"ImageObject","inLanguage":"tr","@id":"https:\/\/memurunsesi.net\/index.php\/2025\/05\/03\/cumhurbaskani-yardimcisi-yilmaz-terorsuz-turkiye-turkiye-yuzyili-vizyonunun-somut-bir-yansimasi\/#primaryimage","url":"https:\/\/memurunsesi.net\/wp-content\/uploads\/2025\/05\/AW446594_01-scaled.jpg","contentUrl":"https:\/\/memurunsesi.net\/wp-content\/uploads\/2025\/05\/AW446594_01-scaled.jpg","width":2560,"height":1920,"caption":"CUMHURBA\u015eKANI YARDIMCISI CEVDET YILMAZ, K\u0130S\u0130AD'IN YEN\u0130 DERNEK B\u0130NASI A\u00c7ILI\u015e T\u00d6REN\u0130NE KATILDI (CEM G\u00dcNEY KILI\u00c7\/\u0130STANBUL-\u0130HA) Cumhurba\u015fkan\u0131 Yard\u0131mc\u0131s\u0131 Cevdet Y\u0131lmaz, \"Beklentimiz ter\u00f6r \u00f6rg\u00fct\u00fcn\u00fcn kendi i\u00e7inde fesih karar\u0131n\u0131 ortaya koymas\u0131 ve daha sonras\u0131nda da silahlar\u0131n ortadan kalkt\u0131\u011f\u0131, illegal faaliyetlerin ortadan kalkt\u0131\u011f\u0131 bir ortamda herkesin demokrasi i\u00e7inde, d\u00fc\u015f\u00fcncelerini fikirlerini ortaya koyduklar\u0131, demokratik siyasetin g\u00fc\u00e7lendi\u011fi bir ortam\u0131n \u00fclkemizde k\u00f6kle\u015fmesi. Bu y\u00f6nde de olduk\u00e7a \u00f6nemli geli\u015fmeler var. Cumhurba\u015fkan\u0131m\u0131z\u0131n T\u00fcrkiye Y\u00fczy\u0131l\u0131 vizyonu as\u0131l \u00e7er\u00e7evemizi olu\u015fturuyor. Ter\u00f6rs\u00fcz T\u00fcrkiye asl\u0131nda bu T\u00fcrkiye Y\u00fczy\u0131l\u0131 vizyonunun somut bir yans\u0131mas\u0131\" dedi."},{"@type":"BreadcrumbList","@id":"https:\/\/memurunsesi.net\/index.php\/2025\/05\/03\/cumhurbaskani-yardimcisi-yilmaz-terorsuz-turkiye-turkiye-yuzyili-vizyonunun-somut-bir-yansimasi\/#breadcrumb","itemListElement":[{"@type":"ListItem","position":1,"name":"Anasayfa","item":"https:\/\/memurunsesi.net\/"},{"@type":"ListItem","position":2,"name":"Cumhurba\u015fkan\u0131 Yard\u0131mc\u0131s\u0131 Y\u0131lmaz: &#8220;Ter\u00f6rs\u00fcz T\u00fcrkiye, T\u00fcrkiye Y\u00fczy\u0131l\u0131 vizyonunun somut bir yans\u0131mas\u0131&#8221;"}]},{"@type":"WebSite","@id":"https:\/\/memurunsesi.net\/#website","url":"https:\/\/memurunsesi.net\/","name":"Memurun Sesi","description":"G\u00fcncel ve Do\u011fru Haber","publisher":{"@id":"https:\/\/memurunsesi.net\/#organization"},"potentialAction":[{"@type":"SearchAction","target":{"@type":"EntryPoint","urlTemplate":"https:\/\/memurunsesi.net\/?s={search_term_string}"},"query-input":{"@type":"PropertyValueSpecification","valueRequired":true,"valueName":"search_term_string"}}],"inLanguage":"tr"},{"@type":"Organization","@id":"https:\/\/memurunsesi.net\/#organization","name":"Memurun Sesi","url":"https:\/\/memurunsesi.net\/","logo":{"@type":"ImageObject","inLanguage":"tr","@id":"https:\/\/memurunsesi.net\/#\/schema\/logo\/image\/","url":"https:\/\/memurunsesi.net\/wp-content\/uploads\/2025\/11\/cropped-MEMURUN-SESI.png","contentUrl":"https:\/\/memurunsesi.net\/wp-content\/uploads\/2025\/11\/cropped-MEMURUN-SESI.png","width":238,"height":57,"caption":"Memurun Sesi"},"image":{"@id":"https:\/\/memurunsesi.net\/#\/schema\/logo\/image\/"},"sameAs":["https:\/\/www.facebook.com\/unipersen\/?locale=tr_TR","https:\/\/x.com\/unipersen"]},{"@type":"Person","@id":"https:\/\/memurunsesi.net\/#\/schema\/person\/f21c2d73b89f6ee1d80b0a1803e38587","name":"Memurun Sesi Haber Merkezi","image":{"@type":"ImageObject","inLanguage":"tr","@id":"https:\/\/secure.gravatar.com\/avatar\/6cf0505f452ee753f485014986fab09a434671d2b919ee76fc541025c5876a70?s=96&d=mm&r=g","url":"https:\/\/secure.gravatar.com\/avatar\/6cf0505f452ee753f485014986fab09a434671d2b919ee76fc541025c5876a70?s=96&d=mm&r=g","contentUrl":"https:\/\/secure.gravatar.com\/avatar\/6cf0505f452ee753f485014986fab09a434671d2b919ee76fc541025c5876a70?s=96&d=mm&r=g","caption":"Memurun Sesi Haber Merkezi"},"sameAs":["https:\/\/memurunsesi.net"],"url":"https:\/\/memurunsesi.net\/index.php\/author\/uniper\/"}]}},"_links":{"self":[{"href":"https:\/\/memurunsesi.net\/index.php\/wp-json\/wp\/v2\/posts\/6407","targetHints":{"allow":["GET"]}}],"collection":[{"href":"https:\/\/memurunsesi.net\/index.php\/wp-json\/wp\/v2\/posts"}],"about":[{"href":"https:\/\/memurunsesi.net\/index.php\/wp-json\/wp\/v2\/types\/post"}],"author":[{"embeddable":true,"href":"https:\/\/memurunsesi.net\/index.php\/wp-json\/wp\/v2\/users\/1"}],"replies":[{"embeddable":true,"href":"https:\/\/memurunsesi.net\/index.php\/wp-json\/wp\/v2\/comments?post=6407"}],"version-history":[{"count":1,"href":"https:\/\/memurunsesi.net\/index.php\/wp-json\/wp\/v2\/posts\/6407\/revisions"}],"predecessor-version":[{"id":6409,"href":"https:\/\/memurunsesi.net\/index.php\/wp-json\/wp\/v2\/posts\/6407\/revisions\/6409"}],"wp:featuredmedia":[{"embeddable":true,"href":"https:\/\/memurunsesi.net\/index.php\/wp-json\/wp\/v2\/media\/6408"}],"wp:attachment":[{"href":"https:\/\/memurunsesi.net\/index.php\/wp-json\/wp\/v2\/media?parent=6407"}],"wp:term":[{"taxonomy":"category","embeddable":true,"href":"https:\/\/memurunsesi.net\/index.php\/wp-json\/wp\/v2\/categories?post=6407"},{"taxonomy":"post_tag","embeddable":true,"href":"https:\/\/memurunsesi.net\/index.php\/wp-json\/wp\/v2\/tags?post=6407"}],"curies":[{"name":"wp","href":"https:\/\/api.w.org\/{rel}","templated":true}]}}