{"id":6416,"date":"2025-05-03T22:16:14","date_gmt":"2025-05-03T19:16:14","guid":{"rendered":"https:\/\/memurunsesi.net\/?p=6416"},"modified":"2025-05-03T22:16:14","modified_gmt":"2025-05-03T19:16:14","slug":"yikimin-icinden-hayati-gosteren-dron-depron-ogrenci-elinden-dogdu","status":"publish","type":"post","link":"https:\/\/memurunsesi.net\/index.php\/2025\/05\/03\/yikimin-icinden-hayati-gosteren-dron-depron-ogrenci-elinden-dogdu\/","title":{"rendered":"Y\u0131k\u0131m\u0131n i\u00e7inden hayat\u0131 g\u00f6steren dron: DEPRON \u00f6\u011frenci elinden do\u011fdu"},"content":{"rendered":"<p>  Atat\u00fcrk \u00dcniversitesi \u00f6\u011frencileri, afet b\u00f6lgelerinde kullan\u0131labilecek DEPRON ad\u0131n\u0131 verdikleri bir dron geli\u015ftirildi.<br \/>\nAtat\u00fcrk \u00dcniversitesi \u00f6\u011frencileri olan H\u00fcseyin Ay\u011fan, Do\u011fukan Yan\u0131k, Seval Olga\u00e7, \u0130brahim Hakk\u0131 Harmankaya, Nuri Eray Bilgin DEPRON ad\u0131n\u0131 verdikleri bir dron geli\u015ftirdi. Geli\u015ftirdikleri dron ile 3 boyutlu harita ile hasarl\u0131 binalardaki y\u0131k\u0131lma riskini belirleyecek ve termal kamerayla da enkazdaki yaral\u0131lar\u0131 tespit edecek. \u00d6zel olarak tasarlanan ev tipi jenerat\u00f6rle \u00e7abuk t\u00fckenen bataryalar\u0131n \u015farj edilecek olaca\u011f\u0131 DEPRON, arama \u00e7al\u0131\u015fmas\u0131 biten enkazlarda 3D harita \u00fczerinde i\u015faretlenerek ekiplere yard\u0131mc\u0131 olacak ve ayn\u0131 zamanda ak\u015famlar\u0131 \u0131\u015f\u0131k deste\u011fi sa\u011flayarak ekiplerin daha sa\u011fl\u0131kl\u0131 bir ortamda \u00e7al\u0131\u015fmas\u0131n\u0131 sa\u011flayacak. <\/p>\n<p>  &#8220;Malzemeleri ikincilik ald\u0131\u011f\u0131m\u0131z \u00f6d\u00fclle ald\u0131k&#8221;<br \/>\n  Projenin ilk ba\u015fta bir tesisat borusundan \u00e7\u0131kt\u0131\u011f\u0131n\u0131 s\u00f6yleyen H\u00fcseyin, &#8220;Tesisat borusunu asl\u0131nda bir drona d\u00f6n\u00fc\u015ft\u00fcrd\u00fcm. Bu dronla gerekli yerlere m\u00fcracaat ettim. Gerekli deste\u011fi g\u00f6remedim. Daha sonra \u00f6zel bir bankan\u0131n d\u00fczenlemi\u015f oldu\u011fu bir yar\u0131\u015fmaya kat\u0131ld\u0131k. T\u00fcrkiye \u00e7ap\u0131nda k\u00f6kl\u00fc \u00fcniversitelerin bulundu\u011fu, 300 proje aras\u0131nda ikinci oldum. Bu ikincilik s\u00fcrecinden sonra sa\u011f olsun o zaman Oltu kaymakam\u0131 \u0130brahim G\u00f6kmen Bey vard\u0131. Bizlere gen\u00e7lik merkezinde bir at\u00f6lye sa\u011flad\u0131. Herhangi bir alet edavat\u0131m\u0131z, bir tornavidam\u0131z bile yoktu. Malzemeleri ikincilik ald\u0131\u011f\u0131m\u0131z \u00f6d\u00fclle ald\u0131k. Biz zaten Erzurum il\u00e7esinde yer al\u0131yoruz. Oralarda ne toplayabilirsek toplad\u0131k hepsini malzemeye d\u00f6n\u00fc\u015f\u00fcrd\u00fck. Yerli bir u\u00e7u\u015f yaz\u0131l\u0131m\u0131na sahip yerli dron tasar\u0131m\u0131na sahip ve deprem \u00fczerine e\u011fitilmi\u015f bir g\u00f6r\u00fcnt\u00fc i\u015fleme modeline sahip bir dron var&#8221; dedi. <\/p>\n<p>  &#8220;Y\u00fczde 80 oran\u0131nda bir ba\u015far\u0131 oran\u0131m\u0131z var&#8221;<br \/>\n  Ayn\u0131 zamanda Erzurum AFAD ekiplerinin DEPRON&#8217;u test ettiklerini ve be\u011fendiklerine de\u011finen H\u00fcseyin, &#8220;Giri\u015fimimiz \u0130T\u00dc \u00c7ekirdek&#8217;in b\u00fcnyesinde yer al\u0131yor. G\u00f6r\u00fcnt\u00fc i\u015flemeyle toplamda 33 tane klas \u00fcst\u00fcnde \u015fu an \u00e7al\u0131\u015ft\u0131r\u0131yoruz. Yakla\u015f\u0131k 350 bin tane g\u00f6rselimiz var ham g\u00f6rselimiz. Bu g\u00f6rseller \u00fczerinden g\u00f6r\u00fcnt\u00fc i\u015flemeyle modelimize e\u011fitiyoruz. Y\u00fczde 80 oran\u0131nda bir ba\u015far\u0131 oran\u0131m\u0131z var. Daha fazla g\u00f6rsellerle bu modeli y\u00fczde 95&#8217;lerin \u00fczerine \u00e7\u0131kartmaya \u00e7al\u0131\u015f\u0131yoruz. Bundan sonraki s\u00fcre\u00e7te biz projemizi daha da geli\u015ftirip globale a\u00e7\u0131p ba\u015fta T\u00fcrkiye olmak \u00fczere b\u00fct\u00fcn devlet kurumlar\u0131na, belediyeler olabilir, \u00f6zel kurumlar olabilir. Bunlarla i\u015fbirli\u011fi yapacak \u015fekilde projemizi geli\u015ftirip vatana millete hay\u0131rl\u0131 bir \u00fcr\u00fcn \u00e7\u0131kartmak istiyoruz. \u0130lerleyen s\u00fcre\u00e7te bir firma kurmay\u0131 planl\u0131yoruz&#8221; ifadelerini kulland\u0131. <\/p>\n<p>  &#8220;S\u0131f\u0131rdan ba\u015flad\u0131k, s\u0131f\u0131rdan yazd\u0131k, s\u0131f\u0131rdan tasarlad\u0131k&#8221;<br \/>\n  Projede yaz\u0131l\u0131m ve donan\u0131m k\u0131sm\u0131yla ilgilenen Do\u011fukan Yan\u0131k, yerli yaz\u0131l\u0131m ve yerli u\u00e7u\u015f kontrol kart\u0131 \u00fczerine yakla\u015f\u0131k 2 y\u0131ld\u0131r u\u011fra\u015ft\u0131klar\u0131n\u0131 vurgulayarak, &#8220;Neredeyse ilk say\u0131lan \u00fcniversiteler aras\u0131nda bir yaz\u0131l\u0131ma ula\u015ft\u0131k. Kendi dron tasar\u0131m\u0131m\u0131z yine T\u00fcrkiye&#8217;de bir ilk bu konuda. S\u0131f\u0131rdan ba\u015flad\u0131k, s\u0131f\u0131rdan yaz\u0131l\u0131m yazd\u0131k, s\u0131f\u0131rdan kart se\u00e7tik, tasarlad\u0131k ve \u015fu anda kart\u0131m\u0131z\u0131 tasarlad\u0131k, \u00fcretim a\u015famas\u0131na ge\u00e7mek \u00fczereyiz. \u015eu anda bizim en b\u00fcy\u00fck ama\u00e7lar\u0131m\u0131zdan birisi dron ile alakal\u0131 otonom u\u00e7u\u015f, tamam\u0131yla otonom bir u\u00e7u\u015f sa\u011flamay\u0131 d\u00fc\u015f\u00fcn\u00fcyoruz. G\u00f6r\u00fcnt\u00fc i\u015flemi modelimizle birlikte yapay zeka modeli \u00fczerine de \u015fu anda bir u\u011fra\u015f i\u00e7indeyiz. Bu modellerle birlikte sahada dedi\u011fimiz gibi afet sahalar\u0131nda veya benzer sahalarda tamam\u0131yla bize \u00f6zel yerli bir \u015fekilde ilerleyebilecek bir yaz\u0131l\u0131m geli\u015ftirmeye \u00e7al\u0131\u015f\u0131yoruz. Tamam\u0131yla otonom bir \u015fekilde. Biz bunu yapt\u0131\u011f\u0131m\u0131z durumda, T\u00fcrkiye&#8217;ye ger\u00e7ekten yerli bir dron ve tasar\u0131m, yaz\u0131l\u0131m ve model geli\u015ftirmi\u015f olaca\u011f\u0131z. T\u00fcrkiye&#8217;de ilk ve sat\u0131\u015f\u0131n\u0131, pazarlamas\u0131n\u0131 ve geli\u015ftirmesini de yapabilece\u011fimizi d\u00fc\u015f\u00fcn\u00fcyoruz&#8221; \u015feklinde konu\u015ftu. <\/p>\n<p>  &#8220;Bizim resmen \u00e7ocu\u011fumuz gibi oldu DEPRON&#8221;<br \/>\n  Projenin ileti\u015fim k\u0131sm\u0131na bakan Olga\u00e7, projeye b\u00fct\u00e7e sa\u011flamak i\u00e7in firmalarla ileti\u015fime ge\u00e7ip yar\u0131\u015fmalara ba\u015fvurdu\u011funu belirterek, &#8220;Biz DEPRON&#8217;a 6 \u015eubat depreminden \u00f6nce ba\u015flad\u0131k. DEPRON&#8217;u \u015fu an yerli bir \u015fekilde u\u00e7u\u015f kontrol yaz\u0131l\u0131m\u0131 olan, yerli bir tasar\u0131m\u0131 olan bir drona d\u00f6n\u00fc\u015ft\u00fcrd\u00fck. Bu gurur kayna\u011f\u0131. \u00c7\u00fcnk\u00fc yerli bir \u015fey, bizim \u00fcr\u00fcn\u00fcm\u00fcz, bizim resmen \u00e7ocu\u011fumuz gibi oldu DEPRON. \u0130nsanlar\u0131n enkaz alt\u0131nda \u00e7\u0131kar\u0131lma s\u00fcresi ne kadar k\u0131sa olursa, kurtar\u0131lma oran\u0131 o kadar fazla oluyor. Ki 6 \u015eubat depreminde insanlar\u0131n \u00f6l\u00fcm oranlar\u0131, canl\u0131 kayb\u0131 g\u00f6rd\u00fck\u00e7e insanlar \u00fcz\u00fcl\u00fcyor. Biz bunu kurtarmak i\u00e7in, insanlar\u0131n daha fazla hayatta kalabilmesi i\u00e7in bu projeyi yap\u0131yoruz. DEPRON \u015fu an deprem i\u00e7in kullan\u0131lsa da di\u011fer afetler i\u00e7in de kullan\u0131labilir. Ama bunu kullanmam\u0131z i\u00e7in bizim b\u00fct\u00e7e ihtiyac\u0131m\u0131z var, deste\u011fe ihtiyac\u0131m\u0131z var. Bu konuda bize destek olurlarsa \u00e7ok te\u015fekk\u00fcr ederiz&#8221; diye konu\u015ftu. <\/p>\n<p>3.05.2025                                <\/p>\n","protected":false},"excerpt":{"rendered":"<p>Atat\u00fcrk \u00dcniversitesi \u00f6\u011frencileri, afet b\u00f6lgelerinde kullan\u0131labilecek DEPRON ad\u0131n\u0131 verdikleri bir dron geli\u015ftirildi. Atat\u00fcrk \u00dcniversitesi \u00f6\u011frencileri olan H\u00fcseyin Ay\u011fan, Do\u011fukan Yan\u0131k, Seval Olga\u00e7, \u0130brahim Hakk\u0131 Harmankaya, Nuri Eray Bilgin DEPRON ad\u0131n\u0131 verdikleri bir dron geli\u015ftirdi. Geli\u015ftirdikleri dron ile 3 boyutlu harita ile hasarl\u0131 binalardaki y\u0131k\u0131lma riskini belirleyecek ve termal kamerayla da enkazdaki yaral\u0131lar\u0131 tespit edecek. \u00d6zel [&hellip;]<\/p>\n","protected":false},"author":1,"featured_media":6417,"comment_status":"open","ping_status":"open","sticky":false,"template":"","format":"standard","meta":{"footnotes":""},"categories":[47],"tags":[],"class_list":["post-6416","post","type-post","status-publish","format-standard","has-post-thumbnail","hentry","category-universiteden-haberler"],"yoast_head":"<!-- This site is optimized with the Yoast SEO plugin v27.4 - https:\/\/yoast.com\/product\/yoast-seo-wordpress\/ -->\n<title>Y\u0131k\u0131m\u0131n i\u00e7inden hayat\u0131 g\u00f6steren dron: DEPRON \u00f6\u011frenci elinden do\u011fdu - Memurun Sesi<\/title>\n<meta name=\"robots\" content=\"index, follow, max-snippet:-1, max-image-preview:large, max-video-preview:-1\" \/>\n<link rel=\"canonical\" href=\"https:\/\/memurunsesi.net\/index.php\/2025\/05\/03\/yikimin-icinden-hayati-gosteren-dron-depron-ogrenci-elinden-dogdu\/\" \/>\n<meta property=\"og:locale\" content=\"tr_TR\" \/>\n<meta property=\"og:type\" content=\"article\" \/>\n<meta property=\"og:title\" content=\"Y\u0131k\u0131m\u0131n i\u00e7inden hayat\u0131 g\u00f6steren dron: DEPRON \u00f6\u011frenci elinden do\u011fdu - Memurun Sesi\" \/>\n<meta property=\"og:description\" content=\"Atat\u00fcrk \u00dcniversitesi \u00f6\u011frencileri, afet b\u00f6lgelerinde kullan\u0131labilecek DEPRON ad\u0131n\u0131 verdikleri bir dron geli\u015ftirildi. Atat\u00fcrk \u00dcniversitesi \u00f6\u011frencileri olan H\u00fcseyin Ay\u011fan, Do\u011fukan Yan\u0131k, Seval Olga\u00e7, \u0130brahim Hakk\u0131 Harmankaya, Nuri Eray Bilgin DEPRON ad\u0131n\u0131 verdikleri bir dron geli\u015ftirdi. Geli\u015ftirdikleri dron ile 3 boyutlu harita ile hasarl\u0131 binalardaki y\u0131k\u0131lma riskini belirleyecek ve termal kamerayla da enkazdaki yaral\u0131lar\u0131 tespit edecek. \u00d6zel [&hellip;]\" \/>\n<meta property=\"og:url\" content=\"https:\/\/memurunsesi.net\/index.php\/2025\/05\/03\/yikimin-icinden-hayati-gosteren-dron-depron-ogrenci-elinden-dogdu\/\" \/>\n<meta property=\"og:site_name\" content=\"Memurun Sesi\" \/>\n<meta property=\"article:publisher\" content=\"https:\/\/www.facebook.com\/unipersen\/?locale=tr_TR\" \/>\n<meta property=\"article:published_time\" content=\"2025-05-03T19:16:14+00:00\" \/>\n<meta property=\"og:image\" content=\"https:\/\/memurunsesi.net\/wp-content\/uploads\/2025\/05\/AW446309_01.jpg\" \/>\n\t<meta property=\"og:image:width\" content=\"597\" \/>\n\t<meta property=\"og:image:height\" content=\"380\" \/>\n\t<meta property=\"og:image:type\" content=\"image\/jpeg\" \/>\n<meta name=\"author\" content=\"Memurun Sesi Haber Merkezi\" \/>\n<meta name=\"twitter:card\" content=\"summary_large_image\" \/>\n<meta name=\"twitter:creator\" content=\"@unipersen\" \/>\n<meta name=\"twitter:site\" content=\"@unipersen\" \/>\n<meta name=\"twitter:label1\" content=\"Yazan:\" \/>\n\t<meta name=\"twitter:data1\" content=\"Memurun Sesi Haber Merkezi\" \/>\n\t<meta name=\"twitter:label2\" content=\"Tahmini okuma s\u00fcresi\" \/>\n\t<meta name=\"twitter:data2\" content=\"1 dakika\" \/>\n<script type=\"application\/ld+json\" class=\"yoast-schema-graph\">{\"@context\":\"https:\\\/\\\/schema.org\",\"@graph\":[{\"@type\":\"Article\",\"@id\":\"https:\\\/\\\/memurunsesi.net\\\/index.php\\\/2025\\\/05\\\/03\\\/yikimin-icinden-hayati-gosteren-dron-depron-ogrenci-elinden-dogdu\\\/#article\",\"isPartOf\":{\"@id\":\"https:\\\/\\\/memurunsesi.net\\\/index.php\\\/2025\\\/05\\\/03\\\/yikimin-icinden-hayati-gosteren-dron-depron-ogrenci-elinden-dogdu\\\/\"},\"author\":{\"name\":\"Memurun Sesi Haber Merkezi\",\"@id\":\"https:\\\/\\\/memurunsesi.net\\\/#\\\/schema\\\/person\\\/f21c2d73b89f6ee1d80b0a1803e38587\"},\"headline\":\"Y\u0131k\u0131m\u0131n i\u00e7inden hayat\u0131 g\u00f6steren dron: DEPRON \u00f6\u011frenci elinden do\u011fdu\",\"datePublished\":\"2025-05-03T19:16:14+00:00\",\"mainEntityOfPage\":{\"@id\":\"https:\\\/\\\/memurunsesi.net\\\/index.php\\\/2025\\\/05\\\/03\\\/yikimin-icinden-hayati-gosteren-dron-depron-ogrenci-elinden-dogdu\\\/\"},\"wordCount\":907,\"commentCount\":0,\"publisher\":{\"@id\":\"https:\\\/\\\/memurunsesi.net\\\/#organization\"},\"image\":{\"@id\":\"https:\\\/\\\/memurunsesi.net\\\/index.php\\\/2025\\\/05\\\/03\\\/yikimin-icinden-hayati-gosteren-dron-depron-ogrenci-elinden-dogdu\\\/#primaryimage\"},\"thumbnailUrl\":\"https:\\\/\\\/memurunsesi.net\\\/wp-content\\\/uploads\\\/2025\\\/05\\\/AW446309_01.jpg\",\"articleSection\":[\"\u00dcniversiteden Haberler\"],\"inLanguage\":\"tr\",\"potentialAction\":[{\"@type\":\"CommentAction\",\"name\":\"Comment\",\"target\":[\"https:\\\/\\\/memurunsesi.net\\\/index.php\\\/2025\\\/05\\\/03\\\/yikimin-icinden-hayati-gosteren-dron-depron-ogrenci-elinden-dogdu\\\/#respond\"]}]},{\"@type\":\"WebPage\",\"@id\":\"https:\\\/\\\/memurunsesi.net\\\/index.php\\\/2025\\\/05\\\/03\\\/yikimin-icinden-hayati-gosteren-dron-depron-ogrenci-elinden-dogdu\\\/\",\"url\":\"https:\\\/\\\/memurunsesi.net\\\/index.php\\\/2025\\\/05\\\/03\\\/yikimin-icinden-hayati-gosteren-dron-depron-ogrenci-elinden-dogdu\\\/\",\"name\":\"Y\u0131k\u0131m\u0131n i\u00e7inden hayat\u0131 g\u00f6steren dron: DEPRON \u00f6\u011frenci elinden do\u011fdu - Memurun Sesi\",\"isPartOf\":{\"@id\":\"https:\\\/\\\/memurunsesi.net\\\/#website\"},\"primaryImageOfPage\":{\"@id\":\"https:\\\/\\\/memurunsesi.net\\\/index.php\\\/2025\\\/05\\\/03\\\/yikimin-icinden-hayati-gosteren-dron-depron-ogrenci-elinden-dogdu\\\/#primaryimage\"},\"image\":{\"@id\":\"https:\\\/\\\/memurunsesi.net\\\/index.php\\\/2025\\\/05\\\/03\\\/yikimin-icinden-hayati-gosteren-dron-depron-ogrenci-elinden-dogdu\\\/#primaryimage\"},\"thumbnailUrl\":\"https:\\\/\\\/memurunsesi.net\\\/wp-content\\\/uploads\\\/2025\\\/05\\\/AW446309_01.jpg\",\"datePublished\":\"2025-05-03T19:16:14+00:00\",\"breadcrumb\":{\"@id\":\"https:\\\/\\\/memurunsesi.net\\\/index.php\\\/2025\\\/05\\\/03\\\/yikimin-icinden-hayati-gosteren-dron-depron-ogrenci-elinden-dogdu\\\/#breadcrumb\"},\"inLanguage\":\"tr\",\"potentialAction\":[{\"@type\":\"ReadAction\",\"target\":[\"https:\\\/\\\/memurunsesi.net\\\/index.php\\\/2025\\\/05\\\/03\\\/yikimin-icinden-hayati-gosteren-dron-depron-ogrenci-elinden-dogdu\\\/\"]}]},{\"@type\":\"ImageObject\",\"inLanguage\":\"tr\",\"@id\":\"https:\\\/\\\/memurunsesi.net\\\/index.php\\\/2025\\\/05\\\/03\\\/yikimin-icinden-hayati-gosteren-dron-depron-ogrenci-elinden-dogdu\\\/#primaryimage\",\"url\":\"https:\\\/\\\/memurunsesi.net\\\/wp-content\\\/uploads\\\/2025\\\/05\\\/AW446309_01.jpg\",\"contentUrl\":\"https:\\\/\\\/memurunsesi.net\\\/wp-content\\\/uploads\\\/2025\\\/05\\\/AW446309_01.jpg\",\"width\":597,\"height\":380,\"caption\":\"ATAT\u00dcRK \u00dcN\u0130VERS\u0130TES\u0130 \u00d6\u011eRENC\u0130LER\u0130 TARAFINDAN, AFET B\u00d6LGELER\u0130NDE KULLANILAB\u0130LECEK B\u0130R DRON GEL\u0130\u015eT\u0130R\u0130LD\u0130. (\u0130HA\\\/ANKARA-\u0130HA) Atat\u00fcrk \u00dcniversitesi \u00f6\u011frencileri, afet b\u00f6lgelerinde kullan\u0131labilecek DEPRON ad\u0131n\u0131 verdikleri bir dron geli\u015ftirildi.\"},{\"@type\":\"BreadcrumbList\",\"@id\":\"https:\\\/\\\/memurunsesi.net\\\/index.php\\\/2025\\\/05\\\/03\\\/yikimin-icinden-hayati-gosteren-dron-depron-ogrenci-elinden-dogdu\\\/#breadcrumb\",\"itemListElement\":[{\"@type\":\"ListItem\",\"position\":1,\"name\":\"Anasayfa\",\"item\":\"https:\\\/\\\/memurunsesi.net\\\/\"},{\"@type\":\"ListItem\",\"position\":2,\"name\":\"Y\u0131k\u0131m\u0131n i\u00e7inden hayat\u0131 g\u00f6steren dron: DEPRON \u00f6\u011frenci elinden do\u011fdu\"}]},{\"@type\":\"WebSite\",\"@id\":\"https:\\\/\\\/memurunsesi.net\\\/#website\",\"url\":\"https:\\\/\\\/memurunsesi.net\\\/\",\"name\":\"Memurun Sesi\",\"description\":\"G\u00fcncel ve Do\u011fru Haber\",\"publisher\":{\"@id\":\"https:\\\/\\\/memurunsesi.net\\\/#organization\"},\"potentialAction\":[{\"@type\":\"SearchAction\",\"target\":{\"@type\":\"EntryPoint\",\"urlTemplate\":\"https:\\\/\\\/memurunsesi.net\\\/?s={search_term_string}\"},\"query-input\":{\"@type\":\"PropertyValueSpecification\",\"valueRequired\":true,\"valueName\":\"search_term_string\"}}],\"inLanguage\":\"tr\"},{\"@type\":\"Organization\",\"@id\":\"https:\\\/\\\/memurunsesi.net\\\/#organization\",\"name\":\"Memurun Sesi\",\"url\":\"https:\\\/\\\/memurunsesi.net\\\/\",\"logo\":{\"@type\":\"ImageObject\",\"inLanguage\":\"tr\",\"@id\":\"https:\\\/\\\/memurunsesi.net\\\/#\\\/schema\\\/logo\\\/image\\\/\",\"url\":\"https:\\\/\\\/memurunsesi.net\\\/wp-content\\\/uploads\\\/2025\\\/11\\\/cropped-MEMURUN-SESI.png\",\"contentUrl\":\"https:\\\/\\\/memurunsesi.net\\\/wp-content\\\/uploads\\\/2025\\\/11\\\/cropped-MEMURUN-SESI.png\",\"width\":238,\"height\":57,\"caption\":\"Memurun Sesi\"},\"image\":{\"@id\":\"https:\\\/\\\/memurunsesi.net\\\/#\\\/schema\\\/logo\\\/image\\\/\"},\"sameAs\":[\"https:\\\/\\\/www.facebook.com\\\/unipersen\\\/?locale=tr_TR\",\"https:\\\/\\\/x.com\\\/unipersen\"]},{\"@type\":\"Person\",\"@id\":\"https:\\\/\\\/memurunsesi.net\\\/#\\\/schema\\\/person\\\/f21c2d73b89f6ee1d80b0a1803e38587\",\"name\":\"Memurun Sesi Haber Merkezi\",\"image\":{\"@type\":\"ImageObject\",\"inLanguage\":\"tr\",\"@id\":\"https:\\\/\\\/secure.gravatar.com\\\/avatar\\\/6cf0505f452ee753f485014986fab09a434671d2b919ee76fc541025c5876a70?s=96&d=mm&r=g\",\"url\":\"https:\\\/\\\/secure.gravatar.com\\\/avatar\\\/6cf0505f452ee753f485014986fab09a434671d2b919ee76fc541025c5876a70?s=96&d=mm&r=g\",\"contentUrl\":\"https:\\\/\\\/secure.gravatar.com\\\/avatar\\\/6cf0505f452ee753f485014986fab09a434671d2b919ee76fc541025c5876a70?s=96&d=mm&r=g\",\"caption\":\"Memurun Sesi Haber Merkezi\"},\"sameAs\":[\"https:\\\/\\\/memurunsesi.net\"],\"url\":\"https:\\\/\\\/memurunsesi.net\\\/index.php\\\/author\\\/uniper\\\/\"}]}<\/script>\n<!-- \/ Yoast SEO plugin. -->","yoast_head_json":{"title":"Y\u0131k\u0131m\u0131n i\u00e7inden hayat\u0131 g\u00f6steren dron: DEPRON \u00f6\u011frenci elinden do\u011fdu - Memurun Sesi","robots":{"index":"index","follow":"follow","max-snippet":"max-snippet:-1","max-image-preview":"max-image-preview:large","max-video-preview":"max-video-preview:-1"},"canonical":"https:\/\/memurunsesi.net\/index.php\/2025\/05\/03\/yikimin-icinden-hayati-gosteren-dron-depron-ogrenci-elinden-dogdu\/","og_locale":"tr_TR","og_type":"article","og_title":"Y\u0131k\u0131m\u0131n i\u00e7inden hayat\u0131 g\u00f6steren dron: DEPRON \u00f6\u011frenci elinden do\u011fdu - Memurun Sesi","og_description":"Atat\u00fcrk \u00dcniversitesi \u00f6\u011frencileri, afet b\u00f6lgelerinde kullan\u0131labilecek DEPRON ad\u0131n\u0131 verdikleri bir dron geli\u015ftirildi. Atat\u00fcrk \u00dcniversitesi \u00f6\u011frencileri olan H\u00fcseyin Ay\u011fan, Do\u011fukan Yan\u0131k, Seval Olga\u00e7, \u0130brahim Hakk\u0131 Harmankaya, Nuri Eray Bilgin DEPRON ad\u0131n\u0131 verdikleri bir dron geli\u015ftirdi. Geli\u015ftirdikleri dron ile 3 boyutlu harita ile hasarl\u0131 binalardaki y\u0131k\u0131lma riskini belirleyecek ve termal kamerayla da enkazdaki yaral\u0131lar\u0131 tespit edecek. \u00d6zel [&hellip;]","og_url":"https:\/\/memurunsesi.net\/index.php\/2025\/05\/03\/yikimin-icinden-hayati-gosteren-dron-depron-ogrenci-elinden-dogdu\/","og_site_name":"Memurun Sesi","article_publisher":"https:\/\/www.facebook.com\/unipersen\/?locale=tr_TR","article_published_time":"2025-05-03T19:16:14+00:00","og_image":[{"width":597,"height":380,"url":"https:\/\/memurunsesi.net\/wp-content\/uploads\/2025\/05\/AW446309_01.jpg","type":"image\/jpeg"}],"author":"Memurun Sesi Haber Merkezi","twitter_card":"summary_large_image","twitter_creator":"@unipersen","twitter_site":"@unipersen","twitter_misc":{"Yazan:":"Memurun Sesi Haber Merkezi","Tahmini okuma s\u00fcresi":"1 dakika"},"schema":{"@context":"https:\/\/schema.org","@graph":[{"@type":"Article","@id":"https:\/\/memurunsesi.net\/index.php\/2025\/05\/03\/yikimin-icinden-hayati-gosteren-dron-depron-ogrenci-elinden-dogdu\/#article","isPartOf":{"@id":"https:\/\/memurunsesi.net\/index.php\/2025\/05\/03\/yikimin-icinden-hayati-gosteren-dron-depron-ogrenci-elinden-dogdu\/"},"author":{"name":"Memurun Sesi Haber Merkezi","@id":"https:\/\/memurunsesi.net\/#\/schema\/person\/f21c2d73b89f6ee1d80b0a1803e38587"},"headline":"Y\u0131k\u0131m\u0131n i\u00e7inden hayat\u0131 g\u00f6steren dron: DEPRON \u00f6\u011frenci elinden do\u011fdu","datePublished":"2025-05-03T19:16:14+00:00","mainEntityOfPage":{"@id":"https:\/\/memurunsesi.net\/index.php\/2025\/05\/03\/yikimin-icinden-hayati-gosteren-dron-depron-ogrenci-elinden-dogdu\/"},"wordCount":907,"commentCount":0,"publisher":{"@id":"https:\/\/memurunsesi.net\/#organization"},"image":{"@id":"https:\/\/memurunsesi.net\/index.php\/2025\/05\/03\/yikimin-icinden-hayati-gosteren-dron-depron-ogrenci-elinden-dogdu\/#primaryimage"},"thumbnailUrl":"https:\/\/memurunsesi.net\/wp-content\/uploads\/2025\/05\/AW446309_01.jpg","articleSection":["\u00dcniversiteden Haberler"],"inLanguage":"tr","potentialAction":[{"@type":"CommentAction","name":"Comment","target":["https:\/\/memurunsesi.net\/index.php\/2025\/05\/03\/yikimin-icinden-hayati-gosteren-dron-depron-ogrenci-elinden-dogdu\/#respond"]}]},{"@type":"WebPage","@id":"https:\/\/memurunsesi.net\/index.php\/2025\/05\/03\/yikimin-icinden-hayati-gosteren-dron-depron-ogrenci-elinden-dogdu\/","url":"https:\/\/memurunsesi.net\/index.php\/2025\/05\/03\/yikimin-icinden-hayati-gosteren-dron-depron-ogrenci-elinden-dogdu\/","name":"Y\u0131k\u0131m\u0131n i\u00e7inden hayat\u0131 g\u00f6steren dron: DEPRON \u00f6\u011frenci elinden do\u011fdu - Memurun Sesi","isPartOf":{"@id":"https:\/\/memurunsesi.net\/#website"},"primaryImageOfPage":{"@id":"https:\/\/memurunsesi.net\/index.php\/2025\/05\/03\/yikimin-icinden-hayati-gosteren-dron-depron-ogrenci-elinden-dogdu\/#primaryimage"},"image":{"@id":"https:\/\/memurunsesi.net\/index.php\/2025\/05\/03\/yikimin-icinden-hayati-gosteren-dron-depron-ogrenci-elinden-dogdu\/#primaryimage"},"thumbnailUrl":"https:\/\/memurunsesi.net\/wp-content\/uploads\/2025\/05\/AW446309_01.jpg","datePublished":"2025-05-03T19:16:14+00:00","breadcrumb":{"@id":"https:\/\/memurunsesi.net\/index.php\/2025\/05\/03\/yikimin-icinden-hayati-gosteren-dron-depron-ogrenci-elinden-dogdu\/#breadcrumb"},"inLanguage":"tr","potentialAction":[{"@type":"ReadAction","target":["https:\/\/memurunsesi.net\/index.php\/2025\/05\/03\/yikimin-icinden-hayati-gosteren-dron-depron-ogrenci-elinden-dogdu\/"]}]},{"@type":"ImageObject","inLanguage":"tr","@id":"https:\/\/memurunsesi.net\/index.php\/2025\/05\/03\/yikimin-icinden-hayati-gosteren-dron-depron-ogrenci-elinden-dogdu\/#primaryimage","url":"https:\/\/memurunsesi.net\/wp-content\/uploads\/2025\/05\/AW446309_01.jpg","contentUrl":"https:\/\/memurunsesi.net\/wp-content\/uploads\/2025\/05\/AW446309_01.jpg","width":597,"height":380,"caption":"ATAT\u00dcRK \u00dcN\u0130VERS\u0130TES\u0130 \u00d6\u011eRENC\u0130LER\u0130 TARAFINDAN, AFET B\u00d6LGELER\u0130NDE KULLANILAB\u0130LECEK B\u0130R DRON GEL\u0130\u015eT\u0130R\u0130LD\u0130. (\u0130HA\/ANKARA-\u0130HA) Atat\u00fcrk \u00dcniversitesi \u00f6\u011frencileri, afet b\u00f6lgelerinde kullan\u0131labilecek DEPRON ad\u0131n\u0131 verdikleri bir dron geli\u015ftirildi."},{"@type":"BreadcrumbList","@id":"https:\/\/memurunsesi.net\/index.php\/2025\/05\/03\/yikimin-icinden-hayati-gosteren-dron-depron-ogrenci-elinden-dogdu\/#breadcrumb","itemListElement":[{"@type":"ListItem","position":1,"name":"Anasayfa","item":"https:\/\/memurunsesi.net\/"},{"@type":"ListItem","position":2,"name":"Y\u0131k\u0131m\u0131n i\u00e7inden hayat\u0131 g\u00f6steren dron: DEPRON \u00f6\u011frenci elinden do\u011fdu"}]},{"@type":"WebSite","@id":"https:\/\/memurunsesi.net\/#website","url":"https:\/\/memurunsesi.net\/","name":"Memurun Sesi","description":"G\u00fcncel ve Do\u011fru Haber","publisher":{"@id":"https:\/\/memurunsesi.net\/#organization"},"potentialAction":[{"@type":"SearchAction","target":{"@type":"EntryPoint","urlTemplate":"https:\/\/memurunsesi.net\/?s={search_term_string}"},"query-input":{"@type":"PropertyValueSpecification","valueRequired":true,"valueName":"search_term_string"}}],"inLanguage":"tr"},{"@type":"Organization","@id":"https:\/\/memurunsesi.net\/#organization","name":"Memurun Sesi","url":"https:\/\/memurunsesi.net\/","logo":{"@type":"ImageObject","inLanguage":"tr","@id":"https:\/\/memurunsesi.net\/#\/schema\/logo\/image\/","url":"https:\/\/memurunsesi.net\/wp-content\/uploads\/2025\/11\/cropped-MEMURUN-SESI.png","contentUrl":"https:\/\/memurunsesi.net\/wp-content\/uploads\/2025\/11\/cropped-MEMURUN-SESI.png","width":238,"height":57,"caption":"Memurun Sesi"},"image":{"@id":"https:\/\/memurunsesi.net\/#\/schema\/logo\/image\/"},"sameAs":["https:\/\/www.facebook.com\/unipersen\/?locale=tr_TR","https:\/\/x.com\/unipersen"]},{"@type":"Person","@id":"https:\/\/memurunsesi.net\/#\/schema\/person\/f21c2d73b89f6ee1d80b0a1803e38587","name":"Memurun Sesi Haber Merkezi","image":{"@type":"ImageObject","inLanguage":"tr","@id":"https:\/\/secure.gravatar.com\/avatar\/6cf0505f452ee753f485014986fab09a434671d2b919ee76fc541025c5876a70?s=96&d=mm&r=g","url":"https:\/\/secure.gravatar.com\/avatar\/6cf0505f452ee753f485014986fab09a434671d2b919ee76fc541025c5876a70?s=96&d=mm&r=g","contentUrl":"https:\/\/secure.gravatar.com\/avatar\/6cf0505f452ee753f485014986fab09a434671d2b919ee76fc541025c5876a70?s=96&d=mm&r=g","caption":"Memurun Sesi Haber Merkezi"},"sameAs":["https:\/\/memurunsesi.net"],"url":"https:\/\/memurunsesi.net\/index.php\/author\/uniper\/"}]}},"_links":{"self":[{"href":"https:\/\/memurunsesi.net\/index.php\/wp-json\/wp\/v2\/posts\/6416","targetHints":{"allow":["GET"]}}],"collection":[{"href":"https:\/\/memurunsesi.net\/index.php\/wp-json\/wp\/v2\/posts"}],"about":[{"href":"https:\/\/memurunsesi.net\/index.php\/wp-json\/wp\/v2\/types\/post"}],"author":[{"embeddable":true,"href":"https:\/\/memurunsesi.net\/index.php\/wp-json\/wp\/v2\/users\/1"}],"replies":[{"embeddable":true,"href":"https:\/\/memurunsesi.net\/index.php\/wp-json\/wp\/v2\/comments?post=6416"}],"version-history":[{"count":1,"href":"https:\/\/memurunsesi.net\/index.php\/wp-json\/wp\/v2\/posts\/6416\/revisions"}],"predecessor-version":[{"id":6418,"href":"https:\/\/memurunsesi.net\/index.php\/wp-json\/wp\/v2\/posts\/6416\/revisions\/6418"}],"wp:featuredmedia":[{"embeddable":true,"href":"https:\/\/memurunsesi.net\/index.php\/wp-json\/wp\/v2\/media\/6417"}],"wp:attachment":[{"href":"https:\/\/memurunsesi.net\/index.php\/wp-json\/wp\/v2\/media?parent=6416"}],"wp:term":[{"taxonomy":"category","embeddable":true,"href":"https:\/\/memurunsesi.net\/index.php\/wp-json\/wp\/v2\/categories?post=6416"},{"taxonomy":"post_tag","embeddable":true,"href":"https:\/\/memurunsesi.net\/index.php\/wp-json\/wp\/v2\/tags?post=6416"}],"curies":[{"name":"wp","href":"https:\/\/api.w.org\/{rel}","templated":true}]}}