{"id":6431,"date":"2025-05-03T22:24:39","date_gmt":"2025-05-03T19:24:39","guid":{"rendered":"https:\/\/memurunsesi.net\/?p=6431"},"modified":"2025-05-03T22:24:39","modified_gmt":"2025-05-03T19:24:39","slug":"tzob-genel-baskani-bayraktar-65-ilimizde-meyve-bahcelerimiz-don-felaketinden-etkilendi","status":"publish","type":"post","link":"https:\/\/memurunsesi.net\/index.php\/2025\/05\/03\/tzob-genel-baskani-bayraktar-65-ilimizde-meyve-bahcelerimiz-don-felaketinden-etkilendi\/","title":{"rendered":"TZOB Genel Ba\u015fkan\u0131 Bayraktar: &#8220;65 ilimizde meyve bah\u00e7elerimiz don felaketinden etkilendi&#8221;"},"content":{"rendered":"<p> T\u00fcrkiye Ziraat Odalar\u0131 Birli\u011fi (TZOB) Genel Ba\u015fkan\u0131 \u015eemsi Bayraktar, Kahramanmara\u015f&#8217;ta zirai dondan etkilenen bah\u00e7elerde incelemede bulunup a\u00e7\u0131klama yapt\u0131 <\/p>\n<p> T\u00fcrkiye Ziraat Odalar\u0131 Birli\u011fi (TZOB) Genel Ba\u015fkan\u0131 \u015eemsi Bayraktar, &#8220;Oda ba\u015fkanlar\u0131m\u0131z ile yap\u0131lan \u00e7al\u0131\u015fmada 65 ilimizde maalesef meyve bah\u00e7elerimiz don felaketinden etkilendi. Son 30 y\u0131l\u0131n en d\u00fc\u015f\u00fck \u0131s\u0131 de\u011ferleri ile kar\u015f\u0131la\u015ft\u0131k, eksi 20 dereceleri g\u00f6rd\u00fck. Buna ba\u011flar\u0131n ve meyve bah\u00e7elerimizin dayanmas\u0131 m\u00fcmk\u00fcn de\u011fil&#8221; dedi.<br \/>\n  TZOB Genel Ba\u015fkan\u0131 \u015eemsi Bayraktar ve beraberindeki heyet Kahramanmara\u015f\u2019ta zirai dondan etkilenen bah\u00e7elerde incelemelerde bulundu. Dulkadiro\u011flu il\u00e7esindeki ceviz ve \u00fcz\u00fcm \u00fcreticileri ile vatanda\u015flarla bulu\u015fan Bayraktar, eksi 20 dereceler sonras\u0131 zirai don oldu\u011funu ve bir\u00e7ok \u00fcr\u00fcnde verim kayb\u0131n\u0131n ya\u015fanaca\u011f\u0131n\u0131 aktard\u0131. <\/p>\n<p>  Zarar oranlar\u0131 y\u00fczde 100 seviyesinde<br \/>\n  Gazetecilere a\u00e7\u0131klamada bulunan Genel Ba\u015fkan Bayraktar, &#8220;Oda ba\u015fkanlar\u0131m\u0131z ile yap\u0131lan \u00e7al\u0131\u015fmada 65 ilimiz maalesef meyve bah\u00e7elerimiz don felaketinden etkilendi. Son 30 y\u0131l\u0131n en d\u00fc\u015f\u00fck \u0131s\u0131 de\u011ferleri ile kar\u015f\u0131la\u015ft\u0131k, eksi 20 dereceleri g\u00f6rd\u00fck. Buna ba\u011flar\u0131n ve meyve bah\u00e7elerimizin dayanmas\u0131 m\u00fcmk\u00fcn de\u011fil. Bug\u00fcn Kahramanmara\u015f ilimizdeyiz, bu bah\u00e7ede de dallar kurumu\u015f, a\u011fa\u00e7lar\u0131n g\u00f6vdeleri dahi zarar g\u00f6rm\u00fc\u015f durumda. Bu ciddi bir afet. Ba\u015fkanlar\u0131m\u0131zdan ald\u0131\u011f\u0131m\u0131z bilgiler do\u011frultusunda kay\u0131s\u0131, kiraz, ceviz, f\u0131st\u0131k, badem, elma, \u00fcz\u00fcm bah\u00e7elerimiz zarar g\u00f6rd\u00fc. Zarar oranlar\u0131 y\u00fczde 100 seviyesinde. Afetler devam ediyor, ak\u015fam da burada dolu olay\u0131 ile kar\u015f\u0131la\u015ft\u0131 \u00fcreticiler. Zarar g\u00f6rmeyen \u00fcr\u00fcnler de dolu ile zarar g\u00f6rd\u00fc&#8221; diye konu\u015ftu. <\/p>\n<p>  &#8220;Mevsim kaymalar\u0131 ya\u015fad\u0131k&#8221;<br \/>\n  \u0130klim de\u011fi\u015fikli\u011fine de dikkat \u00e7eken Bayraktar, &#8220;Ocak ay\u0131ndan bu yana mevsim kaymalar\u0131n\u0131 ya\u015f\u0131yoruz, bu \u00e7ok al\u0131\u015f\u0131k oldu\u011fumuz bir durum de\u011fil. K\u0131\u015f\u0131n son bahar\u0131 ya\u015fad\u0131k, sonbaharda yaz\u0131 ya\u015fad\u0131k, ilk bahar ay\u0131nda ise k\u0131\u015f\u0131 ya\u015f\u0131yoruz. Bu mevsim kaymalar\u0131 bitkisel \u00fcr\u00fcnleri etkiliyor. Ocak ay\u0131nda ya\u011f\u0131\u015f bekledik ama maalesef kurak ge\u00e7ti yeterli ya\u011f\u0131\u015flar\u0131 alamad\u0131k. \u015eubat ay\u0131nda ya\u011f\u0131\u015f bekledik ama kurak ge\u00e7ti. Hatta baz\u0131 illerimiz \u015eubat ay\u0131ndaki don ile etkilendi. Nisan ay\u0131nda ya\u011f\u0131\u015flar\u0131 bekledik. Ba\u015fta hububat \u00fcr\u00fcnleri olmak \u00fczere bu ya\u011f\u0131\u015flara ihtiya\u00e7 vard\u0131. Ya\u011f\u0131\u015flar geldi ve memnuniyet duyduk. Akabinde beklemedi\u011fimiz kar ya\u011f\u0131\u015f\u0131 oldu beraberinde don olay\u0131n\u0131 ya\u015fad\u0131k. 3 g\u00fcn s\u00fcreyle don olay\u0131n\u0131 ya\u015fad\u0131k ama u\u00e7 noktalarda ya\u015fad\u0131k eksi 20 dereceleri g\u00f6rd\u00fck. \u00dcr\u00fcnlerimizde y\u00fczde y\u00fcz oranda zararlara sebebiyet verdi&#8221; \u015feklinde konu\u015ftu. <\/p>\n<p>  &#8220;Bakanl\u0131k destek verecek&#8221;<br \/>\n  Zirai dondan etkilenen \u00fcreticilere bakanl\u0131\u011f\u0131n destek verece\u011fini de aktaran Bayraktar, &#8220;Gaziantep, Hatay, Adana, Mersin ve Kilis illerimizdeki bir\u00e7ok \u00fcr\u00fcnde zarar var. Bu bilgileri ba\u015fkanlar\u0131m\u0131zdan al\u0131p Ankara\u2019da de\u011ferlendiriyoruz. Bakanl\u0131\u011f\u0131m\u0131z\u0131n bir \u00e7al\u0131\u015fmas\u0131 var, \u00fcretici maliyetleri \u00fczerinden bir tak\u0131m destekler verilecek. Her \u00fcr\u00fcn ile ilgili tar\u0131m m\u00fcd\u00fcrl\u00fcklerinde maliyet \u00e7izelgesi var ve fatura ibraz\u0131na gerek yok. Bu maliyetler \u00fczerinden destek verilecek. \u00d6n\u00fcm\u00fczdeki y\u0131llarda bu don felaketinin etkisi ile bah\u00e7eler \u00fcr\u00fcn vermeyebilir. Bu afetin boyutunu de\u011ferlendirerek \u00fcreticilerimize yard\u0131mc\u0131 olmak laz\u0131m&#8221; diyerek s\u00f6zlerini tamamlad\u0131. <\/p>\n<p>3.05.2025                            <\/p>\n","protected":false},"excerpt":{"rendered":"<p>T\u00fcrkiye Ziraat Odalar\u0131 Birli\u011fi (TZOB) Genel Ba\u015fkan\u0131 \u015eemsi Bayraktar, Kahramanmara\u015f&#8217;ta zirai dondan etkilenen bah\u00e7elerde incelemede bulunup a\u00e7\u0131klama yapt\u0131 T\u00fcrkiye Ziraat Odalar\u0131 Birli\u011fi (TZOB) Genel Ba\u015fkan\u0131 \u015eemsi Bayraktar, &#8220;Oda ba\u015fkanlar\u0131m\u0131z ile yap\u0131lan \u00e7al\u0131\u015fmada 65 ilimizde maalesef meyve bah\u00e7elerimiz don felaketinden etkilendi. Son 30 y\u0131l\u0131n en d\u00fc\u015f\u00fck \u0131s\u0131 de\u011ferleri ile kar\u015f\u0131la\u015ft\u0131k, eksi 20 dereceleri g\u00f6rd\u00fck. Buna ba\u011flar\u0131n [&hellip;]<\/p>\n","protected":false},"author":1,"featured_media":6432,"comment_status":"open","ping_status":"open","sticky":false,"template":"","format":"standard","meta":{"footnotes":""},"categories":[48],"tags":[],"class_list":["post-6431","post","type-post","status-publish","format-standard","has-post-thumbnail","hentry","category-ekonomi"],"yoast_head":"<!-- This site is optimized with the Yoast SEO plugin v27.4 - https:\/\/yoast.com\/product\/yoast-seo-wordpress\/ -->\n<title>TZOB Genel Ba\u015fkan\u0131 Bayraktar: &quot;65 ilimizde meyve bah\u00e7elerimiz don felaketinden etkilendi&quot; - Memurun Sesi<\/title>\n<meta name=\"robots\" content=\"index, follow, max-snippet:-1, max-image-preview:large, max-video-preview:-1\" \/>\n<link rel=\"canonical\" href=\"https:\/\/memurunsesi.net\/index.php\/2025\/05\/03\/tzob-genel-baskani-bayraktar-65-ilimizde-meyve-bahcelerimiz-don-felaketinden-etkilendi\/\" \/>\n<meta property=\"og:locale\" content=\"tr_TR\" \/>\n<meta property=\"og:type\" content=\"article\" \/>\n<meta property=\"og:title\" content=\"TZOB Genel Ba\u015fkan\u0131 Bayraktar: &quot;65 ilimizde meyve bah\u00e7elerimiz don felaketinden etkilendi&quot; - Memurun Sesi\" \/>\n<meta property=\"og:description\" content=\"T\u00fcrkiye Ziraat Odalar\u0131 Birli\u011fi (TZOB) Genel Ba\u015fkan\u0131 \u015eemsi Bayraktar, Kahramanmara\u015f&#8217;ta zirai dondan etkilenen bah\u00e7elerde incelemede bulunup a\u00e7\u0131klama yapt\u0131 T\u00fcrkiye Ziraat Odalar\u0131 Birli\u011fi (TZOB) Genel Ba\u015fkan\u0131 \u015eemsi Bayraktar, &#8220;Oda ba\u015fkanlar\u0131m\u0131z ile yap\u0131lan \u00e7al\u0131\u015fmada 65 ilimizde maalesef meyve bah\u00e7elerimiz don felaketinden etkilendi. Son 30 y\u0131l\u0131n en d\u00fc\u015f\u00fck \u0131s\u0131 de\u011ferleri ile kar\u015f\u0131la\u015ft\u0131k, eksi 20 dereceleri g\u00f6rd\u00fck. Buna ba\u011flar\u0131n [&hellip;]\" \/>\n<meta property=\"og:url\" content=\"https:\/\/memurunsesi.net\/index.php\/2025\/05\/03\/tzob-genel-baskani-bayraktar-65-ilimizde-meyve-bahcelerimiz-don-felaketinden-etkilendi\/\" \/>\n<meta property=\"og:site_name\" content=\"Memurun Sesi\" \/>\n<meta property=\"article:publisher\" content=\"https:\/\/www.facebook.com\/unipersen\/?locale=tr_TR\" \/>\n<meta property=\"article:published_time\" content=\"2025-05-03T19:24:39+00:00\" \/>\n<meta property=\"og:image\" content=\"https:\/\/memurunsesi.net\/wp-content\/uploads\/2025\/05\/AW446328_01-scaled.jpg\" \/>\n\t<meta property=\"og:image:width\" content=\"2560\" \/>\n\t<meta property=\"og:image:height\" content=\"1707\" \/>\n\t<meta property=\"og:image:type\" content=\"image\/jpeg\" \/>\n<meta name=\"author\" content=\"Memurun Sesi Haber Merkezi\" \/>\n<meta name=\"twitter:card\" content=\"summary_large_image\" \/>\n<meta name=\"twitter:creator\" content=\"@unipersen\" \/>\n<meta name=\"twitter:site\" content=\"@unipersen\" \/>\n<meta name=\"twitter:label1\" content=\"Yazan:\" \/>\n\t<meta name=\"twitter:data1\" content=\"Memurun Sesi Haber Merkezi\" \/>\n\t<meta name=\"twitter:label2\" content=\"Tahmini okuma s\u00fcresi\" \/>\n\t<meta name=\"twitter:data2\" content=\"1 dakika\" \/>\n<script type=\"application\/ld+json\" class=\"yoast-schema-graph\">{\"@context\":\"https:\\\/\\\/schema.org\",\"@graph\":[{\"@type\":\"Article\",\"@id\":\"https:\\\/\\\/memurunsesi.net\\\/index.php\\\/2025\\\/05\\\/03\\\/tzob-genel-baskani-bayraktar-65-ilimizde-meyve-bahcelerimiz-don-felaketinden-etkilendi\\\/#article\",\"isPartOf\":{\"@id\":\"https:\\\/\\\/memurunsesi.net\\\/index.php\\\/2025\\\/05\\\/03\\\/tzob-genel-baskani-bayraktar-65-ilimizde-meyve-bahcelerimiz-don-felaketinden-etkilendi\\\/\"},\"author\":{\"name\":\"Memurun Sesi Haber Merkezi\",\"@id\":\"https:\\\/\\\/memurunsesi.net\\\/#\\\/schema\\\/person\\\/f21c2d73b89f6ee1d80b0a1803e38587\"},\"headline\":\"TZOB Genel Ba\u015fkan\u0131 Bayraktar: &#8220;65 ilimizde meyve bah\u00e7elerimiz don felaketinden etkilendi&#8221;\",\"datePublished\":\"2025-05-03T19:24:39+00:00\",\"mainEntityOfPage\":{\"@id\":\"https:\\\/\\\/memurunsesi.net\\\/index.php\\\/2025\\\/05\\\/03\\\/tzob-genel-baskani-bayraktar-65-ilimizde-meyve-bahcelerimiz-don-felaketinden-etkilendi\\\/\"},\"wordCount\":580,\"commentCount\":0,\"publisher\":{\"@id\":\"https:\\\/\\\/memurunsesi.net\\\/#organization\"},\"image\":{\"@id\":\"https:\\\/\\\/memurunsesi.net\\\/index.php\\\/2025\\\/05\\\/03\\\/tzob-genel-baskani-bayraktar-65-ilimizde-meyve-bahcelerimiz-don-felaketinden-etkilendi\\\/#primaryimage\"},\"thumbnailUrl\":\"https:\\\/\\\/memurunsesi.net\\\/wp-content\\\/uploads\\\/2025\\\/05\\\/AW446328_01-scaled.jpg\",\"articleSection\":[\"Ekonomi\"],\"inLanguage\":\"tr\",\"potentialAction\":[{\"@type\":\"CommentAction\",\"name\":\"Comment\",\"target\":[\"https:\\\/\\\/memurunsesi.net\\\/index.php\\\/2025\\\/05\\\/03\\\/tzob-genel-baskani-bayraktar-65-ilimizde-meyve-bahcelerimiz-don-felaketinden-etkilendi\\\/#respond\"]}]},{\"@type\":\"WebPage\",\"@id\":\"https:\\\/\\\/memurunsesi.net\\\/index.php\\\/2025\\\/05\\\/03\\\/tzob-genel-baskani-bayraktar-65-ilimizde-meyve-bahcelerimiz-don-felaketinden-etkilendi\\\/\",\"url\":\"https:\\\/\\\/memurunsesi.net\\\/index.php\\\/2025\\\/05\\\/03\\\/tzob-genel-baskani-bayraktar-65-ilimizde-meyve-bahcelerimiz-don-felaketinden-etkilendi\\\/\",\"name\":\"TZOB Genel Ba\u015fkan\u0131 Bayraktar: \\\"65 ilimizde meyve bah\u00e7elerimiz don felaketinden etkilendi\\\" - Memurun Sesi\",\"isPartOf\":{\"@id\":\"https:\\\/\\\/memurunsesi.net\\\/#website\"},\"primaryImageOfPage\":{\"@id\":\"https:\\\/\\\/memurunsesi.net\\\/index.php\\\/2025\\\/05\\\/03\\\/tzob-genel-baskani-bayraktar-65-ilimizde-meyve-bahcelerimiz-don-felaketinden-etkilendi\\\/#primaryimage\"},\"image\":{\"@id\":\"https:\\\/\\\/memurunsesi.net\\\/index.php\\\/2025\\\/05\\\/03\\\/tzob-genel-baskani-bayraktar-65-ilimizde-meyve-bahcelerimiz-don-felaketinden-etkilendi\\\/#primaryimage\"},\"thumbnailUrl\":\"https:\\\/\\\/memurunsesi.net\\\/wp-content\\\/uploads\\\/2025\\\/05\\\/AW446328_01-scaled.jpg\",\"datePublished\":\"2025-05-03T19:24:39+00:00\",\"breadcrumb\":{\"@id\":\"https:\\\/\\\/memurunsesi.net\\\/index.php\\\/2025\\\/05\\\/03\\\/tzob-genel-baskani-bayraktar-65-ilimizde-meyve-bahcelerimiz-don-felaketinden-etkilendi\\\/#breadcrumb\"},\"inLanguage\":\"tr\",\"potentialAction\":[{\"@type\":\"ReadAction\",\"target\":[\"https:\\\/\\\/memurunsesi.net\\\/index.php\\\/2025\\\/05\\\/03\\\/tzob-genel-baskani-bayraktar-65-ilimizde-meyve-bahcelerimiz-don-felaketinden-etkilendi\\\/\"]}]},{\"@type\":\"ImageObject\",\"inLanguage\":\"tr\",\"@id\":\"https:\\\/\\\/memurunsesi.net\\\/index.php\\\/2025\\\/05\\\/03\\\/tzob-genel-baskani-bayraktar-65-ilimizde-meyve-bahcelerimiz-don-felaketinden-etkilendi\\\/#primaryimage\",\"url\":\"https:\\\/\\\/memurunsesi.net\\\/wp-content\\\/uploads\\\/2025\\\/05\\\/AW446328_01-scaled.jpg\",\"contentUrl\":\"https:\\\/\\\/memurunsesi.net\\\/wp-content\\\/uploads\\\/2025\\\/05\\\/AW446328_01-scaled.jpg\",\"width\":2560,\"height\":1707,\"caption\":\"T\u00dcRK\u0130YE Z\u0130RAAT ODALARI B\u0130RL\u0130\u011e\u0130 GENEL BA\u015eKANI (TZOB) \u015eEMS\u0130 BAYRAKTAR, \\\"ODA BA\u015eKANLARIMIZ \u0130LE YAPILAN \u00c7ALI\u015eMADA 65 \u0130L\u0130M\u0130Z MAALESEF MEYVE BAH\u00c7ELER\u0130M\u0130Z DON FELAKET\u0130NDEN ETK\u0130LEND\u0130. SON 30 YILIN EN D\u00dc\u015e\u00dcK ISI DE\u011eERLER\u0130 \u0130LE KAR\u015eILA\u015eTIK EKS\u0130 20 DERECELER\u0130 G\u00d6RD\u00dcK. BUNA BA\u011eLARIN VE MEYVE BAH\u00c7ELER\u0130M\u0130Z\u0130N DAYANMASI M\u00dcMK\u00dcN DE\u011e\u0130L\\\" DED\u0130. (HAL\u0130L ULUBEY\\\/KAHRAMANMARA\u015e-\u0130HA) T\u00fcrkiye Ziraat Odalar\u0131 Birli\u011fi (TZOB) Genel Ba\u015fkan\u0131 \u015eemsi Bayraktar, \\\"Oda ba\u015fkanlar\u0131m\u0131z ile yap\u0131lan \u00e7al\u0131\u015fmada 65 ilimizde maalesef meyve bah\u00e7elerimiz don felaketinden etkilendi. Son 30 y\u0131l\u0131n en d\u00fc\u015f\u00fck \u0131s\u0131 de\u011ferleri ile kar\u015f\u0131la\u015ft\u0131k, eksi 20 dereceleri g\u00f6rd\u00fck. Buna ba\u011flar\u0131n ve meyve bah\u00e7elerimizin dayanmas\u0131 m\u00fcmk\u00fcn de\u011fil\\\" dedi.\"},{\"@type\":\"BreadcrumbList\",\"@id\":\"https:\\\/\\\/memurunsesi.net\\\/index.php\\\/2025\\\/05\\\/03\\\/tzob-genel-baskani-bayraktar-65-ilimizde-meyve-bahcelerimiz-don-felaketinden-etkilendi\\\/#breadcrumb\",\"itemListElement\":[{\"@type\":\"ListItem\",\"position\":1,\"name\":\"Anasayfa\",\"item\":\"https:\\\/\\\/memurunsesi.net\\\/\"},{\"@type\":\"ListItem\",\"position\":2,\"name\":\"TZOB Genel Ba\u015fkan\u0131 Bayraktar: &#8220;65 ilimizde meyve bah\u00e7elerimiz don felaketinden etkilendi&#8221;\"}]},{\"@type\":\"WebSite\",\"@id\":\"https:\\\/\\\/memurunsesi.net\\\/#website\",\"url\":\"https:\\\/\\\/memurunsesi.net\\\/\",\"name\":\"Memurun Sesi\",\"description\":\"G\u00fcncel ve Do\u011fru Haber\",\"publisher\":{\"@id\":\"https:\\\/\\\/memurunsesi.net\\\/#organization\"},\"potentialAction\":[{\"@type\":\"SearchAction\",\"target\":{\"@type\":\"EntryPoint\",\"urlTemplate\":\"https:\\\/\\\/memurunsesi.net\\\/?s={search_term_string}\"},\"query-input\":{\"@type\":\"PropertyValueSpecification\",\"valueRequired\":true,\"valueName\":\"search_term_string\"}}],\"inLanguage\":\"tr\"},{\"@type\":\"Organization\",\"@id\":\"https:\\\/\\\/memurunsesi.net\\\/#organization\",\"name\":\"Memurun Sesi\",\"url\":\"https:\\\/\\\/memurunsesi.net\\\/\",\"logo\":{\"@type\":\"ImageObject\",\"inLanguage\":\"tr\",\"@id\":\"https:\\\/\\\/memurunsesi.net\\\/#\\\/schema\\\/logo\\\/image\\\/\",\"url\":\"https:\\\/\\\/memurunsesi.net\\\/wp-content\\\/uploads\\\/2025\\\/11\\\/cropped-MEMURUN-SESI.png\",\"contentUrl\":\"https:\\\/\\\/memurunsesi.net\\\/wp-content\\\/uploads\\\/2025\\\/11\\\/cropped-MEMURUN-SESI.png\",\"width\":238,\"height\":57,\"caption\":\"Memurun Sesi\"},\"image\":{\"@id\":\"https:\\\/\\\/memurunsesi.net\\\/#\\\/schema\\\/logo\\\/image\\\/\"},\"sameAs\":[\"https:\\\/\\\/www.facebook.com\\\/unipersen\\\/?locale=tr_TR\",\"https:\\\/\\\/x.com\\\/unipersen\"]},{\"@type\":\"Person\",\"@id\":\"https:\\\/\\\/memurunsesi.net\\\/#\\\/schema\\\/person\\\/f21c2d73b89f6ee1d80b0a1803e38587\",\"name\":\"Memurun Sesi Haber Merkezi\",\"image\":{\"@type\":\"ImageObject\",\"inLanguage\":\"tr\",\"@id\":\"https:\\\/\\\/secure.gravatar.com\\\/avatar\\\/6cf0505f452ee753f485014986fab09a434671d2b919ee76fc541025c5876a70?s=96&d=mm&r=g\",\"url\":\"https:\\\/\\\/secure.gravatar.com\\\/avatar\\\/6cf0505f452ee753f485014986fab09a434671d2b919ee76fc541025c5876a70?s=96&d=mm&r=g\",\"contentUrl\":\"https:\\\/\\\/secure.gravatar.com\\\/avatar\\\/6cf0505f452ee753f485014986fab09a434671d2b919ee76fc541025c5876a70?s=96&d=mm&r=g\",\"caption\":\"Memurun Sesi Haber Merkezi\"},\"sameAs\":[\"https:\\\/\\\/memurunsesi.net\"],\"url\":\"https:\\\/\\\/memurunsesi.net\\\/index.php\\\/author\\\/uniper\\\/\"}]}<\/script>\n<!-- \/ Yoast SEO plugin. -->","yoast_head_json":{"title":"TZOB Genel Ba\u015fkan\u0131 Bayraktar: \"65 ilimizde meyve bah\u00e7elerimiz don felaketinden etkilendi\" - Memurun Sesi","robots":{"index":"index","follow":"follow","max-snippet":"max-snippet:-1","max-image-preview":"max-image-preview:large","max-video-preview":"max-video-preview:-1"},"canonical":"https:\/\/memurunsesi.net\/index.php\/2025\/05\/03\/tzob-genel-baskani-bayraktar-65-ilimizde-meyve-bahcelerimiz-don-felaketinden-etkilendi\/","og_locale":"tr_TR","og_type":"article","og_title":"TZOB Genel Ba\u015fkan\u0131 Bayraktar: \"65 ilimizde meyve bah\u00e7elerimiz don felaketinden etkilendi\" - Memurun Sesi","og_description":"T\u00fcrkiye Ziraat Odalar\u0131 Birli\u011fi (TZOB) Genel Ba\u015fkan\u0131 \u015eemsi Bayraktar, Kahramanmara\u015f&#8217;ta zirai dondan etkilenen bah\u00e7elerde incelemede bulunup a\u00e7\u0131klama yapt\u0131 T\u00fcrkiye Ziraat Odalar\u0131 Birli\u011fi (TZOB) Genel Ba\u015fkan\u0131 \u015eemsi Bayraktar, &#8220;Oda ba\u015fkanlar\u0131m\u0131z ile yap\u0131lan \u00e7al\u0131\u015fmada 65 ilimizde maalesef meyve bah\u00e7elerimiz don felaketinden etkilendi. Son 30 y\u0131l\u0131n en d\u00fc\u015f\u00fck \u0131s\u0131 de\u011ferleri ile kar\u015f\u0131la\u015ft\u0131k, eksi 20 dereceleri g\u00f6rd\u00fck. Buna ba\u011flar\u0131n [&hellip;]","og_url":"https:\/\/memurunsesi.net\/index.php\/2025\/05\/03\/tzob-genel-baskani-bayraktar-65-ilimizde-meyve-bahcelerimiz-don-felaketinden-etkilendi\/","og_site_name":"Memurun Sesi","article_publisher":"https:\/\/www.facebook.com\/unipersen\/?locale=tr_TR","article_published_time":"2025-05-03T19:24:39+00:00","og_image":[{"width":2560,"height":1707,"url":"https:\/\/memurunsesi.net\/wp-content\/uploads\/2025\/05\/AW446328_01-scaled.jpg","type":"image\/jpeg"}],"author":"Memurun Sesi Haber Merkezi","twitter_card":"summary_large_image","twitter_creator":"@unipersen","twitter_site":"@unipersen","twitter_misc":{"Yazan:":"Memurun Sesi Haber Merkezi","Tahmini okuma s\u00fcresi":"1 dakika"},"schema":{"@context":"https:\/\/schema.org","@graph":[{"@type":"Article","@id":"https:\/\/memurunsesi.net\/index.php\/2025\/05\/03\/tzob-genel-baskani-bayraktar-65-ilimizde-meyve-bahcelerimiz-don-felaketinden-etkilendi\/#article","isPartOf":{"@id":"https:\/\/memurunsesi.net\/index.php\/2025\/05\/03\/tzob-genel-baskani-bayraktar-65-ilimizde-meyve-bahcelerimiz-don-felaketinden-etkilendi\/"},"author":{"name":"Memurun Sesi Haber Merkezi","@id":"https:\/\/memurunsesi.net\/#\/schema\/person\/f21c2d73b89f6ee1d80b0a1803e38587"},"headline":"TZOB Genel Ba\u015fkan\u0131 Bayraktar: &#8220;65 ilimizde meyve bah\u00e7elerimiz don felaketinden etkilendi&#8221;","datePublished":"2025-05-03T19:24:39+00:00","mainEntityOfPage":{"@id":"https:\/\/memurunsesi.net\/index.php\/2025\/05\/03\/tzob-genel-baskani-bayraktar-65-ilimizde-meyve-bahcelerimiz-don-felaketinden-etkilendi\/"},"wordCount":580,"commentCount":0,"publisher":{"@id":"https:\/\/memurunsesi.net\/#organization"},"image":{"@id":"https:\/\/memurunsesi.net\/index.php\/2025\/05\/03\/tzob-genel-baskani-bayraktar-65-ilimizde-meyve-bahcelerimiz-don-felaketinden-etkilendi\/#primaryimage"},"thumbnailUrl":"https:\/\/memurunsesi.net\/wp-content\/uploads\/2025\/05\/AW446328_01-scaled.jpg","articleSection":["Ekonomi"],"inLanguage":"tr","potentialAction":[{"@type":"CommentAction","name":"Comment","target":["https:\/\/memurunsesi.net\/index.php\/2025\/05\/03\/tzob-genel-baskani-bayraktar-65-ilimizde-meyve-bahcelerimiz-don-felaketinden-etkilendi\/#respond"]}]},{"@type":"WebPage","@id":"https:\/\/memurunsesi.net\/index.php\/2025\/05\/03\/tzob-genel-baskani-bayraktar-65-ilimizde-meyve-bahcelerimiz-don-felaketinden-etkilendi\/","url":"https:\/\/memurunsesi.net\/index.php\/2025\/05\/03\/tzob-genel-baskani-bayraktar-65-ilimizde-meyve-bahcelerimiz-don-felaketinden-etkilendi\/","name":"TZOB Genel Ba\u015fkan\u0131 Bayraktar: \"65 ilimizde meyve bah\u00e7elerimiz don felaketinden etkilendi\" - Memurun Sesi","isPartOf":{"@id":"https:\/\/memurunsesi.net\/#website"},"primaryImageOfPage":{"@id":"https:\/\/memurunsesi.net\/index.php\/2025\/05\/03\/tzob-genel-baskani-bayraktar-65-ilimizde-meyve-bahcelerimiz-don-felaketinden-etkilendi\/#primaryimage"},"image":{"@id":"https:\/\/memurunsesi.net\/index.php\/2025\/05\/03\/tzob-genel-baskani-bayraktar-65-ilimizde-meyve-bahcelerimiz-don-felaketinden-etkilendi\/#primaryimage"},"thumbnailUrl":"https:\/\/memurunsesi.net\/wp-content\/uploads\/2025\/05\/AW446328_01-scaled.jpg","datePublished":"2025-05-03T19:24:39+00:00","breadcrumb":{"@id":"https:\/\/memurunsesi.net\/index.php\/2025\/05\/03\/tzob-genel-baskani-bayraktar-65-ilimizde-meyve-bahcelerimiz-don-felaketinden-etkilendi\/#breadcrumb"},"inLanguage":"tr","potentialAction":[{"@type":"ReadAction","target":["https:\/\/memurunsesi.net\/index.php\/2025\/05\/03\/tzob-genel-baskani-bayraktar-65-ilimizde-meyve-bahcelerimiz-don-felaketinden-etkilendi\/"]}]},{"@type":"ImageObject","inLanguage":"tr","@id":"https:\/\/memurunsesi.net\/index.php\/2025\/05\/03\/tzob-genel-baskani-bayraktar-65-ilimizde-meyve-bahcelerimiz-don-felaketinden-etkilendi\/#primaryimage","url":"https:\/\/memurunsesi.net\/wp-content\/uploads\/2025\/05\/AW446328_01-scaled.jpg","contentUrl":"https:\/\/memurunsesi.net\/wp-content\/uploads\/2025\/05\/AW446328_01-scaled.jpg","width":2560,"height":1707,"caption":"T\u00dcRK\u0130YE Z\u0130RAAT ODALARI B\u0130RL\u0130\u011e\u0130 GENEL BA\u015eKANI (TZOB) \u015eEMS\u0130 BAYRAKTAR, \"ODA BA\u015eKANLARIMIZ \u0130LE YAPILAN \u00c7ALI\u015eMADA 65 \u0130L\u0130M\u0130Z MAALESEF MEYVE BAH\u00c7ELER\u0130M\u0130Z DON FELAKET\u0130NDEN ETK\u0130LEND\u0130. SON 30 YILIN EN D\u00dc\u015e\u00dcK ISI DE\u011eERLER\u0130 \u0130LE KAR\u015eILA\u015eTIK EKS\u0130 20 DERECELER\u0130 G\u00d6RD\u00dcK. BUNA BA\u011eLARIN VE MEYVE BAH\u00c7ELER\u0130M\u0130Z\u0130N DAYANMASI M\u00dcMK\u00dcN DE\u011e\u0130L\" DED\u0130. (HAL\u0130L ULUBEY\/KAHRAMANMARA\u015e-\u0130HA) T\u00fcrkiye Ziraat Odalar\u0131 Birli\u011fi (TZOB) Genel Ba\u015fkan\u0131 \u015eemsi Bayraktar, \"Oda ba\u015fkanlar\u0131m\u0131z ile yap\u0131lan \u00e7al\u0131\u015fmada 65 ilimizde maalesef meyve bah\u00e7elerimiz don felaketinden etkilendi. Son 30 y\u0131l\u0131n en d\u00fc\u015f\u00fck \u0131s\u0131 de\u011ferleri ile kar\u015f\u0131la\u015ft\u0131k, eksi 20 dereceleri g\u00f6rd\u00fck. Buna ba\u011flar\u0131n ve meyve bah\u00e7elerimizin dayanmas\u0131 m\u00fcmk\u00fcn de\u011fil\" dedi."},{"@type":"BreadcrumbList","@id":"https:\/\/memurunsesi.net\/index.php\/2025\/05\/03\/tzob-genel-baskani-bayraktar-65-ilimizde-meyve-bahcelerimiz-don-felaketinden-etkilendi\/#breadcrumb","itemListElement":[{"@type":"ListItem","position":1,"name":"Anasayfa","item":"https:\/\/memurunsesi.net\/"},{"@type":"ListItem","position":2,"name":"TZOB Genel Ba\u015fkan\u0131 Bayraktar: &#8220;65 ilimizde meyve bah\u00e7elerimiz don felaketinden etkilendi&#8221;"}]},{"@type":"WebSite","@id":"https:\/\/memurunsesi.net\/#website","url":"https:\/\/memurunsesi.net\/","name":"Memurun Sesi","description":"G\u00fcncel ve Do\u011fru Haber","publisher":{"@id":"https:\/\/memurunsesi.net\/#organization"},"potentialAction":[{"@type":"SearchAction","target":{"@type":"EntryPoint","urlTemplate":"https:\/\/memurunsesi.net\/?s={search_term_string}"},"query-input":{"@type":"PropertyValueSpecification","valueRequired":true,"valueName":"search_term_string"}}],"inLanguage":"tr"},{"@type":"Organization","@id":"https:\/\/memurunsesi.net\/#organization","name":"Memurun Sesi","url":"https:\/\/memurunsesi.net\/","logo":{"@type":"ImageObject","inLanguage":"tr","@id":"https:\/\/memurunsesi.net\/#\/schema\/logo\/image\/","url":"https:\/\/memurunsesi.net\/wp-content\/uploads\/2025\/11\/cropped-MEMURUN-SESI.png","contentUrl":"https:\/\/memurunsesi.net\/wp-content\/uploads\/2025\/11\/cropped-MEMURUN-SESI.png","width":238,"height":57,"caption":"Memurun Sesi"},"image":{"@id":"https:\/\/memurunsesi.net\/#\/schema\/logo\/image\/"},"sameAs":["https:\/\/www.facebook.com\/unipersen\/?locale=tr_TR","https:\/\/x.com\/unipersen"]},{"@type":"Person","@id":"https:\/\/memurunsesi.net\/#\/schema\/person\/f21c2d73b89f6ee1d80b0a1803e38587","name":"Memurun Sesi Haber Merkezi","image":{"@type":"ImageObject","inLanguage":"tr","@id":"https:\/\/secure.gravatar.com\/avatar\/6cf0505f452ee753f485014986fab09a434671d2b919ee76fc541025c5876a70?s=96&d=mm&r=g","url":"https:\/\/secure.gravatar.com\/avatar\/6cf0505f452ee753f485014986fab09a434671d2b919ee76fc541025c5876a70?s=96&d=mm&r=g","contentUrl":"https:\/\/secure.gravatar.com\/avatar\/6cf0505f452ee753f485014986fab09a434671d2b919ee76fc541025c5876a70?s=96&d=mm&r=g","caption":"Memurun Sesi Haber Merkezi"},"sameAs":["https:\/\/memurunsesi.net"],"url":"https:\/\/memurunsesi.net\/index.php\/author\/uniper\/"}]}},"_links":{"self":[{"href":"https:\/\/memurunsesi.net\/index.php\/wp-json\/wp\/v2\/posts\/6431","targetHints":{"allow":["GET"]}}],"collection":[{"href":"https:\/\/memurunsesi.net\/index.php\/wp-json\/wp\/v2\/posts"}],"about":[{"href":"https:\/\/memurunsesi.net\/index.php\/wp-json\/wp\/v2\/types\/post"}],"author":[{"embeddable":true,"href":"https:\/\/memurunsesi.net\/index.php\/wp-json\/wp\/v2\/users\/1"}],"replies":[{"embeddable":true,"href":"https:\/\/memurunsesi.net\/index.php\/wp-json\/wp\/v2\/comments?post=6431"}],"version-history":[{"count":1,"href":"https:\/\/memurunsesi.net\/index.php\/wp-json\/wp\/v2\/posts\/6431\/revisions"}],"predecessor-version":[{"id":6433,"href":"https:\/\/memurunsesi.net\/index.php\/wp-json\/wp\/v2\/posts\/6431\/revisions\/6433"}],"wp:featuredmedia":[{"embeddable":true,"href":"https:\/\/memurunsesi.net\/index.php\/wp-json\/wp\/v2\/media\/6432"}],"wp:attachment":[{"href":"https:\/\/memurunsesi.net\/index.php\/wp-json\/wp\/v2\/media?parent=6431"}],"wp:term":[{"taxonomy":"category","embeddable":true,"href":"https:\/\/memurunsesi.net\/index.php\/wp-json\/wp\/v2\/categories?post=6431"},{"taxonomy":"post_tag","embeddable":true,"href":"https:\/\/memurunsesi.net\/index.php\/wp-json\/wp\/v2\/tags?post=6431"}],"curies":[{"name":"wp","href":"https:\/\/api.w.org\/{rel}","templated":true}]}}