{"id":6464,"date":"2025-05-04T08:55:00","date_gmt":"2025-05-04T05:55:00","guid":{"rendered":"https:\/\/memurunsesi.net\/?p=6464"},"modified":"2025-05-04T08:55:00","modified_gmt":"2025-05-04T05:55:00","slug":"kurt-kurbanlik-kuzulari-telef-etti","status":"publish","type":"post","link":"https:\/\/memurunsesi.net\/index.php\/2025\/05\/04\/kurt-kurbanlik-kuzulari-telef-etti\/","title":{"rendered":"Kurt, kurbanl\u0131k kuzular\u0131 telef etti"},"content":{"rendered":"<p> Denizli&#8217;nin Honaz il\u00e7esinde Kurban Bayram\u0131 i\u00e7in beslenen kurbanl\u0131klar\u0131n bulundu\u011fu a\u011f\u0131la giren kurt, 6 kuzuyu par\u00e7alayarak telef etti.   <\/p>\n<p>Denizli&#8217;nin Honaz il\u00e7esine ba\u011fl\u0131 K\u0131z\u0131lyer Mahallesi&#8217;nde k\u00fc\u00e7\u00fckba\u015f hayvan yeti\u015ftiricisi Mustafa Akbay&#8217;\u0131n Kurban Bayram\u0131&#8217;na satmak i\u00e7in besledi\u011fi kuzular\u0131n bulundu\u011fu a\u011f\u0131la gece ge\u00e7 saatlerde kurt girdi. A\u011f\u0131l i\u00e7indeki kurbanl\u0131k kuzulardan 6 tanesini bo\u011farak \u00f6ld\u00fcren kurt, baz\u0131 koyunlar\u0131 da par\u00e7alayarak telef etti. Sabah uyand\u0131\u011f\u0131nda hayvanlar\u0131na yem vermek i\u00e7in a\u011f\u0131la gelen yeti\u015ftirici b\u00fcy\u00fck \u00fcz\u00fcnt\u00fc ya\u015fad\u0131. <\/p>\n<p>  K\u0131z\u0131lyer Mahallesi&#8217;nde iki \u00fc\u00e7 g\u00fcn \u00f6ncede ba\u015fka bir a\u011f\u0131la kurt sald\u0131r\u0131s\u0131 oldu\u011funu anlatan besici Mustafa Akbay, &#8220;Kurban Bayram\u0131&#8217;nda satmak i\u00e7in aylard\u0131r besledi\u011fimiz kuzular\u0131m\u0131z\u0131n bulundu\u011fu a\u011f\u0131la gece kurt girmi\u015f. 6 koyunumuz telef oldu. Kurbanda sat\u0131p, aylard\u0131r verdi\u011fim emeklerin kar\u015f\u0131l\u0131\u011f\u0131n\u0131 almak i\u00e7in besledi\u011fim kuzular bir gecede telef oldu gitti. Sabah hayvanlar\u0131 yemlemek i\u00e7in a\u011f\u0131la geldi\u011fimde, k\u00f6t\u00fc manzara ile kar\u015f\u0131la\u015ft\u0131m. Zarar\u0131m \u00e7ok b\u00fcy\u00fck. Daha \u00f6nce de mahallemizdeki a\u011f\u0131llara b\u00f6yle kurt sald\u0131r\u0131lar\u0131 oldu. Benim a\u011f\u0131l\u0131mda farkl\u0131 b\u00f6l\u00fcmlerde tuttu\u011fum kuzular, di\u015fi koyunlar vard\u0131. Kurt, Allah&#8217;tan o b\u00f6l\u00fcmlere girmemi\u015f&#8221; diye konu\u015ftu. <\/p>\n<p>4.05.2025                           <\/p>\n","protected":false},"excerpt":{"rendered":"<p>Denizli&#8217;nin Honaz il\u00e7esinde Kurban Bayram\u0131 i\u00e7in beslenen kurbanl\u0131klar\u0131n bulundu\u011fu a\u011f\u0131la giren kurt, 6 kuzuyu par\u00e7alayarak telef etti. Denizli&#8217;nin Honaz il\u00e7esine ba\u011fl\u0131 K\u0131z\u0131lyer Mahallesi&#8217;nde k\u00fc\u00e7\u00fckba\u015f hayvan yeti\u015ftiricisi Mustafa Akbay&#8217;\u0131n Kurban Bayram\u0131&#8217;na satmak i\u00e7in besledi\u011fi kuzular\u0131n bulundu\u011fu a\u011f\u0131la gece ge\u00e7 saatlerde kurt girdi. A\u011f\u0131l i\u00e7indeki kurbanl\u0131k kuzulardan 6 tanesini bo\u011farak \u00f6ld\u00fcren kurt, baz\u0131 koyunlar\u0131 da par\u00e7alayarak telef [&hellip;]<\/p>\n","protected":false},"author":1,"featured_media":0,"comment_status":"open","ping_status":"open","sticky":false,"template":"","format":"standard","meta":{"footnotes":""},"categories":[50],"tags":[],"class_list":["post-6464","post","type-post","status-publish","format-standard","hentry","category-tum-haberler"],"yoast_head":"<!-- This site is optimized with the Yoast SEO plugin v27.4 - https:\/\/yoast.com\/product\/yoast-seo-wordpress\/ -->\n<title>Kurt, kurbanl\u0131k kuzular\u0131 telef etti - Memurun Sesi<\/title>\n<meta name=\"robots\" content=\"index, follow, max-snippet:-1, max-image-preview:large, max-video-preview:-1\" \/>\n<link rel=\"canonical\" href=\"https:\/\/memurunsesi.net\/index.php\/2025\/05\/04\/kurt-kurbanlik-kuzulari-telef-etti\/\" \/>\n<meta property=\"og:locale\" content=\"tr_TR\" \/>\n<meta property=\"og:type\" content=\"article\" \/>\n<meta property=\"og:title\" content=\"Kurt, kurbanl\u0131k kuzular\u0131 telef etti - Memurun Sesi\" \/>\n<meta property=\"og:description\" content=\"Denizli&#8217;nin Honaz il\u00e7esinde Kurban Bayram\u0131 i\u00e7in beslenen kurbanl\u0131klar\u0131n bulundu\u011fu a\u011f\u0131la giren kurt, 6 kuzuyu par\u00e7alayarak telef etti. Denizli&#8217;nin Honaz il\u00e7esine ba\u011fl\u0131 K\u0131z\u0131lyer Mahallesi&#8217;nde k\u00fc\u00e7\u00fckba\u015f hayvan yeti\u015ftiricisi Mustafa Akbay&#8217;\u0131n Kurban Bayram\u0131&#8217;na satmak i\u00e7in besledi\u011fi kuzular\u0131n bulundu\u011fu a\u011f\u0131la gece ge\u00e7 saatlerde kurt girdi. A\u011f\u0131l i\u00e7indeki kurbanl\u0131k kuzulardan 6 tanesini bo\u011farak \u00f6ld\u00fcren kurt, baz\u0131 koyunlar\u0131 da par\u00e7alayarak telef [&hellip;]\" \/>\n<meta property=\"og:url\" content=\"https:\/\/memurunsesi.net\/index.php\/2025\/05\/04\/kurt-kurbanlik-kuzulari-telef-etti\/\" \/>\n<meta property=\"og:site_name\" content=\"Memurun Sesi\" \/>\n<meta property=\"article:publisher\" content=\"https:\/\/www.facebook.com\/unipersen\/?locale=tr_TR\" \/>\n<meta property=\"article:published_time\" content=\"2025-05-04T05:55:00+00:00\" \/>\n<meta name=\"author\" content=\"Memurun Sesi Haber Merkezi\" \/>\n<meta name=\"twitter:card\" content=\"summary_large_image\" \/>\n<meta name=\"twitter:creator\" content=\"@unipersen\" \/>\n<meta name=\"twitter:site\" content=\"@unipersen\" \/>\n<meta name=\"twitter:label1\" content=\"Yazan:\" \/>\n\t<meta name=\"twitter:data1\" content=\"Memurun Sesi Haber Merkezi\" \/>\n\t<meta name=\"twitter:label2\" content=\"Tahmini okuma s\u00fcresi\" \/>\n\t<meta name=\"twitter:data2\" content=\"1 dakika\" \/>\n<script type=\"application\/ld+json\" class=\"yoast-schema-graph\">{\"@context\":\"https:\\\/\\\/schema.org\",\"@graph\":[{\"@type\":\"Article\",\"@id\":\"https:\\\/\\\/memurunsesi.net\\\/index.php\\\/2025\\\/05\\\/04\\\/kurt-kurbanlik-kuzulari-telef-etti\\\/#article\",\"isPartOf\":{\"@id\":\"https:\\\/\\\/memurunsesi.net\\\/index.php\\\/2025\\\/05\\\/04\\\/kurt-kurbanlik-kuzulari-telef-etti\\\/\"},\"author\":{\"name\":\"Memurun Sesi Haber Merkezi\",\"@id\":\"https:\\\/\\\/memurunsesi.net\\\/#\\\/schema\\\/person\\\/f21c2d73b89f6ee1d80b0a1803e38587\"},\"headline\":\"Kurt, kurbanl\u0131k kuzular\u0131 telef etti\",\"datePublished\":\"2025-05-04T05:55:00+00:00\",\"mainEntityOfPage\":{\"@id\":\"https:\\\/\\\/memurunsesi.net\\\/index.php\\\/2025\\\/05\\\/04\\\/kurt-kurbanlik-kuzulari-telef-etti\\\/\"},\"wordCount\":242,\"commentCount\":0,\"publisher\":{\"@id\":\"https:\\\/\\\/memurunsesi.net\\\/#organization\"},\"articleSection\":[\"T\u00fcm Haberler\"],\"inLanguage\":\"tr\",\"potentialAction\":[{\"@type\":\"CommentAction\",\"name\":\"Comment\",\"target\":[\"https:\\\/\\\/memurunsesi.net\\\/index.php\\\/2025\\\/05\\\/04\\\/kurt-kurbanlik-kuzulari-telef-etti\\\/#respond\"]}]},{\"@type\":\"WebPage\",\"@id\":\"https:\\\/\\\/memurunsesi.net\\\/index.php\\\/2025\\\/05\\\/04\\\/kurt-kurbanlik-kuzulari-telef-etti\\\/\",\"url\":\"https:\\\/\\\/memurunsesi.net\\\/index.php\\\/2025\\\/05\\\/04\\\/kurt-kurbanlik-kuzulari-telef-etti\\\/\",\"name\":\"Kurt, kurbanl\u0131k kuzular\u0131 telef etti - Memurun Sesi\",\"isPartOf\":{\"@id\":\"https:\\\/\\\/memurunsesi.net\\\/#website\"},\"datePublished\":\"2025-05-04T05:55:00+00:00\",\"breadcrumb\":{\"@id\":\"https:\\\/\\\/memurunsesi.net\\\/index.php\\\/2025\\\/05\\\/04\\\/kurt-kurbanlik-kuzulari-telef-etti\\\/#breadcrumb\"},\"inLanguage\":\"tr\",\"potentialAction\":[{\"@type\":\"ReadAction\",\"target\":[\"https:\\\/\\\/memurunsesi.net\\\/index.php\\\/2025\\\/05\\\/04\\\/kurt-kurbanlik-kuzulari-telef-etti\\\/\"]}]},{\"@type\":\"BreadcrumbList\",\"@id\":\"https:\\\/\\\/memurunsesi.net\\\/index.php\\\/2025\\\/05\\\/04\\\/kurt-kurbanlik-kuzulari-telef-etti\\\/#breadcrumb\",\"itemListElement\":[{\"@type\":\"ListItem\",\"position\":1,\"name\":\"Anasayfa\",\"item\":\"https:\\\/\\\/memurunsesi.net\\\/\"},{\"@type\":\"ListItem\",\"position\":2,\"name\":\"Kurt, kurbanl\u0131k kuzular\u0131 telef etti\"}]},{\"@type\":\"WebSite\",\"@id\":\"https:\\\/\\\/memurunsesi.net\\\/#website\",\"url\":\"https:\\\/\\\/memurunsesi.net\\\/\",\"name\":\"Memurun Sesi\",\"description\":\"G\u00fcncel ve Do\u011fru Haber\",\"publisher\":{\"@id\":\"https:\\\/\\\/memurunsesi.net\\\/#organization\"},\"potentialAction\":[{\"@type\":\"SearchAction\",\"target\":{\"@type\":\"EntryPoint\",\"urlTemplate\":\"https:\\\/\\\/memurunsesi.net\\\/?s={search_term_string}\"},\"query-input\":{\"@type\":\"PropertyValueSpecification\",\"valueRequired\":true,\"valueName\":\"search_term_string\"}}],\"inLanguage\":\"tr\"},{\"@type\":\"Organization\",\"@id\":\"https:\\\/\\\/memurunsesi.net\\\/#organization\",\"name\":\"Memurun Sesi\",\"url\":\"https:\\\/\\\/memurunsesi.net\\\/\",\"logo\":{\"@type\":\"ImageObject\",\"inLanguage\":\"tr\",\"@id\":\"https:\\\/\\\/memurunsesi.net\\\/#\\\/schema\\\/logo\\\/image\\\/\",\"url\":\"https:\\\/\\\/memurunsesi.net\\\/wp-content\\\/uploads\\\/2025\\\/11\\\/cropped-MEMURUN-SESI.png\",\"contentUrl\":\"https:\\\/\\\/memurunsesi.net\\\/wp-content\\\/uploads\\\/2025\\\/11\\\/cropped-MEMURUN-SESI.png\",\"width\":238,\"height\":57,\"caption\":\"Memurun Sesi\"},\"image\":{\"@id\":\"https:\\\/\\\/memurunsesi.net\\\/#\\\/schema\\\/logo\\\/image\\\/\"},\"sameAs\":[\"https:\\\/\\\/www.facebook.com\\\/unipersen\\\/?locale=tr_TR\",\"https:\\\/\\\/x.com\\\/unipersen\"]},{\"@type\":\"Person\",\"@id\":\"https:\\\/\\\/memurunsesi.net\\\/#\\\/schema\\\/person\\\/f21c2d73b89f6ee1d80b0a1803e38587\",\"name\":\"Memurun Sesi Haber Merkezi\",\"image\":{\"@type\":\"ImageObject\",\"inLanguage\":\"tr\",\"@id\":\"https:\\\/\\\/secure.gravatar.com\\\/avatar\\\/6cf0505f452ee753f485014986fab09a434671d2b919ee76fc541025c5876a70?s=96&d=mm&r=g\",\"url\":\"https:\\\/\\\/secure.gravatar.com\\\/avatar\\\/6cf0505f452ee753f485014986fab09a434671d2b919ee76fc541025c5876a70?s=96&d=mm&r=g\",\"contentUrl\":\"https:\\\/\\\/secure.gravatar.com\\\/avatar\\\/6cf0505f452ee753f485014986fab09a434671d2b919ee76fc541025c5876a70?s=96&d=mm&r=g\",\"caption\":\"Memurun Sesi Haber Merkezi\"},\"sameAs\":[\"https:\\\/\\\/memurunsesi.net\"],\"url\":\"https:\\\/\\\/memurunsesi.net\\\/index.php\\\/author\\\/uniper\\\/\"}]}<\/script>\n<!-- \/ Yoast SEO plugin. -->","yoast_head_json":{"title":"Kurt, kurbanl\u0131k kuzular\u0131 telef etti - Memurun Sesi","robots":{"index":"index","follow":"follow","max-snippet":"max-snippet:-1","max-image-preview":"max-image-preview:large","max-video-preview":"max-video-preview:-1"},"canonical":"https:\/\/memurunsesi.net\/index.php\/2025\/05\/04\/kurt-kurbanlik-kuzulari-telef-etti\/","og_locale":"tr_TR","og_type":"article","og_title":"Kurt, kurbanl\u0131k kuzular\u0131 telef etti - Memurun Sesi","og_description":"Denizli&#8217;nin Honaz il\u00e7esinde Kurban Bayram\u0131 i\u00e7in beslenen kurbanl\u0131klar\u0131n bulundu\u011fu a\u011f\u0131la giren kurt, 6 kuzuyu par\u00e7alayarak telef etti. Denizli&#8217;nin Honaz il\u00e7esine ba\u011fl\u0131 K\u0131z\u0131lyer Mahallesi&#8217;nde k\u00fc\u00e7\u00fckba\u015f hayvan yeti\u015ftiricisi Mustafa Akbay&#8217;\u0131n Kurban Bayram\u0131&#8217;na satmak i\u00e7in besledi\u011fi kuzular\u0131n bulundu\u011fu a\u011f\u0131la gece ge\u00e7 saatlerde kurt girdi. A\u011f\u0131l i\u00e7indeki kurbanl\u0131k kuzulardan 6 tanesini bo\u011farak \u00f6ld\u00fcren kurt, baz\u0131 koyunlar\u0131 da par\u00e7alayarak telef [&hellip;]","og_url":"https:\/\/memurunsesi.net\/index.php\/2025\/05\/04\/kurt-kurbanlik-kuzulari-telef-etti\/","og_site_name":"Memurun Sesi","article_publisher":"https:\/\/www.facebook.com\/unipersen\/?locale=tr_TR","article_published_time":"2025-05-04T05:55:00+00:00","author":"Memurun Sesi Haber Merkezi","twitter_card":"summary_large_image","twitter_creator":"@unipersen","twitter_site":"@unipersen","twitter_misc":{"Yazan:":"Memurun Sesi Haber Merkezi","Tahmini okuma s\u00fcresi":"1 dakika"},"schema":{"@context":"https:\/\/schema.org","@graph":[{"@type":"Article","@id":"https:\/\/memurunsesi.net\/index.php\/2025\/05\/04\/kurt-kurbanlik-kuzulari-telef-etti\/#article","isPartOf":{"@id":"https:\/\/memurunsesi.net\/index.php\/2025\/05\/04\/kurt-kurbanlik-kuzulari-telef-etti\/"},"author":{"name":"Memurun Sesi Haber Merkezi","@id":"https:\/\/memurunsesi.net\/#\/schema\/person\/f21c2d73b89f6ee1d80b0a1803e38587"},"headline":"Kurt, kurbanl\u0131k kuzular\u0131 telef etti","datePublished":"2025-05-04T05:55:00+00:00","mainEntityOfPage":{"@id":"https:\/\/memurunsesi.net\/index.php\/2025\/05\/04\/kurt-kurbanlik-kuzulari-telef-etti\/"},"wordCount":242,"commentCount":0,"publisher":{"@id":"https:\/\/memurunsesi.net\/#organization"},"articleSection":["T\u00fcm Haberler"],"inLanguage":"tr","potentialAction":[{"@type":"CommentAction","name":"Comment","target":["https:\/\/memurunsesi.net\/index.php\/2025\/05\/04\/kurt-kurbanlik-kuzulari-telef-etti\/#respond"]}]},{"@type":"WebPage","@id":"https:\/\/memurunsesi.net\/index.php\/2025\/05\/04\/kurt-kurbanlik-kuzulari-telef-etti\/","url":"https:\/\/memurunsesi.net\/index.php\/2025\/05\/04\/kurt-kurbanlik-kuzulari-telef-etti\/","name":"Kurt, kurbanl\u0131k kuzular\u0131 telef etti - Memurun Sesi","isPartOf":{"@id":"https:\/\/memurunsesi.net\/#website"},"datePublished":"2025-05-04T05:55:00+00:00","breadcrumb":{"@id":"https:\/\/memurunsesi.net\/index.php\/2025\/05\/04\/kurt-kurbanlik-kuzulari-telef-etti\/#breadcrumb"},"inLanguage":"tr","potentialAction":[{"@type":"ReadAction","target":["https:\/\/memurunsesi.net\/index.php\/2025\/05\/04\/kurt-kurbanlik-kuzulari-telef-etti\/"]}]},{"@type":"BreadcrumbList","@id":"https:\/\/memurunsesi.net\/index.php\/2025\/05\/04\/kurt-kurbanlik-kuzulari-telef-etti\/#breadcrumb","itemListElement":[{"@type":"ListItem","position":1,"name":"Anasayfa","item":"https:\/\/memurunsesi.net\/"},{"@type":"ListItem","position":2,"name":"Kurt, kurbanl\u0131k kuzular\u0131 telef etti"}]},{"@type":"WebSite","@id":"https:\/\/memurunsesi.net\/#website","url":"https:\/\/memurunsesi.net\/","name":"Memurun Sesi","description":"G\u00fcncel ve Do\u011fru Haber","publisher":{"@id":"https:\/\/memurunsesi.net\/#organization"},"potentialAction":[{"@type":"SearchAction","target":{"@type":"EntryPoint","urlTemplate":"https:\/\/memurunsesi.net\/?s={search_term_string}"},"query-input":{"@type":"PropertyValueSpecification","valueRequired":true,"valueName":"search_term_string"}}],"inLanguage":"tr"},{"@type":"Organization","@id":"https:\/\/memurunsesi.net\/#organization","name":"Memurun Sesi","url":"https:\/\/memurunsesi.net\/","logo":{"@type":"ImageObject","inLanguage":"tr","@id":"https:\/\/memurunsesi.net\/#\/schema\/logo\/image\/","url":"https:\/\/memurunsesi.net\/wp-content\/uploads\/2025\/11\/cropped-MEMURUN-SESI.png","contentUrl":"https:\/\/memurunsesi.net\/wp-content\/uploads\/2025\/11\/cropped-MEMURUN-SESI.png","width":238,"height":57,"caption":"Memurun Sesi"},"image":{"@id":"https:\/\/memurunsesi.net\/#\/schema\/logo\/image\/"},"sameAs":["https:\/\/www.facebook.com\/unipersen\/?locale=tr_TR","https:\/\/x.com\/unipersen"]},{"@type":"Person","@id":"https:\/\/memurunsesi.net\/#\/schema\/person\/f21c2d73b89f6ee1d80b0a1803e38587","name":"Memurun Sesi Haber Merkezi","image":{"@type":"ImageObject","inLanguage":"tr","@id":"https:\/\/secure.gravatar.com\/avatar\/6cf0505f452ee753f485014986fab09a434671d2b919ee76fc541025c5876a70?s=96&d=mm&r=g","url":"https:\/\/secure.gravatar.com\/avatar\/6cf0505f452ee753f485014986fab09a434671d2b919ee76fc541025c5876a70?s=96&d=mm&r=g","contentUrl":"https:\/\/secure.gravatar.com\/avatar\/6cf0505f452ee753f485014986fab09a434671d2b919ee76fc541025c5876a70?s=96&d=mm&r=g","caption":"Memurun Sesi Haber Merkezi"},"sameAs":["https:\/\/memurunsesi.net"],"url":"https:\/\/memurunsesi.net\/index.php\/author\/uniper\/"}]}},"_links":{"self":[{"href":"https:\/\/memurunsesi.net\/index.php\/wp-json\/wp\/v2\/posts\/6464","targetHints":{"allow":["GET"]}}],"collection":[{"href":"https:\/\/memurunsesi.net\/index.php\/wp-json\/wp\/v2\/posts"}],"about":[{"href":"https:\/\/memurunsesi.net\/index.php\/wp-json\/wp\/v2\/types\/post"}],"author":[{"embeddable":true,"href":"https:\/\/memurunsesi.net\/index.php\/wp-json\/wp\/v2\/users\/1"}],"replies":[{"embeddable":true,"href":"https:\/\/memurunsesi.net\/index.php\/wp-json\/wp\/v2\/comments?post=6464"}],"version-history":[{"count":1,"href":"https:\/\/memurunsesi.net\/index.php\/wp-json\/wp\/v2\/posts\/6464\/revisions"}],"predecessor-version":[{"id":6467,"href":"https:\/\/memurunsesi.net\/index.php\/wp-json\/wp\/v2\/posts\/6464\/revisions\/6467"}],"wp:attachment":[{"href":"https:\/\/memurunsesi.net\/index.php\/wp-json\/wp\/v2\/media?parent=6464"}],"wp:term":[{"taxonomy":"category","embeddable":true,"href":"https:\/\/memurunsesi.net\/index.php\/wp-json\/wp\/v2\/categories?post=6464"},{"taxonomy":"post_tag","embeddable":true,"href":"https:\/\/memurunsesi.net\/index.php\/wp-json\/wp\/v2\/tags?post=6464"}],"curies":[{"name":"wp","href":"https:\/\/api.w.org\/{rel}","templated":true}]}}