{"id":6472,"date":"2025-05-04T08:59:37","date_gmt":"2025-05-04T05:59:37","guid":{"rendered":"https:\/\/memurunsesi.net\/?p=6472"},"modified":"2025-05-04T08:59:37","modified_gmt":"2025-05-04T05:59:37","slug":"komsusunu-vurup-intihar-etti","status":"publish","type":"post","link":"https:\/\/memurunsesi.net\/index.php\/2025\/05\/04\/komsusunu-vurup-intihar-etti\/","title":{"rendered":"Kom\u015fusunu vurup intihar etti"},"content":{"rendered":"<p>  Ankara\u2019n\u0131n \u00c7ubuk il\u00e7esinde bir ki\u015fi, kom\u015fusunun evine girdi ve 21 ya\u015f\u0131ndaki gen\u00e7 k\u0131z\u0131 \u00f6ld\u00fcrd\u00fc. \u015eah\u0131s cinayetin ard\u0131ndan ayn\u0131 silahla intihar etti.<br \/>\n  Edinilen bilgilere g\u00f6re olay, Y\u0131ld\u0131r\u0131m Beyaz\u0131t \u015eehit Mustafa Aslan Caddesi, Naim Sokak \u00fczerindeki bir binada 2 May\u0131s g\u00fcn\u00fc saat 20.30 s\u0131ralar\u0131nda meydana geldi. M.A. (50) adl\u0131 \u015fah\u0131s, yan kom\u015fusu H.\u00c7.&#8217;nin (21) evine girdi. Silah ile \u00f6nce gen\u00e7 k\u0131z\u0131 kafas\u0131ndan vurdu, daha sonra da kendi ba\u015f\u0131na ate\u015f ederek intihar etti. Kom\u015fular\u0131n\u0131n silah sesi ve cinayeti duymad\u0131\u011f\u0131 binada her iki ki\u015finin de yaln\u0131z ya\u015fad\u0131klar\u0131 ve kom\u015fu olduklar\u0131 bilgisine ula\u015f\u0131ld\u0131. \u0130\u015f yerinde arkada\u015flar\u0131,  mesaiye gelmeyen arkada\u015flar\u0131n\u0131n durumdan \u015f\u00fcphelenerek polise ihbarda bulundu. \u0130hbar \u00fczerine olay yerine polis ve sa\u011fl\u0131k ekipleri sevk edildi. Olay yerinde hayat\u0131n\u0131 kaybetti\u011fi belirlenen M.A. ve H.\u00c7.&#8217;nin cenazesi \u00f6nce Halil \u015e\u0131vg\u0131n \u00c7ubuk Devlet Hastanesi morguna, buradan da otopsi i\u00e7in Ankara Adli T\u0131p Kurumuna g\u00f6t\u00fcr\u00fcld\u00fc. Polis olayla ilgili soru\u015fturmas\u0131n\u0131 s\u00fcrd\u00fcr\u00fcyor. <\/p>\n<p>4.05.2025                                 <\/p>\n","protected":false},"excerpt":{"rendered":"<p>Ankara\u2019n\u0131n \u00c7ubuk il\u00e7esinde bir ki\u015fi, kom\u015fusunun evine girdi ve 21 ya\u015f\u0131ndaki gen\u00e7 k\u0131z\u0131 \u00f6ld\u00fcrd\u00fc. \u015eah\u0131s cinayetin ard\u0131ndan ayn\u0131 silahla intihar etti. Edinilen bilgilere g\u00f6re olay, Y\u0131ld\u0131r\u0131m Beyaz\u0131t \u015eehit Mustafa Aslan Caddesi, Naim Sokak \u00fczerindeki bir binada 2 May\u0131s g\u00fcn\u00fc saat 20.30 s\u0131ralar\u0131nda meydana geldi. M.A. (50) adl\u0131 \u015fah\u0131s, yan kom\u015fusu H.\u00c7.&#8217;nin (21) evine girdi. Silah [&hellip;]<\/p>\n","protected":false},"author":1,"featured_media":6474,"comment_status":"open","ping_status":"open","sticky":false,"template":"","format":"standard","meta":{"footnotes":""},"categories":[50],"tags":[],"class_list":["post-6472","post","type-post","status-publish","format-standard","has-post-thumbnail","hentry","category-tum-haberler"],"yoast_head":"<!-- This site is optimized with the Yoast SEO plugin v27.4 - https:\/\/yoast.com\/product\/yoast-seo-wordpress\/ -->\n<title>Kom\u015fusunu vurup intihar etti - Memurun Sesi<\/title>\n<meta name=\"robots\" content=\"index, follow, max-snippet:-1, max-image-preview:large, max-video-preview:-1\" \/>\n<link rel=\"canonical\" href=\"https:\/\/memurunsesi.net\/index.php\/2025\/05\/04\/komsusunu-vurup-intihar-etti\/\" \/>\n<meta property=\"og:locale\" content=\"tr_TR\" \/>\n<meta property=\"og:type\" content=\"article\" \/>\n<meta property=\"og:title\" content=\"Kom\u015fusunu vurup intihar etti - Memurun Sesi\" \/>\n<meta property=\"og:description\" content=\"Ankara\u2019n\u0131n \u00c7ubuk il\u00e7esinde bir ki\u015fi, kom\u015fusunun evine girdi ve 21 ya\u015f\u0131ndaki gen\u00e7 k\u0131z\u0131 \u00f6ld\u00fcrd\u00fc. \u015eah\u0131s cinayetin ard\u0131ndan ayn\u0131 silahla intihar etti. Edinilen bilgilere g\u00f6re olay, Y\u0131ld\u0131r\u0131m Beyaz\u0131t \u015eehit Mustafa Aslan Caddesi, Naim Sokak \u00fczerindeki bir binada 2 May\u0131s g\u00fcn\u00fc saat 20.30 s\u0131ralar\u0131nda meydana geldi. M.A. (50) adl\u0131 \u015fah\u0131s, yan kom\u015fusu H.\u00c7.&#8217;nin (21) evine girdi. Silah [&hellip;]\" \/>\n<meta property=\"og:url\" content=\"https:\/\/memurunsesi.net\/index.php\/2025\/05\/04\/komsusunu-vurup-intihar-etti\/\" \/>\n<meta property=\"og:site_name\" content=\"Memurun Sesi\" \/>\n<meta property=\"article:publisher\" content=\"https:\/\/www.facebook.com\/unipersen\/?locale=tr_TR\" \/>\n<meta property=\"article:published_time\" content=\"2025-05-04T05:59:37+00:00\" \/>\n<meta property=\"og:image\" content=\"https:\/\/memurunsesi.net\/wp-content\/uploads\/2025\/05\/AW446726_01-1.jpg\" \/>\n\t<meta property=\"og:image:width\" content=\"1600\" \/>\n\t<meta property=\"og:image:height\" content=\"1200\" \/>\n\t<meta property=\"og:image:type\" content=\"image\/jpeg\" \/>\n<meta name=\"author\" content=\"Memurun Sesi Haber Merkezi\" \/>\n<meta name=\"twitter:card\" content=\"summary_large_image\" \/>\n<meta name=\"twitter:creator\" content=\"@unipersen\" \/>\n<meta name=\"twitter:site\" content=\"@unipersen\" \/>\n<meta name=\"twitter:label1\" content=\"Yazan:\" \/>\n\t<meta name=\"twitter:data1\" content=\"Memurun Sesi Haber Merkezi\" \/>\n\t<meta name=\"twitter:label2\" content=\"Tahmini okuma s\u00fcresi\" \/>\n\t<meta name=\"twitter:data2\" content=\"1 dakika\" \/>\n<script type=\"application\/ld+json\" class=\"yoast-schema-graph\">{\"@context\":\"https:\\\/\\\/schema.org\",\"@graph\":[{\"@type\":\"Article\",\"@id\":\"https:\\\/\\\/memurunsesi.net\\\/index.php\\\/2025\\\/05\\\/04\\\/komsusunu-vurup-intihar-etti\\\/#article\",\"isPartOf\":{\"@id\":\"https:\\\/\\\/memurunsesi.net\\\/index.php\\\/2025\\\/05\\\/04\\\/komsusunu-vurup-intihar-etti\\\/\"},\"author\":{\"name\":\"Memurun Sesi Haber Merkezi\",\"@id\":\"https:\\\/\\\/memurunsesi.net\\\/#\\\/schema\\\/person\\\/f21c2d73b89f6ee1d80b0a1803e38587\"},\"headline\":\"Kom\u015fusunu vurup intihar etti\",\"datePublished\":\"2025-05-04T05:59:37+00:00\",\"mainEntityOfPage\":{\"@id\":\"https:\\\/\\\/memurunsesi.net\\\/index.php\\\/2025\\\/05\\\/04\\\/komsusunu-vurup-intihar-etti\\\/\"},\"wordCount\":194,\"commentCount\":0,\"publisher\":{\"@id\":\"https:\\\/\\\/memurunsesi.net\\\/#organization\"},\"image\":{\"@id\":\"https:\\\/\\\/memurunsesi.net\\\/index.php\\\/2025\\\/05\\\/04\\\/komsusunu-vurup-intihar-etti\\\/#primaryimage\"},\"thumbnailUrl\":\"https:\\\/\\\/memurunsesi.net\\\/wp-content\\\/uploads\\\/2025\\\/05\\\/AW446726_01-1.jpg\",\"articleSection\":[\"T\u00fcm Haberler\"],\"inLanguage\":\"tr\",\"potentialAction\":[{\"@type\":\"CommentAction\",\"name\":\"Comment\",\"target\":[\"https:\\\/\\\/memurunsesi.net\\\/index.php\\\/2025\\\/05\\\/04\\\/komsusunu-vurup-intihar-etti\\\/#respond\"]}]},{\"@type\":\"WebPage\",\"@id\":\"https:\\\/\\\/memurunsesi.net\\\/index.php\\\/2025\\\/05\\\/04\\\/komsusunu-vurup-intihar-etti\\\/\",\"url\":\"https:\\\/\\\/memurunsesi.net\\\/index.php\\\/2025\\\/05\\\/04\\\/komsusunu-vurup-intihar-etti\\\/\",\"name\":\"Kom\u015fusunu vurup intihar etti - Memurun Sesi\",\"isPartOf\":{\"@id\":\"https:\\\/\\\/memurunsesi.net\\\/#website\"},\"primaryImageOfPage\":{\"@id\":\"https:\\\/\\\/memurunsesi.net\\\/index.php\\\/2025\\\/05\\\/04\\\/komsusunu-vurup-intihar-etti\\\/#primaryimage\"},\"image\":{\"@id\":\"https:\\\/\\\/memurunsesi.net\\\/index.php\\\/2025\\\/05\\\/04\\\/komsusunu-vurup-intihar-etti\\\/#primaryimage\"},\"thumbnailUrl\":\"https:\\\/\\\/memurunsesi.net\\\/wp-content\\\/uploads\\\/2025\\\/05\\\/AW446726_01-1.jpg\",\"datePublished\":\"2025-05-04T05:59:37+00:00\",\"breadcrumb\":{\"@id\":\"https:\\\/\\\/memurunsesi.net\\\/index.php\\\/2025\\\/05\\\/04\\\/komsusunu-vurup-intihar-etti\\\/#breadcrumb\"},\"inLanguage\":\"tr\",\"potentialAction\":[{\"@type\":\"ReadAction\",\"target\":[\"https:\\\/\\\/memurunsesi.net\\\/index.php\\\/2025\\\/05\\\/04\\\/komsusunu-vurup-intihar-etti\\\/\"]}]},{\"@type\":\"ImageObject\",\"inLanguage\":\"tr\",\"@id\":\"https:\\\/\\\/memurunsesi.net\\\/index.php\\\/2025\\\/05\\\/04\\\/komsusunu-vurup-intihar-etti\\\/#primaryimage\",\"url\":\"https:\\\/\\\/memurunsesi.net\\\/wp-content\\\/uploads\\\/2025\\\/05\\\/AW446726_01-1.jpg\",\"contentUrl\":\"https:\\\/\\\/memurunsesi.net\\\/wp-content\\\/uploads\\\/2025\\\/05\\\/AW446726_01-1.jpg\",\"width\":1600,\"height\":1200,\"caption\":\"ANKARA'NIN \u00c7UBUK \u0130L\u00c7ES\u0130NDE B\u0130R K\u0130\u015e\u0130 KOM\u015eUSUNUN EV\u0130NE G\u0130REREK \u00d6LD\u00dcRD\u00dc ARDINDAN \u0130NT\u0130HAR ETT\u0130. (\u0130HA\\\/ANKARA-\u0130HA) Ankara'n\u0131n \u00c7ubuk il\u00e7esinde bir ki\u015fi, kom\u015fusunun evine girdi ve 21 ya\u015f\u0131ndaki gen\u00e7 k\u0131z\u0131 \u00f6ld\u00fcrd\u00fc. \u015eah\u0131s cinayetin ard\u0131ndan ayn\u0131 silahla intihar etti.\"},{\"@type\":\"BreadcrumbList\",\"@id\":\"https:\\\/\\\/memurunsesi.net\\\/index.php\\\/2025\\\/05\\\/04\\\/komsusunu-vurup-intihar-etti\\\/#breadcrumb\",\"itemListElement\":[{\"@type\":\"ListItem\",\"position\":1,\"name\":\"Anasayfa\",\"item\":\"https:\\\/\\\/memurunsesi.net\\\/\"},{\"@type\":\"ListItem\",\"position\":2,\"name\":\"Kom\u015fusunu vurup intihar etti\"}]},{\"@type\":\"WebSite\",\"@id\":\"https:\\\/\\\/memurunsesi.net\\\/#website\",\"url\":\"https:\\\/\\\/memurunsesi.net\\\/\",\"name\":\"Memurun Sesi\",\"description\":\"G\u00fcncel ve Do\u011fru Haber\",\"publisher\":{\"@id\":\"https:\\\/\\\/memurunsesi.net\\\/#organization\"},\"potentialAction\":[{\"@type\":\"SearchAction\",\"target\":{\"@type\":\"EntryPoint\",\"urlTemplate\":\"https:\\\/\\\/memurunsesi.net\\\/?s={search_term_string}\"},\"query-input\":{\"@type\":\"PropertyValueSpecification\",\"valueRequired\":true,\"valueName\":\"search_term_string\"}}],\"inLanguage\":\"tr\"},{\"@type\":\"Organization\",\"@id\":\"https:\\\/\\\/memurunsesi.net\\\/#organization\",\"name\":\"Memurun Sesi\",\"url\":\"https:\\\/\\\/memurunsesi.net\\\/\",\"logo\":{\"@type\":\"ImageObject\",\"inLanguage\":\"tr\",\"@id\":\"https:\\\/\\\/memurunsesi.net\\\/#\\\/schema\\\/logo\\\/image\\\/\",\"url\":\"https:\\\/\\\/memurunsesi.net\\\/wp-content\\\/uploads\\\/2025\\\/11\\\/cropped-MEMURUN-SESI.png\",\"contentUrl\":\"https:\\\/\\\/memurunsesi.net\\\/wp-content\\\/uploads\\\/2025\\\/11\\\/cropped-MEMURUN-SESI.png\",\"width\":238,\"height\":57,\"caption\":\"Memurun Sesi\"},\"image\":{\"@id\":\"https:\\\/\\\/memurunsesi.net\\\/#\\\/schema\\\/logo\\\/image\\\/\"},\"sameAs\":[\"https:\\\/\\\/www.facebook.com\\\/unipersen\\\/?locale=tr_TR\",\"https:\\\/\\\/x.com\\\/unipersen\"]},{\"@type\":\"Person\",\"@id\":\"https:\\\/\\\/memurunsesi.net\\\/#\\\/schema\\\/person\\\/f21c2d73b89f6ee1d80b0a1803e38587\",\"name\":\"Memurun Sesi Haber Merkezi\",\"image\":{\"@type\":\"ImageObject\",\"inLanguage\":\"tr\",\"@id\":\"https:\\\/\\\/secure.gravatar.com\\\/avatar\\\/6cf0505f452ee753f485014986fab09a434671d2b919ee76fc541025c5876a70?s=96&d=mm&r=g\",\"url\":\"https:\\\/\\\/secure.gravatar.com\\\/avatar\\\/6cf0505f452ee753f485014986fab09a434671d2b919ee76fc541025c5876a70?s=96&d=mm&r=g\",\"contentUrl\":\"https:\\\/\\\/secure.gravatar.com\\\/avatar\\\/6cf0505f452ee753f485014986fab09a434671d2b919ee76fc541025c5876a70?s=96&d=mm&r=g\",\"caption\":\"Memurun Sesi Haber Merkezi\"},\"sameAs\":[\"https:\\\/\\\/memurunsesi.net\"],\"url\":\"https:\\\/\\\/memurunsesi.net\\\/index.php\\\/author\\\/uniper\\\/\"}]}<\/script>\n<!-- \/ Yoast SEO plugin. -->","yoast_head_json":{"title":"Kom\u015fusunu vurup intihar etti - Memurun Sesi","robots":{"index":"index","follow":"follow","max-snippet":"max-snippet:-1","max-image-preview":"max-image-preview:large","max-video-preview":"max-video-preview:-1"},"canonical":"https:\/\/memurunsesi.net\/index.php\/2025\/05\/04\/komsusunu-vurup-intihar-etti\/","og_locale":"tr_TR","og_type":"article","og_title":"Kom\u015fusunu vurup intihar etti - Memurun Sesi","og_description":"Ankara\u2019n\u0131n \u00c7ubuk il\u00e7esinde bir ki\u015fi, kom\u015fusunun evine girdi ve 21 ya\u015f\u0131ndaki gen\u00e7 k\u0131z\u0131 \u00f6ld\u00fcrd\u00fc. \u015eah\u0131s cinayetin ard\u0131ndan ayn\u0131 silahla intihar etti. Edinilen bilgilere g\u00f6re olay, Y\u0131ld\u0131r\u0131m Beyaz\u0131t \u015eehit Mustafa Aslan Caddesi, Naim Sokak \u00fczerindeki bir binada 2 May\u0131s g\u00fcn\u00fc saat 20.30 s\u0131ralar\u0131nda meydana geldi. M.A. (50) adl\u0131 \u015fah\u0131s, yan kom\u015fusu H.\u00c7.&#8217;nin (21) evine girdi. Silah [&hellip;]","og_url":"https:\/\/memurunsesi.net\/index.php\/2025\/05\/04\/komsusunu-vurup-intihar-etti\/","og_site_name":"Memurun Sesi","article_publisher":"https:\/\/www.facebook.com\/unipersen\/?locale=tr_TR","article_published_time":"2025-05-04T05:59:37+00:00","og_image":[{"width":1600,"height":1200,"url":"https:\/\/memurunsesi.net\/wp-content\/uploads\/2025\/05\/AW446726_01-1.jpg","type":"image\/jpeg"}],"author":"Memurun Sesi Haber Merkezi","twitter_card":"summary_large_image","twitter_creator":"@unipersen","twitter_site":"@unipersen","twitter_misc":{"Yazan:":"Memurun Sesi Haber Merkezi","Tahmini okuma s\u00fcresi":"1 dakika"},"schema":{"@context":"https:\/\/schema.org","@graph":[{"@type":"Article","@id":"https:\/\/memurunsesi.net\/index.php\/2025\/05\/04\/komsusunu-vurup-intihar-etti\/#article","isPartOf":{"@id":"https:\/\/memurunsesi.net\/index.php\/2025\/05\/04\/komsusunu-vurup-intihar-etti\/"},"author":{"name":"Memurun Sesi Haber Merkezi","@id":"https:\/\/memurunsesi.net\/#\/schema\/person\/f21c2d73b89f6ee1d80b0a1803e38587"},"headline":"Kom\u015fusunu vurup intihar etti","datePublished":"2025-05-04T05:59:37+00:00","mainEntityOfPage":{"@id":"https:\/\/memurunsesi.net\/index.php\/2025\/05\/04\/komsusunu-vurup-intihar-etti\/"},"wordCount":194,"commentCount":0,"publisher":{"@id":"https:\/\/memurunsesi.net\/#organization"},"image":{"@id":"https:\/\/memurunsesi.net\/index.php\/2025\/05\/04\/komsusunu-vurup-intihar-etti\/#primaryimage"},"thumbnailUrl":"https:\/\/memurunsesi.net\/wp-content\/uploads\/2025\/05\/AW446726_01-1.jpg","articleSection":["T\u00fcm Haberler"],"inLanguage":"tr","potentialAction":[{"@type":"CommentAction","name":"Comment","target":["https:\/\/memurunsesi.net\/index.php\/2025\/05\/04\/komsusunu-vurup-intihar-etti\/#respond"]}]},{"@type":"WebPage","@id":"https:\/\/memurunsesi.net\/index.php\/2025\/05\/04\/komsusunu-vurup-intihar-etti\/","url":"https:\/\/memurunsesi.net\/index.php\/2025\/05\/04\/komsusunu-vurup-intihar-etti\/","name":"Kom\u015fusunu vurup intihar etti - Memurun Sesi","isPartOf":{"@id":"https:\/\/memurunsesi.net\/#website"},"primaryImageOfPage":{"@id":"https:\/\/memurunsesi.net\/index.php\/2025\/05\/04\/komsusunu-vurup-intihar-etti\/#primaryimage"},"image":{"@id":"https:\/\/memurunsesi.net\/index.php\/2025\/05\/04\/komsusunu-vurup-intihar-etti\/#primaryimage"},"thumbnailUrl":"https:\/\/memurunsesi.net\/wp-content\/uploads\/2025\/05\/AW446726_01-1.jpg","datePublished":"2025-05-04T05:59:37+00:00","breadcrumb":{"@id":"https:\/\/memurunsesi.net\/index.php\/2025\/05\/04\/komsusunu-vurup-intihar-etti\/#breadcrumb"},"inLanguage":"tr","potentialAction":[{"@type":"ReadAction","target":["https:\/\/memurunsesi.net\/index.php\/2025\/05\/04\/komsusunu-vurup-intihar-etti\/"]}]},{"@type":"ImageObject","inLanguage":"tr","@id":"https:\/\/memurunsesi.net\/index.php\/2025\/05\/04\/komsusunu-vurup-intihar-etti\/#primaryimage","url":"https:\/\/memurunsesi.net\/wp-content\/uploads\/2025\/05\/AW446726_01-1.jpg","contentUrl":"https:\/\/memurunsesi.net\/wp-content\/uploads\/2025\/05\/AW446726_01-1.jpg","width":1600,"height":1200,"caption":"ANKARA'NIN \u00c7UBUK \u0130L\u00c7ES\u0130NDE B\u0130R K\u0130\u015e\u0130 KOM\u015eUSUNUN EV\u0130NE G\u0130REREK \u00d6LD\u00dcRD\u00dc ARDINDAN \u0130NT\u0130HAR ETT\u0130. (\u0130HA\/ANKARA-\u0130HA) Ankara'n\u0131n \u00c7ubuk il\u00e7esinde bir ki\u015fi, kom\u015fusunun evine girdi ve 21 ya\u015f\u0131ndaki gen\u00e7 k\u0131z\u0131 \u00f6ld\u00fcrd\u00fc. \u015eah\u0131s cinayetin ard\u0131ndan ayn\u0131 silahla intihar etti."},{"@type":"BreadcrumbList","@id":"https:\/\/memurunsesi.net\/index.php\/2025\/05\/04\/komsusunu-vurup-intihar-etti\/#breadcrumb","itemListElement":[{"@type":"ListItem","position":1,"name":"Anasayfa","item":"https:\/\/memurunsesi.net\/"},{"@type":"ListItem","position":2,"name":"Kom\u015fusunu vurup intihar etti"}]},{"@type":"WebSite","@id":"https:\/\/memurunsesi.net\/#website","url":"https:\/\/memurunsesi.net\/","name":"Memurun Sesi","description":"G\u00fcncel ve Do\u011fru Haber","publisher":{"@id":"https:\/\/memurunsesi.net\/#organization"},"potentialAction":[{"@type":"SearchAction","target":{"@type":"EntryPoint","urlTemplate":"https:\/\/memurunsesi.net\/?s={search_term_string}"},"query-input":{"@type":"PropertyValueSpecification","valueRequired":true,"valueName":"search_term_string"}}],"inLanguage":"tr"},{"@type":"Organization","@id":"https:\/\/memurunsesi.net\/#organization","name":"Memurun Sesi","url":"https:\/\/memurunsesi.net\/","logo":{"@type":"ImageObject","inLanguage":"tr","@id":"https:\/\/memurunsesi.net\/#\/schema\/logo\/image\/","url":"https:\/\/memurunsesi.net\/wp-content\/uploads\/2025\/11\/cropped-MEMURUN-SESI.png","contentUrl":"https:\/\/memurunsesi.net\/wp-content\/uploads\/2025\/11\/cropped-MEMURUN-SESI.png","width":238,"height":57,"caption":"Memurun Sesi"},"image":{"@id":"https:\/\/memurunsesi.net\/#\/schema\/logo\/image\/"},"sameAs":["https:\/\/www.facebook.com\/unipersen\/?locale=tr_TR","https:\/\/x.com\/unipersen"]},{"@type":"Person","@id":"https:\/\/memurunsesi.net\/#\/schema\/person\/f21c2d73b89f6ee1d80b0a1803e38587","name":"Memurun Sesi Haber Merkezi","image":{"@type":"ImageObject","inLanguage":"tr","@id":"https:\/\/secure.gravatar.com\/avatar\/6cf0505f452ee753f485014986fab09a434671d2b919ee76fc541025c5876a70?s=96&d=mm&r=g","url":"https:\/\/secure.gravatar.com\/avatar\/6cf0505f452ee753f485014986fab09a434671d2b919ee76fc541025c5876a70?s=96&d=mm&r=g","contentUrl":"https:\/\/secure.gravatar.com\/avatar\/6cf0505f452ee753f485014986fab09a434671d2b919ee76fc541025c5876a70?s=96&d=mm&r=g","caption":"Memurun Sesi Haber Merkezi"},"sameAs":["https:\/\/memurunsesi.net"],"url":"https:\/\/memurunsesi.net\/index.php\/author\/uniper\/"}]}},"_links":{"self":[{"href":"https:\/\/memurunsesi.net\/index.php\/wp-json\/wp\/v2\/posts\/6472","targetHints":{"allow":["GET"]}}],"collection":[{"href":"https:\/\/memurunsesi.net\/index.php\/wp-json\/wp\/v2\/posts"}],"about":[{"href":"https:\/\/memurunsesi.net\/index.php\/wp-json\/wp\/v2\/types\/post"}],"author":[{"embeddable":true,"href":"https:\/\/memurunsesi.net\/index.php\/wp-json\/wp\/v2\/users\/1"}],"replies":[{"embeddable":true,"href":"https:\/\/memurunsesi.net\/index.php\/wp-json\/wp\/v2\/comments?post=6472"}],"version-history":[{"count":1,"href":"https:\/\/memurunsesi.net\/index.php\/wp-json\/wp\/v2\/posts\/6472\/revisions"}],"predecessor-version":[{"id":6475,"href":"https:\/\/memurunsesi.net\/index.php\/wp-json\/wp\/v2\/posts\/6472\/revisions\/6475"}],"wp:featuredmedia":[{"embeddable":true,"href":"https:\/\/memurunsesi.net\/index.php\/wp-json\/wp\/v2\/media\/6474"}],"wp:attachment":[{"href":"https:\/\/memurunsesi.net\/index.php\/wp-json\/wp\/v2\/media?parent=6472"}],"wp:term":[{"taxonomy":"category","embeddable":true,"href":"https:\/\/memurunsesi.net\/index.php\/wp-json\/wp\/v2\/categories?post=6472"},{"taxonomy":"post_tag","embeddable":true,"href":"https:\/\/memurunsesi.net\/index.php\/wp-json\/wp\/v2\/tags?post=6472"}],"curies":[{"name":"wp","href":"https:\/\/api.w.org\/{rel}","templated":true}]}}