{"id":6488,"date":"2025-05-04T09:08:45","date_gmt":"2025-05-04T06:08:45","guid":{"rendered":"https:\/\/memurunsesi.net\/?p=6488"},"modified":"2025-05-04T09:08:45","modified_gmt":"2025-05-04T06:08:45","slug":"irakin-kuzeyinde-pence-operasyon-bolgesinde-mayina-basarak-yaralanan-asker-sehit-oldu","status":"publish","type":"post","link":"https:\/\/memurunsesi.net\/index.php\/2025\/05\/04\/irakin-kuzeyinde-pence-operasyon-bolgesinde-mayina-basarak-yaralanan-asker-sehit-oldu\/","title":{"rendered":"Irak\u2019\u0131n kuzeyinde Pen\u00e7e Operasyon b\u00f6lgesinde may\u0131na basarak yaralanan asker \u015fehit oldu"},"content":{"rendered":"<p> Milli Savunma Bakanl\u0131\u011f\u0131 Irak\u2019\u0131n kuzeyindeki Pen\u00e7e (Hakurk) Operasyon b\u00f6lgesinde arama tarama faaliyetleri s\u0131ras\u0131nda may\u0131na basmas\u0131 sonucu yaralanan Uzman \u00c7avu\u015f \u00d6nder \u00d6zen\u2019in yap\u0131lan t\u00fcm m\u00fcdahalelere ra\u011fmen kurtar\u0131lamayarak \u015fehit oldu\u011funu a\u00e7\u0131klad\u0131.<br \/>\n  Milli Savunma Bakanl\u0131\u011f\u0131ndan yap\u0131lan a\u00e7\u0131klamada, &#8220;Irak\u2019\u0131n kuzeyindeki Pen\u00e7e (Hakurk) Operasyon b\u00f6lgesinde icra edilen arama tarama faaliyeti esnas\u0131nda may\u0131n\/EYP\u2019ye basmas\u0131 sonucu yaralanan kahraman silah arkada\u015f\u0131m\u0131z \u0130s. Uzm. \u00c7v\u015f. \u00d6nder \u00d6zen derhal hastaneye kald\u0131r\u0131lm\u0131\u015f, yap\u0131lan t\u00fcm m\u00fcdahalelere ra\u011fmen kurtar\u0131lamayarak 3 May\u0131s 2025 tarihinde \u015fehit olmu\u015ftur. Bizleri derin bir ac\u0131 ve \u00fcz\u00fcnt\u00fcye bo\u011fan bu olayda, hayat\u0131n\u0131 kaybeden aziz \u015fehidimize Allah\u2019tan rahmet; kederli ailesine, T\u00fcrk Silahl\u0131 Kuvvetleri ile asil milletimize ba\u015fsa\u011fl\u0131\u011f\u0131 ve sab\u0131r dileriz&#8221; ifadelerine yer verildi. <\/p>\n<p>4.05.2025                                 <\/p>\n","protected":false},"excerpt":{"rendered":"<p>Milli Savunma Bakanl\u0131\u011f\u0131 Irak\u2019\u0131n kuzeyindeki Pen\u00e7e (Hakurk) Operasyon b\u00f6lgesinde arama tarama faaliyetleri s\u0131ras\u0131nda may\u0131na basmas\u0131 sonucu yaralanan Uzman \u00c7avu\u015f \u00d6nder \u00d6zen\u2019in yap\u0131lan t\u00fcm m\u00fcdahalelere ra\u011fmen kurtar\u0131lamayarak \u015fehit oldu\u011funu a\u00e7\u0131klad\u0131. Milli Savunma Bakanl\u0131\u011f\u0131ndan yap\u0131lan a\u00e7\u0131klamada, &#8220;Irak\u2019\u0131n kuzeyindeki Pen\u00e7e (Hakurk) Operasyon b\u00f6lgesinde icra edilen arama tarama faaliyeti esnas\u0131nda may\u0131n\/EYP\u2019ye basmas\u0131 sonucu yaralanan kahraman silah arkada\u015f\u0131m\u0131z \u0130s. Uzm. [&hellip;]<\/p>\n","protected":false},"author":1,"featured_media":6489,"comment_status":"open","ping_status":"open","sticky":false,"template":"","format":"standard","meta":{"footnotes":""},"categories":[1],"tags":[],"class_list":["post-6488","post","type-post","status-publish","format-standard","has-post-thumbnail","hentry","category-genel"],"yoast_head":"<!-- This site is optimized with the Yoast SEO plugin v27.4 - https:\/\/yoast.com\/product\/yoast-seo-wordpress\/ -->\n<title>Irak\u2019\u0131n kuzeyinde Pen\u00e7e Operasyon b\u00f6lgesinde may\u0131na basarak yaralanan asker \u015fehit oldu - Memurun Sesi<\/title>\n<meta name=\"robots\" content=\"index, follow, max-snippet:-1, max-image-preview:large, max-video-preview:-1\" \/>\n<link rel=\"canonical\" href=\"https:\/\/memurunsesi.net\/index.php\/2025\/05\/04\/irakin-kuzeyinde-pence-operasyon-bolgesinde-mayina-basarak-yaralanan-asker-sehit-oldu\/\" \/>\n<meta property=\"og:locale\" content=\"tr_TR\" \/>\n<meta property=\"og:type\" content=\"article\" \/>\n<meta property=\"og:title\" content=\"Irak\u2019\u0131n kuzeyinde Pen\u00e7e Operasyon b\u00f6lgesinde may\u0131na basarak yaralanan asker \u015fehit oldu - Memurun Sesi\" \/>\n<meta property=\"og:description\" content=\"Milli Savunma Bakanl\u0131\u011f\u0131 Irak\u2019\u0131n kuzeyindeki Pen\u00e7e (Hakurk) Operasyon b\u00f6lgesinde arama tarama faaliyetleri s\u0131ras\u0131nda may\u0131na basmas\u0131 sonucu yaralanan Uzman \u00c7avu\u015f \u00d6nder \u00d6zen\u2019in yap\u0131lan t\u00fcm m\u00fcdahalelere ra\u011fmen kurtar\u0131lamayarak \u015fehit oldu\u011funu a\u00e7\u0131klad\u0131. Milli Savunma Bakanl\u0131\u011f\u0131ndan yap\u0131lan a\u00e7\u0131klamada, &#8220;Irak\u2019\u0131n kuzeyindeki Pen\u00e7e (Hakurk) Operasyon b\u00f6lgesinde icra edilen arama tarama faaliyeti esnas\u0131nda may\u0131n\/EYP\u2019ye basmas\u0131 sonucu yaralanan kahraman silah arkada\u015f\u0131m\u0131z \u0130s. Uzm. [&hellip;]\" \/>\n<meta property=\"og:url\" content=\"https:\/\/memurunsesi.net\/index.php\/2025\/05\/04\/irakin-kuzeyinde-pence-operasyon-bolgesinde-mayina-basarak-yaralanan-asker-sehit-oldu\/\" \/>\n<meta property=\"og:site_name\" content=\"Memurun Sesi\" \/>\n<meta property=\"article:publisher\" content=\"https:\/\/www.facebook.com\/unipersen\/?locale=tr_TR\" \/>\n<meta property=\"article:published_time\" content=\"2025-05-04T06:08:45+00:00\" \/>\n<meta property=\"og:image\" content=\"https:\/\/memurunsesi.net\/wp-content\/uploads\/2025\/05\/AW446720_01.jpg\" \/>\n\t<meta property=\"og:image:width\" content=\"960\" \/>\n\t<meta property=\"og:image:height\" content=\"720\" \/>\n\t<meta property=\"og:image:type\" content=\"image\/jpeg\" \/>\n<meta name=\"author\" content=\"Memurun Sesi Haber Merkezi\" \/>\n<meta name=\"twitter:card\" content=\"summary_large_image\" \/>\n<meta name=\"twitter:creator\" content=\"@unipersen\" \/>\n<meta name=\"twitter:site\" content=\"@unipersen\" \/>\n<meta name=\"twitter:label1\" content=\"Yazan:\" \/>\n\t<meta name=\"twitter:data1\" content=\"Memurun Sesi Haber Merkezi\" \/>\n\t<meta name=\"twitter:label2\" content=\"Tahmini okuma s\u00fcresi\" \/>\n\t<meta name=\"twitter:data2\" content=\"1 dakika\" \/>\n<script type=\"application\/ld+json\" class=\"yoast-schema-graph\">{\"@context\":\"https:\\\/\\\/schema.org\",\"@graph\":[{\"@type\":\"Article\",\"@id\":\"https:\\\/\\\/memurunsesi.net\\\/index.php\\\/2025\\\/05\\\/04\\\/irakin-kuzeyinde-pence-operasyon-bolgesinde-mayina-basarak-yaralanan-asker-sehit-oldu\\\/#article\",\"isPartOf\":{\"@id\":\"https:\\\/\\\/memurunsesi.net\\\/index.php\\\/2025\\\/05\\\/04\\\/irakin-kuzeyinde-pence-operasyon-bolgesinde-mayina-basarak-yaralanan-asker-sehit-oldu\\\/\"},\"author\":{\"name\":\"Memurun Sesi Haber Merkezi\",\"@id\":\"https:\\\/\\\/memurunsesi.net\\\/#\\\/schema\\\/person\\\/f21c2d73b89f6ee1d80b0a1803e38587\"},\"headline\":\"Irak\u2019\u0131n kuzeyinde Pen\u00e7e Operasyon b\u00f6lgesinde may\u0131na basarak yaralanan asker \u015fehit oldu\",\"datePublished\":\"2025-05-04T06:08:45+00:00\",\"mainEntityOfPage\":{\"@id\":\"https:\\\/\\\/memurunsesi.net\\\/index.php\\\/2025\\\/05\\\/04\\\/irakin-kuzeyinde-pence-operasyon-bolgesinde-mayina-basarak-yaralanan-asker-sehit-oldu\\\/\"},\"wordCount\":159,\"commentCount\":0,\"publisher\":{\"@id\":\"https:\\\/\\\/memurunsesi.net\\\/#organization\"},\"image\":{\"@id\":\"https:\\\/\\\/memurunsesi.net\\\/index.php\\\/2025\\\/05\\\/04\\\/irakin-kuzeyinde-pence-operasyon-bolgesinde-mayina-basarak-yaralanan-asker-sehit-oldu\\\/#primaryimage\"},\"thumbnailUrl\":\"https:\\\/\\\/memurunsesi.net\\\/wp-content\\\/uploads\\\/2025\\\/05\\\/AW446720_01.jpg\",\"inLanguage\":\"tr\",\"potentialAction\":[{\"@type\":\"CommentAction\",\"name\":\"Comment\",\"target\":[\"https:\\\/\\\/memurunsesi.net\\\/index.php\\\/2025\\\/05\\\/04\\\/irakin-kuzeyinde-pence-operasyon-bolgesinde-mayina-basarak-yaralanan-asker-sehit-oldu\\\/#respond\"]}]},{\"@type\":\"WebPage\",\"@id\":\"https:\\\/\\\/memurunsesi.net\\\/index.php\\\/2025\\\/05\\\/04\\\/irakin-kuzeyinde-pence-operasyon-bolgesinde-mayina-basarak-yaralanan-asker-sehit-oldu\\\/\",\"url\":\"https:\\\/\\\/memurunsesi.net\\\/index.php\\\/2025\\\/05\\\/04\\\/irakin-kuzeyinde-pence-operasyon-bolgesinde-mayina-basarak-yaralanan-asker-sehit-oldu\\\/\",\"name\":\"Irak\u2019\u0131n kuzeyinde Pen\u00e7e Operasyon b\u00f6lgesinde may\u0131na basarak yaralanan asker \u015fehit oldu - Memurun Sesi\",\"isPartOf\":{\"@id\":\"https:\\\/\\\/memurunsesi.net\\\/#website\"},\"primaryImageOfPage\":{\"@id\":\"https:\\\/\\\/memurunsesi.net\\\/index.php\\\/2025\\\/05\\\/04\\\/irakin-kuzeyinde-pence-operasyon-bolgesinde-mayina-basarak-yaralanan-asker-sehit-oldu\\\/#primaryimage\"},\"image\":{\"@id\":\"https:\\\/\\\/memurunsesi.net\\\/index.php\\\/2025\\\/05\\\/04\\\/irakin-kuzeyinde-pence-operasyon-bolgesinde-mayina-basarak-yaralanan-asker-sehit-oldu\\\/#primaryimage\"},\"thumbnailUrl\":\"https:\\\/\\\/memurunsesi.net\\\/wp-content\\\/uploads\\\/2025\\\/05\\\/AW446720_01.jpg\",\"datePublished\":\"2025-05-04T06:08:45+00:00\",\"breadcrumb\":{\"@id\":\"https:\\\/\\\/memurunsesi.net\\\/index.php\\\/2025\\\/05\\\/04\\\/irakin-kuzeyinde-pence-operasyon-bolgesinde-mayina-basarak-yaralanan-asker-sehit-oldu\\\/#breadcrumb\"},\"inLanguage\":\"tr\",\"potentialAction\":[{\"@type\":\"ReadAction\",\"target\":[\"https:\\\/\\\/memurunsesi.net\\\/index.php\\\/2025\\\/05\\\/04\\\/irakin-kuzeyinde-pence-operasyon-bolgesinde-mayina-basarak-yaralanan-asker-sehit-oldu\\\/\"]}]},{\"@type\":\"ImageObject\",\"inLanguage\":\"tr\",\"@id\":\"https:\\\/\\\/memurunsesi.net\\\/index.php\\\/2025\\\/05\\\/04\\\/irakin-kuzeyinde-pence-operasyon-bolgesinde-mayina-basarak-yaralanan-asker-sehit-oldu\\\/#primaryimage\",\"url\":\"https:\\\/\\\/memurunsesi.net\\\/wp-content\\\/uploads\\\/2025\\\/05\\\/AW446720_01.jpg\",\"contentUrl\":\"https:\\\/\\\/memurunsesi.net\\\/wp-content\\\/uploads\\\/2025\\\/05\\\/AW446720_01.jpg\",\"width\":960,\"height\":720,\"caption\":\"M\u0130LL\u0130 SAVUNMA BAKANLI\u011eI IRAK'IN KUZEY\u0130NDEK\u0130 PEN\u00c7E (HAKURK) OPERASYON B\u00d6LGES\u0130NDE ARAMA TARAMA FAAL\u0130YETLER\u0130 SIRASINDA MAYINA BASMA SONUCU YARALANAN UZMAN \u00c7AVU\u015e \u00d6NDER \u00d6ZEN'\u0130N YAPILAN T\u00dcM M\u00dcDAHALELERE RA\u011eMEN KURTARILAMAYARAK \u015eEH\u0130T OLDU\u011eUNU A\u00c7IKLADI. (MUSA ENES AKSAKAL\\\/ANKARA-\u0130HA) Milli Savunma Bakanl\u0131\u011f\u0131 Irak'\u0131n kuzeyindeki Pen\u00e7e (Hakurk) Operasyon b\u00f6lgesinde arama tarama faaliyetleri s\u0131ras\u0131nda may\u0131na basmas\u0131 sonucu yaralanan Uzman \u00c7avu\u015f \u00d6nder \u00d6zen'in yap\u0131lan t\u00fcm m\u00fcdahalelere ra\u011fmen kurtar\u0131lamayarak \u015fehit oldu\u011funu a\u00e7\u0131klad\u0131.\"},{\"@type\":\"BreadcrumbList\",\"@id\":\"https:\\\/\\\/memurunsesi.net\\\/index.php\\\/2025\\\/05\\\/04\\\/irakin-kuzeyinde-pence-operasyon-bolgesinde-mayina-basarak-yaralanan-asker-sehit-oldu\\\/#breadcrumb\",\"itemListElement\":[{\"@type\":\"ListItem\",\"position\":1,\"name\":\"Anasayfa\",\"item\":\"https:\\\/\\\/memurunsesi.net\\\/\"},{\"@type\":\"ListItem\",\"position\":2,\"name\":\"Irak\u2019\u0131n kuzeyinde Pen\u00e7e Operasyon b\u00f6lgesinde may\u0131na basarak yaralanan asker \u015fehit oldu\"}]},{\"@type\":\"WebSite\",\"@id\":\"https:\\\/\\\/memurunsesi.net\\\/#website\",\"url\":\"https:\\\/\\\/memurunsesi.net\\\/\",\"name\":\"Memurun Sesi\",\"description\":\"G\u00fcncel ve Do\u011fru Haber\",\"publisher\":{\"@id\":\"https:\\\/\\\/memurunsesi.net\\\/#organization\"},\"potentialAction\":[{\"@type\":\"SearchAction\",\"target\":{\"@type\":\"EntryPoint\",\"urlTemplate\":\"https:\\\/\\\/memurunsesi.net\\\/?s={search_term_string}\"},\"query-input\":{\"@type\":\"PropertyValueSpecification\",\"valueRequired\":true,\"valueName\":\"search_term_string\"}}],\"inLanguage\":\"tr\"},{\"@type\":\"Organization\",\"@id\":\"https:\\\/\\\/memurunsesi.net\\\/#organization\",\"name\":\"Memurun Sesi\",\"url\":\"https:\\\/\\\/memurunsesi.net\\\/\",\"logo\":{\"@type\":\"ImageObject\",\"inLanguage\":\"tr\",\"@id\":\"https:\\\/\\\/memurunsesi.net\\\/#\\\/schema\\\/logo\\\/image\\\/\",\"url\":\"https:\\\/\\\/memurunsesi.net\\\/wp-content\\\/uploads\\\/2025\\\/11\\\/cropped-MEMURUN-SESI.png\",\"contentUrl\":\"https:\\\/\\\/memurunsesi.net\\\/wp-content\\\/uploads\\\/2025\\\/11\\\/cropped-MEMURUN-SESI.png\",\"width\":238,\"height\":57,\"caption\":\"Memurun Sesi\"},\"image\":{\"@id\":\"https:\\\/\\\/memurunsesi.net\\\/#\\\/schema\\\/logo\\\/image\\\/\"},\"sameAs\":[\"https:\\\/\\\/www.facebook.com\\\/unipersen\\\/?locale=tr_TR\",\"https:\\\/\\\/x.com\\\/unipersen\"]},{\"@type\":\"Person\",\"@id\":\"https:\\\/\\\/memurunsesi.net\\\/#\\\/schema\\\/person\\\/f21c2d73b89f6ee1d80b0a1803e38587\",\"name\":\"Memurun Sesi Haber Merkezi\",\"image\":{\"@type\":\"ImageObject\",\"inLanguage\":\"tr\",\"@id\":\"https:\\\/\\\/secure.gravatar.com\\\/avatar\\\/6cf0505f452ee753f485014986fab09a434671d2b919ee76fc541025c5876a70?s=96&d=mm&r=g\",\"url\":\"https:\\\/\\\/secure.gravatar.com\\\/avatar\\\/6cf0505f452ee753f485014986fab09a434671d2b919ee76fc541025c5876a70?s=96&d=mm&r=g\",\"contentUrl\":\"https:\\\/\\\/secure.gravatar.com\\\/avatar\\\/6cf0505f452ee753f485014986fab09a434671d2b919ee76fc541025c5876a70?s=96&d=mm&r=g\",\"caption\":\"Memurun Sesi Haber Merkezi\"},\"sameAs\":[\"https:\\\/\\\/memurunsesi.net\"],\"url\":\"https:\\\/\\\/memurunsesi.net\\\/index.php\\\/author\\\/uniper\\\/\"}]}<\/script>\n<!-- \/ Yoast SEO plugin. -->","yoast_head_json":{"title":"Irak\u2019\u0131n kuzeyinde Pen\u00e7e Operasyon b\u00f6lgesinde may\u0131na basarak yaralanan asker \u015fehit oldu - Memurun Sesi","robots":{"index":"index","follow":"follow","max-snippet":"max-snippet:-1","max-image-preview":"max-image-preview:large","max-video-preview":"max-video-preview:-1"},"canonical":"https:\/\/memurunsesi.net\/index.php\/2025\/05\/04\/irakin-kuzeyinde-pence-operasyon-bolgesinde-mayina-basarak-yaralanan-asker-sehit-oldu\/","og_locale":"tr_TR","og_type":"article","og_title":"Irak\u2019\u0131n kuzeyinde Pen\u00e7e Operasyon b\u00f6lgesinde may\u0131na basarak yaralanan asker \u015fehit oldu - Memurun Sesi","og_description":"Milli Savunma Bakanl\u0131\u011f\u0131 Irak\u2019\u0131n kuzeyindeki Pen\u00e7e (Hakurk) Operasyon b\u00f6lgesinde arama tarama faaliyetleri s\u0131ras\u0131nda may\u0131na basmas\u0131 sonucu yaralanan Uzman \u00c7avu\u015f \u00d6nder \u00d6zen\u2019in yap\u0131lan t\u00fcm m\u00fcdahalelere ra\u011fmen kurtar\u0131lamayarak \u015fehit oldu\u011funu a\u00e7\u0131klad\u0131. Milli Savunma Bakanl\u0131\u011f\u0131ndan yap\u0131lan a\u00e7\u0131klamada, &#8220;Irak\u2019\u0131n kuzeyindeki Pen\u00e7e (Hakurk) Operasyon b\u00f6lgesinde icra edilen arama tarama faaliyeti esnas\u0131nda may\u0131n\/EYP\u2019ye basmas\u0131 sonucu yaralanan kahraman silah arkada\u015f\u0131m\u0131z \u0130s. Uzm. [&hellip;]","og_url":"https:\/\/memurunsesi.net\/index.php\/2025\/05\/04\/irakin-kuzeyinde-pence-operasyon-bolgesinde-mayina-basarak-yaralanan-asker-sehit-oldu\/","og_site_name":"Memurun Sesi","article_publisher":"https:\/\/www.facebook.com\/unipersen\/?locale=tr_TR","article_published_time":"2025-05-04T06:08:45+00:00","og_image":[{"width":960,"height":720,"url":"https:\/\/memurunsesi.net\/wp-content\/uploads\/2025\/05\/AW446720_01.jpg","type":"image\/jpeg"}],"author":"Memurun Sesi Haber Merkezi","twitter_card":"summary_large_image","twitter_creator":"@unipersen","twitter_site":"@unipersen","twitter_misc":{"Yazan:":"Memurun Sesi Haber Merkezi","Tahmini okuma s\u00fcresi":"1 dakika"},"schema":{"@context":"https:\/\/schema.org","@graph":[{"@type":"Article","@id":"https:\/\/memurunsesi.net\/index.php\/2025\/05\/04\/irakin-kuzeyinde-pence-operasyon-bolgesinde-mayina-basarak-yaralanan-asker-sehit-oldu\/#article","isPartOf":{"@id":"https:\/\/memurunsesi.net\/index.php\/2025\/05\/04\/irakin-kuzeyinde-pence-operasyon-bolgesinde-mayina-basarak-yaralanan-asker-sehit-oldu\/"},"author":{"name":"Memurun Sesi Haber Merkezi","@id":"https:\/\/memurunsesi.net\/#\/schema\/person\/f21c2d73b89f6ee1d80b0a1803e38587"},"headline":"Irak\u2019\u0131n kuzeyinde Pen\u00e7e Operasyon b\u00f6lgesinde may\u0131na basarak yaralanan asker \u015fehit oldu","datePublished":"2025-05-04T06:08:45+00:00","mainEntityOfPage":{"@id":"https:\/\/memurunsesi.net\/index.php\/2025\/05\/04\/irakin-kuzeyinde-pence-operasyon-bolgesinde-mayina-basarak-yaralanan-asker-sehit-oldu\/"},"wordCount":159,"commentCount":0,"publisher":{"@id":"https:\/\/memurunsesi.net\/#organization"},"image":{"@id":"https:\/\/memurunsesi.net\/index.php\/2025\/05\/04\/irakin-kuzeyinde-pence-operasyon-bolgesinde-mayina-basarak-yaralanan-asker-sehit-oldu\/#primaryimage"},"thumbnailUrl":"https:\/\/memurunsesi.net\/wp-content\/uploads\/2025\/05\/AW446720_01.jpg","inLanguage":"tr","potentialAction":[{"@type":"CommentAction","name":"Comment","target":["https:\/\/memurunsesi.net\/index.php\/2025\/05\/04\/irakin-kuzeyinde-pence-operasyon-bolgesinde-mayina-basarak-yaralanan-asker-sehit-oldu\/#respond"]}]},{"@type":"WebPage","@id":"https:\/\/memurunsesi.net\/index.php\/2025\/05\/04\/irakin-kuzeyinde-pence-operasyon-bolgesinde-mayina-basarak-yaralanan-asker-sehit-oldu\/","url":"https:\/\/memurunsesi.net\/index.php\/2025\/05\/04\/irakin-kuzeyinde-pence-operasyon-bolgesinde-mayina-basarak-yaralanan-asker-sehit-oldu\/","name":"Irak\u2019\u0131n kuzeyinde Pen\u00e7e Operasyon b\u00f6lgesinde may\u0131na basarak yaralanan asker \u015fehit oldu - Memurun Sesi","isPartOf":{"@id":"https:\/\/memurunsesi.net\/#website"},"primaryImageOfPage":{"@id":"https:\/\/memurunsesi.net\/index.php\/2025\/05\/04\/irakin-kuzeyinde-pence-operasyon-bolgesinde-mayina-basarak-yaralanan-asker-sehit-oldu\/#primaryimage"},"image":{"@id":"https:\/\/memurunsesi.net\/index.php\/2025\/05\/04\/irakin-kuzeyinde-pence-operasyon-bolgesinde-mayina-basarak-yaralanan-asker-sehit-oldu\/#primaryimage"},"thumbnailUrl":"https:\/\/memurunsesi.net\/wp-content\/uploads\/2025\/05\/AW446720_01.jpg","datePublished":"2025-05-04T06:08:45+00:00","breadcrumb":{"@id":"https:\/\/memurunsesi.net\/index.php\/2025\/05\/04\/irakin-kuzeyinde-pence-operasyon-bolgesinde-mayina-basarak-yaralanan-asker-sehit-oldu\/#breadcrumb"},"inLanguage":"tr","potentialAction":[{"@type":"ReadAction","target":["https:\/\/memurunsesi.net\/index.php\/2025\/05\/04\/irakin-kuzeyinde-pence-operasyon-bolgesinde-mayina-basarak-yaralanan-asker-sehit-oldu\/"]}]},{"@type":"ImageObject","inLanguage":"tr","@id":"https:\/\/memurunsesi.net\/index.php\/2025\/05\/04\/irakin-kuzeyinde-pence-operasyon-bolgesinde-mayina-basarak-yaralanan-asker-sehit-oldu\/#primaryimage","url":"https:\/\/memurunsesi.net\/wp-content\/uploads\/2025\/05\/AW446720_01.jpg","contentUrl":"https:\/\/memurunsesi.net\/wp-content\/uploads\/2025\/05\/AW446720_01.jpg","width":960,"height":720,"caption":"M\u0130LL\u0130 SAVUNMA BAKANLI\u011eI IRAK'IN KUZEY\u0130NDEK\u0130 PEN\u00c7E (HAKURK) OPERASYON B\u00d6LGES\u0130NDE ARAMA TARAMA FAAL\u0130YETLER\u0130 SIRASINDA MAYINA BASMA SONUCU YARALANAN UZMAN \u00c7AVU\u015e \u00d6NDER \u00d6ZEN'\u0130N YAPILAN T\u00dcM M\u00dcDAHALELERE RA\u011eMEN KURTARILAMAYARAK \u015eEH\u0130T OLDU\u011eUNU A\u00c7IKLADI. (MUSA ENES AKSAKAL\/ANKARA-\u0130HA) Milli Savunma Bakanl\u0131\u011f\u0131 Irak'\u0131n kuzeyindeki Pen\u00e7e (Hakurk) Operasyon b\u00f6lgesinde arama tarama faaliyetleri s\u0131ras\u0131nda may\u0131na basmas\u0131 sonucu yaralanan Uzman \u00c7avu\u015f \u00d6nder \u00d6zen'in yap\u0131lan t\u00fcm m\u00fcdahalelere ra\u011fmen kurtar\u0131lamayarak \u015fehit oldu\u011funu a\u00e7\u0131klad\u0131."},{"@type":"BreadcrumbList","@id":"https:\/\/memurunsesi.net\/index.php\/2025\/05\/04\/irakin-kuzeyinde-pence-operasyon-bolgesinde-mayina-basarak-yaralanan-asker-sehit-oldu\/#breadcrumb","itemListElement":[{"@type":"ListItem","position":1,"name":"Anasayfa","item":"https:\/\/memurunsesi.net\/"},{"@type":"ListItem","position":2,"name":"Irak\u2019\u0131n kuzeyinde Pen\u00e7e Operasyon b\u00f6lgesinde may\u0131na basarak yaralanan asker \u015fehit oldu"}]},{"@type":"WebSite","@id":"https:\/\/memurunsesi.net\/#website","url":"https:\/\/memurunsesi.net\/","name":"Memurun Sesi","description":"G\u00fcncel ve Do\u011fru Haber","publisher":{"@id":"https:\/\/memurunsesi.net\/#organization"},"potentialAction":[{"@type":"SearchAction","target":{"@type":"EntryPoint","urlTemplate":"https:\/\/memurunsesi.net\/?s={search_term_string}"},"query-input":{"@type":"PropertyValueSpecification","valueRequired":true,"valueName":"search_term_string"}}],"inLanguage":"tr"},{"@type":"Organization","@id":"https:\/\/memurunsesi.net\/#organization","name":"Memurun Sesi","url":"https:\/\/memurunsesi.net\/","logo":{"@type":"ImageObject","inLanguage":"tr","@id":"https:\/\/memurunsesi.net\/#\/schema\/logo\/image\/","url":"https:\/\/memurunsesi.net\/wp-content\/uploads\/2025\/11\/cropped-MEMURUN-SESI.png","contentUrl":"https:\/\/memurunsesi.net\/wp-content\/uploads\/2025\/11\/cropped-MEMURUN-SESI.png","width":238,"height":57,"caption":"Memurun Sesi"},"image":{"@id":"https:\/\/memurunsesi.net\/#\/schema\/logo\/image\/"},"sameAs":["https:\/\/www.facebook.com\/unipersen\/?locale=tr_TR","https:\/\/x.com\/unipersen"]},{"@type":"Person","@id":"https:\/\/memurunsesi.net\/#\/schema\/person\/f21c2d73b89f6ee1d80b0a1803e38587","name":"Memurun Sesi Haber Merkezi","image":{"@type":"ImageObject","inLanguage":"tr","@id":"https:\/\/secure.gravatar.com\/avatar\/6cf0505f452ee753f485014986fab09a434671d2b919ee76fc541025c5876a70?s=96&d=mm&r=g","url":"https:\/\/secure.gravatar.com\/avatar\/6cf0505f452ee753f485014986fab09a434671d2b919ee76fc541025c5876a70?s=96&d=mm&r=g","contentUrl":"https:\/\/secure.gravatar.com\/avatar\/6cf0505f452ee753f485014986fab09a434671d2b919ee76fc541025c5876a70?s=96&d=mm&r=g","caption":"Memurun Sesi Haber Merkezi"},"sameAs":["https:\/\/memurunsesi.net"],"url":"https:\/\/memurunsesi.net\/index.php\/author\/uniper\/"}]}},"_links":{"self":[{"href":"https:\/\/memurunsesi.net\/index.php\/wp-json\/wp\/v2\/posts\/6488","targetHints":{"allow":["GET"]}}],"collection":[{"href":"https:\/\/memurunsesi.net\/index.php\/wp-json\/wp\/v2\/posts"}],"about":[{"href":"https:\/\/memurunsesi.net\/index.php\/wp-json\/wp\/v2\/types\/post"}],"author":[{"embeddable":true,"href":"https:\/\/memurunsesi.net\/index.php\/wp-json\/wp\/v2\/users\/1"}],"replies":[{"embeddable":true,"href":"https:\/\/memurunsesi.net\/index.php\/wp-json\/wp\/v2\/comments?post=6488"}],"version-history":[{"count":1,"href":"https:\/\/memurunsesi.net\/index.php\/wp-json\/wp\/v2\/posts\/6488\/revisions"}],"predecessor-version":[{"id":6490,"href":"https:\/\/memurunsesi.net\/index.php\/wp-json\/wp\/v2\/posts\/6488\/revisions\/6490"}],"wp:featuredmedia":[{"embeddable":true,"href":"https:\/\/memurunsesi.net\/index.php\/wp-json\/wp\/v2\/media\/6489"}],"wp:attachment":[{"href":"https:\/\/memurunsesi.net\/index.php\/wp-json\/wp\/v2\/media?parent=6488"}],"wp:term":[{"taxonomy":"category","embeddable":true,"href":"https:\/\/memurunsesi.net\/index.php\/wp-json\/wp\/v2\/categories?post=6488"},{"taxonomy":"post_tag","embeddable":true,"href":"https:\/\/memurunsesi.net\/index.php\/wp-json\/wp\/v2\/tags?post=6488"}],"curies":[{"name":"wp","href":"https:\/\/api.w.org\/{rel}","templated":true}]}}