{"id":6515,"date":"2025-05-04T21:19:28","date_gmt":"2025-05-04T18:19:28","guid":{"rendered":"https:\/\/memurunsesi.net\/?p=6515"},"modified":"2025-05-04T21:19:28","modified_gmt":"2025-05-04T18:19:28","slug":"sirri-sureyya-onder-son-yolculuguna-ugurlandi","status":"publish","type":"post","link":"https:\/\/memurunsesi.net\/index.php\/2025\/05\/04\/sirri-sureyya-onder-son-yolculuguna-ugurlandi\/","title":{"rendered":"S\u0131rr\u0131 S\u00fcreyya \u00d6nder son yolculu\u011funa u\u011furland\u0131"},"content":{"rendered":"<p><div style=\"width: 512px;\" class=\"wp-video\"><video class=\"wp-video-shortcode\" id=\"video-6515-1\" width=\"512\" height=\"288\" preload=\"metadata\" controls=\"controls\"><source type=\"video\/mp4\" src=\"https:\/\/memurunsesi.net\/wp-content\/uploads\/2025\/05\/432AF460-BAAF-4E72-934B-5994AED3BEDB.mp4?_=1\" \/><a href=\"https:\/\/memurunsesi.net\/wp-content\/uploads\/2025\/05\/432AF460-BAAF-4E72-934B-5994AED3BEDB.mp4\">https:\/\/memurunsesi.net\/wp-content\/uploads\/2025\/05\/432AF460-BAAF-4E72-934B-5994AED3BEDB.mp4<\/a><\/video><\/div> TBMM Ba\u015fkanvekili ve DEM Parti \u0130stanbul Milletvekili S\u0131rr\u0131 S\u00fcreyya \u00d6nder, Barbaros Hayrettin Pa\u015fa Camii&#8217;nde k\u0131l\u0131nan cenaze namaz\u0131yla son yolculu\u011funa u\u011furland\u0131.<br \/>\nTedavi g\u00f6rd\u00fc\u011f\u00fc hastanede hayat\u0131n\u0131 kaybeden S\u0131rr\u0131 S\u00fcreyya \u00d6nder i\u00e7in Levent Barbaros Hayrettin Pa\u015fa Camii&#8217;nde ikindi namaz\u0131n\u0131 m\u00fcteakip cenaze t\u00f6reni d\u00fczenlendi. Cenazede S\u0131rr\u0131 S\u00fcreyya \u00d6nder&#8217;in karde\u015fi Ali Fuat \u00d6nder ve k\u0131z\u0131 Ceren \u00d6nder taziyeleri kabul etti. Cenazeye T\u00fcrkiye B\u00fcy\u00fck Millet Meclisi (TBMM) Ba\u015fkan\u0131 Numan Kurtulmu\u015f, AK Parti S\u00f6zc\u00fcs\u00fc \u00d6mer \u00c7elik, Milli \u0130stihbarat Te\u015fkilat\u0131 Ba\u015fkan\u0131 \u0130brahim Kal\u0131n, CHP Genel Ba\u015fkan\u0131 \u00d6zg\u00fcr \u00d6zel, CHP eski Genel Ba\u015fkan\u0131 Kemal K\u0131l\u0131\u00e7daro\u011flu, eski Ba\u015fbakan Binali Y\u0131ld\u0131r\u0131m, Ahmet T\u00fcrk ve binlerce ki\u015fi kat\u0131ld\u0131. S\u0131rr\u0131 S\u00fcreyya \u00d6nder i\u00e7in helallik al\u0131nd\u0131ktan sonra cenaze namaz\u0131 k\u0131l\u0131nd\u0131. \u00d6nder&#8217;in omuzlara al\u0131nan tabutu, topra\u011fa verilmek \u00fczere Zincirlikuyu Mezarl\u0131\u011f\u0131&#8217;na g\u00f6t\u00fcr\u00fcld\u00fc.                                         <\/p>\n","protected":false},"excerpt":{"rendered":"<p>TBMM Ba\u015fkanvekili ve DEM Parti \u0130stanbul Milletvekili S\u0131rr\u0131 S\u00fcreyya \u00d6nder, Barbaros Hayrettin Pa\u015fa Camii&#8217;nde k\u0131l\u0131nan cenaze namaz\u0131yla son yolculu\u011funa u\u011furland\u0131. Tedavi g\u00f6rd\u00fc\u011f\u00fc hastanede hayat\u0131n\u0131 kaybeden S\u0131rr\u0131 S\u00fcreyya \u00d6nder i\u00e7in Levent Barbaros Hayrettin Pa\u015fa Camii&#8217;nde ikindi namaz\u0131n\u0131 m\u00fcteakip cenaze t\u00f6reni d\u00fczenlendi. Cenazede S\u0131rr\u0131 S\u00fcreyya \u00d6nder&#8217;in karde\u015fi Ali Fuat \u00d6nder ve k\u0131z\u0131 Ceren \u00d6nder taziyeleri kabul etti. [&hellip;]<\/p>\n","protected":false},"author":1,"featured_media":0,"comment_status":"open","ping_status":"open","sticky":false,"template":"","format":"standard","meta":{"footnotes":""},"categories":[45],"tags":[],"class_list":["post-6515","post","type-post","status-publish","format-standard","hentry","category-gundem"],"yoast_head":"<!-- This site is optimized with the Yoast SEO plugin v27.4 - https:\/\/yoast.com\/product\/yoast-seo-wordpress\/ -->\n<title>S\u0131rr\u0131 S\u00fcreyya \u00d6nder son yolculu\u011funa u\u011furland\u0131 - Memurun Sesi<\/title>\n<meta name=\"robots\" content=\"index, follow, max-snippet:-1, max-image-preview:large, max-video-preview:-1\" \/>\n<link rel=\"canonical\" href=\"https:\/\/memurunsesi.net\/index.php\/2025\/05\/04\/sirri-sureyya-onder-son-yolculuguna-ugurlandi\/\" \/>\n<meta property=\"og:locale\" content=\"tr_TR\" \/>\n<meta property=\"og:type\" content=\"article\" \/>\n<meta property=\"og:title\" content=\"S\u0131rr\u0131 S\u00fcreyya \u00d6nder son yolculu\u011funa u\u011furland\u0131 - Memurun Sesi\" \/>\n<meta property=\"og:description\" content=\"TBMM Ba\u015fkanvekili ve DEM Parti \u0130stanbul Milletvekili S\u0131rr\u0131 S\u00fcreyya \u00d6nder, Barbaros Hayrettin Pa\u015fa Camii&#8217;nde k\u0131l\u0131nan cenaze namaz\u0131yla son yolculu\u011funa u\u011furland\u0131. Tedavi g\u00f6rd\u00fc\u011f\u00fc hastanede hayat\u0131n\u0131 kaybeden S\u0131rr\u0131 S\u00fcreyya \u00d6nder i\u00e7in Levent Barbaros Hayrettin Pa\u015fa Camii&#8217;nde ikindi namaz\u0131n\u0131 m\u00fcteakip cenaze t\u00f6reni d\u00fczenlendi. Cenazede S\u0131rr\u0131 S\u00fcreyya \u00d6nder&#8217;in karde\u015fi Ali Fuat \u00d6nder ve k\u0131z\u0131 Ceren \u00d6nder taziyeleri kabul etti. [&hellip;]\" \/>\n<meta property=\"og:url\" content=\"https:\/\/memurunsesi.net\/index.php\/2025\/05\/04\/sirri-sureyya-onder-son-yolculuguna-ugurlandi\/\" \/>\n<meta property=\"og:site_name\" content=\"Memurun Sesi\" \/>\n<meta property=\"article:publisher\" content=\"https:\/\/www.facebook.com\/unipersen\/?locale=tr_TR\" \/>\n<meta property=\"article:published_time\" content=\"2025-05-04T18:19:28+00:00\" \/>\n<meta name=\"author\" content=\"Memurun Sesi Haber Merkezi\" \/>\n<meta name=\"twitter:card\" content=\"summary_large_image\" \/>\n<meta name=\"twitter:creator\" content=\"@unipersen\" \/>\n<meta name=\"twitter:site\" content=\"@unipersen\" \/>\n<meta name=\"twitter:label1\" content=\"Yazan:\" \/>\n\t<meta name=\"twitter:data1\" content=\"Memurun Sesi Haber Merkezi\" \/>\n<script type=\"application\/ld+json\" class=\"yoast-schema-graph\">{\"@context\":\"https:\\\/\\\/schema.org\",\"@graph\":[{\"@type\":\"Article\",\"@id\":\"https:\\\/\\\/memurunsesi.net\\\/index.php\\\/2025\\\/05\\\/04\\\/sirri-sureyya-onder-son-yolculuguna-ugurlandi\\\/#article\",\"isPartOf\":{\"@id\":\"https:\\\/\\\/memurunsesi.net\\\/index.php\\\/2025\\\/05\\\/04\\\/sirri-sureyya-onder-son-yolculuguna-ugurlandi\\\/\"},\"author\":{\"name\":\"Memurun Sesi Haber Merkezi\",\"@id\":\"https:\\\/\\\/memurunsesi.net\\\/#\\\/schema\\\/person\\\/f21c2d73b89f6ee1d80b0a1803e38587\"},\"headline\":\"S\u0131rr\u0131 S\u00fcreyya \u00d6nder son yolculu\u011funa u\u011furland\u0131\",\"datePublished\":\"2025-05-04T18:19:28+00:00\",\"mainEntityOfPage\":{\"@id\":\"https:\\\/\\\/memurunsesi.net\\\/index.php\\\/2025\\\/05\\\/04\\\/sirri-sureyya-onder-son-yolculuguna-ugurlandi\\\/\"},\"wordCount\":206,\"commentCount\":0,\"publisher\":{\"@id\":\"https:\\\/\\\/memurunsesi.net\\\/#organization\"},\"articleSection\":[\"G\u00fcndem\"],\"inLanguage\":\"tr\",\"potentialAction\":[{\"@type\":\"CommentAction\",\"name\":\"Comment\",\"target\":[\"https:\\\/\\\/memurunsesi.net\\\/index.php\\\/2025\\\/05\\\/04\\\/sirri-sureyya-onder-son-yolculuguna-ugurlandi\\\/#respond\"]}]},{\"@type\":\"WebPage\",\"@id\":\"https:\\\/\\\/memurunsesi.net\\\/index.php\\\/2025\\\/05\\\/04\\\/sirri-sureyya-onder-son-yolculuguna-ugurlandi\\\/\",\"url\":\"https:\\\/\\\/memurunsesi.net\\\/index.php\\\/2025\\\/05\\\/04\\\/sirri-sureyya-onder-son-yolculuguna-ugurlandi\\\/\",\"name\":\"S\u0131rr\u0131 S\u00fcreyya \u00d6nder son yolculu\u011funa u\u011furland\u0131 - Memurun Sesi\",\"isPartOf\":{\"@id\":\"https:\\\/\\\/memurunsesi.net\\\/#website\"},\"datePublished\":\"2025-05-04T18:19:28+00:00\",\"breadcrumb\":{\"@id\":\"https:\\\/\\\/memurunsesi.net\\\/index.php\\\/2025\\\/05\\\/04\\\/sirri-sureyya-onder-son-yolculuguna-ugurlandi\\\/#breadcrumb\"},\"inLanguage\":\"tr\",\"potentialAction\":[{\"@type\":\"ReadAction\",\"target\":[\"https:\\\/\\\/memurunsesi.net\\\/index.php\\\/2025\\\/05\\\/04\\\/sirri-sureyya-onder-son-yolculuguna-ugurlandi\\\/\"]}]},{\"@type\":\"BreadcrumbList\",\"@id\":\"https:\\\/\\\/memurunsesi.net\\\/index.php\\\/2025\\\/05\\\/04\\\/sirri-sureyya-onder-son-yolculuguna-ugurlandi\\\/#breadcrumb\",\"itemListElement\":[{\"@type\":\"ListItem\",\"position\":1,\"name\":\"Anasayfa\",\"item\":\"https:\\\/\\\/memurunsesi.net\\\/\"},{\"@type\":\"ListItem\",\"position\":2,\"name\":\"S\u0131rr\u0131 S\u00fcreyya \u00d6nder son yolculu\u011funa u\u011furland\u0131\"}]},{\"@type\":\"WebSite\",\"@id\":\"https:\\\/\\\/memurunsesi.net\\\/#website\",\"url\":\"https:\\\/\\\/memurunsesi.net\\\/\",\"name\":\"Memurun Sesi\",\"description\":\"G\u00fcncel ve Do\u011fru Haber\",\"publisher\":{\"@id\":\"https:\\\/\\\/memurunsesi.net\\\/#organization\"},\"potentialAction\":[{\"@type\":\"SearchAction\",\"target\":{\"@type\":\"EntryPoint\",\"urlTemplate\":\"https:\\\/\\\/memurunsesi.net\\\/?s={search_term_string}\"},\"query-input\":{\"@type\":\"PropertyValueSpecification\",\"valueRequired\":true,\"valueName\":\"search_term_string\"}}],\"inLanguage\":\"tr\"},{\"@type\":\"Organization\",\"@id\":\"https:\\\/\\\/memurunsesi.net\\\/#organization\",\"name\":\"Memurun Sesi\",\"url\":\"https:\\\/\\\/memurunsesi.net\\\/\",\"logo\":{\"@type\":\"ImageObject\",\"inLanguage\":\"tr\",\"@id\":\"https:\\\/\\\/memurunsesi.net\\\/#\\\/schema\\\/logo\\\/image\\\/\",\"url\":\"https:\\\/\\\/memurunsesi.net\\\/wp-content\\\/uploads\\\/2025\\\/11\\\/cropped-MEMURUN-SESI.png\",\"contentUrl\":\"https:\\\/\\\/memurunsesi.net\\\/wp-content\\\/uploads\\\/2025\\\/11\\\/cropped-MEMURUN-SESI.png\",\"width\":238,\"height\":57,\"caption\":\"Memurun Sesi\"},\"image\":{\"@id\":\"https:\\\/\\\/memurunsesi.net\\\/#\\\/schema\\\/logo\\\/image\\\/\"},\"sameAs\":[\"https:\\\/\\\/www.facebook.com\\\/unipersen\\\/?locale=tr_TR\",\"https:\\\/\\\/x.com\\\/unipersen\"]},{\"@type\":\"Person\",\"@id\":\"https:\\\/\\\/memurunsesi.net\\\/#\\\/schema\\\/person\\\/f21c2d73b89f6ee1d80b0a1803e38587\",\"name\":\"Memurun Sesi Haber Merkezi\",\"image\":{\"@type\":\"ImageObject\",\"inLanguage\":\"tr\",\"@id\":\"https:\\\/\\\/secure.gravatar.com\\\/avatar\\\/6cf0505f452ee753f485014986fab09a434671d2b919ee76fc541025c5876a70?s=96&d=mm&r=g\",\"url\":\"https:\\\/\\\/secure.gravatar.com\\\/avatar\\\/6cf0505f452ee753f485014986fab09a434671d2b919ee76fc541025c5876a70?s=96&d=mm&r=g\",\"contentUrl\":\"https:\\\/\\\/secure.gravatar.com\\\/avatar\\\/6cf0505f452ee753f485014986fab09a434671d2b919ee76fc541025c5876a70?s=96&d=mm&r=g\",\"caption\":\"Memurun Sesi Haber Merkezi\"},\"sameAs\":[\"https:\\\/\\\/memurunsesi.net\"],\"url\":\"https:\\\/\\\/memurunsesi.net\\\/index.php\\\/author\\\/uniper\\\/\"}]}<\/script>\n<!-- \/ Yoast SEO plugin. -->","yoast_head_json":{"title":"S\u0131rr\u0131 S\u00fcreyya \u00d6nder son yolculu\u011funa u\u011furland\u0131 - Memurun Sesi","robots":{"index":"index","follow":"follow","max-snippet":"max-snippet:-1","max-image-preview":"max-image-preview:large","max-video-preview":"max-video-preview:-1"},"canonical":"https:\/\/memurunsesi.net\/index.php\/2025\/05\/04\/sirri-sureyya-onder-son-yolculuguna-ugurlandi\/","og_locale":"tr_TR","og_type":"article","og_title":"S\u0131rr\u0131 S\u00fcreyya \u00d6nder son yolculu\u011funa u\u011furland\u0131 - Memurun Sesi","og_description":"TBMM Ba\u015fkanvekili ve DEM Parti \u0130stanbul Milletvekili S\u0131rr\u0131 S\u00fcreyya \u00d6nder, Barbaros Hayrettin Pa\u015fa Camii&#8217;nde k\u0131l\u0131nan cenaze namaz\u0131yla son yolculu\u011funa u\u011furland\u0131. Tedavi g\u00f6rd\u00fc\u011f\u00fc hastanede hayat\u0131n\u0131 kaybeden S\u0131rr\u0131 S\u00fcreyya \u00d6nder i\u00e7in Levent Barbaros Hayrettin Pa\u015fa Camii&#8217;nde ikindi namaz\u0131n\u0131 m\u00fcteakip cenaze t\u00f6reni d\u00fczenlendi. Cenazede S\u0131rr\u0131 S\u00fcreyya \u00d6nder&#8217;in karde\u015fi Ali Fuat \u00d6nder ve k\u0131z\u0131 Ceren \u00d6nder taziyeleri kabul etti. [&hellip;]","og_url":"https:\/\/memurunsesi.net\/index.php\/2025\/05\/04\/sirri-sureyya-onder-son-yolculuguna-ugurlandi\/","og_site_name":"Memurun Sesi","article_publisher":"https:\/\/www.facebook.com\/unipersen\/?locale=tr_TR","article_published_time":"2025-05-04T18:19:28+00:00","author":"Memurun Sesi Haber Merkezi","twitter_card":"summary_large_image","twitter_creator":"@unipersen","twitter_site":"@unipersen","twitter_misc":{"Yazan:":"Memurun Sesi Haber Merkezi"},"schema":{"@context":"https:\/\/schema.org","@graph":[{"@type":"Article","@id":"https:\/\/memurunsesi.net\/index.php\/2025\/05\/04\/sirri-sureyya-onder-son-yolculuguna-ugurlandi\/#article","isPartOf":{"@id":"https:\/\/memurunsesi.net\/index.php\/2025\/05\/04\/sirri-sureyya-onder-son-yolculuguna-ugurlandi\/"},"author":{"name":"Memurun Sesi Haber Merkezi","@id":"https:\/\/memurunsesi.net\/#\/schema\/person\/f21c2d73b89f6ee1d80b0a1803e38587"},"headline":"S\u0131rr\u0131 S\u00fcreyya \u00d6nder son yolculu\u011funa u\u011furland\u0131","datePublished":"2025-05-04T18:19:28+00:00","mainEntityOfPage":{"@id":"https:\/\/memurunsesi.net\/index.php\/2025\/05\/04\/sirri-sureyya-onder-son-yolculuguna-ugurlandi\/"},"wordCount":206,"commentCount":0,"publisher":{"@id":"https:\/\/memurunsesi.net\/#organization"},"articleSection":["G\u00fcndem"],"inLanguage":"tr","potentialAction":[{"@type":"CommentAction","name":"Comment","target":["https:\/\/memurunsesi.net\/index.php\/2025\/05\/04\/sirri-sureyya-onder-son-yolculuguna-ugurlandi\/#respond"]}]},{"@type":"WebPage","@id":"https:\/\/memurunsesi.net\/index.php\/2025\/05\/04\/sirri-sureyya-onder-son-yolculuguna-ugurlandi\/","url":"https:\/\/memurunsesi.net\/index.php\/2025\/05\/04\/sirri-sureyya-onder-son-yolculuguna-ugurlandi\/","name":"S\u0131rr\u0131 S\u00fcreyya \u00d6nder son yolculu\u011funa u\u011furland\u0131 - Memurun Sesi","isPartOf":{"@id":"https:\/\/memurunsesi.net\/#website"},"datePublished":"2025-05-04T18:19:28+00:00","breadcrumb":{"@id":"https:\/\/memurunsesi.net\/index.php\/2025\/05\/04\/sirri-sureyya-onder-son-yolculuguna-ugurlandi\/#breadcrumb"},"inLanguage":"tr","potentialAction":[{"@type":"ReadAction","target":["https:\/\/memurunsesi.net\/index.php\/2025\/05\/04\/sirri-sureyya-onder-son-yolculuguna-ugurlandi\/"]}]},{"@type":"BreadcrumbList","@id":"https:\/\/memurunsesi.net\/index.php\/2025\/05\/04\/sirri-sureyya-onder-son-yolculuguna-ugurlandi\/#breadcrumb","itemListElement":[{"@type":"ListItem","position":1,"name":"Anasayfa","item":"https:\/\/memurunsesi.net\/"},{"@type":"ListItem","position":2,"name":"S\u0131rr\u0131 S\u00fcreyya \u00d6nder son yolculu\u011funa u\u011furland\u0131"}]},{"@type":"WebSite","@id":"https:\/\/memurunsesi.net\/#website","url":"https:\/\/memurunsesi.net\/","name":"Memurun Sesi","description":"G\u00fcncel ve Do\u011fru Haber","publisher":{"@id":"https:\/\/memurunsesi.net\/#organization"},"potentialAction":[{"@type":"SearchAction","target":{"@type":"EntryPoint","urlTemplate":"https:\/\/memurunsesi.net\/?s={search_term_string}"},"query-input":{"@type":"PropertyValueSpecification","valueRequired":true,"valueName":"search_term_string"}}],"inLanguage":"tr"},{"@type":"Organization","@id":"https:\/\/memurunsesi.net\/#organization","name":"Memurun Sesi","url":"https:\/\/memurunsesi.net\/","logo":{"@type":"ImageObject","inLanguage":"tr","@id":"https:\/\/memurunsesi.net\/#\/schema\/logo\/image\/","url":"https:\/\/memurunsesi.net\/wp-content\/uploads\/2025\/11\/cropped-MEMURUN-SESI.png","contentUrl":"https:\/\/memurunsesi.net\/wp-content\/uploads\/2025\/11\/cropped-MEMURUN-SESI.png","width":238,"height":57,"caption":"Memurun Sesi"},"image":{"@id":"https:\/\/memurunsesi.net\/#\/schema\/logo\/image\/"},"sameAs":["https:\/\/www.facebook.com\/unipersen\/?locale=tr_TR","https:\/\/x.com\/unipersen"]},{"@type":"Person","@id":"https:\/\/memurunsesi.net\/#\/schema\/person\/f21c2d73b89f6ee1d80b0a1803e38587","name":"Memurun Sesi Haber Merkezi","image":{"@type":"ImageObject","inLanguage":"tr","@id":"https:\/\/secure.gravatar.com\/avatar\/6cf0505f452ee753f485014986fab09a434671d2b919ee76fc541025c5876a70?s=96&d=mm&r=g","url":"https:\/\/secure.gravatar.com\/avatar\/6cf0505f452ee753f485014986fab09a434671d2b919ee76fc541025c5876a70?s=96&d=mm&r=g","contentUrl":"https:\/\/secure.gravatar.com\/avatar\/6cf0505f452ee753f485014986fab09a434671d2b919ee76fc541025c5876a70?s=96&d=mm&r=g","caption":"Memurun Sesi Haber Merkezi"},"sameAs":["https:\/\/memurunsesi.net"],"url":"https:\/\/memurunsesi.net\/index.php\/author\/uniper\/"}]}},"_links":{"self":[{"href":"https:\/\/memurunsesi.net\/index.php\/wp-json\/wp\/v2\/posts\/6515","targetHints":{"allow":["GET"]}}],"collection":[{"href":"https:\/\/memurunsesi.net\/index.php\/wp-json\/wp\/v2\/posts"}],"about":[{"href":"https:\/\/memurunsesi.net\/index.php\/wp-json\/wp\/v2\/types\/post"}],"author":[{"embeddable":true,"href":"https:\/\/memurunsesi.net\/index.php\/wp-json\/wp\/v2\/users\/1"}],"replies":[{"embeddable":true,"href":"https:\/\/memurunsesi.net\/index.php\/wp-json\/wp\/v2\/comments?post=6515"}],"version-history":[{"count":1,"href":"https:\/\/memurunsesi.net\/index.php\/wp-json\/wp\/v2\/posts\/6515\/revisions"}],"predecessor-version":[{"id":6517,"href":"https:\/\/memurunsesi.net\/index.php\/wp-json\/wp\/v2\/posts\/6515\/revisions\/6517"}],"wp:attachment":[{"href":"https:\/\/memurunsesi.net\/index.php\/wp-json\/wp\/v2\/media?parent=6515"}],"wp:term":[{"taxonomy":"category","embeddable":true,"href":"https:\/\/memurunsesi.net\/index.php\/wp-json\/wp\/v2\/categories?post=6515"},{"taxonomy":"post_tag","embeddable":true,"href":"https:\/\/memurunsesi.net\/index.php\/wp-json\/wp\/v2\/tags?post=6515"}],"curies":[{"name":"wp","href":"https:\/\/api.w.org\/{rel}","templated":true}]}}