{"id":6518,"date":"2025-05-04T21:21:25","date_gmt":"2025-05-04T18:21:25","guid":{"rendered":"https:\/\/memurunsesi.net\/?p=6518"},"modified":"2025-05-04T21:21:25","modified_gmt":"2025-05-04T18:21:25","slug":"sulama-kanalina-dusen-2-cocuk-boguldu","status":"publish","type":"post","link":"https:\/\/memurunsesi.net\/index.php\/2025\/05\/04\/sulama-kanalina-dusen-2-cocuk-boguldu\/","title":{"rendered":"Sulama kanal\u0131na d\u00fc\u015fen 2 \u00e7ocuk bo\u011fuldu"},"content":{"rendered":"<p>  \u015eanl\u0131urfa\u2019da aileleriyle birlikte gittikleri piknikte sulama kanal\u0131na d\u00fc\u015fen 2 \u00e7ocuk bo\u011fularak hayat\u0131n\u0131 kaybetti.<br \/>\nEdinilen bilgiye g\u00f6re olay, \u015eanl\u0131urfa\u2019n\u0131n Haliliye il\u00e7esine ba\u011fl\u0131 Osmanbey k\u0131rsal Mahallesi yak\u0131nlar\u0131nda ya\u015fand\u0131. Aileleriyle birlikte pikni\u011fe giden \u0130brahim Halil K\u0131l\u0131\u00e7 (13) ve R\u00fcveyda Demir (12) sulama kanal\u0131na d\u00fc\u015ft\u00fc. Ak\u0131nt\u0131ya kap\u0131lan 2 \u00e7ocuk, \u00e7evrede bulunan vatanda\u015flar taraf\u0131ndan kanaldan \u00e7\u0131kar\u0131larak Harran \u00dcniversitesi T\u0131p Fak\u00fcltesi Hastanesine g\u00f6t\u00fcr\u00fcld\u00fc. Doktorlar\u0131n t\u00fcm m\u00fcdahalesine ra\u011fmen 2 \u00e7ocuk kurtar\u0131lamayarak hayat\u0131n\u0131 kaybetti. \u00d6l\u00fcm haberini alan \u00e7ocuklar\u0131n yak\u0131nlar\u0131 hastanede gerginlik \u00e7\u0131kar\u0131rken, duruma polis m\u00fcdahale etti.<br \/>\n  \u015eanl\u0131urfa Valisi Hasan \u015e\u0131ldak, sosyal medya hesab\u0131ndan yapt\u0131\u011f\u0131 a\u00e7\u0131klamada, &#8220;Her y\u0131l \u00e7ok say\u0131da \u00e7ocu\u011fumuzu sulama kanallar\u0131nda ve baraj g\u00f6llerinde bo\u011fularak kaybediyoruz. Maalesef bug\u00fcn iki \u00e7ocu\u011fumuzu daha kaybettik. Sulama kanallar\u0131, baraj g\u00f6lleri ve g\u00f6letler y\u00fczmek, oynamak veya ba\u015fka bir ama\u00e7la girmek i\u00e7in uygun yerler de\u011fildir. Buralara girilmesi son derece tehlikeli oldu\u011fu i\u00e7in valilik karar\u0131yla yasaklanm\u0131\u015ft\u0131r. K\u0131ymetli vatanda\u015flar\u0131m\u0131z, l\u00fctfen \u00e7ocuklar\u0131n\u0131z\u0131n tehlikeli ve yasak olan su kanallar\u0131, baraj g\u00f6lleri ve g\u00f6letlere girmesine, yakla\u015fmas\u0131na ve buralarda oynamas\u0131na izin vermeyin. Bu b\u00f6lgelere yakla\u015ft\u0131\u011f\u0131n\u0131zda \u00e7ocuklar\u0131n\u0131z\u0131 kesinlikle g\u00f6zetiminiz alt\u0131nda bulundurun. Hayat kayna\u011f\u0131 olan suyun hayatlar\u0131 karartmamas\u0131na f\u0131rsat vermeyin&#8221; dedi. <\/p>\n<p>4.05.2025                                  <\/p>\n","protected":false},"excerpt":{"rendered":"<p>\u015eanl\u0131urfa\u2019da aileleriyle birlikte gittikleri piknikte sulama kanal\u0131na d\u00fc\u015fen 2 \u00e7ocuk bo\u011fularak hayat\u0131n\u0131 kaybetti. Edinilen bilgiye g\u00f6re olay, \u015eanl\u0131urfa\u2019n\u0131n Haliliye il\u00e7esine ba\u011fl\u0131 Osmanbey k\u0131rsal Mahallesi yak\u0131nlar\u0131nda ya\u015fand\u0131. Aileleriyle birlikte pikni\u011fe giden \u0130brahim Halil K\u0131l\u0131\u00e7 (13) ve R\u00fcveyda Demir (12) sulama kanal\u0131na d\u00fc\u015ft\u00fc. Ak\u0131nt\u0131ya kap\u0131lan 2 \u00e7ocuk, \u00e7evrede bulunan vatanda\u015flar taraf\u0131ndan kanaldan \u00e7\u0131kar\u0131larak Harran \u00dcniversitesi T\u0131p Fak\u00fcltesi [&hellip;]<\/p>\n","protected":false},"author":1,"featured_media":6519,"comment_status":"open","ping_status":"open","sticky":false,"template":"","format":"standard","meta":{"footnotes":""},"categories":[45],"tags":[],"class_list":["post-6518","post","type-post","status-publish","format-standard","has-post-thumbnail","hentry","category-gundem"],"yoast_head":"<!-- This site is optimized with the Yoast SEO plugin v27.4 - https:\/\/yoast.com\/product\/yoast-seo-wordpress\/ -->\n<title>Sulama kanal\u0131na d\u00fc\u015fen 2 \u00e7ocuk bo\u011fuldu - Memurun Sesi<\/title>\n<meta name=\"robots\" content=\"index, follow, max-snippet:-1, max-image-preview:large, max-video-preview:-1\" \/>\n<link rel=\"canonical\" href=\"https:\/\/memurunsesi.net\/index.php\/2025\/05\/04\/sulama-kanalina-dusen-2-cocuk-boguldu\/\" \/>\n<meta property=\"og:locale\" content=\"tr_TR\" \/>\n<meta property=\"og:type\" content=\"article\" \/>\n<meta property=\"og:title\" content=\"Sulama kanal\u0131na d\u00fc\u015fen 2 \u00e7ocuk bo\u011fuldu - Memurun Sesi\" \/>\n<meta property=\"og:description\" content=\"\u015eanl\u0131urfa\u2019da aileleriyle birlikte gittikleri piknikte sulama kanal\u0131na d\u00fc\u015fen 2 \u00e7ocuk bo\u011fularak hayat\u0131n\u0131 kaybetti. Edinilen bilgiye g\u00f6re olay, \u015eanl\u0131urfa\u2019n\u0131n Haliliye il\u00e7esine ba\u011fl\u0131 Osmanbey k\u0131rsal Mahallesi yak\u0131nlar\u0131nda ya\u015fand\u0131. Aileleriyle birlikte pikni\u011fe giden \u0130brahim Halil K\u0131l\u0131\u00e7 (13) ve R\u00fcveyda Demir (12) sulama kanal\u0131na d\u00fc\u015ft\u00fc. Ak\u0131nt\u0131ya kap\u0131lan 2 \u00e7ocuk, \u00e7evrede bulunan vatanda\u015flar taraf\u0131ndan kanaldan \u00e7\u0131kar\u0131larak Harran \u00dcniversitesi T\u0131p Fak\u00fcltesi [&hellip;]\" \/>\n<meta property=\"og:url\" content=\"https:\/\/memurunsesi.net\/index.php\/2025\/05\/04\/sulama-kanalina-dusen-2-cocuk-boguldu\/\" \/>\n<meta property=\"og:site_name\" content=\"Memurun Sesi\" \/>\n<meta property=\"article:publisher\" content=\"https:\/\/www.facebook.com\/unipersen\/?locale=tr_TR\" \/>\n<meta property=\"article:published_time\" content=\"2025-05-04T18:21:25+00:00\" \/>\n<meta property=\"og:image\" content=\"https:\/\/memurunsesi.net\/wp-content\/uploads\/2025\/05\/AW447138_01-1.jpg\" \/>\n\t<meta property=\"og:image:width\" content=\"1280\" \/>\n\t<meta property=\"og:image:height\" content=\"960\" \/>\n\t<meta property=\"og:image:type\" content=\"image\/jpeg\" \/>\n<meta name=\"author\" content=\"Memurun Sesi Haber Merkezi\" \/>\n<meta name=\"twitter:card\" content=\"summary_large_image\" \/>\n<meta name=\"twitter:creator\" content=\"@unipersen\" \/>\n<meta name=\"twitter:site\" content=\"@unipersen\" \/>\n<meta name=\"twitter:label1\" content=\"Yazan:\" \/>\n\t<meta name=\"twitter:data1\" content=\"Memurun Sesi Haber Merkezi\" \/>\n\t<meta name=\"twitter:label2\" content=\"Tahmini okuma s\u00fcresi\" \/>\n\t<meta name=\"twitter:data2\" content=\"1 dakika\" \/>\n<script type=\"application\/ld+json\" class=\"yoast-schema-graph\">{\"@context\":\"https:\\\/\\\/schema.org\",\"@graph\":[{\"@type\":\"Article\",\"@id\":\"https:\\\/\\\/memurunsesi.net\\\/index.php\\\/2025\\\/05\\\/04\\\/sulama-kanalina-dusen-2-cocuk-boguldu\\\/#article\",\"isPartOf\":{\"@id\":\"https:\\\/\\\/memurunsesi.net\\\/index.php\\\/2025\\\/05\\\/04\\\/sulama-kanalina-dusen-2-cocuk-boguldu\\\/\"},\"author\":{\"name\":\"Memurun Sesi Haber Merkezi\",\"@id\":\"https:\\\/\\\/memurunsesi.net\\\/#\\\/schema\\\/person\\\/f21c2d73b89f6ee1d80b0a1803e38587\"},\"headline\":\"Sulama kanal\u0131na d\u00fc\u015fen 2 \u00e7ocuk bo\u011fuldu\",\"datePublished\":\"2025-05-04T18:21:25+00:00\",\"mainEntityOfPage\":{\"@id\":\"https:\\\/\\\/memurunsesi.net\\\/index.php\\\/2025\\\/05\\\/04\\\/sulama-kanalina-dusen-2-cocuk-boguldu\\\/\"},\"wordCount\":262,\"commentCount\":0,\"publisher\":{\"@id\":\"https:\\\/\\\/memurunsesi.net\\\/#organization\"},\"image\":{\"@id\":\"https:\\\/\\\/memurunsesi.net\\\/index.php\\\/2025\\\/05\\\/04\\\/sulama-kanalina-dusen-2-cocuk-boguldu\\\/#primaryimage\"},\"thumbnailUrl\":\"https:\\\/\\\/memurunsesi.net\\\/wp-content\\\/uploads\\\/2025\\\/05\\\/AW447138_01-1.jpg\",\"articleSection\":[\"G\u00fcndem\"],\"inLanguage\":\"tr\",\"potentialAction\":[{\"@type\":\"CommentAction\",\"name\":\"Comment\",\"target\":[\"https:\\\/\\\/memurunsesi.net\\\/index.php\\\/2025\\\/05\\\/04\\\/sulama-kanalina-dusen-2-cocuk-boguldu\\\/#respond\"]}]},{\"@type\":\"WebPage\",\"@id\":\"https:\\\/\\\/memurunsesi.net\\\/index.php\\\/2025\\\/05\\\/04\\\/sulama-kanalina-dusen-2-cocuk-boguldu\\\/\",\"url\":\"https:\\\/\\\/memurunsesi.net\\\/index.php\\\/2025\\\/05\\\/04\\\/sulama-kanalina-dusen-2-cocuk-boguldu\\\/\",\"name\":\"Sulama kanal\u0131na d\u00fc\u015fen 2 \u00e7ocuk bo\u011fuldu - Memurun Sesi\",\"isPartOf\":{\"@id\":\"https:\\\/\\\/memurunsesi.net\\\/#website\"},\"primaryImageOfPage\":{\"@id\":\"https:\\\/\\\/memurunsesi.net\\\/index.php\\\/2025\\\/05\\\/04\\\/sulama-kanalina-dusen-2-cocuk-boguldu\\\/#primaryimage\"},\"image\":{\"@id\":\"https:\\\/\\\/memurunsesi.net\\\/index.php\\\/2025\\\/05\\\/04\\\/sulama-kanalina-dusen-2-cocuk-boguldu\\\/#primaryimage\"},\"thumbnailUrl\":\"https:\\\/\\\/memurunsesi.net\\\/wp-content\\\/uploads\\\/2025\\\/05\\\/AW447138_01-1.jpg\",\"datePublished\":\"2025-05-04T18:21:25+00:00\",\"breadcrumb\":{\"@id\":\"https:\\\/\\\/memurunsesi.net\\\/index.php\\\/2025\\\/05\\\/04\\\/sulama-kanalina-dusen-2-cocuk-boguldu\\\/#breadcrumb\"},\"inLanguage\":\"tr\",\"potentialAction\":[{\"@type\":\"ReadAction\",\"target\":[\"https:\\\/\\\/memurunsesi.net\\\/index.php\\\/2025\\\/05\\\/04\\\/sulama-kanalina-dusen-2-cocuk-boguldu\\\/\"]}]},{\"@type\":\"ImageObject\",\"inLanguage\":\"tr\",\"@id\":\"https:\\\/\\\/memurunsesi.net\\\/index.php\\\/2025\\\/05\\\/04\\\/sulama-kanalina-dusen-2-cocuk-boguldu\\\/#primaryimage\",\"url\":\"https:\\\/\\\/memurunsesi.net\\\/wp-content\\\/uploads\\\/2025\\\/05\\\/AW447138_01-1.jpg\",\"contentUrl\":\"https:\\\/\\\/memurunsesi.net\\\/wp-content\\\/uploads\\\/2025\\\/05\\\/AW447138_01-1.jpg\",\"width\":1280,\"height\":960,\"caption\":\"\u015eANLIURFA'DA A\u0130LELER\u0130YLE B\u0130RL\u0130KTE G\u0130TT\u0130KLER\u0130 P\u0130KN\u0130KTE SULAMA KANALINA D\u00dc\u015eEN 2 \u00c7OCUK BO\u011eULARAK HAYATINI KAYBETT\u0130. (\u0130HA\\\/\u015eANLIURFA-\u0130HA) \u015eanl\u0131urfa'da aileleriyle birlikte gittikleri piknikte sulama kanal\u0131na d\u00fc\u015fen 2 \u00e7ocuk bo\u011fularak hayat\u0131n\u0131 kaybetti.\"},{\"@type\":\"BreadcrumbList\",\"@id\":\"https:\\\/\\\/memurunsesi.net\\\/index.php\\\/2025\\\/05\\\/04\\\/sulama-kanalina-dusen-2-cocuk-boguldu\\\/#breadcrumb\",\"itemListElement\":[{\"@type\":\"ListItem\",\"position\":1,\"name\":\"Anasayfa\",\"item\":\"https:\\\/\\\/memurunsesi.net\\\/\"},{\"@type\":\"ListItem\",\"position\":2,\"name\":\"Sulama kanal\u0131na d\u00fc\u015fen 2 \u00e7ocuk bo\u011fuldu\"}]},{\"@type\":\"WebSite\",\"@id\":\"https:\\\/\\\/memurunsesi.net\\\/#website\",\"url\":\"https:\\\/\\\/memurunsesi.net\\\/\",\"name\":\"Memurun Sesi\",\"description\":\"G\u00fcncel ve Do\u011fru Haber\",\"publisher\":{\"@id\":\"https:\\\/\\\/memurunsesi.net\\\/#organization\"},\"potentialAction\":[{\"@type\":\"SearchAction\",\"target\":{\"@type\":\"EntryPoint\",\"urlTemplate\":\"https:\\\/\\\/memurunsesi.net\\\/?s={search_term_string}\"},\"query-input\":{\"@type\":\"PropertyValueSpecification\",\"valueRequired\":true,\"valueName\":\"search_term_string\"}}],\"inLanguage\":\"tr\"},{\"@type\":\"Organization\",\"@id\":\"https:\\\/\\\/memurunsesi.net\\\/#organization\",\"name\":\"Memurun Sesi\",\"url\":\"https:\\\/\\\/memurunsesi.net\\\/\",\"logo\":{\"@type\":\"ImageObject\",\"inLanguage\":\"tr\",\"@id\":\"https:\\\/\\\/memurunsesi.net\\\/#\\\/schema\\\/logo\\\/image\\\/\",\"url\":\"https:\\\/\\\/memurunsesi.net\\\/wp-content\\\/uploads\\\/2025\\\/11\\\/cropped-MEMURUN-SESI.png\",\"contentUrl\":\"https:\\\/\\\/memurunsesi.net\\\/wp-content\\\/uploads\\\/2025\\\/11\\\/cropped-MEMURUN-SESI.png\",\"width\":238,\"height\":57,\"caption\":\"Memurun Sesi\"},\"image\":{\"@id\":\"https:\\\/\\\/memurunsesi.net\\\/#\\\/schema\\\/logo\\\/image\\\/\"},\"sameAs\":[\"https:\\\/\\\/www.facebook.com\\\/unipersen\\\/?locale=tr_TR\",\"https:\\\/\\\/x.com\\\/unipersen\"]},{\"@type\":\"Person\",\"@id\":\"https:\\\/\\\/memurunsesi.net\\\/#\\\/schema\\\/person\\\/f21c2d73b89f6ee1d80b0a1803e38587\",\"name\":\"Memurun Sesi Haber Merkezi\",\"image\":{\"@type\":\"ImageObject\",\"inLanguage\":\"tr\",\"@id\":\"https:\\\/\\\/secure.gravatar.com\\\/avatar\\\/6cf0505f452ee753f485014986fab09a434671d2b919ee76fc541025c5876a70?s=96&d=mm&r=g\",\"url\":\"https:\\\/\\\/secure.gravatar.com\\\/avatar\\\/6cf0505f452ee753f485014986fab09a434671d2b919ee76fc541025c5876a70?s=96&d=mm&r=g\",\"contentUrl\":\"https:\\\/\\\/secure.gravatar.com\\\/avatar\\\/6cf0505f452ee753f485014986fab09a434671d2b919ee76fc541025c5876a70?s=96&d=mm&r=g\",\"caption\":\"Memurun Sesi Haber Merkezi\"},\"sameAs\":[\"https:\\\/\\\/memurunsesi.net\"],\"url\":\"https:\\\/\\\/memurunsesi.net\\\/index.php\\\/author\\\/uniper\\\/\"}]}<\/script>\n<!-- \/ Yoast SEO plugin. -->","yoast_head_json":{"title":"Sulama kanal\u0131na d\u00fc\u015fen 2 \u00e7ocuk bo\u011fuldu - Memurun Sesi","robots":{"index":"index","follow":"follow","max-snippet":"max-snippet:-1","max-image-preview":"max-image-preview:large","max-video-preview":"max-video-preview:-1"},"canonical":"https:\/\/memurunsesi.net\/index.php\/2025\/05\/04\/sulama-kanalina-dusen-2-cocuk-boguldu\/","og_locale":"tr_TR","og_type":"article","og_title":"Sulama kanal\u0131na d\u00fc\u015fen 2 \u00e7ocuk bo\u011fuldu - Memurun Sesi","og_description":"\u015eanl\u0131urfa\u2019da aileleriyle birlikte gittikleri piknikte sulama kanal\u0131na d\u00fc\u015fen 2 \u00e7ocuk bo\u011fularak hayat\u0131n\u0131 kaybetti. Edinilen bilgiye g\u00f6re olay, \u015eanl\u0131urfa\u2019n\u0131n Haliliye il\u00e7esine ba\u011fl\u0131 Osmanbey k\u0131rsal Mahallesi yak\u0131nlar\u0131nda ya\u015fand\u0131. Aileleriyle birlikte pikni\u011fe giden \u0130brahim Halil K\u0131l\u0131\u00e7 (13) ve R\u00fcveyda Demir (12) sulama kanal\u0131na d\u00fc\u015ft\u00fc. Ak\u0131nt\u0131ya kap\u0131lan 2 \u00e7ocuk, \u00e7evrede bulunan vatanda\u015flar taraf\u0131ndan kanaldan \u00e7\u0131kar\u0131larak Harran \u00dcniversitesi T\u0131p Fak\u00fcltesi [&hellip;]","og_url":"https:\/\/memurunsesi.net\/index.php\/2025\/05\/04\/sulama-kanalina-dusen-2-cocuk-boguldu\/","og_site_name":"Memurun Sesi","article_publisher":"https:\/\/www.facebook.com\/unipersen\/?locale=tr_TR","article_published_time":"2025-05-04T18:21:25+00:00","og_image":[{"width":1280,"height":960,"url":"https:\/\/memurunsesi.net\/wp-content\/uploads\/2025\/05\/AW447138_01-1.jpg","type":"image\/jpeg"}],"author":"Memurun Sesi Haber Merkezi","twitter_card":"summary_large_image","twitter_creator":"@unipersen","twitter_site":"@unipersen","twitter_misc":{"Yazan:":"Memurun Sesi Haber Merkezi","Tahmini okuma s\u00fcresi":"1 dakika"},"schema":{"@context":"https:\/\/schema.org","@graph":[{"@type":"Article","@id":"https:\/\/memurunsesi.net\/index.php\/2025\/05\/04\/sulama-kanalina-dusen-2-cocuk-boguldu\/#article","isPartOf":{"@id":"https:\/\/memurunsesi.net\/index.php\/2025\/05\/04\/sulama-kanalina-dusen-2-cocuk-boguldu\/"},"author":{"name":"Memurun Sesi Haber Merkezi","@id":"https:\/\/memurunsesi.net\/#\/schema\/person\/f21c2d73b89f6ee1d80b0a1803e38587"},"headline":"Sulama kanal\u0131na d\u00fc\u015fen 2 \u00e7ocuk bo\u011fuldu","datePublished":"2025-05-04T18:21:25+00:00","mainEntityOfPage":{"@id":"https:\/\/memurunsesi.net\/index.php\/2025\/05\/04\/sulama-kanalina-dusen-2-cocuk-boguldu\/"},"wordCount":262,"commentCount":0,"publisher":{"@id":"https:\/\/memurunsesi.net\/#organization"},"image":{"@id":"https:\/\/memurunsesi.net\/index.php\/2025\/05\/04\/sulama-kanalina-dusen-2-cocuk-boguldu\/#primaryimage"},"thumbnailUrl":"https:\/\/memurunsesi.net\/wp-content\/uploads\/2025\/05\/AW447138_01-1.jpg","articleSection":["G\u00fcndem"],"inLanguage":"tr","potentialAction":[{"@type":"CommentAction","name":"Comment","target":["https:\/\/memurunsesi.net\/index.php\/2025\/05\/04\/sulama-kanalina-dusen-2-cocuk-boguldu\/#respond"]}]},{"@type":"WebPage","@id":"https:\/\/memurunsesi.net\/index.php\/2025\/05\/04\/sulama-kanalina-dusen-2-cocuk-boguldu\/","url":"https:\/\/memurunsesi.net\/index.php\/2025\/05\/04\/sulama-kanalina-dusen-2-cocuk-boguldu\/","name":"Sulama kanal\u0131na d\u00fc\u015fen 2 \u00e7ocuk bo\u011fuldu - Memurun Sesi","isPartOf":{"@id":"https:\/\/memurunsesi.net\/#website"},"primaryImageOfPage":{"@id":"https:\/\/memurunsesi.net\/index.php\/2025\/05\/04\/sulama-kanalina-dusen-2-cocuk-boguldu\/#primaryimage"},"image":{"@id":"https:\/\/memurunsesi.net\/index.php\/2025\/05\/04\/sulama-kanalina-dusen-2-cocuk-boguldu\/#primaryimage"},"thumbnailUrl":"https:\/\/memurunsesi.net\/wp-content\/uploads\/2025\/05\/AW447138_01-1.jpg","datePublished":"2025-05-04T18:21:25+00:00","breadcrumb":{"@id":"https:\/\/memurunsesi.net\/index.php\/2025\/05\/04\/sulama-kanalina-dusen-2-cocuk-boguldu\/#breadcrumb"},"inLanguage":"tr","potentialAction":[{"@type":"ReadAction","target":["https:\/\/memurunsesi.net\/index.php\/2025\/05\/04\/sulama-kanalina-dusen-2-cocuk-boguldu\/"]}]},{"@type":"ImageObject","inLanguage":"tr","@id":"https:\/\/memurunsesi.net\/index.php\/2025\/05\/04\/sulama-kanalina-dusen-2-cocuk-boguldu\/#primaryimage","url":"https:\/\/memurunsesi.net\/wp-content\/uploads\/2025\/05\/AW447138_01-1.jpg","contentUrl":"https:\/\/memurunsesi.net\/wp-content\/uploads\/2025\/05\/AW447138_01-1.jpg","width":1280,"height":960,"caption":"\u015eANLIURFA'DA A\u0130LELER\u0130YLE B\u0130RL\u0130KTE G\u0130TT\u0130KLER\u0130 P\u0130KN\u0130KTE SULAMA KANALINA D\u00dc\u015eEN 2 \u00c7OCUK BO\u011eULARAK HAYATINI KAYBETT\u0130. (\u0130HA\/\u015eANLIURFA-\u0130HA) \u015eanl\u0131urfa'da aileleriyle birlikte gittikleri piknikte sulama kanal\u0131na d\u00fc\u015fen 2 \u00e7ocuk bo\u011fularak hayat\u0131n\u0131 kaybetti."},{"@type":"BreadcrumbList","@id":"https:\/\/memurunsesi.net\/index.php\/2025\/05\/04\/sulama-kanalina-dusen-2-cocuk-boguldu\/#breadcrumb","itemListElement":[{"@type":"ListItem","position":1,"name":"Anasayfa","item":"https:\/\/memurunsesi.net\/"},{"@type":"ListItem","position":2,"name":"Sulama kanal\u0131na d\u00fc\u015fen 2 \u00e7ocuk bo\u011fuldu"}]},{"@type":"WebSite","@id":"https:\/\/memurunsesi.net\/#website","url":"https:\/\/memurunsesi.net\/","name":"Memurun Sesi","description":"G\u00fcncel ve Do\u011fru Haber","publisher":{"@id":"https:\/\/memurunsesi.net\/#organization"},"potentialAction":[{"@type":"SearchAction","target":{"@type":"EntryPoint","urlTemplate":"https:\/\/memurunsesi.net\/?s={search_term_string}"},"query-input":{"@type":"PropertyValueSpecification","valueRequired":true,"valueName":"search_term_string"}}],"inLanguage":"tr"},{"@type":"Organization","@id":"https:\/\/memurunsesi.net\/#organization","name":"Memurun Sesi","url":"https:\/\/memurunsesi.net\/","logo":{"@type":"ImageObject","inLanguage":"tr","@id":"https:\/\/memurunsesi.net\/#\/schema\/logo\/image\/","url":"https:\/\/memurunsesi.net\/wp-content\/uploads\/2025\/11\/cropped-MEMURUN-SESI.png","contentUrl":"https:\/\/memurunsesi.net\/wp-content\/uploads\/2025\/11\/cropped-MEMURUN-SESI.png","width":238,"height":57,"caption":"Memurun Sesi"},"image":{"@id":"https:\/\/memurunsesi.net\/#\/schema\/logo\/image\/"},"sameAs":["https:\/\/www.facebook.com\/unipersen\/?locale=tr_TR","https:\/\/x.com\/unipersen"]},{"@type":"Person","@id":"https:\/\/memurunsesi.net\/#\/schema\/person\/f21c2d73b89f6ee1d80b0a1803e38587","name":"Memurun Sesi Haber Merkezi","image":{"@type":"ImageObject","inLanguage":"tr","@id":"https:\/\/secure.gravatar.com\/avatar\/6cf0505f452ee753f485014986fab09a434671d2b919ee76fc541025c5876a70?s=96&d=mm&r=g","url":"https:\/\/secure.gravatar.com\/avatar\/6cf0505f452ee753f485014986fab09a434671d2b919ee76fc541025c5876a70?s=96&d=mm&r=g","contentUrl":"https:\/\/secure.gravatar.com\/avatar\/6cf0505f452ee753f485014986fab09a434671d2b919ee76fc541025c5876a70?s=96&d=mm&r=g","caption":"Memurun Sesi Haber Merkezi"},"sameAs":["https:\/\/memurunsesi.net"],"url":"https:\/\/memurunsesi.net\/index.php\/author\/uniper\/"}]}},"_links":{"self":[{"href":"https:\/\/memurunsesi.net\/index.php\/wp-json\/wp\/v2\/posts\/6518","targetHints":{"allow":["GET"]}}],"collection":[{"href":"https:\/\/memurunsesi.net\/index.php\/wp-json\/wp\/v2\/posts"}],"about":[{"href":"https:\/\/memurunsesi.net\/index.php\/wp-json\/wp\/v2\/types\/post"}],"author":[{"embeddable":true,"href":"https:\/\/memurunsesi.net\/index.php\/wp-json\/wp\/v2\/users\/1"}],"replies":[{"embeddable":true,"href":"https:\/\/memurunsesi.net\/index.php\/wp-json\/wp\/v2\/comments?post=6518"}],"version-history":[{"count":1,"href":"https:\/\/memurunsesi.net\/index.php\/wp-json\/wp\/v2\/posts\/6518\/revisions"}],"predecessor-version":[{"id":6520,"href":"https:\/\/memurunsesi.net\/index.php\/wp-json\/wp\/v2\/posts\/6518\/revisions\/6520"}],"wp:featuredmedia":[{"embeddable":true,"href":"https:\/\/memurunsesi.net\/index.php\/wp-json\/wp\/v2\/media\/6519"}],"wp:attachment":[{"href":"https:\/\/memurunsesi.net\/index.php\/wp-json\/wp\/v2\/media?parent=6518"}],"wp:term":[{"taxonomy":"category","embeddable":true,"href":"https:\/\/memurunsesi.net\/index.php\/wp-json\/wp\/v2\/categories?post=6518"},{"taxonomy":"post_tag","embeddable":true,"href":"https:\/\/memurunsesi.net\/index.php\/wp-json\/wp\/v2\/tags?post=6518"}],"curies":[{"name":"wp","href":"https:\/\/api.w.org\/{rel}","templated":true}]}}