{"id":6521,"date":"2025-05-04T21:23:17","date_gmt":"2025-05-04T18:23:17","guid":{"rendered":"https:\/\/memurunsesi.net\/?p=6521"},"modified":"2025-05-04T21:23:17","modified_gmt":"2025-05-04T18:23:17","slug":"ankarada-geziden-donen-ogrencileri-tasiyan-otobus-bariyerlere-carpti-4-yarali","status":"publish","type":"post","link":"https:\/\/memurunsesi.net\/index.php\/2025\/05\/04\/ankarada-geziden-donen-ogrencileri-tasiyan-otobus-bariyerlere-carpti-4-yarali\/","title":{"rendered":"Ankara\u2019da geziden d\u00f6nen \u00f6\u011frencileri ta\u015f\u0131yan otob\u00fcs bariyerlere \u00e7arpt\u0131: 4 yaral\u0131"},"content":{"rendered":"<p>  Ankara\u2019da geziden d\u00f6nen \u00f6\u011frencileri ta\u015f\u0131yan otob\u00fcs\u00fcn bariyerlere \u00e7arpt\u0131\u011f\u0131 kazada 4 \u00f6\u011frenci yaraland\u0131.<br \/>\nOlay, Polatl\u0131 il\u00e7esi yak\u0131nlar\u0131nda meydana geldi. Ankara&#8217;ya gezi d\u00fczenleyen \u00f6\u011frencileri ta\u015f\u0131yan Menek\u015fe tura ait olan otob\u00fcs, Ankara&#8217;dan Bursa&#8217;ya d\u00f6n\u00fc\u015f yolunda, kontrolden \u00e7\u0131karak yol kenar\u0131ndaki bariyerlere \u00e7arpt\u0131. Kazada otob\u00fcste bulunan \u00f6\u011frencilerden 4\u2019\u00fc yaraland\u0131. Kazan\u0131n ard\u0131ndan olay yerine sa\u011fl\u0131k, jandarma ve itfaiye ekipleri sevk edildi. Hastaneye kald\u0131r\u0131lan yaral\u0131lar\u0131n hayati tehlikesinin bulunmad\u0131\u011f\u0131 \u00f6\u011frenilirken, kaza nedeniyle trafikte k\u0131sa s\u00fcreli aksama ya\u015fand\u0131. Kazayla ilgili inceleme ba\u015flat\u0131ld\u0131.<br \/>\n  (FD-\u00d6Z-Y) <\/p>\n<p>4.05.2025 20:22:56  TSI<br \/>\nNNNN                                         <\/p>\n","protected":false},"excerpt":{"rendered":"<p>Ankara\u2019da geziden d\u00f6nen \u00f6\u011frencileri ta\u015f\u0131yan otob\u00fcs\u00fcn bariyerlere \u00e7arpt\u0131\u011f\u0131 kazada 4 \u00f6\u011frenci yaraland\u0131. Olay, Polatl\u0131 il\u00e7esi yak\u0131nlar\u0131nda meydana geldi. Ankara&#8217;ya gezi d\u00fczenleyen \u00f6\u011frencileri ta\u015f\u0131yan Menek\u015fe tura ait olan otob\u00fcs, Ankara&#8217;dan Bursa&#8217;ya d\u00f6n\u00fc\u015f yolunda, kontrolden \u00e7\u0131karak yol kenar\u0131ndaki bariyerlere \u00e7arpt\u0131. Kazada otob\u00fcste bulunan \u00f6\u011frencilerden 4\u2019\u00fc yaraland\u0131. Kazan\u0131n ard\u0131ndan olay yerine sa\u011fl\u0131k, jandarma ve itfaiye ekipleri sevk edildi. [&hellip;]<\/p>\n","protected":false},"author":1,"featured_media":6522,"comment_status":"open","ping_status":"open","sticky":false,"template":"","format":"standard","meta":{"footnotes":""},"categories":[1],"tags":[],"class_list":["post-6521","post","type-post","status-publish","format-standard","has-post-thumbnail","hentry","category-genel"],"yoast_head":"<!-- This site is optimized with the Yoast SEO plugin v27.4 - https:\/\/yoast.com\/product\/yoast-seo-wordpress\/ -->\n<title>Ankara\u2019da geziden d\u00f6nen \u00f6\u011frencileri ta\u015f\u0131yan otob\u00fcs bariyerlere \u00e7arpt\u0131: 4 yaral\u0131 - Memurun Sesi<\/title>\n<meta name=\"robots\" content=\"index, follow, max-snippet:-1, max-image-preview:large, max-video-preview:-1\" \/>\n<link rel=\"canonical\" href=\"https:\/\/memurunsesi.net\/index.php\/2025\/05\/04\/ankarada-geziden-donen-ogrencileri-tasiyan-otobus-bariyerlere-carpti-4-yarali\/\" \/>\n<meta property=\"og:locale\" content=\"tr_TR\" \/>\n<meta property=\"og:type\" content=\"article\" \/>\n<meta property=\"og:title\" content=\"Ankara\u2019da geziden d\u00f6nen \u00f6\u011frencileri ta\u015f\u0131yan otob\u00fcs bariyerlere \u00e7arpt\u0131: 4 yaral\u0131 - Memurun Sesi\" \/>\n<meta property=\"og:description\" content=\"Ankara\u2019da geziden d\u00f6nen \u00f6\u011frencileri ta\u015f\u0131yan otob\u00fcs\u00fcn bariyerlere \u00e7arpt\u0131\u011f\u0131 kazada 4 \u00f6\u011frenci yaraland\u0131. Olay, Polatl\u0131 il\u00e7esi yak\u0131nlar\u0131nda meydana geldi. Ankara&#8217;ya gezi d\u00fczenleyen \u00f6\u011frencileri ta\u015f\u0131yan Menek\u015fe tura ait olan otob\u00fcs, Ankara&#8217;dan Bursa&#8217;ya d\u00f6n\u00fc\u015f yolunda, kontrolden \u00e7\u0131karak yol kenar\u0131ndaki bariyerlere \u00e7arpt\u0131. Kazada otob\u00fcste bulunan \u00f6\u011frencilerden 4\u2019\u00fc yaraland\u0131. Kazan\u0131n ard\u0131ndan olay yerine sa\u011fl\u0131k, jandarma ve itfaiye ekipleri sevk edildi. [&hellip;]\" \/>\n<meta property=\"og:url\" content=\"https:\/\/memurunsesi.net\/index.php\/2025\/05\/04\/ankarada-geziden-donen-ogrencileri-tasiyan-otobus-bariyerlere-carpti-4-yarali\/\" \/>\n<meta property=\"og:site_name\" content=\"Memurun Sesi\" \/>\n<meta property=\"article:publisher\" content=\"https:\/\/www.facebook.com\/unipersen\/?locale=tr_TR\" \/>\n<meta property=\"article:published_time\" content=\"2025-05-04T18:23:17+00:00\" \/>\n<meta property=\"og:image\" content=\"https:\/\/memurunsesi.net\/wp-content\/uploads\/2025\/05\/AW447133_02.jpg\" \/>\n\t<meta property=\"og:image:width\" content=\"720\" \/>\n\t<meta property=\"og:image:height\" content=\"1261\" \/>\n\t<meta property=\"og:image:type\" content=\"image\/jpeg\" \/>\n<meta name=\"author\" content=\"Memurun Sesi Haber Merkezi\" \/>\n<meta name=\"twitter:card\" content=\"summary_large_image\" \/>\n<meta name=\"twitter:creator\" content=\"@unipersen\" \/>\n<meta name=\"twitter:site\" content=\"@unipersen\" \/>\n<meta name=\"twitter:label1\" content=\"Yazan:\" \/>\n\t<meta name=\"twitter:data1\" content=\"Memurun Sesi Haber Merkezi\" \/>\n\t<meta name=\"twitter:label2\" content=\"Tahmini okuma s\u00fcresi\" \/>\n\t<meta name=\"twitter:data2\" content=\"1 dakika\" \/>\n<script type=\"application\/ld+json\" class=\"yoast-schema-graph\">{\"@context\":\"https:\\\/\\\/schema.org\",\"@graph\":[{\"@type\":\"Article\",\"@id\":\"https:\\\/\\\/memurunsesi.net\\\/index.php\\\/2025\\\/05\\\/04\\\/ankarada-geziden-donen-ogrencileri-tasiyan-otobus-bariyerlere-carpti-4-yarali\\\/#article\",\"isPartOf\":{\"@id\":\"https:\\\/\\\/memurunsesi.net\\\/index.php\\\/2025\\\/05\\\/04\\\/ankarada-geziden-donen-ogrencileri-tasiyan-otobus-bariyerlere-carpti-4-yarali\\\/\"},\"author\":{\"name\":\"Memurun Sesi Haber Merkezi\",\"@id\":\"https:\\\/\\\/memurunsesi.net\\\/#\\\/schema\\\/person\\\/f21c2d73b89f6ee1d80b0a1803e38587\"},\"headline\":\"Ankara\u2019da geziden d\u00f6nen \u00f6\u011frencileri ta\u015f\u0131yan otob\u00fcs bariyerlere \u00e7arpt\u0131: 4 yaral\u0131\",\"datePublished\":\"2025-05-04T18:23:17+00:00\",\"mainEntityOfPage\":{\"@id\":\"https:\\\/\\\/memurunsesi.net\\\/index.php\\\/2025\\\/05\\\/04\\\/ankarada-geziden-donen-ogrencileri-tasiyan-otobus-bariyerlere-carpti-4-yarali\\\/\"},\"wordCount\":119,\"commentCount\":0,\"publisher\":{\"@id\":\"https:\\\/\\\/memurunsesi.net\\\/#organization\"},\"image\":{\"@id\":\"https:\\\/\\\/memurunsesi.net\\\/index.php\\\/2025\\\/05\\\/04\\\/ankarada-geziden-donen-ogrencileri-tasiyan-otobus-bariyerlere-carpti-4-yarali\\\/#primaryimage\"},\"thumbnailUrl\":\"https:\\\/\\\/memurunsesi.net\\\/wp-content\\\/uploads\\\/2025\\\/05\\\/AW447133_02.jpg\",\"inLanguage\":\"tr\",\"potentialAction\":[{\"@type\":\"CommentAction\",\"name\":\"Comment\",\"target\":[\"https:\\\/\\\/memurunsesi.net\\\/index.php\\\/2025\\\/05\\\/04\\\/ankarada-geziden-donen-ogrencileri-tasiyan-otobus-bariyerlere-carpti-4-yarali\\\/#respond\"]}]},{\"@type\":\"WebPage\",\"@id\":\"https:\\\/\\\/memurunsesi.net\\\/index.php\\\/2025\\\/05\\\/04\\\/ankarada-geziden-donen-ogrencileri-tasiyan-otobus-bariyerlere-carpti-4-yarali\\\/\",\"url\":\"https:\\\/\\\/memurunsesi.net\\\/index.php\\\/2025\\\/05\\\/04\\\/ankarada-geziden-donen-ogrencileri-tasiyan-otobus-bariyerlere-carpti-4-yarali\\\/\",\"name\":\"Ankara\u2019da geziden d\u00f6nen \u00f6\u011frencileri ta\u015f\u0131yan otob\u00fcs bariyerlere \u00e7arpt\u0131: 4 yaral\u0131 - Memurun Sesi\",\"isPartOf\":{\"@id\":\"https:\\\/\\\/memurunsesi.net\\\/#website\"},\"primaryImageOfPage\":{\"@id\":\"https:\\\/\\\/memurunsesi.net\\\/index.php\\\/2025\\\/05\\\/04\\\/ankarada-geziden-donen-ogrencileri-tasiyan-otobus-bariyerlere-carpti-4-yarali\\\/#primaryimage\"},\"image\":{\"@id\":\"https:\\\/\\\/memurunsesi.net\\\/index.php\\\/2025\\\/05\\\/04\\\/ankarada-geziden-donen-ogrencileri-tasiyan-otobus-bariyerlere-carpti-4-yarali\\\/#primaryimage\"},\"thumbnailUrl\":\"https:\\\/\\\/memurunsesi.net\\\/wp-content\\\/uploads\\\/2025\\\/05\\\/AW447133_02.jpg\",\"datePublished\":\"2025-05-04T18:23:17+00:00\",\"breadcrumb\":{\"@id\":\"https:\\\/\\\/memurunsesi.net\\\/index.php\\\/2025\\\/05\\\/04\\\/ankarada-geziden-donen-ogrencileri-tasiyan-otobus-bariyerlere-carpti-4-yarali\\\/#breadcrumb\"},\"inLanguage\":\"tr\",\"potentialAction\":[{\"@type\":\"ReadAction\",\"target\":[\"https:\\\/\\\/memurunsesi.net\\\/index.php\\\/2025\\\/05\\\/04\\\/ankarada-geziden-donen-ogrencileri-tasiyan-otobus-bariyerlere-carpti-4-yarali\\\/\"]}]},{\"@type\":\"ImageObject\",\"inLanguage\":\"tr\",\"@id\":\"https:\\\/\\\/memurunsesi.net\\\/index.php\\\/2025\\\/05\\\/04\\\/ankarada-geziden-donen-ogrencileri-tasiyan-otobus-bariyerlere-carpti-4-yarali\\\/#primaryimage\",\"url\":\"https:\\\/\\\/memurunsesi.net\\\/wp-content\\\/uploads\\\/2025\\\/05\\\/AW447133_02.jpg\",\"contentUrl\":\"https:\\\/\\\/memurunsesi.net\\\/wp-content\\\/uploads\\\/2025\\\/05\\\/AW447133_02.jpg\",\"width\":720,\"height\":1261,\"caption\":\"BURSA'DAN ANKARA'YA GEZ\u0130 AMACIYLA GELEN \u00d6\u011eRENC\u0130LER\u0130 TA\u015eIYAN MENEK\u015eE TUR OTOB\u00dcS\u00dc, D\u00d6N\u00dc\u015e YOLUNDA POLATLI YAKINLARINDA KAZA YAPTI. KAZADA 4 K\u0130\u015e\u0130 YARALANDI. (AHMET AKIN - FURKAN DO\u011eAN\\\/ANKARA-\u0130HA) Ankara'da geziden d\u00f6nen \u00f6\u011frencileri ta\u015f\u0131yan otob\u00fcs\u00fcn bariyerlere \u00e7arpt\u0131\u011f\u0131 kazada 4 \u00f6\u011frenci yaraland\u0131.\"},{\"@type\":\"BreadcrumbList\",\"@id\":\"https:\\\/\\\/memurunsesi.net\\\/index.php\\\/2025\\\/05\\\/04\\\/ankarada-geziden-donen-ogrencileri-tasiyan-otobus-bariyerlere-carpti-4-yarali\\\/#breadcrumb\",\"itemListElement\":[{\"@type\":\"ListItem\",\"position\":1,\"name\":\"Anasayfa\",\"item\":\"https:\\\/\\\/memurunsesi.net\\\/\"},{\"@type\":\"ListItem\",\"position\":2,\"name\":\"Ankara\u2019da geziden d\u00f6nen \u00f6\u011frencileri ta\u015f\u0131yan otob\u00fcs bariyerlere \u00e7arpt\u0131: 4 yaral\u0131\"}]},{\"@type\":\"WebSite\",\"@id\":\"https:\\\/\\\/memurunsesi.net\\\/#website\",\"url\":\"https:\\\/\\\/memurunsesi.net\\\/\",\"name\":\"Memurun Sesi\",\"description\":\"G\u00fcncel ve Do\u011fru Haber\",\"publisher\":{\"@id\":\"https:\\\/\\\/memurunsesi.net\\\/#organization\"},\"potentialAction\":[{\"@type\":\"SearchAction\",\"target\":{\"@type\":\"EntryPoint\",\"urlTemplate\":\"https:\\\/\\\/memurunsesi.net\\\/?s={search_term_string}\"},\"query-input\":{\"@type\":\"PropertyValueSpecification\",\"valueRequired\":true,\"valueName\":\"search_term_string\"}}],\"inLanguage\":\"tr\"},{\"@type\":\"Organization\",\"@id\":\"https:\\\/\\\/memurunsesi.net\\\/#organization\",\"name\":\"Memurun Sesi\",\"url\":\"https:\\\/\\\/memurunsesi.net\\\/\",\"logo\":{\"@type\":\"ImageObject\",\"inLanguage\":\"tr\",\"@id\":\"https:\\\/\\\/memurunsesi.net\\\/#\\\/schema\\\/logo\\\/image\\\/\",\"url\":\"https:\\\/\\\/memurunsesi.net\\\/wp-content\\\/uploads\\\/2025\\\/11\\\/cropped-MEMURUN-SESI.png\",\"contentUrl\":\"https:\\\/\\\/memurunsesi.net\\\/wp-content\\\/uploads\\\/2025\\\/11\\\/cropped-MEMURUN-SESI.png\",\"width\":238,\"height\":57,\"caption\":\"Memurun Sesi\"},\"image\":{\"@id\":\"https:\\\/\\\/memurunsesi.net\\\/#\\\/schema\\\/logo\\\/image\\\/\"},\"sameAs\":[\"https:\\\/\\\/www.facebook.com\\\/unipersen\\\/?locale=tr_TR\",\"https:\\\/\\\/x.com\\\/unipersen\"]},{\"@type\":\"Person\",\"@id\":\"https:\\\/\\\/memurunsesi.net\\\/#\\\/schema\\\/person\\\/f21c2d73b89f6ee1d80b0a1803e38587\",\"name\":\"Memurun Sesi Haber Merkezi\",\"image\":{\"@type\":\"ImageObject\",\"inLanguage\":\"tr\",\"@id\":\"https:\\\/\\\/secure.gravatar.com\\\/avatar\\\/6cf0505f452ee753f485014986fab09a434671d2b919ee76fc541025c5876a70?s=96&d=mm&r=g\",\"url\":\"https:\\\/\\\/secure.gravatar.com\\\/avatar\\\/6cf0505f452ee753f485014986fab09a434671d2b919ee76fc541025c5876a70?s=96&d=mm&r=g\",\"contentUrl\":\"https:\\\/\\\/secure.gravatar.com\\\/avatar\\\/6cf0505f452ee753f485014986fab09a434671d2b919ee76fc541025c5876a70?s=96&d=mm&r=g\",\"caption\":\"Memurun Sesi Haber Merkezi\"},\"sameAs\":[\"https:\\\/\\\/memurunsesi.net\"],\"url\":\"https:\\\/\\\/memurunsesi.net\\\/index.php\\\/author\\\/uniper\\\/\"}]}<\/script>\n<!-- \/ Yoast SEO plugin. -->","yoast_head_json":{"title":"Ankara\u2019da geziden d\u00f6nen \u00f6\u011frencileri ta\u015f\u0131yan otob\u00fcs bariyerlere \u00e7arpt\u0131: 4 yaral\u0131 - Memurun Sesi","robots":{"index":"index","follow":"follow","max-snippet":"max-snippet:-1","max-image-preview":"max-image-preview:large","max-video-preview":"max-video-preview:-1"},"canonical":"https:\/\/memurunsesi.net\/index.php\/2025\/05\/04\/ankarada-geziden-donen-ogrencileri-tasiyan-otobus-bariyerlere-carpti-4-yarali\/","og_locale":"tr_TR","og_type":"article","og_title":"Ankara\u2019da geziden d\u00f6nen \u00f6\u011frencileri ta\u015f\u0131yan otob\u00fcs bariyerlere \u00e7arpt\u0131: 4 yaral\u0131 - Memurun Sesi","og_description":"Ankara\u2019da geziden d\u00f6nen \u00f6\u011frencileri ta\u015f\u0131yan otob\u00fcs\u00fcn bariyerlere \u00e7arpt\u0131\u011f\u0131 kazada 4 \u00f6\u011frenci yaraland\u0131. Olay, Polatl\u0131 il\u00e7esi yak\u0131nlar\u0131nda meydana geldi. Ankara&#8217;ya gezi d\u00fczenleyen \u00f6\u011frencileri ta\u015f\u0131yan Menek\u015fe tura ait olan otob\u00fcs, Ankara&#8217;dan Bursa&#8217;ya d\u00f6n\u00fc\u015f yolunda, kontrolden \u00e7\u0131karak yol kenar\u0131ndaki bariyerlere \u00e7arpt\u0131. Kazada otob\u00fcste bulunan \u00f6\u011frencilerden 4\u2019\u00fc yaraland\u0131. Kazan\u0131n ard\u0131ndan olay yerine sa\u011fl\u0131k, jandarma ve itfaiye ekipleri sevk edildi. [&hellip;]","og_url":"https:\/\/memurunsesi.net\/index.php\/2025\/05\/04\/ankarada-geziden-donen-ogrencileri-tasiyan-otobus-bariyerlere-carpti-4-yarali\/","og_site_name":"Memurun Sesi","article_publisher":"https:\/\/www.facebook.com\/unipersen\/?locale=tr_TR","article_published_time":"2025-05-04T18:23:17+00:00","og_image":[{"width":720,"height":1261,"url":"https:\/\/memurunsesi.net\/wp-content\/uploads\/2025\/05\/AW447133_02.jpg","type":"image\/jpeg"}],"author":"Memurun Sesi Haber Merkezi","twitter_card":"summary_large_image","twitter_creator":"@unipersen","twitter_site":"@unipersen","twitter_misc":{"Yazan:":"Memurun Sesi Haber Merkezi","Tahmini okuma s\u00fcresi":"1 dakika"},"schema":{"@context":"https:\/\/schema.org","@graph":[{"@type":"Article","@id":"https:\/\/memurunsesi.net\/index.php\/2025\/05\/04\/ankarada-geziden-donen-ogrencileri-tasiyan-otobus-bariyerlere-carpti-4-yarali\/#article","isPartOf":{"@id":"https:\/\/memurunsesi.net\/index.php\/2025\/05\/04\/ankarada-geziden-donen-ogrencileri-tasiyan-otobus-bariyerlere-carpti-4-yarali\/"},"author":{"name":"Memurun Sesi Haber Merkezi","@id":"https:\/\/memurunsesi.net\/#\/schema\/person\/f21c2d73b89f6ee1d80b0a1803e38587"},"headline":"Ankara\u2019da geziden d\u00f6nen \u00f6\u011frencileri ta\u015f\u0131yan otob\u00fcs bariyerlere \u00e7arpt\u0131: 4 yaral\u0131","datePublished":"2025-05-04T18:23:17+00:00","mainEntityOfPage":{"@id":"https:\/\/memurunsesi.net\/index.php\/2025\/05\/04\/ankarada-geziden-donen-ogrencileri-tasiyan-otobus-bariyerlere-carpti-4-yarali\/"},"wordCount":119,"commentCount":0,"publisher":{"@id":"https:\/\/memurunsesi.net\/#organization"},"image":{"@id":"https:\/\/memurunsesi.net\/index.php\/2025\/05\/04\/ankarada-geziden-donen-ogrencileri-tasiyan-otobus-bariyerlere-carpti-4-yarali\/#primaryimage"},"thumbnailUrl":"https:\/\/memurunsesi.net\/wp-content\/uploads\/2025\/05\/AW447133_02.jpg","inLanguage":"tr","potentialAction":[{"@type":"CommentAction","name":"Comment","target":["https:\/\/memurunsesi.net\/index.php\/2025\/05\/04\/ankarada-geziden-donen-ogrencileri-tasiyan-otobus-bariyerlere-carpti-4-yarali\/#respond"]}]},{"@type":"WebPage","@id":"https:\/\/memurunsesi.net\/index.php\/2025\/05\/04\/ankarada-geziden-donen-ogrencileri-tasiyan-otobus-bariyerlere-carpti-4-yarali\/","url":"https:\/\/memurunsesi.net\/index.php\/2025\/05\/04\/ankarada-geziden-donen-ogrencileri-tasiyan-otobus-bariyerlere-carpti-4-yarali\/","name":"Ankara\u2019da geziden d\u00f6nen \u00f6\u011frencileri ta\u015f\u0131yan otob\u00fcs bariyerlere \u00e7arpt\u0131: 4 yaral\u0131 - Memurun Sesi","isPartOf":{"@id":"https:\/\/memurunsesi.net\/#website"},"primaryImageOfPage":{"@id":"https:\/\/memurunsesi.net\/index.php\/2025\/05\/04\/ankarada-geziden-donen-ogrencileri-tasiyan-otobus-bariyerlere-carpti-4-yarali\/#primaryimage"},"image":{"@id":"https:\/\/memurunsesi.net\/index.php\/2025\/05\/04\/ankarada-geziden-donen-ogrencileri-tasiyan-otobus-bariyerlere-carpti-4-yarali\/#primaryimage"},"thumbnailUrl":"https:\/\/memurunsesi.net\/wp-content\/uploads\/2025\/05\/AW447133_02.jpg","datePublished":"2025-05-04T18:23:17+00:00","breadcrumb":{"@id":"https:\/\/memurunsesi.net\/index.php\/2025\/05\/04\/ankarada-geziden-donen-ogrencileri-tasiyan-otobus-bariyerlere-carpti-4-yarali\/#breadcrumb"},"inLanguage":"tr","potentialAction":[{"@type":"ReadAction","target":["https:\/\/memurunsesi.net\/index.php\/2025\/05\/04\/ankarada-geziden-donen-ogrencileri-tasiyan-otobus-bariyerlere-carpti-4-yarali\/"]}]},{"@type":"ImageObject","inLanguage":"tr","@id":"https:\/\/memurunsesi.net\/index.php\/2025\/05\/04\/ankarada-geziden-donen-ogrencileri-tasiyan-otobus-bariyerlere-carpti-4-yarali\/#primaryimage","url":"https:\/\/memurunsesi.net\/wp-content\/uploads\/2025\/05\/AW447133_02.jpg","contentUrl":"https:\/\/memurunsesi.net\/wp-content\/uploads\/2025\/05\/AW447133_02.jpg","width":720,"height":1261,"caption":"BURSA'DAN ANKARA'YA GEZ\u0130 AMACIYLA GELEN \u00d6\u011eRENC\u0130LER\u0130 TA\u015eIYAN MENEK\u015eE TUR OTOB\u00dcS\u00dc, D\u00d6N\u00dc\u015e YOLUNDA POLATLI YAKINLARINDA KAZA YAPTI. KAZADA 4 K\u0130\u015e\u0130 YARALANDI. (AHMET AKIN - FURKAN DO\u011eAN\/ANKARA-\u0130HA) Ankara'da geziden d\u00f6nen \u00f6\u011frencileri ta\u015f\u0131yan otob\u00fcs\u00fcn bariyerlere \u00e7arpt\u0131\u011f\u0131 kazada 4 \u00f6\u011frenci yaraland\u0131."},{"@type":"BreadcrumbList","@id":"https:\/\/memurunsesi.net\/index.php\/2025\/05\/04\/ankarada-geziden-donen-ogrencileri-tasiyan-otobus-bariyerlere-carpti-4-yarali\/#breadcrumb","itemListElement":[{"@type":"ListItem","position":1,"name":"Anasayfa","item":"https:\/\/memurunsesi.net\/"},{"@type":"ListItem","position":2,"name":"Ankara\u2019da geziden d\u00f6nen \u00f6\u011frencileri ta\u015f\u0131yan otob\u00fcs bariyerlere \u00e7arpt\u0131: 4 yaral\u0131"}]},{"@type":"WebSite","@id":"https:\/\/memurunsesi.net\/#website","url":"https:\/\/memurunsesi.net\/","name":"Memurun Sesi","description":"G\u00fcncel ve Do\u011fru Haber","publisher":{"@id":"https:\/\/memurunsesi.net\/#organization"},"potentialAction":[{"@type":"SearchAction","target":{"@type":"EntryPoint","urlTemplate":"https:\/\/memurunsesi.net\/?s={search_term_string}"},"query-input":{"@type":"PropertyValueSpecification","valueRequired":true,"valueName":"search_term_string"}}],"inLanguage":"tr"},{"@type":"Organization","@id":"https:\/\/memurunsesi.net\/#organization","name":"Memurun Sesi","url":"https:\/\/memurunsesi.net\/","logo":{"@type":"ImageObject","inLanguage":"tr","@id":"https:\/\/memurunsesi.net\/#\/schema\/logo\/image\/","url":"https:\/\/memurunsesi.net\/wp-content\/uploads\/2025\/11\/cropped-MEMURUN-SESI.png","contentUrl":"https:\/\/memurunsesi.net\/wp-content\/uploads\/2025\/11\/cropped-MEMURUN-SESI.png","width":238,"height":57,"caption":"Memurun Sesi"},"image":{"@id":"https:\/\/memurunsesi.net\/#\/schema\/logo\/image\/"},"sameAs":["https:\/\/www.facebook.com\/unipersen\/?locale=tr_TR","https:\/\/x.com\/unipersen"]},{"@type":"Person","@id":"https:\/\/memurunsesi.net\/#\/schema\/person\/f21c2d73b89f6ee1d80b0a1803e38587","name":"Memurun Sesi Haber Merkezi","image":{"@type":"ImageObject","inLanguage":"tr","@id":"https:\/\/secure.gravatar.com\/avatar\/6cf0505f452ee753f485014986fab09a434671d2b919ee76fc541025c5876a70?s=96&d=mm&r=g","url":"https:\/\/secure.gravatar.com\/avatar\/6cf0505f452ee753f485014986fab09a434671d2b919ee76fc541025c5876a70?s=96&d=mm&r=g","contentUrl":"https:\/\/secure.gravatar.com\/avatar\/6cf0505f452ee753f485014986fab09a434671d2b919ee76fc541025c5876a70?s=96&d=mm&r=g","caption":"Memurun Sesi Haber Merkezi"},"sameAs":["https:\/\/memurunsesi.net"],"url":"https:\/\/memurunsesi.net\/index.php\/author\/uniper\/"}]}},"_links":{"self":[{"href":"https:\/\/memurunsesi.net\/index.php\/wp-json\/wp\/v2\/posts\/6521","targetHints":{"allow":["GET"]}}],"collection":[{"href":"https:\/\/memurunsesi.net\/index.php\/wp-json\/wp\/v2\/posts"}],"about":[{"href":"https:\/\/memurunsesi.net\/index.php\/wp-json\/wp\/v2\/types\/post"}],"author":[{"embeddable":true,"href":"https:\/\/memurunsesi.net\/index.php\/wp-json\/wp\/v2\/users\/1"}],"replies":[{"embeddable":true,"href":"https:\/\/memurunsesi.net\/index.php\/wp-json\/wp\/v2\/comments?post=6521"}],"version-history":[{"count":1,"href":"https:\/\/memurunsesi.net\/index.php\/wp-json\/wp\/v2\/posts\/6521\/revisions"}],"predecessor-version":[{"id":6523,"href":"https:\/\/memurunsesi.net\/index.php\/wp-json\/wp\/v2\/posts\/6521\/revisions\/6523"}],"wp:featuredmedia":[{"embeddable":true,"href":"https:\/\/memurunsesi.net\/index.php\/wp-json\/wp\/v2\/media\/6522"}],"wp:attachment":[{"href":"https:\/\/memurunsesi.net\/index.php\/wp-json\/wp\/v2\/media?parent=6521"}],"wp:term":[{"taxonomy":"category","embeddable":true,"href":"https:\/\/memurunsesi.net\/index.php\/wp-json\/wp\/v2\/categories?post=6521"},{"taxonomy":"post_tag","embeddable":true,"href":"https:\/\/memurunsesi.net\/index.php\/wp-json\/wp\/v2\/tags?post=6521"}],"curies":[{"name":"wp","href":"https:\/\/api.w.org\/{rel}","templated":true}]}}