{"id":6524,"date":"2025-05-04T21:24:41","date_gmt":"2025-05-04T18:24:41","guid":{"rendered":"https:\/\/memurunsesi.net\/?p=6524"},"modified":"2025-05-04T21:24:41","modified_gmt":"2025-05-04T18:24:41","slug":"uyarilara-aldiris-etmedi-traktoruyle-akarsuda-mahsur-kaldi","status":"publish","type":"post","link":"https:\/\/memurunsesi.net\/index.php\/2025\/05\/04\/uyarilara-aldiris-etmedi-traktoruyle-akarsuda-mahsur-kaldi\/","title":{"rendered":"Uyar\u0131lara ald\u0131r\u0131\u015f etmedi, trakt\u00f6r\u00fcyle akarsuda mahsur kald\u0131"},"content":{"rendered":"<p> Tokat&#8217;\u0131n Niksar il\u00e7esinde baraj kapaklar\u0131n\u0131n a\u00e7\u0131lmas\u0131yla su seviyesi aniden y\u00fckselen Kelkit \u00c7ay\u0131&#8217;nda trakt\u00f6r\u00fcn\u00fc y\u0131kamak isteyen s\u00fcr\u00fcc\u00fc mahsur kald\u0131.<br \/>\n  Niksar il\u00e7e merkezinde yetkililer taraf\u0131ndan g\u00fcn\u00fcn erken saatlerinde, barajdan \u00e7aya su b\u0131rak\u0131laca\u011f\u0131 anons edilerek vatanda\u015flar\u0131n dikkatli olmalar\u0131 ve \u00e7aya yakla\u015fmamalar\u0131 konusunda uyar\u0131 yap\u0131ld\u0131. Uyar\u0131lara ald\u0131r\u0131\u015f etmeyen bir s\u00fcr\u00fcc\u00fc, trakt\u00f6r\u00fcn\u00fc y\u0131kamak amac\u0131yla \u00e7aya girdi. Bu s\u0131rada barajdan b\u0131rak\u0131lan suyun etkisiyle \u00e7aydaki su seviyesi k\u0131sa s\u00fcrede h\u0131zla y\u00fckseldi. Suyun i\u00e7inde mahsur kalan s\u00fcr\u00fcc\u00fc, can\u0131n\u0131 kurtarabilmek i\u00e7in trakt\u00f6r\u00fcn\u00fcn \u00fczerine \u00e7\u0131kt\u0131. Olay\u0131 fark eden \u00e7evredeki vatanda\u015flar hemen yard\u0131m \u00e7a\u011fr\u0131s\u0131nda bulundu. Yak\u0131nlardaki bir in\u015faat firmas\u0131na ait ekskavat\u00f6r, k\u0131sa s\u00fcrede olay yerine ula\u015farak zaman\u0131nda m\u00fcdahaleyle trakt\u00f6r\u00fc ve s\u00fcr\u00fcc\u00fcs\u00fcn\u00fc sudan \u00e7\u0131kard\u0131. <\/p>\n<p>4.05.2025                            <\/p>\n","protected":false},"excerpt":{"rendered":"<p>Tokat&#8217;\u0131n Niksar il\u00e7esinde baraj kapaklar\u0131n\u0131n a\u00e7\u0131lmas\u0131yla su seviyesi aniden y\u00fckselen Kelkit \u00c7ay\u0131&#8217;nda trakt\u00f6r\u00fcn\u00fc y\u0131kamak isteyen s\u00fcr\u00fcc\u00fc mahsur kald\u0131. Niksar il\u00e7e merkezinde yetkililer taraf\u0131ndan g\u00fcn\u00fcn erken saatlerinde, barajdan \u00e7aya su b\u0131rak\u0131laca\u011f\u0131 anons edilerek vatanda\u015flar\u0131n dikkatli olmalar\u0131 ve \u00e7aya yakla\u015fmamalar\u0131 konusunda uyar\u0131 yap\u0131ld\u0131. Uyar\u0131lara ald\u0131r\u0131\u015f etmeyen bir s\u00fcr\u00fcc\u00fc, trakt\u00f6r\u00fcn\u00fc y\u0131kamak amac\u0131yla \u00e7aya girdi. Bu s\u0131rada barajdan b\u0131rak\u0131lan [&hellip;]<\/p>\n","protected":false},"author":1,"featured_media":6525,"comment_status":"open","ping_status":"open","sticky":false,"template":"","format":"standard","meta":{"footnotes":""},"categories":[45],"tags":[],"class_list":["post-6524","post","type-post","status-publish","format-standard","has-post-thumbnail","hentry","category-gundem"],"yoast_head":"<!-- This site is optimized with the Yoast SEO plugin v27.4 - https:\/\/yoast.com\/product\/yoast-seo-wordpress\/ -->\n<title>Uyar\u0131lara ald\u0131r\u0131\u015f etmedi, trakt\u00f6r\u00fcyle akarsuda mahsur kald\u0131 - Memurun Sesi<\/title>\n<meta name=\"robots\" content=\"index, follow, max-snippet:-1, max-image-preview:large, max-video-preview:-1\" \/>\n<link rel=\"canonical\" href=\"https:\/\/memurunsesi.net\/index.php\/2025\/05\/04\/uyarilara-aldiris-etmedi-traktoruyle-akarsuda-mahsur-kaldi\/\" \/>\n<meta property=\"og:locale\" content=\"tr_TR\" \/>\n<meta property=\"og:type\" content=\"article\" \/>\n<meta property=\"og:title\" content=\"Uyar\u0131lara ald\u0131r\u0131\u015f etmedi, trakt\u00f6r\u00fcyle akarsuda mahsur kald\u0131 - Memurun Sesi\" \/>\n<meta property=\"og:description\" content=\"Tokat&#8217;\u0131n Niksar il\u00e7esinde baraj kapaklar\u0131n\u0131n a\u00e7\u0131lmas\u0131yla su seviyesi aniden y\u00fckselen Kelkit \u00c7ay\u0131&#8217;nda trakt\u00f6r\u00fcn\u00fc y\u0131kamak isteyen s\u00fcr\u00fcc\u00fc mahsur kald\u0131. Niksar il\u00e7e merkezinde yetkililer taraf\u0131ndan g\u00fcn\u00fcn erken saatlerinde, barajdan \u00e7aya su b\u0131rak\u0131laca\u011f\u0131 anons edilerek vatanda\u015flar\u0131n dikkatli olmalar\u0131 ve \u00e7aya yakla\u015fmamalar\u0131 konusunda uyar\u0131 yap\u0131ld\u0131. Uyar\u0131lara ald\u0131r\u0131\u015f etmeyen bir s\u00fcr\u00fcc\u00fc, trakt\u00f6r\u00fcn\u00fc y\u0131kamak amac\u0131yla \u00e7aya girdi. Bu s\u0131rada barajdan b\u0131rak\u0131lan [&hellip;]\" \/>\n<meta property=\"og:url\" content=\"https:\/\/memurunsesi.net\/index.php\/2025\/05\/04\/uyarilara-aldiris-etmedi-traktoruyle-akarsuda-mahsur-kaldi\/\" \/>\n<meta property=\"og:site_name\" content=\"Memurun Sesi\" \/>\n<meta property=\"article:publisher\" content=\"https:\/\/www.facebook.com\/unipersen\/?locale=tr_TR\" \/>\n<meta property=\"article:published_time\" content=\"2025-05-04T18:24:41+00:00\" \/>\n<meta property=\"og:image\" content=\"https:\/\/memurunsesi.net\/wp-content\/uploads\/2025\/05\/AW447123_02.jpg\" \/>\n\t<meta property=\"og:image:width\" content=\"1320\" \/>\n\t<meta property=\"og:image:height\" content=\"1603\" \/>\n\t<meta property=\"og:image:type\" content=\"image\/jpeg\" \/>\n<meta name=\"author\" content=\"Memurun Sesi Haber Merkezi\" \/>\n<meta name=\"twitter:card\" content=\"summary_large_image\" \/>\n<meta name=\"twitter:creator\" content=\"@unipersen\" \/>\n<meta name=\"twitter:site\" content=\"@unipersen\" \/>\n<meta name=\"twitter:label1\" content=\"Yazan:\" \/>\n\t<meta name=\"twitter:data1\" content=\"Memurun Sesi Haber Merkezi\" \/>\n\t<meta name=\"twitter:label2\" content=\"Tahmini okuma s\u00fcresi\" \/>\n\t<meta name=\"twitter:data2\" content=\"1 dakika\" \/>\n<script type=\"application\/ld+json\" class=\"yoast-schema-graph\">{\"@context\":\"https:\\\/\\\/schema.org\",\"@graph\":[{\"@type\":\"Article\",\"@id\":\"https:\\\/\\\/memurunsesi.net\\\/index.php\\\/2025\\\/05\\\/04\\\/uyarilara-aldiris-etmedi-traktoruyle-akarsuda-mahsur-kaldi\\\/#article\",\"isPartOf\":{\"@id\":\"https:\\\/\\\/memurunsesi.net\\\/index.php\\\/2025\\\/05\\\/04\\\/uyarilara-aldiris-etmedi-traktoruyle-akarsuda-mahsur-kaldi\\\/\"},\"author\":{\"name\":\"Memurun Sesi Haber Merkezi\",\"@id\":\"https:\\\/\\\/memurunsesi.net\\\/#\\\/schema\\\/person\\\/f21c2d73b89f6ee1d80b0a1803e38587\"},\"headline\":\"Uyar\u0131lara ald\u0131r\u0131\u015f etmedi, trakt\u00f6r\u00fcyle akarsuda mahsur kald\u0131\",\"datePublished\":\"2025-05-04T18:24:41+00:00\",\"mainEntityOfPage\":{\"@id\":\"https:\\\/\\\/memurunsesi.net\\\/index.php\\\/2025\\\/05\\\/04\\\/uyarilara-aldiris-etmedi-traktoruyle-akarsuda-mahsur-kaldi\\\/\"},\"wordCount\":178,\"commentCount\":0,\"publisher\":{\"@id\":\"https:\\\/\\\/memurunsesi.net\\\/#organization\"},\"image\":{\"@id\":\"https:\\\/\\\/memurunsesi.net\\\/index.php\\\/2025\\\/05\\\/04\\\/uyarilara-aldiris-etmedi-traktoruyle-akarsuda-mahsur-kaldi\\\/#primaryimage\"},\"thumbnailUrl\":\"https:\\\/\\\/memurunsesi.net\\\/wp-content\\\/uploads\\\/2025\\\/05\\\/AW447123_02.jpg\",\"articleSection\":[\"G\u00fcndem\"],\"inLanguage\":\"tr\",\"potentialAction\":[{\"@type\":\"CommentAction\",\"name\":\"Comment\",\"target\":[\"https:\\\/\\\/memurunsesi.net\\\/index.php\\\/2025\\\/05\\\/04\\\/uyarilara-aldiris-etmedi-traktoruyle-akarsuda-mahsur-kaldi\\\/#respond\"]}]},{\"@type\":\"WebPage\",\"@id\":\"https:\\\/\\\/memurunsesi.net\\\/index.php\\\/2025\\\/05\\\/04\\\/uyarilara-aldiris-etmedi-traktoruyle-akarsuda-mahsur-kaldi\\\/\",\"url\":\"https:\\\/\\\/memurunsesi.net\\\/index.php\\\/2025\\\/05\\\/04\\\/uyarilara-aldiris-etmedi-traktoruyle-akarsuda-mahsur-kaldi\\\/\",\"name\":\"Uyar\u0131lara ald\u0131r\u0131\u015f etmedi, trakt\u00f6r\u00fcyle akarsuda mahsur kald\u0131 - Memurun Sesi\",\"isPartOf\":{\"@id\":\"https:\\\/\\\/memurunsesi.net\\\/#website\"},\"primaryImageOfPage\":{\"@id\":\"https:\\\/\\\/memurunsesi.net\\\/index.php\\\/2025\\\/05\\\/04\\\/uyarilara-aldiris-etmedi-traktoruyle-akarsuda-mahsur-kaldi\\\/#primaryimage\"},\"image\":{\"@id\":\"https:\\\/\\\/memurunsesi.net\\\/index.php\\\/2025\\\/05\\\/04\\\/uyarilara-aldiris-etmedi-traktoruyle-akarsuda-mahsur-kaldi\\\/#primaryimage\"},\"thumbnailUrl\":\"https:\\\/\\\/memurunsesi.net\\\/wp-content\\\/uploads\\\/2025\\\/05\\\/AW447123_02.jpg\",\"datePublished\":\"2025-05-04T18:24:41+00:00\",\"breadcrumb\":{\"@id\":\"https:\\\/\\\/memurunsesi.net\\\/index.php\\\/2025\\\/05\\\/04\\\/uyarilara-aldiris-etmedi-traktoruyle-akarsuda-mahsur-kaldi\\\/#breadcrumb\"},\"inLanguage\":\"tr\",\"potentialAction\":[{\"@type\":\"ReadAction\",\"target\":[\"https:\\\/\\\/memurunsesi.net\\\/index.php\\\/2025\\\/05\\\/04\\\/uyarilara-aldiris-etmedi-traktoruyle-akarsuda-mahsur-kaldi\\\/\"]}]},{\"@type\":\"ImageObject\",\"inLanguage\":\"tr\",\"@id\":\"https:\\\/\\\/memurunsesi.net\\\/index.php\\\/2025\\\/05\\\/04\\\/uyarilara-aldiris-etmedi-traktoruyle-akarsuda-mahsur-kaldi\\\/#primaryimage\",\"url\":\"https:\\\/\\\/memurunsesi.net\\\/wp-content\\\/uploads\\\/2025\\\/05\\\/AW447123_02.jpg\",\"contentUrl\":\"https:\\\/\\\/memurunsesi.net\\\/wp-content\\\/uploads\\\/2025\\\/05\\\/AW447123_02.jpg\",\"width\":1320,\"height\":1603,\"caption\":\"TOKAT'IN N\u0130KSAR \u0130L\u00c7ES\u0130NDE BARAJ KAPAKLARININ A\u00c7ILMASIYLA SU SEV\u0130YES\u0130 AN\u0130DEN Y\u00dcKSELEN KELK\u0130T \u00c7AYI'NDA TRAKT\u00d6R\u00dcN\u00dc YIKAMAK \u0130STEYEN S\u00dcR\u00dcC\u00dc MAHSUR KALDI. (SEDAT \u00d6ZATA\\\/TOKAT-\u0130HA) Tokat'\u0131n Niksar il\u00e7esinde baraj kapaklar\u0131n\u0131n a\u00e7\u0131lmas\u0131yla su seviyesi aniden y\u00fckselen Kelkit \u00c7ay\u0131'nda trakt\u00f6r\u00fcn\u00fc y\u0131kamak isteyen s\u00fcr\u00fcc\u00fc mahsur kald\u0131.\"},{\"@type\":\"BreadcrumbList\",\"@id\":\"https:\\\/\\\/memurunsesi.net\\\/index.php\\\/2025\\\/05\\\/04\\\/uyarilara-aldiris-etmedi-traktoruyle-akarsuda-mahsur-kaldi\\\/#breadcrumb\",\"itemListElement\":[{\"@type\":\"ListItem\",\"position\":1,\"name\":\"Anasayfa\",\"item\":\"https:\\\/\\\/memurunsesi.net\\\/\"},{\"@type\":\"ListItem\",\"position\":2,\"name\":\"Uyar\u0131lara ald\u0131r\u0131\u015f etmedi, trakt\u00f6r\u00fcyle akarsuda mahsur kald\u0131\"}]},{\"@type\":\"WebSite\",\"@id\":\"https:\\\/\\\/memurunsesi.net\\\/#website\",\"url\":\"https:\\\/\\\/memurunsesi.net\\\/\",\"name\":\"Memurun Sesi\",\"description\":\"G\u00fcncel ve Do\u011fru Haber\",\"publisher\":{\"@id\":\"https:\\\/\\\/memurunsesi.net\\\/#organization\"},\"potentialAction\":[{\"@type\":\"SearchAction\",\"target\":{\"@type\":\"EntryPoint\",\"urlTemplate\":\"https:\\\/\\\/memurunsesi.net\\\/?s={search_term_string}\"},\"query-input\":{\"@type\":\"PropertyValueSpecification\",\"valueRequired\":true,\"valueName\":\"search_term_string\"}}],\"inLanguage\":\"tr\"},{\"@type\":\"Organization\",\"@id\":\"https:\\\/\\\/memurunsesi.net\\\/#organization\",\"name\":\"Memurun Sesi\",\"url\":\"https:\\\/\\\/memurunsesi.net\\\/\",\"logo\":{\"@type\":\"ImageObject\",\"inLanguage\":\"tr\",\"@id\":\"https:\\\/\\\/memurunsesi.net\\\/#\\\/schema\\\/logo\\\/image\\\/\",\"url\":\"https:\\\/\\\/memurunsesi.net\\\/wp-content\\\/uploads\\\/2025\\\/11\\\/cropped-MEMURUN-SESI.png\",\"contentUrl\":\"https:\\\/\\\/memurunsesi.net\\\/wp-content\\\/uploads\\\/2025\\\/11\\\/cropped-MEMURUN-SESI.png\",\"width\":238,\"height\":57,\"caption\":\"Memurun Sesi\"},\"image\":{\"@id\":\"https:\\\/\\\/memurunsesi.net\\\/#\\\/schema\\\/logo\\\/image\\\/\"},\"sameAs\":[\"https:\\\/\\\/www.facebook.com\\\/unipersen\\\/?locale=tr_TR\",\"https:\\\/\\\/x.com\\\/unipersen\"]},{\"@type\":\"Person\",\"@id\":\"https:\\\/\\\/memurunsesi.net\\\/#\\\/schema\\\/person\\\/f21c2d73b89f6ee1d80b0a1803e38587\",\"name\":\"Memurun Sesi Haber Merkezi\",\"image\":{\"@type\":\"ImageObject\",\"inLanguage\":\"tr\",\"@id\":\"https:\\\/\\\/secure.gravatar.com\\\/avatar\\\/6cf0505f452ee753f485014986fab09a434671d2b919ee76fc541025c5876a70?s=96&d=mm&r=g\",\"url\":\"https:\\\/\\\/secure.gravatar.com\\\/avatar\\\/6cf0505f452ee753f485014986fab09a434671d2b919ee76fc541025c5876a70?s=96&d=mm&r=g\",\"contentUrl\":\"https:\\\/\\\/secure.gravatar.com\\\/avatar\\\/6cf0505f452ee753f485014986fab09a434671d2b919ee76fc541025c5876a70?s=96&d=mm&r=g\",\"caption\":\"Memurun Sesi Haber Merkezi\"},\"sameAs\":[\"https:\\\/\\\/memurunsesi.net\"],\"url\":\"https:\\\/\\\/memurunsesi.net\\\/index.php\\\/author\\\/uniper\\\/\"}]}<\/script>\n<!-- \/ Yoast SEO plugin. -->","yoast_head_json":{"title":"Uyar\u0131lara ald\u0131r\u0131\u015f etmedi, trakt\u00f6r\u00fcyle akarsuda mahsur kald\u0131 - Memurun Sesi","robots":{"index":"index","follow":"follow","max-snippet":"max-snippet:-1","max-image-preview":"max-image-preview:large","max-video-preview":"max-video-preview:-1"},"canonical":"https:\/\/memurunsesi.net\/index.php\/2025\/05\/04\/uyarilara-aldiris-etmedi-traktoruyle-akarsuda-mahsur-kaldi\/","og_locale":"tr_TR","og_type":"article","og_title":"Uyar\u0131lara ald\u0131r\u0131\u015f etmedi, trakt\u00f6r\u00fcyle akarsuda mahsur kald\u0131 - Memurun Sesi","og_description":"Tokat&#8217;\u0131n Niksar il\u00e7esinde baraj kapaklar\u0131n\u0131n a\u00e7\u0131lmas\u0131yla su seviyesi aniden y\u00fckselen Kelkit \u00c7ay\u0131&#8217;nda trakt\u00f6r\u00fcn\u00fc y\u0131kamak isteyen s\u00fcr\u00fcc\u00fc mahsur kald\u0131. Niksar il\u00e7e merkezinde yetkililer taraf\u0131ndan g\u00fcn\u00fcn erken saatlerinde, barajdan \u00e7aya su b\u0131rak\u0131laca\u011f\u0131 anons edilerek vatanda\u015flar\u0131n dikkatli olmalar\u0131 ve \u00e7aya yakla\u015fmamalar\u0131 konusunda uyar\u0131 yap\u0131ld\u0131. Uyar\u0131lara ald\u0131r\u0131\u015f etmeyen bir s\u00fcr\u00fcc\u00fc, trakt\u00f6r\u00fcn\u00fc y\u0131kamak amac\u0131yla \u00e7aya girdi. Bu s\u0131rada barajdan b\u0131rak\u0131lan [&hellip;]","og_url":"https:\/\/memurunsesi.net\/index.php\/2025\/05\/04\/uyarilara-aldiris-etmedi-traktoruyle-akarsuda-mahsur-kaldi\/","og_site_name":"Memurun Sesi","article_publisher":"https:\/\/www.facebook.com\/unipersen\/?locale=tr_TR","article_published_time":"2025-05-04T18:24:41+00:00","og_image":[{"width":1320,"height":1603,"url":"https:\/\/memurunsesi.net\/wp-content\/uploads\/2025\/05\/AW447123_02.jpg","type":"image\/jpeg"}],"author":"Memurun Sesi Haber Merkezi","twitter_card":"summary_large_image","twitter_creator":"@unipersen","twitter_site":"@unipersen","twitter_misc":{"Yazan:":"Memurun Sesi Haber Merkezi","Tahmini okuma s\u00fcresi":"1 dakika"},"schema":{"@context":"https:\/\/schema.org","@graph":[{"@type":"Article","@id":"https:\/\/memurunsesi.net\/index.php\/2025\/05\/04\/uyarilara-aldiris-etmedi-traktoruyle-akarsuda-mahsur-kaldi\/#article","isPartOf":{"@id":"https:\/\/memurunsesi.net\/index.php\/2025\/05\/04\/uyarilara-aldiris-etmedi-traktoruyle-akarsuda-mahsur-kaldi\/"},"author":{"name":"Memurun Sesi Haber Merkezi","@id":"https:\/\/memurunsesi.net\/#\/schema\/person\/f21c2d73b89f6ee1d80b0a1803e38587"},"headline":"Uyar\u0131lara ald\u0131r\u0131\u015f etmedi, trakt\u00f6r\u00fcyle akarsuda mahsur kald\u0131","datePublished":"2025-05-04T18:24:41+00:00","mainEntityOfPage":{"@id":"https:\/\/memurunsesi.net\/index.php\/2025\/05\/04\/uyarilara-aldiris-etmedi-traktoruyle-akarsuda-mahsur-kaldi\/"},"wordCount":178,"commentCount":0,"publisher":{"@id":"https:\/\/memurunsesi.net\/#organization"},"image":{"@id":"https:\/\/memurunsesi.net\/index.php\/2025\/05\/04\/uyarilara-aldiris-etmedi-traktoruyle-akarsuda-mahsur-kaldi\/#primaryimage"},"thumbnailUrl":"https:\/\/memurunsesi.net\/wp-content\/uploads\/2025\/05\/AW447123_02.jpg","articleSection":["G\u00fcndem"],"inLanguage":"tr","potentialAction":[{"@type":"CommentAction","name":"Comment","target":["https:\/\/memurunsesi.net\/index.php\/2025\/05\/04\/uyarilara-aldiris-etmedi-traktoruyle-akarsuda-mahsur-kaldi\/#respond"]}]},{"@type":"WebPage","@id":"https:\/\/memurunsesi.net\/index.php\/2025\/05\/04\/uyarilara-aldiris-etmedi-traktoruyle-akarsuda-mahsur-kaldi\/","url":"https:\/\/memurunsesi.net\/index.php\/2025\/05\/04\/uyarilara-aldiris-etmedi-traktoruyle-akarsuda-mahsur-kaldi\/","name":"Uyar\u0131lara ald\u0131r\u0131\u015f etmedi, trakt\u00f6r\u00fcyle akarsuda mahsur kald\u0131 - Memurun Sesi","isPartOf":{"@id":"https:\/\/memurunsesi.net\/#website"},"primaryImageOfPage":{"@id":"https:\/\/memurunsesi.net\/index.php\/2025\/05\/04\/uyarilara-aldiris-etmedi-traktoruyle-akarsuda-mahsur-kaldi\/#primaryimage"},"image":{"@id":"https:\/\/memurunsesi.net\/index.php\/2025\/05\/04\/uyarilara-aldiris-etmedi-traktoruyle-akarsuda-mahsur-kaldi\/#primaryimage"},"thumbnailUrl":"https:\/\/memurunsesi.net\/wp-content\/uploads\/2025\/05\/AW447123_02.jpg","datePublished":"2025-05-04T18:24:41+00:00","breadcrumb":{"@id":"https:\/\/memurunsesi.net\/index.php\/2025\/05\/04\/uyarilara-aldiris-etmedi-traktoruyle-akarsuda-mahsur-kaldi\/#breadcrumb"},"inLanguage":"tr","potentialAction":[{"@type":"ReadAction","target":["https:\/\/memurunsesi.net\/index.php\/2025\/05\/04\/uyarilara-aldiris-etmedi-traktoruyle-akarsuda-mahsur-kaldi\/"]}]},{"@type":"ImageObject","inLanguage":"tr","@id":"https:\/\/memurunsesi.net\/index.php\/2025\/05\/04\/uyarilara-aldiris-etmedi-traktoruyle-akarsuda-mahsur-kaldi\/#primaryimage","url":"https:\/\/memurunsesi.net\/wp-content\/uploads\/2025\/05\/AW447123_02.jpg","contentUrl":"https:\/\/memurunsesi.net\/wp-content\/uploads\/2025\/05\/AW447123_02.jpg","width":1320,"height":1603,"caption":"TOKAT'IN N\u0130KSAR \u0130L\u00c7ES\u0130NDE BARAJ KAPAKLARININ A\u00c7ILMASIYLA SU SEV\u0130YES\u0130 AN\u0130DEN Y\u00dcKSELEN KELK\u0130T \u00c7AYI'NDA TRAKT\u00d6R\u00dcN\u00dc YIKAMAK \u0130STEYEN S\u00dcR\u00dcC\u00dc MAHSUR KALDI. (SEDAT \u00d6ZATA\/TOKAT-\u0130HA) Tokat'\u0131n Niksar il\u00e7esinde baraj kapaklar\u0131n\u0131n a\u00e7\u0131lmas\u0131yla su seviyesi aniden y\u00fckselen Kelkit \u00c7ay\u0131'nda trakt\u00f6r\u00fcn\u00fc y\u0131kamak isteyen s\u00fcr\u00fcc\u00fc mahsur kald\u0131."},{"@type":"BreadcrumbList","@id":"https:\/\/memurunsesi.net\/index.php\/2025\/05\/04\/uyarilara-aldiris-etmedi-traktoruyle-akarsuda-mahsur-kaldi\/#breadcrumb","itemListElement":[{"@type":"ListItem","position":1,"name":"Anasayfa","item":"https:\/\/memurunsesi.net\/"},{"@type":"ListItem","position":2,"name":"Uyar\u0131lara ald\u0131r\u0131\u015f etmedi, trakt\u00f6r\u00fcyle akarsuda mahsur kald\u0131"}]},{"@type":"WebSite","@id":"https:\/\/memurunsesi.net\/#website","url":"https:\/\/memurunsesi.net\/","name":"Memurun Sesi","description":"G\u00fcncel ve Do\u011fru Haber","publisher":{"@id":"https:\/\/memurunsesi.net\/#organization"},"potentialAction":[{"@type":"SearchAction","target":{"@type":"EntryPoint","urlTemplate":"https:\/\/memurunsesi.net\/?s={search_term_string}"},"query-input":{"@type":"PropertyValueSpecification","valueRequired":true,"valueName":"search_term_string"}}],"inLanguage":"tr"},{"@type":"Organization","@id":"https:\/\/memurunsesi.net\/#organization","name":"Memurun Sesi","url":"https:\/\/memurunsesi.net\/","logo":{"@type":"ImageObject","inLanguage":"tr","@id":"https:\/\/memurunsesi.net\/#\/schema\/logo\/image\/","url":"https:\/\/memurunsesi.net\/wp-content\/uploads\/2025\/11\/cropped-MEMURUN-SESI.png","contentUrl":"https:\/\/memurunsesi.net\/wp-content\/uploads\/2025\/11\/cropped-MEMURUN-SESI.png","width":238,"height":57,"caption":"Memurun Sesi"},"image":{"@id":"https:\/\/memurunsesi.net\/#\/schema\/logo\/image\/"},"sameAs":["https:\/\/www.facebook.com\/unipersen\/?locale=tr_TR","https:\/\/x.com\/unipersen"]},{"@type":"Person","@id":"https:\/\/memurunsesi.net\/#\/schema\/person\/f21c2d73b89f6ee1d80b0a1803e38587","name":"Memurun Sesi Haber Merkezi","image":{"@type":"ImageObject","inLanguage":"tr","@id":"https:\/\/secure.gravatar.com\/avatar\/6cf0505f452ee753f485014986fab09a434671d2b919ee76fc541025c5876a70?s=96&d=mm&r=g","url":"https:\/\/secure.gravatar.com\/avatar\/6cf0505f452ee753f485014986fab09a434671d2b919ee76fc541025c5876a70?s=96&d=mm&r=g","contentUrl":"https:\/\/secure.gravatar.com\/avatar\/6cf0505f452ee753f485014986fab09a434671d2b919ee76fc541025c5876a70?s=96&d=mm&r=g","caption":"Memurun Sesi Haber Merkezi"},"sameAs":["https:\/\/memurunsesi.net"],"url":"https:\/\/memurunsesi.net\/index.php\/author\/uniper\/"}]}},"_links":{"self":[{"href":"https:\/\/memurunsesi.net\/index.php\/wp-json\/wp\/v2\/posts\/6524","targetHints":{"allow":["GET"]}}],"collection":[{"href":"https:\/\/memurunsesi.net\/index.php\/wp-json\/wp\/v2\/posts"}],"about":[{"href":"https:\/\/memurunsesi.net\/index.php\/wp-json\/wp\/v2\/types\/post"}],"author":[{"embeddable":true,"href":"https:\/\/memurunsesi.net\/index.php\/wp-json\/wp\/v2\/users\/1"}],"replies":[{"embeddable":true,"href":"https:\/\/memurunsesi.net\/index.php\/wp-json\/wp\/v2\/comments?post=6524"}],"version-history":[{"count":1,"href":"https:\/\/memurunsesi.net\/index.php\/wp-json\/wp\/v2\/posts\/6524\/revisions"}],"predecessor-version":[{"id":6526,"href":"https:\/\/memurunsesi.net\/index.php\/wp-json\/wp\/v2\/posts\/6524\/revisions\/6526"}],"wp:featuredmedia":[{"embeddable":true,"href":"https:\/\/memurunsesi.net\/index.php\/wp-json\/wp\/v2\/media\/6525"}],"wp:attachment":[{"href":"https:\/\/memurunsesi.net\/index.php\/wp-json\/wp\/v2\/media?parent=6524"}],"wp:term":[{"taxonomy":"category","embeddable":true,"href":"https:\/\/memurunsesi.net\/index.php\/wp-json\/wp\/v2\/categories?post=6524"},{"taxonomy":"post_tag","embeddable":true,"href":"https:\/\/memurunsesi.net\/index.php\/wp-json\/wp\/v2\/tags?post=6524"}],"curies":[{"name":"wp","href":"https:\/\/api.w.org\/{rel}","templated":true}]}}