{"id":6530,"date":"2025-05-04T21:28:22","date_gmt":"2025-05-04T18:28:22","guid":{"rendered":"https:\/\/memurunsesi.net\/?p=6530"},"modified":"2025-05-04T21:28:22","modified_gmt":"2025-05-04T18:28:22","slug":"d-100-karayolunda-makas-atarak-ilerledi-trafigi-tehlikeye-dusurdu","status":"publish","type":"post","link":"https:\/\/memurunsesi.net\/index.php\/2025\/05\/04\/d-100-karayolunda-makas-atarak-ilerledi-trafigi-tehlikeye-dusurdu\/","title":{"rendered":"D-100 Karayolu&#8217;nda makas atarak ilerledi, trafi\u011fi tehlikeye d\u00fc\u015f\u00fcrd\u00fc"},"content":{"rendered":"<p> Silivri D-100 Karayolu&#8217;nda makas atarak ilerleyen s\u00fcr\u00fcc\u00fc trafi\u011fi tehlikeye d\u00fc\u015f\u00fcrd\u00fc.<br \/>\nSilivri D-100 Karayolu&#8217;nda saat 13.30 s\u0131ralar\u0131nda \u0130stanbul istikametinde seyir halinde olan \u00f6zel bir otomobil, trafi\u011fi hi\u00e7e sayarak tehlikeli hareketlerde bulundu. Kendi can\u0131n\u0131 ve di\u011fer s\u00fcr\u00fcc\u00fclerin g\u00fcvenli\u011fini tehlikeye atan s\u00fcr\u00fcc\u00fc, yo\u011fun trafikte makas atarak ilerledi. Tehlikeli hareketler y\u00fcrekleri a\u011fza getirdi. Seyir halindeki ba\u015fka bir ara\u00e7 kameras\u0131na yans\u0131yan g\u00f6r\u00fcnt\u00fclerde, s\u00fcr\u00fcc\u00fcn\u00fcn ard\u0131 ard\u0131na yapt\u0131\u011f\u0131 \u015ferit ihlalleri dikkat \u00e7ekti. <\/p>\n<p>4.05.2025 <div style=\"width: 512px;\" class=\"wp-video\"><video class=\"wp-video-shortcode\" id=\"video-6530-1\" width=\"512\" height=\"288\" preload=\"metadata\" controls=\"controls\"><source type=\"video\/mp4\" src=\"https:\/\/memurunsesi.net\/wp-content\/uploads\/2025\/05\/37E15A97-0DC2-40B4-847B-2F4F4087BCCC.mp4?_=1\" \/><a href=\"https:\/\/memurunsesi.net\/wp-content\/uploads\/2025\/05\/37E15A97-0DC2-40B4-847B-2F4F4087BCCC.mp4\">https:\/\/memurunsesi.net\/wp-content\/uploads\/2025\/05\/37E15A97-0DC2-40B4-847B-2F4F4087BCCC.mp4<\/a><\/video><\/div>                             <\/p>\n","protected":false},"excerpt":{"rendered":"<p>Silivri D-100 Karayolu&#8217;nda makas atarak ilerleyen s\u00fcr\u00fcc\u00fc trafi\u011fi tehlikeye d\u00fc\u015f\u00fcrd\u00fc. Silivri D-100 Karayolu&#8217;nda saat 13.30 s\u0131ralar\u0131nda \u0130stanbul istikametinde seyir halinde olan \u00f6zel bir otomobil, trafi\u011fi hi\u00e7e sayarak tehlikeli hareketlerde bulundu. Kendi can\u0131n\u0131 ve di\u011fer s\u00fcr\u00fcc\u00fclerin g\u00fcvenli\u011fini tehlikeye atan s\u00fcr\u00fcc\u00fc, yo\u011fun trafikte makas atarak ilerledi. Tehlikeli hareketler y\u00fcrekleri a\u011fza getirdi. Seyir halindeki ba\u015fka bir ara\u00e7 kameras\u0131na [&hellip;]<\/p>\n","protected":false},"author":1,"featured_media":6532,"comment_status":"open","ping_status":"open","sticky":false,"template":"","format":"standard","meta":{"footnotes":""},"categories":[1],"tags":[],"class_list":["post-6530","post","type-post","status-publish","format-standard","has-post-thumbnail","hentry","category-genel"],"yoast_head":"<!-- This site is optimized with the Yoast SEO plugin v27.4 - https:\/\/yoast.com\/product\/yoast-seo-wordpress\/ -->\n<title>D-100 Karayolu&#039;nda makas atarak ilerledi, trafi\u011fi tehlikeye d\u00fc\u015f\u00fcrd\u00fc - Memurun Sesi<\/title>\n<meta name=\"robots\" content=\"index, follow, max-snippet:-1, max-image-preview:large, max-video-preview:-1\" \/>\n<link rel=\"canonical\" href=\"https:\/\/memurunsesi.net\/index.php\/2025\/05\/04\/d-100-karayolunda-makas-atarak-ilerledi-trafigi-tehlikeye-dusurdu\/\" \/>\n<meta property=\"og:locale\" content=\"tr_TR\" \/>\n<meta property=\"og:type\" content=\"article\" \/>\n<meta property=\"og:title\" content=\"D-100 Karayolu&#039;nda makas atarak ilerledi, trafi\u011fi tehlikeye d\u00fc\u015f\u00fcrd\u00fc - Memurun Sesi\" \/>\n<meta property=\"og:description\" content=\"Silivri D-100 Karayolu&#8217;nda makas atarak ilerleyen s\u00fcr\u00fcc\u00fc trafi\u011fi tehlikeye d\u00fc\u015f\u00fcrd\u00fc. Silivri D-100 Karayolu&#8217;nda saat 13.30 s\u0131ralar\u0131nda \u0130stanbul istikametinde seyir halinde olan \u00f6zel bir otomobil, trafi\u011fi hi\u00e7e sayarak tehlikeli hareketlerde bulundu. Kendi can\u0131n\u0131 ve di\u011fer s\u00fcr\u00fcc\u00fclerin g\u00fcvenli\u011fini tehlikeye atan s\u00fcr\u00fcc\u00fc, yo\u011fun trafikte makas atarak ilerledi. Tehlikeli hareketler y\u00fcrekleri a\u011fza getirdi. Seyir halindeki ba\u015fka bir ara\u00e7 kameras\u0131na [&hellip;]\" \/>\n<meta property=\"og:url\" content=\"https:\/\/memurunsesi.net\/index.php\/2025\/05\/04\/d-100-karayolunda-makas-atarak-ilerledi-trafigi-tehlikeye-dusurdu\/\" \/>\n<meta property=\"og:site_name\" content=\"Memurun Sesi\" \/>\n<meta property=\"article:publisher\" content=\"https:\/\/www.facebook.com\/unipersen\/?locale=tr_TR\" \/>\n<meta property=\"article:published_time\" content=\"2025-05-04T18:28:22+00:00\" \/>\n<meta property=\"og:image\" content=\"https:\/\/memurunsesi.net\/wp-content\/uploads\/2025\/05\/AW447120_01.jpg\" \/>\n\t<meta property=\"og:image:width\" content=\"851\" \/>\n\t<meta property=\"og:image:height\" content=\"433\" \/>\n\t<meta property=\"og:image:type\" content=\"image\/jpeg\" \/>\n<meta name=\"author\" content=\"Memurun Sesi Haber Merkezi\" \/>\n<meta name=\"twitter:card\" content=\"summary_large_image\" \/>\n<meta name=\"twitter:creator\" content=\"@unipersen\" \/>\n<meta name=\"twitter:site\" content=\"@unipersen\" \/>\n<meta name=\"twitter:label1\" content=\"Yazan:\" \/>\n\t<meta name=\"twitter:data1\" content=\"Memurun Sesi Haber Merkezi\" \/>\n\t<meta name=\"twitter:label2\" content=\"Tahmini okuma s\u00fcresi\" \/>\n\t<meta name=\"twitter:data2\" content=\"1 dakika\" \/>\n<script type=\"application\/ld+json\" class=\"yoast-schema-graph\">{\"@context\":\"https:\\\/\\\/schema.org\",\"@graph\":[{\"@type\":\"Article\",\"@id\":\"https:\\\/\\\/memurunsesi.net\\\/index.php\\\/2025\\\/05\\\/04\\\/d-100-karayolunda-makas-atarak-ilerledi-trafigi-tehlikeye-dusurdu\\\/#article\",\"isPartOf\":{\"@id\":\"https:\\\/\\\/memurunsesi.net\\\/index.php\\\/2025\\\/05\\\/04\\\/d-100-karayolunda-makas-atarak-ilerledi-trafigi-tehlikeye-dusurdu\\\/\"},\"author\":{\"name\":\"Memurun Sesi Haber Merkezi\",\"@id\":\"https:\\\/\\\/memurunsesi.net\\\/#\\\/schema\\\/person\\\/f21c2d73b89f6ee1d80b0a1803e38587\"},\"headline\":\"D-100 Karayolu&#8217;nda makas atarak ilerledi, trafi\u011fi tehlikeye d\u00fc\u015f\u00fcrd\u00fc\",\"datePublished\":\"2025-05-04T18:28:22+00:00\",\"mainEntityOfPage\":{\"@id\":\"https:\\\/\\\/memurunsesi.net\\\/index.php\\\/2025\\\/05\\\/04\\\/d-100-karayolunda-makas-atarak-ilerledi-trafigi-tehlikeye-dusurdu\\\/\"},\"wordCount\":130,\"commentCount\":0,\"publisher\":{\"@id\":\"https:\\\/\\\/memurunsesi.net\\\/#organization\"},\"image\":{\"@id\":\"https:\\\/\\\/memurunsesi.net\\\/index.php\\\/2025\\\/05\\\/04\\\/d-100-karayolunda-makas-atarak-ilerledi-trafigi-tehlikeye-dusurdu\\\/#primaryimage\"},\"thumbnailUrl\":\"https:\\\/\\\/memurunsesi.net\\\/wp-content\\\/uploads\\\/2025\\\/05\\\/AW447120_01.jpg\",\"inLanguage\":\"tr\",\"potentialAction\":[{\"@type\":\"CommentAction\",\"name\":\"Comment\",\"target\":[\"https:\\\/\\\/memurunsesi.net\\\/index.php\\\/2025\\\/05\\\/04\\\/d-100-karayolunda-makas-atarak-ilerledi-trafigi-tehlikeye-dusurdu\\\/#respond\"]}]},{\"@type\":\"WebPage\",\"@id\":\"https:\\\/\\\/memurunsesi.net\\\/index.php\\\/2025\\\/05\\\/04\\\/d-100-karayolunda-makas-atarak-ilerledi-trafigi-tehlikeye-dusurdu\\\/\",\"url\":\"https:\\\/\\\/memurunsesi.net\\\/index.php\\\/2025\\\/05\\\/04\\\/d-100-karayolunda-makas-atarak-ilerledi-trafigi-tehlikeye-dusurdu\\\/\",\"name\":\"D-100 Karayolu'nda makas atarak ilerledi, trafi\u011fi tehlikeye d\u00fc\u015f\u00fcrd\u00fc - Memurun Sesi\",\"isPartOf\":{\"@id\":\"https:\\\/\\\/memurunsesi.net\\\/#website\"},\"primaryImageOfPage\":{\"@id\":\"https:\\\/\\\/memurunsesi.net\\\/index.php\\\/2025\\\/05\\\/04\\\/d-100-karayolunda-makas-atarak-ilerledi-trafigi-tehlikeye-dusurdu\\\/#primaryimage\"},\"image\":{\"@id\":\"https:\\\/\\\/memurunsesi.net\\\/index.php\\\/2025\\\/05\\\/04\\\/d-100-karayolunda-makas-atarak-ilerledi-trafigi-tehlikeye-dusurdu\\\/#primaryimage\"},\"thumbnailUrl\":\"https:\\\/\\\/memurunsesi.net\\\/wp-content\\\/uploads\\\/2025\\\/05\\\/AW447120_01.jpg\",\"datePublished\":\"2025-05-04T18:28:22+00:00\",\"breadcrumb\":{\"@id\":\"https:\\\/\\\/memurunsesi.net\\\/index.php\\\/2025\\\/05\\\/04\\\/d-100-karayolunda-makas-atarak-ilerledi-trafigi-tehlikeye-dusurdu\\\/#breadcrumb\"},\"inLanguage\":\"tr\",\"potentialAction\":[{\"@type\":\"ReadAction\",\"target\":[\"https:\\\/\\\/memurunsesi.net\\\/index.php\\\/2025\\\/05\\\/04\\\/d-100-karayolunda-makas-atarak-ilerledi-trafigi-tehlikeye-dusurdu\\\/\"]}]},{\"@type\":\"ImageObject\",\"inLanguage\":\"tr\",\"@id\":\"https:\\\/\\\/memurunsesi.net\\\/index.php\\\/2025\\\/05\\\/04\\\/d-100-karayolunda-makas-atarak-ilerledi-trafigi-tehlikeye-dusurdu\\\/#primaryimage\",\"url\":\"https:\\\/\\\/memurunsesi.net\\\/wp-content\\\/uploads\\\/2025\\\/05\\\/AW447120_01.jpg\",\"contentUrl\":\"https:\\\/\\\/memurunsesi.net\\\/wp-content\\\/uploads\\\/2025\\\/05\\\/AW447120_01.jpg\",\"width\":851,\"height\":433,\"caption\":\"S\u0130L\u0130VR\u0130 D-100 KARAYOLU'NDA MAKAS ATARAK \u0130LERLEYEN S\u00dcR\u00dcC\u00dc TRAF\u0130\u011e\u0130 TEHL\u0130KEYE D\u00dc\u015e\u00dcRD\u00dc. (YUSUF EKER\\\/\u0130STANBUL-\u0130HA) Silivri D-100 Karayolu'nda makas atarak ilerleyen s\u00fcr\u00fcc\u00fc trafi\u011fi tehlikeye d\u00fc\u015f\u00fcrd\u00fc.\"},{\"@type\":\"BreadcrumbList\",\"@id\":\"https:\\\/\\\/memurunsesi.net\\\/index.php\\\/2025\\\/05\\\/04\\\/d-100-karayolunda-makas-atarak-ilerledi-trafigi-tehlikeye-dusurdu\\\/#breadcrumb\",\"itemListElement\":[{\"@type\":\"ListItem\",\"position\":1,\"name\":\"Anasayfa\",\"item\":\"https:\\\/\\\/memurunsesi.net\\\/\"},{\"@type\":\"ListItem\",\"position\":2,\"name\":\"D-100 Karayolu&#8217;nda makas atarak ilerledi, trafi\u011fi tehlikeye d\u00fc\u015f\u00fcrd\u00fc\"}]},{\"@type\":\"WebSite\",\"@id\":\"https:\\\/\\\/memurunsesi.net\\\/#website\",\"url\":\"https:\\\/\\\/memurunsesi.net\\\/\",\"name\":\"Memurun Sesi\",\"description\":\"G\u00fcncel ve Do\u011fru Haber\",\"publisher\":{\"@id\":\"https:\\\/\\\/memurunsesi.net\\\/#organization\"},\"potentialAction\":[{\"@type\":\"SearchAction\",\"target\":{\"@type\":\"EntryPoint\",\"urlTemplate\":\"https:\\\/\\\/memurunsesi.net\\\/?s={search_term_string}\"},\"query-input\":{\"@type\":\"PropertyValueSpecification\",\"valueRequired\":true,\"valueName\":\"search_term_string\"}}],\"inLanguage\":\"tr\"},{\"@type\":\"Organization\",\"@id\":\"https:\\\/\\\/memurunsesi.net\\\/#organization\",\"name\":\"Memurun Sesi\",\"url\":\"https:\\\/\\\/memurunsesi.net\\\/\",\"logo\":{\"@type\":\"ImageObject\",\"inLanguage\":\"tr\",\"@id\":\"https:\\\/\\\/memurunsesi.net\\\/#\\\/schema\\\/logo\\\/image\\\/\",\"url\":\"https:\\\/\\\/memurunsesi.net\\\/wp-content\\\/uploads\\\/2025\\\/11\\\/cropped-MEMURUN-SESI.png\",\"contentUrl\":\"https:\\\/\\\/memurunsesi.net\\\/wp-content\\\/uploads\\\/2025\\\/11\\\/cropped-MEMURUN-SESI.png\",\"width\":238,\"height\":57,\"caption\":\"Memurun Sesi\"},\"image\":{\"@id\":\"https:\\\/\\\/memurunsesi.net\\\/#\\\/schema\\\/logo\\\/image\\\/\"},\"sameAs\":[\"https:\\\/\\\/www.facebook.com\\\/unipersen\\\/?locale=tr_TR\",\"https:\\\/\\\/x.com\\\/unipersen\"]},{\"@type\":\"Person\",\"@id\":\"https:\\\/\\\/memurunsesi.net\\\/#\\\/schema\\\/person\\\/f21c2d73b89f6ee1d80b0a1803e38587\",\"name\":\"Memurun Sesi Haber Merkezi\",\"image\":{\"@type\":\"ImageObject\",\"inLanguage\":\"tr\",\"@id\":\"https:\\\/\\\/secure.gravatar.com\\\/avatar\\\/6cf0505f452ee753f485014986fab09a434671d2b919ee76fc541025c5876a70?s=96&d=mm&r=g\",\"url\":\"https:\\\/\\\/secure.gravatar.com\\\/avatar\\\/6cf0505f452ee753f485014986fab09a434671d2b919ee76fc541025c5876a70?s=96&d=mm&r=g\",\"contentUrl\":\"https:\\\/\\\/secure.gravatar.com\\\/avatar\\\/6cf0505f452ee753f485014986fab09a434671d2b919ee76fc541025c5876a70?s=96&d=mm&r=g\",\"caption\":\"Memurun Sesi Haber Merkezi\"},\"sameAs\":[\"https:\\\/\\\/memurunsesi.net\"],\"url\":\"https:\\\/\\\/memurunsesi.net\\\/index.php\\\/author\\\/uniper\\\/\"}]}<\/script>\n<!-- \/ Yoast SEO plugin. -->","yoast_head_json":{"title":"D-100 Karayolu'nda makas atarak ilerledi, trafi\u011fi tehlikeye d\u00fc\u015f\u00fcrd\u00fc - Memurun Sesi","robots":{"index":"index","follow":"follow","max-snippet":"max-snippet:-1","max-image-preview":"max-image-preview:large","max-video-preview":"max-video-preview:-1"},"canonical":"https:\/\/memurunsesi.net\/index.php\/2025\/05\/04\/d-100-karayolunda-makas-atarak-ilerledi-trafigi-tehlikeye-dusurdu\/","og_locale":"tr_TR","og_type":"article","og_title":"D-100 Karayolu'nda makas atarak ilerledi, trafi\u011fi tehlikeye d\u00fc\u015f\u00fcrd\u00fc - Memurun Sesi","og_description":"Silivri D-100 Karayolu&#8217;nda makas atarak ilerleyen s\u00fcr\u00fcc\u00fc trafi\u011fi tehlikeye d\u00fc\u015f\u00fcrd\u00fc. Silivri D-100 Karayolu&#8217;nda saat 13.30 s\u0131ralar\u0131nda \u0130stanbul istikametinde seyir halinde olan \u00f6zel bir otomobil, trafi\u011fi hi\u00e7e sayarak tehlikeli hareketlerde bulundu. Kendi can\u0131n\u0131 ve di\u011fer s\u00fcr\u00fcc\u00fclerin g\u00fcvenli\u011fini tehlikeye atan s\u00fcr\u00fcc\u00fc, yo\u011fun trafikte makas atarak ilerledi. Tehlikeli hareketler y\u00fcrekleri a\u011fza getirdi. Seyir halindeki ba\u015fka bir ara\u00e7 kameras\u0131na [&hellip;]","og_url":"https:\/\/memurunsesi.net\/index.php\/2025\/05\/04\/d-100-karayolunda-makas-atarak-ilerledi-trafigi-tehlikeye-dusurdu\/","og_site_name":"Memurun Sesi","article_publisher":"https:\/\/www.facebook.com\/unipersen\/?locale=tr_TR","article_published_time":"2025-05-04T18:28:22+00:00","og_image":[{"width":851,"height":433,"url":"https:\/\/memurunsesi.net\/wp-content\/uploads\/2025\/05\/AW447120_01.jpg","type":"image\/jpeg"}],"author":"Memurun Sesi Haber Merkezi","twitter_card":"summary_large_image","twitter_creator":"@unipersen","twitter_site":"@unipersen","twitter_misc":{"Yazan:":"Memurun Sesi Haber Merkezi","Tahmini okuma s\u00fcresi":"1 dakika"},"schema":{"@context":"https:\/\/schema.org","@graph":[{"@type":"Article","@id":"https:\/\/memurunsesi.net\/index.php\/2025\/05\/04\/d-100-karayolunda-makas-atarak-ilerledi-trafigi-tehlikeye-dusurdu\/#article","isPartOf":{"@id":"https:\/\/memurunsesi.net\/index.php\/2025\/05\/04\/d-100-karayolunda-makas-atarak-ilerledi-trafigi-tehlikeye-dusurdu\/"},"author":{"name":"Memurun Sesi Haber Merkezi","@id":"https:\/\/memurunsesi.net\/#\/schema\/person\/f21c2d73b89f6ee1d80b0a1803e38587"},"headline":"D-100 Karayolu&#8217;nda makas atarak ilerledi, trafi\u011fi tehlikeye d\u00fc\u015f\u00fcrd\u00fc","datePublished":"2025-05-04T18:28:22+00:00","mainEntityOfPage":{"@id":"https:\/\/memurunsesi.net\/index.php\/2025\/05\/04\/d-100-karayolunda-makas-atarak-ilerledi-trafigi-tehlikeye-dusurdu\/"},"wordCount":130,"commentCount":0,"publisher":{"@id":"https:\/\/memurunsesi.net\/#organization"},"image":{"@id":"https:\/\/memurunsesi.net\/index.php\/2025\/05\/04\/d-100-karayolunda-makas-atarak-ilerledi-trafigi-tehlikeye-dusurdu\/#primaryimage"},"thumbnailUrl":"https:\/\/memurunsesi.net\/wp-content\/uploads\/2025\/05\/AW447120_01.jpg","inLanguage":"tr","potentialAction":[{"@type":"CommentAction","name":"Comment","target":["https:\/\/memurunsesi.net\/index.php\/2025\/05\/04\/d-100-karayolunda-makas-atarak-ilerledi-trafigi-tehlikeye-dusurdu\/#respond"]}]},{"@type":"WebPage","@id":"https:\/\/memurunsesi.net\/index.php\/2025\/05\/04\/d-100-karayolunda-makas-atarak-ilerledi-trafigi-tehlikeye-dusurdu\/","url":"https:\/\/memurunsesi.net\/index.php\/2025\/05\/04\/d-100-karayolunda-makas-atarak-ilerledi-trafigi-tehlikeye-dusurdu\/","name":"D-100 Karayolu'nda makas atarak ilerledi, trafi\u011fi tehlikeye d\u00fc\u015f\u00fcrd\u00fc - Memurun Sesi","isPartOf":{"@id":"https:\/\/memurunsesi.net\/#website"},"primaryImageOfPage":{"@id":"https:\/\/memurunsesi.net\/index.php\/2025\/05\/04\/d-100-karayolunda-makas-atarak-ilerledi-trafigi-tehlikeye-dusurdu\/#primaryimage"},"image":{"@id":"https:\/\/memurunsesi.net\/index.php\/2025\/05\/04\/d-100-karayolunda-makas-atarak-ilerledi-trafigi-tehlikeye-dusurdu\/#primaryimage"},"thumbnailUrl":"https:\/\/memurunsesi.net\/wp-content\/uploads\/2025\/05\/AW447120_01.jpg","datePublished":"2025-05-04T18:28:22+00:00","breadcrumb":{"@id":"https:\/\/memurunsesi.net\/index.php\/2025\/05\/04\/d-100-karayolunda-makas-atarak-ilerledi-trafigi-tehlikeye-dusurdu\/#breadcrumb"},"inLanguage":"tr","potentialAction":[{"@type":"ReadAction","target":["https:\/\/memurunsesi.net\/index.php\/2025\/05\/04\/d-100-karayolunda-makas-atarak-ilerledi-trafigi-tehlikeye-dusurdu\/"]}]},{"@type":"ImageObject","inLanguage":"tr","@id":"https:\/\/memurunsesi.net\/index.php\/2025\/05\/04\/d-100-karayolunda-makas-atarak-ilerledi-trafigi-tehlikeye-dusurdu\/#primaryimage","url":"https:\/\/memurunsesi.net\/wp-content\/uploads\/2025\/05\/AW447120_01.jpg","contentUrl":"https:\/\/memurunsesi.net\/wp-content\/uploads\/2025\/05\/AW447120_01.jpg","width":851,"height":433,"caption":"S\u0130L\u0130VR\u0130 D-100 KARAYOLU'NDA MAKAS ATARAK \u0130LERLEYEN S\u00dcR\u00dcC\u00dc TRAF\u0130\u011e\u0130 TEHL\u0130KEYE D\u00dc\u015e\u00dcRD\u00dc. (YUSUF EKER\/\u0130STANBUL-\u0130HA) Silivri D-100 Karayolu'nda makas atarak ilerleyen s\u00fcr\u00fcc\u00fc trafi\u011fi tehlikeye d\u00fc\u015f\u00fcrd\u00fc."},{"@type":"BreadcrumbList","@id":"https:\/\/memurunsesi.net\/index.php\/2025\/05\/04\/d-100-karayolunda-makas-atarak-ilerledi-trafigi-tehlikeye-dusurdu\/#breadcrumb","itemListElement":[{"@type":"ListItem","position":1,"name":"Anasayfa","item":"https:\/\/memurunsesi.net\/"},{"@type":"ListItem","position":2,"name":"D-100 Karayolu&#8217;nda makas atarak ilerledi, trafi\u011fi tehlikeye d\u00fc\u015f\u00fcrd\u00fc"}]},{"@type":"WebSite","@id":"https:\/\/memurunsesi.net\/#website","url":"https:\/\/memurunsesi.net\/","name":"Memurun Sesi","description":"G\u00fcncel ve Do\u011fru Haber","publisher":{"@id":"https:\/\/memurunsesi.net\/#organization"},"potentialAction":[{"@type":"SearchAction","target":{"@type":"EntryPoint","urlTemplate":"https:\/\/memurunsesi.net\/?s={search_term_string}"},"query-input":{"@type":"PropertyValueSpecification","valueRequired":true,"valueName":"search_term_string"}}],"inLanguage":"tr"},{"@type":"Organization","@id":"https:\/\/memurunsesi.net\/#organization","name":"Memurun Sesi","url":"https:\/\/memurunsesi.net\/","logo":{"@type":"ImageObject","inLanguage":"tr","@id":"https:\/\/memurunsesi.net\/#\/schema\/logo\/image\/","url":"https:\/\/memurunsesi.net\/wp-content\/uploads\/2025\/11\/cropped-MEMURUN-SESI.png","contentUrl":"https:\/\/memurunsesi.net\/wp-content\/uploads\/2025\/11\/cropped-MEMURUN-SESI.png","width":238,"height":57,"caption":"Memurun Sesi"},"image":{"@id":"https:\/\/memurunsesi.net\/#\/schema\/logo\/image\/"},"sameAs":["https:\/\/www.facebook.com\/unipersen\/?locale=tr_TR","https:\/\/x.com\/unipersen"]},{"@type":"Person","@id":"https:\/\/memurunsesi.net\/#\/schema\/person\/f21c2d73b89f6ee1d80b0a1803e38587","name":"Memurun Sesi Haber Merkezi","image":{"@type":"ImageObject","inLanguage":"tr","@id":"https:\/\/secure.gravatar.com\/avatar\/6cf0505f452ee753f485014986fab09a434671d2b919ee76fc541025c5876a70?s=96&d=mm&r=g","url":"https:\/\/secure.gravatar.com\/avatar\/6cf0505f452ee753f485014986fab09a434671d2b919ee76fc541025c5876a70?s=96&d=mm&r=g","contentUrl":"https:\/\/secure.gravatar.com\/avatar\/6cf0505f452ee753f485014986fab09a434671d2b919ee76fc541025c5876a70?s=96&d=mm&r=g","caption":"Memurun Sesi Haber Merkezi"},"sameAs":["https:\/\/memurunsesi.net"],"url":"https:\/\/memurunsesi.net\/index.php\/author\/uniper\/"}]}},"_links":{"self":[{"href":"https:\/\/memurunsesi.net\/index.php\/wp-json\/wp\/v2\/posts\/6530","targetHints":{"allow":["GET"]}}],"collection":[{"href":"https:\/\/memurunsesi.net\/index.php\/wp-json\/wp\/v2\/posts"}],"about":[{"href":"https:\/\/memurunsesi.net\/index.php\/wp-json\/wp\/v2\/types\/post"}],"author":[{"embeddable":true,"href":"https:\/\/memurunsesi.net\/index.php\/wp-json\/wp\/v2\/users\/1"}],"replies":[{"embeddable":true,"href":"https:\/\/memurunsesi.net\/index.php\/wp-json\/wp\/v2\/comments?post=6530"}],"version-history":[{"count":1,"href":"https:\/\/memurunsesi.net\/index.php\/wp-json\/wp\/v2\/posts\/6530\/revisions"}],"predecessor-version":[{"id":6533,"href":"https:\/\/memurunsesi.net\/index.php\/wp-json\/wp\/v2\/posts\/6530\/revisions\/6533"}],"wp:featuredmedia":[{"embeddable":true,"href":"https:\/\/memurunsesi.net\/index.php\/wp-json\/wp\/v2\/media\/6532"}],"wp:attachment":[{"href":"https:\/\/memurunsesi.net\/index.php\/wp-json\/wp\/v2\/media?parent=6530"}],"wp:term":[{"taxonomy":"category","embeddable":true,"href":"https:\/\/memurunsesi.net\/index.php\/wp-json\/wp\/v2\/categories?post=6530"},{"taxonomy":"post_tag","embeddable":true,"href":"https:\/\/memurunsesi.net\/index.php\/wp-json\/wp\/v2\/tags?post=6530"}],"curies":[{"name":"wp","href":"https:\/\/api.w.org\/{rel}","templated":true}]}}