{"id":6534,"date":"2025-05-04T21:30:06","date_gmt":"2025-05-04T18:30:06","guid":{"rendered":"https:\/\/memurunsesi.net\/?p=6534"},"modified":"2025-05-04T21:30:06","modified_gmt":"2025-05-04T18:30:06","slug":"sokak-kopekleri-cocuga-saldirdi","status":"publish","type":"post","link":"https:\/\/memurunsesi.net\/index.php\/2025\/05\/04\/sokak-kopekleri-cocuga-saldirdi\/","title":{"rendered":"Sokak  k\u00f6pekleri \u00e7ocu\u011fa sald\u0131rd\u0131"},"content":{"rendered":"<p> Adana&#8217;n\u0131n Ceyhan il\u00e7esinde sokak k\u00f6pekleri bir \u00e7ocu\u011fa sald\u0131rd\u0131.<br \/>\nOlay, 1 May\u0131s saat 17.00 s\u0131ralar\u0131nda Ceyhan il\u00e7esi Ulus Mahallesi&#8217;nde meydana geldi. Sokakta oynayan bir \u00e7ocuk, k\u00f6peklerin \u00fczerine ko\u015fmas\u0131 \u00fczerine yolun kar\u015f\u0131s\u0131na ge\u00e7erek ka\u00e7t\u0131. Korkup ka\u00e7an \u00e7ocu\u011fu fark eden esnaf, tahta sopalarla yard\u0131m\u0131na ko\u015ftu. \u00c7ocu\u011fun \u00fczerine ko\u015fmaya devam eden k\u00f6pekler, esnaf\u0131n m\u00fcdahalesiyle uzakla\u015ft\u0131r\u0131ld\u0131. \u00c7ocu\u011fun, k\u00f6peklerin sald\u0131r\u0131s\u0131ndan son anda kurtuldu\u011fu anlar bir i\u015f yerinin g\u00fcvenlik kameras\u0131na yans\u0131d\u0131. <\/p>\n<p>4.05.2025                                 <\/p>\n","protected":false},"excerpt":{"rendered":"<p>Adana&#8217;n\u0131n Ceyhan il\u00e7esinde sokak k\u00f6pekleri bir \u00e7ocu\u011fa sald\u0131rd\u0131. Olay, 1 May\u0131s saat 17.00 s\u0131ralar\u0131nda Ceyhan il\u00e7esi Ulus Mahallesi&#8217;nde meydana geldi. Sokakta oynayan bir \u00e7ocuk, k\u00f6peklerin \u00fczerine ko\u015fmas\u0131 \u00fczerine yolun kar\u015f\u0131s\u0131na ge\u00e7erek ka\u00e7t\u0131. Korkup ka\u00e7an \u00e7ocu\u011fu fark eden esnaf, tahta sopalarla yard\u0131m\u0131na ko\u015ftu. \u00c7ocu\u011fun \u00fczerine ko\u015fmaya devam eden k\u00f6pekler, esnaf\u0131n m\u00fcdahalesiyle uzakla\u015ft\u0131r\u0131ld\u0131. \u00c7ocu\u011fun, k\u00f6peklerin sald\u0131r\u0131s\u0131ndan son [&hellip;]<\/p>\n","protected":false},"author":1,"featured_media":6535,"comment_status":"open","ping_status":"open","sticky":false,"template":"","format":"standard","meta":{"footnotes":""},"categories":[1],"tags":[],"class_list":["post-6534","post","type-post","status-publish","format-standard","has-post-thumbnail","hentry","category-genel"],"yoast_head":"<!-- This site is optimized with the Yoast SEO plugin v27.4 - https:\/\/yoast.com\/product\/yoast-seo-wordpress\/ -->\n<title>Sokak k\u00f6pekleri \u00e7ocu\u011fa sald\u0131rd\u0131 - Memurun Sesi<\/title>\n<meta name=\"robots\" content=\"index, follow, max-snippet:-1, max-image-preview:large, max-video-preview:-1\" \/>\n<link rel=\"canonical\" href=\"https:\/\/memurunsesi.net\/index.php\/2025\/05\/04\/sokak-kopekleri-cocuga-saldirdi\/\" \/>\n<meta property=\"og:locale\" content=\"tr_TR\" \/>\n<meta property=\"og:type\" content=\"article\" \/>\n<meta property=\"og:title\" content=\"Sokak k\u00f6pekleri \u00e7ocu\u011fa sald\u0131rd\u0131 - Memurun Sesi\" \/>\n<meta property=\"og:description\" content=\"Adana&#8217;n\u0131n Ceyhan il\u00e7esinde sokak k\u00f6pekleri bir \u00e7ocu\u011fa sald\u0131rd\u0131. Olay, 1 May\u0131s saat 17.00 s\u0131ralar\u0131nda Ceyhan il\u00e7esi Ulus Mahallesi&#8217;nde meydana geldi. Sokakta oynayan bir \u00e7ocuk, k\u00f6peklerin \u00fczerine ko\u015fmas\u0131 \u00fczerine yolun kar\u015f\u0131s\u0131na ge\u00e7erek ka\u00e7t\u0131. Korkup ka\u00e7an \u00e7ocu\u011fu fark eden esnaf, tahta sopalarla yard\u0131m\u0131na ko\u015ftu. \u00c7ocu\u011fun \u00fczerine ko\u015fmaya devam eden k\u00f6pekler, esnaf\u0131n m\u00fcdahalesiyle uzakla\u015ft\u0131r\u0131ld\u0131. \u00c7ocu\u011fun, k\u00f6peklerin sald\u0131r\u0131s\u0131ndan son [&hellip;]\" \/>\n<meta property=\"og:url\" content=\"https:\/\/memurunsesi.net\/index.php\/2025\/05\/04\/sokak-kopekleri-cocuga-saldirdi\/\" \/>\n<meta property=\"og:site_name\" content=\"Memurun Sesi\" \/>\n<meta property=\"article:publisher\" content=\"https:\/\/www.facebook.com\/unipersen\/?locale=tr_TR\" \/>\n<meta property=\"article:published_time\" content=\"2025-05-04T18:30:06+00:00\" \/>\n<meta property=\"og:image\" content=\"https:\/\/memurunsesi.net\/wp-content\/uploads\/2025\/05\/AW447109_01.jpg\" \/>\n\t<meta property=\"og:image:width\" content=\"1080\" \/>\n\t<meta property=\"og:image:height\" content=\"823\" \/>\n\t<meta property=\"og:image:type\" content=\"image\/jpeg\" \/>\n<meta name=\"author\" content=\"Memurun Sesi Haber Merkezi\" \/>\n<meta name=\"twitter:card\" content=\"summary_large_image\" \/>\n<meta name=\"twitter:creator\" content=\"@unipersen\" \/>\n<meta name=\"twitter:site\" content=\"@unipersen\" \/>\n<meta name=\"twitter:label1\" content=\"Yazan:\" \/>\n\t<meta name=\"twitter:data1\" content=\"Memurun Sesi Haber Merkezi\" \/>\n\t<meta name=\"twitter:label2\" content=\"Tahmini okuma s\u00fcresi\" \/>\n\t<meta name=\"twitter:data2\" content=\"1 dakika\" \/>\n<script type=\"application\/ld+json\" class=\"yoast-schema-graph\">{\"@context\":\"https:\\\/\\\/schema.org\",\"@graph\":[{\"@type\":\"Article\",\"@id\":\"https:\\\/\\\/memurunsesi.net\\\/index.php\\\/2025\\\/05\\\/04\\\/sokak-kopekleri-cocuga-saldirdi\\\/#article\",\"isPartOf\":{\"@id\":\"https:\\\/\\\/memurunsesi.net\\\/index.php\\\/2025\\\/05\\\/04\\\/sokak-kopekleri-cocuga-saldirdi\\\/\"},\"author\":{\"name\":\"Memurun Sesi Haber Merkezi\",\"@id\":\"https:\\\/\\\/memurunsesi.net\\\/#\\\/schema\\\/person\\\/f21c2d73b89f6ee1d80b0a1803e38587\"},\"headline\":\"Sokak k\u00f6pekleri \u00e7ocu\u011fa sald\u0131rd\u0131\",\"datePublished\":\"2025-05-04T18:30:06+00:00\",\"mainEntityOfPage\":{\"@id\":\"https:\\\/\\\/memurunsesi.net\\\/index.php\\\/2025\\\/05\\\/04\\\/sokak-kopekleri-cocuga-saldirdi\\\/\"},\"wordCount\":108,\"commentCount\":0,\"publisher\":{\"@id\":\"https:\\\/\\\/memurunsesi.net\\\/#organization\"},\"image\":{\"@id\":\"https:\\\/\\\/memurunsesi.net\\\/index.php\\\/2025\\\/05\\\/04\\\/sokak-kopekleri-cocuga-saldirdi\\\/#primaryimage\"},\"thumbnailUrl\":\"https:\\\/\\\/memurunsesi.net\\\/wp-content\\\/uploads\\\/2025\\\/05\\\/AW447109_01.jpg\",\"inLanguage\":\"tr\",\"potentialAction\":[{\"@type\":\"CommentAction\",\"name\":\"Comment\",\"target\":[\"https:\\\/\\\/memurunsesi.net\\\/index.php\\\/2025\\\/05\\\/04\\\/sokak-kopekleri-cocuga-saldirdi\\\/#respond\"]}]},{\"@type\":\"WebPage\",\"@id\":\"https:\\\/\\\/memurunsesi.net\\\/index.php\\\/2025\\\/05\\\/04\\\/sokak-kopekleri-cocuga-saldirdi\\\/\",\"url\":\"https:\\\/\\\/memurunsesi.net\\\/index.php\\\/2025\\\/05\\\/04\\\/sokak-kopekleri-cocuga-saldirdi\\\/\",\"name\":\"Sokak k\u00f6pekleri \u00e7ocu\u011fa sald\u0131rd\u0131 - Memurun Sesi\",\"isPartOf\":{\"@id\":\"https:\\\/\\\/memurunsesi.net\\\/#website\"},\"primaryImageOfPage\":{\"@id\":\"https:\\\/\\\/memurunsesi.net\\\/index.php\\\/2025\\\/05\\\/04\\\/sokak-kopekleri-cocuga-saldirdi\\\/#primaryimage\"},\"image\":{\"@id\":\"https:\\\/\\\/memurunsesi.net\\\/index.php\\\/2025\\\/05\\\/04\\\/sokak-kopekleri-cocuga-saldirdi\\\/#primaryimage\"},\"thumbnailUrl\":\"https:\\\/\\\/memurunsesi.net\\\/wp-content\\\/uploads\\\/2025\\\/05\\\/AW447109_01.jpg\",\"datePublished\":\"2025-05-04T18:30:06+00:00\",\"breadcrumb\":{\"@id\":\"https:\\\/\\\/memurunsesi.net\\\/index.php\\\/2025\\\/05\\\/04\\\/sokak-kopekleri-cocuga-saldirdi\\\/#breadcrumb\"},\"inLanguage\":\"tr\",\"potentialAction\":[{\"@type\":\"ReadAction\",\"target\":[\"https:\\\/\\\/memurunsesi.net\\\/index.php\\\/2025\\\/05\\\/04\\\/sokak-kopekleri-cocuga-saldirdi\\\/\"]}]},{\"@type\":\"ImageObject\",\"inLanguage\":\"tr\",\"@id\":\"https:\\\/\\\/memurunsesi.net\\\/index.php\\\/2025\\\/05\\\/04\\\/sokak-kopekleri-cocuga-saldirdi\\\/#primaryimage\",\"url\":\"https:\\\/\\\/memurunsesi.net\\\/wp-content\\\/uploads\\\/2025\\\/05\\\/AW447109_01.jpg\",\"contentUrl\":\"https:\\\/\\\/memurunsesi.net\\\/wp-content\\\/uploads\\\/2025\\\/05\\\/AW447109_01.jpg\",\"width\":1080,\"height\":823,\"caption\":\"ADANA'NIN CEYHAN \u0130L\u00c7ES\u0130NDE SOKAK K\u00d6PEKLER\u0130 B\u0130R \u00c7OCU\u011eA SALDIRDI. (FAT\u0130H KE\u00c7E\\\/ADANA-\u0130HA) Adana'n\u0131n Ceyhan il\u00e7esinde sokak k\u00f6pekleri bir \u00e7ocu\u011fa sald\u0131rd\u0131.\"},{\"@type\":\"BreadcrumbList\",\"@id\":\"https:\\\/\\\/memurunsesi.net\\\/index.php\\\/2025\\\/05\\\/04\\\/sokak-kopekleri-cocuga-saldirdi\\\/#breadcrumb\",\"itemListElement\":[{\"@type\":\"ListItem\",\"position\":1,\"name\":\"Anasayfa\",\"item\":\"https:\\\/\\\/memurunsesi.net\\\/\"},{\"@type\":\"ListItem\",\"position\":2,\"name\":\"Sokak k\u00f6pekleri \u00e7ocu\u011fa sald\u0131rd\u0131\"}]},{\"@type\":\"WebSite\",\"@id\":\"https:\\\/\\\/memurunsesi.net\\\/#website\",\"url\":\"https:\\\/\\\/memurunsesi.net\\\/\",\"name\":\"Memurun Sesi\",\"description\":\"G\u00fcncel ve Do\u011fru Haber\",\"publisher\":{\"@id\":\"https:\\\/\\\/memurunsesi.net\\\/#organization\"},\"potentialAction\":[{\"@type\":\"SearchAction\",\"target\":{\"@type\":\"EntryPoint\",\"urlTemplate\":\"https:\\\/\\\/memurunsesi.net\\\/?s={search_term_string}\"},\"query-input\":{\"@type\":\"PropertyValueSpecification\",\"valueRequired\":true,\"valueName\":\"search_term_string\"}}],\"inLanguage\":\"tr\"},{\"@type\":\"Organization\",\"@id\":\"https:\\\/\\\/memurunsesi.net\\\/#organization\",\"name\":\"Memurun Sesi\",\"url\":\"https:\\\/\\\/memurunsesi.net\\\/\",\"logo\":{\"@type\":\"ImageObject\",\"inLanguage\":\"tr\",\"@id\":\"https:\\\/\\\/memurunsesi.net\\\/#\\\/schema\\\/logo\\\/image\\\/\",\"url\":\"https:\\\/\\\/memurunsesi.net\\\/wp-content\\\/uploads\\\/2025\\\/11\\\/cropped-MEMURUN-SESI.png\",\"contentUrl\":\"https:\\\/\\\/memurunsesi.net\\\/wp-content\\\/uploads\\\/2025\\\/11\\\/cropped-MEMURUN-SESI.png\",\"width\":238,\"height\":57,\"caption\":\"Memurun Sesi\"},\"image\":{\"@id\":\"https:\\\/\\\/memurunsesi.net\\\/#\\\/schema\\\/logo\\\/image\\\/\"},\"sameAs\":[\"https:\\\/\\\/www.facebook.com\\\/unipersen\\\/?locale=tr_TR\",\"https:\\\/\\\/x.com\\\/unipersen\"]},{\"@type\":\"Person\",\"@id\":\"https:\\\/\\\/memurunsesi.net\\\/#\\\/schema\\\/person\\\/f21c2d73b89f6ee1d80b0a1803e38587\",\"name\":\"Memurun Sesi Haber Merkezi\",\"image\":{\"@type\":\"ImageObject\",\"inLanguage\":\"tr\",\"@id\":\"https:\\\/\\\/secure.gravatar.com\\\/avatar\\\/6cf0505f452ee753f485014986fab09a434671d2b919ee76fc541025c5876a70?s=96&d=mm&r=g\",\"url\":\"https:\\\/\\\/secure.gravatar.com\\\/avatar\\\/6cf0505f452ee753f485014986fab09a434671d2b919ee76fc541025c5876a70?s=96&d=mm&r=g\",\"contentUrl\":\"https:\\\/\\\/secure.gravatar.com\\\/avatar\\\/6cf0505f452ee753f485014986fab09a434671d2b919ee76fc541025c5876a70?s=96&d=mm&r=g\",\"caption\":\"Memurun Sesi Haber Merkezi\"},\"sameAs\":[\"https:\\\/\\\/memurunsesi.net\"],\"url\":\"https:\\\/\\\/memurunsesi.net\\\/index.php\\\/author\\\/uniper\\\/\"}]}<\/script>\n<!-- \/ Yoast SEO plugin. -->","yoast_head_json":{"title":"Sokak k\u00f6pekleri \u00e7ocu\u011fa sald\u0131rd\u0131 - Memurun Sesi","robots":{"index":"index","follow":"follow","max-snippet":"max-snippet:-1","max-image-preview":"max-image-preview:large","max-video-preview":"max-video-preview:-1"},"canonical":"https:\/\/memurunsesi.net\/index.php\/2025\/05\/04\/sokak-kopekleri-cocuga-saldirdi\/","og_locale":"tr_TR","og_type":"article","og_title":"Sokak k\u00f6pekleri \u00e7ocu\u011fa sald\u0131rd\u0131 - Memurun Sesi","og_description":"Adana&#8217;n\u0131n Ceyhan il\u00e7esinde sokak k\u00f6pekleri bir \u00e7ocu\u011fa sald\u0131rd\u0131. Olay, 1 May\u0131s saat 17.00 s\u0131ralar\u0131nda Ceyhan il\u00e7esi Ulus Mahallesi&#8217;nde meydana geldi. Sokakta oynayan bir \u00e7ocuk, k\u00f6peklerin \u00fczerine ko\u015fmas\u0131 \u00fczerine yolun kar\u015f\u0131s\u0131na ge\u00e7erek ka\u00e7t\u0131. Korkup ka\u00e7an \u00e7ocu\u011fu fark eden esnaf, tahta sopalarla yard\u0131m\u0131na ko\u015ftu. \u00c7ocu\u011fun \u00fczerine ko\u015fmaya devam eden k\u00f6pekler, esnaf\u0131n m\u00fcdahalesiyle uzakla\u015ft\u0131r\u0131ld\u0131. \u00c7ocu\u011fun, k\u00f6peklerin sald\u0131r\u0131s\u0131ndan son [&hellip;]","og_url":"https:\/\/memurunsesi.net\/index.php\/2025\/05\/04\/sokak-kopekleri-cocuga-saldirdi\/","og_site_name":"Memurun Sesi","article_publisher":"https:\/\/www.facebook.com\/unipersen\/?locale=tr_TR","article_published_time":"2025-05-04T18:30:06+00:00","og_image":[{"width":1080,"height":823,"url":"https:\/\/memurunsesi.net\/wp-content\/uploads\/2025\/05\/AW447109_01.jpg","type":"image\/jpeg"}],"author":"Memurun Sesi Haber Merkezi","twitter_card":"summary_large_image","twitter_creator":"@unipersen","twitter_site":"@unipersen","twitter_misc":{"Yazan:":"Memurun Sesi Haber Merkezi","Tahmini okuma s\u00fcresi":"1 dakika"},"schema":{"@context":"https:\/\/schema.org","@graph":[{"@type":"Article","@id":"https:\/\/memurunsesi.net\/index.php\/2025\/05\/04\/sokak-kopekleri-cocuga-saldirdi\/#article","isPartOf":{"@id":"https:\/\/memurunsesi.net\/index.php\/2025\/05\/04\/sokak-kopekleri-cocuga-saldirdi\/"},"author":{"name":"Memurun Sesi Haber Merkezi","@id":"https:\/\/memurunsesi.net\/#\/schema\/person\/f21c2d73b89f6ee1d80b0a1803e38587"},"headline":"Sokak k\u00f6pekleri \u00e7ocu\u011fa sald\u0131rd\u0131","datePublished":"2025-05-04T18:30:06+00:00","mainEntityOfPage":{"@id":"https:\/\/memurunsesi.net\/index.php\/2025\/05\/04\/sokak-kopekleri-cocuga-saldirdi\/"},"wordCount":108,"commentCount":0,"publisher":{"@id":"https:\/\/memurunsesi.net\/#organization"},"image":{"@id":"https:\/\/memurunsesi.net\/index.php\/2025\/05\/04\/sokak-kopekleri-cocuga-saldirdi\/#primaryimage"},"thumbnailUrl":"https:\/\/memurunsesi.net\/wp-content\/uploads\/2025\/05\/AW447109_01.jpg","inLanguage":"tr","potentialAction":[{"@type":"CommentAction","name":"Comment","target":["https:\/\/memurunsesi.net\/index.php\/2025\/05\/04\/sokak-kopekleri-cocuga-saldirdi\/#respond"]}]},{"@type":"WebPage","@id":"https:\/\/memurunsesi.net\/index.php\/2025\/05\/04\/sokak-kopekleri-cocuga-saldirdi\/","url":"https:\/\/memurunsesi.net\/index.php\/2025\/05\/04\/sokak-kopekleri-cocuga-saldirdi\/","name":"Sokak k\u00f6pekleri \u00e7ocu\u011fa sald\u0131rd\u0131 - Memurun Sesi","isPartOf":{"@id":"https:\/\/memurunsesi.net\/#website"},"primaryImageOfPage":{"@id":"https:\/\/memurunsesi.net\/index.php\/2025\/05\/04\/sokak-kopekleri-cocuga-saldirdi\/#primaryimage"},"image":{"@id":"https:\/\/memurunsesi.net\/index.php\/2025\/05\/04\/sokak-kopekleri-cocuga-saldirdi\/#primaryimage"},"thumbnailUrl":"https:\/\/memurunsesi.net\/wp-content\/uploads\/2025\/05\/AW447109_01.jpg","datePublished":"2025-05-04T18:30:06+00:00","breadcrumb":{"@id":"https:\/\/memurunsesi.net\/index.php\/2025\/05\/04\/sokak-kopekleri-cocuga-saldirdi\/#breadcrumb"},"inLanguage":"tr","potentialAction":[{"@type":"ReadAction","target":["https:\/\/memurunsesi.net\/index.php\/2025\/05\/04\/sokak-kopekleri-cocuga-saldirdi\/"]}]},{"@type":"ImageObject","inLanguage":"tr","@id":"https:\/\/memurunsesi.net\/index.php\/2025\/05\/04\/sokak-kopekleri-cocuga-saldirdi\/#primaryimage","url":"https:\/\/memurunsesi.net\/wp-content\/uploads\/2025\/05\/AW447109_01.jpg","contentUrl":"https:\/\/memurunsesi.net\/wp-content\/uploads\/2025\/05\/AW447109_01.jpg","width":1080,"height":823,"caption":"ADANA'NIN CEYHAN \u0130L\u00c7ES\u0130NDE SOKAK K\u00d6PEKLER\u0130 B\u0130R \u00c7OCU\u011eA SALDIRDI. (FAT\u0130H KE\u00c7E\/ADANA-\u0130HA) Adana'n\u0131n Ceyhan il\u00e7esinde sokak k\u00f6pekleri bir \u00e7ocu\u011fa sald\u0131rd\u0131."},{"@type":"BreadcrumbList","@id":"https:\/\/memurunsesi.net\/index.php\/2025\/05\/04\/sokak-kopekleri-cocuga-saldirdi\/#breadcrumb","itemListElement":[{"@type":"ListItem","position":1,"name":"Anasayfa","item":"https:\/\/memurunsesi.net\/"},{"@type":"ListItem","position":2,"name":"Sokak k\u00f6pekleri \u00e7ocu\u011fa sald\u0131rd\u0131"}]},{"@type":"WebSite","@id":"https:\/\/memurunsesi.net\/#website","url":"https:\/\/memurunsesi.net\/","name":"Memurun Sesi","description":"G\u00fcncel ve Do\u011fru Haber","publisher":{"@id":"https:\/\/memurunsesi.net\/#organization"},"potentialAction":[{"@type":"SearchAction","target":{"@type":"EntryPoint","urlTemplate":"https:\/\/memurunsesi.net\/?s={search_term_string}"},"query-input":{"@type":"PropertyValueSpecification","valueRequired":true,"valueName":"search_term_string"}}],"inLanguage":"tr"},{"@type":"Organization","@id":"https:\/\/memurunsesi.net\/#organization","name":"Memurun Sesi","url":"https:\/\/memurunsesi.net\/","logo":{"@type":"ImageObject","inLanguage":"tr","@id":"https:\/\/memurunsesi.net\/#\/schema\/logo\/image\/","url":"https:\/\/memurunsesi.net\/wp-content\/uploads\/2025\/11\/cropped-MEMURUN-SESI.png","contentUrl":"https:\/\/memurunsesi.net\/wp-content\/uploads\/2025\/11\/cropped-MEMURUN-SESI.png","width":238,"height":57,"caption":"Memurun Sesi"},"image":{"@id":"https:\/\/memurunsesi.net\/#\/schema\/logo\/image\/"},"sameAs":["https:\/\/www.facebook.com\/unipersen\/?locale=tr_TR","https:\/\/x.com\/unipersen"]},{"@type":"Person","@id":"https:\/\/memurunsesi.net\/#\/schema\/person\/f21c2d73b89f6ee1d80b0a1803e38587","name":"Memurun Sesi Haber Merkezi","image":{"@type":"ImageObject","inLanguage":"tr","@id":"https:\/\/secure.gravatar.com\/avatar\/6cf0505f452ee753f485014986fab09a434671d2b919ee76fc541025c5876a70?s=96&d=mm&r=g","url":"https:\/\/secure.gravatar.com\/avatar\/6cf0505f452ee753f485014986fab09a434671d2b919ee76fc541025c5876a70?s=96&d=mm&r=g","contentUrl":"https:\/\/secure.gravatar.com\/avatar\/6cf0505f452ee753f485014986fab09a434671d2b919ee76fc541025c5876a70?s=96&d=mm&r=g","caption":"Memurun Sesi Haber Merkezi"},"sameAs":["https:\/\/memurunsesi.net"],"url":"https:\/\/memurunsesi.net\/index.php\/author\/uniper\/"}]}},"_links":{"self":[{"href":"https:\/\/memurunsesi.net\/index.php\/wp-json\/wp\/v2\/posts\/6534","targetHints":{"allow":["GET"]}}],"collection":[{"href":"https:\/\/memurunsesi.net\/index.php\/wp-json\/wp\/v2\/posts"}],"about":[{"href":"https:\/\/memurunsesi.net\/index.php\/wp-json\/wp\/v2\/types\/post"}],"author":[{"embeddable":true,"href":"https:\/\/memurunsesi.net\/index.php\/wp-json\/wp\/v2\/users\/1"}],"replies":[{"embeddable":true,"href":"https:\/\/memurunsesi.net\/index.php\/wp-json\/wp\/v2\/comments?post=6534"}],"version-history":[{"count":1,"href":"https:\/\/memurunsesi.net\/index.php\/wp-json\/wp\/v2\/posts\/6534\/revisions"}],"predecessor-version":[{"id":6536,"href":"https:\/\/memurunsesi.net\/index.php\/wp-json\/wp\/v2\/posts\/6534\/revisions\/6536"}],"wp:featuredmedia":[{"embeddable":true,"href":"https:\/\/memurunsesi.net\/index.php\/wp-json\/wp\/v2\/media\/6535"}],"wp:attachment":[{"href":"https:\/\/memurunsesi.net\/index.php\/wp-json\/wp\/v2\/media?parent=6534"}],"wp:term":[{"taxonomy":"category","embeddable":true,"href":"https:\/\/memurunsesi.net\/index.php\/wp-json\/wp\/v2\/categories?post=6534"},{"taxonomy":"post_tag","embeddable":true,"href":"https:\/\/memurunsesi.net\/index.php\/wp-json\/wp\/v2\/tags?post=6534"}],"curies":[{"name":"wp","href":"https:\/\/api.w.org\/{rel}","templated":true}]}}