{"id":6537,"date":"2025-05-04T21:32:03","date_gmt":"2025-05-04T18:32:03","guid":{"rendered":"https:\/\/memurunsesi.net\/?p=6537"},"modified":"2025-05-04T21:32:03","modified_gmt":"2025-05-04T18:32:03","slug":"yolun-karsisina-gecen-kadina-carpip-kacti-kaza-ani-kamerada","status":"publish","type":"post","link":"https:\/\/memurunsesi.net\/index.php\/2025\/05\/04\/yolun-karsisina-gecen-kadina-carpip-kacti-kaza-ani-kamerada\/","title":{"rendered":"Yolun kar\u015f\u0131s\u0131na ge\u00e7en kad\u0131na \u00e7arp\u0131p ka\u00e7t\u0131: Kaza an\u0131 kamerada"},"content":{"rendered":"<p> Adana&#8217;da yolun kar\u015f\u0131s\u0131na ge\u00e7erken hafif ticari arac\u0131n \u00e7arpt\u0131\u011f\u0131 kad\u0131n yaraland\u0131. S\u00fcr\u00fcc\u00fc olay yerinden ka\u00e7arken, kaza an\u0131 ba\u015fka bir arac\u0131n kameras\u0131na yans\u0131d\u0131.<br \/>\n  Kaza, d\u00fcn saat 10.00 s\u0131ralar\u0131nda Y\u00fcre\u011fir il\u00e7esi Girne Bulvar\u0131&#8217;nda meydana geldi. Plakas\u0131 ve s\u00fcr\u00fcc\u00fcs\u00fc belirlenemeyen hafif ticari ara\u00e7, yolun kar\u015f\u0131s\u0131na ge\u00e7mek isteyen kad\u0131na \u00e7arpt\u0131. Ba\u015fka bir arac\u0131n kameras\u0131na yans\u0131yan kaza sonras\u0131 s\u00fcr\u00fcc\u00fc ka\u00e7t\u0131. \u00c7evredekilerin ihbar\u0131yla kaza yerine sa\u011fl\u0131k ve polis ekibi sevk edildi. \u0130lk m\u00fcdahalesi yap\u0131lan yaral\u0131 kad\u0131n, ambulansla Y\u00fcre\u011fir Devlet Hastanesi&#8217;ne kald\u0131r\u0131ld\u0131.<br \/>\n  Polis, ka\u00e7an s\u00fcr\u00fcc\u00fcn\u00fcn yakalanmas\u0131 i\u00e7in \u00e7al\u0131\u015fma ba\u015flatt\u0131. <\/p>\n<p>4.05.2025 <div style=\"width: 512px;\" class=\"wp-video\"><video class=\"wp-video-shortcode\" id=\"video-6537-1\" width=\"512\" height=\"288\" preload=\"metadata\" controls=\"controls\"><source type=\"video\/mp4\" src=\"https:\/\/memurunsesi.net\/wp-content\/uploads\/2025\/05\/492A4FAF-5894-4C75-A580-E1CAFFF51F05.mp4?_=1\" \/><a href=\"https:\/\/memurunsesi.net\/wp-content\/uploads\/2025\/05\/492A4FAF-5894-4C75-A580-E1CAFFF51F05.mp4\">https:\/\/memurunsesi.net\/wp-content\/uploads\/2025\/05\/492A4FAF-5894-4C75-A580-E1CAFFF51F05.mp4<\/a><\/video><\/div>                             <\/p>\n","protected":false},"excerpt":{"rendered":"<p>Adana&#8217;da yolun kar\u015f\u0131s\u0131na ge\u00e7erken hafif ticari arac\u0131n \u00e7arpt\u0131\u011f\u0131 kad\u0131n yaraland\u0131. S\u00fcr\u00fcc\u00fc olay yerinden ka\u00e7arken, kaza an\u0131 ba\u015fka bir arac\u0131n kameras\u0131na yans\u0131d\u0131. Kaza, d\u00fcn saat 10.00 s\u0131ralar\u0131nda Y\u00fcre\u011fir il\u00e7esi Girne Bulvar\u0131&#8217;nda meydana geldi. Plakas\u0131 ve s\u00fcr\u00fcc\u00fcs\u00fc belirlenemeyen hafif ticari ara\u00e7, yolun kar\u015f\u0131s\u0131na ge\u00e7mek isteyen kad\u0131na \u00e7arpt\u0131. Ba\u015fka bir arac\u0131n kameras\u0131na yans\u0131yan kaza sonras\u0131 s\u00fcr\u00fcc\u00fc ka\u00e7t\u0131. \u00c7evredekilerin [&hellip;]<\/p>\n","protected":false},"author":1,"featured_media":6539,"comment_status":"open","ping_status":"open","sticky":false,"template":"","format":"standard","meta":{"footnotes":""},"categories":[1],"tags":[],"class_list":["post-6537","post","type-post","status-publish","format-standard","has-post-thumbnail","hentry","category-genel"],"yoast_head":"<!-- This site is optimized with the Yoast SEO plugin v27.4 - https:\/\/yoast.com\/product\/yoast-seo-wordpress\/ -->\n<title>Yolun kar\u015f\u0131s\u0131na ge\u00e7en kad\u0131na \u00e7arp\u0131p ka\u00e7t\u0131: Kaza an\u0131 kamerada - Memurun Sesi<\/title>\n<meta name=\"robots\" content=\"index, follow, max-snippet:-1, max-image-preview:large, max-video-preview:-1\" \/>\n<link rel=\"canonical\" href=\"https:\/\/memurunsesi.net\/index.php\/2025\/05\/04\/yolun-karsisina-gecen-kadina-carpip-kacti-kaza-ani-kamerada\/\" \/>\n<meta property=\"og:locale\" content=\"tr_TR\" \/>\n<meta property=\"og:type\" content=\"article\" \/>\n<meta property=\"og:title\" content=\"Yolun kar\u015f\u0131s\u0131na ge\u00e7en kad\u0131na \u00e7arp\u0131p ka\u00e7t\u0131: Kaza an\u0131 kamerada - Memurun Sesi\" \/>\n<meta property=\"og:description\" content=\"Adana&#8217;da yolun kar\u015f\u0131s\u0131na ge\u00e7erken hafif ticari arac\u0131n \u00e7arpt\u0131\u011f\u0131 kad\u0131n yaraland\u0131. S\u00fcr\u00fcc\u00fc olay yerinden ka\u00e7arken, kaza an\u0131 ba\u015fka bir arac\u0131n kameras\u0131na yans\u0131d\u0131. Kaza, d\u00fcn saat 10.00 s\u0131ralar\u0131nda Y\u00fcre\u011fir il\u00e7esi Girne Bulvar\u0131&#8217;nda meydana geldi. Plakas\u0131 ve s\u00fcr\u00fcc\u00fcs\u00fc belirlenemeyen hafif ticari ara\u00e7, yolun kar\u015f\u0131s\u0131na ge\u00e7mek isteyen kad\u0131na \u00e7arpt\u0131. Ba\u015fka bir arac\u0131n kameras\u0131na yans\u0131yan kaza sonras\u0131 s\u00fcr\u00fcc\u00fc ka\u00e7t\u0131. \u00c7evredekilerin [&hellip;]\" \/>\n<meta property=\"og:url\" content=\"https:\/\/memurunsesi.net\/index.php\/2025\/05\/04\/yolun-karsisina-gecen-kadina-carpip-kacti-kaza-ani-kamerada\/\" \/>\n<meta property=\"og:site_name\" content=\"Memurun Sesi\" \/>\n<meta property=\"article:publisher\" content=\"https:\/\/www.facebook.com\/unipersen\/?locale=tr_TR\" \/>\n<meta property=\"article:published_time\" content=\"2025-05-04T18:32:03+00:00\" \/>\n<meta property=\"og:image\" content=\"https:\/\/memurunsesi.net\/wp-content\/uploads\/2025\/05\/AW447087_01.jpg\" \/>\n\t<meta property=\"og:image:width\" content=\"1080\" \/>\n\t<meta property=\"og:image:height\" content=\"434\" \/>\n\t<meta property=\"og:image:type\" content=\"image\/jpeg\" \/>\n<meta name=\"author\" content=\"Memurun Sesi Haber Merkezi\" \/>\n<meta name=\"twitter:card\" content=\"summary_large_image\" \/>\n<meta name=\"twitter:creator\" content=\"@unipersen\" \/>\n<meta name=\"twitter:site\" content=\"@unipersen\" \/>\n<meta name=\"twitter:label1\" content=\"Yazan:\" \/>\n\t<meta name=\"twitter:data1\" content=\"Memurun Sesi Haber Merkezi\" \/>\n\t<meta name=\"twitter:label2\" content=\"Tahmini okuma s\u00fcresi\" \/>\n\t<meta name=\"twitter:data2\" content=\"1 dakika\" \/>\n<script type=\"application\/ld+json\" class=\"yoast-schema-graph\">{\"@context\":\"https:\\\/\\\/schema.org\",\"@graph\":[{\"@type\":\"Article\",\"@id\":\"https:\\\/\\\/memurunsesi.net\\\/index.php\\\/2025\\\/05\\\/04\\\/yolun-karsisina-gecen-kadina-carpip-kacti-kaza-ani-kamerada\\\/#article\",\"isPartOf\":{\"@id\":\"https:\\\/\\\/memurunsesi.net\\\/index.php\\\/2025\\\/05\\\/04\\\/yolun-karsisina-gecen-kadina-carpip-kacti-kaza-ani-kamerada\\\/\"},\"author\":{\"name\":\"Memurun Sesi Haber Merkezi\",\"@id\":\"https:\\\/\\\/memurunsesi.net\\\/#\\\/schema\\\/person\\\/f21c2d73b89f6ee1d80b0a1803e38587\"},\"headline\":\"Yolun kar\u015f\u0131s\u0131na ge\u00e7en kad\u0131na \u00e7arp\u0131p ka\u00e7t\u0131: Kaza an\u0131 kamerada\",\"datePublished\":\"2025-05-04T18:32:03+00:00\",\"mainEntityOfPage\":{\"@id\":\"https:\\\/\\\/memurunsesi.net\\\/index.php\\\/2025\\\/05\\\/04\\\/yolun-karsisina-gecen-kadina-carpip-kacti-kaza-ani-kamerada\\\/\"},\"wordCount\":167,\"commentCount\":0,\"publisher\":{\"@id\":\"https:\\\/\\\/memurunsesi.net\\\/#organization\"},\"image\":{\"@id\":\"https:\\\/\\\/memurunsesi.net\\\/index.php\\\/2025\\\/05\\\/04\\\/yolun-karsisina-gecen-kadina-carpip-kacti-kaza-ani-kamerada\\\/#primaryimage\"},\"thumbnailUrl\":\"https:\\\/\\\/memurunsesi.net\\\/wp-content\\\/uploads\\\/2025\\\/05\\\/AW447087_01.jpg\",\"inLanguage\":\"tr\",\"potentialAction\":[{\"@type\":\"CommentAction\",\"name\":\"Comment\",\"target\":[\"https:\\\/\\\/memurunsesi.net\\\/index.php\\\/2025\\\/05\\\/04\\\/yolun-karsisina-gecen-kadina-carpip-kacti-kaza-ani-kamerada\\\/#respond\"]}]},{\"@type\":\"WebPage\",\"@id\":\"https:\\\/\\\/memurunsesi.net\\\/index.php\\\/2025\\\/05\\\/04\\\/yolun-karsisina-gecen-kadina-carpip-kacti-kaza-ani-kamerada\\\/\",\"url\":\"https:\\\/\\\/memurunsesi.net\\\/index.php\\\/2025\\\/05\\\/04\\\/yolun-karsisina-gecen-kadina-carpip-kacti-kaza-ani-kamerada\\\/\",\"name\":\"Yolun kar\u015f\u0131s\u0131na ge\u00e7en kad\u0131na \u00e7arp\u0131p ka\u00e7t\u0131: Kaza an\u0131 kamerada - Memurun Sesi\",\"isPartOf\":{\"@id\":\"https:\\\/\\\/memurunsesi.net\\\/#website\"},\"primaryImageOfPage\":{\"@id\":\"https:\\\/\\\/memurunsesi.net\\\/index.php\\\/2025\\\/05\\\/04\\\/yolun-karsisina-gecen-kadina-carpip-kacti-kaza-ani-kamerada\\\/#primaryimage\"},\"image\":{\"@id\":\"https:\\\/\\\/memurunsesi.net\\\/index.php\\\/2025\\\/05\\\/04\\\/yolun-karsisina-gecen-kadina-carpip-kacti-kaza-ani-kamerada\\\/#primaryimage\"},\"thumbnailUrl\":\"https:\\\/\\\/memurunsesi.net\\\/wp-content\\\/uploads\\\/2025\\\/05\\\/AW447087_01.jpg\",\"datePublished\":\"2025-05-04T18:32:03+00:00\",\"breadcrumb\":{\"@id\":\"https:\\\/\\\/memurunsesi.net\\\/index.php\\\/2025\\\/05\\\/04\\\/yolun-karsisina-gecen-kadina-carpip-kacti-kaza-ani-kamerada\\\/#breadcrumb\"},\"inLanguage\":\"tr\",\"potentialAction\":[{\"@type\":\"ReadAction\",\"target\":[\"https:\\\/\\\/memurunsesi.net\\\/index.php\\\/2025\\\/05\\\/04\\\/yolun-karsisina-gecen-kadina-carpip-kacti-kaza-ani-kamerada\\\/\"]}]},{\"@type\":\"ImageObject\",\"inLanguage\":\"tr\",\"@id\":\"https:\\\/\\\/memurunsesi.net\\\/index.php\\\/2025\\\/05\\\/04\\\/yolun-karsisina-gecen-kadina-carpip-kacti-kaza-ani-kamerada\\\/#primaryimage\",\"url\":\"https:\\\/\\\/memurunsesi.net\\\/wp-content\\\/uploads\\\/2025\\\/05\\\/AW447087_01.jpg\",\"contentUrl\":\"https:\\\/\\\/memurunsesi.net\\\/wp-content\\\/uploads\\\/2025\\\/05\\\/AW447087_01.jpg\",\"width\":1080,\"height\":434,\"caption\":\"ADANA'DA YOLUN KAR\u015eISINA GE\u00c7ERKEN HAF\u0130F T\u0130CAR\u0130 ARACIN \u00c7ARPTI\u011eI KADIN YARALANDI. S\u00dcR\u00dcC\u00dc OLAY YER\u0130NDEN KA\u00c7ARKEN, KAZA ANI BA\u015eKA B\u0130R ARACIN KAMERASINA YANSIDI. (FAT\u0130H KE\u00c7E\\\/ADANA-\u0130HA) Adana'da yolun kar\u015f\u0131s\u0131na ge\u00e7erken hafif ticari arac\u0131n \u00e7arpt\u0131\u011f\u0131 kad\u0131n yaraland\u0131. S\u00fcr\u00fcc\u00fc olay yerinden ka\u00e7arken, kaza an\u0131 ba\u015fka bir arac\u0131n kameras\u0131na yans\u0131d\u0131.\"},{\"@type\":\"BreadcrumbList\",\"@id\":\"https:\\\/\\\/memurunsesi.net\\\/index.php\\\/2025\\\/05\\\/04\\\/yolun-karsisina-gecen-kadina-carpip-kacti-kaza-ani-kamerada\\\/#breadcrumb\",\"itemListElement\":[{\"@type\":\"ListItem\",\"position\":1,\"name\":\"Anasayfa\",\"item\":\"https:\\\/\\\/memurunsesi.net\\\/\"},{\"@type\":\"ListItem\",\"position\":2,\"name\":\"Yolun kar\u015f\u0131s\u0131na ge\u00e7en kad\u0131na \u00e7arp\u0131p ka\u00e7t\u0131: Kaza an\u0131 kamerada\"}]},{\"@type\":\"WebSite\",\"@id\":\"https:\\\/\\\/memurunsesi.net\\\/#website\",\"url\":\"https:\\\/\\\/memurunsesi.net\\\/\",\"name\":\"Memurun Sesi\",\"description\":\"G\u00fcncel ve Do\u011fru Haber\",\"publisher\":{\"@id\":\"https:\\\/\\\/memurunsesi.net\\\/#organization\"},\"potentialAction\":[{\"@type\":\"SearchAction\",\"target\":{\"@type\":\"EntryPoint\",\"urlTemplate\":\"https:\\\/\\\/memurunsesi.net\\\/?s={search_term_string}\"},\"query-input\":{\"@type\":\"PropertyValueSpecification\",\"valueRequired\":true,\"valueName\":\"search_term_string\"}}],\"inLanguage\":\"tr\"},{\"@type\":\"Organization\",\"@id\":\"https:\\\/\\\/memurunsesi.net\\\/#organization\",\"name\":\"Memurun Sesi\",\"url\":\"https:\\\/\\\/memurunsesi.net\\\/\",\"logo\":{\"@type\":\"ImageObject\",\"inLanguage\":\"tr\",\"@id\":\"https:\\\/\\\/memurunsesi.net\\\/#\\\/schema\\\/logo\\\/image\\\/\",\"url\":\"https:\\\/\\\/memurunsesi.net\\\/wp-content\\\/uploads\\\/2025\\\/11\\\/cropped-MEMURUN-SESI.png\",\"contentUrl\":\"https:\\\/\\\/memurunsesi.net\\\/wp-content\\\/uploads\\\/2025\\\/11\\\/cropped-MEMURUN-SESI.png\",\"width\":238,\"height\":57,\"caption\":\"Memurun Sesi\"},\"image\":{\"@id\":\"https:\\\/\\\/memurunsesi.net\\\/#\\\/schema\\\/logo\\\/image\\\/\"},\"sameAs\":[\"https:\\\/\\\/www.facebook.com\\\/unipersen\\\/?locale=tr_TR\",\"https:\\\/\\\/x.com\\\/unipersen\"]},{\"@type\":\"Person\",\"@id\":\"https:\\\/\\\/memurunsesi.net\\\/#\\\/schema\\\/person\\\/f21c2d73b89f6ee1d80b0a1803e38587\",\"name\":\"Memurun Sesi Haber Merkezi\",\"image\":{\"@type\":\"ImageObject\",\"inLanguage\":\"tr\",\"@id\":\"https:\\\/\\\/secure.gravatar.com\\\/avatar\\\/6cf0505f452ee753f485014986fab09a434671d2b919ee76fc541025c5876a70?s=96&d=mm&r=g\",\"url\":\"https:\\\/\\\/secure.gravatar.com\\\/avatar\\\/6cf0505f452ee753f485014986fab09a434671d2b919ee76fc541025c5876a70?s=96&d=mm&r=g\",\"contentUrl\":\"https:\\\/\\\/secure.gravatar.com\\\/avatar\\\/6cf0505f452ee753f485014986fab09a434671d2b919ee76fc541025c5876a70?s=96&d=mm&r=g\",\"caption\":\"Memurun Sesi Haber Merkezi\"},\"sameAs\":[\"https:\\\/\\\/memurunsesi.net\"],\"url\":\"https:\\\/\\\/memurunsesi.net\\\/index.php\\\/author\\\/uniper\\\/\"}]}<\/script>\n<!-- \/ Yoast SEO plugin. -->","yoast_head_json":{"title":"Yolun kar\u015f\u0131s\u0131na ge\u00e7en kad\u0131na \u00e7arp\u0131p ka\u00e7t\u0131: Kaza an\u0131 kamerada - Memurun Sesi","robots":{"index":"index","follow":"follow","max-snippet":"max-snippet:-1","max-image-preview":"max-image-preview:large","max-video-preview":"max-video-preview:-1"},"canonical":"https:\/\/memurunsesi.net\/index.php\/2025\/05\/04\/yolun-karsisina-gecen-kadina-carpip-kacti-kaza-ani-kamerada\/","og_locale":"tr_TR","og_type":"article","og_title":"Yolun kar\u015f\u0131s\u0131na ge\u00e7en kad\u0131na \u00e7arp\u0131p ka\u00e7t\u0131: Kaza an\u0131 kamerada - Memurun Sesi","og_description":"Adana&#8217;da yolun kar\u015f\u0131s\u0131na ge\u00e7erken hafif ticari arac\u0131n \u00e7arpt\u0131\u011f\u0131 kad\u0131n yaraland\u0131. S\u00fcr\u00fcc\u00fc olay yerinden ka\u00e7arken, kaza an\u0131 ba\u015fka bir arac\u0131n kameras\u0131na yans\u0131d\u0131. Kaza, d\u00fcn saat 10.00 s\u0131ralar\u0131nda Y\u00fcre\u011fir il\u00e7esi Girne Bulvar\u0131&#8217;nda meydana geldi. Plakas\u0131 ve s\u00fcr\u00fcc\u00fcs\u00fc belirlenemeyen hafif ticari ara\u00e7, yolun kar\u015f\u0131s\u0131na ge\u00e7mek isteyen kad\u0131na \u00e7arpt\u0131. Ba\u015fka bir arac\u0131n kameras\u0131na yans\u0131yan kaza sonras\u0131 s\u00fcr\u00fcc\u00fc ka\u00e7t\u0131. \u00c7evredekilerin [&hellip;]","og_url":"https:\/\/memurunsesi.net\/index.php\/2025\/05\/04\/yolun-karsisina-gecen-kadina-carpip-kacti-kaza-ani-kamerada\/","og_site_name":"Memurun Sesi","article_publisher":"https:\/\/www.facebook.com\/unipersen\/?locale=tr_TR","article_published_time":"2025-05-04T18:32:03+00:00","og_image":[{"width":1080,"height":434,"url":"https:\/\/memurunsesi.net\/wp-content\/uploads\/2025\/05\/AW447087_01.jpg","type":"image\/jpeg"}],"author":"Memurun Sesi Haber Merkezi","twitter_card":"summary_large_image","twitter_creator":"@unipersen","twitter_site":"@unipersen","twitter_misc":{"Yazan:":"Memurun Sesi Haber Merkezi","Tahmini okuma s\u00fcresi":"1 dakika"},"schema":{"@context":"https:\/\/schema.org","@graph":[{"@type":"Article","@id":"https:\/\/memurunsesi.net\/index.php\/2025\/05\/04\/yolun-karsisina-gecen-kadina-carpip-kacti-kaza-ani-kamerada\/#article","isPartOf":{"@id":"https:\/\/memurunsesi.net\/index.php\/2025\/05\/04\/yolun-karsisina-gecen-kadina-carpip-kacti-kaza-ani-kamerada\/"},"author":{"name":"Memurun Sesi Haber Merkezi","@id":"https:\/\/memurunsesi.net\/#\/schema\/person\/f21c2d73b89f6ee1d80b0a1803e38587"},"headline":"Yolun kar\u015f\u0131s\u0131na ge\u00e7en kad\u0131na \u00e7arp\u0131p ka\u00e7t\u0131: Kaza an\u0131 kamerada","datePublished":"2025-05-04T18:32:03+00:00","mainEntityOfPage":{"@id":"https:\/\/memurunsesi.net\/index.php\/2025\/05\/04\/yolun-karsisina-gecen-kadina-carpip-kacti-kaza-ani-kamerada\/"},"wordCount":167,"commentCount":0,"publisher":{"@id":"https:\/\/memurunsesi.net\/#organization"},"image":{"@id":"https:\/\/memurunsesi.net\/index.php\/2025\/05\/04\/yolun-karsisina-gecen-kadina-carpip-kacti-kaza-ani-kamerada\/#primaryimage"},"thumbnailUrl":"https:\/\/memurunsesi.net\/wp-content\/uploads\/2025\/05\/AW447087_01.jpg","inLanguage":"tr","potentialAction":[{"@type":"CommentAction","name":"Comment","target":["https:\/\/memurunsesi.net\/index.php\/2025\/05\/04\/yolun-karsisina-gecen-kadina-carpip-kacti-kaza-ani-kamerada\/#respond"]}]},{"@type":"WebPage","@id":"https:\/\/memurunsesi.net\/index.php\/2025\/05\/04\/yolun-karsisina-gecen-kadina-carpip-kacti-kaza-ani-kamerada\/","url":"https:\/\/memurunsesi.net\/index.php\/2025\/05\/04\/yolun-karsisina-gecen-kadina-carpip-kacti-kaza-ani-kamerada\/","name":"Yolun kar\u015f\u0131s\u0131na ge\u00e7en kad\u0131na \u00e7arp\u0131p ka\u00e7t\u0131: Kaza an\u0131 kamerada - Memurun Sesi","isPartOf":{"@id":"https:\/\/memurunsesi.net\/#website"},"primaryImageOfPage":{"@id":"https:\/\/memurunsesi.net\/index.php\/2025\/05\/04\/yolun-karsisina-gecen-kadina-carpip-kacti-kaza-ani-kamerada\/#primaryimage"},"image":{"@id":"https:\/\/memurunsesi.net\/index.php\/2025\/05\/04\/yolun-karsisina-gecen-kadina-carpip-kacti-kaza-ani-kamerada\/#primaryimage"},"thumbnailUrl":"https:\/\/memurunsesi.net\/wp-content\/uploads\/2025\/05\/AW447087_01.jpg","datePublished":"2025-05-04T18:32:03+00:00","breadcrumb":{"@id":"https:\/\/memurunsesi.net\/index.php\/2025\/05\/04\/yolun-karsisina-gecen-kadina-carpip-kacti-kaza-ani-kamerada\/#breadcrumb"},"inLanguage":"tr","potentialAction":[{"@type":"ReadAction","target":["https:\/\/memurunsesi.net\/index.php\/2025\/05\/04\/yolun-karsisina-gecen-kadina-carpip-kacti-kaza-ani-kamerada\/"]}]},{"@type":"ImageObject","inLanguage":"tr","@id":"https:\/\/memurunsesi.net\/index.php\/2025\/05\/04\/yolun-karsisina-gecen-kadina-carpip-kacti-kaza-ani-kamerada\/#primaryimage","url":"https:\/\/memurunsesi.net\/wp-content\/uploads\/2025\/05\/AW447087_01.jpg","contentUrl":"https:\/\/memurunsesi.net\/wp-content\/uploads\/2025\/05\/AW447087_01.jpg","width":1080,"height":434,"caption":"ADANA'DA YOLUN KAR\u015eISINA GE\u00c7ERKEN HAF\u0130F T\u0130CAR\u0130 ARACIN \u00c7ARPTI\u011eI KADIN YARALANDI. S\u00dcR\u00dcC\u00dc OLAY YER\u0130NDEN KA\u00c7ARKEN, KAZA ANI BA\u015eKA B\u0130R ARACIN KAMERASINA YANSIDI. (FAT\u0130H KE\u00c7E\/ADANA-\u0130HA) Adana'da yolun kar\u015f\u0131s\u0131na ge\u00e7erken hafif ticari arac\u0131n \u00e7arpt\u0131\u011f\u0131 kad\u0131n yaraland\u0131. S\u00fcr\u00fcc\u00fc olay yerinden ka\u00e7arken, kaza an\u0131 ba\u015fka bir arac\u0131n kameras\u0131na yans\u0131d\u0131."},{"@type":"BreadcrumbList","@id":"https:\/\/memurunsesi.net\/index.php\/2025\/05\/04\/yolun-karsisina-gecen-kadina-carpip-kacti-kaza-ani-kamerada\/#breadcrumb","itemListElement":[{"@type":"ListItem","position":1,"name":"Anasayfa","item":"https:\/\/memurunsesi.net\/"},{"@type":"ListItem","position":2,"name":"Yolun kar\u015f\u0131s\u0131na ge\u00e7en kad\u0131na \u00e7arp\u0131p ka\u00e7t\u0131: Kaza an\u0131 kamerada"}]},{"@type":"WebSite","@id":"https:\/\/memurunsesi.net\/#website","url":"https:\/\/memurunsesi.net\/","name":"Memurun Sesi","description":"G\u00fcncel ve Do\u011fru Haber","publisher":{"@id":"https:\/\/memurunsesi.net\/#organization"},"potentialAction":[{"@type":"SearchAction","target":{"@type":"EntryPoint","urlTemplate":"https:\/\/memurunsesi.net\/?s={search_term_string}"},"query-input":{"@type":"PropertyValueSpecification","valueRequired":true,"valueName":"search_term_string"}}],"inLanguage":"tr"},{"@type":"Organization","@id":"https:\/\/memurunsesi.net\/#organization","name":"Memurun Sesi","url":"https:\/\/memurunsesi.net\/","logo":{"@type":"ImageObject","inLanguage":"tr","@id":"https:\/\/memurunsesi.net\/#\/schema\/logo\/image\/","url":"https:\/\/memurunsesi.net\/wp-content\/uploads\/2025\/11\/cropped-MEMURUN-SESI.png","contentUrl":"https:\/\/memurunsesi.net\/wp-content\/uploads\/2025\/11\/cropped-MEMURUN-SESI.png","width":238,"height":57,"caption":"Memurun Sesi"},"image":{"@id":"https:\/\/memurunsesi.net\/#\/schema\/logo\/image\/"},"sameAs":["https:\/\/www.facebook.com\/unipersen\/?locale=tr_TR","https:\/\/x.com\/unipersen"]},{"@type":"Person","@id":"https:\/\/memurunsesi.net\/#\/schema\/person\/f21c2d73b89f6ee1d80b0a1803e38587","name":"Memurun Sesi Haber Merkezi","image":{"@type":"ImageObject","inLanguage":"tr","@id":"https:\/\/secure.gravatar.com\/avatar\/6cf0505f452ee753f485014986fab09a434671d2b919ee76fc541025c5876a70?s=96&d=mm&r=g","url":"https:\/\/secure.gravatar.com\/avatar\/6cf0505f452ee753f485014986fab09a434671d2b919ee76fc541025c5876a70?s=96&d=mm&r=g","contentUrl":"https:\/\/secure.gravatar.com\/avatar\/6cf0505f452ee753f485014986fab09a434671d2b919ee76fc541025c5876a70?s=96&d=mm&r=g","caption":"Memurun Sesi Haber Merkezi"},"sameAs":["https:\/\/memurunsesi.net"],"url":"https:\/\/memurunsesi.net\/index.php\/author\/uniper\/"}]}},"_links":{"self":[{"href":"https:\/\/memurunsesi.net\/index.php\/wp-json\/wp\/v2\/posts\/6537","targetHints":{"allow":["GET"]}}],"collection":[{"href":"https:\/\/memurunsesi.net\/index.php\/wp-json\/wp\/v2\/posts"}],"about":[{"href":"https:\/\/memurunsesi.net\/index.php\/wp-json\/wp\/v2\/types\/post"}],"author":[{"embeddable":true,"href":"https:\/\/memurunsesi.net\/index.php\/wp-json\/wp\/v2\/users\/1"}],"replies":[{"embeddable":true,"href":"https:\/\/memurunsesi.net\/index.php\/wp-json\/wp\/v2\/comments?post=6537"}],"version-history":[{"count":1,"href":"https:\/\/memurunsesi.net\/index.php\/wp-json\/wp\/v2\/posts\/6537\/revisions"}],"predecessor-version":[{"id":6540,"href":"https:\/\/memurunsesi.net\/index.php\/wp-json\/wp\/v2\/posts\/6537\/revisions\/6540"}],"wp:featuredmedia":[{"embeddable":true,"href":"https:\/\/memurunsesi.net\/index.php\/wp-json\/wp\/v2\/media\/6539"}],"wp:attachment":[{"href":"https:\/\/memurunsesi.net\/index.php\/wp-json\/wp\/v2\/media?parent=6537"}],"wp:term":[{"taxonomy":"category","embeddable":true,"href":"https:\/\/memurunsesi.net\/index.php\/wp-json\/wp\/v2\/categories?post=6537"},{"taxonomy":"post_tag","embeddable":true,"href":"https:\/\/memurunsesi.net\/index.php\/wp-json\/wp\/v2\/tags?post=6537"}],"curies":[{"name":"wp","href":"https:\/\/api.w.org\/{rel}","templated":true}]}}