{"id":6541,"date":"2025-05-04T21:33:29","date_gmt":"2025-05-04T18:33:29","guid":{"rendered":"https:\/\/memurunsesi.net\/?p=6541"},"modified":"2025-05-04T21:33:29","modified_gmt":"2025-05-04T18:33:29","slug":"izmirde-belediye-otobusu-alev-alev-yandi-yolcular-tahliye-edildi","status":"publish","type":"post","link":"https:\/\/memurunsesi.net\/index.php\/2025\/05\/04\/izmirde-belediye-otobusu-alev-alev-yandi-yolcular-tahliye-edildi\/","title":{"rendered":"\u0130zmir\u2019de belediye otob\u00fcs\u00fc alev alev yand\u0131: Yolcular tahliye edildi"},"content":{"rendered":"<p> \u0130zmir\u2019in Bergama il\u00e7esinde sefer yapan bir belediye otob\u00fcs\u00fcnde yang\u0131n \u00e7\u0131kt\u0131. Yang\u0131nda yolcular tahliye edilirken, otob\u00fcs kullan\u0131lamaz hale geldi.<br \/>\n  Olay, saat 16.30 s\u0131ralar\u0131nda E-87 Devlet Karayolu \u00c7anakkale-\u0130zmir y\u00f6n\u00fc Kaz\u0131kba\u011flar\u0131 mevkiinde meydana geldi. 835 numaral\u0131 Bergama-Alia\u011fa seferini yapan belediye otob\u00fcs\u00fcn\u00fcn motor b\u00f6l\u00fcm\u00fcnden dumanlar y\u00fckselmeye ba\u015flad\u0131. Durumu fark eden s\u00fcr\u00fcc\u00fc, arac\u0131 durdurarak yolcular\u0131 tahliye etti. K\u0131sa s\u00fcrede b\u00fcy\u00fcyen alevler otob\u00fcs\u00fc sard\u0131. \u0130hbar \u00fczerine olay yerine \u0130zmir B\u00fcy\u00fck\u015fehir Belediyesi\u2019ne ba\u011fl\u0131 Alia\u011fa ve \u00c7andarl\u0131 itfaiye ekipleri sevk edildi. Ekiplerin m\u00fcdahalesiyle yang\u0131n kontrol alt\u0131na al\u0131n\u0131rken otob\u00fcs kullan\u0131lamaz hale geldi. \u00d6te yandan yang\u0131n nedeniyle karayolu bir s\u00fcreli\u011fine trafi\u011fe kapat\u0131l\u0131rken olayla ilgili inceleme ba\u015flat\u0131ld\u0131. <\/p>\n<p>4.05.2025                           <\/p>\n","protected":false},"excerpt":{"rendered":"<p>\u0130zmir\u2019in Bergama il\u00e7esinde sefer yapan bir belediye otob\u00fcs\u00fcnde yang\u0131n \u00e7\u0131kt\u0131. Yang\u0131nda yolcular tahliye edilirken, otob\u00fcs kullan\u0131lamaz hale geldi. Olay, saat 16.30 s\u0131ralar\u0131nda E-87 Devlet Karayolu \u00c7anakkale-\u0130zmir y\u00f6n\u00fc Kaz\u0131kba\u011flar\u0131 mevkiinde meydana geldi. 835 numaral\u0131 Bergama-Alia\u011fa seferini yapan belediye otob\u00fcs\u00fcn\u00fcn motor b\u00f6l\u00fcm\u00fcnden dumanlar y\u00fckselmeye ba\u015flad\u0131. Durumu fark eden s\u00fcr\u00fcc\u00fc, arac\u0131 durdurarak yolcular\u0131 tahliye etti. K\u0131sa s\u00fcrede b\u00fcy\u00fcyen [&hellip;]<\/p>\n","protected":false},"author":1,"featured_media":6542,"comment_status":"open","ping_status":"open","sticky":false,"template":"","format":"standard","meta":{"footnotes":""},"categories":[1],"tags":[],"class_list":["post-6541","post","type-post","status-publish","format-standard","has-post-thumbnail","hentry","category-genel"],"yoast_head":"<!-- This site is optimized with the Yoast SEO plugin v27.4 - https:\/\/yoast.com\/product\/yoast-seo-wordpress\/ -->\n<title>\u0130zmir\u2019de belediye otob\u00fcs\u00fc alev alev yand\u0131: Yolcular tahliye edildi - Memurun Sesi<\/title>\n<meta name=\"robots\" content=\"index, follow, max-snippet:-1, max-image-preview:large, max-video-preview:-1\" \/>\n<link rel=\"canonical\" href=\"https:\/\/memurunsesi.net\/index.php\/2025\/05\/04\/izmirde-belediye-otobusu-alev-alev-yandi-yolcular-tahliye-edildi\/\" \/>\n<meta property=\"og:locale\" content=\"tr_TR\" \/>\n<meta property=\"og:type\" content=\"article\" \/>\n<meta property=\"og:title\" content=\"\u0130zmir\u2019de belediye otob\u00fcs\u00fc alev alev yand\u0131: Yolcular tahliye edildi - Memurun Sesi\" \/>\n<meta property=\"og:description\" content=\"\u0130zmir\u2019in Bergama il\u00e7esinde sefer yapan bir belediye otob\u00fcs\u00fcnde yang\u0131n \u00e7\u0131kt\u0131. Yang\u0131nda yolcular tahliye edilirken, otob\u00fcs kullan\u0131lamaz hale geldi. Olay, saat 16.30 s\u0131ralar\u0131nda E-87 Devlet Karayolu \u00c7anakkale-\u0130zmir y\u00f6n\u00fc Kaz\u0131kba\u011flar\u0131 mevkiinde meydana geldi. 835 numaral\u0131 Bergama-Alia\u011fa seferini yapan belediye otob\u00fcs\u00fcn\u00fcn motor b\u00f6l\u00fcm\u00fcnden dumanlar y\u00fckselmeye ba\u015flad\u0131. Durumu fark eden s\u00fcr\u00fcc\u00fc, arac\u0131 durdurarak yolcular\u0131 tahliye etti. K\u0131sa s\u00fcrede b\u00fcy\u00fcyen [&hellip;]\" \/>\n<meta property=\"og:url\" content=\"https:\/\/memurunsesi.net\/index.php\/2025\/05\/04\/izmirde-belediye-otobusu-alev-alev-yandi-yolcular-tahliye-edildi\/\" \/>\n<meta property=\"og:site_name\" content=\"Memurun Sesi\" \/>\n<meta property=\"article:publisher\" content=\"https:\/\/www.facebook.com\/unipersen\/?locale=tr_TR\" \/>\n<meta property=\"article:published_time\" content=\"2025-05-04T18:33:29+00:00\" \/>\n<meta property=\"og:image\" content=\"https:\/\/memurunsesi.net\/wp-content\/uploads\/2025\/05\/AW447084_02.jpg\" \/>\n\t<meta property=\"og:image:width\" content=\"1170\" \/>\n\t<meta property=\"og:image:height\" content=\"1221\" \/>\n\t<meta property=\"og:image:type\" content=\"image\/jpeg\" \/>\n<meta name=\"author\" content=\"Memurun Sesi Haber Merkezi\" \/>\n<meta name=\"twitter:card\" content=\"summary_large_image\" \/>\n<meta name=\"twitter:creator\" content=\"@unipersen\" \/>\n<meta name=\"twitter:site\" content=\"@unipersen\" \/>\n<meta name=\"twitter:label1\" content=\"Yazan:\" \/>\n\t<meta name=\"twitter:data1\" content=\"Memurun Sesi Haber Merkezi\" \/>\n\t<meta name=\"twitter:label2\" content=\"Tahmini okuma s\u00fcresi\" \/>\n\t<meta name=\"twitter:data2\" content=\"1 dakika\" \/>\n<script type=\"application\/ld+json\" class=\"yoast-schema-graph\">{\"@context\":\"https:\\\/\\\/schema.org\",\"@graph\":[{\"@type\":\"Article\",\"@id\":\"https:\\\/\\\/memurunsesi.net\\\/index.php\\\/2025\\\/05\\\/04\\\/izmirde-belediye-otobusu-alev-alev-yandi-yolcular-tahliye-edildi\\\/#article\",\"isPartOf\":{\"@id\":\"https:\\\/\\\/memurunsesi.net\\\/index.php\\\/2025\\\/05\\\/04\\\/izmirde-belediye-otobusu-alev-alev-yandi-yolcular-tahliye-edildi\\\/\"},\"author\":{\"name\":\"Memurun Sesi Haber Merkezi\",\"@id\":\"https:\\\/\\\/memurunsesi.net\\\/#\\\/schema\\\/person\\\/f21c2d73b89f6ee1d80b0a1803e38587\"},\"headline\":\"\u0130zmir\u2019de belediye otob\u00fcs\u00fc alev alev yand\u0131: Yolcular tahliye edildi\",\"datePublished\":\"2025-05-04T18:33:29+00:00\",\"mainEntityOfPage\":{\"@id\":\"https:\\\/\\\/memurunsesi.net\\\/index.php\\\/2025\\\/05\\\/04\\\/izmirde-belediye-otobusu-alev-alev-yandi-yolcular-tahliye-edildi\\\/\"},\"wordCount\":156,\"commentCount\":0,\"publisher\":{\"@id\":\"https:\\\/\\\/memurunsesi.net\\\/#organization\"},\"image\":{\"@id\":\"https:\\\/\\\/memurunsesi.net\\\/index.php\\\/2025\\\/05\\\/04\\\/izmirde-belediye-otobusu-alev-alev-yandi-yolcular-tahliye-edildi\\\/#primaryimage\"},\"thumbnailUrl\":\"https:\\\/\\\/memurunsesi.net\\\/wp-content\\\/uploads\\\/2025\\\/05\\\/AW447084_02.jpg\",\"inLanguage\":\"tr\",\"potentialAction\":[{\"@type\":\"CommentAction\",\"name\":\"Comment\",\"target\":[\"https:\\\/\\\/memurunsesi.net\\\/index.php\\\/2025\\\/05\\\/04\\\/izmirde-belediye-otobusu-alev-alev-yandi-yolcular-tahliye-edildi\\\/#respond\"]}]},{\"@type\":\"WebPage\",\"@id\":\"https:\\\/\\\/memurunsesi.net\\\/index.php\\\/2025\\\/05\\\/04\\\/izmirde-belediye-otobusu-alev-alev-yandi-yolcular-tahliye-edildi\\\/\",\"url\":\"https:\\\/\\\/memurunsesi.net\\\/index.php\\\/2025\\\/05\\\/04\\\/izmirde-belediye-otobusu-alev-alev-yandi-yolcular-tahliye-edildi\\\/\",\"name\":\"\u0130zmir\u2019de belediye otob\u00fcs\u00fc alev alev yand\u0131: Yolcular tahliye edildi - Memurun Sesi\",\"isPartOf\":{\"@id\":\"https:\\\/\\\/memurunsesi.net\\\/#website\"},\"primaryImageOfPage\":{\"@id\":\"https:\\\/\\\/memurunsesi.net\\\/index.php\\\/2025\\\/05\\\/04\\\/izmirde-belediye-otobusu-alev-alev-yandi-yolcular-tahliye-edildi\\\/#primaryimage\"},\"image\":{\"@id\":\"https:\\\/\\\/memurunsesi.net\\\/index.php\\\/2025\\\/05\\\/04\\\/izmirde-belediye-otobusu-alev-alev-yandi-yolcular-tahliye-edildi\\\/#primaryimage\"},\"thumbnailUrl\":\"https:\\\/\\\/memurunsesi.net\\\/wp-content\\\/uploads\\\/2025\\\/05\\\/AW447084_02.jpg\",\"datePublished\":\"2025-05-04T18:33:29+00:00\",\"breadcrumb\":{\"@id\":\"https:\\\/\\\/memurunsesi.net\\\/index.php\\\/2025\\\/05\\\/04\\\/izmirde-belediye-otobusu-alev-alev-yandi-yolcular-tahliye-edildi\\\/#breadcrumb\"},\"inLanguage\":\"tr\",\"potentialAction\":[{\"@type\":\"ReadAction\",\"target\":[\"https:\\\/\\\/memurunsesi.net\\\/index.php\\\/2025\\\/05\\\/04\\\/izmirde-belediye-otobusu-alev-alev-yandi-yolcular-tahliye-edildi\\\/\"]}]},{\"@type\":\"ImageObject\",\"inLanguage\":\"tr\",\"@id\":\"https:\\\/\\\/memurunsesi.net\\\/index.php\\\/2025\\\/05\\\/04\\\/izmirde-belediye-otobusu-alev-alev-yandi-yolcular-tahliye-edildi\\\/#primaryimage\",\"url\":\"https:\\\/\\\/memurunsesi.net\\\/wp-content\\\/uploads\\\/2025\\\/05\\\/AW447084_02.jpg\",\"contentUrl\":\"https:\\\/\\\/memurunsesi.net\\\/wp-content\\\/uploads\\\/2025\\\/05\\\/AW447084_02.jpg\",\"width\":1170,\"height\":1221,\"caption\":\"\u0130ZM\u0130R'\u0130N BERGAMA \u0130L\u00c7ES\u0130NDE SEFER YAPAN B\u0130R BELED\u0130YE OTOB\u00dcS\u00dcNDE YANGIN \u00c7IKTI. YANGINDA YOLCULAR TAHL\u0130YE ED\u0130L\u0130RKEN, OTOB\u00dcS KULLANILAMAZ HALE GELD\u0130. (\u0130SMA\u0130L HAKKI ERG\u00dcN\\\/\u0130ZM\u0130R-\u0130HA) \u0130zmir'in Bergama il\u00e7esinde sefer yapan bir belediye otob\u00fcs\u00fcnde yang\u0131n \u00e7\u0131kt\u0131. Yang\u0131nda yolcular tahliye edilirken, otob\u00fcs kullan\u0131lamaz hale geldi.\"},{\"@type\":\"BreadcrumbList\",\"@id\":\"https:\\\/\\\/memurunsesi.net\\\/index.php\\\/2025\\\/05\\\/04\\\/izmirde-belediye-otobusu-alev-alev-yandi-yolcular-tahliye-edildi\\\/#breadcrumb\",\"itemListElement\":[{\"@type\":\"ListItem\",\"position\":1,\"name\":\"Anasayfa\",\"item\":\"https:\\\/\\\/memurunsesi.net\\\/\"},{\"@type\":\"ListItem\",\"position\":2,\"name\":\"\u0130zmir\u2019de belediye otob\u00fcs\u00fc alev alev yand\u0131: Yolcular tahliye edildi\"}]},{\"@type\":\"WebSite\",\"@id\":\"https:\\\/\\\/memurunsesi.net\\\/#website\",\"url\":\"https:\\\/\\\/memurunsesi.net\\\/\",\"name\":\"Memurun Sesi\",\"description\":\"G\u00fcncel ve Do\u011fru Haber\",\"publisher\":{\"@id\":\"https:\\\/\\\/memurunsesi.net\\\/#organization\"},\"potentialAction\":[{\"@type\":\"SearchAction\",\"target\":{\"@type\":\"EntryPoint\",\"urlTemplate\":\"https:\\\/\\\/memurunsesi.net\\\/?s={search_term_string}\"},\"query-input\":{\"@type\":\"PropertyValueSpecification\",\"valueRequired\":true,\"valueName\":\"search_term_string\"}}],\"inLanguage\":\"tr\"},{\"@type\":\"Organization\",\"@id\":\"https:\\\/\\\/memurunsesi.net\\\/#organization\",\"name\":\"Memurun Sesi\",\"url\":\"https:\\\/\\\/memurunsesi.net\\\/\",\"logo\":{\"@type\":\"ImageObject\",\"inLanguage\":\"tr\",\"@id\":\"https:\\\/\\\/memurunsesi.net\\\/#\\\/schema\\\/logo\\\/image\\\/\",\"url\":\"https:\\\/\\\/memurunsesi.net\\\/wp-content\\\/uploads\\\/2025\\\/11\\\/cropped-MEMURUN-SESI.png\",\"contentUrl\":\"https:\\\/\\\/memurunsesi.net\\\/wp-content\\\/uploads\\\/2025\\\/11\\\/cropped-MEMURUN-SESI.png\",\"width\":238,\"height\":57,\"caption\":\"Memurun Sesi\"},\"image\":{\"@id\":\"https:\\\/\\\/memurunsesi.net\\\/#\\\/schema\\\/logo\\\/image\\\/\"},\"sameAs\":[\"https:\\\/\\\/www.facebook.com\\\/unipersen\\\/?locale=tr_TR\",\"https:\\\/\\\/x.com\\\/unipersen\"]},{\"@type\":\"Person\",\"@id\":\"https:\\\/\\\/memurunsesi.net\\\/#\\\/schema\\\/person\\\/f21c2d73b89f6ee1d80b0a1803e38587\",\"name\":\"Memurun Sesi Haber Merkezi\",\"image\":{\"@type\":\"ImageObject\",\"inLanguage\":\"tr\",\"@id\":\"https:\\\/\\\/secure.gravatar.com\\\/avatar\\\/6cf0505f452ee753f485014986fab09a434671d2b919ee76fc541025c5876a70?s=96&d=mm&r=g\",\"url\":\"https:\\\/\\\/secure.gravatar.com\\\/avatar\\\/6cf0505f452ee753f485014986fab09a434671d2b919ee76fc541025c5876a70?s=96&d=mm&r=g\",\"contentUrl\":\"https:\\\/\\\/secure.gravatar.com\\\/avatar\\\/6cf0505f452ee753f485014986fab09a434671d2b919ee76fc541025c5876a70?s=96&d=mm&r=g\",\"caption\":\"Memurun Sesi Haber Merkezi\"},\"sameAs\":[\"https:\\\/\\\/memurunsesi.net\"],\"url\":\"https:\\\/\\\/memurunsesi.net\\\/index.php\\\/author\\\/uniper\\\/\"}]}<\/script>\n<!-- \/ Yoast SEO plugin. -->","yoast_head_json":{"title":"\u0130zmir\u2019de belediye otob\u00fcs\u00fc alev alev yand\u0131: Yolcular tahliye edildi - Memurun Sesi","robots":{"index":"index","follow":"follow","max-snippet":"max-snippet:-1","max-image-preview":"max-image-preview:large","max-video-preview":"max-video-preview:-1"},"canonical":"https:\/\/memurunsesi.net\/index.php\/2025\/05\/04\/izmirde-belediye-otobusu-alev-alev-yandi-yolcular-tahliye-edildi\/","og_locale":"tr_TR","og_type":"article","og_title":"\u0130zmir\u2019de belediye otob\u00fcs\u00fc alev alev yand\u0131: Yolcular tahliye edildi - Memurun Sesi","og_description":"\u0130zmir\u2019in Bergama il\u00e7esinde sefer yapan bir belediye otob\u00fcs\u00fcnde yang\u0131n \u00e7\u0131kt\u0131. Yang\u0131nda yolcular tahliye edilirken, otob\u00fcs kullan\u0131lamaz hale geldi. Olay, saat 16.30 s\u0131ralar\u0131nda E-87 Devlet Karayolu \u00c7anakkale-\u0130zmir y\u00f6n\u00fc Kaz\u0131kba\u011flar\u0131 mevkiinde meydana geldi. 835 numaral\u0131 Bergama-Alia\u011fa seferini yapan belediye otob\u00fcs\u00fcn\u00fcn motor b\u00f6l\u00fcm\u00fcnden dumanlar y\u00fckselmeye ba\u015flad\u0131. Durumu fark eden s\u00fcr\u00fcc\u00fc, arac\u0131 durdurarak yolcular\u0131 tahliye etti. K\u0131sa s\u00fcrede b\u00fcy\u00fcyen [&hellip;]","og_url":"https:\/\/memurunsesi.net\/index.php\/2025\/05\/04\/izmirde-belediye-otobusu-alev-alev-yandi-yolcular-tahliye-edildi\/","og_site_name":"Memurun Sesi","article_publisher":"https:\/\/www.facebook.com\/unipersen\/?locale=tr_TR","article_published_time":"2025-05-04T18:33:29+00:00","og_image":[{"width":1170,"height":1221,"url":"https:\/\/memurunsesi.net\/wp-content\/uploads\/2025\/05\/AW447084_02.jpg","type":"image\/jpeg"}],"author":"Memurun Sesi Haber Merkezi","twitter_card":"summary_large_image","twitter_creator":"@unipersen","twitter_site":"@unipersen","twitter_misc":{"Yazan:":"Memurun Sesi Haber Merkezi","Tahmini okuma s\u00fcresi":"1 dakika"},"schema":{"@context":"https:\/\/schema.org","@graph":[{"@type":"Article","@id":"https:\/\/memurunsesi.net\/index.php\/2025\/05\/04\/izmirde-belediye-otobusu-alev-alev-yandi-yolcular-tahliye-edildi\/#article","isPartOf":{"@id":"https:\/\/memurunsesi.net\/index.php\/2025\/05\/04\/izmirde-belediye-otobusu-alev-alev-yandi-yolcular-tahliye-edildi\/"},"author":{"name":"Memurun Sesi Haber Merkezi","@id":"https:\/\/memurunsesi.net\/#\/schema\/person\/f21c2d73b89f6ee1d80b0a1803e38587"},"headline":"\u0130zmir\u2019de belediye otob\u00fcs\u00fc alev alev yand\u0131: Yolcular tahliye edildi","datePublished":"2025-05-04T18:33:29+00:00","mainEntityOfPage":{"@id":"https:\/\/memurunsesi.net\/index.php\/2025\/05\/04\/izmirde-belediye-otobusu-alev-alev-yandi-yolcular-tahliye-edildi\/"},"wordCount":156,"commentCount":0,"publisher":{"@id":"https:\/\/memurunsesi.net\/#organization"},"image":{"@id":"https:\/\/memurunsesi.net\/index.php\/2025\/05\/04\/izmirde-belediye-otobusu-alev-alev-yandi-yolcular-tahliye-edildi\/#primaryimage"},"thumbnailUrl":"https:\/\/memurunsesi.net\/wp-content\/uploads\/2025\/05\/AW447084_02.jpg","inLanguage":"tr","potentialAction":[{"@type":"CommentAction","name":"Comment","target":["https:\/\/memurunsesi.net\/index.php\/2025\/05\/04\/izmirde-belediye-otobusu-alev-alev-yandi-yolcular-tahliye-edildi\/#respond"]}]},{"@type":"WebPage","@id":"https:\/\/memurunsesi.net\/index.php\/2025\/05\/04\/izmirde-belediye-otobusu-alev-alev-yandi-yolcular-tahliye-edildi\/","url":"https:\/\/memurunsesi.net\/index.php\/2025\/05\/04\/izmirde-belediye-otobusu-alev-alev-yandi-yolcular-tahliye-edildi\/","name":"\u0130zmir\u2019de belediye otob\u00fcs\u00fc alev alev yand\u0131: Yolcular tahliye edildi - Memurun Sesi","isPartOf":{"@id":"https:\/\/memurunsesi.net\/#website"},"primaryImageOfPage":{"@id":"https:\/\/memurunsesi.net\/index.php\/2025\/05\/04\/izmirde-belediye-otobusu-alev-alev-yandi-yolcular-tahliye-edildi\/#primaryimage"},"image":{"@id":"https:\/\/memurunsesi.net\/index.php\/2025\/05\/04\/izmirde-belediye-otobusu-alev-alev-yandi-yolcular-tahliye-edildi\/#primaryimage"},"thumbnailUrl":"https:\/\/memurunsesi.net\/wp-content\/uploads\/2025\/05\/AW447084_02.jpg","datePublished":"2025-05-04T18:33:29+00:00","breadcrumb":{"@id":"https:\/\/memurunsesi.net\/index.php\/2025\/05\/04\/izmirde-belediye-otobusu-alev-alev-yandi-yolcular-tahliye-edildi\/#breadcrumb"},"inLanguage":"tr","potentialAction":[{"@type":"ReadAction","target":["https:\/\/memurunsesi.net\/index.php\/2025\/05\/04\/izmirde-belediye-otobusu-alev-alev-yandi-yolcular-tahliye-edildi\/"]}]},{"@type":"ImageObject","inLanguage":"tr","@id":"https:\/\/memurunsesi.net\/index.php\/2025\/05\/04\/izmirde-belediye-otobusu-alev-alev-yandi-yolcular-tahliye-edildi\/#primaryimage","url":"https:\/\/memurunsesi.net\/wp-content\/uploads\/2025\/05\/AW447084_02.jpg","contentUrl":"https:\/\/memurunsesi.net\/wp-content\/uploads\/2025\/05\/AW447084_02.jpg","width":1170,"height":1221,"caption":"\u0130ZM\u0130R'\u0130N BERGAMA \u0130L\u00c7ES\u0130NDE SEFER YAPAN B\u0130R BELED\u0130YE OTOB\u00dcS\u00dcNDE YANGIN \u00c7IKTI. YANGINDA YOLCULAR TAHL\u0130YE ED\u0130L\u0130RKEN, OTOB\u00dcS KULLANILAMAZ HALE GELD\u0130. (\u0130SMA\u0130L HAKKI ERG\u00dcN\/\u0130ZM\u0130R-\u0130HA) \u0130zmir'in Bergama il\u00e7esinde sefer yapan bir belediye otob\u00fcs\u00fcnde yang\u0131n \u00e7\u0131kt\u0131. Yang\u0131nda yolcular tahliye edilirken, otob\u00fcs kullan\u0131lamaz hale geldi."},{"@type":"BreadcrumbList","@id":"https:\/\/memurunsesi.net\/index.php\/2025\/05\/04\/izmirde-belediye-otobusu-alev-alev-yandi-yolcular-tahliye-edildi\/#breadcrumb","itemListElement":[{"@type":"ListItem","position":1,"name":"Anasayfa","item":"https:\/\/memurunsesi.net\/"},{"@type":"ListItem","position":2,"name":"\u0130zmir\u2019de belediye otob\u00fcs\u00fc alev alev yand\u0131: Yolcular tahliye edildi"}]},{"@type":"WebSite","@id":"https:\/\/memurunsesi.net\/#website","url":"https:\/\/memurunsesi.net\/","name":"Memurun Sesi","description":"G\u00fcncel ve Do\u011fru Haber","publisher":{"@id":"https:\/\/memurunsesi.net\/#organization"},"potentialAction":[{"@type":"SearchAction","target":{"@type":"EntryPoint","urlTemplate":"https:\/\/memurunsesi.net\/?s={search_term_string}"},"query-input":{"@type":"PropertyValueSpecification","valueRequired":true,"valueName":"search_term_string"}}],"inLanguage":"tr"},{"@type":"Organization","@id":"https:\/\/memurunsesi.net\/#organization","name":"Memurun Sesi","url":"https:\/\/memurunsesi.net\/","logo":{"@type":"ImageObject","inLanguage":"tr","@id":"https:\/\/memurunsesi.net\/#\/schema\/logo\/image\/","url":"https:\/\/memurunsesi.net\/wp-content\/uploads\/2025\/11\/cropped-MEMURUN-SESI.png","contentUrl":"https:\/\/memurunsesi.net\/wp-content\/uploads\/2025\/11\/cropped-MEMURUN-SESI.png","width":238,"height":57,"caption":"Memurun Sesi"},"image":{"@id":"https:\/\/memurunsesi.net\/#\/schema\/logo\/image\/"},"sameAs":["https:\/\/www.facebook.com\/unipersen\/?locale=tr_TR","https:\/\/x.com\/unipersen"]},{"@type":"Person","@id":"https:\/\/memurunsesi.net\/#\/schema\/person\/f21c2d73b89f6ee1d80b0a1803e38587","name":"Memurun Sesi Haber Merkezi","image":{"@type":"ImageObject","inLanguage":"tr","@id":"https:\/\/secure.gravatar.com\/avatar\/6cf0505f452ee753f485014986fab09a434671d2b919ee76fc541025c5876a70?s=96&d=mm&r=g","url":"https:\/\/secure.gravatar.com\/avatar\/6cf0505f452ee753f485014986fab09a434671d2b919ee76fc541025c5876a70?s=96&d=mm&r=g","contentUrl":"https:\/\/secure.gravatar.com\/avatar\/6cf0505f452ee753f485014986fab09a434671d2b919ee76fc541025c5876a70?s=96&d=mm&r=g","caption":"Memurun Sesi Haber Merkezi"},"sameAs":["https:\/\/memurunsesi.net"],"url":"https:\/\/memurunsesi.net\/index.php\/author\/uniper\/"}]}},"_links":{"self":[{"href":"https:\/\/memurunsesi.net\/index.php\/wp-json\/wp\/v2\/posts\/6541","targetHints":{"allow":["GET"]}}],"collection":[{"href":"https:\/\/memurunsesi.net\/index.php\/wp-json\/wp\/v2\/posts"}],"about":[{"href":"https:\/\/memurunsesi.net\/index.php\/wp-json\/wp\/v2\/types\/post"}],"author":[{"embeddable":true,"href":"https:\/\/memurunsesi.net\/index.php\/wp-json\/wp\/v2\/users\/1"}],"replies":[{"embeddable":true,"href":"https:\/\/memurunsesi.net\/index.php\/wp-json\/wp\/v2\/comments?post=6541"}],"version-history":[{"count":1,"href":"https:\/\/memurunsesi.net\/index.php\/wp-json\/wp\/v2\/posts\/6541\/revisions"}],"predecessor-version":[{"id":6543,"href":"https:\/\/memurunsesi.net\/index.php\/wp-json\/wp\/v2\/posts\/6541\/revisions\/6543"}],"wp:featuredmedia":[{"embeddable":true,"href":"https:\/\/memurunsesi.net\/index.php\/wp-json\/wp\/v2\/media\/6542"}],"wp:attachment":[{"href":"https:\/\/memurunsesi.net\/index.php\/wp-json\/wp\/v2\/media?parent=6541"}],"wp:term":[{"taxonomy":"category","embeddable":true,"href":"https:\/\/memurunsesi.net\/index.php\/wp-json\/wp\/v2\/categories?post=6541"},{"taxonomy":"post_tag","embeddable":true,"href":"https:\/\/memurunsesi.net\/index.php\/wp-json\/wp\/v2\/tags?post=6541"}],"curies":[{"name":"wp","href":"https:\/\/api.w.org\/{rel}","templated":true}]}}