{"id":6546,"date":"2025-05-04T21:36:37","date_gmt":"2025-05-04T18:36:37","guid":{"rendered":"https:\/\/memurunsesi.net\/?p=6546"},"modified":"2025-05-04T21:38:10","modified_gmt":"2025-05-04T18:38:10","slug":"burdurda-is-arkadasini-bicaklayan-supheli-antalyada-yakalandi","status":"publish","type":"post","link":"https:\/\/memurunsesi.net\/index.php\/2025\/05\/04\/burdurda-is-arkadasini-bicaklayan-supheli-antalyada-yakalandi\/","title":{"rendered":"Burdur&#8217;da i\u015f arkada\u015f\u0131n\u0131 b\u0131\u00e7aklayan \u015f\u00fcpheli Antalya&#8217;da yakaland\u0131"},"content":{"rendered":"<p> Burdur&#8217;un Tefenni il\u00e7esinde alkoll\u00fc e\u011flence mekan\u0131nda birlikte \u00e7al\u0131\u015ft\u0131\u011f\u0131 gen\u00e7 k\u0131z\u0131, gittikleri restoranda aralar\u0131nda \u00e7\u0131kan tart\u0131\u015fma sonras\u0131 7 yerinden b\u0131\u00e7aklayarak kay\u0131plara kar\u0131\u015fan \u015f\u00fcpheli, polis ekipleri taraf\u0131ndan Antalya&#8217;da sakland\u0131\u011f\u0131 evde yakaland\u0131. Zanl\u0131, \u00e7\u0131kar\u0131ld\u0131\u011f\u0131 mahkemece tutukland\u0131.<br \/>\n  Olay, 2 May\u0131s g\u00fcn\u00fc saat 19.00 s\u0131ralar\u0131nda Tefenni il\u00e7esinde bulunan alkoll\u00fc bir restoranda meydana geldi. Edinilen bilgilere g\u00f6re, il\u00e7edeki alkoll\u00fc bir e\u011flence mekan\u0131na \u00e7al\u0131\u015fan Sinan D. (57) ve Deniz A. (25) adl\u0131 gen\u00e7 k\u0131z aras\u0131nda birlikte yemek yeme\u011fe gittikleri bir restoranda tart\u0131\u015fma \u00e7\u0131kt\u0131. Tart\u0131\u015fman\u0131n b\u00fcy\u00fcmesi sonucu Sinan D., Deniz A.&#8217;y\u0131 7 yerinden b\u0131\u00e7aklayarak olay yerinden arac\u0131na binip ka\u00e7t\u0131.<br \/>\n  Restorandakilerin durumu 112 Acil \u00c7a\u011fr\u0131 Merkezi&#8217;ne bildirmesi \u00fczerine olay yerine sa\u011fl\u0131k ve jandarma ekipleri sevk edildi. Olay yerine gelen sa\u011fl\u0131k ekiplerinin ilk m\u00fcdahalesinin ard\u0131ndan yaral\u0131, \u00f6nce Tefenni Devlet Hastanesi&#8217;ne buradan da Burdur Devlet Hastanesi&#8217;ne sevk edildi. <\/p>\n<p>  Ambulans\u0131n pe\u015fine tak\u0131ld\u0131<br \/>\n  Deniz A.&#8217;n\u0131n ambulansla Burdur&#8217;a Devlet Hastanesi&#8217;ne sevk edildi\u011fini \u00f6\u011frenen Sinan D.&#8217;nin arac\u0131yla ambulans\u0131n pe\u015fine tak\u0131ld\u0131\u011f\u0131 ve takip etti\u011fi ihbar\u0131 \u00fczerine harekete ge\u00e7en polis ekipleri, il merkezi giri\u015finde yolu tutarak \u00f6nlem al\u0131rken jandarma ekipleri ise ambulans\u0131n arkas\u0131ndan hastaneye kadar ambulansa eskortluk yapt\u0131. Ambulans hastaneye giri\u015f yap\u0131nca ekipler normale d\u00f6nerken hastanede g\u00fcvenlik \u00f6nlemleri artt\u0131r\u0131ld\u0131. <\/p>\n<p>  Firari \u015f\u00fcpheli Antalya&#8217;da yakaland\u0131<br \/>\n  Olayla ilgili savc\u0131l\u0131k talimat\u0131yla harekete ge\u00e7en Burdur \u0130l Emniyet M\u00fcd\u00fcrl\u00fc\u011f\u00fc ekipleri olay\u0131n \u015f\u00fcpheli Sinan D.&#8217;nin Antalya&#8217;n\u0131n Kepez il\u00e7esinde oldu\u011funu tespit etti. Sinan D.,  3 May\u0131s&#8217;ta Antalya&#8217;da d\u00fczenlenen operasyon sonucunda g\u00f6zalt\u0131na al\u0131narak Burdur&#8217;a getirildi.<br \/>\n  Emniyetteki i\u015flemlerinin ard\u0131ndan Tefenni Adliyesi&#8217;ne sevk edilen Sinan D. kasten \u00f6ld\u00fcrmeye te\u015febb\u00fcs su\u00e7undan \u00e7\u0131kar\u0131ld\u0131\u011f\u0131 mahkemece tutuklanarak cezaevine g\u00f6nderildi. Sinan D.&#8217;nin 20 farkl\u0131 su\u00e7tan dosyas\u0131 oldu\u011fu \u00f6\u011frenildi.<br \/>\n  Tedavisi tamamlanan Deniz A.&#8217;n\u0131n ise taburcu edildi\u011fi \u00f6\u011frenildi. <\/p>\n<p>4.05.2025                                 <\/p>\n","protected":false},"excerpt":{"rendered":"<p>Burdur&#8217;un Tefenni il\u00e7esinde alkoll\u00fc e\u011flence mekan\u0131nda birlikte \u00e7al\u0131\u015ft\u0131\u011f\u0131 gen\u00e7 k\u0131z\u0131, gittikleri restoranda aralar\u0131nda \u00e7\u0131kan tart\u0131\u015fma sonras\u0131 7 yerinden b\u0131\u00e7aklayarak kay\u0131plara kar\u0131\u015fan \u015f\u00fcpheli, polis ekipleri taraf\u0131ndan Antalya&#8217;da sakland\u0131\u011f\u0131 evde yakaland\u0131. Zanl\u0131, \u00e7\u0131kar\u0131ld\u0131\u011f\u0131 mahkemece tutukland\u0131. Olay, 2 May\u0131s g\u00fcn\u00fc saat 19.00 s\u0131ralar\u0131nda Tefenni il\u00e7esinde bulunan alkoll\u00fc bir restoranda meydana geldi. Edinilen bilgilere g\u00f6re, il\u00e7edeki alkoll\u00fc bir e\u011flence [&hellip;]<\/p>\n","protected":false},"author":1,"featured_media":6547,"comment_status":"open","ping_status":"open","sticky":false,"template":"","format":"standard","meta":{"footnotes":""},"categories":[1],"tags":[],"class_list":["post-6546","post","type-post","status-publish","format-standard","has-post-thumbnail","hentry","category-genel"],"yoast_head":"<!-- This site is optimized with the Yoast SEO plugin v27.4 - https:\/\/yoast.com\/product\/yoast-seo-wordpress\/ -->\n<title>Burdur&#039;da i\u015f arkada\u015f\u0131n\u0131 b\u0131\u00e7aklayan \u015f\u00fcpheli Antalya&#039;da yakaland\u0131 - Memurun Sesi<\/title>\n<meta name=\"robots\" content=\"index, follow, max-snippet:-1, max-image-preview:large, max-video-preview:-1\" \/>\n<link rel=\"canonical\" href=\"https:\/\/memurunsesi.net\/index.php\/2025\/05\/04\/burdurda-is-arkadasini-bicaklayan-supheli-antalyada-yakalandi\/\" \/>\n<meta property=\"og:locale\" content=\"tr_TR\" \/>\n<meta property=\"og:type\" content=\"article\" \/>\n<meta property=\"og:title\" content=\"Burdur&#039;da i\u015f arkada\u015f\u0131n\u0131 b\u0131\u00e7aklayan \u015f\u00fcpheli Antalya&#039;da yakaland\u0131 - Memurun Sesi\" \/>\n<meta property=\"og:description\" content=\"Burdur&#8217;un Tefenni il\u00e7esinde alkoll\u00fc e\u011flence mekan\u0131nda birlikte \u00e7al\u0131\u015ft\u0131\u011f\u0131 gen\u00e7 k\u0131z\u0131, gittikleri restoranda aralar\u0131nda \u00e7\u0131kan tart\u0131\u015fma sonras\u0131 7 yerinden b\u0131\u00e7aklayarak kay\u0131plara kar\u0131\u015fan \u015f\u00fcpheli, polis ekipleri taraf\u0131ndan Antalya&#8217;da sakland\u0131\u011f\u0131 evde yakaland\u0131. Zanl\u0131, \u00e7\u0131kar\u0131ld\u0131\u011f\u0131 mahkemece tutukland\u0131. Olay, 2 May\u0131s g\u00fcn\u00fc saat 19.00 s\u0131ralar\u0131nda Tefenni il\u00e7esinde bulunan alkoll\u00fc bir restoranda meydana geldi. Edinilen bilgilere g\u00f6re, il\u00e7edeki alkoll\u00fc bir e\u011flence [&hellip;]\" \/>\n<meta property=\"og:url\" content=\"https:\/\/memurunsesi.net\/index.php\/2025\/05\/04\/burdurda-is-arkadasini-bicaklayan-supheli-antalyada-yakalandi\/\" \/>\n<meta property=\"og:site_name\" content=\"Memurun Sesi\" \/>\n<meta property=\"article:publisher\" content=\"https:\/\/www.facebook.com\/unipersen\/?locale=tr_TR\" \/>\n<meta property=\"article:published_time\" content=\"2025-05-04T18:36:37+00:00\" \/>\n<meta property=\"article:modified_time\" content=\"2025-05-04T18:38:10+00:00\" \/>\n<meta property=\"og:image\" content=\"https:\/\/memurunsesi.net\/wp-content\/uploads\/2025\/05\/AW447157_01.jpg\" \/>\n\t<meta property=\"og:image:width\" content=\"1334\" \/>\n\t<meta property=\"og:image:height\" content=\"750\" \/>\n\t<meta property=\"og:image:type\" content=\"image\/jpeg\" \/>\n<meta name=\"author\" content=\"Memurun Sesi Haber Merkezi\" \/>\n<meta name=\"twitter:card\" content=\"summary_large_image\" \/>\n<meta name=\"twitter:creator\" content=\"@unipersen\" \/>\n<meta name=\"twitter:site\" content=\"@unipersen\" \/>\n<meta name=\"twitter:label1\" content=\"Yazan:\" \/>\n\t<meta name=\"twitter:data1\" content=\"Memurun Sesi Haber Merkezi\" \/>\n\t<meta name=\"twitter:label2\" content=\"Tahmini okuma s\u00fcresi\" \/>\n\t<meta name=\"twitter:data2\" content=\"2 dakika\" \/>\n<script type=\"application\/ld+json\" class=\"yoast-schema-graph\">{\"@context\":\"https:\\\/\\\/schema.org\",\"@graph\":[{\"@type\":\"Article\",\"@id\":\"https:\\\/\\\/memurunsesi.net\\\/index.php\\\/2025\\\/05\\\/04\\\/burdurda-is-arkadasini-bicaklayan-supheli-antalyada-yakalandi\\\/#article\",\"isPartOf\":{\"@id\":\"https:\\\/\\\/memurunsesi.net\\\/index.php\\\/2025\\\/05\\\/04\\\/burdurda-is-arkadasini-bicaklayan-supheli-antalyada-yakalandi\\\/\"},\"author\":{\"name\":\"Memurun Sesi Haber Merkezi\",\"@id\":\"https:\\\/\\\/memurunsesi.net\\\/#\\\/schema\\\/person\\\/f21c2d73b89f6ee1d80b0a1803e38587\"},\"headline\":\"Burdur&#8217;da i\u015f arkada\u015f\u0131n\u0131 b\u0131\u00e7aklayan \u015f\u00fcpheli Antalya&#8217;da yakaland\u0131\",\"datePublished\":\"2025-05-04T18:36:37+00:00\",\"dateModified\":\"2025-05-04T18:38:10+00:00\",\"mainEntityOfPage\":{\"@id\":\"https:\\\/\\\/memurunsesi.net\\\/index.php\\\/2025\\\/05\\\/04\\\/burdurda-is-arkadasini-bicaklayan-supheli-antalyada-yakalandi\\\/\"},\"wordCount\":361,\"commentCount\":0,\"publisher\":{\"@id\":\"https:\\\/\\\/memurunsesi.net\\\/#organization\"},\"image\":{\"@id\":\"https:\\\/\\\/memurunsesi.net\\\/index.php\\\/2025\\\/05\\\/04\\\/burdurda-is-arkadasini-bicaklayan-supheli-antalyada-yakalandi\\\/#primaryimage\"},\"thumbnailUrl\":\"https:\\\/\\\/memurunsesi.net\\\/wp-content\\\/uploads\\\/2025\\\/05\\\/AW447157_01.jpg\",\"inLanguage\":\"tr\",\"potentialAction\":[{\"@type\":\"CommentAction\",\"name\":\"Comment\",\"target\":[\"https:\\\/\\\/memurunsesi.net\\\/index.php\\\/2025\\\/05\\\/04\\\/burdurda-is-arkadasini-bicaklayan-supheli-antalyada-yakalandi\\\/#respond\"]}]},{\"@type\":\"WebPage\",\"@id\":\"https:\\\/\\\/memurunsesi.net\\\/index.php\\\/2025\\\/05\\\/04\\\/burdurda-is-arkadasini-bicaklayan-supheli-antalyada-yakalandi\\\/\",\"url\":\"https:\\\/\\\/memurunsesi.net\\\/index.php\\\/2025\\\/05\\\/04\\\/burdurda-is-arkadasini-bicaklayan-supheli-antalyada-yakalandi\\\/\",\"name\":\"Burdur'da i\u015f arkada\u015f\u0131n\u0131 b\u0131\u00e7aklayan \u015f\u00fcpheli Antalya'da yakaland\u0131 - Memurun Sesi\",\"isPartOf\":{\"@id\":\"https:\\\/\\\/memurunsesi.net\\\/#website\"},\"primaryImageOfPage\":{\"@id\":\"https:\\\/\\\/memurunsesi.net\\\/index.php\\\/2025\\\/05\\\/04\\\/burdurda-is-arkadasini-bicaklayan-supheli-antalyada-yakalandi\\\/#primaryimage\"},\"image\":{\"@id\":\"https:\\\/\\\/memurunsesi.net\\\/index.php\\\/2025\\\/05\\\/04\\\/burdurda-is-arkadasini-bicaklayan-supheli-antalyada-yakalandi\\\/#primaryimage\"},\"thumbnailUrl\":\"https:\\\/\\\/memurunsesi.net\\\/wp-content\\\/uploads\\\/2025\\\/05\\\/AW447157_01.jpg\",\"datePublished\":\"2025-05-04T18:36:37+00:00\",\"dateModified\":\"2025-05-04T18:38:10+00:00\",\"breadcrumb\":{\"@id\":\"https:\\\/\\\/memurunsesi.net\\\/index.php\\\/2025\\\/05\\\/04\\\/burdurda-is-arkadasini-bicaklayan-supheli-antalyada-yakalandi\\\/#breadcrumb\"},\"inLanguage\":\"tr\",\"potentialAction\":[{\"@type\":\"ReadAction\",\"target\":[\"https:\\\/\\\/memurunsesi.net\\\/index.php\\\/2025\\\/05\\\/04\\\/burdurda-is-arkadasini-bicaklayan-supheli-antalyada-yakalandi\\\/\"]}]},{\"@type\":\"ImageObject\",\"inLanguage\":\"tr\",\"@id\":\"https:\\\/\\\/memurunsesi.net\\\/index.php\\\/2025\\\/05\\\/04\\\/burdurda-is-arkadasini-bicaklayan-supheli-antalyada-yakalandi\\\/#primaryimage\",\"url\":\"https:\\\/\\\/memurunsesi.net\\\/wp-content\\\/uploads\\\/2025\\\/05\\\/AW447157_01.jpg\",\"contentUrl\":\"https:\\\/\\\/memurunsesi.net\\\/wp-content\\\/uploads\\\/2025\\\/05\\\/AW447157_01.jpg\",\"width\":1334,\"height\":750,\"caption\":\"BURDUR'UN TEFENN\u0130 \u0130L\u00c7ES\u0130NDE ALKOLL\u00dc E\u011eLENCE MEKANINDA B\u0130RL\u0130KTE \u00c7ALI\u015eTI\u011eI GEN\u00c7 KIZI G\u0130TT\u0130KLER\u0130 FARKLI B\u0130R RESTORANDA ARALARINDA \u00c7IKAN TARTI\u015eMA SONRASI BOYUN, KARIN VE BACAK B\u00d6LGES\u0130NDEN OLMAK \u00dcZERE 7 YER\u0130NDEN BI\u00c7AKLAYARAK KAYIPLARA KARI\u015eAN \u015e\u00dcPHEL\u0130 POL\u0130S EK\u0130PLER\u0130 TARAFINDAN YAPILAN \u00c7ALI\u015eMALAR SONRASINDA ANTALYA'DA SAKLANDI\u011eI B\u0130R EVDE YAKALANARAK \u00c7IKARILDI\u011eI MAHKEMECE TUTUKLANDI. (AL\u0130 KAPAN\\\/BURDUR-\u0130HA) Burdur'un Tefenni il\u00e7esinde alkoll\u00fc e\u011flence mekan\u0131nda birlikte \u00e7al\u0131\u015ft\u0131\u011f\u0131 gen\u00e7 k\u0131z\u0131, gittikleri restoranda aralar\u0131nda \u00e7\u0131kan tart\u0131\u015fma sonras\u0131 7 yerinden b\u0131\u00e7aklayarak kay\u0131plara kar\u0131\u015fan \u015f\u00fcpheli, polis ekipleri taraf\u0131ndan Antalya'da sakland\u0131\u011f\u0131 evde yakaland\u0131. Zanl\u0131, \u00e7\u0131kar\u0131ld\u0131\u011f\u0131 mahkemece tutukland\u0131.\"},{\"@type\":\"BreadcrumbList\",\"@id\":\"https:\\\/\\\/memurunsesi.net\\\/index.php\\\/2025\\\/05\\\/04\\\/burdurda-is-arkadasini-bicaklayan-supheli-antalyada-yakalandi\\\/#breadcrumb\",\"itemListElement\":[{\"@type\":\"ListItem\",\"position\":1,\"name\":\"Anasayfa\",\"item\":\"https:\\\/\\\/memurunsesi.net\\\/\"},{\"@type\":\"ListItem\",\"position\":2,\"name\":\"Burdur&#8217;da i\u015f arkada\u015f\u0131n\u0131 b\u0131\u00e7aklayan \u015f\u00fcpheli Antalya&#8217;da yakaland\u0131\"}]},{\"@type\":\"WebSite\",\"@id\":\"https:\\\/\\\/memurunsesi.net\\\/#website\",\"url\":\"https:\\\/\\\/memurunsesi.net\\\/\",\"name\":\"Memurun Sesi\",\"description\":\"G\u00fcncel ve Do\u011fru Haber\",\"publisher\":{\"@id\":\"https:\\\/\\\/memurunsesi.net\\\/#organization\"},\"potentialAction\":[{\"@type\":\"SearchAction\",\"target\":{\"@type\":\"EntryPoint\",\"urlTemplate\":\"https:\\\/\\\/memurunsesi.net\\\/?s={search_term_string}\"},\"query-input\":{\"@type\":\"PropertyValueSpecification\",\"valueRequired\":true,\"valueName\":\"search_term_string\"}}],\"inLanguage\":\"tr\"},{\"@type\":\"Organization\",\"@id\":\"https:\\\/\\\/memurunsesi.net\\\/#organization\",\"name\":\"Memurun Sesi\",\"url\":\"https:\\\/\\\/memurunsesi.net\\\/\",\"logo\":{\"@type\":\"ImageObject\",\"inLanguage\":\"tr\",\"@id\":\"https:\\\/\\\/memurunsesi.net\\\/#\\\/schema\\\/logo\\\/image\\\/\",\"url\":\"https:\\\/\\\/memurunsesi.net\\\/wp-content\\\/uploads\\\/2025\\\/11\\\/cropped-MEMURUN-SESI.png\",\"contentUrl\":\"https:\\\/\\\/memurunsesi.net\\\/wp-content\\\/uploads\\\/2025\\\/11\\\/cropped-MEMURUN-SESI.png\",\"width\":238,\"height\":57,\"caption\":\"Memurun Sesi\"},\"image\":{\"@id\":\"https:\\\/\\\/memurunsesi.net\\\/#\\\/schema\\\/logo\\\/image\\\/\"},\"sameAs\":[\"https:\\\/\\\/www.facebook.com\\\/unipersen\\\/?locale=tr_TR\",\"https:\\\/\\\/x.com\\\/unipersen\"]},{\"@type\":\"Person\",\"@id\":\"https:\\\/\\\/memurunsesi.net\\\/#\\\/schema\\\/person\\\/f21c2d73b89f6ee1d80b0a1803e38587\",\"name\":\"Memurun Sesi Haber Merkezi\",\"image\":{\"@type\":\"ImageObject\",\"inLanguage\":\"tr\",\"@id\":\"https:\\\/\\\/secure.gravatar.com\\\/avatar\\\/6cf0505f452ee753f485014986fab09a434671d2b919ee76fc541025c5876a70?s=96&d=mm&r=g\",\"url\":\"https:\\\/\\\/secure.gravatar.com\\\/avatar\\\/6cf0505f452ee753f485014986fab09a434671d2b919ee76fc541025c5876a70?s=96&d=mm&r=g\",\"contentUrl\":\"https:\\\/\\\/secure.gravatar.com\\\/avatar\\\/6cf0505f452ee753f485014986fab09a434671d2b919ee76fc541025c5876a70?s=96&d=mm&r=g\",\"caption\":\"Memurun Sesi Haber Merkezi\"},\"sameAs\":[\"https:\\\/\\\/memurunsesi.net\"],\"url\":\"https:\\\/\\\/memurunsesi.net\\\/index.php\\\/author\\\/uniper\\\/\"}]}<\/script>\n<!-- \/ Yoast SEO plugin. -->","yoast_head_json":{"title":"Burdur'da i\u015f arkada\u015f\u0131n\u0131 b\u0131\u00e7aklayan \u015f\u00fcpheli Antalya'da yakaland\u0131 - Memurun Sesi","robots":{"index":"index","follow":"follow","max-snippet":"max-snippet:-1","max-image-preview":"max-image-preview:large","max-video-preview":"max-video-preview:-1"},"canonical":"https:\/\/memurunsesi.net\/index.php\/2025\/05\/04\/burdurda-is-arkadasini-bicaklayan-supheli-antalyada-yakalandi\/","og_locale":"tr_TR","og_type":"article","og_title":"Burdur'da i\u015f arkada\u015f\u0131n\u0131 b\u0131\u00e7aklayan \u015f\u00fcpheli Antalya'da yakaland\u0131 - Memurun Sesi","og_description":"Burdur&#8217;un Tefenni il\u00e7esinde alkoll\u00fc e\u011flence mekan\u0131nda birlikte \u00e7al\u0131\u015ft\u0131\u011f\u0131 gen\u00e7 k\u0131z\u0131, gittikleri restoranda aralar\u0131nda \u00e7\u0131kan tart\u0131\u015fma sonras\u0131 7 yerinden b\u0131\u00e7aklayarak kay\u0131plara kar\u0131\u015fan \u015f\u00fcpheli, polis ekipleri taraf\u0131ndan Antalya&#8217;da sakland\u0131\u011f\u0131 evde yakaland\u0131. Zanl\u0131, \u00e7\u0131kar\u0131ld\u0131\u011f\u0131 mahkemece tutukland\u0131. Olay, 2 May\u0131s g\u00fcn\u00fc saat 19.00 s\u0131ralar\u0131nda Tefenni il\u00e7esinde bulunan alkoll\u00fc bir restoranda meydana geldi. Edinilen bilgilere g\u00f6re, il\u00e7edeki alkoll\u00fc bir e\u011flence [&hellip;]","og_url":"https:\/\/memurunsesi.net\/index.php\/2025\/05\/04\/burdurda-is-arkadasini-bicaklayan-supheli-antalyada-yakalandi\/","og_site_name":"Memurun Sesi","article_publisher":"https:\/\/www.facebook.com\/unipersen\/?locale=tr_TR","article_published_time":"2025-05-04T18:36:37+00:00","article_modified_time":"2025-05-04T18:38:10+00:00","og_image":[{"width":1334,"height":750,"url":"https:\/\/memurunsesi.net\/wp-content\/uploads\/2025\/05\/AW447157_01.jpg","type":"image\/jpeg"}],"author":"Memurun Sesi Haber Merkezi","twitter_card":"summary_large_image","twitter_creator":"@unipersen","twitter_site":"@unipersen","twitter_misc":{"Yazan:":"Memurun Sesi Haber Merkezi","Tahmini okuma s\u00fcresi":"2 dakika"},"schema":{"@context":"https:\/\/schema.org","@graph":[{"@type":"Article","@id":"https:\/\/memurunsesi.net\/index.php\/2025\/05\/04\/burdurda-is-arkadasini-bicaklayan-supheli-antalyada-yakalandi\/#article","isPartOf":{"@id":"https:\/\/memurunsesi.net\/index.php\/2025\/05\/04\/burdurda-is-arkadasini-bicaklayan-supheli-antalyada-yakalandi\/"},"author":{"name":"Memurun Sesi Haber Merkezi","@id":"https:\/\/memurunsesi.net\/#\/schema\/person\/f21c2d73b89f6ee1d80b0a1803e38587"},"headline":"Burdur&#8217;da i\u015f arkada\u015f\u0131n\u0131 b\u0131\u00e7aklayan \u015f\u00fcpheli Antalya&#8217;da yakaland\u0131","datePublished":"2025-05-04T18:36:37+00:00","dateModified":"2025-05-04T18:38:10+00:00","mainEntityOfPage":{"@id":"https:\/\/memurunsesi.net\/index.php\/2025\/05\/04\/burdurda-is-arkadasini-bicaklayan-supheli-antalyada-yakalandi\/"},"wordCount":361,"commentCount":0,"publisher":{"@id":"https:\/\/memurunsesi.net\/#organization"},"image":{"@id":"https:\/\/memurunsesi.net\/index.php\/2025\/05\/04\/burdurda-is-arkadasini-bicaklayan-supheli-antalyada-yakalandi\/#primaryimage"},"thumbnailUrl":"https:\/\/memurunsesi.net\/wp-content\/uploads\/2025\/05\/AW447157_01.jpg","inLanguage":"tr","potentialAction":[{"@type":"CommentAction","name":"Comment","target":["https:\/\/memurunsesi.net\/index.php\/2025\/05\/04\/burdurda-is-arkadasini-bicaklayan-supheli-antalyada-yakalandi\/#respond"]}]},{"@type":"WebPage","@id":"https:\/\/memurunsesi.net\/index.php\/2025\/05\/04\/burdurda-is-arkadasini-bicaklayan-supheli-antalyada-yakalandi\/","url":"https:\/\/memurunsesi.net\/index.php\/2025\/05\/04\/burdurda-is-arkadasini-bicaklayan-supheli-antalyada-yakalandi\/","name":"Burdur'da i\u015f arkada\u015f\u0131n\u0131 b\u0131\u00e7aklayan \u015f\u00fcpheli Antalya'da yakaland\u0131 - Memurun Sesi","isPartOf":{"@id":"https:\/\/memurunsesi.net\/#website"},"primaryImageOfPage":{"@id":"https:\/\/memurunsesi.net\/index.php\/2025\/05\/04\/burdurda-is-arkadasini-bicaklayan-supheli-antalyada-yakalandi\/#primaryimage"},"image":{"@id":"https:\/\/memurunsesi.net\/index.php\/2025\/05\/04\/burdurda-is-arkadasini-bicaklayan-supheli-antalyada-yakalandi\/#primaryimage"},"thumbnailUrl":"https:\/\/memurunsesi.net\/wp-content\/uploads\/2025\/05\/AW447157_01.jpg","datePublished":"2025-05-04T18:36:37+00:00","dateModified":"2025-05-04T18:38:10+00:00","breadcrumb":{"@id":"https:\/\/memurunsesi.net\/index.php\/2025\/05\/04\/burdurda-is-arkadasini-bicaklayan-supheli-antalyada-yakalandi\/#breadcrumb"},"inLanguage":"tr","potentialAction":[{"@type":"ReadAction","target":["https:\/\/memurunsesi.net\/index.php\/2025\/05\/04\/burdurda-is-arkadasini-bicaklayan-supheli-antalyada-yakalandi\/"]}]},{"@type":"ImageObject","inLanguage":"tr","@id":"https:\/\/memurunsesi.net\/index.php\/2025\/05\/04\/burdurda-is-arkadasini-bicaklayan-supheli-antalyada-yakalandi\/#primaryimage","url":"https:\/\/memurunsesi.net\/wp-content\/uploads\/2025\/05\/AW447157_01.jpg","contentUrl":"https:\/\/memurunsesi.net\/wp-content\/uploads\/2025\/05\/AW447157_01.jpg","width":1334,"height":750,"caption":"BURDUR'UN TEFENN\u0130 \u0130L\u00c7ES\u0130NDE ALKOLL\u00dc E\u011eLENCE MEKANINDA B\u0130RL\u0130KTE \u00c7ALI\u015eTI\u011eI GEN\u00c7 KIZI G\u0130TT\u0130KLER\u0130 FARKLI B\u0130R RESTORANDA ARALARINDA \u00c7IKAN TARTI\u015eMA SONRASI BOYUN, KARIN VE BACAK B\u00d6LGES\u0130NDEN OLMAK \u00dcZERE 7 YER\u0130NDEN BI\u00c7AKLAYARAK KAYIPLARA KARI\u015eAN \u015e\u00dcPHEL\u0130 POL\u0130S EK\u0130PLER\u0130 TARAFINDAN YAPILAN \u00c7ALI\u015eMALAR SONRASINDA ANTALYA'DA SAKLANDI\u011eI B\u0130R EVDE YAKALANARAK \u00c7IKARILDI\u011eI MAHKEMECE TUTUKLANDI. (AL\u0130 KAPAN\/BURDUR-\u0130HA) Burdur'un Tefenni il\u00e7esinde alkoll\u00fc e\u011flence mekan\u0131nda birlikte \u00e7al\u0131\u015ft\u0131\u011f\u0131 gen\u00e7 k\u0131z\u0131, gittikleri restoranda aralar\u0131nda \u00e7\u0131kan tart\u0131\u015fma sonras\u0131 7 yerinden b\u0131\u00e7aklayarak kay\u0131plara kar\u0131\u015fan \u015f\u00fcpheli, polis ekipleri taraf\u0131ndan Antalya'da sakland\u0131\u011f\u0131 evde yakaland\u0131. Zanl\u0131, \u00e7\u0131kar\u0131ld\u0131\u011f\u0131 mahkemece tutukland\u0131."},{"@type":"BreadcrumbList","@id":"https:\/\/memurunsesi.net\/index.php\/2025\/05\/04\/burdurda-is-arkadasini-bicaklayan-supheli-antalyada-yakalandi\/#breadcrumb","itemListElement":[{"@type":"ListItem","position":1,"name":"Anasayfa","item":"https:\/\/memurunsesi.net\/"},{"@type":"ListItem","position":2,"name":"Burdur&#8217;da i\u015f arkada\u015f\u0131n\u0131 b\u0131\u00e7aklayan \u015f\u00fcpheli Antalya&#8217;da yakaland\u0131"}]},{"@type":"WebSite","@id":"https:\/\/memurunsesi.net\/#website","url":"https:\/\/memurunsesi.net\/","name":"Memurun Sesi","description":"G\u00fcncel ve Do\u011fru Haber","publisher":{"@id":"https:\/\/memurunsesi.net\/#organization"},"potentialAction":[{"@type":"SearchAction","target":{"@type":"EntryPoint","urlTemplate":"https:\/\/memurunsesi.net\/?s={search_term_string}"},"query-input":{"@type":"PropertyValueSpecification","valueRequired":true,"valueName":"search_term_string"}}],"inLanguage":"tr"},{"@type":"Organization","@id":"https:\/\/memurunsesi.net\/#organization","name":"Memurun Sesi","url":"https:\/\/memurunsesi.net\/","logo":{"@type":"ImageObject","inLanguage":"tr","@id":"https:\/\/memurunsesi.net\/#\/schema\/logo\/image\/","url":"https:\/\/memurunsesi.net\/wp-content\/uploads\/2025\/11\/cropped-MEMURUN-SESI.png","contentUrl":"https:\/\/memurunsesi.net\/wp-content\/uploads\/2025\/11\/cropped-MEMURUN-SESI.png","width":238,"height":57,"caption":"Memurun Sesi"},"image":{"@id":"https:\/\/memurunsesi.net\/#\/schema\/logo\/image\/"},"sameAs":["https:\/\/www.facebook.com\/unipersen\/?locale=tr_TR","https:\/\/x.com\/unipersen"]},{"@type":"Person","@id":"https:\/\/memurunsesi.net\/#\/schema\/person\/f21c2d73b89f6ee1d80b0a1803e38587","name":"Memurun Sesi Haber Merkezi","image":{"@type":"ImageObject","inLanguage":"tr","@id":"https:\/\/secure.gravatar.com\/avatar\/6cf0505f452ee753f485014986fab09a434671d2b919ee76fc541025c5876a70?s=96&d=mm&r=g","url":"https:\/\/secure.gravatar.com\/avatar\/6cf0505f452ee753f485014986fab09a434671d2b919ee76fc541025c5876a70?s=96&d=mm&r=g","contentUrl":"https:\/\/secure.gravatar.com\/avatar\/6cf0505f452ee753f485014986fab09a434671d2b919ee76fc541025c5876a70?s=96&d=mm&r=g","caption":"Memurun Sesi Haber Merkezi"},"sameAs":["https:\/\/memurunsesi.net"],"url":"https:\/\/memurunsesi.net\/index.php\/author\/uniper\/"}]}},"_links":{"self":[{"href":"https:\/\/memurunsesi.net\/index.php\/wp-json\/wp\/v2\/posts\/6546","targetHints":{"allow":["GET"]}}],"collection":[{"href":"https:\/\/memurunsesi.net\/index.php\/wp-json\/wp\/v2\/posts"}],"about":[{"href":"https:\/\/memurunsesi.net\/index.php\/wp-json\/wp\/v2\/types\/post"}],"author":[{"embeddable":true,"href":"https:\/\/memurunsesi.net\/index.php\/wp-json\/wp\/v2\/users\/1"}],"replies":[{"embeddable":true,"href":"https:\/\/memurunsesi.net\/index.php\/wp-json\/wp\/v2\/comments?post=6546"}],"version-history":[{"count":2,"href":"https:\/\/memurunsesi.net\/index.php\/wp-json\/wp\/v2\/posts\/6546\/revisions"}],"predecessor-version":[{"id":6550,"href":"https:\/\/memurunsesi.net\/index.php\/wp-json\/wp\/v2\/posts\/6546\/revisions\/6550"}],"wp:featuredmedia":[{"embeddable":true,"href":"https:\/\/memurunsesi.net\/index.php\/wp-json\/wp\/v2\/media\/6547"}],"wp:attachment":[{"href":"https:\/\/memurunsesi.net\/index.php\/wp-json\/wp\/v2\/media?parent=6546"}],"wp:term":[{"taxonomy":"category","embeddable":true,"href":"https:\/\/memurunsesi.net\/index.php\/wp-json\/wp\/v2\/categories?post=6546"},{"taxonomy":"post_tag","embeddable":true,"href":"https:\/\/memurunsesi.net\/index.php\/wp-json\/wp\/v2\/tags?post=6546"}],"curies":[{"name":"wp","href":"https:\/\/api.w.org\/{rel}","templated":true}]}}